{"id":33533,"date":"2025-12-09T10:00:00","date_gmt":"2025-12-09T13:00:00","guid":{"rendered":"https:\/\/agenciainfra.com\/blog\/?p=33533"},"modified":"2025-12-09T14:59:24","modified_gmt":"2025-12-09T17:59:24","slug":"governo-tera-de-decidir-sobre-veto-a-armadores-no-leilao-do-tecon-10","status":"publish","type":"post","link":"https:\/\/agenciainfra.com\/blog\/governo-tera-de-decidir-sobre-veto-a-armadores-no-leilao-do-tecon-10\/","title":{"rendered":"Governo ter\u00e1 de decidir sobre veto a armadores no leil\u00e3o do Tecon 10"},"content":{"rendered":"\n<p class=\"has-text-align-right\"><strong>Amanda Pupo e Mar\u00edlia Sena, da Ag\u00eancia iNFRA<\/strong><\/p>\n\n\n\n<p>A decis\u00e3o tomada pelo TCU (Tribunal de Contas da Uni\u00e3o) nesta segunda-feira (8) sobre o projeto do Tecon Santos 10 deu mais fatores e vari\u00e1veis para o governo federal definir sobre como ser\u00e1 o modelo de leil\u00e3o do megaterminal projetado para o Porto de Santos (SP).<br><br>Na disputa entre um modelo aberto a todos ou restrito a alguns tipos de concorrentes, venceu em plen\u00e1rio a tese que restringe a participa\u00e7\u00e3o de incumbentes (quem j\u00e1 opera no porto), como foi proposto pela ANTAQ (Ag\u00eancia Nacional de Transportes Aquavi\u00e1rios) com a anu\u00eancia do MPor (Minist\u00e9rio de Portos e Aeroportos). O modelo foi considerado legal.<br><br>Mas a proposta vencedora, apresentada pelo ministro Bruno Dantas, recomenda \u00e0 ANTAQ uma mudan\u00e7a nessa restri\u00e7\u00e3o, para que ela\u00a0seja a armadores e n\u00e3o a incumbentes. E ainda, que esta restri\u00e7\u00e3o \u00e0 participa\u00e7\u00e3o de armadores seja imposta n\u00e3o somente \u00e0 etapa da licita\u00e7\u00e3o mas a todo o per\u00edodo de execu\u00e7\u00e3o do contrato, que pode chegar a 70 anos.<br><br>Uma recomenda\u00e7\u00e3o do TCU\u00a0pode ser cumprida ou n\u00e3o pelo \u00f3rg\u00e3o p\u00fablico. Caso n\u00e3o seja cumprida, \u00e9 necess\u00e1rio que seja apresentada uma justificativa ao tribunal. O MPor vinha reiterando que cumpriria a decis\u00e3o que fosse adotada pelos ministros.\u00a0<br><br>Al\u00e9m de definir o modelo concorrencial, os t\u00e9cnicos ter\u00e3o de se debru\u00e7ar sobre os ajustes de modelagem determinados pela corte de contas (veja na mat\u00e9ria abaixo) num calend\u00e1rio apertado, j\u00e1 que h\u00e1 planos para que o edital seja divulgado em janeiro e o leil\u00e3o ocorra na segunda quinzena de mar\u00e7o, prazos reconhecidamente desafiadores dentro do governo.\u00a0<br><br>Al\u00e9m de defini\u00e7\u00f5es jur\u00eddicas tamb\u00e9m ser\u00e3o necess\u00e1rias avalia\u00e7\u00f5es econ\u00f4micas. Uma delas sobre o valor m\u00ednimo de outorga que, nos modelos da ag\u00eancia, a disputa sai com valor simb\u00f3lico de R$ 1, mas que para o caso espec\u00edfico deve ser reavaliado para evitar o risco de uma outorga baixa em caso de n\u00e3o haver concorr\u00eancia.\u00a0<br><br>Pelo rito esperado, ap\u00f3s o ac\u00f3rd\u00e3o do TCU (leia\u00a0<a href=\"https:\/\/agenciainfra.com\/blog\/wp-content\/uploads\/2025\/12\/009.367-2022-5-BD-Tecon10_Porto-de-Santos.pdf\" target=\"_blank\" rel=\"noreferrer noopener\">aqui<\/a>), o MPor vai receber e encaminhar as diretrizes para a Infra S.A fazer os ajustes na modelagem. Em seguida, o processo \u00e9 direcionado para a ANTAQ arrematar os estudos. Depois, a pasta precisa referendar e liberar o leil\u00e3o, cujas companhias internacionais reiteraram, ap\u00f3s a an\u00e1lise\u00a0do tribunal, a decis\u00e3o de disputar.\u00a0<br><br>No entanto, os interesses de grupos antag\u00f4nicos nesse tema, inclusive dento do governo, devem fazer com que a decis\u00e3o sobre como ser\u00e1 feito o leil\u00e3o passe pelo presidente Luiz In\u00e1cio Lula da Silva.\u00a0<br><br>A publica\u00e7\u00e3o das regras, por sua vez, pode n\u00e3o ser a garantia de que o certame vai ocorrer. As companhias interessadas no maior leil\u00e3o portu\u00e1rio do Brasil e que, pelo modelo recomendado pelo TCU ou sugerido pelo MPor e ANTAQ, estar\u00e3o proibidas de participar, j\u00e1 avisaram que v\u00e3o recorrer ao Judici\u00e1rio para tentar\u00a0reverter o veto.<br><br><strong>Verticaliza\u00e7\u00e3o no foco<\/strong><br>A decis\u00e3o da corte de contas de chancelar o leil\u00e3o em duas etapas e recomendar a restri\u00e7\u00e3o a empresas donas de navios foi tomada por seis votos a tr\u00eas no plen\u00e1rio. A corrente minorit\u00e1ria, liderada pelo relator, Antonio Anastasia, acompanhou a \u00e1rea t\u00e9cnica\u00a0e o Minist\u00e9rio P\u00fablico que atua no \u00f3rg\u00e3o no sentido de determinar que o governo fizesse o leil\u00e3o em \u00fanica etapa. Se uma incumbente (empresa que j\u00e1 opera no porto) ganhasse, ficaria obrigada a desinvestir.\u00a0<br><br>A tese vencedora foi apresentada na sess\u00e3o do \u00faltimo dia 18 pelo ministro Bruno Dantas, revisor do processo. Em seu voto, ele disse referendar a decis\u00e3o da ANTAQ de fasear o leil\u00e3o \u2013 a avaliando como fundamentada e v\u00e1lida \u2013, e recomendou que o veto na primeira fase do certame fosse direcionado a donos de navio (armadores), independente de terem ou n\u00e3o atividade em Santos, e n\u00e3o diretamente aos incumbentes.<br><br>Na sess\u00e3o de ontem, Dantas refor\u00e7ou que a sugest\u00e3o foi avaliada considerando riscos concorrenciais da verticaliza\u00e7\u00e3o (quando o armador \u00e9 dono do terminal) no setor portu\u00e1rio, que ele refor\u00e7ou que geraria fechamento de mercado a outras companhias de navega\u00e7\u00e3o interessadas em operar no mercado brasileiro.\u00a0<br><br>Ap\u00f3s o julgamento ter sido suspenso por pedido de vista do ministro Augusto Nardes h\u00e1 tr\u00eas semanas, foi do ministro Benjamin Zymler o primeiro voto a ser lido e a acompanhar a tese do relator nesta segunda. Al\u00e9m de considerar que a regra do desinvestimento seria suficiente para afastar a concentra\u00e7\u00e3o horizontal \u2013 preocupa\u00e7\u00e3o que guiou o modelo de leil\u00e3o faseado da ANTAQ \u2013, o entendimento de Zymler foi de que h\u00e1 uma \u201ctend\u00eancia mundial inexor\u00e1vel\u201d de verticaliza\u00e7\u00e3o no setor portu\u00e1rio, e que n\u00e3o haveria, portanto, raz\u00f5es de armadores serem vetados da disputa.\u00a0<br><br>\u201c[\u2026] No mundo h\u00e1 conclus\u00f5es sucessivas de que a verticaliza\u00e7\u00e3o n\u00e3o aponta de forma simples, direta, como uma dedu\u00e7\u00e3o l\u00f3gica, como um corol\u00e1rio, uma pr\u00e1tica anticoncorrencial e a causa primeira dos problemas que temos tido nos portos brasileiros\u201d, afirmou o ministro. J\u00e1 sobre o veto a incumbentes no modelo proposto pela ANTAQ, Zymler afirmou que o rem\u00e9dio do desinvestimento seria uma solu\u00e7\u00e3o \u201crobusta\u201d para manter o ambiente concorrencial menos concentrado e permitir uma competi\u00e7\u00e3o aberta pelo ativo.\u00a0<br><br>Na sess\u00e3o, Anastasia tamb\u00e9m voltou a fazer considera\u00e7\u00f5es sobre seu voto e a posi\u00e7\u00e3o do ministro revisor. Enquanto Dantas e os demais ministros que o acompanharam entenderam que a posi\u00e7\u00e3o majorit\u00e1ria se trataria de um referendo \u00e0 decis\u00e3o da ag\u00eancia reguladora, o relator questionou a se a vertente n\u00e3o estaria \u201csubstituindo plenamente a vontade da autarquia\u201d, uma vez que os estudos da ANTAQ apontavam n\u00e3o haver elementos que justificassem a exclus\u00e3o de armadores do\u00a0certame, disse ele.<br><br>\u201cMe parece que nesse caso n\u00f3s estar\u00edamos de modo claro ingressando plenamente no m\u00e9rito da ades\u00e3o da autarquia porque n\u00f3s estamos acrescendo na proibi\u00e7\u00e3o da autarquia algo que ela nem cogitou\u201d, disse Anastasia.\u00a0<br><br>Dantas, por sua vez, refor\u00e7ou que o veto a armadores se trataria apenas de uma recomenda\u00e7\u00e3o da corte para ser avaliada pelo governo, e n\u00e3o uma determina\u00e7\u00e3o. \u201cO que n\u00f3s estamos a decidir \u00e9 se a decis\u00e3o leg\u00edtima, dentro de sua esfera de compet\u00eancia tomada pela ag\u00eancia reguladora, \u00e9 ou n\u00e3o ilegal&#8221;, afirmou.<br><br>Ele tamb\u00e9m argumentou que a sugest\u00e3o sobre os armadores foi pensada para evitar que um porto estrat\u00e9gico fosse \u201c100% verticalizado\u201d. &#8220;De fato, a verticaliza\u00e7\u00e3o \u00e9 um fen\u00f4meno global. O que n\u00e3o \u00e9 um fen\u00f4meno global \u00e9 permitir que um porto estrat\u00e9gico de um pa\u00eds seja 100% verticalizado\u201d, afirmou. Dantas foi acompanhado pelos ministros Walton Alencar, Augusto Nardes, Jhonatan de Jesus, Aroldo Cedraz e Vital do R\u00eago.\u00a0<br><br>Para eles, a verticaliza\u00e7\u00e3o no Tecon Santos 10 poderia resultar num fechamento de mercado dentro do porto de Santos. \u201cSe n\u00f3s n\u00e3o tivermos um \u00fanico porto, um \u00fanico terminal bandeira branca capaz de receber todos os armadores [&#8230;] n\u00f3s fecharemos o porto em torno dessas tr\u00eas grandes operadoras portu\u00e1rias que s\u00e3o tamb\u00e9m armadoras\u201d, disse Rodrigues.\u00a0<br><br>J\u00e1 o voto de Anastasia foi acompanhado por Zymler e por Jorge Oliveira \u2013 que na sess\u00e3o do \u00faltimo dia 18 indicou que acompanharia Dantas, mas ontem acabou seguindo o relator ap\u00f3s os debates no plen\u00e1rio. Os tr\u00eas n\u00e3o foram convencidos de que haveria risco vertical ou horizontal capaz de justificar um leil\u00e3o com vetos.\u00a0<br><br><strong>Concorrentes<\/strong><br>Seguindo a recomenda\u00e7\u00e3o da corte, terminais verticalizados cujos s\u00f3cios s\u00e3o grandes armadores \u2013 como Maersk e MSC, que t\u00eam participa\u00e7\u00e3o no terminal BTP no Porto de Santos \u2013, ser\u00e3o barradas do certame. O modelo tamb\u00e9m vetaria a gigante chinesa Cosco, que demonstrou interesse na disputa.<br><br>Quem poder\u00e1 participar, nesse modelo, s\u00e3o os grupos chamados bandeira branca. Como mostrou a\u00a0<strong>Ag\u00eancia iNFRA<\/strong>, dois deles t\u00eam sido os que at\u00e9 o momento mais vocalizaram a vontade de disputar, a filipina ICTSI, que opera terminais portu\u00e1rios no Rio de Janeiro e em Pernambuco, e a JBS Terminais, do grupo J&amp;F, que opera o porto de Itaja\u00ed (SC).<br><br>No modelo proposto, h\u00e1 d\u00favidas no mercado sobre se seria poss\u00edvel a participa\u00e7\u00e3o da DP World, empresa dos Emirados \u00c1rabes, que \u00e9 uma incumbente por operar no porto santista um terminal privado. Ela n\u00e3o \u00e9 armador de cont\u00eainer, apesar de ter associa\u00e7\u00f5es com armadores em outros portos do mundo, al\u00e9m de ter em sua estrutura opera\u00e7\u00f5es com navios.<br><br><strong>Diretrizes concorrenciais<\/strong><br>Ao recomendar o veto a armadores na primeira fase do leil\u00e3o, o ac\u00f3rd\u00e3o do TCU elencou uma s\u00e9rie de especifica\u00e7\u00f5es que, na pr\u00e1tica, sugerem \u00e0 ANTAQ tomar medidas para impedir que donos de navios controlem em qualquer etapa do contrato do Tecon 10, inclusive durante a execu\u00e7\u00e3o.\u00a0<br><br>Para isso, recomendou que o governo insira no edital e no contrato do arrendamento cl\u00e1usulas que assegurem a neutralidade concorrencial do novo terminal e que vedem a participa\u00e7\u00e3o de armadores, direta ou indiretamente, \u201cinclusive por meio de estruturas que camuflem controle ou influ\u00eancia relevante\u201d. A veda\u00e7\u00e3o se estenderia a empresas vinculadas dos armadores. H\u00e1 ainda sugest\u00f5es de outros aspectos, como de transpar\u00eancia societ\u00e1ria, monitoramento e enforcement.\u00a0<br><br>Ainda no ponto concorrencial, o ac\u00f3rd\u00e3o determina ao MPor e \u00e0 ANTAQ que se um incumbente vencer o leil\u00e3o, a empresa venda seu ativo atual. \u201cOs riscos de que a opera\u00e7\u00e3o de desinvestimento, por qualquer motivo, n\u00e3o se complete no prazo estipulado recair\u00e3o sobre a licitante interessada\u201d, apontou.\u00a0<br><br><strong>Repercuss\u00e3o<\/strong><br>J\u00e1 aventado como poss\u00edvel desdobramento ap\u00f3s o julgamento pela Corte \u2013 fosse o entendimento para um ou outro lado, como disse um dos ministros, Benjamin Zymler, durante a vota\u00e7\u00e3o \u2013 a judicializa\u00e7\u00e3o do leil\u00e3o do Tecon Santos 10 foi dada como certa ontem por atores afetados pela restri\u00e7\u00e3o.\u00a0<br><br>Ontem mesmo, a TiL (Terminal Investment Limited), operadora portu\u00e1ria da armadora MSC, decidiu que vai entrar na Justi\u00e7a para que possa participar do certame. O diretor de Investimentos da TiL, Patricio Junior, disse que a avalia\u00e7\u00e3o feita pela empresa com sede em Genebra \u00e9 de que a vota\u00e7\u00e3o realizada nesta segunda, a partir dos votos divergentes, deu mais subs\u00eddio para a contesta\u00e7\u00e3o judicial.<br><br>J\u00e1 a ICTSI, liberada a participar, afirmou que o tribunal &#8220;tomou a decis\u00e3o que melhor recepciona o interesse p\u00fablico&#8221; e confirmou em nota seu interesse em participar do leil\u00e3o. \u201cTrata-se de modelagem tradicional e bem conhecida do setor de infraestrutura, a qual fomenta a efetiva possibilidade de entrada de um novo player no Porto de Santos, com bilh\u00f5es de investimentos privados, mais concorr\u00eancia e efici\u00eancia aos clientes finais, a todos os armadores em geral e, consequentemente, \u00e0 economia nacional&#8221;, disse a companhia filipina em nota.\u00a0<br><br>A ANTAQ (Ag\u00eancia Nacional de Transportes Aquavi\u00e1rios), por sua vez, afirmou ter recebido a decis\u00e3o do TCU com \u201cserenidade\u201d e reafirmou que as a\u00e7\u00f5es da autarquia sempre se pautam &#8220;pelo rigor t\u00e9cnico e pela defesa do interesse p\u00fablico, em alinhamento com os posicionamentos j\u00e1 manifestados pelo MPor e pelo Cade e, agora, pela Corte de Contas\u201d, disse em resposta \u00e0\u00a0<strong>Ag\u00eancia iNFRA<\/strong>. &#8220;Fica claro que as preocupa\u00e7\u00f5es da ag\u00eancia eram pertinentes e que havia a necessidade de preservar a concorr\u00eancia na presta\u00e7\u00e3o dos servi\u00e7os no processo do Tecon Santos 10\u201d.\u00a0<br><br>Entre as associa\u00e7\u00f5es do setor, a ATP (Associa\u00e7\u00e3o de Terminais Portu\u00e1rios Privados) vinha se posicionando a favor de um leil\u00e3o aberto. Procurada ap\u00f3s o julgamento, disse reafirmar a posi\u00e7\u00e3o pela livre concorr\u00eancia. J\u00e1 a ABTP (Associa\u00e7\u00e3o Brasileira dos Terminais Portu\u00e1rios) entende que a posi\u00e7\u00e3o vencedora no TCU preserva a seguran\u00e7a jur\u00eddica do processo.\u00a0<br><br>\u201cUm dos aspectos da seguran\u00e7a jur\u00eddica \u00e9 reconhecer a segrega\u00e7\u00e3o de poderes no setor portu\u00e1rio. Quem decide s\u00e3o o MPor e a ANTAQ, porque s\u00e3o eles os respons\u00e1veis pela fiscaliza\u00e7\u00e3o e regula\u00e7\u00e3o. O que foi muito relevante na decis\u00e3o do TCU \u00e9 que ele entendeu que a compet\u00eancia sobre o modelo seria do MPor e da ANTAQ. Isso \u00e9 um sinal muito positivo em rela\u00e7\u00e3o \u00e0 seguran\u00e7a jur\u00eddica, pois deixa claro qual \u00f3rg\u00e3o \u00e9 respons\u00e1vel pela decis\u00e3o\u201d, afirmou Jesualdo Silva, presidente da associa\u00e7\u00e3o.<\/p>\n","protected":false},"excerpt":{"rendered":"<p>Amanda Pupo e Mar\u00edlia Sena, da Ag\u00eancia iNFRA A decis\u00e3o tomada pelo TCU (Tribunal de Contas da Uni\u00e3o) nesta segunda-feira (8) sobre o projeto do Tecon Santos 10 deu mais fatores e vari\u00e1veis para o governo federal definir sobre como ser\u00e1 o modelo de leil\u00e3o do megaterminal projetado para o Porto de Santos (SP). Na [&hellip;]<\/p>\n","protected":false},"author":1,"featured_media":6228,"comment_status":"closed","ping_status":"closed","sticky":false,"template":"","format":"standard","meta":{"_monsterinsights_skip_tracking":false,"_monsterinsights_sitenote_active":false,"_monsterinsights_sitenote_note":"","_monsterinsights_sitenote_category":0,"footnotes":""},"categories":[7250,7],"tags":[13354,86,2716,396,2722,254,16878,5402,4754,11654,6919,260,625,4101,18,15768,12352,12474,1634,5455],"class_list":["post-33533","post","type-post","status-publish","format-standard","has-post-thumbnail","hentry","category-destaque-lista","category-infratransporte","tag-amanda-pupo","tag-antaq","tag-armadores","tag-bruno-dantas","tag-governo-federal","tag-leilao","tag-leilao-antaq","tag-leilao-do-sts10","tag-leilao-portuario","tag-marilia-sena","tag-mpor","tag-porto-de-santos","tag-santos","tag-sts10","tag-tcu","tag-tecon","tag-tecon-10","tag-tecon-santos-10","tag-terminal-de-conteineres","tag-terminal-portuario-2"],"yoast_head":"<!-- This site is optimized with the Yoast SEO Premium plugin v25.4 (Yoast SEO v26.0) - https:\/\/yoast.com\/wordpress\/plugins\/seo\/ -->\n<title>Governo ter\u00e1 de decidir sobre veto a armadores no leil\u00e3o do Tecon 10 - Ag\u00eancia iNFRA<\/title>\n<meta name=\"robots\" content=\"index, follow, max-snippet:-1, max-image-preview:large, max-video-preview:-1\" \/>\n<link rel=\"canonical\" href=\"https:\/\/agenciainfra.com\/blog\/governo-tera-de-decidir-sobre-veto-a-armadores-no-leilao-do-tecon-10\/\" \/>\n<meta property=\"og:locale\" content=\"pt_BR\" \/>\n<meta property=\"og:type\" content=\"article\" \/>\n<meta property=\"og:title\" content=\"Governo ter\u00e1 de decidir sobre veto a armadores no leil\u00e3o do Tecon 10\" \/>\n<meta property=\"og:description\" content=\"Amanda Pupo e Mar\u00edlia Sena, da Ag\u00eancia iNFRA A decis\u00e3o tomada pelo TCU (Tribunal de Contas da Uni\u00e3o) nesta segunda-feira (8) sobre o projeto do Tecon Santos 10 deu mais fatores e vari\u00e1veis para o governo federal definir sobre como ser\u00e1 o modelo de leil\u00e3o do megaterminal projetado para o Porto de Santos (SP). Na [&hellip;]\" \/>\n<meta property=\"og:url\" content=\"https:\/\/agenciainfra.com\/blog\/governo-tera-de-decidir-sobre-veto-a-armadores-no-leilao-do-tecon-10\/\" \/>\n<meta property=\"og:site_name\" content=\"Ag\u00eancia iNFRA\" \/>\n<meta property=\"article:publisher\" content=\"https:\/\/www.facebook.com\/ageninfra\" \/>\n<meta property=\"article:published_time\" content=\"2025-12-09T13:00:00+00:00\" \/>\n<meta property=\"article:modified_time\" content=\"2025-12-09T17:59:24+00:00\" \/>\n<meta property=\"og:image\" content=\"https:\/\/agenciainfra.com\/blog\/wp-content\/uploads\/2020\/10\/porta-conteiner-foto-dominio-publico.jpg\" \/>\n\t<meta property=\"og:image:width\" content=\"1280\" \/>\n\t<meta property=\"og:image:height\" content=\"853\" \/>\n\t<meta property=\"og:image:type\" content=\"image\/jpeg\" \/>\n<meta name=\"author\" content=\"Ag\u00eancia iNFRA\" \/>\n<meta name=\"twitter:card\" content=\"summary_large_image\" \/>\n<meta name=\"twitter:creator\" content=\"@agencia_infra\" \/>\n<meta name=\"twitter:site\" content=\"@agencia_infra\" \/>\n<meta name=\"twitter:label1\" content=\"Escrito por\" \/>\n\t<meta name=\"twitter:data1\" content=\"Ag\u00eancia iNFRA\" \/>\n\t<meta name=\"twitter:label2\" content=\"Est. tempo de leitura\" \/>\n\t<meta name=\"twitter:data2\" content=\"11 minutos\" \/>\n<script type=\"application\/ld+json\" class=\"yoast-schema-graph\">{\"@context\":\"https:\/\/schema.org\",\"@graph\":[{\"@type\":\"Article\",\"@id\":\"https:\/\/agenciainfra.com\/blog\/governo-tera-de-decidir-sobre-veto-a-armadores-no-leilao-do-tecon-10\/#article\",\"isPartOf\":{\"@id\":\"https:\/\/agenciainfra.com\/blog\/governo-tera-de-decidir-sobre-veto-a-armadores-no-leilao-do-tecon-10\/\"},\"author\":{\"name\":\"Ag\u00eancia iNFRA\",\"@id\":\"https:\/\/agenciainfra.com\/blog\/#\/schema\/person\/34af08dff6adea4cb22b06612ba7acfa\"},\"headline\":\"Governo ter\u00e1 de decidir sobre veto a armadores no leil\u00e3o do Tecon 10\",\"datePublished\":\"2025-12-09T13:00:00+00:00\",\"dateModified\":\"2025-12-09T17:59:24+00:00\",\"mainEntityOfPage\":{\"@id\":\"https:\/\/agenciainfra.com\/blog\/governo-tera-de-decidir-sobre-veto-a-armadores-no-leilao-do-tecon-10\/\"},\"wordCount\":2155,\"publisher\":{\"@id\":\"https:\/\/agenciainfra.com\/blog\/#organization\"},\"image\":{\"@id\":\"https:\/\/agenciainfra.com\/blog\/governo-tera-de-decidir-sobre-veto-a-armadores-no-leilao-do-tecon-10\/#primaryimage\"},\"thumbnailUrl\":\"https:\/\/agenciainfra.com\/blog\/wp-content\/uploads\/2020\/10\/porta-conteiner-foto-dominio-publico-e1771601504114.jpg\",\"keywords\":[\"Amanda Pupo\",\"ANTAQ\",\"armadores\",\"Bruno Dantas\",\"governo federal\",\"leil\u00e3o\",\"leil\u00e3o antaq\",\"leil\u00e3o do STS10\",\"leil\u00e3o portu\u00e1rio\",\"Mar\u00edlia Sena\",\"MPor\",\"Porto de Santos\",\"Santos\",\"STS10\",\"TCU\",\"tecon\",\"Tecon 10\",\"Tecon Santos 10\",\"terminal de cont\u00eaineres\",\"terminal portu\u00e1rio\"],\"articleSection\":[\"Destaque lista\",\"iNFRATransporte\"],\"inLanguage\":\"pt-BR\",\"copyrightYear\":\"2025\",\"copyrightHolder\":{\"@id\":\"https:\/\/agenciainfra.com\/blog\/#organization\"}},{\"@type\":\"WebPage\",\"@id\":\"https:\/\/agenciainfra.com\/blog\/governo-tera-de-decidir-sobre-veto-a-armadores-no-leilao-do-tecon-10\/\",\"url\":\"https:\/\/agenciainfra.com\/blog\/governo-tera-de-decidir-sobre-veto-a-armadores-no-leilao-do-tecon-10\/\",\"name\":\"Governo ter\u00e1 de decidir sobre veto a armadores no leil\u00e3o do Tecon 10 - Ag\u00eancia iNFRA\",\"isPartOf\":{\"@id\":\"https:\/\/agenciainfra.com\/blog\/#website\"},\"primaryImageOfPage\":{\"@id\":\"https:\/\/agenciainfra.com\/blog\/governo-tera-de-decidir-sobre-veto-a-armadores-no-leilao-do-tecon-10\/#primaryimage\"},\"image\":{\"@id\":\"https:\/\/agenciainfra.com\/blog\/governo-tera-de-decidir-sobre-veto-a-armadores-no-leilao-do-tecon-10\/#primaryimage\"},\"thumbnailUrl\":\"https:\/\/agenciainfra.com\/blog\/wp-content\/uploads\/2020\/10\/porta-conteiner-foto-dominio-publico-e1771601504114.jpg\",\"datePublished\":\"2025-12-09T13:00:00+00:00\",\"dateModified\":\"2025-12-09T17:59:24+00:00\",\"breadcrumb\":{\"@id\":\"https:\/\/agenciainfra.com\/blog\/governo-tera-de-decidir-sobre-veto-a-armadores-no-leilao-do-tecon-10\/#breadcrumb\"},\"inLanguage\":\"pt-BR\",\"potentialAction\":[{\"@type\":\"ReadAction\",\"target\":[\"https:\/\/agenciainfra.com\/blog\/governo-tera-de-decidir-sobre-veto-a-armadores-no-leilao-do-tecon-10\/\"]}]},{\"@type\":\"ImageObject\",\"inLanguage\":\"pt-BR\",\"@id\":\"https:\/\/agenciainfra.com\/blog\/governo-tera-de-decidir-sobre-veto-a-armadores-no-leilao-do-tecon-10\/#primaryimage\",\"url\":\"https:\/\/agenciainfra.com\/blog\/wp-content\/uploads\/2020\/10\/porta-conteiner-foto-dominio-publico-e1771601504114.jpg\",\"contentUrl\":\"https:\/\/agenciainfra.com\/blog\/wp-content\/uploads\/2020\/10\/porta-conteiner-foto-dominio-publico-e1771601504114.jpg\",\"width\":1280,\"height\":750,\"caption\":\"Foto: Dom\u00ednio P\u00fablico\"},{\"@type\":\"BreadcrumbList\",\"@id\":\"https:\/\/agenciainfra.com\/blog\/governo-tera-de-decidir-sobre-veto-a-armadores-no-leilao-do-tecon-10\/#breadcrumb\",\"itemListElement\":[{\"@type\":\"ListItem\",\"position\":1,\"name\":\"In\u00edcio\",\"item\":\"https:\/\/agenciainfra.com\/blog\/\"},{\"@type\":\"ListItem\",\"position\":2,\"name\":\"Governo ter\u00e1 de decidir sobre veto a armadores no leil\u00e3o do Tecon 10\"}]},{\"@type\":\"WebSite\",\"@id\":\"https:\/\/agenciainfra.com\/blog\/#website\",\"url\":\"https:\/\/agenciainfra.com\/blog\/\",\"name\":\"Ag\u00eancia iNFRA\",\"description\":\"Multiplataforma de informa\u00e7\u00e3o jornal\u00edstica refer\u00eancia na \u00e1rea de infraestrutura no Brasil!\",\"publisher\":{\"@id\":\"https:\/\/agenciainfra.com\/blog\/#organization\"},\"potentialAction\":[{\"@type\":\"SearchAction\",\"target\":{\"@type\":\"EntryPoint\",\"urlTemplate\":\"https:\/\/agenciainfra.com\/blog\/?s={search_term_string}\"},\"query-input\":{\"@type\":\"PropertyValueSpecification\",\"valueRequired\":true,\"valueName\":\"search_term_string\"}}],\"inLanguage\":\"pt-BR\"},{\"@type\":\"Organization\",\"@id\":\"https:\/\/agenciainfra.com\/blog\/#organization\",\"name\":\"Ag\u00eancia iNFRA\",\"url\":\"https:\/\/agenciainfra.com\/blog\/\",\"logo\":{\"@type\":\"ImageObject\",\"inLanguage\":\"pt-BR\",\"@id\":\"https:\/\/agenciainfra.com\/blog\/#\/schema\/logo\/image\/\",\"url\":\"https:\/\/agenciainfra.com\/blog\/wp-content\/uploads\/2023\/09\/iNFRA_5-e1761735885940.png\",\"contentUrl\":\"https:\/\/agenciainfra.com\/blog\/wp-content\/uploads\/2023\/09\/iNFRA_5-e1761735885940.png\",\"width\":1672,\"height\":454,\"caption\":\"Ag\u00eancia iNFRA\"},\"image\":{\"@id\":\"https:\/\/agenciainfra.com\/blog\/#\/schema\/logo\/image\/\"},\"sameAs\":[\"https:\/\/www.facebook.com\/ageninfra\",\"https:\/\/x.com\/agencia_infra\",\"https:\/\/www.linkedin.com\/company\/ag\u00eanciainfra\/\",\"https:\/\/www.instagram.com\/agenciainfra\/\"]},{\"@type\":\"Person\",\"@id\":\"https:\/\/agenciainfra.com\/blog\/#\/schema\/person\/34af08dff6adea4cb22b06612ba7acfa\",\"name\":\"Ag\u00eancia iNFRA\",\"image\":{\"@type\":\"ImageObject\",\"inLanguage\":\"pt-BR\",\"@id\":\"https:\/\/agenciainfra.com\/blog\/#\/schema\/person\/image\/\",\"url\":\"https:\/\/secure.gravatar.com\/avatar\/d189e01678f06d8eb84d4e01f08eb848b3fffe3f8443818d3c356c66892f5be8?s=96&d=mm&r=g\",\"contentUrl\":\"https:\/\/secure.gravatar.com\/avatar\/d189e01678f06d8eb84d4e01f08eb848b3fffe3f8443818d3c356c66892f5be8?s=96&d=mm&r=g\",\"caption\":\"Ag\u00eancia iNFRA\"},\"url\":\"https:\/\/agenciainfra.com\/blog\/author\/admin\/\"}]}<\/script>\n<!-- \/ Yoast SEO Premium plugin. -->","yoast_head_json":{"title":"Governo ter\u00e1 de decidir sobre veto a armadores no leil\u00e3o do Tecon 10 - Ag\u00eancia iNFRA","robots":{"index":"index","follow":"follow","max-snippet":"max-snippet:-1","max-image-preview":"max-image-preview:large","max-video-preview":"max-video-preview:-1"},"canonical":"https:\/\/agenciainfra.com\/blog\/governo-tera-de-decidir-sobre-veto-a-armadores-no-leilao-do-tecon-10\/","og_locale":"pt_BR","og_type":"article","og_title":"Governo ter\u00e1 de decidir sobre veto a armadores no leil\u00e3o do Tecon 10","og_description":"Amanda Pupo e Mar\u00edlia Sena, da Ag\u00eancia iNFRA A decis\u00e3o tomada pelo TCU (Tribunal de Contas da Uni\u00e3o) nesta segunda-feira (8) sobre o projeto do Tecon Santos 10 deu mais fatores e vari\u00e1veis para o governo federal definir sobre como ser\u00e1 o modelo de leil\u00e3o do megaterminal projetado para o Porto de Santos (SP). Na [&hellip;]","og_url":"https:\/\/agenciainfra.com\/blog\/governo-tera-de-decidir-sobre-veto-a-armadores-no-leilao-do-tecon-10\/","og_site_name":"Ag\u00eancia iNFRA","article_publisher":"https:\/\/www.facebook.com\/ageninfra","article_published_time":"2025-12-09T13:00:00+00:00","article_modified_time":"2025-12-09T17:59:24+00:00","og_image":[{"width":1280,"height":853,"url":"https:\/\/agenciainfra.com\/blog\/wp-content\/uploads\/2020\/10\/porta-conteiner-foto-dominio-publico.jpg","type":"image\/jpeg"}],"author":"Ag\u00eancia iNFRA","twitter_card":"summary_large_image","twitter_creator":"@agencia_infra","twitter_site":"@agencia_infra","twitter_misc":{"Escrito por":"Ag\u00eancia iNFRA","Est. tempo de leitura":"11 minutos"},"schema":{"@context":"https:\/\/schema.org","@graph":[{"@type":"Article","@id":"https:\/\/agenciainfra.com\/blog\/governo-tera-de-decidir-sobre-veto-a-armadores-no-leilao-do-tecon-10\/#article","isPartOf":{"@id":"https:\/\/agenciainfra.com\/blog\/governo-tera-de-decidir-sobre-veto-a-armadores-no-leilao-do-tecon-10\/"},"author":{"name":"Ag\u00eancia iNFRA","@id":"https:\/\/agenciainfra.com\/blog\/#\/schema\/person\/34af08dff6adea4cb22b06612ba7acfa"},"headline":"Governo ter\u00e1 de decidir sobre veto a armadores no leil\u00e3o do Tecon 10","datePublished":"2025-12-09T13:00:00+00:00","dateModified":"2025-12-09T17:59:24+00:00","mainEntityOfPage":{"@id":"https:\/\/agenciainfra.com\/blog\/governo-tera-de-decidir-sobre-veto-a-armadores-no-leilao-do-tecon-10\/"},"wordCount":2155,"publisher":{"@id":"https:\/\/agenciainfra.com\/blog\/#organization"},"image":{"@id":"https:\/\/agenciainfra.com\/blog\/governo-tera-de-decidir-sobre-veto-a-armadores-no-leilao-do-tecon-10\/#primaryimage"},"thumbnailUrl":"https:\/\/agenciainfra.com\/blog\/wp-content\/uploads\/2020\/10\/porta-conteiner-foto-dominio-publico-e1771601504114.jpg","keywords":["Amanda Pupo","ANTAQ","armadores","Bruno Dantas","governo federal","leil\u00e3o","leil\u00e3o antaq","leil\u00e3o do STS10","leil\u00e3o portu\u00e1rio","Mar\u00edlia Sena","MPor","Porto de Santos","Santos","STS10","TCU","tecon","Tecon 10","Tecon Santos 10","terminal de cont\u00eaineres","terminal portu\u00e1rio"],"articleSection":["Destaque lista","iNFRATransporte"],"inLanguage":"pt-BR","copyrightYear":"2025","copyrightHolder":{"@id":"https:\/\/agenciainfra.com\/blog\/#organization"}},{"@type":"WebPage","@id":"https:\/\/agenciainfra.com\/blog\/governo-tera-de-decidir-sobre-veto-a-armadores-no-leilao-do-tecon-10\/","url":"https:\/\/agenciainfra.com\/blog\/governo-tera-de-decidir-sobre-veto-a-armadores-no-leilao-do-tecon-10\/","name":"Governo ter\u00e1 de decidir sobre veto a armadores no leil\u00e3o do Tecon 10 - Ag\u00eancia iNFRA","isPartOf":{"@id":"https:\/\/agenciainfra.com\/blog\/#website"},"primaryImageOfPage":{"@id":"https:\/\/agenciainfra.com\/blog\/governo-tera-de-decidir-sobre-veto-a-armadores-no-leilao-do-tecon-10\/#primaryimage"},"image":{"@id":"https:\/\/agenciainfra.com\/blog\/governo-tera-de-decidir-sobre-veto-a-armadores-no-leilao-do-tecon-10\/#primaryimage"},"thumbnailUrl":"https:\/\/agenciainfra.com\/blog\/wp-content\/uploads\/2020\/10\/porta-conteiner-foto-dominio-publico-e1771601504114.jpg","datePublished":"2025-12-09T13:00:00+00:00","dateModified":"2025-12-09T17:59:24+00:00","breadcrumb":{"@id":"https:\/\/agenciainfra.com\/blog\/governo-tera-de-decidir-sobre-veto-a-armadores-no-leilao-do-tecon-10\/#breadcrumb"},"inLanguage":"pt-BR","potentialAction":[{"@type":"ReadAction","target":["https:\/\/agenciainfra.com\/blog\/governo-tera-de-decidir-sobre-veto-a-armadores-no-leilao-do-tecon-10\/"]}]},{"@type":"ImageObject","inLanguage":"pt-BR","@id":"https:\/\/agenciainfra.com\/blog\/governo-tera-de-decidir-sobre-veto-a-armadores-no-leilao-do-tecon-10\/#primaryimage","url":"https:\/\/agenciainfra.com\/blog\/wp-content\/uploads\/2020\/10\/porta-conteiner-foto-dominio-publico-e1771601504114.jpg","contentUrl":"https:\/\/agenciainfra.com\/blog\/wp-content\/uploads\/2020\/10\/porta-conteiner-foto-dominio-publico-e1771601504114.jpg","width":1280,"height":750,"caption":"Foto: Dom\u00ednio P\u00fablico"},{"@type":"BreadcrumbList","@id":"https:\/\/agenciainfra.com\/blog\/governo-tera-de-decidir-sobre-veto-a-armadores-no-leilao-do-tecon-10\/#breadcrumb","itemListElement":[{"@type":"ListItem","position":1,"name":"In\u00edcio","item":"https:\/\/agenciainfra.com\/blog\/"},{"@type":"ListItem","position":2,"name":"Governo ter\u00e1 de decidir sobre veto a armadores no leil\u00e3o do Tecon 10"}]},{"@type":"WebSite","@id":"https:\/\/agenciainfra.com\/blog\/#website","url":"https:\/\/agenciainfra.com\/blog\/","name":"Ag\u00eancia iNFRA","description":"Multiplataforma de informa\u00e7\u00e3o jornal\u00edstica refer\u00eancia na \u00e1rea de infraestrutura no Brasil!","publisher":{"@id":"https:\/\/agenciainfra.com\/blog\/#organization"},"potentialAction":[{"@type":"SearchAction","target":{"@type":"EntryPoint","urlTemplate":"https:\/\/agenciainfra.com\/blog\/?s={search_term_string}"},"query-input":{"@type":"PropertyValueSpecification","valueRequired":true,"valueName":"search_term_string"}}],"inLanguage":"pt-BR"},{"@type":"Organization","@id":"https:\/\/agenciainfra.com\/blog\/#organization","name":"Ag\u00eancia iNFRA","url":"https:\/\/agenciainfra.com\/blog\/","logo":{"@type":"ImageObject","inLanguage":"pt-BR","@id":"https:\/\/agenciainfra.com\/blog\/#\/schema\/logo\/image\/","url":"https:\/\/agenciainfra.com\/blog\/wp-content\/uploads\/2023\/09\/iNFRA_5-e1761735885940.png","contentUrl":"https:\/\/agenciainfra.com\/blog\/wp-content\/uploads\/2023\/09\/iNFRA_5-e1761735885940.png","width":1672,"height":454,"caption":"Ag\u00eancia iNFRA"},"image":{"@id":"https:\/\/agenciainfra.com\/blog\/#\/schema\/logo\/image\/"},"sameAs":["https:\/\/www.facebook.com\/ageninfra","https:\/\/x.com\/agencia_infra","https:\/\/www.linkedin.com\/company\/ag\u00eanciainfra\/","https:\/\/www.instagram.com\/agenciainfra\/"]},{"@type":"Person","@id":"https:\/\/agenciainfra.com\/blog\/#\/schema\/person\/34af08dff6adea4cb22b06612ba7acfa","name":"Ag\u00eancia iNFRA","image":{"@type":"ImageObject","inLanguage":"pt-BR","@id":"https:\/\/agenciainfra.com\/blog\/#\/schema\/person\/image\/","url":"https:\/\/secure.gravatar.com\/avatar\/d189e01678f06d8eb84d4e01f08eb848b3fffe3f8443818d3c356c66892f5be8?s=96&d=mm&r=g","contentUrl":"https:\/\/secure.gravatar.com\/avatar\/d189e01678f06d8eb84d4e01f08eb848b3fffe3f8443818d3c356c66892f5be8?s=96&d=mm&r=g","caption":"Ag\u00eancia iNFRA"},"url":"https:\/\/agenciainfra.com\/blog\/author\/admin\/"}]}},"_links":{"self":[{"href":"https:\/\/agenciainfra.com\/blog\/wp-json\/wp\/v2\/posts\/33533","targetHints":{"allow":["GET"]}}],"collection":[{"href":"https:\/\/agenciainfra.com\/blog\/wp-json\/wp\/v2\/posts"}],"about":[{"href":"https:\/\/agenciainfra.com\/blog\/wp-json\/wp\/v2\/types\/post"}],"author":[{"embeddable":true,"href":"https:\/\/agenciainfra.com\/blog\/wp-json\/wp\/v2\/users\/1"}],"replies":[{"embeddable":true,"href":"https:\/\/agenciainfra.com\/blog\/wp-json\/wp\/v2\/comments?post=33533"}],"version-history":[{"count":1,"href":"https:\/\/agenciainfra.com\/blog\/wp-json\/wp\/v2\/posts\/33533\/revisions"}],"predecessor-version":[{"id":33534,"href":"https:\/\/agenciainfra.com\/blog\/wp-json\/wp\/v2\/posts\/33533\/revisions\/33534"}],"wp:featuredmedia":[{"embeddable":true,"href":"https:\/\/agenciainfra.com\/blog\/wp-json\/wp\/v2\/media\/6228"}],"wp:attachment":[{"href":"https:\/\/agenciainfra.com\/blog\/wp-json\/wp\/v2\/media?parent=33533"}],"wp:term":[{"taxonomy":"category","embeddable":true,"href":"https:\/\/agenciainfra.com\/blog\/wp-json\/wp\/v2\/categories?post=33533"},{"taxonomy":"post_tag","embeddable":true,"href":"https:\/\/agenciainfra.com\/blog\/wp-json\/wp\/v2\/tags?post=33533"}],"curies":[{"name":"wp","href":"https:\/\/api.w.org\/{rel}","templated":true}]}}