{"id":3354,"date":"2019-06-25T08:00:54","date_gmt":"2019-06-25T11:00:54","guid":{"rendered":"http:\/\/www.agenciainfra.com\/blog\/?p=3354"},"modified":"2019-06-25T07:40:53","modified_gmt":"2019-06-25T10:40:53","slug":"presidente-da-cme-diz-que-pl-do-risco-hidrologico-nao-sera-votado-nesta-semana","status":"publish","type":"post","link":"https:\/\/agenciainfra.com\/blog\/presidente-da-cme-diz-que-pl-do-risco-hidrologico-nao-sera-votado-nesta-semana\/","title":{"rendered":"Presidente da CME diz que PL do risco hidrol\u00f3gico n\u00e3o ser\u00e1 votado nesta semana"},"content":{"rendered":"<h5 style=\"text-align: right;\"><strong>Lucas Santin,\u00a0da Ag\u00eancia iNFRA<\/strong><\/h5>\n<p>O presidente da CME (Comiss\u00e3o de Minas e Energia), deputado Silas C\u00e2mara (PRB-AM) disse, na segunda-feira (24), que o PL 10.985\/2018 \u2013 que soluciona a d\u00edvida de R$ 7 bilh\u00f5es do risco hidrol\u00f3gico \u2013 n\u00e3o ser\u00e1 votado na reuni\u00e3o deliberativa desta ter\u00e7a-feira (25). &#8220;N\u00e3o ser\u00e1 votado essa semana&#8221;, disse Silas C\u00e2mara por mensagem.<\/p>\n<p>O projeto estava na pauta publicada na \u00faltima quarta-feira (19), mas foi retirado na tarde desta segunda-feira (24). Segundo o presidente da CME, a mat\u00e9ria s\u00f3 ser\u00e1 discutida na semana que vem. Houve pedido de adiamento de discuss\u00e3o por duas sess\u00f5es feito pelos deputados \u00c9dio Lopes (PL-RR) e Coronel Chris\u00f3stomo (PSL-RO) na reuni\u00e3o deliberativa da semana passada.<\/p>\n<p>De acordo com a secretaria da comiss\u00e3o, a vota\u00e7\u00e3o dependia do qu\u00f3rum das sess\u00f5es plen\u00e1rias at\u00e9 a data da sess\u00e3o da CME. Isso ocorre porque o PL est\u00e1 em regime de urg\u00eancia. A secretaria tamb\u00e9m explicou que \u00e9 necess\u00e1rio ter pelo menos 51 deputados presentes na sess\u00e3o para que seja contabilizada. Na \u00faltima quarta-feira, mais de 300 deputados registraram presen\u00e7a no plen\u00e1rio. Falta ainda um dia com a quantidade m\u00ednima.<\/p>\n<p><strong>Relat\u00f3rio voltar\u00e1 ao Senado<\/strong><br \/>\nO relat\u00f3rio lido pelo deputado Benes Leoc\u00e1dio (PRB-RN), na sess\u00e3o da \u00faltima ter\u00e7a-feira (18), retirou duas emendas do texto original: a que cria o Brasduto, fundo para a constru\u00e7\u00e3o de gasodutos com recursos do pr\u00e9-sal, e a que beneficiaria a Cemig (Companhia Energ\u00e9tica de Minas Gerais) na renova\u00e7\u00e3o de concess\u00f5es de usinas hidrel\u00e9tricas. Com isso, voltar\u00e1 ao Senado, de onde partiu, para ser apreciado novamente.<\/p>\n<p><strong>Urg\u00eancia<\/strong><br \/>\nA volta do PL ao Senado atrasa ainda mais a tramita\u00e7\u00e3o. A solu\u00e7\u00e3o do risco hidrol\u00f3gico \u00e9 pauta priorit\u00e1ria do MME (Minist\u00e9rio de Minas e Energia) e do setor el\u00e9trico. O acordo feito inicialmente pelo presidente da comiss\u00e3o e pelo ministro de Minas e Energia, Bento Albuquerque, era que o texto original fosse aprovado e, posteriormente, as emendas fossem retiradas na san\u00e7\u00e3o presidencial.<\/p>\n<p>N\u00e3o foi o que ocorreu, pois houve um contato entre o ministro da Casa Civil, Onyx Lorenzoni, e o presidente da comiss\u00e3o. Na ocasi\u00e3o, o representante do governo disse que n\u00e3o era papel do executivo incluir ou retirar emendas de projetos de lei, mas dos parlamentares. O PL 10.985 est\u00e1 parado na C\u00e2mara desde o ano passado.<\/p>\n<p><strong>Retiradas de pauta na CME<\/strong><br \/>\nO relat\u00f3rio lido pelo deputado Benes Leoc\u00e1dio foi o mesmo divulgado em abril. Antes da leitura, o PL foi retirado da pauta por tr\u00eas sess\u00f5es consecutivas, contrariando o acordo firmado entre os integrantes da comiss\u00e3o, de que um mesmo projeto s\u00f3 poderia ser retirado duas vezes. Explicou-se, nessas semanas, que a situa\u00e7\u00e3o era particular, pois se tratava de problemas de sa\u00fade do relator.<\/p>\n<p>Na \u00faltima vez que o projeto saiu da pauta da CME, o presidente Silas C\u00e2mara disse que o relator estava fazendo altera\u00e7\u00f5es para atualizar seu parecer. O prazo foi pedido porque as duas emendas (do Brasduto e da Cemig) seriam reinseridas no relat\u00f3rio, conforme acordado com o MME.<\/p>\n","protected":false},"excerpt":{"rendered":"<p>Lucas Santin,\u00a0da Ag\u00eancia iNFRA O presidente da CME (Comiss\u00e3o de Minas e Energia), deputado Silas C\u00e2mara (PRB-AM) disse, na segunda-feira (24), que o PL 10.985\/2018 \u2013 que soluciona a d\u00edvida de R$ 7 bilh\u00f5es do risco hidrol\u00f3gico \u2013 n\u00e3o ser\u00e1 votado na reuni\u00e3o deliberativa desta ter\u00e7a-feira (25). &#8220;N\u00e3o ser\u00e1 votado essa semana&#8221;, disse Silas C\u00e2mara [&hellip;]<\/p>\n","protected":false},"author":9,"featured_media":3355,"comment_status":"closed","ping_status":"closed","sticky":false,"template":"","format":"standard","meta":{"_monsterinsights_skip_tracking":false,"_monsterinsights_sitenote_active":false,"_monsterinsights_sitenote_note":"","_monsterinsights_sitenote_category":0,"footnotes":""},"categories":[10],"tags":[690,302,1016,348,1060,1084,994],"class_list":["post-3354","post","type-post","status-publish","format-standard","has-post-thumbnail","hentry","category-infraenergia","tag-brasduto","tag-cemig","tag-comissao-de-minas-e-energia","tag-gsf","tag-pl-10-985-2018","tag-pl-do-risco-hidrologico","tag-silas-camara"],"yoast_head":"<!-- This site is optimized with the Yoast SEO Premium plugin v25.4 (Yoast SEO v26.0) - https:\/\/yoast.com\/wordpress\/plugins\/seo\/ -->\n<title>Presidente da CME diz que PL do risco hidrol\u00f3gico n\u00e3o ser\u00e1 votado nesta semana - Ag\u00eancia iNFRA<\/title>\n<meta name=\"robots\" content=\"index, follow, max-snippet:-1, max-image-preview:large, max-video-preview:-1\" \/>\n<link rel=\"canonical\" href=\"https:\/\/agenciainfra.com\/blog\/presidente-da-cme-diz-que-pl-do-risco-hidrologico-nao-sera-votado-nesta-semana\/\" \/>\n<meta property=\"og:locale\" content=\"pt_BR\" \/>\n<meta property=\"og:type\" content=\"article\" \/>\n<meta property=\"og:title\" content=\"Presidente da CME diz que PL do risco hidrol\u00f3gico n\u00e3o ser\u00e1 votado nesta semana\" \/>\n<meta property=\"og:description\" content=\"Lucas Santin,\u00a0da Ag\u00eancia iNFRA O presidente da CME (Comiss\u00e3o de Minas e Energia), deputado Silas C\u00e2mara (PRB-AM) disse, na segunda-feira (24), que o PL 10.985\/2018 \u2013 que soluciona a d\u00edvida de R$ 7 bilh\u00f5es do risco hidrol\u00f3gico \u2013 n\u00e3o ser\u00e1 votado na reuni\u00e3o deliberativa desta ter\u00e7a-feira (25). &#8220;N\u00e3o ser\u00e1 votado essa semana&#8221;, disse Silas C\u00e2mara [&hellip;]\" \/>\n<meta property=\"og:url\" content=\"https:\/\/agenciainfra.com\/blog\/presidente-da-cme-diz-que-pl-do-risco-hidrologico-nao-sera-votado-nesta-semana\/\" \/>\n<meta property=\"og:site_name\" content=\"Ag\u00eancia iNFRA\" \/>\n<meta property=\"article:publisher\" content=\"https:\/\/www.facebook.com\/ageninfra\" \/>\n<meta property=\"article:published_time\" content=\"2019-06-25T11:00:54+00:00\" \/>\n<meta property=\"og:image\" content=\"https:\/\/agenciainfra.com\/blog\/wp-content\/uploads\/2019\/06\/silas-camara-foto-will-shutter-camara-dos-deputados.jpg\" \/>\n\t<meta property=\"og:image:width\" content=\"3936\" \/>\n\t<meta property=\"og:image:height\" content=\"2624\" \/>\n\t<meta property=\"og:image:type\" content=\"image\/jpeg\" \/>\n<meta name=\"author\" content=\"Rodrigo Zuquim\" \/>\n<meta name=\"twitter:card\" content=\"summary_large_image\" \/>\n<meta name=\"twitter:creator\" content=\"@agencia_infra\" \/>\n<meta name=\"twitter:site\" content=\"@agencia_infra\" \/>\n<meta name=\"twitter:label1\" content=\"Escrito por\" \/>\n\t<meta name=\"twitter:data1\" content=\"Rodrigo Zuquim\" \/>\n\t<meta name=\"twitter:label2\" content=\"Est. tempo de leitura\" \/>\n\t<meta name=\"twitter:data2\" content=\"3 minutos\" \/>\n<script type=\"application\/ld+json\" class=\"yoast-schema-graph\">{\"@context\":\"https:\/\/schema.org\",\"@graph\":[{\"@type\":\"Article\",\"@id\":\"https:\/\/agenciainfra.com\/blog\/presidente-da-cme-diz-que-pl-do-risco-hidrologico-nao-sera-votado-nesta-semana\/#article\",\"isPartOf\":{\"@id\":\"https:\/\/agenciainfra.com\/blog\/presidente-da-cme-diz-que-pl-do-risco-hidrologico-nao-sera-votado-nesta-semana\/\"},\"author\":{\"name\":\"Rodrigo Zuquim\",\"@id\":\"https:\/\/agenciainfra.com\/blog\/#\/schema\/person\/04dbb79bd6d8951f063da71f3e4c1eb1\"},\"headline\":\"Presidente da CME diz que PL do risco hidrol\u00f3gico n\u00e3o ser\u00e1 votado nesta semana\",\"datePublished\":\"2019-06-25T11:00:54+00:00\",\"mainEntityOfPage\":{\"@id\":\"https:\/\/agenciainfra.com\/blog\/presidente-da-cme-diz-que-pl-do-risco-hidrologico-nao-sera-votado-nesta-semana\/\"},\"wordCount\":557,\"publisher\":{\"@id\":\"https:\/\/agenciainfra.com\/blog\/#organization\"},\"image\":{\"@id\":\"https:\/\/agenciainfra.com\/blog\/presidente-da-cme-diz-que-pl-do-risco-hidrologico-nao-sera-votado-nesta-semana\/#primaryimage\"},\"thumbnailUrl\":\"https:\/\/agenciainfra.com\/blog\/wp-content\/uploads\/2019\/06\/silas-camara-foto-will-shutter-camara-dos-deputados.jpg\",\"keywords\":[\"Brasduto\",\"CEMIG\",\"Comiss\u00e3o de Minas e Energia\",\"GSF\",\"PL 10.985\/2018\",\"PL do risco hidrol\u00f3gico\",\"Silas C\u00e2mara\"],\"articleSection\":[\"iNFRAEnergia\"],\"inLanguage\":\"pt-BR\",\"copyrightYear\":\"2019\",\"copyrightHolder\":{\"@id\":\"https:\/\/agenciainfra.com\/blog\/#organization\"}},{\"@type\":\"WebPage\",\"@id\":\"https:\/\/agenciainfra.com\/blog\/presidente-da-cme-diz-que-pl-do-risco-hidrologico-nao-sera-votado-nesta-semana\/\",\"url\":\"https:\/\/agenciainfra.com\/blog\/presidente-da-cme-diz-que-pl-do-risco-hidrologico-nao-sera-votado-nesta-semana\/\",\"name\":\"Presidente da CME diz que PL do risco hidrol\u00f3gico n\u00e3o ser\u00e1 votado nesta semana - Ag\u00eancia iNFRA\",\"isPartOf\":{\"@id\":\"https:\/\/agenciainfra.com\/blog\/#website\"},\"primaryImageOfPage\":{\"@id\":\"https:\/\/agenciainfra.com\/blog\/presidente-da-cme-diz-que-pl-do-risco-hidrologico-nao-sera-votado-nesta-semana\/#primaryimage\"},\"image\":{\"@id\":\"https:\/\/agenciainfra.com\/blog\/presidente-da-cme-diz-que-pl-do-risco-hidrologico-nao-sera-votado-nesta-semana\/#primaryimage\"},\"thumbnailUrl\":\"https:\/\/agenciainfra.com\/blog\/wp-content\/uploads\/2019\/06\/silas-camara-foto-will-shutter-camara-dos-deputados.jpg\",\"datePublished\":\"2019-06-25T11:00:54+00:00\",\"breadcrumb\":{\"@id\":\"https:\/\/agenciainfra.com\/blog\/presidente-da-cme-diz-que-pl-do-risco-hidrologico-nao-sera-votado-nesta-semana\/#breadcrumb\"},\"inLanguage\":\"pt-BR\",\"potentialAction\":[{\"@type\":\"ReadAction\",\"target\":[\"https:\/\/agenciainfra.com\/blog\/presidente-da-cme-diz-que-pl-do-risco-hidrologico-nao-sera-votado-nesta-semana\/\"]}]},{\"@type\":\"ImageObject\",\"inLanguage\":\"pt-BR\",\"@id\":\"https:\/\/agenciainfra.com\/blog\/presidente-da-cme-diz-que-pl-do-risco-hidrologico-nao-sera-votado-nesta-semana\/#primaryimage\",\"url\":\"https:\/\/agenciainfra.com\/blog\/wp-content\/uploads\/2019\/06\/silas-camara-foto-will-shutter-camara-dos-deputados.jpg\",\"contentUrl\":\"https:\/\/agenciainfra.com\/blog\/wp-content\/uploads\/2019\/06\/silas-camara-foto-will-shutter-camara-dos-deputados.jpg\",\"width\":3936,\"height\":2624},{\"@type\":\"BreadcrumbList\",\"@id\":\"https:\/\/agenciainfra.com\/blog\/presidente-da-cme-diz-que-pl-do-risco-hidrologico-nao-sera-votado-nesta-semana\/#breadcrumb\",\"itemListElement\":[{\"@type\":\"ListItem\",\"position\":1,\"name\":\"In\u00edcio\",\"item\":\"https:\/\/agenciainfra.com\/blog\/\"},{\"@type\":\"ListItem\",\"position\":2,\"name\":\"Presidente da CME diz que PL do risco hidrol\u00f3gico n\u00e3o ser\u00e1 votado nesta semana\"}]},{\"@type\":\"WebSite\",\"@id\":\"https:\/\/agenciainfra.com\/blog\/#website\",\"url\":\"https:\/\/agenciainfra.com\/blog\/\",\"name\":\"Ag\u00eancia iNFRA\",\"description\":\"Multiplataforma de informa\u00e7\u00e3o jornal\u00edstica refer\u00eancia na \u00e1rea de infraestrutura no Brasil!\",\"publisher\":{\"@id\":\"https:\/\/agenciainfra.com\/blog\/#organization\"},\"potentialAction\":[{\"@type\":\"SearchAction\",\"target\":{\"@type\":\"EntryPoint\",\"urlTemplate\":\"https:\/\/agenciainfra.com\/blog\/?s={search_term_string}\"},\"query-input\":{\"@type\":\"PropertyValueSpecification\",\"valueRequired\":true,\"valueName\":\"search_term_string\"}}],\"inLanguage\":\"pt-BR\"},{\"@type\":\"Organization\",\"@id\":\"https:\/\/agenciainfra.com\/blog\/#organization\",\"name\":\"Ag\u00eancia iNFRA\",\"url\":\"https:\/\/agenciainfra.com\/blog\/\",\"logo\":{\"@type\":\"ImageObject\",\"inLanguage\":\"pt-BR\",\"@id\":\"https:\/\/agenciainfra.com\/blog\/#\/schema\/logo\/image\/\",\"url\":\"https:\/\/agenciainfra.com\/blog\/wp-content\/uploads\/2023\/09\/iNFRA_5-e1761735885940.png\",\"contentUrl\":\"https:\/\/agenciainfra.com\/blog\/wp-content\/uploads\/2023\/09\/iNFRA_5-e1761735885940.png\",\"width\":1672,\"height\":454,\"caption\":\"Ag\u00eancia iNFRA\"},\"image\":{\"@id\":\"https:\/\/agenciainfra.com\/blog\/#\/schema\/logo\/image\/\"},\"sameAs\":[\"https:\/\/www.facebook.com\/ageninfra\",\"https:\/\/x.com\/agencia_infra\",\"https:\/\/www.linkedin.com\/company\/ag\u00eanciainfra\/\",\"https:\/\/www.instagram.com\/agenciainfra\/\"]},{\"@type\":\"Person\",\"@id\":\"https:\/\/agenciainfra.com\/blog\/#\/schema\/person\/04dbb79bd6d8951f063da71f3e4c1eb1\",\"name\":\"Rodrigo Zuquim\",\"image\":{\"@type\":\"ImageObject\",\"inLanguage\":\"pt-BR\",\"@id\":\"https:\/\/agenciainfra.com\/blog\/#\/schema\/person\/image\/\",\"url\":\"https:\/\/secure.gravatar.com\/avatar\/594abfe82761d620726242ff34ca472a705a4b97f16c790053a6b4c4035274d0?s=96&d=mm&r=g\",\"contentUrl\":\"https:\/\/secure.gravatar.com\/avatar\/594abfe82761d620726242ff34ca472a705a4b97f16c790053a6b4c4035274d0?s=96&d=mm&r=g\",\"caption\":\"Rodrigo Zuquim\"},\"url\":\"https:\/\/agenciainfra.com\/blog\/author\/rodrigo-zuquim\/\"}]}<\/script>\n<!-- \/ Yoast SEO Premium plugin. -->","yoast_head_json":{"title":"Presidente da CME diz que PL do risco hidrol\u00f3gico n\u00e3o ser\u00e1 votado nesta semana - Ag\u00eancia iNFRA","robots":{"index":"index","follow":"follow","max-snippet":"max-snippet:-1","max-image-preview":"max-image-preview:large","max-video-preview":"max-video-preview:-1"},"canonical":"https:\/\/agenciainfra.com\/blog\/presidente-da-cme-diz-que-pl-do-risco-hidrologico-nao-sera-votado-nesta-semana\/","og_locale":"pt_BR","og_type":"article","og_title":"Presidente da CME diz que PL do risco hidrol\u00f3gico n\u00e3o ser\u00e1 votado nesta semana","og_description":"Lucas Santin,\u00a0da Ag\u00eancia iNFRA O presidente da CME (Comiss\u00e3o de Minas e Energia), deputado Silas C\u00e2mara (PRB-AM) disse, na segunda-feira (24), que o PL 10.985\/2018 \u2013 que soluciona a d\u00edvida de R$ 7 bilh\u00f5es do risco hidrol\u00f3gico \u2013 n\u00e3o ser\u00e1 votado na reuni\u00e3o deliberativa desta ter\u00e7a-feira (25). &#8220;N\u00e3o ser\u00e1 votado essa semana&#8221;, disse Silas C\u00e2mara [&hellip;]","og_url":"https:\/\/agenciainfra.com\/blog\/presidente-da-cme-diz-que-pl-do-risco-hidrologico-nao-sera-votado-nesta-semana\/","og_site_name":"Ag\u00eancia iNFRA","article_publisher":"https:\/\/www.facebook.com\/ageninfra","article_published_time":"2019-06-25T11:00:54+00:00","og_image":[{"width":3936,"height":2624,"url":"https:\/\/agenciainfra.com\/blog\/wp-content\/uploads\/2019\/06\/silas-camara-foto-will-shutter-camara-dos-deputados.jpg","type":"image\/jpeg"}],"author":"Rodrigo Zuquim","twitter_card":"summary_large_image","twitter_creator":"@agencia_infra","twitter_site":"@agencia_infra","twitter_misc":{"Escrito por":"Rodrigo Zuquim","Est. tempo de leitura":"3 minutos"},"schema":{"@context":"https:\/\/schema.org","@graph":[{"@type":"Article","@id":"https:\/\/agenciainfra.com\/blog\/presidente-da-cme-diz-que-pl-do-risco-hidrologico-nao-sera-votado-nesta-semana\/#article","isPartOf":{"@id":"https:\/\/agenciainfra.com\/blog\/presidente-da-cme-diz-que-pl-do-risco-hidrologico-nao-sera-votado-nesta-semana\/"},"author":{"name":"Rodrigo Zuquim","@id":"https:\/\/agenciainfra.com\/blog\/#\/schema\/person\/04dbb79bd6d8951f063da71f3e4c1eb1"},"headline":"Presidente da CME diz que PL do risco hidrol\u00f3gico n\u00e3o ser\u00e1 votado nesta semana","datePublished":"2019-06-25T11:00:54+00:00","mainEntityOfPage":{"@id":"https:\/\/agenciainfra.com\/blog\/presidente-da-cme-diz-que-pl-do-risco-hidrologico-nao-sera-votado-nesta-semana\/"},"wordCount":557,"publisher":{"@id":"https:\/\/agenciainfra.com\/blog\/#organization"},"image":{"@id":"https:\/\/agenciainfra.com\/blog\/presidente-da-cme-diz-que-pl-do-risco-hidrologico-nao-sera-votado-nesta-semana\/#primaryimage"},"thumbnailUrl":"https:\/\/agenciainfra.com\/blog\/wp-content\/uploads\/2019\/06\/silas-camara-foto-will-shutter-camara-dos-deputados.jpg","keywords":["Brasduto","CEMIG","Comiss\u00e3o de Minas e Energia","GSF","PL 10.985\/2018","PL do risco hidrol\u00f3gico","Silas C\u00e2mara"],"articleSection":["iNFRAEnergia"],"inLanguage":"pt-BR","copyrightYear":"2019","copyrightHolder":{"@id":"https:\/\/agenciainfra.com\/blog\/#organization"}},{"@type":"WebPage","@id":"https:\/\/agenciainfra.com\/blog\/presidente-da-cme-diz-que-pl-do-risco-hidrologico-nao-sera-votado-nesta-semana\/","url":"https:\/\/agenciainfra.com\/blog\/presidente-da-cme-diz-que-pl-do-risco-hidrologico-nao-sera-votado-nesta-semana\/","name":"Presidente da CME diz que PL do risco hidrol\u00f3gico n\u00e3o ser\u00e1 votado nesta semana - Ag\u00eancia iNFRA","isPartOf":{"@id":"https:\/\/agenciainfra.com\/blog\/#website"},"primaryImageOfPage":{"@id":"https:\/\/agenciainfra.com\/blog\/presidente-da-cme-diz-que-pl-do-risco-hidrologico-nao-sera-votado-nesta-semana\/#primaryimage"},"image":{"@id":"https:\/\/agenciainfra.com\/blog\/presidente-da-cme-diz-que-pl-do-risco-hidrologico-nao-sera-votado-nesta-semana\/#primaryimage"},"thumbnailUrl":"https:\/\/agenciainfra.com\/blog\/wp-content\/uploads\/2019\/06\/silas-camara-foto-will-shutter-camara-dos-deputados.jpg","datePublished":"2019-06-25T11:00:54+00:00","breadcrumb":{"@id":"https:\/\/agenciainfra.com\/blog\/presidente-da-cme-diz-que-pl-do-risco-hidrologico-nao-sera-votado-nesta-semana\/#breadcrumb"},"inLanguage":"pt-BR","potentialAction":[{"@type":"ReadAction","target":["https:\/\/agenciainfra.com\/blog\/presidente-da-cme-diz-que-pl-do-risco-hidrologico-nao-sera-votado-nesta-semana\/"]}]},{"@type":"ImageObject","inLanguage":"pt-BR","@id":"https:\/\/agenciainfra.com\/blog\/presidente-da-cme-diz-que-pl-do-risco-hidrologico-nao-sera-votado-nesta-semana\/#primaryimage","url":"https:\/\/agenciainfra.com\/blog\/wp-content\/uploads\/2019\/06\/silas-camara-foto-will-shutter-camara-dos-deputados.jpg","contentUrl":"https:\/\/agenciainfra.com\/blog\/wp-content\/uploads\/2019\/06\/silas-camara-foto-will-shutter-camara-dos-deputados.jpg","width":3936,"height":2624},{"@type":"BreadcrumbList","@id":"https:\/\/agenciainfra.com\/blog\/presidente-da-cme-diz-que-pl-do-risco-hidrologico-nao-sera-votado-nesta-semana\/#breadcrumb","itemListElement":[{"@type":"ListItem","position":1,"name":"In\u00edcio","item":"https:\/\/agenciainfra.com\/blog\/"},{"@type":"ListItem","position":2,"name":"Presidente da CME diz que PL do risco hidrol\u00f3gico n\u00e3o ser\u00e1 votado nesta semana"}]},{"@type":"WebSite","@id":"https:\/\/agenciainfra.com\/blog\/#website","url":"https:\/\/agenciainfra.com\/blog\/","name":"Ag\u00eancia iNFRA","description":"Multiplataforma de informa\u00e7\u00e3o jornal\u00edstica refer\u00eancia na \u00e1rea de infraestrutura no Brasil!","publisher":{"@id":"https:\/\/agenciainfra.com\/blog\/#organization"},"potentialAction":[{"@type":"SearchAction","target":{"@type":"EntryPoint","urlTemplate":"https:\/\/agenciainfra.com\/blog\/?s={search_term_string}"},"query-input":{"@type":"PropertyValueSpecification","valueRequired":true,"valueName":"search_term_string"}}],"inLanguage":"pt-BR"},{"@type":"Organization","@id":"https:\/\/agenciainfra.com\/blog\/#organization","name":"Ag\u00eancia iNFRA","url":"https:\/\/agenciainfra.com\/blog\/","logo":{"@type":"ImageObject","inLanguage":"pt-BR","@id":"https:\/\/agenciainfra.com\/blog\/#\/schema\/logo\/image\/","url":"https:\/\/agenciainfra.com\/blog\/wp-content\/uploads\/2023\/09\/iNFRA_5-e1761735885940.png","contentUrl":"https:\/\/agenciainfra.com\/blog\/wp-content\/uploads\/2023\/09\/iNFRA_5-e1761735885940.png","width":1672,"height":454,"caption":"Ag\u00eancia iNFRA"},"image":{"@id":"https:\/\/agenciainfra.com\/blog\/#\/schema\/logo\/image\/"},"sameAs":["https:\/\/www.facebook.com\/ageninfra","https:\/\/x.com\/agencia_infra","https:\/\/www.linkedin.com\/company\/ag\u00eanciainfra\/","https:\/\/www.instagram.com\/agenciainfra\/"]},{"@type":"Person","@id":"https:\/\/agenciainfra.com\/blog\/#\/schema\/person\/04dbb79bd6d8951f063da71f3e4c1eb1","name":"Rodrigo Zuquim","image":{"@type":"ImageObject","inLanguage":"pt-BR","@id":"https:\/\/agenciainfra.com\/blog\/#\/schema\/person\/image\/","url":"https:\/\/secure.gravatar.com\/avatar\/594abfe82761d620726242ff34ca472a705a4b97f16c790053a6b4c4035274d0?s=96&d=mm&r=g","contentUrl":"https:\/\/secure.gravatar.com\/avatar\/594abfe82761d620726242ff34ca472a705a4b97f16c790053a6b4c4035274d0?s=96&d=mm&r=g","caption":"Rodrigo Zuquim"},"url":"https:\/\/agenciainfra.com\/blog\/author\/rodrigo-zuquim\/"}]}},"_links":{"self":[{"href":"https:\/\/agenciainfra.com\/blog\/wp-json\/wp\/v2\/posts\/3354","targetHints":{"allow":["GET"]}}],"collection":[{"href":"https:\/\/agenciainfra.com\/blog\/wp-json\/wp\/v2\/posts"}],"about":[{"href":"https:\/\/agenciainfra.com\/blog\/wp-json\/wp\/v2\/types\/post"}],"author":[{"embeddable":true,"href":"https:\/\/agenciainfra.com\/blog\/wp-json\/wp\/v2\/users\/9"}],"replies":[{"embeddable":true,"href":"https:\/\/agenciainfra.com\/blog\/wp-json\/wp\/v2\/comments?post=3354"}],"version-history":[{"count":0,"href":"https:\/\/agenciainfra.com\/blog\/wp-json\/wp\/v2\/posts\/3354\/revisions"}],"wp:featuredmedia":[{"embeddable":true,"href":"https:\/\/agenciainfra.com\/blog\/wp-json\/wp\/v2\/media\/3355"}],"wp:attachment":[{"href":"https:\/\/agenciainfra.com\/blog\/wp-json\/wp\/v2\/media?parent=3354"}],"wp:term":[{"taxonomy":"category","embeddable":true,"href":"https:\/\/agenciainfra.com\/blog\/wp-json\/wp\/v2\/categories?post=3354"},{"taxonomy":"post_tag","embeddable":true,"href":"https:\/\/agenciainfra.com\/blog\/wp-json\/wp\/v2\/tags?post=3354"}],"curies":[{"name":"wp","href":"https:\/\/api.w.org\/{rel}","templated":true}]}}