{"id":33543,"date":"2025-12-09T10:27:09","date_gmt":"2025-12-09T13:27:09","guid":{"rendered":"https:\/\/agenciainfra.com\/blog\/?p=33543"},"modified":"2025-12-09T15:44:52","modified_gmt":"2025-12-09T18:44:52","slug":"interligacao-de-roraima-ao-sin-sera-em-1-de-janeiro-de-2026-define-aneel","status":"publish","type":"post","link":"https:\/\/agenciainfra.com\/blog\/interligacao-de-roraima-ao-sin-sera-em-1-de-janeiro-de-2026-define-aneel\/","title":{"rendered":"Interliga\u00e7\u00e3o de Roraima ao SIN ser\u00e1 em 1\u00ba de janeiro, define ANEEL"},"content":{"rendered":"\n<p class=\"has-text-align-right\"><strong>Lais Carregosa, da Ag\u00eancia iNFRA<\/strong><\/p>\n\n\n\n<p>A ANEEL (Ag\u00eancia Nacional de Energia El\u00e9trica) definiu 1\u00ba de janeiro de 2026 como a data da efetiva interliga\u00e7\u00e3o do sistema Boa Vista, em Roraima, ao SIN (Sistema Interligado Nacional). A partir desse prazo, a distribuidora Roraima Energia poder\u00e1 cobrar o adicional de bandeiras tarif\u00e1rias, por exemplo, assim como recolher o encargo pelo acesso ao sistema de transmiss\u00e3o.<\/p>\n\n\n\n<p>Conforme <a href=\"https:\/\/www2.aneel.gov.br\/aplicacoes\/noticias_area\/arquivos\/item01-48500.025110-2025-36_e_outro.pdf\">voto<\/a> do diretor Willamy Frota, aprovado nesta ter\u00e7a-feira (9), a concession\u00e1ria precisar\u00e1 concluir o processo de separa\u00e7\u00e3o de suas usinas at\u00e9 1\u00ba de julho de 2027, uma vez que a legisla\u00e7\u00e3o n\u00e3o permite que distribuidoras conectadas ao SIN exer\u00e7am atividades de gera\u00e7\u00e3o. J\u00e1 os geradores devem implantar sistemas de medi\u00e7\u00e3o e cadastrar seus ativos junto \u00e0 CCEE (C\u00e2mara de Comercializa\u00e7\u00e3o de Energia) at\u00e9 30 de junho de 2026.<\/p>\n\n\n\n<p><\/p>\n","protected":false},"excerpt":{"rendered":"<p>Lais Carregosa, da Ag\u00eancia iNFRA A ANEEL (Ag\u00eancia Nacional de Energia El\u00e9trica) definiu 1\u00ba de janeiro de 2026 como a data da efetiva interliga\u00e7\u00e3o do sistema Boa Vista, em Roraima, ao SIN (Sistema Interligado Nacional). A partir desse prazo, a distribuidora Roraima Energia poder\u00e1 cobrar o adicional de bandeiras tarif\u00e1rias, por exemplo, assim como recolher [&hellip;]<\/p>\n","protected":false},"author":1,"featured_media":33546,"comment_status":"closed","ping_status":"closed","sticky":false,"template":"","format":"standard","meta":{"_monsterinsights_skip_tracking":false,"_monsterinsights_sitenote_active":false,"_monsterinsights_sitenote_note":"","_monsterinsights_sitenote_category":0,"footnotes":""},"categories":[7250,10],"tags":[53,282,34,12785,17393,13132,16045,216,12770,634,17392,3554,54,3360,1573,2969],"class_list":["post-33543","post","type-post","status-publish","format-standard","has-post-thumbnail","hentry","category-destaque-lista","category-infraenergia","tag-aneel","tag-energia-eletrica","tag-infraestrutura","tag-interligacao","tag-interligacao-roraima","tag-lais-carregosa","tag-linhao-manaus-boa-vista","tag-ons","tag-reuniao-aneel","tag-roraima","tag-roraima-no-sin","tag-seguranca-energetica","tag-setor-eletrico","tag-sin","tag-sustentabilidade","tag-transmissao"],"yoast_head":"<!-- This site is optimized with the Yoast SEO Premium plugin v25.4 (Yoast SEO v26.0) - https:\/\/yoast.com\/wordpress\/plugins\/seo\/ -->\n<title>Interliga\u00e7\u00e3o de Roraima ao SIN ser\u00e1 em 1\u00ba de janeiro, define ANEEL - Ag\u00eancia iNFRA<\/title>\n<meta name=\"robots\" content=\"index, follow, max-snippet:-1, max-image-preview:large, max-video-preview:-1\" \/>\n<link rel=\"canonical\" href=\"https:\/\/agenciainfra.com\/blog\/interligacao-de-roraima-ao-sin-sera-em-1-de-janeiro-de-2026-define-aneel\/\" \/>\n<meta property=\"og:locale\" content=\"pt_BR\" \/>\n<meta property=\"og:type\" content=\"article\" \/>\n<meta property=\"og:title\" content=\"Interliga\u00e7\u00e3o de Roraima ao SIN ser\u00e1 em 1\u00ba de janeiro, define ANEEL\" \/>\n<meta property=\"og:description\" content=\"Lais Carregosa, da Ag\u00eancia iNFRA A ANEEL (Ag\u00eancia Nacional de Energia El\u00e9trica) definiu 1\u00ba de janeiro de 2026 como a data da efetiva interliga\u00e7\u00e3o do sistema Boa Vista, em Roraima, ao SIN (Sistema Interligado Nacional). A partir desse prazo, a distribuidora Roraima Energia poder\u00e1 cobrar o adicional de bandeiras tarif\u00e1rias, por exemplo, assim como recolher [&hellip;]\" \/>\n<meta property=\"og:url\" content=\"https:\/\/agenciainfra.com\/blog\/interligacao-de-roraima-ao-sin-sera-em-1-de-janeiro-de-2026-define-aneel\/\" \/>\n<meta property=\"og:site_name\" content=\"Ag\u00eancia iNFRA\" \/>\n<meta property=\"article:publisher\" content=\"https:\/\/www.facebook.com\/ageninfra\" \/>\n<meta property=\"article:published_time\" content=\"2025-12-09T13:27:09+00:00\" \/>\n<meta property=\"article:modified_time\" content=\"2025-12-09T18:44:52+00:00\" \/>\n<meta property=\"og:image\" content=\"https:\/\/agenciainfra.com\/blog\/wp-content\/uploads\/2025\/12\/roraima-sin-foto-tauan-alencar_mme-3-e1765286808526-1024x630.png\" \/>\n\t<meta property=\"og:image:width\" content=\"1024\" \/>\n\t<meta property=\"og:image:height\" content=\"630\" \/>\n\t<meta property=\"og:image:type\" content=\"image\/png\" \/>\n<meta name=\"author\" content=\"Ag\u00eancia iNFRA\" \/>\n<meta name=\"twitter:card\" content=\"summary_large_image\" \/>\n<meta name=\"twitter:creator\" content=\"@agencia_infra\" \/>\n<meta name=\"twitter:site\" content=\"@agencia_infra\" \/>\n<meta name=\"twitter:label1\" content=\"Escrito por\" \/>\n\t<meta name=\"twitter:data1\" content=\"Ag\u00eancia iNFRA\" \/>\n\t<meta name=\"twitter:label2\" content=\"Est. tempo de leitura\" \/>\n\t<meta name=\"twitter:data2\" content=\"1 minuto\" \/>\n<script type=\"application\/ld+json\" class=\"yoast-schema-graph\">{\"@context\":\"https:\/\/schema.org\",\"@graph\":[{\"@type\":\"Article\",\"@id\":\"https:\/\/agenciainfra.com\/blog\/interligacao-de-roraima-ao-sin-sera-em-1-de-janeiro-de-2026-define-aneel\/#article\",\"isPartOf\":{\"@id\":\"https:\/\/agenciainfra.com\/blog\/interligacao-de-roraima-ao-sin-sera-em-1-de-janeiro-de-2026-define-aneel\/\"},\"author\":{\"name\":\"Ag\u00eancia iNFRA\",\"@id\":\"https:\/\/agenciainfra.com\/blog\/#\/schema\/person\/34af08dff6adea4cb22b06612ba7acfa\"},\"headline\":\"Interliga\u00e7\u00e3o de Roraima ao SIN ser\u00e1 em 1\u00ba de janeiro, define ANEEL\",\"datePublished\":\"2025-12-09T13:27:09+00:00\",\"dateModified\":\"2025-12-09T18:44:52+00:00\",\"mainEntityOfPage\":{\"@id\":\"https:\/\/agenciainfra.com\/blog\/interligacao-de-roraima-ao-sin-sera-em-1-de-janeiro-de-2026-define-aneel\/\"},\"wordCount\":152,\"publisher\":{\"@id\":\"https:\/\/agenciainfra.com\/blog\/#organization\"},\"image\":{\"@id\":\"https:\/\/agenciainfra.com\/blog\/interligacao-de-roraima-ao-sin-sera-em-1-de-janeiro-de-2026-define-aneel\/#primaryimage\"},\"thumbnailUrl\":\"https:\/\/agenciainfra.com\/blog\/wp-content\/uploads\/2025\/12\/roraima-sin-foto-tauan-alencar_mme-3-e1765286808526.png\",\"keywords\":[\"ANEEL\",\"energia el\u00e9trica\",\"Infraestrutura\",\"interliga\u00e7\u00e3o\",\"interliga\u00e7\u00e3o roraima\",\"Lais Carregosa\",\"Linh\u00e3o Manaus\u2013Boa Vista\",\"ONS\",\"reuni\u00e3o aneel\",\"Roraima\",\"Roraima no SIN\",\"seguran\u00e7a energ\u00e9tica\",\"Setor El\u00e9trico\",\"SIN\",\"sustentabilidade\",\"transmiss\u00e3o\"],\"articleSection\":[\"Destaque lista\",\"iNFRAEnergia\"],\"inLanguage\":\"pt-BR\",\"copyrightYear\":\"2025\",\"copyrightHolder\":{\"@id\":\"https:\/\/agenciainfra.com\/blog\/#organization\"}},{\"@type\":\"WebPage\",\"@id\":\"https:\/\/agenciainfra.com\/blog\/interligacao-de-roraima-ao-sin-sera-em-1-de-janeiro-de-2026-define-aneel\/\",\"url\":\"https:\/\/agenciainfra.com\/blog\/interligacao-de-roraima-ao-sin-sera-em-1-de-janeiro-de-2026-define-aneel\/\",\"name\":\"Interliga\u00e7\u00e3o de Roraima ao SIN ser\u00e1 em 1\u00ba de janeiro, define ANEEL - Ag\u00eancia iNFRA\",\"isPartOf\":{\"@id\":\"https:\/\/agenciainfra.com\/blog\/#website\"},\"primaryImageOfPage\":{\"@id\":\"https:\/\/agenciainfra.com\/blog\/interligacao-de-roraima-ao-sin-sera-em-1-de-janeiro-de-2026-define-aneel\/#primaryimage\"},\"image\":{\"@id\":\"https:\/\/agenciainfra.com\/blog\/interligacao-de-roraima-ao-sin-sera-em-1-de-janeiro-de-2026-define-aneel\/#primaryimage\"},\"thumbnailUrl\":\"https:\/\/agenciainfra.com\/blog\/wp-content\/uploads\/2025\/12\/roraima-sin-foto-tauan-alencar_mme-3-e1765286808526.png\",\"datePublished\":\"2025-12-09T13:27:09+00:00\",\"dateModified\":\"2025-12-09T18:44:52+00:00\",\"breadcrumb\":{\"@id\":\"https:\/\/agenciainfra.com\/blog\/interligacao-de-roraima-ao-sin-sera-em-1-de-janeiro-de-2026-define-aneel\/#breadcrumb\"},\"inLanguage\":\"pt-BR\",\"potentialAction\":[{\"@type\":\"ReadAction\",\"target\":[\"https:\/\/agenciainfra.com\/blog\/interligacao-de-roraima-ao-sin-sera-em-1-de-janeiro-de-2026-define-aneel\/\"]}]},{\"@type\":\"ImageObject\",\"inLanguage\":\"pt-BR\",\"@id\":\"https:\/\/agenciainfra.com\/blog\/interligacao-de-roraima-ao-sin-sera-em-1-de-janeiro-de-2026-define-aneel\/#primaryimage\",\"url\":\"https:\/\/agenciainfra.com\/blog\/wp-content\/uploads\/2025\/12\/roraima-sin-foto-tauan-alencar_mme-3-e1765286808526.png\",\"contentUrl\":\"https:\/\/agenciainfra.com\/blog\/wp-content\/uploads\/2025\/12\/roraima-sin-foto-tauan-alencar_mme-3-e1765286808526.png\",\"width\":1280,\"height\":788,\"caption\":\"Foto: Tauan Alencar\/MME\"},{\"@type\":\"BreadcrumbList\",\"@id\":\"https:\/\/agenciainfra.com\/blog\/interligacao-de-roraima-ao-sin-sera-em-1-de-janeiro-de-2026-define-aneel\/#breadcrumb\",\"itemListElement\":[{\"@type\":\"ListItem\",\"position\":1,\"name\":\"In\u00edcio\",\"item\":\"https:\/\/agenciainfra.com\/blog\/\"},{\"@type\":\"ListItem\",\"position\":2,\"name\":\"Interliga\u00e7\u00e3o de Roraima ao SIN ser\u00e1 em 1\u00ba de janeiro, define ANEEL\"}]},{\"@type\":\"WebSite\",\"@id\":\"https:\/\/agenciainfra.com\/blog\/#website\",\"url\":\"https:\/\/agenciainfra.com\/blog\/\",\"name\":\"Ag\u00eancia iNFRA\",\"description\":\"Multiplataforma de informa\u00e7\u00e3o jornal\u00edstica refer\u00eancia na \u00e1rea de infraestrutura no Brasil!\",\"publisher\":{\"@id\":\"https:\/\/agenciainfra.com\/blog\/#organization\"},\"potentialAction\":[{\"@type\":\"SearchAction\",\"target\":{\"@type\":\"EntryPoint\",\"urlTemplate\":\"https:\/\/agenciainfra.com\/blog\/?s={search_term_string}\"},\"query-input\":{\"@type\":\"PropertyValueSpecification\",\"valueRequired\":true,\"valueName\":\"search_term_string\"}}],\"inLanguage\":\"pt-BR\"},{\"@type\":\"Organization\",\"@id\":\"https:\/\/agenciainfra.com\/blog\/#organization\",\"name\":\"Ag\u00eancia iNFRA\",\"url\":\"https:\/\/agenciainfra.com\/blog\/\",\"logo\":{\"@type\":\"ImageObject\",\"inLanguage\":\"pt-BR\",\"@id\":\"https:\/\/agenciainfra.com\/blog\/#\/schema\/logo\/image\/\",\"url\":\"https:\/\/agenciainfra.com\/blog\/wp-content\/uploads\/2023\/09\/iNFRA_5-e1761735885940.png\",\"contentUrl\":\"https:\/\/agenciainfra.com\/blog\/wp-content\/uploads\/2023\/09\/iNFRA_5-e1761735885940.png\",\"width\":1672,\"height\":454,\"caption\":\"Ag\u00eancia iNFRA\"},\"image\":{\"@id\":\"https:\/\/agenciainfra.com\/blog\/#\/schema\/logo\/image\/\"},\"sameAs\":[\"https:\/\/www.facebook.com\/ageninfra\",\"https:\/\/x.com\/agencia_infra\",\"https:\/\/www.linkedin.com\/company\/ag\u00eanciainfra\/\",\"https:\/\/www.instagram.com\/agenciainfra\/\"]},{\"@type\":\"Person\",\"@id\":\"https:\/\/agenciainfra.com\/blog\/#\/schema\/person\/34af08dff6adea4cb22b06612ba7acfa\",\"name\":\"Ag\u00eancia iNFRA\",\"image\":{\"@type\":\"ImageObject\",\"inLanguage\":\"pt-BR\",\"@id\":\"https:\/\/agenciainfra.com\/blog\/#\/schema\/person\/image\/\",\"url\":\"https:\/\/secure.gravatar.com\/avatar\/d189e01678f06d8eb84d4e01f08eb848b3fffe3f8443818d3c356c66892f5be8?s=96&d=mm&r=g\",\"contentUrl\":\"https:\/\/secure.gravatar.com\/avatar\/d189e01678f06d8eb84d4e01f08eb848b3fffe3f8443818d3c356c66892f5be8?s=96&d=mm&r=g\",\"caption\":\"Ag\u00eancia iNFRA\"},\"url\":\"https:\/\/agenciainfra.com\/blog\/author\/admin\/\"}]}<\/script>\n<!-- \/ Yoast SEO Premium plugin. -->","yoast_head_json":{"title":"Interliga\u00e7\u00e3o de Roraima ao SIN ser\u00e1 em 1\u00ba de janeiro, define ANEEL - Ag\u00eancia iNFRA","robots":{"index":"index","follow":"follow","max-snippet":"max-snippet:-1","max-image-preview":"max-image-preview:large","max-video-preview":"max-video-preview:-1"},"canonical":"https:\/\/agenciainfra.com\/blog\/interligacao-de-roraima-ao-sin-sera-em-1-de-janeiro-de-2026-define-aneel\/","og_locale":"pt_BR","og_type":"article","og_title":"Interliga\u00e7\u00e3o de Roraima ao SIN ser\u00e1 em 1\u00ba de janeiro, define ANEEL","og_description":"Lais Carregosa, da Ag\u00eancia iNFRA A ANEEL (Ag\u00eancia Nacional de Energia El\u00e9trica) definiu 1\u00ba de janeiro de 2026 como a data da efetiva interliga\u00e7\u00e3o do sistema Boa Vista, em Roraima, ao SIN (Sistema Interligado Nacional). A partir desse prazo, a distribuidora Roraima Energia poder\u00e1 cobrar o adicional de bandeiras tarif\u00e1rias, por exemplo, assim como recolher [&hellip;]","og_url":"https:\/\/agenciainfra.com\/blog\/interligacao-de-roraima-ao-sin-sera-em-1-de-janeiro-de-2026-define-aneel\/","og_site_name":"Ag\u00eancia iNFRA","article_publisher":"https:\/\/www.facebook.com\/ageninfra","article_published_time":"2025-12-09T13:27:09+00:00","article_modified_time":"2025-12-09T18:44:52+00:00","og_image":[{"width":1024,"height":630,"url":"https:\/\/agenciainfra.com\/blog\/wp-content\/uploads\/2025\/12\/roraima-sin-foto-tauan-alencar_mme-3-e1765286808526-1024x630.png","type":"image\/png"}],"author":"Ag\u00eancia iNFRA","twitter_card":"summary_large_image","twitter_creator":"@agencia_infra","twitter_site":"@agencia_infra","twitter_misc":{"Escrito por":"Ag\u00eancia iNFRA","Est. tempo de leitura":"1 minuto"},"schema":{"@context":"https:\/\/schema.org","@graph":[{"@type":"Article","@id":"https:\/\/agenciainfra.com\/blog\/interligacao-de-roraima-ao-sin-sera-em-1-de-janeiro-de-2026-define-aneel\/#article","isPartOf":{"@id":"https:\/\/agenciainfra.com\/blog\/interligacao-de-roraima-ao-sin-sera-em-1-de-janeiro-de-2026-define-aneel\/"},"author":{"name":"Ag\u00eancia iNFRA","@id":"https:\/\/agenciainfra.com\/blog\/#\/schema\/person\/34af08dff6adea4cb22b06612ba7acfa"},"headline":"Interliga\u00e7\u00e3o de Roraima ao SIN ser\u00e1 em 1\u00ba de janeiro, define ANEEL","datePublished":"2025-12-09T13:27:09+00:00","dateModified":"2025-12-09T18:44:52+00:00","mainEntityOfPage":{"@id":"https:\/\/agenciainfra.com\/blog\/interligacao-de-roraima-ao-sin-sera-em-1-de-janeiro-de-2026-define-aneel\/"},"wordCount":152,"publisher":{"@id":"https:\/\/agenciainfra.com\/blog\/#organization"},"image":{"@id":"https:\/\/agenciainfra.com\/blog\/interligacao-de-roraima-ao-sin-sera-em-1-de-janeiro-de-2026-define-aneel\/#primaryimage"},"thumbnailUrl":"https:\/\/agenciainfra.com\/blog\/wp-content\/uploads\/2025\/12\/roraima-sin-foto-tauan-alencar_mme-3-e1765286808526.png","keywords":["ANEEL","energia el\u00e9trica","Infraestrutura","interliga\u00e7\u00e3o","interliga\u00e7\u00e3o roraima","Lais Carregosa","Linh\u00e3o Manaus\u2013Boa Vista","ONS","reuni\u00e3o aneel","Roraima","Roraima no SIN","seguran\u00e7a energ\u00e9tica","Setor El\u00e9trico","SIN","sustentabilidade","transmiss\u00e3o"],"articleSection":["Destaque lista","iNFRAEnergia"],"inLanguage":"pt-BR","copyrightYear":"2025","copyrightHolder":{"@id":"https:\/\/agenciainfra.com\/blog\/#organization"}},{"@type":"WebPage","@id":"https:\/\/agenciainfra.com\/blog\/interligacao-de-roraima-ao-sin-sera-em-1-de-janeiro-de-2026-define-aneel\/","url":"https:\/\/agenciainfra.com\/blog\/interligacao-de-roraima-ao-sin-sera-em-1-de-janeiro-de-2026-define-aneel\/","name":"Interliga\u00e7\u00e3o de Roraima ao SIN ser\u00e1 em 1\u00ba de janeiro, define ANEEL - Ag\u00eancia iNFRA","isPartOf":{"@id":"https:\/\/agenciainfra.com\/blog\/#website"},"primaryImageOfPage":{"@id":"https:\/\/agenciainfra.com\/blog\/interligacao-de-roraima-ao-sin-sera-em-1-de-janeiro-de-2026-define-aneel\/#primaryimage"},"image":{"@id":"https:\/\/agenciainfra.com\/blog\/interligacao-de-roraima-ao-sin-sera-em-1-de-janeiro-de-2026-define-aneel\/#primaryimage"},"thumbnailUrl":"https:\/\/agenciainfra.com\/blog\/wp-content\/uploads\/2025\/12\/roraima-sin-foto-tauan-alencar_mme-3-e1765286808526.png","datePublished":"2025-12-09T13:27:09+00:00","dateModified":"2025-12-09T18:44:52+00:00","breadcrumb":{"@id":"https:\/\/agenciainfra.com\/blog\/interligacao-de-roraima-ao-sin-sera-em-1-de-janeiro-de-2026-define-aneel\/#breadcrumb"},"inLanguage":"pt-BR","potentialAction":[{"@type":"ReadAction","target":["https:\/\/agenciainfra.com\/blog\/interligacao-de-roraima-ao-sin-sera-em-1-de-janeiro-de-2026-define-aneel\/"]}]},{"@type":"ImageObject","inLanguage":"pt-BR","@id":"https:\/\/agenciainfra.com\/blog\/interligacao-de-roraima-ao-sin-sera-em-1-de-janeiro-de-2026-define-aneel\/#primaryimage","url":"https:\/\/agenciainfra.com\/blog\/wp-content\/uploads\/2025\/12\/roraima-sin-foto-tauan-alencar_mme-3-e1765286808526.png","contentUrl":"https:\/\/agenciainfra.com\/blog\/wp-content\/uploads\/2025\/12\/roraima-sin-foto-tauan-alencar_mme-3-e1765286808526.png","width":1280,"height":788,"caption":"Foto: Tauan Alencar\/MME"},{"@type":"BreadcrumbList","@id":"https:\/\/agenciainfra.com\/blog\/interligacao-de-roraima-ao-sin-sera-em-1-de-janeiro-de-2026-define-aneel\/#breadcrumb","itemListElement":[{"@type":"ListItem","position":1,"name":"In\u00edcio","item":"https:\/\/agenciainfra.com\/blog\/"},{"@type":"ListItem","position":2,"name":"Interliga\u00e7\u00e3o de Roraima ao SIN ser\u00e1 em 1\u00ba de janeiro, define ANEEL"}]},{"@type":"WebSite","@id":"https:\/\/agenciainfra.com\/blog\/#website","url":"https:\/\/agenciainfra.com\/blog\/","name":"Ag\u00eancia iNFRA","description":"Multiplataforma de informa\u00e7\u00e3o jornal\u00edstica refer\u00eancia na \u00e1rea de infraestrutura no Brasil!","publisher":{"@id":"https:\/\/agenciainfra.com\/blog\/#organization"},"potentialAction":[{"@type":"SearchAction","target":{"@type":"EntryPoint","urlTemplate":"https:\/\/agenciainfra.com\/blog\/?s={search_term_string}"},"query-input":{"@type":"PropertyValueSpecification","valueRequired":true,"valueName":"search_term_string"}}],"inLanguage":"pt-BR"},{"@type":"Organization","@id":"https:\/\/agenciainfra.com\/blog\/#organization","name":"Ag\u00eancia iNFRA","url":"https:\/\/agenciainfra.com\/blog\/","logo":{"@type":"ImageObject","inLanguage":"pt-BR","@id":"https:\/\/agenciainfra.com\/blog\/#\/schema\/logo\/image\/","url":"https:\/\/agenciainfra.com\/blog\/wp-content\/uploads\/2023\/09\/iNFRA_5-e1761735885940.png","contentUrl":"https:\/\/agenciainfra.com\/blog\/wp-content\/uploads\/2023\/09\/iNFRA_5-e1761735885940.png","width":1672,"height":454,"caption":"Ag\u00eancia iNFRA"},"image":{"@id":"https:\/\/agenciainfra.com\/blog\/#\/schema\/logo\/image\/"},"sameAs":["https:\/\/www.facebook.com\/ageninfra","https:\/\/x.com\/agencia_infra","https:\/\/www.linkedin.com\/company\/ag\u00eanciainfra\/","https:\/\/www.instagram.com\/agenciainfra\/"]},{"@type":"Person","@id":"https:\/\/agenciainfra.com\/blog\/#\/schema\/person\/34af08dff6adea4cb22b06612ba7acfa","name":"Ag\u00eancia iNFRA","image":{"@type":"ImageObject","inLanguage":"pt-BR","@id":"https:\/\/agenciainfra.com\/blog\/#\/schema\/person\/image\/","url":"https:\/\/secure.gravatar.com\/avatar\/d189e01678f06d8eb84d4e01f08eb848b3fffe3f8443818d3c356c66892f5be8?s=96&d=mm&r=g","contentUrl":"https:\/\/secure.gravatar.com\/avatar\/d189e01678f06d8eb84d4e01f08eb848b3fffe3f8443818d3c356c66892f5be8?s=96&d=mm&r=g","caption":"Ag\u00eancia iNFRA"},"url":"https:\/\/agenciainfra.com\/blog\/author\/admin\/"}]}},"_links":{"self":[{"href":"https:\/\/agenciainfra.com\/blog\/wp-json\/wp\/v2\/posts\/33543","targetHints":{"allow":["GET"]}}],"collection":[{"href":"https:\/\/agenciainfra.com\/blog\/wp-json\/wp\/v2\/posts"}],"about":[{"href":"https:\/\/agenciainfra.com\/blog\/wp-json\/wp\/v2\/types\/post"}],"author":[{"embeddable":true,"href":"https:\/\/agenciainfra.com\/blog\/wp-json\/wp\/v2\/users\/1"}],"replies":[{"embeddable":true,"href":"https:\/\/agenciainfra.com\/blog\/wp-json\/wp\/v2\/comments?post=33543"}],"version-history":[{"count":2,"href":"https:\/\/agenciainfra.com\/blog\/wp-json\/wp\/v2\/posts\/33543\/revisions"}],"predecessor-version":[{"id":33566,"href":"https:\/\/agenciainfra.com\/blog\/wp-json\/wp\/v2\/posts\/33543\/revisions\/33566"}],"wp:featuredmedia":[{"embeddable":true,"href":"https:\/\/agenciainfra.com\/blog\/wp-json\/wp\/v2\/media\/33546"}],"wp:attachment":[{"href":"https:\/\/agenciainfra.com\/blog\/wp-json\/wp\/v2\/media?parent=33543"}],"wp:term":[{"taxonomy":"category","embeddable":true,"href":"https:\/\/agenciainfra.com\/blog\/wp-json\/wp\/v2\/categories?post=33543"},{"taxonomy":"post_tag","embeddable":true,"href":"https:\/\/agenciainfra.com\/blog\/wp-json\/wp\/v2\/tags?post=33543"}],"curies":[{"name":"wp","href":"https:\/\/api.w.org\/{rel}","templated":true}]}}