{"id":33556,"date":"2025-12-09T12:36:11","date_gmt":"2025-12-09T15:36:11","guid":{"rendered":"https:\/\/agenciainfra.com\/blog\/?p=33556"},"modified":"2025-12-09T17:26:44","modified_gmt":"2025-12-09T20:26:44","slug":"cae-aprova-proposta-do-senado-sobre-politica-de-minerais-criticos","status":"publish","type":"post","link":"https:\/\/agenciainfra.com\/blog\/cae-aprova-proposta-do-senado-sobre-politica-de-minerais-criticos\/","title":{"rendered":"CAE aprova proposta do Senado sobre Pol\u00edtica de Minerais Cr\u00edticos"},"content":{"rendered":"\n<p class=\"has-text-align-right\"><strong>Rafael Bitencourt, da Ag\u00eancia iNFRA<\/strong><\/p>\n\n\n\n<p>A CAE (Comiss\u00e3o de Assuntos Econ\u00f4micos) aprovou nesta ter\u00e7a-feira (9) o parecer do senador Esperidi\u00e3o Amin (PP-SC) sobre a PNMCE (Pol\u00edtica Nacional de Minerais Cr\u00edticos e Estrat\u00e9gicos). O <a href=\"https:\/\/www25.senado.leg.br\/web\/atividade\/materias\/-\/materia\/170309\">PL (Projeto de Lei) 4.443\/2025<\/a>, de autoria do senador Renan Calheiros (MDB-AL), seguir\u00e1 para an\u00e1lise da CI (Comiss\u00e3o de Servi\u00e7os de Infraestrutura) no pr\u00f3ximo ano.<\/p>\n\n\n\n<p>Antes da reuni\u00e3o p\u00fablica da CAE, Amin disponibilizou novo parecer acolhendo ajustes pontuais apresentados por emendas e sugest\u00f5es de \u201cassocia\u00e7\u00f5es\u201d do setor empresarial. No relat\u00f3rio, o parlamentar mencionou que recebeu, por exemplo, manifesta\u00e7\u00f5es da CNI (Confedera\u00e7\u00e3o Nacional da Ind\u00fastria) que &#8220;trouxe as preocupa\u00e7\u00f5es e anseios da ind\u00fastria&#8221;.<\/p>\n\n\n\n<p>O PL 4.443\/2025 definiu uma LBMCE (Lista Brasileira de Minerais Cr\u00edticos e Estrat\u00e9gicos). O novo relat\u00f3rio inclui os minerais nucleares e o cobre como bens estrat\u00e9gicos.<\/p>\n\n\n\n<p>Os crit\u00e9rios de gest\u00e3o das \u00e1reas associadas \u00e0 atividade de pesquisa mineral foram ajustados pelo relator. Amin definiu que a prorroga\u00e7\u00e3o do prazo outorgado seguir\u00e1 com o comando de reduzir em 50% as \u00e1reas detidas pela empresa titular do direito miner\u00e1rio, mas com prazo adicional de oito em vez dos quatro previsto no parecer anterior. Isso, disse ele, ser\u00e1 aplicado ao segundo pedido de prorroga\u00e7\u00e3o com o objetivo de \u201cevitar a perpetua\u00e7\u00e3o de autoriza\u00e7\u00f5es inertes\u201d.<\/p>\n\n\n\n<p>Na leitura do voto atualizado, Amin ressaltou que \u201ccertamente\u201d minerais cr\u00edticos e estrat\u00e9gicos, em conjunto com as terras raras, v\u00e3o representar o que o petr\u00f3leo foi ao mundo no s\u00e9culo 21. Ele avalia que a \u201c\u00fanica condi\u00e7\u00e3o\u201d que cabe colocar na nova pol\u00edtica \u00e9 garantir que o beneficiamento dos minerais ocorra no Brasil. \u201c\u00c9 necess\u00e1rio que haja uma pol\u00edtica permanente de Estado para que esse objetivo seja alcan\u00e7ado\u201d, disse<\/p>\n\n\n\n<p>Na sess\u00e3o p\u00fablica da CAE, Renan Calheiros, que \u00e9 presidente da comiss\u00e3o, informou que o PL 4.443\/2025 passar\u00e1 a tramitar em car\u00e1ter terminativo na CI, onde ser\u00e3o realizadas audi\u00eancias p\u00fablicas para aprofundar\u00a0o\u00a0debate.<\/p>\n\n\n\n<p><\/p>\n","protected":false},"excerpt":{"rendered":"<p>Rafael Bitencourt, da Ag\u00eancia iNFRA A CAE (Comiss\u00e3o de Assuntos Econ\u00f4micos) aprovou nesta ter\u00e7a-feira (9) o parecer do senador Esperidi\u00e3o Amin (PP-SC) sobre a PNMCE (Pol\u00edtica Nacional de Minerais Cr\u00edticos e Estrat\u00e9gicos). O PL (Projeto de Lei) 4.443\/2025, de autoria do senador Renan Calheiros (MDB-AL), seguir\u00e1 para an\u00e1lise da CI (Comiss\u00e3o de Servi\u00e7os de Infraestrutura) [&hellip;]<\/p>\n","protected":false},"author":1,"featured_media":33558,"comment_status":"closed","ping_status":"closed","sticky":false,"template":"","format":"standard","meta":{"_monsterinsights_skip_tracking":false,"_monsterinsights_sitenote_active":false,"_monsterinsights_sitenote_note":"","_monsterinsights_sitenote_category":0,"footnotes":""},"categories":[7250,13239],"tags":[705,1498,1104,13228,16752,13813,17395],"class_list":["post-33556","post","type-post","status-publish","format-standard","has-post-thumbnail","hentry","category-destaque-lista","category-mineracao","tag-cae","tag-comissao-de-infraestrutura","tag-esperidiao-amin","tag-minerais-criticos","tag-pl-4-443-2025","tag-rafael-bitencourt","tag-renan-calheiros"],"yoast_head":"<!-- This site is optimized with the Yoast SEO Premium plugin v25.4 (Yoast SEO v26.0) - https:\/\/yoast.com\/wordpress\/plugins\/seo\/ -->\n<title>CAE aprova proposta do Senado sobre Pol\u00edtica de Minerais Cr\u00edticos - Ag\u00eancia iNFRA<\/title>\n<meta name=\"robots\" content=\"index, follow, max-snippet:-1, max-image-preview:large, max-video-preview:-1\" \/>\n<link rel=\"canonical\" href=\"https:\/\/agenciainfra.com\/blog\/cae-aprova-proposta-do-senado-sobre-politica-de-minerais-criticos\/\" \/>\n<meta property=\"og:locale\" content=\"pt_BR\" \/>\n<meta property=\"og:type\" content=\"article\" \/>\n<meta property=\"og:title\" content=\"CAE aprova proposta do Senado sobre Pol\u00edtica de Minerais Cr\u00edticos\" \/>\n<meta property=\"og:description\" content=\"Rafael Bitencourt, da Ag\u00eancia iNFRA A CAE (Comiss\u00e3o de Assuntos Econ\u00f4micos) aprovou nesta ter\u00e7a-feira (9) o parecer do senador Esperidi\u00e3o Amin (PP-SC) sobre a PNMCE (Pol\u00edtica Nacional de Minerais Cr\u00edticos e Estrat\u00e9gicos). O PL (Projeto de Lei) 4.443\/2025, de autoria do senador Renan Calheiros (MDB-AL), seguir\u00e1 para an\u00e1lise da CI (Comiss\u00e3o de Servi\u00e7os de Infraestrutura) [&hellip;]\" \/>\n<meta property=\"og:url\" content=\"https:\/\/agenciainfra.com\/blog\/cae-aprova-proposta-do-senado-sobre-politica-de-minerais-criticos\/\" \/>\n<meta property=\"og:site_name\" content=\"Ag\u00eancia iNFRA\" \/>\n<meta property=\"article:publisher\" content=\"https:\/\/www.facebook.com\/ageninfra\" \/>\n<meta property=\"article:published_time\" content=\"2025-12-09T15:36:11+00:00\" \/>\n<meta property=\"article:modified_time\" content=\"2025-12-09T20:26:44+00:00\" \/>\n<meta property=\"og:image\" content=\"https:\/\/agenciainfra.com\/blog\/wp-content\/uploads\/2025\/12\/esperidiao-amin-foto-edilson_rodrigues-agencia-senado-e1765294305268.jpg\" \/>\n\t<meta property=\"og:image:width\" content=\"1280\" \/>\n\t<meta property=\"og:image:height\" content=\"780\" \/>\n\t<meta property=\"og:image:type\" content=\"image\/jpeg\" \/>\n<meta name=\"author\" content=\"Ag\u00eancia iNFRA\" \/>\n<meta name=\"twitter:card\" content=\"summary_large_image\" \/>\n<meta name=\"twitter:creator\" content=\"@agencia_infra\" \/>\n<meta name=\"twitter:site\" content=\"@agencia_infra\" \/>\n<meta name=\"twitter:label1\" content=\"Escrito por\" \/>\n\t<meta name=\"twitter:data1\" content=\"Ag\u00eancia iNFRA\" \/>\n\t<meta name=\"twitter:label2\" content=\"Est. tempo de leitura\" \/>\n\t<meta name=\"twitter:data2\" content=\"2 minutos\" \/>\n<script type=\"application\/ld+json\" class=\"yoast-schema-graph\">{\"@context\":\"https:\/\/schema.org\",\"@graph\":[{\"@type\":\"Article\",\"@id\":\"https:\/\/agenciainfra.com\/blog\/cae-aprova-proposta-do-senado-sobre-politica-de-minerais-criticos\/#article\",\"isPartOf\":{\"@id\":\"https:\/\/agenciainfra.com\/blog\/cae-aprova-proposta-do-senado-sobre-politica-de-minerais-criticos\/\"},\"author\":{\"name\":\"Ag\u00eancia iNFRA\",\"@id\":\"https:\/\/agenciainfra.com\/blog\/#\/schema\/person\/34af08dff6adea4cb22b06612ba7acfa\"},\"headline\":\"CAE aprova proposta do Senado sobre Pol\u00edtica de Minerais Cr\u00edticos\",\"datePublished\":\"2025-12-09T15:36:11+00:00\",\"dateModified\":\"2025-12-09T20:26:44+00:00\",\"mainEntityOfPage\":{\"@id\":\"https:\/\/agenciainfra.com\/blog\/cae-aprova-proposta-do-senado-sobre-politica-de-minerais-criticos\/\"},\"wordCount\":361,\"publisher\":{\"@id\":\"https:\/\/agenciainfra.com\/blog\/#organization\"},\"image\":{\"@id\":\"https:\/\/agenciainfra.com\/blog\/cae-aprova-proposta-do-senado-sobre-politica-de-minerais-criticos\/#primaryimage\"},\"thumbnailUrl\":\"https:\/\/agenciainfra.com\/blog\/wp-content\/uploads\/2025\/12\/esperidiao-amin-foto-edilson_rodrigues-agencia-senado-e1765294305268.jpg\",\"keywords\":[\"CAE\",\"Comiss\u00e3o de Infraestrutura\",\"Esperidi\u00e3o Amin\",\"minerais cr\u00edticos\",\"PL 4.443\/2025\",\"Rafael Bitencourt\",\"Renan Calheiros\"],\"articleSection\":[\"Destaque lista\",\"Minera\u00e7\u00e3o\"],\"inLanguage\":\"pt-BR\",\"copyrightYear\":\"2025\",\"copyrightHolder\":{\"@id\":\"https:\/\/agenciainfra.com\/blog\/#organization\"}},{\"@type\":\"WebPage\",\"@id\":\"https:\/\/agenciainfra.com\/blog\/cae-aprova-proposta-do-senado-sobre-politica-de-minerais-criticos\/\",\"url\":\"https:\/\/agenciainfra.com\/blog\/cae-aprova-proposta-do-senado-sobre-politica-de-minerais-criticos\/\",\"name\":\"CAE aprova proposta do Senado sobre Pol\u00edtica de Minerais Cr\u00edticos - Ag\u00eancia iNFRA\",\"isPartOf\":{\"@id\":\"https:\/\/agenciainfra.com\/blog\/#website\"},\"primaryImageOfPage\":{\"@id\":\"https:\/\/agenciainfra.com\/blog\/cae-aprova-proposta-do-senado-sobre-politica-de-minerais-criticos\/#primaryimage\"},\"image\":{\"@id\":\"https:\/\/agenciainfra.com\/blog\/cae-aprova-proposta-do-senado-sobre-politica-de-minerais-criticos\/#primaryimage\"},\"thumbnailUrl\":\"https:\/\/agenciainfra.com\/blog\/wp-content\/uploads\/2025\/12\/esperidiao-amin-foto-edilson_rodrigues-agencia-senado-e1765294305268.jpg\",\"datePublished\":\"2025-12-09T15:36:11+00:00\",\"dateModified\":\"2025-12-09T20:26:44+00:00\",\"breadcrumb\":{\"@id\":\"https:\/\/agenciainfra.com\/blog\/cae-aprova-proposta-do-senado-sobre-politica-de-minerais-criticos\/#breadcrumb\"},\"inLanguage\":\"pt-BR\",\"potentialAction\":[{\"@type\":\"ReadAction\",\"target\":[\"https:\/\/agenciainfra.com\/blog\/cae-aprova-proposta-do-senado-sobre-politica-de-minerais-criticos\/\"]}]},{\"@type\":\"ImageObject\",\"inLanguage\":\"pt-BR\",\"@id\":\"https:\/\/agenciainfra.com\/blog\/cae-aprova-proposta-do-senado-sobre-politica-de-minerais-criticos\/#primaryimage\",\"url\":\"https:\/\/agenciainfra.com\/blog\/wp-content\/uploads\/2025\/12\/esperidiao-amin-foto-edilson_rodrigues-agencia-senado-e1765294305268.jpg\",\"contentUrl\":\"https:\/\/agenciainfra.com\/blog\/wp-content\/uploads\/2025\/12\/esperidiao-amin-foto-edilson_rodrigues-agencia-senado-e1765294305268.jpg\",\"width\":1280,\"height\":780,\"caption\":\"Foto: Edilson Rodrigues\/Ag\u00eancia Senado\"},{\"@type\":\"BreadcrumbList\",\"@id\":\"https:\/\/agenciainfra.com\/blog\/cae-aprova-proposta-do-senado-sobre-politica-de-minerais-criticos\/#breadcrumb\",\"itemListElement\":[{\"@type\":\"ListItem\",\"position\":1,\"name\":\"In\u00edcio\",\"item\":\"https:\/\/agenciainfra.com\/blog\/\"},{\"@type\":\"ListItem\",\"position\":2,\"name\":\"CAE aprova proposta do Senado sobre Pol\u00edtica de Minerais Cr\u00edticos\"}]},{\"@type\":\"WebSite\",\"@id\":\"https:\/\/agenciainfra.com\/blog\/#website\",\"url\":\"https:\/\/agenciainfra.com\/blog\/\",\"name\":\"Ag\u00eancia iNFRA\",\"description\":\"Multiplataforma de informa\u00e7\u00e3o jornal\u00edstica refer\u00eancia na \u00e1rea de infraestrutura no Brasil!\",\"publisher\":{\"@id\":\"https:\/\/agenciainfra.com\/blog\/#organization\"},\"potentialAction\":[{\"@type\":\"SearchAction\",\"target\":{\"@type\":\"EntryPoint\",\"urlTemplate\":\"https:\/\/agenciainfra.com\/blog\/?s={search_term_string}\"},\"query-input\":{\"@type\":\"PropertyValueSpecification\",\"valueRequired\":true,\"valueName\":\"search_term_string\"}}],\"inLanguage\":\"pt-BR\"},{\"@type\":\"Organization\",\"@id\":\"https:\/\/agenciainfra.com\/blog\/#organization\",\"name\":\"Ag\u00eancia iNFRA\",\"url\":\"https:\/\/agenciainfra.com\/blog\/\",\"logo\":{\"@type\":\"ImageObject\",\"inLanguage\":\"pt-BR\",\"@id\":\"https:\/\/agenciainfra.com\/blog\/#\/schema\/logo\/image\/\",\"url\":\"https:\/\/agenciainfra.com\/blog\/wp-content\/uploads\/2023\/09\/iNFRA_5-e1761735885940.png\",\"contentUrl\":\"https:\/\/agenciainfra.com\/blog\/wp-content\/uploads\/2023\/09\/iNFRA_5-e1761735885940.png\",\"width\":1672,\"height\":454,\"caption\":\"Ag\u00eancia iNFRA\"},\"image\":{\"@id\":\"https:\/\/agenciainfra.com\/blog\/#\/schema\/logo\/image\/\"},\"sameAs\":[\"https:\/\/www.facebook.com\/ageninfra\",\"https:\/\/x.com\/agencia_infra\",\"https:\/\/www.linkedin.com\/company\/ag\u00eanciainfra\/\",\"https:\/\/www.instagram.com\/agenciainfra\/\"]},{\"@type\":\"Person\",\"@id\":\"https:\/\/agenciainfra.com\/blog\/#\/schema\/person\/34af08dff6adea4cb22b06612ba7acfa\",\"name\":\"Ag\u00eancia iNFRA\",\"image\":{\"@type\":\"ImageObject\",\"inLanguage\":\"pt-BR\",\"@id\":\"https:\/\/agenciainfra.com\/blog\/#\/schema\/person\/image\/\",\"url\":\"https:\/\/secure.gravatar.com\/avatar\/d189e01678f06d8eb84d4e01f08eb848b3fffe3f8443818d3c356c66892f5be8?s=96&d=mm&r=g\",\"contentUrl\":\"https:\/\/secure.gravatar.com\/avatar\/d189e01678f06d8eb84d4e01f08eb848b3fffe3f8443818d3c356c66892f5be8?s=96&d=mm&r=g\",\"caption\":\"Ag\u00eancia iNFRA\"},\"url\":\"https:\/\/agenciainfra.com\/blog\/author\/admin\/\"}]}<\/script>\n<!-- \/ Yoast SEO Premium plugin. -->","yoast_head_json":{"title":"CAE aprova proposta do Senado sobre Pol\u00edtica de Minerais Cr\u00edticos - Ag\u00eancia iNFRA","robots":{"index":"index","follow":"follow","max-snippet":"max-snippet:-1","max-image-preview":"max-image-preview:large","max-video-preview":"max-video-preview:-1"},"canonical":"https:\/\/agenciainfra.com\/blog\/cae-aprova-proposta-do-senado-sobre-politica-de-minerais-criticos\/","og_locale":"pt_BR","og_type":"article","og_title":"CAE aprova proposta do Senado sobre Pol\u00edtica de Minerais Cr\u00edticos","og_description":"Rafael Bitencourt, da Ag\u00eancia iNFRA A CAE (Comiss\u00e3o de Assuntos Econ\u00f4micos) aprovou nesta ter\u00e7a-feira (9) o parecer do senador Esperidi\u00e3o Amin (PP-SC) sobre a PNMCE (Pol\u00edtica Nacional de Minerais Cr\u00edticos e Estrat\u00e9gicos). O PL (Projeto de Lei) 4.443\/2025, de autoria do senador Renan Calheiros (MDB-AL), seguir\u00e1 para an\u00e1lise da CI (Comiss\u00e3o de Servi\u00e7os de Infraestrutura) [&hellip;]","og_url":"https:\/\/agenciainfra.com\/blog\/cae-aprova-proposta-do-senado-sobre-politica-de-minerais-criticos\/","og_site_name":"Ag\u00eancia iNFRA","article_publisher":"https:\/\/www.facebook.com\/ageninfra","article_published_time":"2025-12-09T15:36:11+00:00","article_modified_time":"2025-12-09T20:26:44+00:00","og_image":[{"width":1280,"height":780,"url":"https:\/\/agenciainfra.com\/blog\/wp-content\/uploads\/2025\/12\/esperidiao-amin-foto-edilson_rodrigues-agencia-senado-e1765294305268.jpg","type":"image\/jpeg"}],"author":"Ag\u00eancia iNFRA","twitter_card":"summary_large_image","twitter_creator":"@agencia_infra","twitter_site":"@agencia_infra","twitter_misc":{"Escrito por":"Ag\u00eancia iNFRA","Est. tempo de leitura":"2 minutos"},"schema":{"@context":"https:\/\/schema.org","@graph":[{"@type":"Article","@id":"https:\/\/agenciainfra.com\/blog\/cae-aprova-proposta-do-senado-sobre-politica-de-minerais-criticos\/#article","isPartOf":{"@id":"https:\/\/agenciainfra.com\/blog\/cae-aprova-proposta-do-senado-sobre-politica-de-minerais-criticos\/"},"author":{"name":"Ag\u00eancia iNFRA","@id":"https:\/\/agenciainfra.com\/blog\/#\/schema\/person\/34af08dff6adea4cb22b06612ba7acfa"},"headline":"CAE aprova proposta do Senado sobre Pol\u00edtica de Minerais Cr\u00edticos","datePublished":"2025-12-09T15:36:11+00:00","dateModified":"2025-12-09T20:26:44+00:00","mainEntityOfPage":{"@id":"https:\/\/agenciainfra.com\/blog\/cae-aprova-proposta-do-senado-sobre-politica-de-minerais-criticos\/"},"wordCount":361,"publisher":{"@id":"https:\/\/agenciainfra.com\/blog\/#organization"},"image":{"@id":"https:\/\/agenciainfra.com\/blog\/cae-aprova-proposta-do-senado-sobre-politica-de-minerais-criticos\/#primaryimage"},"thumbnailUrl":"https:\/\/agenciainfra.com\/blog\/wp-content\/uploads\/2025\/12\/esperidiao-amin-foto-edilson_rodrigues-agencia-senado-e1765294305268.jpg","keywords":["CAE","Comiss\u00e3o de Infraestrutura","Esperidi\u00e3o Amin","minerais cr\u00edticos","PL 4.443\/2025","Rafael Bitencourt","Renan Calheiros"],"articleSection":["Destaque lista","Minera\u00e7\u00e3o"],"inLanguage":"pt-BR","copyrightYear":"2025","copyrightHolder":{"@id":"https:\/\/agenciainfra.com\/blog\/#organization"}},{"@type":"WebPage","@id":"https:\/\/agenciainfra.com\/blog\/cae-aprova-proposta-do-senado-sobre-politica-de-minerais-criticos\/","url":"https:\/\/agenciainfra.com\/blog\/cae-aprova-proposta-do-senado-sobre-politica-de-minerais-criticos\/","name":"CAE aprova proposta do Senado sobre Pol\u00edtica de Minerais Cr\u00edticos - Ag\u00eancia iNFRA","isPartOf":{"@id":"https:\/\/agenciainfra.com\/blog\/#website"},"primaryImageOfPage":{"@id":"https:\/\/agenciainfra.com\/blog\/cae-aprova-proposta-do-senado-sobre-politica-de-minerais-criticos\/#primaryimage"},"image":{"@id":"https:\/\/agenciainfra.com\/blog\/cae-aprova-proposta-do-senado-sobre-politica-de-minerais-criticos\/#primaryimage"},"thumbnailUrl":"https:\/\/agenciainfra.com\/blog\/wp-content\/uploads\/2025\/12\/esperidiao-amin-foto-edilson_rodrigues-agencia-senado-e1765294305268.jpg","datePublished":"2025-12-09T15:36:11+00:00","dateModified":"2025-12-09T20:26:44+00:00","breadcrumb":{"@id":"https:\/\/agenciainfra.com\/blog\/cae-aprova-proposta-do-senado-sobre-politica-de-minerais-criticos\/#breadcrumb"},"inLanguage":"pt-BR","potentialAction":[{"@type":"ReadAction","target":["https:\/\/agenciainfra.com\/blog\/cae-aprova-proposta-do-senado-sobre-politica-de-minerais-criticos\/"]}]},{"@type":"ImageObject","inLanguage":"pt-BR","@id":"https:\/\/agenciainfra.com\/blog\/cae-aprova-proposta-do-senado-sobre-politica-de-minerais-criticos\/#primaryimage","url":"https:\/\/agenciainfra.com\/blog\/wp-content\/uploads\/2025\/12\/esperidiao-amin-foto-edilson_rodrigues-agencia-senado-e1765294305268.jpg","contentUrl":"https:\/\/agenciainfra.com\/blog\/wp-content\/uploads\/2025\/12\/esperidiao-amin-foto-edilson_rodrigues-agencia-senado-e1765294305268.jpg","width":1280,"height":780,"caption":"Foto: Edilson Rodrigues\/Ag\u00eancia Senado"},{"@type":"BreadcrumbList","@id":"https:\/\/agenciainfra.com\/blog\/cae-aprova-proposta-do-senado-sobre-politica-de-minerais-criticos\/#breadcrumb","itemListElement":[{"@type":"ListItem","position":1,"name":"In\u00edcio","item":"https:\/\/agenciainfra.com\/blog\/"},{"@type":"ListItem","position":2,"name":"CAE aprova proposta do Senado sobre Pol\u00edtica de Minerais Cr\u00edticos"}]},{"@type":"WebSite","@id":"https:\/\/agenciainfra.com\/blog\/#website","url":"https:\/\/agenciainfra.com\/blog\/","name":"Ag\u00eancia iNFRA","description":"Multiplataforma de informa\u00e7\u00e3o jornal\u00edstica refer\u00eancia na \u00e1rea de infraestrutura no Brasil!","publisher":{"@id":"https:\/\/agenciainfra.com\/blog\/#organization"},"potentialAction":[{"@type":"SearchAction","target":{"@type":"EntryPoint","urlTemplate":"https:\/\/agenciainfra.com\/blog\/?s={search_term_string}"},"query-input":{"@type":"PropertyValueSpecification","valueRequired":true,"valueName":"search_term_string"}}],"inLanguage":"pt-BR"},{"@type":"Organization","@id":"https:\/\/agenciainfra.com\/blog\/#organization","name":"Ag\u00eancia iNFRA","url":"https:\/\/agenciainfra.com\/blog\/","logo":{"@type":"ImageObject","inLanguage":"pt-BR","@id":"https:\/\/agenciainfra.com\/blog\/#\/schema\/logo\/image\/","url":"https:\/\/agenciainfra.com\/blog\/wp-content\/uploads\/2023\/09\/iNFRA_5-e1761735885940.png","contentUrl":"https:\/\/agenciainfra.com\/blog\/wp-content\/uploads\/2023\/09\/iNFRA_5-e1761735885940.png","width":1672,"height":454,"caption":"Ag\u00eancia iNFRA"},"image":{"@id":"https:\/\/agenciainfra.com\/blog\/#\/schema\/logo\/image\/"},"sameAs":["https:\/\/www.facebook.com\/ageninfra","https:\/\/x.com\/agencia_infra","https:\/\/www.linkedin.com\/company\/ag\u00eanciainfra\/","https:\/\/www.instagram.com\/agenciainfra\/"]},{"@type":"Person","@id":"https:\/\/agenciainfra.com\/blog\/#\/schema\/person\/34af08dff6adea4cb22b06612ba7acfa","name":"Ag\u00eancia iNFRA","image":{"@type":"ImageObject","inLanguage":"pt-BR","@id":"https:\/\/agenciainfra.com\/blog\/#\/schema\/person\/image\/","url":"https:\/\/secure.gravatar.com\/avatar\/d189e01678f06d8eb84d4e01f08eb848b3fffe3f8443818d3c356c66892f5be8?s=96&d=mm&r=g","contentUrl":"https:\/\/secure.gravatar.com\/avatar\/d189e01678f06d8eb84d4e01f08eb848b3fffe3f8443818d3c356c66892f5be8?s=96&d=mm&r=g","caption":"Ag\u00eancia iNFRA"},"url":"https:\/\/agenciainfra.com\/blog\/author\/admin\/"}]}},"_links":{"self":[{"href":"https:\/\/agenciainfra.com\/blog\/wp-json\/wp\/v2\/posts\/33556","targetHints":{"allow":["GET"]}}],"collection":[{"href":"https:\/\/agenciainfra.com\/blog\/wp-json\/wp\/v2\/posts"}],"about":[{"href":"https:\/\/agenciainfra.com\/blog\/wp-json\/wp\/v2\/types\/post"}],"author":[{"embeddable":true,"href":"https:\/\/agenciainfra.com\/blog\/wp-json\/wp\/v2\/users\/1"}],"replies":[{"embeddable":true,"href":"https:\/\/agenciainfra.com\/blog\/wp-json\/wp\/v2\/comments?post=33556"}],"version-history":[{"count":1,"href":"https:\/\/agenciainfra.com\/blog\/wp-json\/wp\/v2\/posts\/33556\/revisions"}],"predecessor-version":[{"id":33559,"href":"https:\/\/agenciainfra.com\/blog\/wp-json\/wp\/v2\/posts\/33556\/revisions\/33559"}],"wp:featuredmedia":[{"embeddable":true,"href":"https:\/\/agenciainfra.com\/blog\/wp-json\/wp\/v2\/media\/33558"}],"wp:attachment":[{"href":"https:\/\/agenciainfra.com\/blog\/wp-json\/wp\/v2\/media?parent=33556"}],"wp:term":[{"taxonomy":"category","embeddable":true,"href":"https:\/\/agenciainfra.com\/blog\/wp-json\/wp\/v2\/categories?post=33556"},{"taxonomy":"post_tag","embeddable":true,"href":"https:\/\/agenciainfra.com\/blog\/wp-json\/wp\/v2\/tags?post=33556"}],"curies":[{"name":"wp","href":"https:\/\/api.w.org\/{rel}","templated":true}]}}