{"id":33560,"date":"2025-12-09T13:00:00","date_gmt":"2025-12-09T16:00:00","guid":{"rendered":"https:\/\/agenciainfra.com\/blog\/?p=33560"},"modified":"2025-12-09T18:26:59","modified_gmt":"2025-12-09T21:26:59","slug":"ppsa-vai-comercializar-1065-mi-de-barris-de-petroleo-em-julho-de-2026","status":"publish","type":"post","link":"https:\/\/agenciainfra.com\/blog\/ppsa-vai-comercializar-1065-mi-de-barris-de-petroleo-em-julho-de-2026\/","title":{"rendered":"PPSA vai comercializar 106,5 mi de barris de petr\u00f3leo em julho de 2026"},"content":{"rendered":"\n<p class=\"has-text-align-right\"><strong>Gabriel Vasconcelos, da Ag\u00eancia iNFRA<\/strong><\/p>\n\n\n\n<p>A PPSA (Pr\u00e9-Sal Petr\u00f3leo S.A) anunciou que vai comercializar 106,5 milh\u00f5es de barris de petr\u00f3leo da Uni\u00e3o em um novo leil\u00e3o, o sexto de cargas produzidas da empresa p\u00fablica, marcado para 29 de julho de 2026, na B3, em S\u00e3o Paulo.<\/p>\n\n\n\n<p>O an\u00fancio foi feito nesta ter\u00e7a-feira (9), pelo superintendente de Comercializa\u00e7\u00e3o de Petr\u00f3leo da PPSA, Guilherme Fran\u00e7a, durante o F\u00f3rum T\u00e9cnico PPSA 2025, que acontece no Rio de Janeiro.<\/p>\n\n\n\n<p>Segundo Fran\u00e7a, esse \u00f3leo vir\u00e1 dos campos de Mero, Itapu, Atapu, S\u00e9pia, B\u00fazios e Bacalhau. O leil\u00e3o ser\u00e1 dividido em lotes. Ser\u00e3o ofertados 64 milh\u00f5es de barris de petr\u00f3leo de Mero, 21,5 milh\u00f5es de barris de B\u00fazios, 13 milh\u00f5es de Bacalhau, 4 milh\u00f5es de Itapu, 2 milh\u00f5es de S\u00e9pia e outros 2 milh\u00f5es de Atapu, segundo a PPSA. A maior parte das cargas ser\u00e3o entregues ao longo de 2027.<\/p>\n\n\n\n<p><strong>Expectativa para 2026<br><\/strong>Mais cedo, o presidente da PPSA, Luis Fernando Paroli, disse que a empresa, que gere os contratos de partilha no pr\u00e9-sal, vai arrecadar R$ 30,6 bilh\u00f5es em 2025, e deve obter R$ 28 bilh\u00f5es em 2026.<\/p>\n\n\n\n<p>A principal diferen\u00e7a foi a realiza\u00e7\u00e3o do leil\u00e3o de \u00e1reas n\u00e3o contratadas do pr\u00e9-sal, que responder\u00e1 por R$ 8,79 bilh\u00f5es da arrecada\u00e7\u00e3o total da empresa em 2025. Essa fonte poder\u00e1 ou n\u00e3o se repetir em 2026. Isso porque uma das \u00e1reas n\u00e3o contratadas da Bacia de Santos colocadas \u00e0 venda este ano, a da jazida compartilhada de Tupi, n\u00e3o foi arrematada e poderia voltar em um novo leil\u00e3o desse tipo. Outra \u00e1rea n\u00e3o contratada no pr\u00e9-sal que poderia ser colocada \u00e0 venda \u00e9 a da jazida de Jubarte, na Bacia de Campos.<\/p>\n\n\n\n<p>Segundo fontes da PPSA, ainda n\u00e3o h\u00e1 sinaliza\u00e7\u00e3o do governo sobre a realiza\u00e7\u00e3o de um novo leil\u00e3o desse tipo, que, na pr\u00e1tica, antecipa receitas do pr\u00e9-sal ao governo. Mas \u00e9 consenso que, se a inten\u00e7\u00e3o for repetir a dose em 2026, seria importante ter uma decis\u00e3o ainda no in\u00edcio do ano, porque, entre outros fatores, haver\u00e1 maior tempo de avalia\u00e7\u00e3o e rigor por parte do TCU (Tribunal de Contas da Uni\u00e3o) com rela\u00e7\u00e3o a um&nbsp;novo&nbsp;certame.<\/p>\n","protected":false},"excerpt":{"rendered":"<p>Gabriel Vasconcelos, da Ag\u00eancia iNFRA A PPSA (Pr\u00e9-Sal Petr\u00f3leo S.A) anunciou que vai comercializar 106,5 milh\u00f5es de barris de petr\u00f3leo da Uni\u00e3o em um novo leil\u00e3o, o sexto de cargas produzidas da empresa p\u00fablica, marcado para 29 de julho de 2026, na B3, em S\u00e3o Paulo. O an\u00fancio foi feito nesta ter\u00e7a-feira (9), pelo superintendente [&hellip;]<\/p>\n","protected":false},"author":1,"featured_media":21849,"comment_status":"closed","ping_status":"closed","sticky":false,"template":"","format":"standard","meta":{"_monsterinsights_skip_tracking":false,"_monsterinsights_sitenote_active":false,"_monsterinsights_sitenote_note":"","_monsterinsights_sitenote_category":0,"footnotes":""},"categories":[7250,13271],"tags":[17396,13251,17397,13728,17399,213,3030,344],"class_list":["post-33560","post","type-post","status-publish","format-standard","has-post-thumbnail","hentry","category-destaque-lista","category-oleo-gas","tag-forum-tecnico-ppsa-2025","tag-gabriel-vasconcelos","tag-guilherme-franca-ppsa","tag-leilao-ppsa","tag-luis-fernando-paroli-ppsa","tag-petroleo","tag-ppsa","tag-pre-sal"],"yoast_head":"<!-- This site is optimized with the Yoast SEO Premium plugin v25.4 (Yoast SEO v26.0) - https:\/\/yoast.com\/wordpress\/plugins\/seo\/ -->\n<title>PPSA vai comercializar 106,5 mi de barris de petr\u00f3leo em julho de 2026 - Ag\u00eancia iNFRA<\/title>\n<meta name=\"robots\" content=\"index, follow, max-snippet:-1, max-image-preview:large, max-video-preview:-1\" \/>\n<link rel=\"canonical\" href=\"https:\/\/agenciainfra.com\/blog\/ppsa-vai-comercializar-1065-mi-de-barris-de-petroleo-em-julho-de-2026\/\" \/>\n<meta property=\"og:locale\" content=\"pt_BR\" \/>\n<meta property=\"og:type\" content=\"article\" \/>\n<meta property=\"og:title\" content=\"PPSA vai comercializar 106,5 mi de barris de petr\u00f3leo em julho de 2026\" \/>\n<meta property=\"og:description\" content=\"Gabriel Vasconcelos, da Ag\u00eancia iNFRA A PPSA (Pr\u00e9-Sal Petr\u00f3leo S.A) anunciou que vai comercializar 106,5 milh\u00f5es de barris de petr\u00f3leo da Uni\u00e3o em um novo leil\u00e3o, o sexto de cargas produzidas da empresa p\u00fablica, marcado para 29 de julho de 2026, na B3, em S\u00e3o Paulo. O an\u00fancio foi feito nesta ter\u00e7a-feira (9), pelo superintendente [&hellip;]\" \/>\n<meta property=\"og:url\" content=\"https:\/\/agenciainfra.com\/blog\/ppsa-vai-comercializar-1065-mi-de-barris-de-petroleo-em-julho-de-2026\/\" \/>\n<meta property=\"og:site_name\" content=\"Ag\u00eancia iNFRA\" \/>\n<meta property=\"article:publisher\" content=\"https:\/\/www.facebook.com\/ageninfra\" \/>\n<meta property=\"article:published_time\" content=\"2025-12-09T16:00:00+00:00\" \/>\n<meta property=\"article:modified_time\" content=\"2025-12-09T21:26:59+00:00\" \/>\n<meta property=\"og:image\" content=\"https:\/\/agenciainfra.com\/blog\/wp-content\/uploads\/2025\/05\/petroleo-ppsa-foto-andre_ribeiro_agencia-petrobras.png\" \/>\n\t<meta property=\"og:image:width\" content=\"1170\" \/>\n\t<meta property=\"og:image:height\" content=\"700\" \/>\n\t<meta property=\"og:image:type\" content=\"image\/png\" \/>\n<meta name=\"author\" content=\"Ag\u00eancia iNFRA\" \/>\n<meta name=\"twitter:card\" content=\"summary_large_image\" \/>\n<meta name=\"twitter:creator\" content=\"@agencia_infra\" \/>\n<meta name=\"twitter:site\" content=\"@agencia_infra\" \/>\n<meta name=\"twitter:label1\" content=\"Escrito por\" \/>\n\t<meta name=\"twitter:data1\" content=\"Ag\u00eancia iNFRA\" \/>\n\t<meta name=\"twitter:label2\" content=\"Est. tempo de leitura\" \/>\n\t<meta name=\"twitter:data2\" content=\"2 minutos\" \/>\n<script type=\"application\/ld+json\" class=\"yoast-schema-graph\">{\"@context\":\"https:\/\/schema.org\",\"@graph\":[{\"@type\":\"Article\",\"@id\":\"https:\/\/agenciainfra.com\/blog\/ppsa-vai-comercializar-1065-mi-de-barris-de-petroleo-em-julho-de-2026\/#article\",\"isPartOf\":{\"@id\":\"https:\/\/agenciainfra.com\/blog\/ppsa-vai-comercializar-1065-mi-de-barris-de-petroleo-em-julho-de-2026\/\"},\"author\":{\"name\":\"Ag\u00eancia iNFRA\",\"@id\":\"https:\/\/agenciainfra.com\/blog\/#\/schema\/person\/34af08dff6adea4cb22b06612ba7acfa\"},\"headline\":\"PPSA vai comercializar 106,5 mi de barris de petr\u00f3leo em julho de 2026\",\"datePublished\":\"2025-12-09T16:00:00+00:00\",\"dateModified\":\"2025-12-09T21:26:59+00:00\",\"mainEntityOfPage\":{\"@id\":\"https:\/\/agenciainfra.com\/blog\/ppsa-vai-comercializar-1065-mi-de-barris-de-petroleo-em-julho-de-2026\/\"},\"wordCount\":401,\"publisher\":{\"@id\":\"https:\/\/agenciainfra.com\/blog\/#organization\"},\"image\":{\"@id\":\"https:\/\/agenciainfra.com\/blog\/ppsa-vai-comercializar-1065-mi-de-barris-de-petroleo-em-julho-de-2026\/#primaryimage\"},\"thumbnailUrl\":\"https:\/\/agenciainfra.com\/blog\/wp-content\/uploads\/2025\/05\/petroleo-ppsa-foto-andre_ribeiro_agencia-petrobras.png\",\"keywords\":[\"F\u00f3rum T\u00e9cnico PPSA 2025\",\"Gabriel Vasconcelos\",\"Guilherme Fran\u00e7a PPSA\",\"leil\u00e3o ppsa\",\"Luis Fernando Paroli PPSA\",\"petr\u00f3leo\",\"PPSA\",\"pr\u00e9-sal\"],\"articleSection\":[\"Destaque lista\",\"\u00d3leo &amp; G\u00e1s\"],\"inLanguage\":\"pt-BR\",\"copyrightYear\":\"2025\",\"copyrightHolder\":{\"@id\":\"https:\/\/agenciainfra.com\/blog\/#organization\"}},{\"@type\":\"WebPage\",\"@id\":\"https:\/\/agenciainfra.com\/blog\/ppsa-vai-comercializar-1065-mi-de-barris-de-petroleo-em-julho-de-2026\/\",\"url\":\"https:\/\/agenciainfra.com\/blog\/ppsa-vai-comercializar-1065-mi-de-barris-de-petroleo-em-julho-de-2026\/\",\"name\":\"PPSA vai comercializar 106,5 mi de barris de petr\u00f3leo em julho de 2026 - Ag\u00eancia iNFRA\",\"isPartOf\":{\"@id\":\"https:\/\/agenciainfra.com\/blog\/#website\"},\"primaryImageOfPage\":{\"@id\":\"https:\/\/agenciainfra.com\/blog\/ppsa-vai-comercializar-1065-mi-de-barris-de-petroleo-em-julho-de-2026\/#primaryimage\"},\"image\":{\"@id\":\"https:\/\/agenciainfra.com\/blog\/ppsa-vai-comercializar-1065-mi-de-barris-de-petroleo-em-julho-de-2026\/#primaryimage\"},\"thumbnailUrl\":\"https:\/\/agenciainfra.com\/blog\/wp-content\/uploads\/2025\/05\/petroleo-ppsa-foto-andre_ribeiro_agencia-petrobras.png\",\"datePublished\":\"2025-12-09T16:00:00+00:00\",\"dateModified\":\"2025-12-09T21:26:59+00:00\",\"breadcrumb\":{\"@id\":\"https:\/\/agenciainfra.com\/blog\/ppsa-vai-comercializar-1065-mi-de-barris-de-petroleo-em-julho-de-2026\/#breadcrumb\"},\"inLanguage\":\"pt-BR\",\"potentialAction\":[{\"@type\":\"ReadAction\",\"target\":[\"https:\/\/agenciainfra.com\/blog\/ppsa-vai-comercializar-1065-mi-de-barris-de-petroleo-em-julho-de-2026\/\"]}]},{\"@type\":\"ImageObject\",\"inLanguage\":\"pt-BR\",\"@id\":\"https:\/\/agenciainfra.com\/blog\/ppsa-vai-comercializar-1065-mi-de-barris-de-petroleo-em-julho-de-2026\/#primaryimage\",\"url\":\"https:\/\/agenciainfra.com\/blog\/wp-content\/uploads\/2025\/05\/petroleo-ppsa-foto-andre_ribeiro_agencia-petrobras.png\",\"contentUrl\":\"https:\/\/agenciainfra.com\/blog\/wp-content\/uploads\/2025\/05\/petroleo-ppsa-foto-andre_ribeiro_agencia-petrobras.png\",\"width\":1170,\"height\":700,\"caption\":\"Foto: Andr\u00e9 Ribeiro\/Ag\u00eancia Petrobras\"},{\"@type\":\"BreadcrumbList\",\"@id\":\"https:\/\/agenciainfra.com\/blog\/ppsa-vai-comercializar-1065-mi-de-barris-de-petroleo-em-julho-de-2026\/#breadcrumb\",\"itemListElement\":[{\"@type\":\"ListItem\",\"position\":1,\"name\":\"In\u00edcio\",\"item\":\"https:\/\/agenciainfra.com\/blog\/\"},{\"@type\":\"ListItem\",\"position\":2,\"name\":\"PPSA vai comercializar 106,5 mi de barris de petr\u00f3leo em julho de 2026\"}]},{\"@type\":\"WebSite\",\"@id\":\"https:\/\/agenciainfra.com\/blog\/#website\",\"url\":\"https:\/\/agenciainfra.com\/blog\/\",\"name\":\"Ag\u00eancia iNFRA\",\"description\":\"Multiplataforma de informa\u00e7\u00e3o jornal\u00edstica refer\u00eancia na \u00e1rea de infraestrutura no Brasil!\",\"publisher\":{\"@id\":\"https:\/\/agenciainfra.com\/blog\/#organization\"},\"potentialAction\":[{\"@type\":\"SearchAction\",\"target\":{\"@type\":\"EntryPoint\",\"urlTemplate\":\"https:\/\/agenciainfra.com\/blog\/?s={search_term_string}\"},\"query-input\":{\"@type\":\"PropertyValueSpecification\",\"valueRequired\":true,\"valueName\":\"search_term_string\"}}],\"inLanguage\":\"pt-BR\"},{\"@type\":\"Organization\",\"@id\":\"https:\/\/agenciainfra.com\/blog\/#organization\",\"name\":\"Ag\u00eancia iNFRA\",\"url\":\"https:\/\/agenciainfra.com\/blog\/\",\"logo\":{\"@type\":\"ImageObject\",\"inLanguage\":\"pt-BR\",\"@id\":\"https:\/\/agenciainfra.com\/blog\/#\/schema\/logo\/image\/\",\"url\":\"https:\/\/agenciainfra.com\/blog\/wp-content\/uploads\/2023\/09\/iNFRA_5-e1761735885940.png\",\"contentUrl\":\"https:\/\/agenciainfra.com\/blog\/wp-content\/uploads\/2023\/09\/iNFRA_5-e1761735885940.png\",\"width\":1672,\"height\":454,\"caption\":\"Ag\u00eancia iNFRA\"},\"image\":{\"@id\":\"https:\/\/agenciainfra.com\/blog\/#\/schema\/logo\/image\/\"},\"sameAs\":[\"https:\/\/www.facebook.com\/ageninfra\",\"https:\/\/x.com\/agencia_infra\",\"https:\/\/www.linkedin.com\/company\/ag\u00eanciainfra\/\",\"https:\/\/www.instagram.com\/agenciainfra\/\"]},{\"@type\":\"Person\",\"@id\":\"https:\/\/agenciainfra.com\/blog\/#\/schema\/person\/34af08dff6adea4cb22b06612ba7acfa\",\"name\":\"Ag\u00eancia iNFRA\",\"image\":{\"@type\":\"ImageObject\",\"inLanguage\":\"pt-BR\",\"@id\":\"https:\/\/agenciainfra.com\/blog\/#\/schema\/person\/image\/\",\"url\":\"https:\/\/secure.gravatar.com\/avatar\/d189e01678f06d8eb84d4e01f08eb848b3fffe3f8443818d3c356c66892f5be8?s=96&d=mm&r=g\",\"contentUrl\":\"https:\/\/secure.gravatar.com\/avatar\/d189e01678f06d8eb84d4e01f08eb848b3fffe3f8443818d3c356c66892f5be8?s=96&d=mm&r=g\",\"caption\":\"Ag\u00eancia iNFRA\"},\"url\":\"https:\/\/agenciainfra.com\/blog\/author\/admin\/\"}]}<\/script>\n<!-- \/ Yoast SEO Premium plugin. -->","yoast_head_json":{"title":"PPSA vai comercializar 106,5 mi de barris de petr\u00f3leo em julho de 2026 - Ag\u00eancia iNFRA","robots":{"index":"index","follow":"follow","max-snippet":"max-snippet:-1","max-image-preview":"max-image-preview:large","max-video-preview":"max-video-preview:-1"},"canonical":"https:\/\/agenciainfra.com\/blog\/ppsa-vai-comercializar-1065-mi-de-barris-de-petroleo-em-julho-de-2026\/","og_locale":"pt_BR","og_type":"article","og_title":"PPSA vai comercializar 106,5 mi de barris de petr\u00f3leo em julho de 2026","og_description":"Gabriel Vasconcelos, da Ag\u00eancia iNFRA A PPSA (Pr\u00e9-Sal Petr\u00f3leo S.A) anunciou que vai comercializar 106,5 milh\u00f5es de barris de petr\u00f3leo da Uni\u00e3o em um novo leil\u00e3o, o sexto de cargas produzidas da empresa p\u00fablica, marcado para 29 de julho de 2026, na B3, em S\u00e3o Paulo. O an\u00fancio foi feito nesta ter\u00e7a-feira (9), pelo superintendente [&hellip;]","og_url":"https:\/\/agenciainfra.com\/blog\/ppsa-vai-comercializar-1065-mi-de-barris-de-petroleo-em-julho-de-2026\/","og_site_name":"Ag\u00eancia iNFRA","article_publisher":"https:\/\/www.facebook.com\/ageninfra","article_published_time":"2025-12-09T16:00:00+00:00","article_modified_time":"2025-12-09T21:26:59+00:00","og_image":[{"width":1170,"height":700,"url":"https:\/\/agenciainfra.com\/blog\/wp-content\/uploads\/2025\/05\/petroleo-ppsa-foto-andre_ribeiro_agencia-petrobras.png","type":"image\/png"}],"author":"Ag\u00eancia iNFRA","twitter_card":"summary_large_image","twitter_creator":"@agencia_infra","twitter_site":"@agencia_infra","twitter_misc":{"Escrito por":"Ag\u00eancia iNFRA","Est. tempo de leitura":"2 minutos"},"schema":{"@context":"https:\/\/schema.org","@graph":[{"@type":"Article","@id":"https:\/\/agenciainfra.com\/blog\/ppsa-vai-comercializar-1065-mi-de-barris-de-petroleo-em-julho-de-2026\/#article","isPartOf":{"@id":"https:\/\/agenciainfra.com\/blog\/ppsa-vai-comercializar-1065-mi-de-barris-de-petroleo-em-julho-de-2026\/"},"author":{"name":"Ag\u00eancia iNFRA","@id":"https:\/\/agenciainfra.com\/blog\/#\/schema\/person\/34af08dff6adea4cb22b06612ba7acfa"},"headline":"PPSA vai comercializar 106,5 mi de barris de petr\u00f3leo em julho de 2026","datePublished":"2025-12-09T16:00:00+00:00","dateModified":"2025-12-09T21:26:59+00:00","mainEntityOfPage":{"@id":"https:\/\/agenciainfra.com\/blog\/ppsa-vai-comercializar-1065-mi-de-barris-de-petroleo-em-julho-de-2026\/"},"wordCount":401,"publisher":{"@id":"https:\/\/agenciainfra.com\/blog\/#organization"},"image":{"@id":"https:\/\/agenciainfra.com\/blog\/ppsa-vai-comercializar-1065-mi-de-barris-de-petroleo-em-julho-de-2026\/#primaryimage"},"thumbnailUrl":"https:\/\/agenciainfra.com\/blog\/wp-content\/uploads\/2025\/05\/petroleo-ppsa-foto-andre_ribeiro_agencia-petrobras.png","keywords":["F\u00f3rum T\u00e9cnico PPSA 2025","Gabriel Vasconcelos","Guilherme Fran\u00e7a PPSA","leil\u00e3o ppsa","Luis Fernando Paroli PPSA","petr\u00f3leo","PPSA","pr\u00e9-sal"],"articleSection":["Destaque lista","\u00d3leo &amp; G\u00e1s"],"inLanguage":"pt-BR","copyrightYear":"2025","copyrightHolder":{"@id":"https:\/\/agenciainfra.com\/blog\/#organization"}},{"@type":"WebPage","@id":"https:\/\/agenciainfra.com\/blog\/ppsa-vai-comercializar-1065-mi-de-barris-de-petroleo-em-julho-de-2026\/","url":"https:\/\/agenciainfra.com\/blog\/ppsa-vai-comercializar-1065-mi-de-barris-de-petroleo-em-julho-de-2026\/","name":"PPSA vai comercializar 106,5 mi de barris de petr\u00f3leo em julho de 2026 - Ag\u00eancia iNFRA","isPartOf":{"@id":"https:\/\/agenciainfra.com\/blog\/#website"},"primaryImageOfPage":{"@id":"https:\/\/agenciainfra.com\/blog\/ppsa-vai-comercializar-1065-mi-de-barris-de-petroleo-em-julho-de-2026\/#primaryimage"},"image":{"@id":"https:\/\/agenciainfra.com\/blog\/ppsa-vai-comercializar-1065-mi-de-barris-de-petroleo-em-julho-de-2026\/#primaryimage"},"thumbnailUrl":"https:\/\/agenciainfra.com\/blog\/wp-content\/uploads\/2025\/05\/petroleo-ppsa-foto-andre_ribeiro_agencia-petrobras.png","datePublished":"2025-12-09T16:00:00+00:00","dateModified":"2025-12-09T21:26:59+00:00","breadcrumb":{"@id":"https:\/\/agenciainfra.com\/blog\/ppsa-vai-comercializar-1065-mi-de-barris-de-petroleo-em-julho-de-2026\/#breadcrumb"},"inLanguage":"pt-BR","potentialAction":[{"@type":"ReadAction","target":["https:\/\/agenciainfra.com\/blog\/ppsa-vai-comercializar-1065-mi-de-barris-de-petroleo-em-julho-de-2026\/"]}]},{"@type":"ImageObject","inLanguage":"pt-BR","@id":"https:\/\/agenciainfra.com\/blog\/ppsa-vai-comercializar-1065-mi-de-barris-de-petroleo-em-julho-de-2026\/#primaryimage","url":"https:\/\/agenciainfra.com\/blog\/wp-content\/uploads\/2025\/05\/petroleo-ppsa-foto-andre_ribeiro_agencia-petrobras.png","contentUrl":"https:\/\/agenciainfra.com\/blog\/wp-content\/uploads\/2025\/05\/petroleo-ppsa-foto-andre_ribeiro_agencia-petrobras.png","width":1170,"height":700,"caption":"Foto: Andr\u00e9 Ribeiro\/Ag\u00eancia Petrobras"},{"@type":"BreadcrumbList","@id":"https:\/\/agenciainfra.com\/blog\/ppsa-vai-comercializar-1065-mi-de-barris-de-petroleo-em-julho-de-2026\/#breadcrumb","itemListElement":[{"@type":"ListItem","position":1,"name":"In\u00edcio","item":"https:\/\/agenciainfra.com\/blog\/"},{"@type":"ListItem","position":2,"name":"PPSA vai comercializar 106,5 mi de barris de petr\u00f3leo em julho de 2026"}]},{"@type":"WebSite","@id":"https:\/\/agenciainfra.com\/blog\/#website","url":"https:\/\/agenciainfra.com\/blog\/","name":"Ag\u00eancia iNFRA","description":"Multiplataforma de informa\u00e7\u00e3o jornal\u00edstica refer\u00eancia na \u00e1rea de infraestrutura no Brasil!","publisher":{"@id":"https:\/\/agenciainfra.com\/blog\/#organization"},"potentialAction":[{"@type":"SearchAction","target":{"@type":"EntryPoint","urlTemplate":"https:\/\/agenciainfra.com\/blog\/?s={search_term_string}"},"query-input":{"@type":"PropertyValueSpecification","valueRequired":true,"valueName":"search_term_string"}}],"inLanguage":"pt-BR"},{"@type":"Organization","@id":"https:\/\/agenciainfra.com\/blog\/#organization","name":"Ag\u00eancia iNFRA","url":"https:\/\/agenciainfra.com\/blog\/","logo":{"@type":"ImageObject","inLanguage":"pt-BR","@id":"https:\/\/agenciainfra.com\/blog\/#\/schema\/logo\/image\/","url":"https:\/\/agenciainfra.com\/blog\/wp-content\/uploads\/2023\/09\/iNFRA_5-e1761735885940.png","contentUrl":"https:\/\/agenciainfra.com\/blog\/wp-content\/uploads\/2023\/09\/iNFRA_5-e1761735885940.png","width":1672,"height":454,"caption":"Ag\u00eancia iNFRA"},"image":{"@id":"https:\/\/agenciainfra.com\/blog\/#\/schema\/logo\/image\/"},"sameAs":["https:\/\/www.facebook.com\/ageninfra","https:\/\/x.com\/agencia_infra","https:\/\/www.linkedin.com\/company\/ag\u00eanciainfra\/","https:\/\/www.instagram.com\/agenciainfra\/"]},{"@type":"Person","@id":"https:\/\/agenciainfra.com\/blog\/#\/schema\/person\/34af08dff6adea4cb22b06612ba7acfa","name":"Ag\u00eancia iNFRA","image":{"@type":"ImageObject","inLanguage":"pt-BR","@id":"https:\/\/agenciainfra.com\/blog\/#\/schema\/person\/image\/","url":"https:\/\/secure.gravatar.com\/avatar\/d189e01678f06d8eb84d4e01f08eb848b3fffe3f8443818d3c356c66892f5be8?s=96&d=mm&r=g","contentUrl":"https:\/\/secure.gravatar.com\/avatar\/d189e01678f06d8eb84d4e01f08eb848b3fffe3f8443818d3c356c66892f5be8?s=96&d=mm&r=g","caption":"Ag\u00eancia iNFRA"},"url":"https:\/\/agenciainfra.com\/blog\/author\/admin\/"}]}},"_links":{"self":[{"href":"https:\/\/agenciainfra.com\/blog\/wp-json\/wp\/v2\/posts\/33560","targetHints":{"allow":["GET"]}}],"collection":[{"href":"https:\/\/agenciainfra.com\/blog\/wp-json\/wp\/v2\/posts"}],"about":[{"href":"https:\/\/agenciainfra.com\/blog\/wp-json\/wp\/v2\/types\/post"}],"author":[{"embeddable":true,"href":"https:\/\/agenciainfra.com\/blog\/wp-json\/wp\/v2\/users\/1"}],"replies":[{"embeddable":true,"href":"https:\/\/agenciainfra.com\/blog\/wp-json\/wp\/v2\/comments?post=33560"}],"version-history":[{"count":1,"href":"https:\/\/agenciainfra.com\/blog\/wp-json\/wp\/v2\/posts\/33560\/revisions"}],"predecessor-version":[{"id":33561,"href":"https:\/\/agenciainfra.com\/blog\/wp-json\/wp\/v2\/posts\/33560\/revisions\/33561"}],"wp:featuredmedia":[{"embeddable":true,"href":"https:\/\/agenciainfra.com\/blog\/wp-json\/wp\/v2\/media\/21849"}],"wp:attachment":[{"href":"https:\/\/agenciainfra.com\/blog\/wp-json\/wp\/v2\/media?parent=33560"}],"wp:term":[{"taxonomy":"category","embeddable":true,"href":"https:\/\/agenciainfra.com\/blog\/wp-json\/wp\/v2\/categories?post=33560"},{"taxonomy":"post_tag","embeddable":true,"href":"https:\/\/agenciainfra.com\/blog\/wp-json\/wp\/v2\/tags?post=33560"}],"curies":[{"name":"wp","href":"https:\/\/api.w.org\/{rel}","templated":true}]}}