{"id":3357,"date":"2019-06-29T08:00:12","date_gmt":"2019-06-29T11:00:12","guid":{"rendered":"http:\/\/www.agenciainfra.com\/blog\/?p=3357"},"modified":"2019-06-27T16:00:47","modified_gmt":"2019-06-27T19:00:47","slug":"epl-diz-que-ferroanel-tem-licenca-e-projeto","status":"publish","type":"post","link":"https:\/\/agenciainfra.com\/blog\/epl-diz-que-ferroanel-tem-licenca-e-projeto\/","title":{"rendered":"EPL diz que Ferroanel tem licen\u00e7a e projeto"},"content":{"rendered":"<div>\n<h5 style=\"text-align: right;\"><strong>da Ag\u00eancia iNFRA<\/strong><\/h5>\n<p>Em nota enviada \u00e0\u00a0<strong>Ag\u00eancia iNFRA<\/strong>, a EPL (Empresa de Planejamento e Log\u00edstica) afirmou que o Ferroanel Norte j\u00e1 tem licen\u00e7a pr\u00e9via ambiental emitida e tamb\u00e9m projeto de engenharia suficiente para ser implementado.<\/p>\n<p>A nota foi envida ap\u00f3s a diretoria da MRS Log\u00edstica, empresa que opera na regi\u00e3o, informar que o <a href=\"http:\/\/www.agenciainfra.com\/blog\/renovacao-da-mrs-nao-vai-prever-investimento-na-construcao-do-ferroanel-de-sao-paulo\/\" target=\"_blank\" rel=\"noopener\">Ferroanel n\u00e3o est\u00e1 inclu\u00eddo como contrapartida<\/a> para ser feito com recursos da outorga da renova\u00e7\u00e3o antecipada da Malha Sudeste de ferrovias, solicitada pela empresa, por n\u00e3o haver ainda um projeto que avalie o real valor do empreendimento.<\/p>\n<p>\u201cA conclus\u00e3o do Projeto de Engenharia, contendo os elementos necess\u00e1rios, com n\u00edvel de detalhamento compat\u00edvel com o termo de refer\u00eancia dos PMI (Procedimentos de Manifesta\u00e7\u00e3o de Interesse) prev\u00ea o empreendimento com 53 km de extens\u00e3o total; 13,6 km de O.A.E.; 16,9 km de t\u00faneis e 22,5 km em terrapleno. O Capex referencial para o projeto \u00e9 R$ 3,292 bilh\u00f5es\u201d, diz a nota.<\/p>\n<p>Ainda de acordo com a estatal, os estudos ambientais foram conclu\u00eddos e a licen\u00e7a foi emitida em dezembro do ano passado, com validade de cinco anos, com \u201c73 condicionantes que possibilitam uma avalia\u00e7\u00e3o correta dos custos ambientais\u201d, informa o texto.<\/p>\n<p>\u201cA EPL esclarece ainda que durante todo o processo mobilizou sua equipe t\u00e9cnica de forma a acompanhar, controlar e auxiliar a elabora\u00e7\u00e3o dos estudos de forma a fiscalizar o processo garantindo o pleno atendimento dos objetivos estabelecidos pelo instrumento celebrado entre os entes e que participou tamb\u00e9m como empreendedor dos procedimentos do licenciamento ambiental do Ferroanel Norte\u201d, informa o texto.<\/p>\n<p>De acordo com o trabalho, a estimativa \u00e9 de que, ao ser conclu\u00eddo, o Ferroanel Norte tenha capacidade para tirar mais de 7.300 caminh\u00f5es por dia das estradas da regi\u00e3o metropolitana de S\u00e3o Paulo e transportar mais de 67 milh\u00f5es de toneladas de produtos at\u00e9 o ano de 2040.<\/p>\n<p>As diferen\u00e7as de entendimento sobre o n\u00edvel de projeto do Ferroanel, contudo, n\u00e3o foram o \u00fanico motivo para que ele n\u00e3o fosse inclu\u00eddo como contrapartida para a renova\u00e7\u00e3o, como havia prometido o ministro da Infraestrutura, Tarc\u00edsio de Freitas.<\/p>\n<p>A estrat\u00e9gia foi deixar que a participa\u00e7\u00e3o nas audi\u00eancias p\u00fablicas, que come\u00e7am hoje em Belo Horizonte, pudessem orientar o governo sobre como seria melhor investir os recursos, j\u00e1 que h\u00e1 outros projetos de interesse dos governos locais de Minas Gerais e Rio de Janeiro para serem implementados.<\/p>\n<\/div>\n","protected":false},"excerpt":{"rendered":"<p>da Ag\u00eancia iNFRA Em nota enviada \u00e0\u00a0Ag\u00eancia iNFRA, a EPL (Empresa de Planejamento e Log\u00edstica) afirmou que o Ferroanel Norte j\u00e1 tem licen\u00e7a pr\u00e9via ambiental emitida e tamb\u00e9m projeto de engenharia suficiente para ser implementado. A nota foi envida ap\u00f3s a diretoria da MRS Log\u00edstica, empresa que opera na regi\u00e3o, informar que o Ferroanel n\u00e3o [&hellip;]<\/p>\n","protected":false},"author":9,"featured_media":3358,"comment_status":"closed","ping_status":"closed","sticky":false,"template":"","format":"standard","meta":{"_monsterinsights_skip_tracking":false,"_monsterinsights_sitenote_active":false,"_monsterinsights_sitenote_note":"","_monsterinsights_sitenote_category":0,"footnotes":""},"categories":[7],"tags":[745,252,1085,1086,1061],"class_list":["post-3357","post","type-post","status-publish","format-standard","has-post-thumbnail","hentry","category-infratransporte","tag-empresa-de-planejamento-e-logistica","tag-epl","tag-ferroanel-norte","tag-malha-sudeste-de-ferrovias","tag-mrs-logistica"],"yoast_head":"<!-- This site is optimized with the Yoast SEO Premium plugin v25.4 (Yoast SEO v26.0) - https:\/\/yoast.com\/wordpress\/plugins\/seo\/ -->\n<title>EPL diz que Ferroanel tem licen\u00e7a e projeto - Ag\u00eancia iNFRA<\/title>\n<meta name=\"robots\" content=\"index, follow, max-snippet:-1, max-image-preview:large, max-video-preview:-1\" \/>\n<link rel=\"canonical\" href=\"https:\/\/agenciainfra.com\/blog\/epl-diz-que-ferroanel-tem-licenca-e-projeto\/\" \/>\n<meta property=\"og:locale\" content=\"pt_BR\" \/>\n<meta property=\"og:type\" content=\"article\" \/>\n<meta property=\"og:title\" content=\"EPL diz que Ferroanel tem licen\u00e7a e projeto\" \/>\n<meta property=\"og:description\" content=\"da Ag\u00eancia iNFRA Em nota enviada \u00e0\u00a0Ag\u00eancia iNFRA, a EPL (Empresa de Planejamento e Log\u00edstica) afirmou que o Ferroanel Norte j\u00e1 tem licen\u00e7a pr\u00e9via ambiental emitida e tamb\u00e9m projeto de engenharia suficiente para ser implementado. A nota foi envida ap\u00f3s a diretoria da MRS Log\u00edstica, empresa que opera na regi\u00e3o, informar que o Ferroanel n\u00e3o [&hellip;]\" \/>\n<meta property=\"og:url\" content=\"https:\/\/agenciainfra.com\/blog\/epl-diz-que-ferroanel-tem-licenca-e-projeto\/\" \/>\n<meta property=\"og:site_name\" content=\"Ag\u00eancia iNFRA\" \/>\n<meta property=\"article:publisher\" content=\"https:\/\/www.facebook.com\/ageninfra\" \/>\n<meta property=\"article:published_time\" content=\"2019-06-29T11:00:12+00:00\" \/>\n<meta property=\"og:image\" content=\"https:\/\/agenciainfra.com\/blog\/wp-content\/uploads\/2019\/06\/ferrovia-creative-commons.jpeg\" \/>\n\t<meta property=\"og:image:width\" content=\"600\" \/>\n\t<meta property=\"og:image:height\" content=\"402\" \/>\n\t<meta property=\"og:image:type\" content=\"image\/jpeg\" \/>\n<meta name=\"author\" content=\"Rodrigo Zuquim\" \/>\n<meta name=\"twitter:card\" content=\"summary_large_image\" \/>\n<meta name=\"twitter:creator\" content=\"@agencia_infra\" \/>\n<meta name=\"twitter:site\" content=\"@agencia_infra\" \/>\n<meta name=\"twitter:label1\" content=\"Escrito por\" \/>\n\t<meta name=\"twitter:data1\" content=\"Rodrigo Zuquim\" \/>\n\t<meta name=\"twitter:label2\" content=\"Est. tempo de leitura\" \/>\n\t<meta name=\"twitter:data2\" content=\"2 minutos\" \/>\n<script type=\"application\/ld+json\" class=\"yoast-schema-graph\">{\"@context\":\"https:\/\/schema.org\",\"@graph\":[{\"@type\":\"Article\",\"@id\":\"https:\/\/agenciainfra.com\/blog\/epl-diz-que-ferroanel-tem-licenca-e-projeto\/#article\",\"isPartOf\":{\"@id\":\"https:\/\/agenciainfra.com\/blog\/epl-diz-que-ferroanel-tem-licenca-e-projeto\/\"},\"author\":{\"name\":\"Rodrigo Zuquim\",\"@id\":\"https:\/\/agenciainfra.com\/blog\/#\/schema\/person\/04dbb79bd6d8951f063da71f3e4c1eb1\"},\"headline\":\"EPL diz que Ferroanel tem licen\u00e7a e projeto\",\"datePublished\":\"2019-06-29T11:00:12+00:00\",\"mainEntityOfPage\":{\"@id\":\"https:\/\/agenciainfra.com\/blog\/epl-diz-que-ferroanel-tem-licenca-e-projeto\/\"},\"wordCount\":431,\"publisher\":{\"@id\":\"https:\/\/agenciainfra.com\/blog\/#organization\"},\"image\":{\"@id\":\"https:\/\/agenciainfra.com\/blog\/epl-diz-que-ferroanel-tem-licenca-e-projeto\/#primaryimage\"},\"thumbnailUrl\":\"https:\/\/agenciainfra.com\/blog\/wp-content\/uploads\/2019\/06\/ferrovia-creative-commons.jpeg\",\"keywords\":[\"Empresa de Planejamento e Log\u00edstica\",\"EPL\",\"Ferroanel Norte\",\"malha sudeste de ferrovias\",\"MRS Log\u00edstica\"],\"articleSection\":[\"iNFRATransporte\"],\"inLanguage\":\"pt-BR\",\"copyrightYear\":\"2019\",\"copyrightHolder\":{\"@id\":\"https:\/\/agenciainfra.com\/blog\/#organization\"}},{\"@type\":\"WebPage\",\"@id\":\"https:\/\/agenciainfra.com\/blog\/epl-diz-que-ferroanel-tem-licenca-e-projeto\/\",\"url\":\"https:\/\/agenciainfra.com\/blog\/epl-diz-que-ferroanel-tem-licenca-e-projeto\/\",\"name\":\"EPL diz que Ferroanel tem licen\u00e7a e projeto - Ag\u00eancia iNFRA\",\"isPartOf\":{\"@id\":\"https:\/\/agenciainfra.com\/blog\/#website\"},\"primaryImageOfPage\":{\"@id\":\"https:\/\/agenciainfra.com\/blog\/epl-diz-que-ferroanel-tem-licenca-e-projeto\/#primaryimage\"},\"image\":{\"@id\":\"https:\/\/agenciainfra.com\/blog\/epl-diz-que-ferroanel-tem-licenca-e-projeto\/#primaryimage\"},\"thumbnailUrl\":\"https:\/\/agenciainfra.com\/blog\/wp-content\/uploads\/2019\/06\/ferrovia-creative-commons.jpeg\",\"datePublished\":\"2019-06-29T11:00:12+00:00\",\"breadcrumb\":{\"@id\":\"https:\/\/agenciainfra.com\/blog\/epl-diz-que-ferroanel-tem-licenca-e-projeto\/#breadcrumb\"},\"inLanguage\":\"pt-BR\",\"potentialAction\":[{\"@type\":\"ReadAction\",\"target\":[\"https:\/\/agenciainfra.com\/blog\/epl-diz-que-ferroanel-tem-licenca-e-projeto\/\"]}]},{\"@type\":\"ImageObject\",\"inLanguage\":\"pt-BR\",\"@id\":\"https:\/\/agenciainfra.com\/blog\/epl-diz-que-ferroanel-tem-licenca-e-projeto\/#primaryimage\",\"url\":\"https:\/\/agenciainfra.com\/blog\/wp-content\/uploads\/2019\/06\/ferrovia-creative-commons.jpeg\",\"contentUrl\":\"https:\/\/agenciainfra.com\/blog\/wp-content\/uploads\/2019\/06\/ferrovia-creative-commons.jpeg\",\"width\":600,\"height\":402},{\"@type\":\"BreadcrumbList\",\"@id\":\"https:\/\/agenciainfra.com\/blog\/epl-diz-que-ferroanel-tem-licenca-e-projeto\/#breadcrumb\",\"itemListElement\":[{\"@type\":\"ListItem\",\"position\":1,\"name\":\"In\u00edcio\",\"item\":\"https:\/\/agenciainfra.com\/blog\/\"},{\"@type\":\"ListItem\",\"position\":2,\"name\":\"EPL diz que Ferroanel tem licen\u00e7a e projeto\"}]},{\"@type\":\"WebSite\",\"@id\":\"https:\/\/agenciainfra.com\/blog\/#website\",\"url\":\"https:\/\/agenciainfra.com\/blog\/\",\"name\":\"Ag\u00eancia iNFRA\",\"description\":\"Multiplataforma de informa\u00e7\u00e3o jornal\u00edstica refer\u00eancia na \u00e1rea de infraestrutura no Brasil!\",\"publisher\":{\"@id\":\"https:\/\/agenciainfra.com\/blog\/#organization\"},\"potentialAction\":[{\"@type\":\"SearchAction\",\"target\":{\"@type\":\"EntryPoint\",\"urlTemplate\":\"https:\/\/agenciainfra.com\/blog\/?s={search_term_string}\"},\"query-input\":{\"@type\":\"PropertyValueSpecification\",\"valueRequired\":true,\"valueName\":\"search_term_string\"}}],\"inLanguage\":\"pt-BR\"},{\"@type\":\"Organization\",\"@id\":\"https:\/\/agenciainfra.com\/blog\/#organization\",\"name\":\"Ag\u00eancia iNFRA\",\"url\":\"https:\/\/agenciainfra.com\/blog\/\",\"logo\":{\"@type\":\"ImageObject\",\"inLanguage\":\"pt-BR\",\"@id\":\"https:\/\/agenciainfra.com\/blog\/#\/schema\/logo\/image\/\",\"url\":\"https:\/\/agenciainfra.com\/blog\/wp-content\/uploads\/2023\/09\/iNFRA_5-e1761735885940.png\",\"contentUrl\":\"https:\/\/agenciainfra.com\/blog\/wp-content\/uploads\/2023\/09\/iNFRA_5-e1761735885940.png\",\"width\":1672,\"height\":454,\"caption\":\"Ag\u00eancia iNFRA\"},\"image\":{\"@id\":\"https:\/\/agenciainfra.com\/blog\/#\/schema\/logo\/image\/\"},\"sameAs\":[\"https:\/\/www.facebook.com\/ageninfra\",\"https:\/\/x.com\/agencia_infra\",\"https:\/\/www.linkedin.com\/company\/ag\u00eanciainfra\/\",\"https:\/\/www.instagram.com\/agenciainfra\/\"]},{\"@type\":\"Person\",\"@id\":\"https:\/\/agenciainfra.com\/blog\/#\/schema\/person\/04dbb79bd6d8951f063da71f3e4c1eb1\",\"name\":\"Rodrigo Zuquim\",\"image\":{\"@type\":\"ImageObject\",\"inLanguage\":\"pt-BR\",\"@id\":\"https:\/\/agenciainfra.com\/blog\/#\/schema\/person\/image\/\",\"url\":\"https:\/\/secure.gravatar.com\/avatar\/594abfe82761d620726242ff34ca472a705a4b97f16c790053a6b4c4035274d0?s=96&d=mm&r=g\",\"contentUrl\":\"https:\/\/secure.gravatar.com\/avatar\/594abfe82761d620726242ff34ca472a705a4b97f16c790053a6b4c4035274d0?s=96&d=mm&r=g\",\"caption\":\"Rodrigo Zuquim\"},\"url\":\"https:\/\/agenciainfra.com\/blog\/author\/rodrigo-zuquim\/\"}]}<\/script>\n<!-- \/ Yoast SEO Premium plugin. -->","yoast_head_json":{"title":"EPL diz que Ferroanel tem licen\u00e7a e projeto - Ag\u00eancia iNFRA","robots":{"index":"index","follow":"follow","max-snippet":"max-snippet:-1","max-image-preview":"max-image-preview:large","max-video-preview":"max-video-preview:-1"},"canonical":"https:\/\/agenciainfra.com\/blog\/epl-diz-que-ferroanel-tem-licenca-e-projeto\/","og_locale":"pt_BR","og_type":"article","og_title":"EPL diz que Ferroanel tem licen\u00e7a e projeto","og_description":"da Ag\u00eancia iNFRA Em nota enviada \u00e0\u00a0Ag\u00eancia iNFRA, a EPL (Empresa de Planejamento e Log\u00edstica) afirmou que o Ferroanel Norte j\u00e1 tem licen\u00e7a pr\u00e9via ambiental emitida e tamb\u00e9m projeto de engenharia suficiente para ser implementado. A nota foi envida ap\u00f3s a diretoria da MRS Log\u00edstica, empresa que opera na regi\u00e3o, informar que o Ferroanel n\u00e3o [&hellip;]","og_url":"https:\/\/agenciainfra.com\/blog\/epl-diz-que-ferroanel-tem-licenca-e-projeto\/","og_site_name":"Ag\u00eancia iNFRA","article_publisher":"https:\/\/www.facebook.com\/ageninfra","article_published_time":"2019-06-29T11:00:12+00:00","og_image":[{"width":600,"height":402,"url":"https:\/\/agenciainfra.com\/blog\/wp-content\/uploads\/2019\/06\/ferrovia-creative-commons.jpeg","type":"image\/jpeg"}],"author":"Rodrigo Zuquim","twitter_card":"summary_large_image","twitter_creator":"@agencia_infra","twitter_site":"@agencia_infra","twitter_misc":{"Escrito por":"Rodrigo Zuquim","Est. tempo de leitura":"2 minutos"},"schema":{"@context":"https:\/\/schema.org","@graph":[{"@type":"Article","@id":"https:\/\/agenciainfra.com\/blog\/epl-diz-que-ferroanel-tem-licenca-e-projeto\/#article","isPartOf":{"@id":"https:\/\/agenciainfra.com\/blog\/epl-diz-que-ferroanel-tem-licenca-e-projeto\/"},"author":{"name":"Rodrigo Zuquim","@id":"https:\/\/agenciainfra.com\/blog\/#\/schema\/person\/04dbb79bd6d8951f063da71f3e4c1eb1"},"headline":"EPL diz que Ferroanel tem licen\u00e7a e projeto","datePublished":"2019-06-29T11:00:12+00:00","mainEntityOfPage":{"@id":"https:\/\/agenciainfra.com\/blog\/epl-diz-que-ferroanel-tem-licenca-e-projeto\/"},"wordCount":431,"publisher":{"@id":"https:\/\/agenciainfra.com\/blog\/#organization"},"image":{"@id":"https:\/\/agenciainfra.com\/blog\/epl-diz-que-ferroanel-tem-licenca-e-projeto\/#primaryimage"},"thumbnailUrl":"https:\/\/agenciainfra.com\/blog\/wp-content\/uploads\/2019\/06\/ferrovia-creative-commons.jpeg","keywords":["Empresa de Planejamento e Log\u00edstica","EPL","Ferroanel Norte","malha sudeste de ferrovias","MRS Log\u00edstica"],"articleSection":["iNFRATransporte"],"inLanguage":"pt-BR","copyrightYear":"2019","copyrightHolder":{"@id":"https:\/\/agenciainfra.com\/blog\/#organization"}},{"@type":"WebPage","@id":"https:\/\/agenciainfra.com\/blog\/epl-diz-que-ferroanel-tem-licenca-e-projeto\/","url":"https:\/\/agenciainfra.com\/blog\/epl-diz-que-ferroanel-tem-licenca-e-projeto\/","name":"EPL diz que Ferroanel tem licen\u00e7a e projeto - Ag\u00eancia iNFRA","isPartOf":{"@id":"https:\/\/agenciainfra.com\/blog\/#website"},"primaryImageOfPage":{"@id":"https:\/\/agenciainfra.com\/blog\/epl-diz-que-ferroanel-tem-licenca-e-projeto\/#primaryimage"},"image":{"@id":"https:\/\/agenciainfra.com\/blog\/epl-diz-que-ferroanel-tem-licenca-e-projeto\/#primaryimage"},"thumbnailUrl":"https:\/\/agenciainfra.com\/blog\/wp-content\/uploads\/2019\/06\/ferrovia-creative-commons.jpeg","datePublished":"2019-06-29T11:00:12+00:00","breadcrumb":{"@id":"https:\/\/agenciainfra.com\/blog\/epl-diz-que-ferroanel-tem-licenca-e-projeto\/#breadcrumb"},"inLanguage":"pt-BR","potentialAction":[{"@type":"ReadAction","target":["https:\/\/agenciainfra.com\/blog\/epl-diz-que-ferroanel-tem-licenca-e-projeto\/"]}]},{"@type":"ImageObject","inLanguage":"pt-BR","@id":"https:\/\/agenciainfra.com\/blog\/epl-diz-que-ferroanel-tem-licenca-e-projeto\/#primaryimage","url":"https:\/\/agenciainfra.com\/blog\/wp-content\/uploads\/2019\/06\/ferrovia-creative-commons.jpeg","contentUrl":"https:\/\/agenciainfra.com\/blog\/wp-content\/uploads\/2019\/06\/ferrovia-creative-commons.jpeg","width":600,"height":402},{"@type":"BreadcrumbList","@id":"https:\/\/agenciainfra.com\/blog\/epl-diz-que-ferroanel-tem-licenca-e-projeto\/#breadcrumb","itemListElement":[{"@type":"ListItem","position":1,"name":"In\u00edcio","item":"https:\/\/agenciainfra.com\/blog\/"},{"@type":"ListItem","position":2,"name":"EPL diz que Ferroanel tem licen\u00e7a e projeto"}]},{"@type":"WebSite","@id":"https:\/\/agenciainfra.com\/blog\/#website","url":"https:\/\/agenciainfra.com\/blog\/","name":"Ag\u00eancia iNFRA","description":"Multiplataforma de informa\u00e7\u00e3o jornal\u00edstica refer\u00eancia na \u00e1rea de infraestrutura no Brasil!","publisher":{"@id":"https:\/\/agenciainfra.com\/blog\/#organization"},"potentialAction":[{"@type":"SearchAction","target":{"@type":"EntryPoint","urlTemplate":"https:\/\/agenciainfra.com\/blog\/?s={search_term_string}"},"query-input":{"@type":"PropertyValueSpecification","valueRequired":true,"valueName":"search_term_string"}}],"inLanguage":"pt-BR"},{"@type":"Organization","@id":"https:\/\/agenciainfra.com\/blog\/#organization","name":"Ag\u00eancia iNFRA","url":"https:\/\/agenciainfra.com\/blog\/","logo":{"@type":"ImageObject","inLanguage":"pt-BR","@id":"https:\/\/agenciainfra.com\/blog\/#\/schema\/logo\/image\/","url":"https:\/\/agenciainfra.com\/blog\/wp-content\/uploads\/2023\/09\/iNFRA_5-e1761735885940.png","contentUrl":"https:\/\/agenciainfra.com\/blog\/wp-content\/uploads\/2023\/09\/iNFRA_5-e1761735885940.png","width":1672,"height":454,"caption":"Ag\u00eancia iNFRA"},"image":{"@id":"https:\/\/agenciainfra.com\/blog\/#\/schema\/logo\/image\/"},"sameAs":["https:\/\/www.facebook.com\/ageninfra","https:\/\/x.com\/agencia_infra","https:\/\/www.linkedin.com\/company\/ag\u00eanciainfra\/","https:\/\/www.instagram.com\/agenciainfra\/"]},{"@type":"Person","@id":"https:\/\/agenciainfra.com\/blog\/#\/schema\/person\/04dbb79bd6d8951f063da71f3e4c1eb1","name":"Rodrigo Zuquim","image":{"@type":"ImageObject","inLanguage":"pt-BR","@id":"https:\/\/agenciainfra.com\/blog\/#\/schema\/person\/image\/","url":"https:\/\/secure.gravatar.com\/avatar\/594abfe82761d620726242ff34ca472a705a4b97f16c790053a6b4c4035274d0?s=96&d=mm&r=g","contentUrl":"https:\/\/secure.gravatar.com\/avatar\/594abfe82761d620726242ff34ca472a705a4b97f16c790053a6b4c4035274d0?s=96&d=mm&r=g","caption":"Rodrigo Zuquim"},"url":"https:\/\/agenciainfra.com\/blog\/author\/rodrigo-zuquim\/"}]}},"_links":{"self":[{"href":"https:\/\/agenciainfra.com\/blog\/wp-json\/wp\/v2\/posts\/3357","targetHints":{"allow":["GET"]}}],"collection":[{"href":"https:\/\/agenciainfra.com\/blog\/wp-json\/wp\/v2\/posts"}],"about":[{"href":"https:\/\/agenciainfra.com\/blog\/wp-json\/wp\/v2\/types\/post"}],"author":[{"embeddable":true,"href":"https:\/\/agenciainfra.com\/blog\/wp-json\/wp\/v2\/users\/9"}],"replies":[{"embeddable":true,"href":"https:\/\/agenciainfra.com\/blog\/wp-json\/wp\/v2\/comments?post=3357"}],"version-history":[{"count":0,"href":"https:\/\/agenciainfra.com\/blog\/wp-json\/wp\/v2\/posts\/3357\/revisions"}],"wp:featuredmedia":[{"embeddable":true,"href":"https:\/\/agenciainfra.com\/blog\/wp-json\/wp\/v2\/media\/3358"}],"wp:attachment":[{"href":"https:\/\/agenciainfra.com\/blog\/wp-json\/wp\/v2\/media?parent=3357"}],"wp:term":[{"taxonomy":"category","embeddable":true,"href":"https:\/\/agenciainfra.com\/blog\/wp-json\/wp\/v2\/categories?post=3357"},{"taxonomy":"post_tag","embeddable":true,"href":"https:\/\/agenciainfra.com\/blog\/wp-json\/wp\/v2\/tags?post=3357"}],"curies":[{"name":"wp","href":"https:\/\/api.w.org\/{rel}","templated":true}]}}