{"id":33576,"date":"2025-12-09T14:47:51","date_gmt":"2025-12-09T17:47:51","guid":{"rendered":"https:\/\/agenciainfra.com\/blog\/?p=33576"},"modified":"2025-12-09T14:47:54","modified_gmt":"2025-12-09T17:47:54","slug":"petrobras-lanca-combustivel-sustentavel-de-aviacao-produzido-no-brasil","status":"publish","type":"post","link":"https:\/\/agenciainfra.com\/blog\/petrobras-lanca-combustivel-sustentavel-de-aviacao-produzido-no-brasil\/","title":{"rendered":"Petrobras lan\u00e7a combust\u00edvel sustent\u00e1vel de avia\u00e7\u00e3o produzido no Brasil"},"content":{"rendered":"\n<p class=\"has-text-align-right\"><strong>da Ag\u00eancia iNFRA<\/strong><\/p>\n\n\n\n<p>A Petrobras realizou as primeiras entregas de SAF (combust\u00edvel sustent\u00e1vel de avia\u00e7\u00e3o) totalmente produzido no pa\u00eds, em volume suficiente para abastecer um dia de opera\u00e7\u00e3o nos aeroportos do estado do Rio de Janeiro. O combust\u00edvel, certificado de acordo com padr\u00f5es internacionais da ICAO (International Civil Aviation Organization), foi fornecido a distribuidoras que operam no Aeroporto do Gale\u00e3o. <\/p>\n\n\n\n<p>O SAF pode substituir o querosene de avia\u00e7\u00e3o convencional sem altera\u00e7\u00f5es nas aeronaves ou na infraestrutura de abastecimento. A produ\u00e7\u00e3o ocorre por coprocessamento em refinarias da Petrobras, utilizando mat\u00e9rias-primas de origem vegetal, como \u00f3leo t\u00e9cnico de milho ou \u00f3leo de soja, permitindo redu\u00e7\u00e3o de at\u00e9 87% das emiss\u00f5es l\u00edquidas de CO2 na parcela renov\u00e1vel do combust\u00edvel.<\/p>\n\n\n\n<p>A legisla\u00e7\u00e3o brasileira prev\u00ea que, a partir de 2027, companhias a\u00e9reas com voos internacionais dever\u00e3o come\u00e7ar a usar SAF, enquanto voos dom\u00e9sticos estar\u00e3o sujeitos \u00e0 Lei do Combust\u00edvel do Futuro. A produ\u00e7\u00e3o nacional antecipada posiciona o Brasil para atender essas exig\u00eancias futuras e fortalece a presen\u00e7a do pa\u00eds no mercado global de combust\u00edveis sustent\u00e1veis para avia\u00e7\u00e3o.<\/p>\n\n\n\n<p>As primeiras unidades de SAF foram produzidas na Reduc (Refinaria Duque de Caxias), no Rio de Janeiro, que possui autoriza\u00e7\u00e3o da ANP (Ag\u00eancia Nacional do Petr\u00f3leo, G\u00e1s Natural e Biocombust\u00edveis) para incorporar at\u00e9 1,2% de mat\u00e9ria-prima renov\u00e1vel na produ\u00e7\u00e3o por essa rota. O combust\u00edvel mant\u00e9m propriedades qu\u00edmicas id\u00eanticas ao querosene mineral, garantindo compatibilidade com a avia\u00e7\u00e3o comercial.<\/p>\n\n\n\n<p><\/p>\n","protected":false},"excerpt":{"rendered":"<p>da Ag\u00eancia iNFRA A Petrobras realizou as primeiras entregas de SAF (combust\u00edvel sustent\u00e1vel de avia\u00e7\u00e3o) totalmente produzido no pa\u00eds, em volume suficiente para abastecer um dia de opera\u00e7\u00e3o nos aeroportos do estado do Rio de Janeiro. O combust\u00edvel, certificado de acordo com padr\u00f5es internacionais da ICAO (International Civil Aviation Organization), foi fornecido a distribuidoras que [&hellip;]<\/p>\n","protected":false},"author":1,"featured_media":33577,"comment_status":"closed","ping_status":"closed","sticky":false,"template":"","format":"standard","meta":{"_monsterinsights_skip_tracking":false,"_monsterinsights_sitenote_active":false,"_monsterinsights_sitenote_note":"","_monsterinsights_sitenote_category":0,"footnotes":""},"categories":[13576],"tags":[2128,1101,236,9490,143,1654,5204],"class_list":["post-33576","post","type-post","status-publish","format-standard","has-post-thumbnail","hentry","category-giro-infra","tag-aeroporto-do-galeao","tag-anp","tag-aviacao","tag-combustivel-sustentavel","tag-petrobras","tag-rio-de-janeiro","tag-saf"],"yoast_head":"<!-- This site is optimized with the Yoast SEO Premium plugin v25.4 (Yoast SEO v26.0) - https:\/\/yoast.com\/wordpress\/plugins\/seo\/ -->\n<title>Petrobras lan\u00e7a combust\u00edvel sustent\u00e1vel de avia\u00e7\u00e3o produzido no Brasil - Ag\u00eancia iNFRA<\/title>\n<meta name=\"robots\" content=\"index, follow, max-snippet:-1, max-image-preview:large, max-video-preview:-1\" \/>\n<link rel=\"canonical\" href=\"https:\/\/agenciainfra.com\/blog\/petrobras-lanca-combustivel-sustentavel-de-aviacao-produzido-no-brasil\/\" \/>\n<meta property=\"og:locale\" content=\"pt_BR\" \/>\n<meta property=\"og:type\" content=\"article\" \/>\n<meta property=\"og:title\" content=\"Petrobras lan\u00e7a combust\u00edvel sustent\u00e1vel de avia\u00e7\u00e3o produzido no Brasil\" \/>\n<meta property=\"og:description\" content=\"da Ag\u00eancia iNFRA A Petrobras realizou as primeiras entregas de SAF (combust\u00edvel sustent\u00e1vel de avia\u00e7\u00e3o) totalmente produzido no pa\u00eds, em volume suficiente para abastecer um dia de opera\u00e7\u00e3o nos aeroportos do estado do Rio de Janeiro. O combust\u00edvel, certificado de acordo com padr\u00f5es internacionais da ICAO (International Civil Aviation Organization), foi fornecido a distribuidoras que [&hellip;]\" \/>\n<meta property=\"og:url\" content=\"https:\/\/agenciainfra.com\/blog\/petrobras-lanca-combustivel-sustentavel-de-aviacao-produzido-no-brasil\/\" \/>\n<meta property=\"og:site_name\" content=\"Ag\u00eancia iNFRA\" \/>\n<meta property=\"article:publisher\" content=\"https:\/\/www.facebook.com\/ageninfra\" \/>\n<meta property=\"article:published_time\" content=\"2025-12-09T17:47:51+00:00\" \/>\n<meta property=\"article:modified_time\" content=\"2025-12-09T17:47:54+00:00\" \/>\n<meta property=\"og:image\" content=\"https:\/\/agenciainfra.com\/blog\/wp-content\/uploads\/2025\/12\/Reduc_SAF_Home_Credito_Francisco-de-Souza-scaled-e1765302390556.jpg\" \/>\n\t<meta property=\"og:image:width\" content=\"1280\" \/>\n\t<meta property=\"og:image:height\" content=\"720\" \/>\n\t<meta property=\"og:image:type\" content=\"image\/jpeg\" \/>\n<meta name=\"author\" content=\"Ag\u00eancia iNFRA\" \/>\n<meta name=\"twitter:card\" content=\"summary_large_image\" \/>\n<meta name=\"twitter:creator\" content=\"@agencia_infra\" \/>\n<meta name=\"twitter:site\" content=\"@agencia_infra\" \/>\n<meta name=\"twitter:label1\" content=\"Escrito por\" \/>\n\t<meta name=\"twitter:data1\" content=\"Ag\u00eancia iNFRA\" \/>\n\t<meta name=\"twitter:label2\" content=\"Est. tempo de leitura\" \/>\n\t<meta name=\"twitter:data2\" content=\"1 minuto\" \/>\n<script type=\"application\/ld+json\" class=\"yoast-schema-graph\">{\"@context\":\"https:\/\/schema.org\",\"@graph\":[{\"@type\":\"Article\",\"@id\":\"https:\/\/agenciainfra.com\/blog\/petrobras-lanca-combustivel-sustentavel-de-aviacao-produzido-no-brasil\/#article\",\"isPartOf\":{\"@id\":\"https:\/\/agenciainfra.com\/blog\/petrobras-lanca-combustivel-sustentavel-de-aviacao-produzido-no-brasil\/\"},\"author\":{\"name\":\"Ag\u00eancia iNFRA\",\"@id\":\"https:\/\/agenciainfra.com\/blog\/#\/schema\/person\/34af08dff6adea4cb22b06612ba7acfa\"},\"headline\":\"Petrobras lan\u00e7a combust\u00edvel sustent\u00e1vel de avia\u00e7\u00e3o produzido no Brasil\",\"datePublished\":\"2025-12-09T17:47:51+00:00\",\"dateModified\":\"2025-12-09T17:47:54+00:00\",\"mainEntityOfPage\":{\"@id\":\"https:\/\/agenciainfra.com\/blog\/petrobras-lanca-combustivel-sustentavel-de-aviacao-produzido-no-brasil\/\"},\"wordCount\":284,\"publisher\":{\"@id\":\"https:\/\/agenciainfra.com\/blog\/#organization\"},\"image\":{\"@id\":\"https:\/\/agenciainfra.com\/blog\/petrobras-lanca-combustivel-sustentavel-de-aviacao-produzido-no-brasil\/#primaryimage\"},\"thumbnailUrl\":\"https:\/\/agenciainfra.com\/blog\/wp-content\/uploads\/2025\/12\/Reduc_SAF_Home_Credito_Francisco-de-Souza-scaled-e1765302390556.jpg\",\"keywords\":[\"Aeroporto do Gale\u00e3o\",\"ANP\",\"avia\u00e7\u00e3o\",\"combust\u00edvel sustent\u00e1vel\",\"Petrobras\",\"Rio de Janeiro\",\"SAF\"],\"articleSection\":[\"Giro iNFRA\"],\"inLanguage\":\"pt-BR\",\"copyrightYear\":\"2025\",\"copyrightHolder\":{\"@id\":\"https:\/\/agenciainfra.com\/blog\/#organization\"}},{\"@type\":\"WebPage\",\"@id\":\"https:\/\/agenciainfra.com\/blog\/petrobras-lanca-combustivel-sustentavel-de-aviacao-produzido-no-brasil\/\",\"url\":\"https:\/\/agenciainfra.com\/blog\/petrobras-lanca-combustivel-sustentavel-de-aviacao-produzido-no-brasil\/\",\"name\":\"Petrobras lan\u00e7a combust\u00edvel sustent\u00e1vel de avia\u00e7\u00e3o produzido no Brasil - Ag\u00eancia iNFRA\",\"isPartOf\":{\"@id\":\"https:\/\/agenciainfra.com\/blog\/#website\"},\"primaryImageOfPage\":{\"@id\":\"https:\/\/agenciainfra.com\/blog\/petrobras-lanca-combustivel-sustentavel-de-aviacao-produzido-no-brasil\/#primaryimage\"},\"image\":{\"@id\":\"https:\/\/agenciainfra.com\/blog\/petrobras-lanca-combustivel-sustentavel-de-aviacao-produzido-no-brasil\/#primaryimage\"},\"thumbnailUrl\":\"https:\/\/agenciainfra.com\/blog\/wp-content\/uploads\/2025\/12\/Reduc_SAF_Home_Credito_Francisco-de-Souza-scaled-e1765302390556.jpg\",\"datePublished\":\"2025-12-09T17:47:51+00:00\",\"dateModified\":\"2025-12-09T17:47:54+00:00\",\"breadcrumb\":{\"@id\":\"https:\/\/agenciainfra.com\/blog\/petrobras-lanca-combustivel-sustentavel-de-aviacao-produzido-no-brasil\/#breadcrumb\"},\"inLanguage\":\"pt-BR\",\"potentialAction\":[{\"@type\":\"ReadAction\",\"target\":[\"https:\/\/agenciainfra.com\/blog\/petrobras-lanca-combustivel-sustentavel-de-aviacao-produzido-no-brasil\/\"]}]},{\"@type\":\"ImageObject\",\"inLanguage\":\"pt-BR\",\"@id\":\"https:\/\/agenciainfra.com\/blog\/petrobras-lanca-combustivel-sustentavel-de-aviacao-produzido-no-brasil\/#primaryimage\",\"url\":\"https:\/\/agenciainfra.com\/blog\/wp-content\/uploads\/2025\/12\/Reduc_SAF_Home_Credito_Francisco-de-Souza-scaled-e1765302390556.jpg\",\"contentUrl\":\"https:\/\/agenciainfra.com\/blog\/wp-content\/uploads\/2025\/12\/Reduc_SAF_Home_Credito_Francisco-de-Souza-scaled-e1765302390556.jpg\",\"width\":1280,\"height\":720,\"caption\":\"Foto: Francisco de Souza\/Ag\u00eancia Petrobras\"},{\"@type\":\"BreadcrumbList\",\"@id\":\"https:\/\/agenciainfra.com\/blog\/petrobras-lanca-combustivel-sustentavel-de-aviacao-produzido-no-brasil\/#breadcrumb\",\"itemListElement\":[{\"@type\":\"ListItem\",\"position\":1,\"name\":\"In\u00edcio\",\"item\":\"https:\/\/agenciainfra.com\/blog\/\"},{\"@type\":\"ListItem\",\"position\":2,\"name\":\"Petrobras lan\u00e7a combust\u00edvel sustent\u00e1vel de avia\u00e7\u00e3o produzido no Brasil\"}]},{\"@type\":\"WebSite\",\"@id\":\"https:\/\/agenciainfra.com\/blog\/#website\",\"url\":\"https:\/\/agenciainfra.com\/blog\/\",\"name\":\"Ag\u00eancia iNFRA\",\"description\":\"Multiplataforma de informa\u00e7\u00e3o jornal\u00edstica refer\u00eancia na \u00e1rea de infraestrutura no Brasil!\",\"publisher\":{\"@id\":\"https:\/\/agenciainfra.com\/blog\/#organization\"},\"potentialAction\":[{\"@type\":\"SearchAction\",\"target\":{\"@type\":\"EntryPoint\",\"urlTemplate\":\"https:\/\/agenciainfra.com\/blog\/?s={search_term_string}\"},\"query-input\":{\"@type\":\"PropertyValueSpecification\",\"valueRequired\":true,\"valueName\":\"search_term_string\"}}],\"inLanguage\":\"pt-BR\"},{\"@type\":\"Organization\",\"@id\":\"https:\/\/agenciainfra.com\/blog\/#organization\",\"name\":\"Ag\u00eancia iNFRA\",\"url\":\"https:\/\/agenciainfra.com\/blog\/\",\"logo\":{\"@type\":\"ImageObject\",\"inLanguage\":\"pt-BR\",\"@id\":\"https:\/\/agenciainfra.com\/blog\/#\/schema\/logo\/image\/\",\"url\":\"https:\/\/agenciainfra.com\/blog\/wp-content\/uploads\/2023\/09\/iNFRA_5-e1761735885940.png\",\"contentUrl\":\"https:\/\/agenciainfra.com\/blog\/wp-content\/uploads\/2023\/09\/iNFRA_5-e1761735885940.png\",\"width\":1672,\"height\":454,\"caption\":\"Ag\u00eancia iNFRA\"},\"image\":{\"@id\":\"https:\/\/agenciainfra.com\/blog\/#\/schema\/logo\/image\/\"},\"sameAs\":[\"https:\/\/www.facebook.com\/ageninfra\",\"https:\/\/x.com\/agencia_infra\",\"https:\/\/www.linkedin.com\/company\/ag\u00eanciainfra\/\",\"https:\/\/www.instagram.com\/agenciainfra\/\"]},{\"@type\":\"Person\",\"@id\":\"https:\/\/agenciainfra.com\/blog\/#\/schema\/person\/34af08dff6adea4cb22b06612ba7acfa\",\"name\":\"Ag\u00eancia iNFRA\",\"image\":{\"@type\":\"ImageObject\",\"inLanguage\":\"pt-BR\",\"@id\":\"https:\/\/agenciainfra.com\/blog\/#\/schema\/person\/image\/\",\"url\":\"https:\/\/secure.gravatar.com\/avatar\/d189e01678f06d8eb84d4e01f08eb848b3fffe3f8443818d3c356c66892f5be8?s=96&d=mm&r=g\",\"contentUrl\":\"https:\/\/secure.gravatar.com\/avatar\/d189e01678f06d8eb84d4e01f08eb848b3fffe3f8443818d3c356c66892f5be8?s=96&d=mm&r=g\",\"caption\":\"Ag\u00eancia iNFRA\"},\"url\":\"https:\/\/agenciainfra.com\/blog\/author\/admin\/\"}]}<\/script>\n<!-- \/ Yoast SEO Premium plugin. -->","yoast_head_json":{"title":"Petrobras lan\u00e7a combust\u00edvel sustent\u00e1vel de avia\u00e7\u00e3o produzido no Brasil - Ag\u00eancia iNFRA","robots":{"index":"index","follow":"follow","max-snippet":"max-snippet:-1","max-image-preview":"max-image-preview:large","max-video-preview":"max-video-preview:-1"},"canonical":"https:\/\/agenciainfra.com\/blog\/petrobras-lanca-combustivel-sustentavel-de-aviacao-produzido-no-brasil\/","og_locale":"pt_BR","og_type":"article","og_title":"Petrobras lan\u00e7a combust\u00edvel sustent\u00e1vel de avia\u00e7\u00e3o produzido no Brasil","og_description":"da Ag\u00eancia iNFRA A Petrobras realizou as primeiras entregas de SAF (combust\u00edvel sustent\u00e1vel de avia\u00e7\u00e3o) totalmente produzido no pa\u00eds, em volume suficiente para abastecer um dia de opera\u00e7\u00e3o nos aeroportos do estado do Rio de Janeiro. O combust\u00edvel, certificado de acordo com padr\u00f5es internacionais da ICAO (International Civil Aviation Organization), foi fornecido a distribuidoras que [&hellip;]","og_url":"https:\/\/agenciainfra.com\/blog\/petrobras-lanca-combustivel-sustentavel-de-aviacao-produzido-no-brasil\/","og_site_name":"Ag\u00eancia iNFRA","article_publisher":"https:\/\/www.facebook.com\/ageninfra","article_published_time":"2025-12-09T17:47:51+00:00","article_modified_time":"2025-12-09T17:47:54+00:00","og_image":[{"width":1280,"height":720,"url":"https:\/\/agenciainfra.com\/blog\/wp-content\/uploads\/2025\/12\/Reduc_SAF_Home_Credito_Francisco-de-Souza-scaled-e1765302390556.jpg","type":"image\/jpeg"}],"author":"Ag\u00eancia iNFRA","twitter_card":"summary_large_image","twitter_creator":"@agencia_infra","twitter_site":"@agencia_infra","twitter_misc":{"Escrito por":"Ag\u00eancia iNFRA","Est. tempo de leitura":"1 minuto"},"schema":{"@context":"https:\/\/schema.org","@graph":[{"@type":"Article","@id":"https:\/\/agenciainfra.com\/blog\/petrobras-lanca-combustivel-sustentavel-de-aviacao-produzido-no-brasil\/#article","isPartOf":{"@id":"https:\/\/agenciainfra.com\/blog\/petrobras-lanca-combustivel-sustentavel-de-aviacao-produzido-no-brasil\/"},"author":{"name":"Ag\u00eancia iNFRA","@id":"https:\/\/agenciainfra.com\/blog\/#\/schema\/person\/34af08dff6adea4cb22b06612ba7acfa"},"headline":"Petrobras lan\u00e7a combust\u00edvel sustent\u00e1vel de avia\u00e7\u00e3o produzido no Brasil","datePublished":"2025-12-09T17:47:51+00:00","dateModified":"2025-12-09T17:47:54+00:00","mainEntityOfPage":{"@id":"https:\/\/agenciainfra.com\/blog\/petrobras-lanca-combustivel-sustentavel-de-aviacao-produzido-no-brasil\/"},"wordCount":284,"publisher":{"@id":"https:\/\/agenciainfra.com\/blog\/#organization"},"image":{"@id":"https:\/\/agenciainfra.com\/blog\/petrobras-lanca-combustivel-sustentavel-de-aviacao-produzido-no-brasil\/#primaryimage"},"thumbnailUrl":"https:\/\/agenciainfra.com\/blog\/wp-content\/uploads\/2025\/12\/Reduc_SAF_Home_Credito_Francisco-de-Souza-scaled-e1765302390556.jpg","keywords":["Aeroporto do Gale\u00e3o","ANP","avia\u00e7\u00e3o","combust\u00edvel sustent\u00e1vel","Petrobras","Rio de Janeiro","SAF"],"articleSection":["Giro iNFRA"],"inLanguage":"pt-BR","copyrightYear":"2025","copyrightHolder":{"@id":"https:\/\/agenciainfra.com\/blog\/#organization"}},{"@type":"WebPage","@id":"https:\/\/agenciainfra.com\/blog\/petrobras-lanca-combustivel-sustentavel-de-aviacao-produzido-no-brasil\/","url":"https:\/\/agenciainfra.com\/blog\/petrobras-lanca-combustivel-sustentavel-de-aviacao-produzido-no-brasil\/","name":"Petrobras lan\u00e7a combust\u00edvel sustent\u00e1vel de avia\u00e7\u00e3o produzido no Brasil - Ag\u00eancia iNFRA","isPartOf":{"@id":"https:\/\/agenciainfra.com\/blog\/#website"},"primaryImageOfPage":{"@id":"https:\/\/agenciainfra.com\/blog\/petrobras-lanca-combustivel-sustentavel-de-aviacao-produzido-no-brasil\/#primaryimage"},"image":{"@id":"https:\/\/agenciainfra.com\/blog\/petrobras-lanca-combustivel-sustentavel-de-aviacao-produzido-no-brasil\/#primaryimage"},"thumbnailUrl":"https:\/\/agenciainfra.com\/blog\/wp-content\/uploads\/2025\/12\/Reduc_SAF_Home_Credito_Francisco-de-Souza-scaled-e1765302390556.jpg","datePublished":"2025-12-09T17:47:51+00:00","dateModified":"2025-12-09T17:47:54+00:00","breadcrumb":{"@id":"https:\/\/agenciainfra.com\/blog\/petrobras-lanca-combustivel-sustentavel-de-aviacao-produzido-no-brasil\/#breadcrumb"},"inLanguage":"pt-BR","potentialAction":[{"@type":"ReadAction","target":["https:\/\/agenciainfra.com\/blog\/petrobras-lanca-combustivel-sustentavel-de-aviacao-produzido-no-brasil\/"]}]},{"@type":"ImageObject","inLanguage":"pt-BR","@id":"https:\/\/agenciainfra.com\/blog\/petrobras-lanca-combustivel-sustentavel-de-aviacao-produzido-no-brasil\/#primaryimage","url":"https:\/\/agenciainfra.com\/blog\/wp-content\/uploads\/2025\/12\/Reduc_SAF_Home_Credito_Francisco-de-Souza-scaled-e1765302390556.jpg","contentUrl":"https:\/\/agenciainfra.com\/blog\/wp-content\/uploads\/2025\/12\/Reduc_SAF_Home_Credito_Francisco-de-Souza-scaled-e1765302390556.jpg","width":1280,"height":720,"caption":"Foto: Francisco de Souza\/Ag\u00eancia Petrobras"},{"@type":"BreadcrumbList","@id":"https:\/\/agenciainfra.com\/blog\/petrobras-lanca-combustivel-sustentavel-de-aviacao-produzido-no-brasil\/#breadcrumb","itemListElement":[{"@type":"ListItem","position":1,"name":"In\u00edcio","item":"https:\/\/agenciainfra.com\/blog\/"},{"@type":"ListItem","position":2,"name":"Petrobras lan\u00e7a combust\u00edvel sustent\u00e1vel de avia\u00e7\u00e3o produzido no Brasil"}]},{"@type":"WebSite","@id":"https:\/\/agenciainfra.com\/blog\/#website","url":"https:\/\/agenciainfra.com\/blog\/","name":"Ag\u00eancia iNFRA","description":"Multiplataforma de informa\u00e7\u00e3o jornal\u00edstica refer\u00eancia na \u00e1rea de infraestrutura no Brasil!","publisher":{"@id":"https:\/\/agenciainfra.com\/blog\/#organization"},"potentialAction":[{"@type":"SearchAction","target":{"@type":"EntryPoint","urlTemplate":"https:\/\/agenciainfra.com\/blog\/?s={search_term_string}"},"query-input":{"@type":"PropertyValueSpecification","valueRequired":true,"valueName":"search_term_string"}}],"inLanguage":"pt-BR"},{"@type":"Organization","@id":"https:\/\/agenciainfra.com\/blog\/#organization","name":"Ag\u00eancia iNFRA","url":"https:\/\/agenciainfra.com\/blog\/","logo":{"@type":"ImageObject","inLanguage":"pt-BR","@id":"https:\/\/agenciainfra.com\/blog\/#\/schema\/logo\/image\/","url":"https:\/\/agenciainfra.com\/blog\/wp-content\/uploads\/2023\/09\/iNFRA_5-e1761735885940.png","contentUrl":"https:\/\/agenciainfra.com\/blog\/wp-content\/uploads\/2023\/09\/iNFRA_5-e1761735885940.png","width":1672,"height":454,"caption":"Ag\u00eancia iNFRA"},"image":{"@id":"https:\/\/agenciainfra.com\/blog\/#\/schema\/logo\/image\/"},"sameAs":["https:\/\/www.facebook.com\/ageninfra","https:\/\/x.com\/agencia_infra","https:\/\/www.linkedin.com\/company\/ag\u00eanciainfra\/","https:\/\/www.instagram.com\/agenciainfra\/"]},{"@type":"Person","@id":"https:\/\/agenciainfra.com\/blog\/#\/schema\/person\/34af08dff6adea4cb22b06612ba7acfa","name":"Ag\u00eancia iNFRA","image":{"@type":"ImageObject","inLanguage":"pt-BR","@id":"https:\/\/agenciainfra.com\/blog\/#\/schema\/person\/image\/","url":"https:\/\/secure.gravatar.com\/avatar\/d189e01678f06d8eb84d4e01f08eb848b3fffe3f8443818d3c356c66892f5be8?s=96&d=mm&r=g","contentUrl":"https:\/\/secure.gravatar.com\/avatar\/d189e01678f06d8eb84d4e01f08eb848b3fffe3f8443818d3c356c66892f5be8?s=96&d=mm&r=g","caption":"Ag\u00eancia iNFRA"},"url":"https:\/\/agenciainfra.com\/blog\/author\/admin\/"}]}},"_links":{"self":[{"href":"https:\/\/agenciainfra.com\/blog\/wp-json\/wp\/v2\/posts\/33576","targetHints":{"allow":["GET"]}}],"collection":[{"href":"https:\/\/agenciainfra.com\/blog\/wp-json\/wp\/v2\/posts"}],"about":[{"href":"https:\/\/agenciainfra.com\/blog\/wp-json\/wp\/v2\/types\/post"}],"author":[{"embeddable":true,"href":"https:\/\/agenciainfra.com\/blog\/wp-json\/wp\/v2\/users\/1"}],"replies":[{"embeddable":true,"href":"https:\/\/agenciainfra.com\/blog\/wp-json\/wp\/v2\/comments?post=33576"}],"version-history":[{"count":1,"href":"https:\/\/agenciainfra.com\/blog\/wp-json\/wp\/v2\/posts\/33576\/revisions"}],"predecessor-version":[{"id":33578,"href":"https:\/\/agenciainfra.com\/blog\/wp-json\/wp\/v2\/posts\/33576\/revisions\/33578"}],"wp:featuredmedia":[{"embeddable":true,"href":"https:\/\/agenciainfra.com\/blog\/wp-json\/wp\/v2\/media\/33577"}],"wp:attachment":[{"href":"https:\/\/agenciainfra.com\/blog\/wp-json\/wp\/v2\/media?parent=33576"}],"wp:term":[{"taxonomy":"category","embeddable":true,"href":"https:\/\/agenciainfra.com\/blog\/wp-json\/wp\/v2\/categories?post=33576"},{"taxonomy":"post_tag","embeddable":true,"href":"https:\/\/agenciainfra.com\/blog\/wp-json\/wp\/v2\/tags?post=33576"}],"curies":[{"name":"wp","href":"https:\/\/api.w.org\/{rel}","templated":true}]}}