{"id":33602,"date":"2025-12-09T17:24:00","date_gmt":"2025-12-09T20:24:00","guid":{"rendered":"https:\/\/agenciainfra.com\/blog\/?p=33602"},"modified":"2025-12-10T13:22:59","modified_gmt":"2025-12-10T16:22:59","slug":"pl-de-minerais-criticos-sera-pautado-pela-camara-so-em-2026-diz-relator","status":"publish","type":"post","link":"https:\/\/agenciainfra.com\/blog\/pl-de-minerais-criticos-sera-pautado-pela-camara-so-em-2026-diz-relator\/","title":{"rendered":"PL de Minerais Cr\u00edticos ser\u00e1 pautado pela C\u00e2mara s\u00f3 em 2026, diz relator"},"content":{"rendered":"\n<p class=\"has-text-align-right\"><strong>Marisa Wanzeller e Rafael Bitencourt, da Ag\u00eancia iNFRA<\/strong><\/p>\n\n\n\n<p>O deputado Arnaldo Jardim (Cidadania-SP) disse nesta ter\u00e7a-feira (9) que seu parecer sobre a Pol\u00edtica Nacional de Minerais Cr\u00edticos e Estrat\u00e9gicos (PL 2.780\/2024) dever\u00e1 ser levado \u00e0 vota\u00e7\u00e3o na C\u00e2mara dos Deputados somente em 2026. \u00c0 Ag\u00eancia iNFRA, o parlamentar afirmou que a agenda apertada de vota\u00e7\u00e3o na reta final do ano inviabilizou a aprova\u00e7\u00e3o ainda em 2025.<\/p>\n\n\n\n<p>Mesmo com o adiamento, Jardim afirmou que segue articulando \u201cmuito bem\u201d com os colegas parlamentares, com o setor e com integrantes do Executivo para garantir a aprova\u00e7\u00e3o. \u201cComo ficou lotado de pautas, vai ficar para fevereiro\u201d, admitiu.<\/p>\n\n\n\n<p>Pela manh\u00e3, a CAE (Comiss\u00e3o de Assuntos Econ\u00f4micos) do Senado aprovou o parecer do senador Esperidi\u00e3o Amin (PP-SC) sobre outra proposta de pol\u00edtica de minerais cr\u00edticos. Neste caso, o PL 4.443\/2025, de autoria do senador Renan Calheiros (MDB-AL), seguir\u00e1 para an\u00e1lise da CI (Comiss\u00e3o de Servi\u00e7os de Infraestrutura)&nbsp;no&nbsp;pr\u00f3ximo&nbsp;ano.<\/p>\n","protected":false},"excerpt":{"rendered":"<p>Marisa Wanzeller e Rafael Bitencourt, da Ag\u00eancia iNFRA O deputado Arnaldo Jardim (Cidadania-SP) disse nesta ter\u00e7a-feira (9) que seu parecer sobre a Pol\u00edtica Nacional de Minerais Cr\u00edticos e Estrat\u00e9gicos (PL 2.780\/2024) dever\u00e1 ser levado \u00e0 vota\u00e7\u00e3o na C\u00e2mara dos Deputados somente em 2026. \u00c0 Ag\u00eancia iNFRA, o parlamentar afirmou que a agenda apertada de vota\u00e7\u00e3o [&hellip;]<\/p>\n","protected":false},"author":1,"featured_media":31791,"comment_status":"closed","ping_status":"closed","sticky":false,"template":"","format":"standard","meta":{"_monsterinsights_skip_tracking":false,"_monsterinsights_sitenote_active":false,"_monsterinsights_sitenote_note":"","_monsterinsights_sitenote_category":0,"footnotes":""},"categories":[7250,13239],"tags":[16115,705,1498,16751,7366,13231,16752,13813,16750],"class_list":["post-33602","post","type-post","status-publish","format-standard","has-post-thumbnail","hentry","category-destaque-lista","category-mineracao","tag-arnaldo-jardim-cidadania-sp","tag-cae","tag-comissao-de-infraestrutura","tag-esperidiao-amin-pp-sc","tag-marisa-wanzeller","tag-pl-2-780-2024","tag-pl-4-443-2025","tag-rafael-bitencourt","tag-renan-calheiros-mdb-al"],"yoast_head":"<!-- This site is optimized with the Yoast SEO Premium plugin v25.4 (Yoast SEO v26.0) - https:\/\/yoast.com\/wordpress\/plugins\/seo\/ -->\n<title>PL de Minerais Cr\u00edticos ser\u00e1 pautado pela C\u00e2mara s\u00f3 em 2026, diz relator - Ag\u00eancia iNFRA<\/title>\n<meta name=\"robots\" content=\"index, follow, max-snippet:-1, max-image-preview:large, max-video-preview:-1\" \/>\n<link rel=\"canonical\" href=\"https:\/\/agenciainfra.com\/blog\/pl-de-minerais-criticos-sera-pautado-pela-camara-so-em-2026-diz-relator\/\" \/>\n<meta property=\"og:locale\" content=\"pt_BR\" \/>\n<meta property=\"og:type\" content=\"article\" \/>\n<meta property=\"og:title\" content=\"PL de Minerais Cr\u00edticos ser\u00e1 pautado pela C\u00e2mara s\u00f3 em 2026, diz relator\" \/>\n<meta property=\"og:description\" content=\"Marisa Wanzeller e Rafael Bitencourt, da Ag\u00eancia iNFRA O deputado Arnaldo Jardim (Cidadania-SP) disse nesta ter\u00e7a-feira (9) que seu parecer sobre a Pol\u00edtica Nacional de Minerais Cr\u00edticos e Estrat\u00e9gicos (PL 2.780\/2024) dever\u00e1 ser levado \u00e0 vota\u00e7\u00e3o na C\u00e2mara dos Deputados somente em 2026. \u00c0 Ag\u00eancia iNFRA, o parlamentar afirmou que a agenda apertada de vota\u00e7\u00e3o [&hellip;]\" \/>\n<meta property=\"og:url\" content=\"https:\/\/agenciainfra.com\/blog\/pl-de-minerais-criticos-sera-pautado-pela-camara-so-em-2026-diz-relator\/\" \/>\n<meta property=\"og:site_name\" content=\"Ag\u00eancia iNFRA\" \/>\n<meta property=\"article:publisher\" content=\"https:\/\/www.facebook.com\/ageninfra\" \/>\n<meta property=\"article:published_time\" content=\"2025-12-09T20:24:00+00:00\" \/>\n<meta property=\"article:modified_time\" content=\"2025-12-10T16:22:59+00:00\" \/>\n<meta property=\"og:image\" content=\"https:\/\/agenciainfra.com\/blog\/wp-content\/uploads\/2025\/11\/arnaldo-jardim-foto-paulo-cerqueira-esfera-brasil.jpg\" \/>\n\t<meta property=\"og:image:width\" content=\"1280\" \/>\n\t<meta property=\"og:image:height\" content=\"853\" \/>\n\t<meta property=\"og:image:type\" content=\"image\/jpeg\" \/>\n<meta name=\"author\" content=\"Ag\u00eancia iNFRA\" \/>\n<meta name=\"twitter:card\" content=\"summary_large_image\" \/>\n<meta name=\"twitter:creator\" content=\"@agencia_infra\" \/>\n<meta name=\"twitter:site\" content=\"@agencia_infra\" \/>\n<meta name=\"twitter:label1\" content=\"Escrito por\" \/>\n\t<meta name=\"twitter:data1\" content=\"Ag\u00eancia iNFRA\" \/>\n\t<meta name=\"twitter:label2\" content=\"Est. tempo de leitura\" \/>\n\t<meta name=\"twitter:data2\" content=\"1 minuto\" \/>\n<script type=\"application\/ld+json\" class=\"yoast-schema-graph\">{\"@context\":\"https:\/\/schema.org\",\"@graph\":[{\"@type\":\"Article\",\"@id\":\"https:\/\/agenciainfra.com\/blog\/pl-de-minerais-criticos-sera-pautado-pela-camara-so-em-2026-diz-relator\/#article\",\"isPartOf\":{\"@id\":\"https:\/\/agenciainfra.com\/blog\/pl-de-minerais-criticos-sera-pautado-pela-camara-so-em-2026-diz-relator\/\"},\"author\":{\"name\":\"Ag\u00eancia iNFRA\",\"@id\":\"https:\/\/agenciainfra.com\/blog\/#\/schema\/person\/34af08dff6adea4cb22b06612ba7acfa\"},\"headline\":\"PL de Minerais Cr\u00edticos ser\u00e1 pautado pela C\u00e2mara s\u00f3 em 2026, diz relator\",\"datePublished\":\"2025-12-09T20:24:00+00:00\",\"dateModified\":\"2025-12-10T16:22:59+00:00\",\"mainEntityOfPage\":{\"@id\":\"https:\/\/agenciainfra.com\/blog\/pl-de-minerais-criticos-sera-pautado-pela-camara-so-em-2026-diz-relator\/\"},\"wordCount\":184,\"publisher\":{\"@id\":\"https:\/\/agenciainfra.com\/blog\/#organization\"},\"image\":{\"@id\":\"https:\/\/agenciainfra.com\/blog\/pl-de-minerais-criticos-sera-pautado-pela-camara-so-em-2026-diz-relator\/#primaryimage\"},\"thumbnailUrl\":\"https:\/\/agenciainfra.com\/blog\/wp-content\/uploads\/2025\/11\/arnaldo-jardim-foto-paulo-cerqueira-esfera-brasil.jpg\",\"keywords\":[\"Arnaldo Jardim (Cidadania-SP)\",\"CAE\",\"Comiss\u00e3o de Infraestrutura\",\"Esperidi\u00e3o Amin (PP-SC)\",\"Marisa Wanzeller\",\"pl 2.780\/2024\",\"PL 4.443\/2025\",\"Rafael Bitencourt\",\"Renan Calheiros (MDB-AL)\"],\"articleSection\":[\"Destaque lista\",\"Minera\u00e7\u00e3o\"],\"inLanguage\":\"pt-BR\",\"copyrightYear\":\"2025\",\"copyrightHolder\":{\"@id\":\"https:\/\/agenciainfra.com\/blog\/#organization\"}},{\"@type\":\"WebPage\",\"@id\":\"https:\/\/agenciainfra.com\/blog\/pl-de-minerais-criticos-sera-pautado-pela-camara-so-em-2026-diz-relator\/\",\"url\":\"https:\/\/agenciainfra.com\/blog\/pl-de-minerais-criticos-sera-pautado-pela-camara-so-em-2026-diz-relator\/\",\"name\":\"PL de Minerais Cr\u00edticos ser\u00e1 pautado pela C\u00e2mara s\u00f3 em 2026, diz relator - Ag\u00eancia iNFRA\",\"isPartOf\":{\"@id\":\"https:\/\/agenciainfra.com\/blog\/#website\"},\"primaryImageOfPage\":{\"@id\":\"https:\/\/agenciainfra.com\/blog\/pl-de-minerais-criticos-sera-pautado-pela-camara-so-em-2026-diz-relator\/#primaryimage\"},\"image\":{\"@id\":\"https:\/\/agenciainfra.com\/blog\/pl-de-minerais-criticos-sera-pautado-pela-camara-so-em-2026-diz-relator\/#primaryimage\"},\"thumbnailUrl\":\"https:\/\/agenciainfra.com\/blog\/wp-content\/uploads\/2025\/11\/arnaldo-jardim-foto-paulo-cerqueira-esfera-brasil.jpg\",\"datePublished\":\"2025-12-09T20:24:00+00:00\",\"dateModified\":\"2025-12-10T16:22:59+00:00\",\"breadcrumb\":{\"@id\":\"https:\/\/agenciainfra.com\/blog\/pl-de-minerais-criticos-sera-pautado-pela-camara-so-em-2026-diz-relator\/#breadcrumb\"},\"inLanguage\":\"pt-BR\",\"potentialAction\":[{\"@type\":\"ReadAction\",\"target\":[\"https:\/\/agenciainfra.com\/blog\/pl-de-minerais-criticos-sera-pautado-pela-camara-so-em-2026-diz-relator\/\"]}]},{\"@type\":\"ImageObject\",\"inLanguage\":\"pt-BR\",\"@id\":\"https:\/\/agenciainfra.com\/blog\/pl-de-minerais-criticos-sera-pautado-pela-camara-so-em-2026-diz-relator\/#primaryimage\",\"url\":\"https:\/\/agenciainfra.com\/blog\/wp-content\/uploads\/2025\/11\/arnaldo-jardim-foto-paulo-cerqueira-esfera-brasil.jpg\",\"contentUrl\":\"https:\/\/agenciainfra.com\/blog\/wp-content\/uploads\/2025\/11\/arnaldo-jardim-foto-paulo-cerqueira-esfera-brasil.jpg\",\"width\":1280,\"height\":853,\"caption\":\"Foto: Paulo Cerqueira\/Esfera Brasil\"},{\"@type\":\"BreadcrumbList\",\"@id\":\"https:\/\/agenciainfra.com\/blog\/pl-de-minerais-criticos-sera-pautado-pela-camara-so-em-2026-diz-relator\/#breadcrumb\",\"itemListElement\":[{\"@type\":\"ListItem\",\"position\":1,\"name\":\"In\u00edcio\",\"item\":\"https:\/\/agenciainfra.com\/blog\/\"},{\"@type\":\"ListItem\",\"position\":2,\"name\":\"PL de Minerais Cr\u00edticos ser\u00e1 pautado pela C\u00e2mara s\u00f3 em 2026, diz relator\"}]},{\"@type\":\"WebSite\",\"@id\":\"https:\/\/agenciainfra.com\/blog\/#website\",\"url\":\"https:\/\/agenciainfra.com\/blog\/\",\"name\":\"Ag\u00eancia iNFRA\",\"description\":\"Multiplataforma de informa\u00e7\u00e3o jornal\u00edstica refer\u00eancia na \u00e1rea de infraestrutura no Brasil!\",\"publisher\":{\"@id\":\"https:\/\/agenciainfra.com\/blog\/#organization\"},\"potentialAction\":[{\"@type\":\"SearchAction\",\"target\":{\"@type\":\"EntryPoint\",\"urlTemplate\":\"https:\/\/agenciainfra.com\/blog\/?s={search_term_string}\"},\"query-input\":{\"@type\":\"PropertyValueSpecification\",\"valueRequired\":true,\"valueName\":\"search_term_string\"}}],\"inLanguage\":\"pt-BR\"},{\"@type\":\"Organization\",\"@id\":\"https:\/\/agenciainfra.com\/blog\/#organization\",\"name\":\"Ag\u00eancia iNFRA\",\"url\":\"https:\/\/agenciainfra.com\/blog\/\",\"logo\":{\"@type\":\"ImageObject\",\"inLanguage\":\"pt-BR\",\"@id\":\"https:\/\/agenciainfra.com\/blog\/#\/schema\/logo\/image\/\",\"url\":\"https:\/\/agenciainfra.com\/blog\/wp-content\/uploads\/2023\/09\/iNFRA_5-e1761735885940.png\",\"contentUrl\":\"https:\/\/agenciainfra.com\/blog\/wp-content\/uploads\/2023\/09\/iNFRA_5-e1761735885940.png\",\"width\":1672,\"height\":454,\"caption\":\"Ag\u00eancia iNFRA\"},\"image\":{\"@id\":\"https:\/\/agenciainfra.com\/blog\/#\/schema\/logo\/image\/\"},\"sameAs\":[\"https:\/\/www.facebook.com\/ageninfra\",\"https:\/\/x.com\/agencia_infra\",\"https:\/\/www.linkedin.com\/company\/ag\u00eanciainfra\/\",\"https:\/\/www.instagram.com\/agenciainfra\/\"]},{\"@type\":\"Person\",\"@id\":\"https:\/\/agenciainfra.com\/blog\/#\/schema\/person\/34af08dff6adea4cb22b06612ba7acfa\",\"name\":\"Ag\u00eancia iNFRA\",\"image\":{\"@type\":\"ImageObject\",\"inLanguage\":\"pt-BR\",\"@id\":\"https:\/\/agenciainfra.com\/blog\/#\/schema\/person\/image\/\",\"url\":\"https:\/\/secure.gravatar.com\/avatar\/d189e01678f06d8eb84d4e01f08eb848b3fffe3f8443818d3c356c66892f5be8?s=96&d=mm&r=g\",\"contentUrl\":\"https:\/\/secure.gravatar.com\/avatar\/d189e01678f06d8eb84d4e01f08eb848b3fffe3f8443818d3c356c66892f5be8?s=96&d=mm&r=g\",\"caption\":\"Ag\u00eancia iNFRA\"},\"url\":\"https:\/\/agenciainfra.com\/blog\/author\/admin\/\"}]}<\/script>\n<!-- \/ Yoast SEO Premium plugin. -->","yoast_head_json":{"title":"PL de Minerais Cr\u00edticos ser\u00e1 pautado pela C\u00e2mara s\u00f3 em 2026, diz relator - Ag\u00eancia iNFRA","robots":{"index":"index","follow":"follow","max-snippet":"max-snippet:-1","max-image-preview":"max-image-preview:large","max-video-preview":"max-video-preview:-1"},"canonical":"https:\/\/agenciainfra.com\/blog\/pl-de-minerais-criticos-sera-pautado-pela-camara-so-em-2026-diz-relator\/","og_locale":"pt_BR","og_type":"article","og_title":"PL de Minerais Cr\u00edticos ser\u00e1 pautado pela C\u00e2mara s\u00f3 em 2026, diz relator","og_description":"Marisa Wanzeller e Rafael Bitencourt, da Ag\u00eancia iNFRA O deputado Arnaldo Jardim (Cidadania-SP) disse nesta ter\u00e7a-feira (9) que seu parecer sobre a Pol\u00edtica Nacional de Minerais Cr\u00edticos e Estrat\u00e9gicos (PL 2.780\/2024) dever\u00e1 ser levado \u00e0 vota\u00e7\u00e3o na C\u00e2mara dos Deputados somente em 2026. \u00c0 Ag\u00eancia iNFRA, o parlamentar afirmou que a agenda apertada de vota\u00e7\u00e3o [&hellip;]","og_url":"https:\/\/agenciainfra.com\/blog\/pl-de-minerais-criticos-sera-pautado-pela-camara-so-em-2026-diz-relator\/","og_site_name":"Ag\u00eancia iNFRA","article_publisher":"https:\/\/www.facebook.com\/ageninfra","article_published_time":"2025-12-09T20:24:00+00:00","article_modified_time":"2025-12-10T16:22:59+00:00","og_image":[{"width":1280,"height":853,"url":"https:\/\/agenciainfra.com\/blog\/wp-content\/uploads\/2025\/11\/arnaldo-jardim-foto-paulo-cerqueira-esfera-brasil.jpg","type":"image\/jpeg"}],"author":"Ag\u00eancia iNFRA","twitter_card":"summary_large_image","twitter_creator":"@agencia_infra","twitter_site":"@agencia_infra","twitter_misc":{"Escrito por":"Ag\u00eancia iNFRA","Est. tempo de leitura":"1 minuto"},"schema":{"@context":"https:\/\/schema.org","@graph":[{"@type":"Article","@id":"https:\/\/agenciainfra.com\/blog\/pl-de-minerais-criticos-sera-pautado-pela-camara-so-em-2026-diz-relator\/#article","isPartOf":{"@id":"https:\/\/agenciainfra.com\/blog\/pl-de-minerais-criticos-sera-pautado-pela-camara-so-em-2026-diz-relator\/"},"author":{"name":"Ag\u00eancia iNFRA","@id":"https:\/\/agenciainfra.com\/blog\/#\/schema\/person\/34af08dff6adea4cb22b06612ba7acfa"},"headline":"PL de Minerais Cr\u00edticos ser\u00e1 pautado pela C\u00e2mara s\u00f3 em 2026, diz relator","datePublished":"2025-12-09T20:24:00+00:00","dateModified":"2025-12-10T16:22:59+00:00","mainEntityOfPage":{"@id":"https:\/\/agenciainfra.com\/blog\/pl-de-minerais-criticos-sera-pautado-pela-camara-so-em-2026-diz-relator\/"},"wordCount":184,"publisher":{"@id":"https:\/\/agenciainfra.com\/blog\/#organization"},"image":{"@id":"https:\/\/agenciainfra.com\/blog\/pl-de-minerais-criticos-sera-pautado-pela-camara-so-em-2026-diz-relator\/#primaryimage"},"thumbnailUrl":"https:\/\/agenciainfra.com\/blog\/wp-content\/uploads\/2025\/11\/arnaldo-jardim-foto-paulo-cerqueira-esfera-brasil.jpg","keywords":["Arnaldo Jardim (Cidadania-SP)","CAE","Comiss\u00e3o de Infraestrutura","Esperidi\u00e3o Amin (PP-SC)","Marisa Wanzeller","pl 2.780\/2024","PL 4.443\/2025","Rafael Bitencourt","Renan Calheiros (MDB-AL)"],"articleSection":["Destaque lista","Minera\u00e7\u00e3o"],"inLanguage":"pt-BR","copyrightYear":"2025","copyrightHolder":{"@id":"https:\/\/agenciainfra.com\/blog\/#organization"}},{"@type":"WebPage","@id":"https:\/\/agenciainfra.com\/blog\/pl-de-minerais-criticos-sera-pautado-pela-camara-so-em-2026-diz-relator\/","url":"https:\/\/agenciainfra.com\/blog\/pl-de-minerais-criticos-sera-pautado-pela-camara-so-em-2026-diz-relator\/","name":"PL de Minerais Cr\u00edticos ser\u00e1 pautado pela C\u00e2mara s\u00f3 em 2026, diz relator - Ag\u00eancia iNFRA","isPartOf":{"@id":"https:\/\/agenciainfra.com\/blog\/#website"},"primaryImageOfPage":{"@id":"https:\/\/agenciainfra.com\/blog\/pl-de-minerais-criticos-sera-pautado-pela-camara-so-em-2026-diz-relator\/#primaryimage"},"image":{"@id":"https:\/\/agenciainfra.com\/blog\/pl-de-minerais-criticos-sera-pautado-pela-camara-so-em-2026-diz-relator\/#primaryimage"},"thumbnailUrl":"https:\/\/agenciainfra.com\/blog\/wp-content\/uploads\/2025\/11\/arnaldo-jardim-foto-paulo-cerqueira-esfera-brasil.jpg","datePublished":"2025-12-09T20:24:00+00:00","dateModified":"2025-12-10T16:22:59+00:00","breadcrumb":{"@id":"https:\/\/agenciainfra.com\/blog\/pl-de-minerais-criticos-sera-pautado-pela-camara-so-em-2026-diz-relator\/#breadcrumb"},"inLanguage":"pt-BR","potentialAction":[{"@type":"ReadAction","target":["https:\/\/agenciainfra.com\/blog\/pl-de-minerais-criticos-sera-pautado-pela-camara-so-em-2026-diz-relator\/"]}]},{"@type":"ImageObject","inLanguage":"pt-BR","@id":"https:\/\/agenciainfra.com\/blog\/pl-de-minerais-criticos-sera-pautado-pela-camara-so-em-2026-diz-relator\/#primaryimage","url":"https:\/\/agenciainfra.com\/blog\/wp-content\/uploads\/2025\/11\/arnaldo-jardim-foto-paulo-cerqueira-esfera-brasil.jpg","contentUrl":"https:\/\/agenciainfra.com\/blog\/wp-content\/uploads\/2025\/11\/arnaldo-jardim-foto-paulo-cerqueira-esfera-brasil.jpg","width":1280,"height":853,"caption":"Foto: Paulo Cerqueira\/Esfera Brasil"},{"@type":"BreadcrumbList","@id":"https:\/\/agenciainfra.com\/blog\/pl-de-minerais-criticos-sera-pautado-pela-camara-so-em-2026-diz-relator\/#breadcrumb","itemListElement":[{"@type":"ListItem","position":1,"name":"In\u00edcio","item":"https:\/\/agenciainfra.com\/blog\/"},{"@type":"ListItem","position":2,"name":"PL de Minerais Cr\u00edticos ser\u00e1 pautado pela C\u00e2mara s\u00f3 em 2026, diz relator"}]},{"@type":"WebSite","@id":"https:\/\/agenciainfra.com\/blog\/#website","url":"https:\/\/agenciainfra.com\/blog\/","name":"Ag\u00eancia iNFRA","description":"Multiplataforma de informa\u00e7\u00e3o jornal\u00edstica refer\u00eancia na \u00e1rea de infraestrutura no Brasil!","publisher":{"@id":"https:\/\/agenciainfra.com\/blog\/#organization"},"potentialAction":[{"@type":"SearchAction","target":{"@type":"EntryPoint","urlTemplate":"https:\/\/agenciainfra.com\/blog\/?s={search_term_string}"},"query-input":{"@type":"PropertyValueSpecification","valueRequired":true,"valueName":"search_term_string"}}],"inLanguage":"pt-BR"},{"@type":"Organization","@id":"https:\/\/agenciainfra.com\/blog\/#organization","name":"Ag\u00eancia iNFRA","url":"https:\/\/agenciainfra.com\/blog\/","logo":{"@type":"ImageObject","inLanguage":"pt-BR","@id":"https:\/\/agenciainfra.com\/blog\/#\/schema\/logo\/image\/","url":"https:\/\/agenciainfra.com\/blog\/wp-content\/uploads\/2023\/09\/iNFRA_5-e1761735885940.png","contentUrl":"https:\/\/agenciainfra.com\/blog\/wp-content\/uploads\/2023\/09\/iNFRA_5-e1761735885940.png","width":1672,"height":454,"caption":"Ag\u00eancia iNFRA"},"image":{"@id":"https:\/\/agenciainfra.com\/blog\/#\/schema\/logo\/image\/"},"sameAs":["https:\/\/www.facebook.com\/ageninfra","https:\/\/x.com\/agencia_infra","https:\/\/www.linkedin.com\/company\/ag\u00eanciainfra\/","https:\/\/www.instagram.com\/agenciainfra\/"]},{"@type":"Person","@id":"https:\/\/agenciainfra.com\/blog\/#\/schema\/person\/34af08dff6adea4cb22b06612ba7acfa","name":"Ag\u00eancia iNFRA","image":{"@type":"ImageObject","inLanguage":"pt-BR","@id":"https:\/\/agenciainfra.com\/blog\/#\/schema\/person\/image\/","url":"https:\/\/secure.gravatar.com\/avatar\/d189e01678f06d8eb84d4e01f08eb848b3fffe3f8443818d3c356c66892f5be8?s=96&d=mm&r=g","contentUrl":"https:\/\/secure.gravatar.com\/avatar\/d189e01678f06d8eb84d4e01f08eb848b3fffe3f8443818d3c356c66892f5be8?s=96&d=mm&r=g","caption":"Ag\u00eancia iNFRA"},"url":"https:\/\/agenciainfra.com\/blog\/author\/admin\/"}]}},"_links":{"self":[{"href":"https:\/\/agenciainfra.com\/blog\/wp-json\/wp\/v2\/posts\/33602","targetHints":{"allow":["GET"]}}],"collection":[{"href":"https:\/\/agenciainfra.com\/blog\/wp-json\/wp\/v2\/posts"}],"about":[{"href":"https:\/\/agenciainfra.com\/blog\/wp-json\/wp\/v2\/types\/post"}],"author":[{"embeddable":true,"href":"https:\/\/agenciainfra.com\/blog\/wp-json\/wp\/v2\/users\/1"}],"replies":[{"embeddable":true,"href":"https:\/\/agenciainfra.com\/blog\/wp-json\/wp\/v2\/comments?post=33602"}],"version-history":[{"count":1,"href":"https:\/\/agenciainfra.com\/blog\/wp-json\/wp\/v2\/posts\/33602\/revisions"}],"predecessor-version":[{"id":33604,"href":"https:\/\/agenciainfra.com\/blog\/wp-json\/wp\/v2\/posts\/33602\/revisions\/33604"}],"wp:featuredmedia":[{"embeddable":true,"href":"https:\/\/agenciainfra.com\/blog\/wp-json\/wp\/v2\/media\/31791"}],"wp:attachment":[{"href":"https:\/\/agenciainfra.com\/blog\/wp-json\/wp\/v2\/media?parent=33602"}],"wp:term":[{"taxonomy":"category","embeddable":true,"href":"https:\/\/agenciainfra.com\/blog\/wp-json\/wp\/v2\/categories?post=33602"},{"taxonomy":"post_tag","embeddable":true,"href":"https:\/\/agenciainfra.com\/blog\/wp-json\/wp\/v2\/tags?post=33602"}],"curies":[{"name":"wp","href":"https:\/\/api.w.org\/{rel}","templated":true}]}}