{"id":33612,"date":"2025-12-09T18:25:43","date_gmt":"2025-12-09T21:25:43","guid":{"rendered":"https:\/\/agenciainfra.com\/blog\/?p=33612"},"modified":"2025-12-10T15:50:32","modified_gmt":"2025-12-10T18:50:32","slug":"aneel-abre-consulta-para-tornar-tarifa-branca-automatica-na-baixa-tensao","status":"publish","type":"post","link":"https:\/\/agenciainfra.com\/blog\/aneel-abre-consulta-para-tornar-tarifa-branca-automatica-na-baixa-tensao\/","title":{"rendered":"ANEEL abre consulta para tornar Tarifa Branca autom\u00e1tica na baixa tens\u00e3o"},"content":{"rendered":"\n<p class=\"has-text-align-right\"><strong>Geraldo Campos Jr. e Lais Carregosa, da Ag\u00eancia iNFRA<\/strong><\/p>\n\n\n\n<p>A diretoria da ANEEL (Ag\u00eancia Nacional de Energia El\u00e9trica) <a href=\"https:\/\/www2.aneel.gov.br\/aplicacoes\/noticias_area\/arquivos\/item14-48500.034060-2025-88.pdf\">aprovou<\/a> nesta ter\u00e7a-feira (9) a abertura de consulta p\u00fablica, at\u00e9 9 de mar\u00e7o de 2026, sobre a moderniza\u00e7\u00e3o das tarifas de distribui\u00e7\u00e3o. A proposta \u00e9 tornar autom\u00e1tica a migra\u00e7\u00e3o (sem que o consumidor manifeste interesse) para a Tarifa Branca, que poder\u00e1 mudar de nome, para os consumidores de baixa tens\u00e3o com consumo mensal igual ou superior a 1 MWh (megawatt\/hora). Na modalidade, a energia fica mais cara nos hor\u00e1rios de pico do consumo e mais barata nas demais horas do dia, como quando h\u00e1 sobreoferta de gera\u00e7\u00e3o solar.&nbsp;<\/p>\n\n\n\n<p>O relator, diretor Fernando Mosna, acrescentou para discuss\u00e3o durante a consulta os impactos da migra\u00e7\u00e3o autom\u00e1tica para quem possui MMGD (Micro e Minigera\u00e7\u00e3o Distribu\u00edda). Agentes do segmento apontaram que a migra\u00e7\u00e3o obrigat\u00f3ria seria desfavor\u00e1vel, por gerarem sua pr\u00f3pria energia quando a tarifa \u00e9 menor, mas precisarem consumir da rede justo quando o pre\u00e7o seria mais alto, afetando a atratividade do modelo.<\/p>\n\n\n\n<p>Mosna tamb\u00e9m incluiu para debate na consulta a possibilidade das distribuidoras ajustarem o modelo e os valores da Tarifa Branca, que atualmente tem tr\u00eas faixas de pre\u00e7o, inclusive entre seus ciclos de revis\u00e3o tarif\u00e1ria. Tamb\u00e9m foi decidido abrir processo espec\u00edfico para elaborar um plano de comunica\u00e7\u00e3o sobre a moderniza\u00e7\u00e3o tarif\u00e1ria, incluindo possibilidade de utilizar recursos do Programa de Efici\u00eancia Energ\u00e9tica.<\/p>\n\n\n\n<p><\/p>\n","protected":false},"excerpt":{"rendered":"<p>Geraldo Campos Jr. e Lais Carregosa, da Ag\u00eancia iNFRA A diretoria da ANEEL (Ag\u00eancia Nacional de Energia El\u00e9trica) aprovou nesta ter\u00e7a-feira (9) a abertura de consulta p\u00fablica, at\u00e9 9 de mar\u00e7o de 2026, sobre a moderniza\u00e7\u00e3o das tarifas de distribui\u00e7\u00e3o. A proposta \u00e9 tornar autom\u00e1tica a migra\u00e7\u00e3o (sem que o consumidor manifeste interesse) para a [&hellip;]<\/p>\n","protected":false},"author":1,"featured_media":6718,"comment_status":"closed","ping_status":"closed","sticky":false,"template":"","format":"standard","meta":{"_monsterinsights_skip_tracking":false,"_monsterinsights_sitenote_active":false,"_monsterinsights_sitenote_note":"","_monsterinsights_sitenote_category":0,"footnotes":""},"categories":[7250,10],"tags":[53,5877,13,282,7014,5581,11594,13132,8724,16780],"class_list":["post-33612","post","type-post","status-publish","format-standard","has-post-thumbnail","hentry","category-destaque-lista","category-infraenergia","tag-aneel","tag-baixa-tensao","tag-consumo-de-energia","tag-energia-eletrica","tag-fernando-mosna","tag-geracao-solar","tag-geraldo-campos-jr","tag-lais-carregosa","tag-mmgd","tag-tarifa-branca"],"yoast_head":"<!-- This site is optimized with the Yoast SEO Premium plugin v25.4 (Yoast SEO v26.0) - https:\/\/yoast.com\/wordpress\/plugins\/seo\/ -->\n<title>ANEEL abre consulta para tornar Tarifa Branca autom\u00e1tica na baixa tens\u00e3o - Ag\u00eancia iNFRA<\/title>\n<meta name=\"robots\" content=\"index, follow, max-snippet:-1, max-image-preview:large, max-video-preview:-1\" \/>\n<link rel=\"canonical\" href=\"https:\/\/agenciainfra.com\/blog\/aneel-abre-consulta-para-tornar-tarifa-branca-automatica-na-baixa-tensao\/\" \/>\n<meta property=\"og:locale\" content=\"pt_BR\" \/>\n<meta property=\"og:type\" content=\"article\" \/>\n<meta property=\"og:title\" content=\"ANEEL abre consulta para tornar Tarifa Branca autom\u00e1tica na baixa tens\u00e3o\" \/>\n<meta property=\"og:description\" content=\"Geraldo Campos Jr. e Lais Carregosa, da Ag\u00eancia iNFRA A diretoria da ANEEL (Ag\u00eancia Nacional de Energia El\u00e9trica) aprovou nesta ter\u00e7a-feira (9) a abertura de consulta p\u00fablica, at\u00e9 9 de mar\u00e7o de 2026, sobre a moderniza\u00e7\u00e3o das tarifas de distribui\u00e7\u00e3o. A proposta \u00e9 tornar autom\u00e1tica a migra\u00e7\u00e3o (sem que o consumidor manifeste interesse) para a [&hellip;]\" \/>\n<meta property=\"og:url\" content=\"https:\/\/agenciainfra.com\/blog\/aneel-abre-consulta-para-tornar-tarifa-branca-automatica-na-baixa-tensao\/\" \/>\n<meta property=\"og:site_name\" content=\"Ag\u00eancia iNFRA\" \/>\n<meta property=\"article:publisher\" content=\"https:\/\/www.facebook.com\/ageninfra\" \/>\n<meta property=\"article:published_time\" content=\"2025-12-09T21:25:43+00:00\" \/>\n<meta property=\"article:modified_time\" content=\"2025-12-10T18:50:32+00:00\" \/>\n<meta property=\"og:image\" content=\"https:\/\/agenciainfra.com\/blog\/wp-content\/uploads\/2021\/02\/energia-eletrica-foto-dominio-publico.jpg\" \/>\n\t<meta property=\"og:image:width\" content=\"1280\" \/>\n\t<meta property=\"og:image:height\" content=\"720\" \/>\n\t<meta property=\"og:image:type\" content=\"image\/jpeg\" \/>\n<meta name=\"author\" content=\"Ag\u00eancia iNFRA\" \/>\n<meta name=\"twitter:card\" content=\"summary_large_image\" \/>\n<meta name=\"twitter:creator\" content=\"@agencia_infra\" \/>\n<meta name=\"twitter:site\" content=\"@agencia_infra\" \/>\n<meta name=\"twitter:label1\" content=\"Escrito por\" \/>\n\t<meta name=\"twitter:data1\" content=\"Ag\u00eancia iNFRA\" \/>\n\t<meta name=\"twitter:label2\" content=\"Est. tempo de leitura\" \/>\n\t<meta name=\"twitter:data2\" content=\"1 minuto\" \/>\n<script type=\"application\/ld+json\" class=\"yoast-schema-graph\">{\"@context\":\"https:\/\/schema.org\",\"@graph\":[{\"@type\":\"Article\",\"@id\":\"https:\/\/agenciainfra.com\/blog\/aneel-abre-consulta-para-tornar-tarifa-branca-automatica-na-baixa-tensao\/#article\",\"isPartOf\":{\"@id\":\"https:\/\/agenciainfra.com\/blog\/aneel-abre-consulta-para-tornar-tarifa-branca-automatica-na-baixa-tensao\/\"},\"author\":{\"name\":\"Ag\u00eancia iNFRA\",\"@id\":\"https:\/\/agenciainfra.com\/blog\/#\/schema\/person\/34af08dff6adea4cb22b06612ba7acfa\"},\"headline\":\"ANEEL abre consulta para tornar Tarifa Branca autom\u00e1tica na baixa tens\u00e3o\",\"datePublished\":\"2025-12-09T21:25:43+00:00\",\"dateModified\":\"2025-12-10T18:50:32+00:00\",\"mainEntityOfPage\":{\"@id\":\"https:\/\/agenciainfra.com\/blog\/aneel-abre-consulta-para-tornar-tarifa-branca-automatica-na-baixa-tensao\/\"},\"wordCount\":271,\"publisher\":{\"@id\":\"https:\/\/agenciainfra.com\/blog\/#organization\"},\"image\":{\"@id\":\"https:\/\/agenciainfra.com\/blog\/aneel-abre-consulta-para-tornar-tarifa-branca-automatica-na-baixa-tensao\/#primaryimage\"},\"thumbnailUrl\":\"https:\/\/agenciainfra.com\/blog\/wp-content\/uploads\/2021\/02\/energia-eletrica-foto-dominio-publico.jpg\",\"keywords\":[\"ANEEL\",\"baixa tens\u00e3o\",\"consumo de energia\",\"energia el\u00e9trica\",\"Fernando Mosna\",\"Gera\u00e7\u00e3o solar\",\"Geraldo Campos Jr.\",\"Lais Carregosa\",\"MMGD\",\"Tarifa Branca\"],\"articleSection\":[\"Destaque lista\",\"iNFRAEnergia\"],\"inLanguage\":\"pt-BR\",\"copyrightYear\":\"2025\",\"copyrightHolder\":{\"@id\":\"https:\/\/agenciainfra.com\/blog\/#organization\"}},{\"@type\":\"WebPage\",\"@id\":\"https:\/\/agenciainfra.com\/blog\/aneel-abre-consulta-para-tornar-tarifa-branca-automatica-na-baixa-tensao\/\",\"url\":\"https:\/\/agenciainfra.com\/blog\/aneel-abre-consulta-para-tornar-tarifa-branca-automatica-na-baixa-tensao\/\",\"name\":\"ANEEL abre consulta para tornar Tarifa Branca autom\u00e1tica na baixa tens\u00e3o - Ag\u00eancia iNFRA\",\"isPartOf\":{\"@id\":\"https:\/\/agenciainfra.com\/blog\/#website\"},\"primaryImageOfPage\":{\"@id\":\"https:\/\/agenciainfra.com\/blog\/aneel-abre-consulta-para-tornar-tarifa-branca-automatica-na-baixa-tensao\/#primaryimage\"},\"image\":{\"@id\":\"https:\/\/agenciainfra.com\/blog\/aneel-abre-consulta-para-tornar-tarifa-branca-automatica-na-baixa-tensao\/#primaryimage\"},\"thumbnailUrl\":\"https:\/\/agenciainfra.com\/blog\/wp-content\/uploads\/2021\/02\/energia-eletrica-foto-dominio-publico.jpg\",\"datePublished\":\"2025-12-09T21:25:43+00:00\",\"dateModified\":\"2025-12-10T18:50:32+00:00\",\"breadcrumb\":{\"@id\":\"https:\/\/agenciainfra.com\/blog\/aneel-abre-consulta-para-tornar-tarifa-branca-automatica-na-baixa-tensao\/#breadcrumb\"},\"inLanguage\":\"pt-BR\",\"potentialAction\":[{\"@type\":\"ReadAction\",\"target\":[\"https:\/\/agenciainfra.com\/blog\/aneel-abre-consulta-para-tornar-tarifa-branca-automatica-na-baixa-tensao\/\"]}]},{\"@type\":\"ImageObject\",\"inLanguage\":\"pt-BR\",\"@id\":\"https:\/\/agenciainfra.com\/blog\/aneel-abre-consulta-para-tornar-tarifa-branca-automatica-na-baixa-tensao\/#primaryimage\",\"url\":\"https:\/\/agenciainfra.com\/blog\/wp-content\/uploads\/2021\/02\/energia-eletrica-foto-dominio-publico.jpg\",\"contentUrl\":\"https:\/\/agenciainfra.com\/blog\/wp-content\/uploads\/2021\/02\/energia-eletrica-foto-dominio-publico.jpg\",\"width\":1280,\"height\":720,\"caption\":\"Foto: Dom\u00ednio P\u00fablico\"},{\"@type\":\"BreadcrumbList\",\"@id\":\"https:\/\/agenciainfra.com\/blog\/aneel-abre-consulta-para-tornar-tarifa-branca-automatica-na-baixa-tensao\/#breadcrumb\",\"itemListElement\":[{\"@type\":\"ListItem\",\"position\":1,\"name\":\"In\u00edcio\",\"item\":\"https:\/\/agenciainfra.com\/blog\/\"},{\"@type\":\"ListItem\",\"position\":2,\"name\":\"ANEEL abre consulta para tornar Tarifa Branca autom\u00e1tica na baixa tens\u00e3o\"}]},{\"@type\":\"WebSite\",\"@id\":\"https:\/\/agenciainfra.com\/blog\/#website\",\"url\":\"https:\/\/agenciainfra.com\/blog\/\",\"name\":\"Ag\u00eancia iNFRA\",\"description\":\"Multiplataforma de informa\u00e7\u00e3o jornal\u00edstica refer\u00eancia na \u00e1rea de infraestrutura no Brasil!\",\"publisher\":{\"@id\":\"https:\/\/agenciainfra.com\/blog\/#organization\"},\"potentialAction\":[{\"@type\":\"SearchAction\",\"target\":{\"@type\":\"EntryPoint\",\"urlTemplate\":\"https:\/\/agenciainfra.com\/blog\/?s={search_term_string}\"},\"query-input\":{\"@type\":\"PropertyValueSpecification\",\"valueRequired\":true,\"valueName\":\"search_term_string\"}}],\"inLanguage\":\"pt-BR\"},{\"@type\":\"Organization\",\"@id\":\"https:\/\/agenciainfra.com\/blog\/#organization\",\"name\":\"Ag\u00eancia iNFRA\",\"url\":\"https:\/\/agenciainfra.com\/blog\/\",\"logo\":{\"@type\":\"ImageObject\",\"inLanguage\":\"pt-BR\",\"@id\":\"https:\/\/agenciainfra.com\/blog\/#\/schema\/logo\/image\/\",\"url\":\"https:\/\/agenciainfra.com\/blog\/wp-content\/uploads\/2023\/09\/iNFRA_5-e1761735885940.png\",\"contentUrl\":\"https:\/\/agenciainfra.com\/blog\/wp-content\/uploads\/2023\/09\/iNFRA_5-e1761735885940.png\",\"width\":1672,\"height\":454,\"caption\":\"Ag\u00eancia iNFRA\"},\"image\":{\"@id\":\"https:\/\/agenciainfra.com\/blog\/#\/schema\/logo\/image\/\"},\"sameAs\":[\"https:\/\/www.facebook.com\/ageninfra\",\"https:\/\/x.com\/agencia_infra\",\"https:\/\/www.linkedin.com\/company\/ag\u00eanciainfra\/\",\"https:\/\/www.instagram.com\/agenciainfra\/\"]},{\"@type\":\"Person\",\"@id\":\"https:\/\/agenciainfra.com\/blog\/#\/schema\/person\/34af08dff6adea4cb22b06612ba7acfa\",\"name\":\"Ag\u00eancia iNFRA\",\"image\":{\"@type\":\"ImageObject\",\"inLanguage\":\"pt-BR\",\"@id\":\"https:\/\/agenciainfra.com\/blog\/#\/schema\/person\/image\/\",\"url\":\"https:\/\/secure.gravatar.com\/avatar\/d189e01678f06d8eb84d4e01f08eb848b3fffe3f8443818d3c356c66892f5be8?s=96&d=mm&r=g\",\"contentUrl\":\"https:\/\/secure.gravatar.com\/avatar\/d189e01678f06d8eb84d4e01f08eb848b3fffe3f8443818d3c356c66892f5be8?s=96&d=mm&r=g\",\"caption\":\"Ag\u00eancia iNFRA\"},\"url\":\"https:\/\/agenciainfra.com\/blog\/author\/admin\/\"}]}<\/script>\n<!-- \/ Yoast SEO Premium plugin. -->","yoast_head_json":{"title":"ANEEL abre consulta para tornar Tarifa Branca autom\u00e1tica na baixa tens\u00e3o - Ag\u00eancia iNFRA","robots":{"index":"index","follow":"follow","max-snippet":"max-snippet:-1","max-image-preview":"max-image-preview:large","max-video-preview":"max-video-preview:-1"},"canonical":"https:\/\/agenciainfra.com\/blog\/aneel-abre-consulta-para-tornar-tarifa-branca-automatica-na-baixa-tensao\/","og_locale":"pt_BR","og_type":"article","og_title":"ANEEL abre consulta para tornar Tarifa Branca autom\u00e1tica na baixa tens\u00e3o","og_description":"Geraldo Campos Jr. e Lais Carregosa, da Ag\u00eancia iNFRA A diretoria da ANEEL (Ag\u00eancia Nacional de Energia El\u00e9trica) aprovou nesta ter\u00e7a-feira (9) a abertura de consulta p\u00fablica, at\u00e9 9 de mar\u00e7o de 2026, sobre a moderniza\u00e7\u00e3o das tarifas de distribui\u00e7\u00e3o. A proposta \u00e9 tornar autom\u00e1tica a migra\u00e7\u00e3o (sem que o consumidor manifeste interesse) para a [&hellip;]","og_url":"https:\/\/agenciainfra.com\/blog\/aneel-abre-consulta-para-tornar-tarifa-branca-automatica-na-baixa-tensao\/","og_site_name":"Ag\u00eancia iNFRA","article_publisher":"https:\/\/www.facebook.com\/ageninfra","article_published_time":"2025-12-09T21:25:43+00:00","article_modified_time":"2025-12-10T18:50:32+00:00","og_image":[{"width":1280,"height":720,"url":"https:\/\/agenciainfra.com\/blog\/wp-content\/uploads\/2021\/02\/energia-eletrica-foto-dominio-publico.jpg","type":"image\/jpeg"}],"author":"Ag\u00eancia iNFRA","twitter_card":"summary_large_image","twitter_creator":"@agencia_infra","twitter_site":"@agencia_infra","twitter_misc":{"Escrito por":"Ag\u00eancia iNFRA","Est. tempo de leitura":"1 minuto"},"schema":{"@context":"https:\/\/schema.org","@graph":[{"@type":"Article","@id":"https:\/\/agenciainfra.com\/blog\/aneel-abre-consulta-para-tornar-tarifa-branca-automatica-na-baixa-tensao\/#article","isPartOf":{"@id":"https:\/\/agenciainfra.com\/blog\/aneel-abre-consulta-para-tornar-tarifa-branca-automatica-na-baixa-tensao\/"},"author":{"name":"Ag\u00eancia iNFRA","@id":"https:\/\/agenciainfra.com\/blog\/#\/schema\/person\/34af08dff6adea4cb22b06612ba7acfa"},"headline":"ANEEL abre consulta para tornar Tarifa Branca autom\u00e1tica na baixa tens\u00e3o","datePublished":"2025-12-09T21:25:43+00:00","dateModified":"2025-12-10T18:50:32+00:00","mainEntityOfPage":{"@id":"https:\/\/agenciainfra.com\/blog\/aneel-abre-consulta-para-tornar-tarifa-branca-automatica-na-baixa-tensao\/"},"wordCount":271,"publisher":{"@id":"https:\/\/agenciainfra.com\/blog\/#organization"},"image":{"@id":"https:\/\/agenciainfra.com\/blog\/aneel-abre-consulta-para-tornar-tarifa-branca-automatica-na-baixa-tensao\/#primaryimage"},"thumbnailUrl":"https:\/\/agenciainfra.com\/blog\/wp-content\/uploads\/2021\/02\/energia-eletrica-foto-dominio-publico.jpg","keywords":["ANEEL","baixa tens\u00e3o","consumo de energia","energia el\u00e9trica","Fernando Mosna","Gera\u00e7\u00e3o solar","Geraldo Campos Jr.","Lais Carregosa","MMGD","Tarifa Branca"],"articleSection":["Destaque lista","iNFRAEnergia"],"inLanguage":"pt-BR","copyrightYear":"2025","copyrightHolder":{"@id":"https:\/\/agenciainfra.com\/blog\/#organization"}},{"@type":"WebPage","@id":"https:\/\/agenciainfra.com\/blog\/aneel-abre-consulta-para-tornar-tarifa-branca-automatica-na-baixa-tensao\/","url":"https:\/\/agenciainfra.com\/blog\/aneel-abre-consulta-para-tornar-tarifa-branca-automatica-na-baixa-tensao\/","name":"ANEEL abre consulta para tornar Tarifa Branca autom\u00e1tica na baixa tens\u00e3o - Ag\u00eancia iNFRA","isPartOf":{"@id":"https:\/\/agenciainfra.com\/blog\/#website"},"primaryImageOfPage":{"@id":"https:\/\/agenciainfra.com\/blog\/aneel-abre-consulta-para-tornar-tarifa-branca-automatica-na-baixa-tensao\/#primaryimage"},"image":{"@id":"https:\/\/agenciainfra.com\/blog\/aneel-abre-consulta-para-tornar-tarifa-branca-automatica-na-baixa-tensao\/#primaryimage"},"thumbnailUrl":"https:\/\/agenciainfra.com\/blog\/wp-content\/uploads\/2021\/02\/energia-eletrica-foto-dominio-publico.jpg","datePublished":"2025-12-09T21:25:43+00:00","dateModified":"2025-12-10T18:50:32+00:00","breadcrumb":{"@id":"https:\/\/agenciainfra.com\/blog\/aneel-abre-consulta-para-tornar-tarifa-branca-automatica-na-baixa-tensao\/#breadcrumb"},"inLanguage":"pt-BR","potentialAction":[{"@type":"ReadAction","target":["https:\/\/agenciainfra.com\/blog\/aneel-abre-consulta-para-tornar-tarifa-branca-automatica-na-baixa-tensao\/"]}]},{"@type":"ImageObject","inLanguage":"pt-BR","@id":"https:\/\/agenciainfra.com\/blog\/aneel-abre-consulta-para-tornar-tarifa-branca-automatica-na-baixa-tensao\/#primaryimage","url":"https:\/\/agenciainfra.com\/blog\/wp-content\/uploads\/2021\/02\/energia-eletrica-foto-dominio-publico.jpg","contentUrl":"https:\/\/agenciainfra.com\/blog\/wp-content\/uploads\/2021\/02\/energia-eletrica-foto-dominio-publico.jpg","width":1280,"height":720,"caption":"Foto: Dom\u00ednio P\u00fablico"},{"@type":"BreadcrumbList","@id":"https:\/\/agenciainfra.com\/blog\/aneel-abre-consulta-para-tornar-tarifa-branca-automatica-na-baixa-tensao\/#breadcrumb","itemListElement":[{"@type":"ListItem","position":1,"name":"In\u00edcio","item":"https:\/\/agenciainfra.com\/blog\/"},{"@type":"ListItem","position":2,"name":"ANEEL abre consulta para tornar Tarifa Branca autom\u00e1tica na baixa tens\u00e3o"}]},{"@type":"WebSite","@id":"https:\/\/agenciainfra.com\/blog\/#website","url":"https:\/\/agenciainfra.com\/blog\/","name":"Ag\u00eancia iNFRA","description":"Multiplataforma de informa\u00e7\u00e3o jornal\u00edstica refer\u00eancia na \u00e1rea de infraestrutura no Brasil!","publisher":{"@id":"https:\/\/agenciainfra.com\/blog\/#organization"},"potentialAction":[{"@type":"SearchAction","target":{"@type":"EntryPoint","urlTemplate":"https:\/\/agenciainfra.com\/blog\/?s={search_term_string}"},"query-input":{"@type":"PropertyValueSpecification","valueRequired":true,"valueName":"search_term_string"}}],"inLanguage":"pt-BR"},{"@type":"Organization","@id":"https:\/\/agenciainfra.com\/blog\/#organization","name":"Ag\u00eancia iNFRA","url":"https:\/\/agenciainfra.com\/blog\/","logo":{"@type":"ImageObject","inLanguage":"pt-BR","@id":"https:\/\/agenciainfra.com\/blog\/#\/schema\/logo\/image\/","url":"https:\/\/agenciainfra.com\/blog\/wp-content\/uploads\/2023\/09\/iNFRA_5-e1761735885940.png","contentUrl":"https:\/\/agenciainfra.com\/blog\/wp-content\/uploads\/2023\/09\/iNFRA_5-e1761735885940.png","width":1672,"height":454,"caption":"Ag\u00eancia iNFRA"},"image":{"@id":"https:\/\/agenciainfra.com\/blog\/#\/schema\/logo\/image\/"},"sameAs":["https:\/\/www.facebook.com\/ageninfra","https:\/\/x.com\/agencia_infra","https:\/\/www.linkedin.com\/company\/ag\u00eanciainfra\/","https:\/\/www.instagram.com\/agenciainfra\/"]},{"@type":"Person","@id":"https:\/\/agenciainfra.com\/blog\/#\/schema\/person\/34af08dff6adea4cb22b06612ba7acfa","name":"Ag\u00eancia iNFRA","image":{"@type":"ImageObject","inLanguage":"pt-BR","@id":"https:\/\/agenciainfra.com\/blog\/#\/schema\/person\/image\/","url":"https:\/\/secure.gravatar.com\/avatar\/d189e01678f06d8eb84d4e01f08eb848b3fffe3f8443818d3c356c66892f5be8?s=96&d=mm&r=g","contentUrl":"https:\/\/secure.gravatar.com\/avatar\/d189e01678f06d8eb84d4e01f08eb848b3fffe3f8443818d3c356c66892f5be8?s=96&d=mm&r=g","caption":"Ag\u00eancia iNFRA"},"url":"https:\/\/agenciainfra.com\/blog\/author\/admin\/"}]}},"_links":{"self":[{"href":"https:\/\/agenciainfra.com\/blog\/wp-json\/wp\/v2\/posts\/33612","targetHints":{"allow":["GET"]}}],"collection":[{"href":"https:\/\/agenciainfra.com\/blog\/wp-json\/wp\/v2\/posts"}],"about":[{"href":"https:\/\/agenciainfra.com\/blog\/wp-json\/wp\/v2\/types\/post"}],"author":[{"embeddable":true,"href":"https:\/\/agenciainfra.com\/blog\/wp-json\/wp\/v2\/users\/1"}],"replies":[{"embeddable":true,"href":"https:\/\/agenciainfra.com\/blog\/wp-json\/wp\/v2\/comments?post=33612"}],"version-history":[{"count":2,"href":"https:\/\/agenciainfra.com\/blog\/wp-json\/wp\/v2\/posts\/33612\/revisions"}],"predecessor-version":[{"id":33615,"href":"https:\/\/agenciainfra.com\/blog\/wp-json\/wp\/v2\/posts\/33612\/revisions\/33615"}],"wp:featuredmedia":[{"embeddable":true,"href":"https:\/\/agenciainfra.com\/blog\/wp-json\/wp\/v2\/media\/6718"}],"wp:attachment":[{"href":"https:\/\/agenciainfra.com\/blog\/wp-json\/wp\/v2\/media?parent=33612"}],"wp:term":[{"taxonomy":"category","embeddable":true,"href":"https:\/\/agenciainfra.com\/blog\/wp-json\/wp\/v2\/categories?post=33612"},{"taxonomy":"post_tag","embeddable":true,"href":"https:\/\/agenciainfra.com\/blog\/wp-json\/wp\/v2\/tags?post=33612"}],"curies":[{"name":"wp","href":"https:\/\/api.w.org\/{rel}","templated":true}]}}