{"id":33629,"date":"2025-12-09T21:54:16","date_gmt":"2025-12-10T00:54:16","guid":{"rendered":"https:\/\/agenciainfra.com\/blog\/?p=33629"},"modified":"2026-03-09T13:08:29","modified_gmt":"2026-03-09T16:08:29","slug":"mpor-acata-recomendacao-do-tcu-sobre-outorga-no-leilao-do-tecon-10","status":"publish","type":"post","link":"https:\/\/agenciainfra.com\/blog\/mpor-acata-recomendacao-do-tcu-sobre-outorga-no-leilao-do-tecon-10\/","title":{"rendered":"MPor acata recomenda\u00e7\u00e3o do TCU sobre outorga no leil\u00e3o do Tecon 10"},"content":{"rendered":"\n<p class=\"has-text-align-right\"><strong>da Ag\u00eancia iNFRA<\/strong><\/p>\n\n\n\n<p>O MPor (Minist\u00e9rio de Portos e Aeroportos) anunciou que acatou as recomenda\u00e7\u00f5es do TCU (Tribunal de Contas da Uni\u00e3o) sobre a defini\u00e7\u00e3o de outorgas no leil\u00e3o do Tecon Santos 10, previsto para a primeira quinzena de mar\u00e7o. O minist\u00e9rio estabelecer\u00e1 um valor m\u00ednimo de outorga, buscando \u201cconciliar a atratividade do ativo para o mercado com o recebimento de um valor m\u00ednimo de outorga razo\u00e1vel para o er\u00e1rio, compat\u00edvel com o porte do empreendimento\u201d.<\/p>\n\n\n\n<p>A corte de contas orientou que o MPor avalie o aumento do valor m\u00ednimo da outorga, que, atualmente inicia com valor simb\u00f3lico de R$ 1, para evitar o risco de uma outorga baixa em caso de n\u00e3o haver concorr\u00eancia. O leil\u00e3o ser\u00e1 vencido pela empresa que apresentar o maior valor de outorga, com concess\u00e3o pelo prazo de 25 anos.<\/p>\n\n\n\n<p>Ap\u00f3s a delibera\u00e7\u00e3o do TCU, na \u00faltima segunda-feira (8), o processo voltou ao MPor para ajustes t\u00e9cnicos e adequa\u00e7\u00e3o do edital, que deve ser publicado at\u00e9 o final de janeiro de 2026. Antes da publica\u00e7\u00e3o, ser\u00e1 realizado um roadshow internacional com embaixadas e empresas interessadas no terminal, informou a pasta.&nbsp;<\/p>\n\n\n\n<p>O Tecon Santos 10 ter\u00e1 R$ 6,4 bilh\u00f5es em investimentos e ampliar\u00e1 em 50% a capacidade de movimenta\u00e7\u00e3o de cont\u00eaineres do Porto de Santos. O terminal ocupar\u00e1 621 mil m\u00b2, com quatro ber\u00e7os de atraca\u00e7\u00e3o e capacidade para movimentar 9 milh\u00f5es de cont\u00eaineres por ano.&nbsp;<\/p>\n","protected":false},"excerpt":{"rendered":"<p>da Ag\u00eancia iNFRA O MPor (Minist\u00e9rio de Portos e Aeroportos) anunciou que acatou as recomenda\u00e7\u00f5es do TCU (Tribunal de Contas da Uni\u00e3o) sobre a defini\u00e7\u00e3o de outorgas no leil\u00e3o do Tecon Santos 10, previsto para a primeira quinzena de mar\u00e7o. O minist\u00e9rio estabelecer\u00e1 um valor m\u00ednimo de outorga, buscando \u201cconciliar a atratividade do ativo para [&hellip;]<\/p>\n","protected":false},"author":1,"featured_media":5949,"comment_status":"closed","ping_status":"closed","sticky":false,"template":"","format":"standard","meta":{"_monsterinsights_skip_tracking":false,"_monsterinsights_sitenote_active":false,"_monsterinsights_sitenote_note":"","_monsterinsights_sitenote_category":0,"footnotes":""},"categories":[13576],"tags":[1726,12350,6257,6919,260,18,12352,816,927],"class_list":["post-33629","post","type-post","status-publish","format-standard","has-post-thumbnail","hentry","category-giro-infra","tag-infraestrutura-portuaria","tag-megaterminal-de-conteineres","tag-ministerio-de-portos-e-aeroportos","tag-mpor","tag-porto-de-santos","tag-tcu","tag-tecon-10","tag-transporte-aquaviario","tag-tribunal-de-contas-da-uniao"],"yoast_head":"<!-- This site is optimized with the Yoast SEO Premium plugin v25.4 (Yoast SEO v26.0) - https:\/\/yoast.com\/wordpress\/plugins\/seo\/ -->\n<title>MPor acata recomenda\u00e7\u00e3o do TCU sobre outorga no leil\u00e3o do Tecon 10 - Ag\u00eancia iNFRA<\/title>\n<meta name=\"robots\" content=\"index, follow, max-snippet:-1, max-image-preview:large, max-video-preview:-1\" \/>\n<link rel=\"canonical\" href=\"https:\/\/agenciainfra.com\/blog\/mpor-acata-recomendacao-do-tcu-sobre-outorga-no-leilao-do-tecon-10\/\" \/>\n<meta property=\"og:locale\" content=\"pt_BR\" \/>\n<meta property=\"og:type\" content=\"article\" \/>\n<meta property=\"og:title\" content=\"MPor acata recomenda\u00e7\u00e3o do TCU sobre outorga no leil\u00e3o do Tecon 10\" \/>\n<meta property=\"og:description\" content=\"da Ag\u00eancia iNFRA O MPor (Minist\u00e9rio de Portos e Aeroportos) anunciou que acatou as recomenda\u00e7\u00f5es do TCU (Tribunal de Contas da Uni\u00e3o) sobre a defini\u00e7\u00e3o de outorgas no leil\u00e3o do Tecon Santos 10, previsto para a primeira quinzena de mar\u00e7o. O minist\u00e9rio estabelecer\u00e1 um valor m\u00ednimo de outorga, buscando \u201cconciliar a atratividade do ativo para [&hellip;]\" \/>\n<meta property=\"og:url\" content=\"https:\/\/agenciainfra.com\/blog\/mpor-acata-recomendacao-do-tcu-sobre-outorga-no-leilao-do-tecon-10\/\" \/>\n<meta property=\"og:site_name\" content=\"Ag\u00eancia iNFRA\" \/>\n<meta property=\"article:publisher\" content=\"https:\/\/www.facebook.com\/ageninfra\" \/>\n<meta property=\"article:published_time\" content=\"2025-12-10T00:54:16+00:00\" \/>\n<meta property=\"article:modified_time\" content=\"2026-03-09T16:08:29+00:00\" \/>\n<meta property=\"og:image\" content=\"https:\/\/agenciainfra.com\/blog\/wp-content\/uploads\/2020\/09\/navio-conteiner-foto-dominio-publico.jpg\" \/>\n\t<meta property=\"og:image:width\" content=\"1280\" \/>\n\t<meta property=\"og:image:height\" content=\"960\" \/>\n\t<meta property=\"og:image:type\" content=\"image\/jpeg\" \/>\n<meta name=\"author\" content=\"Ag\u00eancia iNFRA\" \/>\n<meta name=\"twitter:card\" content=\"summary_large_image\" \/>\n<meta name=\"twitter:creator\" content=\"@agencia_infra\" \/>\n<meta name=\"twitter:site\" content=\"@agencia_infra\" \/>\n<meta name=\"twitter:label1\" content=\"Escrito por\" \/>\n\t<meta name=\"twitter:data1\" content=\"Ag\u00eancia iNFRA\" \/>\n\t<meta name=\"twitter:label2\" content=\"Est. tempo de leitura\" \/>\n\t<meta name=\"twitter:data2\" content=\"1 minuto\" \/>\n<script type=\"application\/ld+json\" class=\"yoast-schema-graph\">{\"@context\":\"https:\/\/schema.org\",\"@graph\":[{\"@type\":\"Article\",\"@id\":\"https:\/\/agenciainfra.com\/blog\/mpor-acata-recomendacao-do-tcu-sobre-outorga-no-leilao-do-tecon-10\/#article\",\"isPartOf\":{\"@id\":\"https:\/\/agenciainfra.com\/blog\/mpor-acata-recomendacao-do-tcu-sobre-outorga-no-leilao-do-tecon-10\/\"},\"author\":{\"name\":\"Ag\u00eancia iNFRA\",\"@id\":\"https:\/\/agenciainfra.com\/blog\/#\/schema\/person\/34af08dff6adea4cb22b06612ba7acfa\"},\"headline\":\"MPor acata recomenda\u00e7\u00e3o do TCU sobre outorga no leil\u00e3o do Tecon 10\",\"datePublished\":\"2025-12-10T00:54:16+00:00\",\"dateModified\":\"2026-03-09T16:08:29+00:00\",\"mainEntityOfPage\":{\"@id\":\"https:\/\/agenciainfra.com\/blog\/mpor-acata-recomendacao-do-tcu-sobre-outorga-no-leilao-do-tecon-10\/\"},\"wordCount\":266,\"publisher\":{\"@id\":\"https:\/\/agenciainfra.com\/blog\/#organization\"},\"image\":{\"@id\":\"https:\/\/agenciainfra.com\/blog\/mpor-acata-recomendacao-do-tcu-sobre-outorga-no-leilao-do-tecon-10\/#primaryimage\"},\"thumbnailUrl\":\"https:\/\/agenciainfra.com\/blog\/wp-content\/uploads\/2020\/09\/navio-conteiner-foto-dominio-publico-e1774873627913.jpg\",\"keywords\":[\"infraestrutura portu\u00e1ria\",\"Megaterminal de cont\u00eaineres\",\"Minist\u00e9rio de Portos e Aeroportos\",\"MPor\",\"Porto de Santos\",\"TCU\",\"Tecon 10\",\"transporte aquavi\u00e1rio\",\"Tribunal de Contas da Uni\u00e3o\"],\"articleSection\":[\"Giro iNFRA\"],\"inLanguage\":\"pt-BR\",\"copyrightYear\":\"2025\",\"copyrightHolder\":{\"@id\":\"https:\/\/agenciainfra.com\/blog\/#organization\"}},{\"@type\":\"WebPage\",\"@id\":\"https:\/\/agenciainfra.com\/blog\/mpor-acata-recomendacao-do-tcu-sobre-outorga-no-leilao-do-tecon-10\/\",\"url\":\"https:\/\/agenciainfra.com\/blog\/mpor-acata-recomendacao-do-tcu-sobre-outorga-no-leilao-do-tecon-10\/\",\"name\":\"MPor acata recomenda\u00e7\u00e3o do TCU sobre outorga no leil\u00e3o do Tecon 10 - Ag\u00eancia iNFRA\",\"isPartOf\":{\"@id\":\"https:\/\/agenciainfra.com\/blog\/#website\"},\"primaryImageOfPage\":{\"@id\":\"https:\/\/agenciainfra.com\/blog\/mpor-acata-recomendacao-do-tcu-sobre-outorga-no-leilao-do-tecon-10\/#primaryimage\"},\"image\":{\"@id\":\"https:\/\/agenciainfra.com\/blog\/mpor-acata-recomendacao-do-tcu-sobre-outorga-no-leilao-do-tecon-10\/#primaryimage\"},\"thumbnailUrl\":\"https:\/\/agenciainfra.com\/blog\/wp-content\/uploads\/2020\/09\/navio-conteiner-foto-dominio-publico-e1774873627913.jpg\",\"datePublished\":\"2025-12-10T00:54:16+00:00\",\"dateModified\":\"2026-03-09T16:08:29+00:00\",\"breadcrumb\":{\"@id\":\"https:\/\/agenciainfra.com\/blog\/mpor-acata-recomendacao-do-tcu-sobre-outorga-no-leilao-do-tecon-10\/#breadcrumb\"},\"inLanguage\":\"pt-BR\",\"potentialAction\":[{\"@type\":\"ReadAction\",\"target\":[\"https:\/\/agenciainfra.com\/blog\/mpor-acata-recomendacao-do-tcu-sobre-outorga-no-leilao-do-tecon-10\/\"]}]},{\"@type\":\"ImageObject\",\"inLanguage\":\"pt-BR\",\"@id\":\"https:\/\/agenciainfra.com\/blog\/mpor-acata-recomendacao-do-tcu-sobre-outorga-no-leilao-do-tecon-10\/#primaryimage\",\"url\":\"https:\/\/agenciainfra.com\/blog\/wp-content\/uploads\/2020\/09\/navio-conteiner-foto-dominio-publico-e1774873627913.jpg\",\"contentUrl\":\"https:\/\/agenciainfra.com\/blog\/wp-content\/uploads\/2020\/09\/navio-conteiner-foto-dominio-publico-e1774873627913.jpg\",\"width\":1278,\"height\":810,\"caption\":\"Foto: Dom\u00ednio P\u00fablico\"},{\"@type\":\"BreadcrumbList\",\"@id\":\"https:\/\/agenciainfra.com\/blog\/mpor-acata-recomendacao-do-tcu-sobre-outorga-no-leilao-do-tecon-10\/#breadcrumb\",\"itemListElement\":[{\"@type\":\"ListItem\",\"position\":1,\"name\":\"In\u00edcio\",\"item\":\"https:\/\/agenciainfra.com\/blog\/\"},{\"@type\":\"ListItem\",\"position\":2,\"name\":\"MPor acata recomenda\u00e7\u00e3o do TCU sobre outorga no leil\u00e3o do Tecon 10\"}]},{\"@type\":\"WebSite\",\"@id\":\"https:\/\/agenciainfra.com\/blog\/#website\",\"url\":\"https:\/\/agenciainfra.com\/blog\/\",\"name\":\"Ag\u00eancia iNFRA\",\"description\":\"Multiplataforma de informa\u00e7\u00e3o jornal\u00edstica refer\u00eancia na \u00e1rea de infraestrutura no Brasil!\",\"publisher\":{\"@id\":\"https:\/\/agenciainfra.com\/blog\/#organization\"},\"potentialAction\":[{\"@type\":\"SearchAction\",\"target\":{\"@type\":\"EntryPoint\",\"urlTemplate\":\"https:\/\/agenciainfra.com\/blog\/?s={search_term_string}\"},\"query-input\":{\"@type\":\"PropertyValueSpecification\",\"valueRequired\":true,\"valueName\":\"search_term_string\"}}],\"inLanguage\":\"pt-BR\"},{\"@type\":\"Organization\",\"@id\":\"https:\/\/agenciainfra.com\/blog\/#organization\",\"name\":\"Ag\u00eancia iNFRA\",\"url\":\"https:\/\/agenciainfra.com\/blog\/\",\"logo\":{\"@type\":\"ImageObject\",\"inLanguage\":\"pt-BR\",\"@id\":\"https:\/\/agenciainfra.com\/blog\/#\/schema\/logo\/image\/\",\"url\":\"https:\/\/agenciainfra.com\/blog\/wp-content\/uploads\/2023\/09\/iNFRA_5-e1761735885940.png\",\"contentUrl\":\"https:\/\/agenciainfra.com\/blog\/wp-content\/uploads\/2023\/09\/iNFRA_5-e1761735885940.png\",\"width\":1672,\"height\":454,\"caption\":\"Ag\u00eancia iNFRA\"},\"image\":{\"@id\":\"https:\/\/agenciainfra.com\/blog\/#\/schema\/logo\/image\/\"},\"sameAs\":[\"https:\/\/www.facebook.com\/ageninfra\",\"https:\/\/x.com\/agencia_infra\",\"https:\/\/www.linkedin.com\/company\/ag\u00eanciainfra\/\",\"https:\/\/www.instagram.com\/agenciainfra\/\"]},{\"@type\":\"Person\",\"@id\":\"https:\/\/agenciainfra.com\/blog\/#\/schema\/person\/34af08dff6adea4cb22b06612ba7acfa\",\"name\":\"Ag\u00eancia iNFRA\",\"image\":{\"@type\":\"ImageObject\",\"inLanguage\":\"pt-BR\",\"@id\":\"https:\/\/agenciainfra.com\/blog\/#\/schema\/person\/image\/\",\"url\":\"https:\/\/secure.gravatar.com\/avatar\/d189e01678f06d8eb84d4e01f08eb848b3fffe3f8443818d3c356c66892f5be8?s=96&d=mm&r=g\",\"contentUrl\":\"https:\/\/secure.gravatar.com\/avatar\/d189e01678f06d8eb84d4e01f08eb848b3fffe3f8443818d3c356c66892f5be8?s=96&d=mm&r=g\",\"caption\":\"Ag\u00eancia iNFRA\"},\"url\":\"https:\/\/agenciainfra.com\/blog\/author\/admin\/\"}]}<\/script>\n<!-- \/ Yoast SEO Premium plugin. -->","yoast_head_json":{"title":"MPor acata recomenda\u00e7\u00e3o do TCU sobre outorga no leil\u00e3o do Tecon 10 - Ag\u00eancia iNFRA","robots":{"index":"index","follow":"follow","max-snippet":"max-snippet:-1","max-image-preview":"max-image-preview:large","max-video-preview":"max-video-preview:-1"},"canonical":"https:\/\/agenciainfra.com\/blog\/mpor-acata-recomendacao-do-tcu-sobre-outorga-no-leilao-do-tecon-10\/","og_locale":"pt_BR","og_type":"article","og_title":"MPor acata recomenda\u00e7\u00e3o do TCU sobre outorga no leil\u00e3o do Tecon 10","og_description":"da Ag\u00eancia iNFRA O MPor (Minist\u00e9rio de Portos e Aeroportos) anunciou que acatou as recomenda\u00e7\u00f5es do TCU (Tribunal de Contas da Uni\u00e3o) sobre a defini\u00e7\u00e3o de outorgas no leil\u00e3o do Tecon Santos 10, previsto para a primeira quinzena de mar\u00e7o. O minist\u00e9rio estabelecer\u00e1 um valor m\u00ednimo de outorga, buscando \u201cconciliar a atratividade do ativo para [&hellip;]","og_url":"https:\/\/agenciainfra.com\/blog\/mpor-acata-recomendacao-do-tcu-sobre-outorga-no-leilao-do-tecon-10\/","og_site_name":"Ag\u00eancia iNFRA","article_publisher":"https:\/\/www.facebook.com\/ageninfra","article_published_time":"2025-12-10T00:54:16+00:00","article_modified_time":"2026-03-09T16:08:29+00:00","og_image":[{"width":1280,"height":960,"url":"https:\/\/agenciainfra.com\/blog\/wp-content\/uploads\/2020\/09\/navio-conteiner-foto-dominio-publico.jpg","type":"image\/jpeg"}],"author":"Ag\u00eancia iNFRA","twitter_card":"summary_large_image","twitter_creator":"@agencia_infra","twitter_site":"@agencia_infra","twitter_misc":{"Escrito por":"Ag\u00eancia iNFRA","Est. tempo de leitura":"1 minuto"},"schema":{"@context":"https:\/\/schema.org","@graph":[{"@type":"Article","@id":"https:\/\/agenciainfra.com\/blog\/mpor-acata-recomendacao-do-tcu-sobre-outorga-no-leilao-do-tecon-10\/#article","isPartOf":{"@id":"https:\/\/agenciainfra.com\/blog\/mpor-acata-recomendacao-do-tcu-sobre-outorga-no-leilao-do-tecon-10\/"},"author":{"name":"Ag\u00eancia iNFRA","@id":"https:\/\/agenciainfra.com\/blog\/#\/schema\/person\/34af08dff6adea4cb22b06612ba7acfa"},"headline":"MPor acata recomenda\u00e7\u00e3o do TCU sobre outorga no leil\u00e3o do Tecon 10","datePublished":"2025-12-10T00:54:16+00:00","dateModified":"2026-03-09T16:08:29+00:00","mainEntityOfPage":{"@id":"https:\/\/agenciainfra.com\/blog\/mpor-acata-recomendacao-do-tcu-sobre-outorga-no-leilao-do-tecon-10\/"},"wordCount":266,"publisher":{"@id":"https:\/\/agenciainfra.com\/blog\/#organization"},"image":{"@id":"https:\/\/agenciainfra.com\/blog\/mpor-acata-recomendacao-do-tcu-sobre-outorga-no-leilao-do-tecon-10\/#primaryimage"},"thumbnailUrl":"https:\/\/agenciainfra.com\/blog\/wp-content\/uploads\/2020\/09\/navio-conteiner-foto-dominio-publico-e1774873627913.jpg","keywords":["infraestrutura portu\u00e1ria","Megaterminal de cont\u00eaineres","Minist\u00e9rio de Portos e Aeroportos","MPor","Porto de Santos","TCU","Tecon 10","transporte aquavi\u00e1rio","Tribunal de Contas da Uni\u00e3o"],"articleSection":["Giro iNFRA"],"inLanguage":"pt-BR","copyrightYear":"2025","copyrightHolder":{"@id":"https:\/\/agenciainfra.com\/blog\/#organization"}},{"@type":"WebPage","@id":"https:\/\/agenciainfra.com\/blog\/mpor-acata-recomendacao-do-tcu-sobre-outorga-no-leilao-do-tecon-10\/","url":"https:\/\/agenciainfra.com\/blog\/mpor-acata-recomendacao-do-tcu-sobre-outorga-no-leilao-do-tecon-10\/","name":"MPor acata recomenda\u00e7\u00e3o do TCU sobre outorga no leil\u00e3o do Tecon 10 - Ag\u00eancia iNFRA","isPartOf":{"@id":"https:\/\/agenciainfra.com\/blog\/#website"},"primaryImageOfPage":{"@id":"https:\/\/agenciainfra.com\/blog\/mpor-acata-recomendacao-do-tcu-sobre-outorga-no-leilao-do-tecon-10\/#primaryimage"},"image":{"@id":"https:\/\/agenciainfra.com\/blog\/mpor-acata-recomendacao-do-tcu-sobre-outorga-no-leilao-do-tecon-10\/#primaryimage"},"thumbnailUrl":"https:\/\/agenciainfra.com\/blog\/wp-content\/uploads\/2020\/09\/navio-conteiner-foto-dominio-publico-e1774873627913.jpg","datePublished":"2025-12-10T00:54:16+00:00","dateModified":"2026-03-09T16:08:29+00:00","breadcrumb":{"@id":"https:\/\/agenciainfra.com\/blog\/mpor-acata-recomendacao-do-tcu-sobre-outorga-no-leilao-do-tecon-10\/#breadcrumb"},"inLanguage":"pt-BR","potentialAction":[{"@type":"ReadAction","target":["https:\/\/agenciainfra.com\/blog\/mpor-acata-recomendacao-do-tcu-sobre-outorga-no-leilao-do-tecon-10\/"]}]},{"@type":"ImageObject","inLanguage":"pt-BR","@id":"https:\/\/agenciainfra.com\/blog\/mpor-acata-recomendacao-do-tcu-sobre-outorga-no-leilao-do-tecon-10\/#primaryimage","url":"https:\/\/agenciainfra.com\/blog\/wp-content\/uploads\/2020\/09\/navio-conteiner-foto-dominio-publico-e1774873627913.jpg","contentUrl":"https:\/\/agenciainfra.com\/blog\/wp-content\/uploads\/2020\/09\/navio-conteiner-foto-dominio-publico-e1774873627913.jpg","width":1278,"height":810,"caption":"Foto: Dom\u00ednio P\u00fablico"},{"@type":"BreadcrumbList","@id":"https:\/\/agenciainfra.com\/blog\/mpor-acata-recomendacao-do-tcu-sobre-outorga-no-leilao-do-tecon-10\/#breadcrumb","itemListElement":[{"@type":"ListItem","position":1,"name":"In\u00edcio","item":"https:\/\/agenciainfra.com\/blog\/"},{"@type":"ListItem","position":2,"name":"MPor acata recomenda\u00e7\u00e3o do TCU sobre outorga no leil\u00e3o do Tecon 10"}]},{"@type":"WebSite","@id":"https:\/\/agenciainfra.com\/blog\/#website","url":"https:\/\/agenciainfra.com\/blog\/","name":"Ag\u00eancia iNFRA","description":"Multiplataforma de informa\u00e7\u00e3o jornal\u00edstica refer\u00eancia na \u00e1rea de infraestrutura no Brasil!","publisher":{"@id":"https:\/\/agenciainfra.com\/blog\/#organization"},"potentialAction":[{"@type":"SearchAction","target":{"@type":"EntryPoint","urlTemplate":"https:\/\/agenciainfra.com\/blog\/?s={search_term_string}"},"query-input":{"@type":"PropertyValueSpecification","valueRequired":true,"valueName":"search_term_string"}}],"inLanguage":"pt-BR"},{"@type":"Organization","@id":"https:\/\/agenciainfra.com\/blog\/#organization","name":"Ag\u00eancia iNFRA","url":"https:\/\/agenciainfra.com\/blog\/","logo":{"@type":"ImageObject","inLanguage":"pt-BR","@id":"https:\/\/agenciainfra.com\/blog\/#\/schema\/logo\/image\/","url":"https:\/\/agenciainfra.com\/blog\/wp-content\/uploads\/2023\/09\/iNFRA_5-e1761735885940.png","contentUrl":"https:\/\/agenciainfra.com\/blog\/wp-content\/uploads\/2023\/09\/iNFRA_5-e1761735885940.png","width":1672,"height":454,"caption":"Ag\u00eancia iNFRA"},"image":{"@id":"https:\/\/agenciainfra.com\/blog\/#\/schema\/logo\/image\/"},"sameAs":["https:\/\/www.facebook.com\/ageninfra","https:\/\/x.com\/agencia_infra","https:\/\/www.linkedin.com\/company\/ag\u00eanciainfra\/","https:\/\/www.instagram.com\/agenciainfra\/"]},{"@type":"Person","@id":"https:\/\/agenciainfra.com\/blog\/#\/schema\/person\/34af08dff6adea4cb22b06612ba7acfa","name":"Ag\u00eancia iNFRA","image":{"@type":"ImageObject","inLanguage":"pt-BR","@id":"https:\/\/agenciainfra.com\/blog\/#\/schema\/person\/image\/","url":"https:\/\/secure.gravatar.com\/avatar\/d189e01678f06d8eb84d4e01f08eb848b3fffe3f8443818d3c356c66892f5be8?s=96&d=mm&r=g","contentUrl":"https:\/\/secure.gravatar.com\/avatar\/d189e01678f06d8eb84d4e01f08eb848b3fffe3f8443818d3c356c66892f5be8?s=96&d=mm&r=g","caption":"Ag\u00eancia iNFRA"},"url":"https:\/\/agenciainfra.com\/blog\/author\/admin\/"}]}},"_links":{"self":[{"href":"https:\/\/agenciainfra.com\/blog\/wp-json\/wp\/v2\/posts\/33629","targetHints":{"allow":["GET"]}}],"collection":[{"href":"https:\/\/agenciainfra.com\/blog\/wp-json\/wp\/v2\/posts"}],"about":[{"href":"https:\/\/agenciainfra.com\/blog\/wp-json\/wp\/v2\/types\/post"}],"author":[{"embeddable":true,"href":"https:\/\/agenciainfra.com\/blog\/wp-json\/wp\/v2\/users\/1"}],"replies":[{"embeddable":true,"href":"https:\/\/agenciainfra.com\/blog\/wp-json\/wp\/v2\/comments?post=33629"}],"version-history":[{"count":1,"href":"https:\/\/agenciainfra.com\/blog\/wp-json\/wp\/v2\/posts\/33629\/revisions"}],"predecessor-version":[{"id":33630,"href":"https:\/\/agenciainfra.com\/blog\/wp-json\/wp\/v2\/posts\/33629\/revisions\/33630"}],"wp:featuredmedia":[{"embeddable":true,"href":"https:\/\/agenciainfra.com\/blog\/wp-json\/wp\/v2\/media\/5949"}],"wp:attachment":[{"href":"https:\/\/agenciainfra.com\/blog\/wp-json\/wp\/v2\/media?parent=33629"}],"wp:term":[{"taxonomy":"category","embeddable":true,"href":"https:\/\/agenciainfra.com\/blog\/wp-json\/wp\/v2\/categories?post=33629"},{"taxonomy":"post_tag","embeddable":true,"href":"https:\/\/agenciainfra.com\/blog\/wp-json\/wp\/v2\/tags?post=33629"}],"curies":[{"name":"wp","href":"https:\/\/api.w.org\/{rel}","templated":true}]}}