{"id":33637,"date":"2025-12-11T08:01:00","date_gmt":"2025-12-11T11:01:00","guid":{"rendered":"https:\/\/agenciainfra.com\/blog\/?p=33637"},"modified":"2025-12-11T18:54:46","modified_gmt":"2025-12-11T21:54:46","slug":"antt-diz-ja-ter-iniciativas-para-modernizar-fiscalizacao-de-ferrovias","status":"publish","type":"post","link":"https:\/\/agenciainfra.com\/blog\/antt-diz-ja-ter-iniciativas-para-modernizar-fiscalizacao-de-ferrovias\/","title":{"rendered":"ANTT diz j\u00e1 ter iniciativas para modernizar fiscaliza\u00e7\u00e3o de ferrovias"},"content":{"rendered":"\n<p class=\"has-text-align-right\"><strong>da Ag\u00eancia iNFRA<\/strong><\/p>\n\n\n\n<p>Ap\u00f3s as novas determina\u00e7\u00f5es feitas pelo TCU (Tribunal de Contas da Uni\u00e3o) na \u00faltima segunda-feira (8), a\u00a0ANTT (Ag\u00eancia Nacional de Transportes Terrestres) refor\u00e7ou a\u00e7\u00f5es que tem preparado na \u00e1rea de fiscaliza\u00e7\u00e3o ferrovi\u00e1ria e que, segundo a ag\u00eancia reguladora, est\u00e3o alinhadas com as recomenda\u00e7\u00f5es que a corte deu recentemente\u00a0em outro processo. Em outubro, como\u00a0<a href=\"https:\/\/agenciainfra.com\/blog\/tcu-recomenda-a-antt-melhorias-na-fiscalizacao-de-ferrovias-concedidas\/\" target=\"_blank\" rel=\"noreferrer noopener\">mostrou<\/a>\u00a0a\u00a0<strong>Ag\u00eancia iNFRA,<\/strong>\u00a0o tribunal apontou que existiriam\u00a0\u201cdebilidades estruturais\u201d que demandam uma reorienta\u00e7\u00e3o da reguladora diante do novo cen\u00e1rio do setor ferrovi\u00e1rio no pa\u00eds.<br><br>Um dos exemplos, segundo a ANTT,\u00a0\u00e9 o Projeto Macro de Inova\u00e7\u00e3o Tecnol\u00f3gica.\u00a0Entre as principais a\u00e7\u00f5es est\u00e3o o desenvolvimento do aplicativo Sistema Mobile de Apoio \u00e0 Fiscaliza\u00e7\u00e3o, para digitaliza\u00e7\u00e3o dos processos em campo, com formul\u00e1rios georreferenciados e relat\u00f3rios automatizados; e a moderniza\u00e7\u00e3o do SAFF\u00a0(Sistema de Acompanhamento e Fiscaliza\u00e7\u00e3o do Transporte Ferrovi\u00e1rio), que se torna uma plataforma unificada, com pain\u00e9is gerenciais e mapas interativos.\u00a0<br>\u00a0<br>A ag\u00eancia tamb\u00e9m prev\u00ea o uso de drones RTK, que ampliar\u00e3o a capacidade de fiscaliza\u00e7\u00e3o em \u00e1reas cr\u00edticas e, com apoio de c\u00e2meras de alta resolu\u00e7\u00e3o embarcadas em locomotivas, fornecer\u00e3o registros visuais detalhados ao lado das imagens geradas via sat\u00e9lite. Segundo a ANTT, haver\u00e1 tamb\u00e9m uso de IA\u00a0(Intelig\u00eancia Artificial)\u00a0para comparar as imagens de alta resolu\u00e7\u00e3o, detectando defeitos e invas\u00f5es, direcionando a fiscaliza\u00e7\u00e3o, &#8220;al\u00e9m de monitorar o progresso f\u00edsico-financeiro de obras e investimentos, garantindo maior transpar\u00eancia e efici\u00eancia&#8221;.\u00a0<br>\u00a0<br>&#8220;Vale destacar que, com exce\u00e7\u00e3o do projeto SAFF, a previs\u00e3o \u00e9 que a moderniza\u00e7\u00e3o esteja conclu\u00edda em 24 meses. Al\u00e9m destas a\u00e7\u00f5es, a ANTT faz uso estrat\u00e9gico de dados operacionais e prev\u00ea que o SAFF modernizado centralizar\u00e1 diversas fontes de dados, incluindo os operacionais dos CCOs, como recomendado pelo TCU&#8221;, disse a ag\u00eancia em nota \u00e0 reportagem.\u00a0<br><br><strong>Aprimoramento do relat\u00f3rio de acompanhamento anual<\/strong><br>A ag\u00eancia disse tamb\u00e9m estar\u00a0desenvolvendo um &#8220;Sistema de Fiscaliza\u00e7\u00e3o Documental Inteligente&#8221;, que visa padronizar e automatizar a an\u00e1lise de relat\u00f3rios, como o Rapi\u00a0(Relat\u00f3rio de Acompanhamento do Plano de Investimentos) e o Raif (Relat\u00f3rio de Acompanhamento da Infraestrutura Ferrovi\u00e1ria).<br><br>O sistema vai identificar n\u00e3o conformidades e inconsist\u00eancias, classificando-as por risco e urg\u00eancia, e se integrar\u00e1 diretamente ao SAFF, &#8220;estabelecendo um fluxo de trabalho formal e eficiente para o tratamento das informa\u00e7\u00f5es prestadas pelas concession\u00e1rias&#8221;.\u00a0<br>\u00a0<br>Uma minuta de Instru\u00e7\u00e3o Normativa, a ser publicada, abordar\u00e1 o Rasf\u00a0(Relat\u00f3rio de Acompanhamento do N\u00edvel de Satura\u00e7\u00e3o da Ferrovia), com foco na uniformiza\u00e7\u00e3o da apura\u00e7\u00e3o do ISF\u00a0e na defini\u00e7\u00e3o de procedimentos para recep\u00e7\u00e3o, valida\u00e7\u00e3o e corre\u00e7\u00e3o dos dados, com previs\u00e3o de publica\u00e7\u00e3o at\u00e9 dezembro.<br><br>Os atos normativos ser\u00e3o consolidados no ROF5 (Regulamento das Outorgas Ferrovi\u00e1rias), em cap\u00edtulo espec\u00edfico de Fiscaliza\u00e7\u00e3o e Penaliza\u00e7\u00e3o, com previs\u00e3o para 2027.<br><br>A ANTT disse ainda que, apesar\u00a0do quadro de pessoal reduzido,\u00a0desenvolveu uma ferramenta pr\u00f3pria em Power BI que otimiza a coleta e an\u00e1lise de dados, identificando tarifas acima do teto ou fora do limite de dispers\u00e3o com maior agilidade e precis\u00e3o.<\/p>\n","protected":false},"excerpt":{"rendered":"<p>da Ag\u00eancia iNFRA Ap\u00f3s as novas determina\u00e7\u00f5es feitas pelo TCU (Tribunal de Contas da Uni\u00e3o) na \u00faltima segunda-feira (8), a\u00a0ANTT (Ag\u00eancia Nacional de Transportes Terrestres) refor\u00e7ou a\u00e7\u00f5es que tem preparado na \u00e1rea de fiscaliza\u00e7\u00e3o ferrovi\u00e1ria e que, segundo a ag\u00eancia reguladora, est\u00e3o alinhadas com as recomenda\u00e7\u00f5es que a corte deu recentemente\u00a0em outro processo. Em outubro, [&hellip;]<\/p>\n","protected":false},"author":1,"featured_media":4255,"comment_status":"closed","ping_status":"closed","sticky":false,"template":"","format":"standard","meta":{"_monsterinsights_skip_tracking":false,"_monsterinsights_sitenote_active":false,"_monsterinsights_sitenote_note":"","_monsterinsights_sitenote_category":0,"footnotes":""},"categories":[7],"tags":[13354,19,11204,8635,22,9263,120,16174,17426,18,1033],"class_list":["post-33637","post","type-post","status-publish","format-standard","has-post-thumbnail","hentry","category-infratransporte","tag-amanda-pupo","tag-antt","tag-auditoria-tcu","tag-audportoferrovia","tag-concessao","tag-concessao-de-ferrovias","tag-ferrovias","tag-fiscalizacao-de-ferrovias","tag-fiscalizacao-ferroviaria","tag-tcu","tag-transporte-ferroviario"],"yoast_head":"<!-- This site is optimized with the Yoast SEO Premium plugin v25.4 (Yoast SEO v26.0) - https:\/\/yoast.com\/wordpress\/plugins\/seo\/ -->\n<title>ANTT diz j\u00e1 ter iniciativas para modernizar fiscaliza\u00e7\u00e3o de ferrovias - Ag\u00eancia iNFRA<\/title>\n<meta name=\"robots\" content=\"index, follow, max-snippet:-1, max-image-preview:large, max-video-preview:-1\" \/>\n<link rel=\"canonical\" href=\"https:\/\/agenciainfra.com\/blog\/antt-diz-ja-ter-iniciativas-para-modernizar-fiscalizacao-de-ferrovias\/\" \/>\n<meta property=\"og:locale\" content=\"pt_BR\" \/>\n<meta property=\"og:type\" content=\"article\" \/>\n<meta property=\"og:title\" content=\"ANTT diz j\u00e1 ter iniciativas para modernizar fiscaliza\u00e7\u00e3o de ferrovias\" \/>\n<meta property=\"og:description\" content=\"da Ag\u00eancia iNFRA Ap\u00f3s as novas determina\u00e7\u00f5es feitas pelo TCU (Tribunal de Contas da Uni\u00e3o) na \u00faltima segunda-feira (8), a\u00a0ANTT (Ag\u00eancia Nacional de Transportes Terrestres) refor\u00e7ou a\u00e7\u00f5es que tem preparado na \u00e1rea de fiscaliza\u00e7\u00e3o ferrovi\u00e1ria e que, segundo a ag\u00eancia reguladora, est\u00e3o alinhadas com as recomenda\u00e7\u00f5es que a corte deu recentemente\u00a0em outro processo. Em outubro, [&hellip;]\" \/>\n<meta property=\"og:url\" content=\"https:\/\/agenciainfra.com\/blog\/antt-diz-ja-ter-iniciativas-para-modernizar-fiscalizacao-de-ferrovias\/\" \/>\n<meta property=\"og:site_name\" content=\"Ag\u00eancia iNFRA\" \/>\n<meta property=\"article:publisher\" content=\"https:\/\/www.facebook.com\/ageninfra\" \/>\n<meta property=\"article:published_time\" content=\"2025-12-11T11:01:00+00:00\" \/>\n<meta property=\"article:modified_time\" content=\"2025-12-11T21:54:46+00:00\" \/>\n<meta property=\"og:image\" content=\"https:\/\/agenciainfra.com\/blog\/wp-content\/uploads\/2020\/01\/ANTT-fachada-foto-Rodrigo-Zuquim-Agencia-iNFRA.jpeg\" \/>\n\t<meta property=\"og:image:width\" content=\"1280\" \/>\n\t<meta property=\"og:image:height\" content=\"960\" \/>\n\t<meta property=\"og:image:type\" content=\"image\/jpeg\" \/>\n<meta name=\"author\" content=\"Ag\u00eancia iNFRA\" \/>\n<meta name=\"twitter:card\" content=\"summary_large_image\" \/>\n<meta name=\"twitter:creator\" content=\"@agencia_infra\" \/>\n<meta name=\"twitter:site\" content=\"@agencia_infra\" \/>\n<meta name=\"twitter:label1\" content=\"Escrito por\" \/>\n\t<meta name=\"twitter:data1\" content=\"Ag\u00eancia iNFRA\" \/>\n\t<meta name=\"twitter:label2\" content=\"Est. tempo de leitura\" \/>\n\t<meta name=\"twitter:data2\" content=\"3 minutos\" \/>\n<script type=\"application\/ld+json\" class=\"yoast-schema-graph\">{\"@context\":\"https:\/\/schema.org\",\"@graph\":[{\"@type\":\"Article\",\"@id\":\"https:\/\/agenciainfra.com\/blog\/antt-diz-ja-ter-iniciativas-para-modernizar-fiscalizacao-de-ferrovias\/#article\",\"isPartOf\":{\"@id\":\"https:\/\/agenciainfra.com\/blog\/antt-diz-ja-ter-iniciativas-para-modernizar-fiscalizacao-de-ferrovias\/\"},\"author\":{\"name\":\"Ag\u00eancia iNFRA\",\"@id\":\"https:\/\/agenciainfra.com\/blog\/#\/schema\/person\/34af08dff6adea4cb22b06612ba7acfa\"},\"headline\":\"ANTT diz j\u00e1 ter iniciativas para modernizar fiscaliza\u00e7\u00e3o de ferrovias\",\"datePublished\":\"2025-12-11T11:01:00+00:00\",\"dateModified\":\"2025-12-11T21:54:46+00:00\",\"mainEntityOfPage\":{\"@id\":\"https:\/\/agenciainfra.com\/blog\/antt-diz-ja-ter-iniciativas-para-modernizar-fiscalizacao-de-ferrovias\/\"},\"wordCount\":572,\"publisher\":{\"@id\":\"https:\/\/agenciainfra.com\/blog\/#organization\"},\"image\":{\"@id\":\"https:\/\/agenciainfra.com\/blog\/antt-diz-ja-ter-iniciativas-para-modernizar-fiscalizacao-de-ferrovias\/#primaryimage\"},\"thumbnailUrl\":\"https:\/\/agenciainfra.com\/blog\/wp-content\/uploads\/2020\/01\/ANTT-fachada-foto-Rodrigo-Zuquim-Agencia-iNFRA.jpeg\",\"keywords\":[\"Amanda Pupo\",\"ANTT\",\"Auditoria TCU\",\"AudPortoFerrovia\",\"Concess\u00e3o\",\"Concess\u00e3o de Ferrovias\",\"Ferrovias\",\"Fiscaliza\u00e7\u00e3o de ferrovias\",\"fiscaliza\u00e7\u00e3o ferrovi\u00e1ria\",\"TCU\",\"transporte ferrovi\u00e1rio\"],\"articleSection\":[\"iNFRATransporte\"],\"inLanguage\":\"pt-BR\",\"copyrightYear\":\"2025\",\"copyrightHolder\":{\"@id\":\"https:\/\/agenciainfra.com\/blog\/#organization\"}},{\"@type\":\"WebPage\",\"@id\":\"https:\/\/agenciainfra.com\/blog\/antt-diz-ja-ter-iniciativas-para-modernizar-fiscalizacao-de-ferrovias\/\",\"url\":\"https:\/\/agenciainfra.com\/blog\/antt-diz-ja-ter-iniciativas-para-modernizar-fiscalizacao-de-ferrovias\/\",\"name\":\"ANTT diz j\u00e1 ter iniciativas para modernizar fiscaliza\u00e7\u00e3o de ferrovias - Ag\u00eancia iNFRA\",\"isPartOf\":{\"@id\":\"https:\/\/agenciainfra.com\/blog\/#website\"},\"primaryImageOfPage\":{\"@id\":\"https:\/\/agenciainfra.com\/blog\/antt-diz-ja-ter-iniciativas-para-modernizar-fiscalizacao-de-ferrovias\/#primaryimage\"},\"image\":{\"@id\":\"https:\/\/agenciainfra.com\/blog\/antt-diz-ja-ter-iniciativas-para-modernizar-fiscalizacao-de-ferrovias\/#primaryimage\"},\"thumbnailUrl\":\"https:\/\/agenciainfra.com\/blog\/wp-content\/uploads\/2020\/01\/ANTT-fachada-foto-Rodrigo-Zuquim-Agencia-iNFRA.jpeg\",\"datePublished\":\"2025-12-11T11:01:00+00:00\",\"dateModified\":\"2025-12-11T21:54:46+00:00\",\"breadcrumb\":{\"@id\":\"https:\/\/agenciainfra.com\/blog\/antt-diz-ja-ter-iniciativas-para-modernizar-fiscalizacao-de-ferrovias\/#breadcrumb\"},\"inLanguage\":\"pt-BR\",\"potentialAction\":[{\"@type\":\"ReadAction\",\"target\":[\"https:\/\/agenciainfra.com\/blog\/antt-diz-ja-ter-iniciativas-para-modernizar-fiscalizacao-de-ferrovias\/\"]}]},{\"@type\":\"ImageObject\",\"inLanguage\":\"pt-BR\",\"@id\":\"https:\/\/agenciainfra.com\/blog\/antt-diz-ja-ter-iniciativas-para-modernizar-fiscalizacao-de-ferrovias\/#primaryimage\",\"url\":\"https:\/\/agenciainfra.com\/blog\/wp-content\/uploads\/2020\/01\/ANTT-fachada-foto-Rodrigo-Zuquim-Agencia-iNFRA.jpeg\",\"contentUrl\":\"https:\/\/agenciainfra.com\/blog\/wp-content\/uploads\/2020\/01\/ANTT-fachada-foto-Rodrigo-Zuquim-Agencia-iNFRA.jpeg\",\"width\":1280,\"height\":960,\"caption\":\"Foto: Ag\u00eancia iNFRA\"},{\"@type\":\"BreadcrumbList\",\"@id\":\"https:\/\/agenciainfra.com\/blog\/antt-diz-ja-ter-iniciativas-para-modernizar-fiscalizacao-de-ferrovias\/#breadcrumb\",\"itemListElement\":[{\"@type\":\"ListItem\",\"position\":1,\"name\":\"In\u00edcio\",\"item\":\"https:\/\/agenciainfra.com\/blog\/\"},{\"@type\":\"ListItem\",\"position\":2,\"name\":\"ANTT diz j\u00e1 ter iniciativas para modernizar fiscaliza\u00e7\u00e3o de ferrovias\"}]},{\"@type\":\"WebSite\",\"@id\":\"https:\/\/agenciainfra.com\/blog\/#website\",\"url\":\"https:\/\/agenciainfra.com\/blog\/\",\"name\":\"Ag\u00eancia iNFRA\",\"description\":\"Multiplataforma de informa\u00e7\u00e3o jornal\u00edstica refer\u00eancia na \u00e1rea de infraestrutura no Brasil!\",\"publisher\":{\"@id\":\"https:\/\/agenciainfra.com\/blog\/#organization\"},\"potentialAction\":[{\"@type\":\"SearchAction\",\"target\":{\"@type\":\"EntryPoint\",\"urlTemplate\":\"https:\/\/agenciainfra.com\/blog\/?s={search_term_string}\"},\"query-input\":{\"@type\":\"PropertyValueSpecification\",\"valueRequired\":true,\"valueName\":\"search_term_string\"}}],\"inLanguage\":\"pt-BR\"},{\"@type\":\"Organization\",\"@id\":\"https:\/\/agenciainfra.com\/blog\/#organization\",\"name\":\"Ag\u00eancia iNFRA\",\"url\":\"https:\/\/agenciainfra.com\/blog\/\",\"logo\":{\"@type\":\"ImageObject\",\"inLanguage\":\"pt-BR\",\"@id\":\"https:\/\/agenciainfra.com\/blog\/#\/schema\/logo\/image\/\",\"url\":\"https:\/\/agenciainfra.com\/blog\/wp-content\/uploads\/2023\/09\/iNFRA_5-e1761735885940.png\",\"contentUrl\":\"https:\/\/agenciainfra.com\/blog\/wp-content\/uploads\/2023\/09\/iNFRA_5-e1761735885940.png\",\"width\":1672,\"height\":454,\"caption\":\"Ag\u00eancia iNFRA\"},\"image\":{\"@id\":\"https:\/\/agenciainfra.com\/blog\/#\/schema\/logo\/image\/\"},\"sameAs\":[\"https:\/\/www.facebook.com\/ageninfra\",\"https:\/\/x.com\/agencia_infra\",\"https:\/\/www.linkedin.com\/company\/ag\u00eanciainfra\/\",\"https:\/\/www.instagram.com\/agenciainfra\/\"]},{\"@type\":\"Person\",\"@id\":\"https:\/\/agenciainfra.com\/blog\/#\/schema\/person\/34af08dff6adea4cb22b06612ba7acfa\",\"name\":\"Ag\u00eancia iNFRA\",\"image\":{\"@type\":\"ImageObject\",\"inLanguage\":\"pt-BR\",\"@id\":\"https:\/\/agenciainfra.com\/blog\/#\/schema\/person\/image\/\",\"url\":\"https:\/\/secure.gravatar.com\/avatar\/d189e01678f06d8eb84d4e01f08eb848b3fffe3f8443818d3c356c66892f5be8?s=96&d=mm&r=g\",\"contentUrl\":\"https:\/\/secure.gravatar.com\/avatar\/d189e01678f06d8eb84d4e01f08eb848b3fffe3f8443818d3c356c66892f5be8?s=96&d=mm&r=g\",\"caption\":\"Ag\u00eancia iNFRA\"},\"url\":\"https:\/\/agenciainfra.com\/blog\/author\/admin\/\"}]}<\/script>\n<!-- \/ Yoast SEO Premium plugin. -->","yoast_head_json":{"title":"ANTT diz j\u00e1 ter iniciativas para modernizar fiscaliza\u00e7\u00e3o de ferrovias - Ag\u00eancia iNFRA","robots":{"index":"index","follow":"follow","max-snippet":"max-snippet:-1","max-image-preview":"max-image-preview:large","max-video-preview":"max-video-preview:-1"},"canonical":"https:\/\/agenciainfra.com\/blog\/antt-diz-ja-ter-iniciativas-para-modernizar-fiscalizacao-de-ferrovias\/","og_locale":"pt_BR","og_type":"article","og_title":"ANTT diz j\u00e1 ter iniciativas para modernizar fiscaliza\u00e7\u00e3o de ferrovias","og_description":"da Ag\u00eancia iNFRA Ap\u00f3s as novas determina\u00e7\u00f5es feitas pelo TCU (Tribunal de Contas da Uni\u00e3o) na \u00faltima segunda-feira (8), a\u00a0ANTT (Ag\u00eancia Nacional de Transportes Terrestres) refor\u00e7ou a\u00e7\u00f5es que tem preparado na \u00e1rea de fiscaliza\u00e7\u00e3o ferrovi\u00e1ria e que, segundo a ag\u00eancia reguladora, est\u00e3o alinhadas com as recomenda\u00e7\u00f5es que a corte deu recentemente\u00a0em outro processo. Em outubro, [&hellip;]","og_url":"https:\/\/agenciainfra.com\/blog\/antt-diz-ja-ter-iniciativas-para-modernizar-fiscalizacao-de-ferrovias\/","og_site_name":"Ag\u00eancia iNFRA","article_publisher":"https:\/\/www.facebook.com\/ageninfra","article_published_time":"2025-12-11T11:01:00+00:00","article_modified_time":"2025-12-11T21:54:46+00:00","og_image":[{"width":1280,"height":960,"url":"https:\/\/agenciainfra.com\/blog\/wp-content\/uploads\/2020\/01\/ANTT-fachada-foto-Rodrigo-Zuquim-Agencia-iNFRA.jpeg","type":"image\/jpeg"}],"author":"Ag\u00eancia iNFRA","twitter_card":"summary_large_image","twitter_creator":"@agencia_infra","twitter_site":"@agencia_infra","twitter_misc":{"Escrito por":"Ag\u00eancia iNFRA","Est. tempo de leitura":"3 minutos"},"schema":{"@context":"https:\/\/schema.org","@graph":[{"@type":"Article","@id":"https:\/\/agenciainfra.com\/blog\/antt-diz-ja-ter-iniciativas-para-modernizar-fiscalizacao-de-ferrovias\/#article","isPartOf":{"@id":"https:\/\/agenciainfra.com\/blog\/antt-diz-ja-ter-iniciativas-para-modernizar-fiscalizacao-de-ferrovias\/"},"author":{"name":"Ag\u00eancia iNFRA","@id":"https:\/\/agenciainfra.com\/blog\/#\/schema\/person\/34af08dff6adea4cb22b06612ba7acfa"},"headline":"ANTT diz j\u00e1 ter iniciativas para modernizar fiscaliza\u00e7\u00e3o de ferrovias","datePublished":"2025-12-11T11:01:00+00:00","dateModified":"2025-12-11T21:54:46+00:00","mainEntityOfPage":{"@id":"https:\/\/agenciainfra.com\/blog\/antt-diz-ja-ter-iniciativas-para-modernizar-fiscalizacao-de-ferrovias\/"},"wordCount":572,"publisher":{"@id":"https:\/\/agenciainfra.com\/blog\/#organization"},"image":{"@id":"https:\/\/agenciainfra.com\/blog\/antt-diz-ja-ter-iniciativas-para-modernizar-fiscalizacao-de-ferrovias\/#primaryimage"},"thumbnailUrl":"https:\/\/agenciainfra.com\/blog\/wp-content\/uploads\/2020\/01\/ANTT-fachada-foto-Rodrigo-Zuquim-Agencia-iNFRA.jpeg","keywords":["Amanda Pupo","ANTT","Auditoria TCU","AudPortoFerrovia","Concess\u00e3o","Concess\u00e3o de Ferrovias","Ferrovias","Fiscaliza\u00e7\u00e3o de ferrovias","fiscaliza\u00e7\u00e3o ferrovi\u00e1ria","TCU","transporte ferrovi\u00e1rio"],"articleSection":["iNFRATransporte"],"inLanguage":"pt-BR","copyrightYear":"2025","copyrightHolder":{"@id":"https:\/\/agenciainfra.com\/blog\/#organization"}},{"@type":"WebPage","@id":"https:\/\/agenciainfra.com\/blog\/antt-diz-ja-ter-iniciativas-para-modernizar-fiscalizacao-de-ferrovias\/","url":"https:\/\/agenciainfra.com\/blog\/antt-diz-ja-ter-iniciativas-para-modernizar-fiscalizacao-de-ferrovias\/","name":"ANTT diz j\u00e1 ter iniciativas para modernizar fiscaliza\u00e7\u00e3o de ferrovias - Ag\u00eancia iNFRA","isPartOf":{"@id":"https:\/\/agenciainfra.com\/blog\/#website"},"primaryImageOfPage":{"@id":"https:\/\/agenciainfra.com\/blog\/antt-diz-ja-ter-iniciativas-para-modernizar-fiscalizacao-de-ferrovias\/#primaryimage"},"image":{"@id":"https:\/\/agenciainfra.com\/blog\/antt-diz-ja-ter-iniciativas-para-modernizar-fiscalizacao-de-ferrovias\/#primaryimage"},"thumbnailUrl":"https:\/\/agenciainfra.com\/blog\/wp-content\/uploads\/2020\/01\/ANTT-fachada-foto-Rodrigo-Zuquim-Agencia-iNFRA.jpeg","datePublished":"2025-12-11T11:01:00+00:00","dateModified":"2025-12-11T21:54:46+00:00","breadcrumb":{"@id":"https:\/\/agenciainfra.com\/blog\/antt-diz-ja-ter-iniciativas-para-modernizar-fiscalizacao-de-ferrovias\/#breadcrumb"},"inLanguage":"pt-BR","potentialAction":[{"@type":"ReadAction","target":["https:\/\/agenciainfra.com\/blog\/antt-diz-ja-ter-iniciativas-para-modernizar-fiscalizacao-de-ferrovias\/"]}]},{"@type":"ImageObject","inLanguage":"pt-BR","@id":"https:\/\/agenciainfra.com\/blog\/antt-diz-ja-ter-iniciativas-para-modernizar-fiscalizacao-de-ferrovias\/#primaryimage","url":"https:\/\/agenciainfra.com\/blog\/wp-content\/uploads\/2020\/01\/ANTT-fachada-foto-Rodrigo-Zuquim-Agencia-iNFRA.jpeg","contentUrl":"https:\/\/agenciainfra.com\/blog\/wp-content\/uploads\/2020\/01\/ANTT-fachada-foto-Rodrigo-Zuquim-Agencia-iNFRA.jpeg","width":1280,"height":960,"caption":"Foto: Ag\u00eancia iNFRA"},{"@type":"BreadcrumbList","@id":"https:\/\/agenciainfra.com\/blog\/antt-diz-ja-ter-iniciativas-para-modernizar-fiscalizacao-de-ferrovias\/#breadcrumb","itemListElement":[{"@type":"ListItem","position":1,"name":"In\u00edcio","item":"https:\/\/agenciainfra.com\/blog\/"},{"@type":"ListItem","position":2,"name":"ANTT diz j\u00e1 ter iniciativas para modernizar fiscaliza\u00e7\u00e3o de ferrovias"}]},{"@type":"WebSite","@id":"https:\/\/agenciainfra.com\/blog\/#website","url":"https:\/\/agenciainfra.com\/blog\/","name":"Ag\u00eancia iNFRA","description":"Multiplataforma de informa\u00e7\u00e3o jornal\u00edstica refer\u00eancia na \u00e1rea de infraestrutura no Brasil!","publisher":{"@id":"https:\/\/agenciainfra.com\/blog\/#organization"},"potentialAction":[{"@type":"SearchAction","target":{"@type":"EntryPoint","urlTemplate":"https:\/\/agenciainfra.com\/blog\/?s={search_term_string}"},"query-input":{"@type":"PropertyValueSpecification","valueRequired":true,"valueName":"search_term_string"}}],"inLanguage":"pt-BR"},{"@type":"Organization","@id":"https:\/\/agenciainfra.com\/blog\/#organization","name":"Ag\u00eancia iNFRA","url":"https:\/\/agenciainfra.com\/blog\/","logo":{"@type":"ImageObject","inLanguage":"pt-BR","@id":"https:\/\/agenciainfra.com\/blog\/#\/schema\/logo\/image\/","url":"https:\/\/agenciainfra.com\/blog\/wp-content\/uploads\/2023\/09\/iNFRA_5-e1761735885940.png","contentUrl":"https:\/\/agenciainfra.com\/blog\/wp-content\/uploads\/2023\/09\/iNFRA_5-e1761735885940.png","width":1672,"height":454,"caption":"Ag\u00eancia iNFRA"},"image":{"@id":"https:\/\/agenciainfra.com\/blog\/#\/schema\/logo\/image\/"},"sameAs":["https:\/\/www.facebook.com\/ageninfra","https:\/\/x.com\/agencia_infra","https:\/\/www.linkedin.com\/company\/ag\u00eanciainfra\/","https:\/\/www.instagram.com\/agenciainfra\/"]},{"@type":"Person","@id":"https:\/\/agenciainfra.com\/blog\/#\/schema\/person\/34af08dff6adea4cb22b06612ba7acfa","name":"Ag\u00eancia iNFRA","image":{"@type":"ImageObject","inLanguage":"pt-BR","@id":"https:\/\/agenciainfra.com\/blog\/#\/schema\/person\/image\/","url":"https:\/\/secure.gravatar.com\/avatar\/d189e01678f06d8eb84d4e01f08eb848b3fffe3f8443818d3c356c66892f5be8?s=96&d=mm&r=g","contentUrl":"https:\/\/secure.gravatar.com\/avatar\/d189e01678f06d8eb84d4e01f08eb848b3fffe3f8443818d3c356c66892f5be8?s=96&d=mm&r=g","caption":"Ag\u00eancia iNFRA"},"url":"https:\/\/agenciainfra.com\/blog\/author\/admin\/"}]}},"_links":{"self":[{"href":"https:\/\/agenciainfra.com\/blog\/wp-json\/wp\/v2\/posts\/33637","targetHints":{"allow":["GET"]}}],"collection":[{"href":"https:\/\/agenciainfra.com\/blog\/wp-json\/wp\/v2\/posts"}],"about":[{"href":"https:\/\/agenciainfra.com\/blog\/wp-json\/wp\/v2\/types\/post"}],"author":[{"embeddable":true,"href":"https:\/\/agenciainfra.com\/blog\/wp-json\/wp\/v2\/users\/1"}],"replies":[{"embeddable":true,"href":"https:\/\/agenciainfra.com\/blog\/wp-json\/wp\/v2\/comments?post=33637"}],"version-history":[{"count":1,"href":"https:\/\/agenciainfra.com\/blog\/wp-json\/wp\/v2\/posts\/33637\/revisions"}],"predecessor-version":[{"id":33638,"href":"https:\/\/agenciainfra.com\/blog\/wp-json\/wp\/v2\/posts\/33637\/revisions\/33638"}],"wp:featuredmedia":[{"embeddable":true,"href":"https:\/\/agenciainfra.com\/blog\/wp-json\/wp\/v2\/media\/4255"}],"wp:attachment":[{"href":"https:\/\/agenciainfra.com\/blog\/wp-json\/wp\/v2\/media?parent=33637"}],"wp:term":[{"taxonomy":"category","embeddable":true,"href":"https:\/\/agenciainfra.com\/blog\/wp-json\/wp\/v2\/categories?post=33637"},{"taxonomy":"post_tag","embeddable":true,"href":"https:\/\/agenciainfra.com\/blog\/wp-json\/wp\/v2\/tags?post=33637"}],"curies":[{"name":"wp","href":"https:\/\/api.w.org\/{rel}","templated":true}]}}