{"id":3364,"date":"2019-06-28T08:00:06","date_gmt":"2019-06-28T11:00:06","guid":{"rendered":"http:\/\/www.agenciainfra.com\/blog\/?p=3364"},"modified":"2023-10-27T12:23:18","modified_gmt":"2023-10-27T15:23:18","slug":"pl-do-risco-hidrologico-e-aprovado-na-camara-com-brasduto-e-cemig-mas-voltara-ao-senado","status":"publish","type":"post","link":"https:\/\/agenciainfra.com\/blog\/pl-do-risco-hidrologico-e-aprovado-na-camara-com-brasduto-e-cemig-mas-voltara-ao-senado\/","title":{"rendered":"PL do risco hidrol\u00f3gico \u00e9 aprovado na C\u00e2mara com Brasduto e Cemig, mas voltar\u00e1 ao Senado"},"content":{"rendered":"<h5 style=\"text-align: right;\"><strong>Lucas Santin e Leila Coimbra, da Ag\u00eancia iNFRA<\/strong><\/h5>\n<p>O plen\u00e1rio da C\u00e2mara dos Deputados aprovou, na noite de quarta-feira (26), o PL 10.985 \u2013 que prop\u00f5e solu\u00e7\u00e3o \u00e0 d\u00edvida do risco hidrol\u00f3gico \u2013 com as emendas do Brasduto, fundo para a constru\u00e7\u00e3o de gasodutos, e a que beneficia a Cemig (Companhia Energ\u00e9tica de Minas Gerais).<\/p>\n<p>Por\u00e9m o texto voltar\u00e1 ao Senado, j\u00e1 que foi aprovada uma emenda que altera os percentuais do fundo do pr\u00e9-sal, de autoria do deputado Andr\u00e9 Figueiredo (PDT-CE). Mas a solu\u00e7\u00e3o para o GSF (sigla para o risco hidrol\u00f3gico em ingl\u00eas), o Brasduto e a Cemig n\u00e3o ter\u00e3o que passar por nova avalia\u00e7\u00e3o dos senadores, uma vez que o texto aprovado naquela Casa foi mantido na C\u00e2mara.<\/p>\n<p><strong>Derrota do governo<\/strong><br \/>\nA manuten\u00e7\u00e3o do Brasduto e da Cemig no PL representou uma derrota pol\u00edtica para o governo e sua base na Casa, uma vez que os deputados do PSL, do presidente Jair Bolsonaro, n\u00e3o queriam que essas emendas fossem aprovadas. Os partidos que comp\u00f5em o chamado Centr\u00e3o se mobilizaram para que a oposi\u00e7\u00e3o votasse a favor do projeto de acordo com o relat\u00f3rio do deputado Jo\u00e3o Carlos Paolilo Bacelar Filho (PL-BA), que n\u00e3o tinha mudan\u00e7as em rela\u00e7\u00e3o ao que veio do Senado.<\/p>\n<p>A aprova\u00e7\u00e3o do PL dessa forma\u00a0desagrada o governo porque as duas emendas que foram mantidas n\u00e3o est\u00e3o de acordo com o que queria a Casa Civil. Era esperado que ficassem fora do projeto para que n\u00e3o houvesse o veto presidencial ap\u00f3s toda a tramita\u00e7\u00e3o.<\/p>\n<p><strong>A emenda aprovada<\/strong><br \/>\nPelo texto original do PL 10.985, a receita da venda da produ\u00e7\u00e3o de \u00f3leo e g\u00e1s no pa\u00eds\u00a0deveria ser destinada da seguinte forma: Fundo Social do pr\u00e9-sal (50%), Brasduto (20%) e fundos de participa\u00e7\u00e3o dos munic\u00edpios e estados (30%). Com a nova emenda, 30% ser\u00e1 para o Fundo Social, 20% para o Brasduto, 20% para a Uni\u00e3o e outros 30% para os fundos de participa\u00e7\u00e3o dos munic\u00edpios e estados.<\/p>\n<p><strong>Surpresa e col\u00e9gio de l\u00edderes<\/strong><br \/>\nA aprova\u00e7\u00e3o do PL do risco hidrol\u00f3gico surpreendeu o setor el\u00e9trico, uma vez que o projeto esteve em pauta diversas vezes, sem nunca ser colocado em vota\u00e7\u00e3o pelo presidente da C\u00e2mara, Rodrigo Maia (DEM-RJ).<\/p>\n<p>Houve, na \u00faltima ter\u00e7a-feira (25), um pedido do deputado Elmar Nascimento (DEM-BA) para que o PL fosse retirado da CME (Comiss\u00e3o de Minas e Energia) e fosse levado diretamente ao plen\u00e1rio. Isso ocorreu e o relat\u00f3rio do deputado Benes Leoc\u00e1dio (PRB-RN) foi ignorado.<\/p>\n<p>Na quarta (26), o deputado potiguar disse que estava ciente do assunto e que, provavelmente, outro relator seria escolhido. \u201cA assessoria j\u00e1 me informou que ele pode ser votado direto no plen\u00e1rio sem a an\u00e1lise do nosso relat\u00f3rio [na CME]. Ou seja, dever\u00e1 ser designado um novo relator\u201d, disse Benes. Foi o que aconteceu.<\/p>\n<p>O parecer elaborado por\u00a0Benes, que foi protocolado para ser lido no plen\u00e1rio, exclu\u00eda tanto o Brasduto quanto o benef\u00edcio \u00e0 Cemig. O imbr\u00f3glio era a volta do PL ao Senado para a nova an\u00e1lise. No entanto, isso ocorrer\u00e1 devido \u00e0s altera\u00e7\u00f5es aprovadas em plen\u00e1rio. Mas, sem necessidade de nova an\u00e1lise do GSF, Brasduto e Cemig, o que traz um certo al\u00edvio ao setor el\u00e9trico.<\/p>\n<p><strong>Expans\u00e3o de gasodutos, segundo o MME<\/strong><br \/>\nEm audi\u00eancia p\u00fablica na Comiss\u00e3o de Minas e Energia, tamb\u00e9m na quarta-feira, o ministro de Minas e Energia, Bento Albuquerque, foi questionado sobre como seria feita a expans\u00e3o da malha de\u00a0gasodutos no Novo Mercado de G\u00e1s. Os deputados citaram o Brasduto como uma forma negativa de promov\u00ea-la.<\/p>\n<p>O ministro respondeu: \u201cO caso da expans\u00e3o dos gasodutos \u00e9 uma preocupa\u00e7\u00e3o, evidentemente. Mas a expans\u00e3o dos gasodutos n\u00f3s vamos fazer da mesma forma que fazemos com os biocombust\u00edveis: atrav\u00e9s de deb\u00eantures incentivadas. Porque \u00e9 a\u00ed que est\u00e1 o recurso, o dinheiro bom. Que ajuda o empreendedor\u201d.<\/p>\n","protected":false},"excerpt":{"rendered":"<p>Lucas Santin e Leila Coimbra, da Ag\u00eancia iNFRA O plen\u00e1rio da C\u00e2mara dos Deputados aprovou, na noite de quarta-feira (26), o PL 10.985 \u2013 que prop\u00f5e solu\u00e7\u00e3o \u00e0 d\u00edvida do risco hidrol\u00f3gico \u2013 com as emendas do Brasduto, fundo para a constru\u00e7\u00e3o de gasodutos, e a que beneficia a Cemig (Companhia Energ\u00e9tica de Minas Gerais). [&hellip;]<\/p>\n","protected":false},"author":9,"featured_media":3365,"comment_status":"closed","ping_status":"closed","sticky":false,"template":"","format":"standard","meta":{"_monsterinsights_skip_tracking":false,"_monsterinsights_sitenote_active":false,"_monsterinsights_sitenote_note":"","_monsterinsights_sitenote_category":0,"footnotes":""},"categories":[10],"tags":[690,302,348,7658,809,1084],"class_list":["post-3364","post","type-post","status-publish","format-standard","has-post-thumbnail","hentry","category-infraenergia","tag-brasduto","tag-cemig","tag-gsf","tag-joao-carlos-paolilo-bacelar-filho","tag-pl-10-985","tag-pl-do-risco-hidrologico"],"yoast_head":"<!-- This site is optimized with the Yoast SEO Premium plugin v25.4 (Yoast SEO v26.0) - https:\/\/yoast.com\/wordpress\/plugins\/seo\/ -->\n<title>PL do risco hidrol\u00f3gico \u00e9 aprovado na C\u00e2mara com Brasduto e Cemig, mas voltar\u00e1 ao Senado - Ag\u00eancia iNFRA<\/title>\n<meta name=\"robots\" content=\"index, follow, max-snippet:-1, max-image-preview:large, max-video-preview:-1\" \/>\n<link rel=\"canonical\" href=\"https:\/\/agenciainfra.com\/blog\/pl-do-risco-hidrologico-e-aprovado-na-camara-com-brasduto-e-cemig-mas-voltara-ao-senado\/\" \/>\n<meta property=\"og:locale\" content=\"pt_BR\" \/>\n<meta property=\"og:type\" content=\"article\" \/>\n<meta property=\"og:title\" content=\"PL do risco hidrol\u00f3gico \u00e9 aprovado na C\u00e2mara com Brasduto e Cemig, mas voltar\u00e1 ao Senado\" \/>\n<meta property=\"og:description\" content=\"Lucas Santin e Leila Coimbra, da Ag\u00eancia iNFRA O plen\u00e1rio da C\u00e2mara dos Deputados aprovou, na noite de quarta-feira (26), o PL 10.985 \u2013 que prop\u00f5e solu\u00e7\u00e3o \u00e0 d\u00edvida do risco hidrol\u00f3gico \u2013 com as emendas do Brasduto, fundo para a constru\u00e7\u00e3o de gasodutos, e a que beneficia a Cemig (Companhia Energ\u00e9tica de Minas Gerais). [&hellip;]\" \/>\n<meta property=\"og:url\" content=\"https:\/\/agenciainfra.com\/blog\/pl-do-risco-hidrologico-e-aprovado-na-camara-com-brasduto-e-cemig-mas-voltara-ao-senado\/\" \/>\n<meta property=\"og:site_name\" content=\"Ag\u00eancia iNFRA\" \/>\n<meta property=\"article:publisher\" content=\"https:\/\/www.facebook.com\/ageninfra\" \/>\n<meta property=\"article:published_time\" content=\"2019-06-28T11:00:06+00:00\" \/>\n<meta property=\"article:modified_time\" content=\"2023-10-27T15:23:18+00:00\" \/>\n<meta property=\"og:image\" content=\"https:\/\/agenciainfra.com\/blog\/wp-content\/uploads\/2019\/06\/pablo-valadares-camara-dos-deputados-1024x681.jpg\" \/>\n\t<meta property=\"og:image:width\" content=\"1024\" \/>\n\t<meta property=\"og:image:height\" content=\"681\" \/>\n\t<meta property=\"og:image:type\" content=\"image\/jpeg\" \/>\n<meta name=\"author\" content=\"Rodrigo Zuquim\" \/>\n<meta name=\"twitter:card\" content=\"summary_large_image\" \/>\n<meta name=\"twitter:creator\" content=\"@agencia_infra\" \/>\n<meta name=\"twitter:site\" content=\"@agencia_infra\" \/>\n<meta name=\"twitter:label1\" content=\"Escrito por\" \/>\n\t<meta name=\"twitter:data1\" content=\"Rodrigo Zuquim\" \/>\n\t<meta name=\"twitter:label2\" content=\"Est. tempo de leitura\" \/>\n\t<meta name=\"twitter:data2\" content=\"3 minutos\" \/>\n<script type=\"application\/ld+json\" class=\"yoast-schema-graph\">{\"@context\":\"https:\/\/schema.org\",\"@graph\":[{\"@type\":\"Article\",\"@id\":\"https:\/\/agenciainfra.com\/blog\/pl-do-risco-hidrologico-e-aprovado-na-camara-com-brasduto-e-cemig-mas-voltara-ao-senado\/#article\",\"isPartOf\":{\"@id\":\"https:\/\/agenciainfra.com\/blog\/pl-do-risco-hidrologico-e-aprovado-na-camara-com-brasduto-e-cemig-mas-voltara-ao-senado\/\"},\"author\":{\"name\":\"Rodrigo Zuquim\",\"@id\":\"https:\/\/agenciainfra.com\/blog\/#\/schema\/person\/04dbb79bd6d8951f063da71f3e4c1eb1\"},\"headline\":\"PL do risco hidrol\u00f3gico \u00e9 aprovado na C\u00e2mara com Brasduto e Cemig, mas voltar\u00e1 ao Senado\",\"datePublished\":\"2019-06-28T11:00:06+00:00\",\"dateModified\":\"2023-10-27T15:23:18+00:00\",\"mainEntityOfPage\":{\"@id\":\"https:\/\/agenciainfra.com\/blog\/pl-do-risco-hidrologico-e-aprovado-na-camara-com-brasduto-e-cemig-mas-voltara-ao-senado\/\"},\"wordCount\":708,\"publisher\":{\"@id\":\"https:\/\/agenciainfra.com\/blog\/#organization\"},\"image\":{\"@id\":\"https:\/\/agenciainfra.com\/blog\/pl-do-risco-hidrologico-e-aprovado-na-camara-com-brasduto-e-cemig-mas-voltara-ao-senado\/#primaryimage\"},\"thumbnailUrl\":\"https:\/\/agenciainfra.com\/blog\/wp-content\/uploads\/2019\/06\/pablo-valadares-camara-dos-deputados.jpg\",\"keywords\":[\"Brasduto\",\"CEMIG\",\"GSF\",\"Jo\u00e3o Carlos Paolilo Bacelar Filho\",\"PL 10.985\",\"PL do risco hidrol\u00f3gico\"],\"articleSection\":[\"iNFRAEnergia\"],\"inLanguage\":\"pt-BR\",\"copyrightYear\":\"2019\",\"copyrightHolder\":{\"@id\":\"https:\/\/agenciainfra.com\/blog\/#organization\"}},{\"@type\":\"WebPage\",\"@id\":\"https:\/\/agenciainfra.com\/blog\/pl-do-risco-hidrologico-e-aprovado-na-camara-com-brasduto-e-cemig-mas-voltara-ao-senado\/\",\"url\":\"https:\/\/agenciainfra.com\/blog\/pl-do-risco-hidrologico-e-aprovado-na-camara-com-brasduto-e-cemig-mas-voltara-ao-senado\/\",\"name\":\"PL do risco hidrol\u00f3gico \u00e9 aprovado na C\u00e2mara com Brasduto e Cemig, mas voltar\u00e1 ao Senado - Ag\u00eancia iNFRA\",\"isPartOf\":{\"@id\":\"https:\/\/agenciainfra.com\/blog\/#website\"},\"primaryImageOfPage\":{\"@id\":\"https:\/\/agenciainfra.com\/blog\/pl-do-risco-hidrologico-e-aprovado-na-camara-com-brasduto-e-cemig-mas-voltara-ao-senado\/#primaryimage\"},\"image\":{\"@id\":\"https:\/\/agenciainfra.com\/blog\/pl-do-risco-hidrologico-e-aprovado-na-camara-com-brasduto-e-cemig-mas-voltara-ao-senado\/#primaryimage\"},\"thumbnailUrl\":\"https:\/\/agenciainfra.com\/blog\/wp-content\/uploads\/2019\/06\/pablo-valadares-camara-dos-deputados.jpg\",\"datePublished\":\"2019-06-28T11:00:06+00:00\",\"dateModified\":\"2023-10-27T15:23:18+00:00\",\"breadcrumb\":{\"@id\":\"https:\/\/agenciainfra.com\/blog\/pl-do-risco-hidrologico-e-aprovado-na-camara-com-brasduto-e-cemig-mas-voltara-ao-senado\/#breadcrumb\"},\"inLanguage\":\"pt-BR\",\"potentialAction\":[{\"@type\":\"ReadAction\",\"target\":[\"https:\/\/agenciainfra.com\/blog\/pl-do-risco-hidrologico-e-aprovado-na-camara-com-brasduto-e-cemig-mas-voltara-ao-senado\/\"]}]},{\"@type\":\"ImageObject\",\"inLanguage\":\"pt-BR\",\"@id\":\"https:\/\/agenciainfra.com\/blog\/pl-do-risco-hidrologico-e-aprovado-na-camara-com-brasduto-e-cemig-mas-voltara-ao-senado\/#primaryimage\",\"url\":\"https:\/\/agenciainfra.com\/blog\/wp-content\/uploads\/2019\/06\/pablo-valadares-camara-dos-deputados.jpg\",\"contentUrl\":\"https:\/\/agenciainfra.com\/blog\/wp-content\/uploads\/2019\/06\/pablo-valadares-camara-dos-deputados.jpg\",\"width\":2893,\"height\":1924},{\"@type\":\"BreadcrumbList\",\"@id\":\"https:\/\/agenciainfra.com\/blog\/pl-do-risco-hidrologico-e-aprovado-na-camara-com-brasduto-e-cemig-mas-voltara-ao-senado\/#breadcrumb\",\"itemListElement\":[{\"@type\":\"ListItem\",\"position\":1,\"name\":\"In\u00edcio\",\"item\":\"https:\/\/agenciainfra.com\/blog\/\"},{\"@type\":\"ListItem\",\"position\":2,\"name\":\"PL do risco hidrol\u00f3gico \u00e9 aprovado na C\u00e2mara com Brasduto e Cemig, mas voltar\u00e1 ao Senado\"}]},{\"@type\":\"WebSite\",\"@id\":\"https:\/\/agenciainfra.com\/blog\/#website\",\"url\":\"https:\/\/agenciainfra.com\/blog\/\",\"name\":\"Ag\u00eancia iNFRA\",\"description\":\"Multiplataforma de informa\u00e7\u00e3o jornal\u00edstica refer\u00eancia na \u00e1rea de infraestrutura no Brasil!\",\"publisher\":{\"@id\":\"https:\/\/agenciainfra.com\/blog\/#organization\"},\"potentialAction\":[{\"@type\":\"SearchAction\",\"target\":{\"@type\":\"EntryPoint\",\"urlTemplate\":\"https:\/\/agenciainfra.com\/blog\/?s={search_term_string}\"},\"query-input\":{\"@type\":\"PropertyValueSpecification\",\"valueRequired\":true,\"valueName\":\"search_term_string\"}}],\"inLanguage\":\"pt-BR\"},{\"@type\":\"Organization\",\"@id\":\"https:\/\/agenciainfra.com\/blog\/#organization\",\"name\":\"Ag\u00eancia iNFRA\",\"url\":\"https:\/\/agenciainfra.com\/blog\/\",\"logo\":{\"@type\":\"ImageObject\",\"inLanguage\":\"pt-BR\",\"@id\":\"https:\/\/agenciainfra.com\/blog\/#\/schema\/logo\/image\/\",\"url\":\"https:\/\/agenciainfra.com\/blog\/wp-content\/uploads\/2023\/09\/iNFRA_5-e1761735885940.png\",\"contentUrl\":\"https:\/\/agenciainfra.com\/blog\/wp-content\/uploads\/2023\/09\/iNFRA_5-e1761735885940.png\",\"width\":1672,\"height\":454,\"caption\":\"Ag\u00eancia iNFRA\"},\"image\":{\"@id\":\"https:\/\/agenciainfra.com\/blog\/#\/schema\/logo\/image\/\"},\"sameAs\":[\"https:\/\/www.facebook.com\/ageninfra\",\"https:\/\/x.com\/agencia_infra\",\"https:\/\/www.linkedin.com\/company\/ag\u00eanciainfra\/\",\"https:\/\/www.instagram.com\/agenciainfra\/\"]},{\"@type\":\"Person\",\"@id\":\"https:\/\/agenciainfra.com\/blog\/#\/schema\/person\/04dbb79bd6d8951f063da71f3e4c1eb1\",\"name\":\"Rodrigo Zuquim\",\"image\":{\"@type\":\"ImageObject\",\"inLanguage\":\"pt-BR\",\"@id\":\"https:\/\/agenciainfra.com\/blog\/#\/schema\/person\/image\/\",\"url\":\"https:\/\/secure.gravatar.com\/avatar\/594abfe82761d620726242ff34ca472a705a4b97f16c790053a6b4c4035274d0?s=96&d=mm&r=g\",\"contentUrl\":\"https:\/\/secure.gravatar.com\/avatar\/594abfe82761d620726242ff34ca472a705a4b97f16c790053a6b4c4035274d0?s=96&d=mm&r=g\",\"caption\":\"Rodrigo Zuquim\"},\"url\":\"https:\/\/agenciainfra.com\/blog\/author\/rodrigo-zuquim\/\"}]}<\/script>\n<!-- \/ Yoast SEO Premium plugin. -->","yoast_head_json":{"title":"PL do risco hidrol\u00f3gico \u00e9 aprovado na C\u00e2mara com Brasduto e Cemig, mas voltar\u00e1 ao Senado - Ag\u00eancia iNFRA","robots":{"index":"index","follow":"follow","max-snippet":"max-snippet:-1","max-image-preview":"max-image-preview:large","max-video-preview":"max-video-preview:-1"},"canonical":"https:\/\/agenciainfra.com\/blog\/pl-do-risco-hidrologico-e-aprovado-na-camara-com-brasduto-e-cemig-mas-voltara-ao-senado\/","og_locale":"pt_BR","og_type":"article","og_title":"PL do risco hidrol\u00f3gico \u00e9 aprovado na C\u00e2mara com Brasduto e Cemig, mas voltar\u00e1 ao Senado","og_description":"Lucas Santin e Leila Coimbra, da Ag\u00eancia iNFRA O plen\u00e1rio da C\u00e2mara dos Deputados aprovou, na noite de quarta-feira (26), o PL 10.985 \u2013 que prop\u00f5e solu\u00e7\u00e3o \u00e0 d\u00edvida do risco hidrol\u00f3gico \u2013 com as emendas do Brasduto, fundo para a constru\u00e7\u00e3o de gasodutos, e a que beneficia a Cemig (Companhia Energ\u00e9tica de Minas Gerais). [&hellip;]","og_url":"https:\/\/agenciainfra.com\/blog\/pl-do-risco-hidrologico-e-aprovado-na-camara-com-brasduto-e-cemig-mas-voltara-ao-senado\/","og_site_name":"Ag\u00eancia iNFRA","article_publisher":"https:\/\/www.facebook.com\/ageninfra","article_published_time":"2019-06-28T11:00:06+00:00","article_modified_time":"2023-10-27T15:23:18+00:00","og_image":[{"width":1024,"height":681,"url":"https:\/\/agenciainfra.com\/blog\/wp-content\/uploads\/2019\/06\/pablo-valadares-camara-dos-deputados-1024x681.jpg","type":"image\/jpeg"}],"author":"Rodrigo Zuquim","twitter_card":"summary_large_image","twitter_creator":"@agencia_infra","twitter_site":"@agencia_infra","twitter_misc":{"Escrito por":"Rodrigo Zuquim","Est. tempo de leitura":"3 minutos"},"schema":{"@context":"https:\/\/schema.org","@graph":[{"@type":"Article","@id":"https:\/\/agenciainfra.com\/blog\/pl-do-risco-hidrologico-e-aprovado-na-camara-com-brasduto-e-cemig-mas-voltara-ao-senado\/#article","isPartOf":{"@id":"https:\/\/agenciainfra.com\/blog\/pl-do-risco-hidrologico-e-aprovado-na-camara-com-brasduto-e-cemig-mas-voltara-ao-senado\/"},"author":{"name":"Rodrigo Zuquim","@id":"https:\/\/agenciainfra.com\/blog\/#\/schema\/person\/04dbb79bd6d8951f063da71f3e4c1eb1"},"headline":"PL do risco hidrol\u00f3gico \u00e9 aprovado na C\u00e2mara com Brasduto e Cemig, mas voltar\u00e1 ao Senado","datePublished":"2019-06-28T11:00:06+00:00","dateModified":"2023-10-27T15:23:18+00:00","mainEntityOfPage":{"@id":"https:\/\/agenciainfra.com\/blog\/pl-do-risco-hidrologico-e-aprovado-na-camara-com-brasduto-e-cemig-mas-voltara-ao-senado\/"},"wordCount":708,"publisher":{"@id":"https:\/\/agenciainfra.com\/blog\/#organization"},"image":{"@id":"https:\/\/agenciainfra.com\/blog\/pl-do-risco-hidrologico-e-aprovado-na-camara-com-brasduto-e-cemig-mas-voltara-ao-senado\/#primaryimage"},"thumbnailUrl":"https:\/\/agenciainfra.com\/blog\/wp-content\/uploads\/2019\/06\/pablo-valadares-camara-dos-deputados.jpg","keywords":["Brasduto","CEMIG","GSF","Jo\u00e3o Carlos Paolilo Bacelar Filho","PL 10.985","PL do risco hidrol\u00f3gico"],"articleSection":["iNFRAEnergia"],"inLanguage":"pt-BR","copyrightYear":"2019","copyrightHolder":{"@id":"https:\/\/agenciainfra.com\/blog\/#organization"}},{"@type":"WebPage","@id":"https:\/\/agenciainfra.com\/blog\/pl-do-risco-hidrologico-e-aprovado-na-camara-com-brasduto-e-cemig-mas-voltara-ao-senado\/","url":"https:\/\/agenciainfra.com\/blog\/pl-do-risco-hidrologico-e-aprovado-na-camara-com-brasduto-e-cemig-mas-voltara-ao-senado\/","name":"PL do risco hidrol\u00f3gico \u00e9 aprovado na C\u00e2mara com Brasduto e Cemig, mas voltar\u00e1 ao Senado - Ag\u00eancia iNFRA","isPartOf":{"@id":"https:\/\/agenciainfra.com\/blog\/#website"},"primaryImageOfPage":{"@id":"https:\/\/agenciainfra.com\/blog\/pl-do-risco-hidrologico-e-aprovado-na-camara-com-brasduto-e-cemig-mas-voltara-ao-senado\/#primaryimage"},"image":{"@id":"https:\/\/agenciainfra.com\/blog\/pl-do-risco-hidrologico-e-aprovado-na-camara-com-brasduto-e-cemig-mas-voltara-ao-senado\/#primaryimage"},"thumbnailUrl":"https:\/\/agenciainfra.com\/blog\/wp-content\/uploads\/2019\/06\/pablo-valadares-camara-dos-deputados.jpg","datePublished":"2019-06-28T11:00:06+00:00","dateModified":"2023-10-27T15:23:18+00:00","breadcrumb":{"@id":"https:\/\/agenciainfra.com\/blog\/pl-do-risco-hidrologico-e-aprovado-na-camara-com-brasduto-e-cemig-mas-voltara-ao-senado\/#breadcrumb"},"inLanguage":"pt-BR","potentialAction":[{"@type":"ReadAction","target":["https:\/\/agenciainfra.com\/blog\/pl-do-risco-hidrologico-e-aprovado-na-camara-com-brasduto-e-cemig-mas-voltara-ao-senado\/"]}]},{"@type":"ImageObject","inLanguage":"pt-BR","@id":"https:\/\/agenciainfra.com\/blog\/pl-do-risco-hidrologico-e-aprovado-na-camara-com-brasduto-e-cemig-mas-voltara-ao-senado\/#primaryimage","url":"https:\/\/agenciainfra.com\/blog\/wp-content\/uploads\/2019\/06\/pablo-valadares-camara-dos-deputados.jpg","contentUrl":"https:\/\/agenciainfra.com\/blog\/wp-content\/uploads\/2019\/06\/pablo-valadares-camara-dos-deputados.jpg","width":2893,"height":1924},{"@type":"BreadcrumbList","@id":"https:\/\/agenciainfra.com\/blog\/pl-do-risco-hidrologico-e-aprovado-na-camara-com-brasduto-e-cemig-mas-voltara-ao-senado\/#breadcrumb","itemListElement":[{"@type":"ListItem","position":1,"name":"In\u00edcio","item":"https:\/\/agenciainfra.com\/blog\/"},{"@type":"ListItem","position":2,"name":"PL do risco hidrol\u00f3gico \u00e9 aprovado na C\u00e2mara com Brasduto e Cemig, mas voltar\u00e1 ao Senado"}]},{"@type":"WebSite","@id":"https:\/\/agenciainfra.com\/blog\/#website","url":"https:\/\/agenciainfra.com\/blog\/","name":"Ag\u00eancia iNFRA","description":"Multiplataforma de informa\u00e7\u00e3o jornal\u00edstica refer\u00eancia na \u00e1rea de infraestrutura no Brasil!","publisher":{"@id":"https:\/\/agenciainfra.com\/blog\/#organization"},"potentialAction":[{"@type":"SearchAction","target":{"@type":"EntryPoint","urlTemplate":"https:\/\/agenciainfra.com\/blog\/?s={search_term_string}"},"query-input":{"@type":"PropertyValueSpecification","valueRequired":true,"valueName":"search_term_string"}}],"inLanguage":"pt-BR"},{"@type":"Organization","@id":"https:\/\/agenciainfra.com\/blog\/#organization","name":"Ag\u00eancia iNFRA","url":"https:\/\/agenciainfra.com\/blog\/","logo":{"@type":"ImageObject","inLanguage":"pt-BR","@id":"https:\/\/agenciainfra.com\/blog\/#\/schema\/logo\/image\/","url":"https:\/\/agenciainfra.com\/blog\/wp-content\/uploads\/2023\/09\/iNFRA_5-e1761735885940.png","contentUrl":"https:\/\/agenciainfra.com\/blog\/wp-content\/uploads\/2023\/09\/iNFRA_5-e1761735885940.png","width":1672,"height":454,"caption":"Ag\u00eancia iNFRA"},"image":{"@id":"https:\/\/agenciainfra.com\/blog\/#\/schema\/logo\/image\/"},"sameAs":["https:\/\/www.facebook.com\/ageninfra","https:\/\/x.com\/agencia_infra","https:\/\/www.linkedin.com\/company\/ag\u00eanciainfra\/","https:\/\/www.instagram.com\/agenciainfra\/"]},{"@type":"Person","@id":"https:\/\/agenciainfra.com\/blog\/#\/schema\/person\/04dbb79bd6d8951f063da71f3e4c1eb1","name":"Rodrigo Zuquim","image":{"@type":"ImageObject","inLanguage":"pt-BR","@id":"https:\/\/agenciainfra.com\/blog\/#\/schema\/person\/image\/","url":"https:\/\/secure.gravatar.com\/avatar\/594abfe82761d620726242ff34ca472a705a4b97f16c790053a6b4c4035274d0?s=96&d=mm&r=g","contentUrl":"https:\/\/secure.gravatar.com\/avatar\/594abfe82761d620726242ff34ca472a705a4b97f16c790053a6b4c4035274d0?s=96&d=mm&r=g","caption":"Rodrigo Zuquim"},"url":"https:\/\/agenciainfra.com\/blog\/author\/rodrigo-zuquim\/"}]}},"_links":{"self":[{"href":"https:\/\/agenciainfra.com\/blog\/wp-json\/wp\/v2\/posts\/3364","targetHints":{"allow":["GET"]}}],"collection":[{"href":"https:\/\/agenciainfra.com\/blog\/wp-json\/wp\/v2\/posts"}],"about":[{"href":"https:\/\/agenciainfra.com\/blog\/wp-json\/wp\/v2\/types\/post"}],"author":[{"embeddable":true,"href":"https:\/\/agenciainfra.com\/blog\/wp-json\/wp\/v2\/users\/9"}],"replies":[{"embeddable":true,"href":"https:\/\/agenciainfra.com\/blog\/wp-json\/wp\/v2\/comments?post=3364"}],"version-history":[{"count":0,"href":"https:\/\/agenciainfra.com\/blog\/wp-json\/wp\/v2\/posts\/3364\/revisions"}],"wp:featuredmedia":[{"embeddable":true,"href":"https:\/\/agenciainfra.com\/blog\/wp-json\/wp\/v2\/media\/3365"}],"wp:attachment":[{"href":"https:\/\/agenciainfra.com\/blog\/wp-json\/wp\/v2\/media?parent=3364"}],"wp:term":[{"taxonomy":"category","embeddable":true,"href":"https:\/\/agenciainfra.com\/blog\/wp-json\/wp\/v2\/categories?post=3364"},{"taxonomy":"post_tag","embeddable":true,"href":"https:\/\/agenciainfra.com\/blog\/wp-json\/wp\/v2\/tags?post=3364"}],"curies":[{"name":"wp","href":"https:\/\/api.w.org\/{rel}","templated":true}]}}