{"id":33640,"date":"2025-12-10T09:38:43","date_gmt":"2025-12-10T12:38:43","guid":{"rendered":"https:\/\/agenciainfra.com\/blog\/?p=33640"},"modified":"2025-12-10T22:00:42","modified_gmt":"2025-12-11T01:00:42","slug":"tarifas-aneel-adia-reajuste-de-24-no-amapa-em-meio-a-pressao-politica","status":"publish","type":"post","link":"https:\/\/agenciainfra.com\/blog\/tarifas-aneel-adia-reajuste-de-24-no-amapa-em-meio-a-pressao-politica\/","title":{"rendered":"Tarifas: ANEEL adia reajuste de 24% no Amap\u00e1 em meio a press\u00e3o pol\u00edtica"},"content":{"rendered":"\n<p class=\"has-text-align-right\"><strong>Lais Carregosa e Geraldo Campos Jr., da Ag\u00eancia iNFRA<\/strong><\/p>\n\n\n\n<p>A ANEEL (Ag\u00eancia Nacional de Energia El\u00e9trica) segurou o reajuste tarif\u00e1rio de 24% do Amap\u00e1, pautado para a reuni\u00e3o de ter\u00e7a-feira (9), em meio a uma press\u00e3o pol\u00edtica pela redu\u00e7\u00e3o dos percentuais. O presidente do Congresso Nacional, senador Davi Alcolumbre (Uni\u00e3o-AP), e o l\u00edder do governo, senador Randolfe Rodrigues (PT-AP), que s\u00e3o parlamentares eleitos pelo estado, mandaram of\u00edcio ao diretor-geral da ANEEL, Sandoval Feitosa, solicitando que o processo fosse adiado.<br><br>Os senadores pediram para a reguladora levar em considera\u00e7\u00e3o as medidas de modicidade tarif\u00e1ria para os estados do Norte e Nordeste aprovadas neste ano nas MPs (Medidas Provis\u00f3rias) 1.300 e 1.304 pelo Congresso. Dentre elas, o uso dos recursos da repactua\u00e7\u00e3o do UBP (Uso do Bem P\u00fablico, um royalty pago por hidrel\u00e9tricas), que deve&nbsp;arrecadar R$ 8,8 bilh\u00f5es para essa finalidade.<br><br>No of\u00edcio, os senadores solicitam a retirada do&nbsp;processo de pauta&nbsp;\u201cat\u00e9 que ocorra a regulamenta\u00e7\u00e3o prevista na Lei e implementadas as diretrizes para permitir a correta defini\u00e7\u00e3o da distribui\u00e7\u00e3o dos recursos\u201d.<br><br>Fontes estimam que se forem usados cerca de R$ 140 milh\u00f5es da repactua\u00e7\u00e3o do UBP para o Amap\u00e1, o que corresponde a menos de 2% do total, poderia haver uma redu\u00e7\u00e3o de 10 pontos percentuais no reajuste tarif\u00e1rio do estado.&nbsp;<br><br>A diretora Agnes Costa, relatora do reajuste, retirou o processo da pauta afirmando ser em atendimento a um pedido da CEA Equatorial, distribuidora local, que havia pedido esclarecimentos sobre o rateio do UBP, cujos recursos ser\u00e3o destinados para redu\u00e7\u00e3o das tarifas do Norte e Nordeste em 2026.<br><br><strong>\u00c0 espera do UBP<\/strong><br>Na avalia\u00e7\u00e3o de fontes a par do assunto, a ag\u00eancia deve esperar a defini\u00e7\u00e3o sobre o UBP para votar o processo tarif\u00e1rio da concession\u00e1ria do Amap\u00e1.<br><br>Na reuni\u00e3o de ter\u00e7a, a reguladora adiou a defini\u00e7\u00e3o sobre o valor total do UBP (calculado em R$ 8,8 bilh\u00f5es pela \u00e1rea t\u00e9cnica) ao determinar a abertura de uma consulta p\u00fablica at\u00e9 12 de janeiro sobre a metodologia da repactua\u00e7\u00e3o \u2013 algo que n\u00e3o estava previsto na recomenda\u00e7\u00e3o da \u00e1rea t\u00e9cnica. Al\u00e9m disso, a reguladora sorteou a abertura de outra consulta p\u00fablica, desta vez sobre a forma de rateio dos recursos arrecadados, para a relatoria da diretora Agnes Costa.<br><br>Segundo fontes disseram \u00e0&nbsp;<strong>Ag\u00eancia iNFRA<\/strong>, deve ser convocada uma reuni\u00e3o extraordin\u00e1ria da diretoria para analisar o segundo processo antes do fim do ano, uma vez que na ter\u00e7a-feira (9) foi realizado o \u00faltimo encontro previsto do colegiado em 2025.&nbsp;<br><br>Interlocutores afirmam que as duas consultas p\u00fablicas devem correr em paralelo, sem interdepend\u00eancia entre elas. No entanto, a conclus\u00e3o dos dois processos seria necess\u00e1ria para garantir um amortecimento tarif\u00e1rio para o Amap\u00e1, o que torna imprevis\u00edvel quando o processo de reajuste ser\u00e1 retomado.<br><br><strong>Reajustes do Norte<\/strong><br>Apesar de adiar o reajuste do Amap\u00e1, a diretoria aprovou na reuni\u00e3o de ter\u00e7a outros processos tarif\u00e1rios na regi\u00e3o Norte: o da Energisa Acre, com aumento m\u00e9dio de 11,54%, e da Energisa Rond\u00f4nia, de 15,72%. Ambos os reajustes passam a vigorar a partir de 13 de dezembro e n\u00e3o devem contar com os valores do UBP. De acordo com especialistas, os recursos da repactua\u00e7\u00e3o s\u00f3 devem ser considerados nos reajustes dessas concession\u00e1rias a serem processados em dezembro de 2026.<br><br>No entanto, os dois processos contaram com os recursos do Leil\u00e3o do GSF (sigla para risco hidrol\u00f3gico), realizado em agosto e que destinou a arrecada\u00e7\u00e3o excedente para abater as tarifas das concession\u00e1rias de distribui\u00e7\u00e3o do Norte. No caso da Energisa Acre, a reguladora considerou o valor de R$ 110,5 milh\u00f5es para redu\u00e7\u00e3o do impacto tarif\u00e1rio. J\u00e1 a Energisa Rond\u00f4nia contou com R$ 321,5 milh\u00f5es.<\/p>\n","protected":false},"excerpt":{"rendered":"<p>Lais Carregosa e Geraldo Campos Jr., da Ag\u00eancia iNFRA A ANEEL (Ag\u00eancia Nacional de Energia El\u00e9trica) segurou o reajuste tarif\u00e1rio de 24% do Amap\u00e1, pautado para a reuni\u00e3o de ter\u00e7a-feira (9), em meio a uma press\u00e3o pol\u00edtica pela redu\u00e7\u00e3o dos percentuais. O presidente do Congresso Nacional, senador Davi Alcolumbre (Uni\u00e3o-AP), e o l\u00edder do governo, [&hellip;]<\/p>\n","protected":false},"author":1,"featured_media":10065,"comment_status":"closed","ping_status":"closed","sticky":false,"template":"","format":"standard","meta":{"_monsterinsights_skip_tracking":false,"_monsterinsights_sitenote_active":false,"_monsterinsights_sitenote_note":"","_monsterinsights_sitenote_category":0,"footnotes":""},"categories":[7250,10],"tags":[852,53,11021,2730,11723,1363,11594,348,13132,13449,14378,2042,17427,215,1386,15174,15427],"class_list":["post-33640","post","type-post","status-publish","format-standard","has-post-thumbnail","hentry","category-destaque-lista","category-infraenergia","tag-agencia-nacional-de-energia-eletrica","tag-aneel","tag-energia-no-amapa","tag-energisa","tag-energisa-acre","tag-energisa-rondonia","tag-geraldo-campos-jr","tag-gsf","tag-lais-carregosa","tag-mp-1-300","tag-mp-1-304","tag-reajuste-tarifario-extraordinario","tag-royalty-das-hidreletricas","tag-tarifas","tag-tarifas-de-energia","tag-ubp","tag-uso-do-bem-publico"],"yoast_head":"<!-- This site is optimized with the Yoast SEO Premium plugin v25.4 (Yoast SEO v26.0) - https:\/\/yoast.com\/wordpress\/plugins\/seo\/ -->\n<title>Tarifas: ANEEL adia reajuste de 24% no Amap\u00e1 em meio a press\u00e3o pol\u00edtica - Ag\u00eancia iNFRA<\/title>\n<meta name=\"robots\" content=\"index, follow, max-snippet:-1, max-image-preview:large, max-video-preview:-1\" \/>\n<link rel=\"canonical\" href=\"https:\/\/agenciainfra.com\/blog\/tarifas-aneel-adia-reajuste-de-24-no-amapa-em-meio-a-pressao-politica\/\" \/>\n<meta property=\"og:locale\" content=\"pt_BR\" \/>\n<meta property=\"og:type\" content=\"article\" \/>\n<meta property=\"og:title\" content=\"Tarifas: ANEEL adia reajuste de 24% no Amap\u00e1 em meio a press\u00e3o pol\u00edtica\" \/>\n<meta property=\"og:description\" content=\"Lais Carregosa e Geraldo Campos Jr., da Ag\u00eancia iNFRA A ANEEL (Ag\u00eancia Nacional de Energia El\u00e9trica) segurou o reajuste tarif\u00e1rio de 24% do Amap\u00e1, pautado para a reuni\u00e3o de ter\u00e7a-feira (9), em meio a uma press\u00e3o pol\u00edtica pela redu\u00e7\u00e3o dos percentuais. O presidente do Congresso Nacional, senador Davi Alcolumbre (Uni\u00e3o-AP), e o l\u00edder do governo, [&hellip;]\" \/>\n<meta property=\"og:url\" content=\"https:\/\/agenciainfra.com\/blog\/tarifas-aneel-adia-reajuste-de-24-no-amapa-em-meio-a-pressao-politica\/\" \/>\n<meta property=\"og:site_name\" content=\"Ag\u00eancia iNFRA\" \/>\n<meta property=\"article:publisher\" content=\"https:\/\/www.facebook.com\/ageninfra\" \/>\n<meta property=\"article:published_time\" content=\"2025-12-10T12:38:43+00:00\" \/>\n<meta property=\"article:modified_time\" content=\"2025-12-11T01:00:42+00:00\" \/>\n<meta property=\"og:image\" content=\"https:\/\/agenciainfra.com\/blog\/wp-content\/uploads\/2022\/04\/divulgacao-aneel-scaled.jpeg\" \/>\n\t<meta property=\"og:image:width\" content=\"2560\" \/>\n\t<meta property=\"og:image:height\" content=\"1707\" \/>\n\t<meta property=\"og:image:type\" content=\"image\/jpeg\" \/>\n<meta name=\"author\" content=\"Ag\u00eancia iNFRA\" \/>\n<meta name=\"twitter:card\" content=\"summary_large_image\" \/>\n<meta name=\"twitter:creator\" content=\"@agencia_infra\" \/>\n<meta name=\"twitter:site\" content=\"@agencia_infra\" \/>\n<meta name=\"twitter:label1\" content=\"Escrito por\" \/>\n\t<meta name=\"twitter:data1\" content=\"Ag\u00eancia iNFRA\" \/>\n\t<meta name=\"twitter:label2\" content=\"Est. tempo de leitura\" \/>\n\t<meta name=\"twitter:data2\" content=\"3 minutos\" \/>\n<script type=\"application\/ld+json\" class=\"yoast-schema-graph\">{\"@context\":\"https:\/\/schema.org\",\"@graph\":[{\"@type\":\"Article\",\"@id\":\"https:\/\/agenciainfra.com\/blog\/tarifas-aneel-adia-reajuste-de-24-no-amapa-em-meio-a-pressao-politica\/#article\",\"isPartOf\":{\"@id\":\"https:\/\/agenciainfra.com\/blog\/tarifas-aneel-adia-reajuste-de-24-no-amapa-em-meio-a-pressao-politica\/\"},\"author\":{\"name\":\"Ag\u00eancia iNFRA\",\"@id\":\"https:\/\/agenciainfra.com\/blog\/#\/schema\/person\/34af08dff6adea4cb22b06612ba7acfa\"},\"headline\":\"Tarifas: ANEEL adia reajuste de 24% no Amap\u00e1 em meio a press\u00e3o pol\u00edtica\",\"datePublished\":\"2025-12-10T12:38:43+00:00\",\"dateModified\":\"2025-12-11T01:00:42+00:00\",\"mainEntityOfPage\":{\"@id\":\"https:\/\/agenciainfra.com\/blog\/tarifas-aneel-adia-reajuste-de-24-no-amapa-em-meio-a-pressao-politica\/\"},\"wordCount\":671,\"publisher\":{\"@id\":\"https:\/\/agenciainfra.com\/blog\/#organization\"},\"image\":{\"@id\":\"https:\/\/agenciainfra.com\/blog\/tarifas-aneel-adia-reajuste-de-24-no-amapa-em-meio-a-pressao-politica\/#primaryimage\"},\"thumbnailUrl\":\"https:\/\/agenciainfra.com\/blog\/wp-content\/uploads\/2022\/04\/divulgacao-aneel-scaled-e1770122374333.jpeg\",\"keywords\":[\"Ag\u00eancia Nacional de Energia El\u00e9trica\",\"ANEEL\",\"Energia no Amap\u00e1\",\"Energisa\",\"Energisa Acre\",\"Energisa Rond\u00f4nia\",\"Geraldo Campos Jr.\",\"GSF\",\"Lais Carregosa\",\"mp 1.300\",\"MP 1.304\",\"Reajuste Tarif\u00e1rio Extraordin\u00e1rio\",\"royalty das hidrel\u00e9tricas\",\"tarifas\",\"tarifas de energia\",\"UBP\",\"Uso do Bem P\u00fablico\"],\"articleSection\":[\"Destaque lista\",\"iNFRAEnergia\"],\"inLanguage\":\"pt-BR\",\"copyrightYear\":\"2025\",\"copyrightHolder\":{\"@id\":\"https:\/\/agenciainfra.com\/blog\/#organization\"}},{\"@type\":\"WebPage\",\"@id\":\"https:\/\/agenciainfra.com\/blog\/tarifas-aneel-adia-reajuste-de-24-no-amapa-em-meio-a-pressao-politica\/\",\"url\":\"https:\/\/agenciainfra.com\/blog\/tarifas-aneel-adia-reajuste-de-24-no-amapa-em-meio-a-pressao-politica\/\",\"name\":\"Tarifas: ANEEL adia reajuste de 24% no Amap\u00e1 em meio a press\u00e3o pol\u00edtica - Ag\u00eancia iNFRA\",\"isPartOf\":{\"@id\":\"https:\/\/agenciainfra.com\/blog\/#website\"},\"primaryImageOfPage\":{\"@id\":\"https:\/\/agenciainfra.com\/blog\/tarifas-aneel-adia-reajuste-de-24-no-amapa-em-meio-a-pressao-politica\/#primaryimage\"},\"image\":{\"@id\":\"https:\/\/agenciainfra.com\/blog\/tarifas-aneel-adia-reajuste-de-24-no-amapa-em-meio-a-pressao-politica\/#primaryimage\"},\"thumbnailUrl\":\"https:\/\/agenciainfra.com\/blog\/wp-content\/uploads\/2022\/04\/divulgacao-aneel-scaled-e1770122374333.jpeg\",\"datePublished\":\"2025-12-10T12:38:43+00:00\",\"dateModified\":\"2025-12-11T01:00:42+00:00\",\"breadcrumb\":{\"@id\":\"https:\/\/agenciainfra.com\/blog\/tarifas-aneel-adia-reajuste-de-24-no-amapa-em-meio-a-pressao-politica\/#breadcrumb\"},\"inLanguage\":\"pt-BR\",\"potentialAction\":[{\"@type\":\"ReadAction\",\"target\":[\"https:\/\/agenciainfra.com\/blog\/tarifas-aneel-adia-reajuste-de-24-no-amapa-em-meio-a-pressao-politica\/\"]}]},{\"@type\":\"ImageObject\",\"inLanguage\":\"pt-BR\",\"@id\":\"https:\/\/agenciainfra.com\/blog\/tarifas-aneel-adia-reajuste-de-24-no-amapa-em-meio-a-pressao-politica\/#primaryimage\",\"url\":\"https:\/\/agenciainfra.com\/blog\/wp-content\/uploads\/2022\/04\/divulgacao-aneel-scaled-e1770122374333.jpeg\",\"contentUrl\":\"https:\/\/agenciainfra.com\/blog\/wp-content\/uploads\/2022\/04\/divulgacao-aneel-scaled-e1770122374333.jpeg\",\"width\":1280,\"height\":750,\"caption\":\"Foto: ANEEL\"},{\"@type\":\"BreadcrumbList\",\"@id\":\"https:\/\/agenciainfra.com\/blog\/tarifas-aneel-adia-reajuste-de-24-no-amapa-em-meio-a-pressao-politica\/#breadcrumb\",\"itemListElement\":[{\"@type\":\"ListItem\",\"position\":1,\"name\":\"In\u00edcio\",\"item\":\"https:\/\/agenciainfra.com\/blog\/\"},{\"@type\":\"ListItem\",\"position\":2,\"name\":\"Tarifas: ANEEL adia reajuste de 24% no Amap\u00e1 em meio a press\u00e3o pol\u00edtica\"}]},{\"@type\":\"WebSite\",\"@id\":\"https:\/\/agenciainfra.com\/blog\/#website\",\"url\":\"https:\/\/agenciainfra.com\/blog\/\",\"name\":\"Ag\u00eancia iNFRA\",\"description\":\"Multiplataforma de informa\u00e7\u00e3o jornal\u00edstica refer\u00eancia na \u00e1rea de infraestrutura no Brasil!\",\"publisher\":{\"@id\":\"https:\/\/agenciainfra.com\/blog\/#organization\"},\"potentialAction\":[{\"@type\":\"SearchAction\",\"target\":{\"@type\":\"EntryPoint\",\"urlTemplate\":\"https:\/\/agenciainfra.com\/blog\/?s={search_term_string}\"},\"query-input\":{\"@type\":\"PropertyValueSpecification\",\"valueRequired\":true,\"valueName\":\"search_term_string\"}}],\"inLanguage\":\"pt-BR\"},{\"@type\":\"Organization\",\"@id\":\"https:\/\/agenciainfra.com\/blog\/#organization\",\"name\":\"Ag\u00eancia iNFRA\",\"url\":\"https:\/\/agenciainfra.com\/blog\/\",\"logo\":{\"@type\":\"ImageObject\",\"inLanguage\":\"pt-BR\",\"@id\":\"https:\/\/agenciainfra.com\/blog\/#\/schema\/logo\/image\/\",\"url\":\"https:\/\/agenciainfra.com\/blog\/wp-content\/uploads\/2023\/09\/iNFRA_5-e1761735885940.png\",\"contentUrl\":\"https:\/\/agenciainfra.com\/blog\/wp-content\/uploads\/2023\/09\/iNFRA_5-e1761735885940.png\",\"width\":1672,\"height\":454,\"caption\":\"Ag\u00eancia iNFRA\"},\"image\":{\"@id\":\"https:\/\/agenciainfra.com\/blog\/#\/schema\/logo\/image\/\"},\"sameAs\":[\"https:\/\/www.facebook.com\/ageninfra\",\"https:\/\/x.com\/agencia_infra\",\"https:\/\/www.linkedin.com\/company\/ag\u00eanciainfra\/\",\"https:\/\/www.instagram.com\/agenciainfra\/\"]},{\"@type\":\"Person\",\"@id\":\"https:\/\/agenciainfra.com\/blog\/#\/schema\/person\/34af08dff6adea4cb22b06612ba7acfa\",\"name\":\"Ag\u00eancia iNFRA\",\"image\":{\"@type\":\"ImageObject\",\"inLanguage\":\"pt-BR\",\"@id\":\"https:\/\/agenciainfra.com\/blog\/#\/schema\/person\/image\/\",\"url\":\"https:\/\/secure.gravatar.com\/avatar\/d189e01678f06d8eb84d4e01f08eb848b3fffe3f8443818d3c356c66892f5be8?s=96&d=mm&r=g\",\"contentUrl\":\"https:\/\/secure.gravatar.com\/avatar\/d189e01678f06d8eb84d4e01f08eb848b3fffe3f8443818d3c356c66892f5be8?s=96&d=mm&r=g\",\"caption\":\"Ag\u00eancia iNFRA\"},\"url\":\"https:\/\/agenciainfra.com\/blog\/author\/admin\/\"}]}<\/script>\n<!-- \/ Yoast SEO Premium plugin. -->","yoast_head_json":{"title":"Tarifas: ANEEL adia reajuste de 24% no Amap\u00e1 em meio a press\u00e3o pol\u00edtica - Ag\u00eancia iNFRA","robots":{"index":"index","follow":"follow","max-snippet":"max-snippet:-1","max-image-preview":"max-image-preview:large","max-video-preview":"max-video-preview:-1"},"canonical":"https:\/\/agenciainfra.com\/blog\/tarifas-aneel-adia-reajuste-de-24-no-amapa-em-meio-a-pressao-politica\/","og_locale":"pt_BR","og_type":"article","og_title":"Tarifas: ANEEL adia reajuste de 24% no Amap\u00e1 em meio a press\u00e3o pol\u00edtica","og_description":"Lais Carregosa e Geraldo Campos Jr., da Ag\u00eancia iNFRA A ANEEL (Ag\u00eancia Nacional de Energia El\u00e9trica) segurou o reajuste tarif\u00e1rio de 24% do Amap\u00e1, pautado para a reuni\u00e3o de ter\u00e7a-feira (9), em meio a uma press\u00e3o pol\u00edtica pela redu\u00e7\u00e3o dos percentuais. O presidente do Congresso Nacional, senador Davi Alcolumbre (Uni\u00e3o-AP), e o l\u00edder do governo, [&hellip;]","og_url":"https:\/\/agenciainfra.com\/blog\/tarifas-aneel-adia-reajuste-de-24-no-amapa-em-meio-a-pressao-politica\/","og_site_name":"Ag\u00eancia iNFRA","article_publisher":"https:\/\/www.facebook.com\/ageninfra","article_published_time":"2025-12-10T12:38:43+00:00","article_modified_time":"2025-12-11T01:00:42+00:00","og_image":[{"width":2560,"height":1707,"url":"https:\/\/agenciainfra.com\/blog\/wp-content\/uploads\/2022\/04\/divulgacao-aneel-scaled.jpeg","type":"image\/jpeg"}],"author":"Ag\u00eancia iNFRA","twitter_card":"summary_large_image","twitter_creator":"@agencia_infra","twitter_site":"@agencia_infra","twitter_misc":{"Escrito por":"Ag\u00eancia iNFRA","Est. tempo de leitura":"3 minutos"},"schema":{"@context":"https:\/\/schema.org","@graph":[{"@type":"Article","@id":"https:\/\/agenciainfra.com\/blog\/tarifas-aneel-adia-reajuste-de-24-no-amapa-em-meio-a-pressao-politica\/#article","isPartOf":{"@id":"https:\/\/agenciainfra.com\/blog\/tarifas-aneel-adia-reajuste-de-24-no-amapa-em-meio-a-pressao-politica\/"},"author":{"name":"Ag\u00eancia iNFRA","@id":"https:\/\/agenciainfra.com\/blog\/#\/schema\/person\/34af08dff6adea4cb22b06612ba7acfa"},"headline":"Tarifas: ANEEL adia reajuste de 24% no Amap\u00e1 em meio a press\u00e3o pol\u00edtica","datePublished":"2025-12-10T12:38:43+00:00","dateModified":"2025-12-11T01:00:42+00:00","mainEntityOfPage":{"@id":"https:\/\/agenciainfra.com\/blog\/tarifas-aneel-adia-reajuste-de-24-no-amapa-em-meio-a-pressao-politica\/"},"wordCount":671,"publisher":{"@id":"https:\/\/agenciainfra.com\/blog\/#organization"},"image":{"@id":"https:\/\/agenciainfra.com\/blog\/tarifas-aneel-adia-reajuste-de-24-no-amapa-em-meio-a-pressao-politica\/#primaryimage"},"thumbnailUrl":"https:\/\/agenciainfra.com\/blog\/wp-content\/uploads\/2022\/04\/divulgacao-aneel-scaled-e1770122374333.jpeg","keywords":["Ag\u00eancia Nacional de Energia El\u00e9trica","ANEEL","Energia no Amap\u00e1","Energisa","Energisa Acre","Energisa Rond\u00f4nia","Geraldo Campos Jr.","GSF","Lais Carregosa","mp 1.300","MP 1.304","Reajuste Tarif\u00e1rio Extraordin\u00e1rio","royalty das hidrel\u00e9tricas","tarifas","tarifas de energia","UBP","Uso do Bem P\u00fablico"],"articleSection":["Destaque lista","iNFRAEnergia"],"inLanguage":"pt-BR","copyrightYear":"2025","copyrightHolder":{"@id":"https:\/\/agenciainfra.com\/blog\/#organization"}},{"@type":"WebPage","@id":"https:\/\/agenciainfra.com\/blog\/tarifas-aneel-adia-reajuste-de-24-no-amapa-em-meio-a-pressao-politica\/","url":"https:\/\/agenciainfra.com\/blog\/tarifas-aneel-adia-reajuste-de-24-no-amapa-em-meio-a-pressao-politica\/","name":"Tarifas: ANEEL adia reajuste de 24% no Amap\u00e1 em meio a press\u00e3o pol\u00edtica - Ag\u00eancia iNFRA","isPartOf":{"@id":"https:\/\/agenciainfra.com\/blog\/#website"},"primaryImageOfPage":{"@id":"https:\/\/agenciainfra.com\/blog\/tarifas-aneel-adia-reajuste-de-24-no-amapa-em-meio-a-pressao-politica\/#primaryimage"},"image":{"@id":"https:\/\/agenciainfra.com\/blog\/tarifas-aneel-adia-reajuste-de-24-no-amapa-em-meio-a-pressao-politica\/#primaryimage"},"thumbnailUrl":"https:\/\/agenciainfra.com\/blog\/wp-content\/uploads\/2022\/04\/divulgacao-aneel-scaled-e1770122374333.jpeg","datePublished":"2025-12-10T12:38:43+00:00","dateModified":"2025-12-11T01:00:42+00:00","breadcrumb":{"@id":"https:\/\/agenciainfra.com\/blog\/tarifas-aneel-adia-reajuste-de-24-no-amapa-em-meio-a-pressao-politica\/#breadcrumb"},"inLanguage":"pt-BR","potentialAction":[{"@type":"ReadAction","target":["https:\/\/agenciainfra.com\/blog\/tarifas-aneel-adia-reajuste-de-24-no-amapa-em-meio-a-pressao-politica\/"]}]},{"@type":"ImageObject","inLanguage":"pt-BR","@id":"https:\/\/agenciainfra.com\/blog\/tarifas-aneel-adia-reajuste-de-24-no-amapa-em-meio-a-pressao-politica\/#primaryimage","url":"https:\/\/agenciainfra.com\/blog\/wp-content\/uploads\/2022\/04\/divulgacao-aneel-scaled-e1770122374333.jpeg","contentUrl":"https:\/\/agenciainfra.com\/blog\/wp-content\/uploads\/2022\/04\/divulgacao-aneel-scaled-e1770122374333.jpeg","width":1280,"height":750,"caption":"Foto: ANEEL"},{"@type":"BreadcrumbList","@id":"https:\/\/agenciainfra.com\/blog\/tarifas-aneel-adia-reajuste-de-24-no-amapa-em-meio-a-pressao-politica\/#breadcrumb","itemListElement":[{"@type":"ListItem","position":1,"name":"In\u00edcio","item":"https:\/\/agenciainfra.com\/blog\/"},{"@type":"ListItem","position":2,"name":"Tarifas: ANEEL adia reajuste de 24% no Amap\u00e1 em meio a press\u00e3o pol\u00edtica"}]},{"@type":"WebSite","@id":"https:\/\/agenciainfra.com\/blog\/#website","url":"https:\/\/agenciainfra.com\/blog\/","name":"Ag\u00eancia iNFRA","description":"Multiplataforma de informa\u00e7\u00e3o jornal\u00edstica refer\u00eancia na \u00e1rea de infraestrutura no Brasil!","publisher":{"@id":"https:\/\/agenciainfra.com\/blog\/#organization"},"potentialAction":[{"@type":"SearchAction","target":{"@type":"EntryPoint","urlTemplate":"https:\/\/agenciainfra.com\/blog\/?s={search_term_string}"},"query-input":{"@type":"PropertyValueSpecification","valueRequired":true,"valueName":"search_term_string"}}],"inLanguage":"pt-BR"},{"@type":"Organization","@id":"https:\/\/agenciainfra.com\/blog\/#organization","name":"Ag\u00eancia iNFRA","url":"https:\/\/agenciainfra.com\/blog\/","logo":{"@type":"ImageObject","inLanguage":"pt-BR","@id":"https:\/\/agenciainfra.com\/blog\/#\/schema\/logo\/image\/","url":"https:\/\/agenciainfra.com\/blog\/wp-content\/uploads\/2023\/09\/iNFRA_5-e1761735885940.png","contentUrl":"https:\/\/agenciainfra.com\/blog\/wp-content\/uploads\/2023\/09\/iNFRA_5-e1761735885940.png","width":1672,"height":454,"caption":"Ag\u00eancia iNFRA"},"image":{"@id":"https:\/\/agenciainfra.com\/blog\/#\/schema\/logo\/image\/"},"sameAs":["https:\/\/www.facebook.com\/ageninfra","https:\/\/x.com\/agencia_infra","https:\/\/www.linkedin.com\/company\/ag\u00eanciainfra\/","https:\/\/www.instagram.com\/agenciainfra\/"]},{"@type":"Person","@id":"https:\/\/agenciainfra.com\/blog\/#\/schema\/person\/34af08dff6adea4cb22b06612ba7acfa","name":"Ag\u00eancia iNFRA","image":{"@type":"ImageObject","inLanguage":"pt-BR","@id":"https:\/\/agenciainfra.com\/blog\/#\/schema\/person\/image\/","url":"https:\/\/secure.gravatar.com\/avatar\/d189e01678f06d8eb84d4e01f08eb848b3fffe3f8443818d3c356c66892f5be8?s=96&d=mm&r=g","contentUrl":"https:\/\/secure.gravatar.com\/avatar\/d189e01678f06d8eb84d4e01f08eb848b3fffe3f8443818d3c356c66892f5be8?s=96&d=mm&r=g","caption":"Ag\u00eancia iNFRA"},"url":"https:\/\/agenciainfra.com\/blog\/author\/admin\/"}]}},"_links":{"self":[{"href":"https:\/\/agenciainfra.com\/blog\/wp-json\/wp\/v2\/posts\/33640","targetHints":{"allow":["GET"]}}],"collection":[{"href":"https:\/\/agenciainfra.com\/blog\/wp-json\/wp\/v2\/posts"}],"about":[{"href":"https:\/\/agenciainfra.com\/blog\/wp-json\/wp\/v2\/types\/post"}],"author":[{"embeddable":true,"href":"https:\/\/agenciainfra.com\/blog\/wp-json\/wp\/v2\/users\/1"}],"replies":[{"embeddable":true,"href":"https:\/\/agenciainfra.com\/blog\/wp-json\/wp\/v2\/comments?post=33640"}],"version-history":[{"count":1,"href":"https:\/\/agenciainfra.com\/blog\/wp-json\/wp\/v2\/posts\/33640\/revisions"}],"predecessor-version":[{"id":33641,"href":"https:\/\/agenciainfra.com\/blog\/wp-json\/wp\/v2\/posts\/33640\/revisions\/33641"}],"wp:featuredmedia":[{"embeddable":true,"href":"https:\/\/agenciainfra.com\/blog\/wp-json\/wp\/v2\/media\/10065"}],"wp:attachment":[{"href":"https:\/\/agenciainfra.com\/blog\/wp-json\/wp\/v2\/media?parent=33640"}],"wp:term":[{"taxonomy":"category","embeddable":true,"href":"https:\/\/agenciainfra.com\/blog\/wp-json\/wp\/v2\/categories?post=33640"},{"taxonomy":"post_tag","embeddable":true,"href":"https:\/\/agenciainfra.com\/blog\/wp-json\/wp\/v2\/tags?post=33640"}],"curies":[{"name":"wp","href":"https:\/\/api.w.org\/{rel}","templated":true}]}}