{"id":33642,"date":"2025-12-10T10:00:15","date_gmt":"2025-12-10T13:00:15","guid":{"rendered":"https:\/\/agenciainfra.com\/blog\/?p=33642"},"modified":"2025-12-11T08:09:09","modified_gmt":"2025-12-11T11:09:09","slug":"renan-filho-diz-que-lula-quer-manter-equipe-de-transportes-em-2026","status":"publish","type":"post","link":"https:\/\/agenciainfra.com\/blog\/renan-filho-diz-que-lula-quer-manter-equipe-de-transportes-em-2026\/","title":{"rendered":"Renan Filho diz que Lula quer manter equipe de Transportes em 2026"},"content":{"rendered":"\n<p class=\"has-text-align-right\"><strong>Mar\u00edlia Sena, da Ag\u00eancia iNFRA<\/strong><\/p>\n\n\n\n<p>O ministro dos Transportes, Renan Filho, confirmou nesta quarta-feira (10), em <a href=\"https:\/\/www.youtube.com\/watch?v=cNQdSXM6-Nw\">entrevista<\/a> ao programa &#8220;Bom Dia, Ministro&#8221;, que disputar\u00e1 o governo de Alagoas em 2026, o que faz com que ele tenha que deixar o cargo at\u00e9 abril. Ele disse que conversou com o presidente Lula sobre a transi\u00e7\u00e3o na pasta e que a tend\u00eancia seria manter a equipe.\u00a0\u00a0<\/p>\n\n\n\n<p>&#8220;Ontem mesmo, antes do lan\u00e7amento da CNH do Brasil, conversei com o presidente Lula (\u2026) combinando tamb\u00e9m a transi\u00e7\u00e3o no Minist\u00e9rio dos Transportes, porque\u00a0o presidente quer\u00a0manter a equipe que est\u00e1 tocando as obras&#8221;, disse Renan ao responder sobre se obras em Alagoas continuariam ap\u00f3s sua sa\u00edda.<\/p>\n\n\n\n<p>&#8220;O presidente n\u00e3o quer mudar times completos. Alguns jogadores v\u00e3o ter que estar dispon\u00edveis para ir jogar em outra equipe. Isso acontece no futebol. Mas o time vai continuar trabalhando no Minist\u00e9rio dos Transportes para continuar&nbsp;garantindo essas entregas.&#8221;<\/p>\n\n\n\n<p>Durante o programa, Renan Filho defendeu as medidas adotadas para baratear o custo da habilita\u00e7\u00e3o e disse que tenta uma sa\u00edda para evitar que, com a derrubada pelo Congresso do veto da Presid\u00eancia \u00e0 lei que obriga a realiza\u00e7\u00e3o de exame toxicol\u00f3gico, quem vai tirar as habilita\u00e7\u00f5es nas categorias A e B tenha que fazer o exame.<\/p>\n","protected":false},"excerpt":{"rendered":"<p>Mar\u00edlia Sena, da Ag\u00eancia iNFRA O ministro dos Transportes, Renan Filho, confirmou nesta quarta-feira (10), em entrevista ao programa &#8220;Bom Dia, Ministro&#8221;, que disputar\u00e1 o governo de Alagoas em 2026, o que faz com que ele tenha que deixar o cargo at\u00e9 abril. Ele disse que conversou com o presidente Lula sobre a transi\u00e7\u00e3o na [&hellip;]<\/p>\n","protected":false},"author":1,"featured_media":33643,"comment_status":"closed","ping_status":"closed","sticky":false,"template":"","format":"standard","meta":{"_monsterinsights_skip_tracking":false,"_monsterinsights_sitenote_active":false,"_monsterinsights_sitenote_note":"","_monsterinsights_sitenote_category":0,"footnotes":""},"categories":[7250,7],"tags":[17411,9381,580,11654,16,6248],"class_list":["post-33642","post","type-post","status-publish","format-standard","has-post-thumbnail","hentry","category-destaque-lista","category-infratransporte","tag-cnh-do-brasil","tag-exame-toxicologico","tag-lula","tag-marilia-sena","tag-ministerio-dos-transportes","tag-renan-filho"],"yoast_head":"<!-- This site is optimized with the Yoast SEO Premium plugin v25.4 (Yoast SEO v26.0) - https:\/\/yoast.com\/wordpress\/plugins\/seo\/ -->\n<title>Renan Filho diz que Lula quer manter equipe de Transportes em 2026 - Ag\u00eancia iNFRA<\/title>\n<meta name=\"robots\" content=\"index, follow, max-snippet:-1, max-image-preview:large, max-video-preview:-1\" \/>\n<link rel=\"canonical\" href=\"https:\/\/agenciainfra.com\/blog\/renan-filho-diz-que-lula-quer-manter-equipe-de-transportes-em-2026\/\" \/>\n<meta property=\"og:locale\" content=\"pt_BR\" \/>\n<meta property=\"og:type\" content=\"article\" \/>\n<meta property=\"og:title\" content=\"Renan Filho diz que Lula quer manter equipe de Transportes em 2026\" \/>\n<meta property=\"og:description\" content=\"Mar\u00edlia Sena, da Ag\u00eancia iNFRA O ministro dos Transportes, Renan Filho, confirmou nesta quarta-feira (10), em entrevista ao programa &#8220;Bom Dia, Ministro&#8221;, que disputar\u00e1 o governo de Alagoas em 2026, o que faz com que ele tenha que deixar o cargo at\u00e9 abril. Ele disse que conversou com o presidente Lula sobre a transi\u00e7\u00e3o na [&hellip;]\" \/>\n<meta property=\"og:url\" content=\"https:\/\/agenciainfra.com\/blog\/renan-filho-diz-que-lula-quer-manter-equipe-de-transportes-em-2026\/\" \/>\n<meta property=\"og:site_name\" content=\"Ag\u00eancia iNFRA\" \/>\n<meta property=\"article:publisher\" content=\"https:\/\/www.facebook.com\/ageninfra\" \/>\n<meta property=\"article:published_time\" content=\"2025-12-10T13:00:15+00:00\" \/>\n<meta property=\"article:modified_time\" content=\"2025-12-11T11:09:09+00:00\" \/>\n<meta property=\"og:image\" content=\"https:\/\/agenciainfra.com\/blog\/wp-content\/uploads\/2025\/12\/lula-e-renan-filho-foto-marcio-ferreira-ministerio-dos-transportes.jpg\" \/>\n\t<meta property=\"og:image:width\" content=\"1280\" \/>\n\t<meta property=\"og:image:height\" content=\"853\" \/>\n\t<meta property=\"og:image:type\" content=\"image\/jpeg\" \/>\n<meta name=\"author\" content=\"Ag\u00eancia iNFRA\" \/>\n<meta name=\"twitter:card\" content=\"summary_large_image\" \/>\n<meta name=\"twitter:creator\" content=\"@agencia_infra\" \/>\n<meta name=\"twitter:site\" content=\"@agencia_infra\" \/>\n<meta name=\"twitter:label1\" content=\"Escrito por\" \/>\n\t<meta name=\"twitter:data1\" content=\"Ag\u00eancia iNFRA\" \/>\n\t<meta name=\"twitter:label2\" content=\"Est. tempo de leitura\" \/>\n\t<meta name=\"twitter:data2\" content=\"1 minuto\" \/>\n<script type=\"application\/ld+json\" class=\"yoast-schema-graph\">{\"@context\":\"https:\/\/schema.org\",\"@graph\":[{\"@type\":\"Article\",\"@id\":\"https:\/\/agenciainfra.com\/blog\/renan-filho-diz-que-lula-quer-manter-equipe-de-transportes-em-2026\/#article\",\"isPartOf\":{\"@id\":\"https:\/\/agenciainfra.com\/blog\/renan-filho-diz-que-lula-quer-manter-equipe-de-transportes-em-2026\/\"},\"author\":{\"name\":\"Ag\u00eancia iNFRA\",\"@id\":\"https:\/\/agenciainfra.com\/blog\/#\/schema\/person\/34af08dff6adea4cb22b06612ba7acfa\"},\"headline\":\"Renan Filho diz que Lula quer manter equipe de Transportes em 2026\",\"datePublished\":\"2025-12-10T13:00:15+00:00\",\"dateModified\":\"2025-12-11T11:09:09+00:00\",\"mainEntityOfPage\":{\"@id\":\"https:\/\/agenciainfra.com\/blog\/renan-filho-diz-que-lula-quer-manter-equipe-de-transportes-em-2026\/\"},\"wordCount\":236,\"publisher\":{\"@id\":\"https:\/\/agenciainfra.com\/blog\/#organization\"},\"image\":{\"@id\":\"https:\/\/agenciainfra.com\/blog\/renan-filho-diz-que-lula-quer-manter-equipe-de-transportes-em-2026\/#primaryimage\"},\"thumbnailUrl\":\"https:\/\/agenciainfra.com\/blog\/wp-content\/uploads\/2025\/12\/lula-e-renan-filho-foto-marcio-ferreira-ministerio-dos-transportes.jpg\",\"keywords\":[\"CNH do Brasil\",\"Exame Toxicol\u00f3gico\",\"Lula\",\"Mar\u00edlia Sena\",\"minist\u00e9rio dos transportes\",\"Renan Filho\"],\"articleSection\":[\"Destaque lista\",\"iNFRATransporte\"],\"inLanguage\":\"pt-BR\",\"copyrightYear\":\"2025\",\"copyrightHolder\":{\"@id\":\"https:\/\/agenciainfra.com\/blog\/#organization\"}},{\"@type\":\"WebPage\",\"@id\":\"https:\/\/agenciainfra.com\/blog\/renan-filho-diz-que-lula-quer-manter-equipe-de-transportes-em-2026\/\",\"url\":\"https:\/\/agenciainfra.com\/blog\/renan-filho-diz-que-lula-quer-manter-equipe-de-transportes-em-2026\/\",\"name\":\"Renan Filho diz que Lula quer manter equipe de Transportes em 2026 - Ag\u00eancia iNFRA\",\"isPartOf\":{\"@id\":\"https:\/\/agenciainfra.com\/blog\/#website\"},\"primaryImageOfPage\":{\"@id\":\"https:\/\/agenciainfra.com\/blog\/renan-filho-diz-que-lula-quer-manter-equipe-de-transportes-em-2026\/#primaryimage\"},\"image\":{\"@id\":\"https:\/\/agenciainfra.com\/blog\/renan-filho-diz-que-lula-quer-manter-equipe-de-transportes-em-2026\/#primaryimage\"},\"thumbnailUrl\":\"https:\/\/agenciainfra.com\/blog\/wp-content\/uploads\/2025\/12\/lula-e-renan-filho-foto-marcio-ferreira-ministerio-dos-transportes.jpg\",\"datePublished\":\"2025-12-10T13:00:15+00:00\",\"dateModified\":\"2025-12-11T11:09:09+00:00\",\"breadcrumb\":{\"@id\":\"https:\/\/agenciainfra.com\/blog\/renan-filho-diz-que-lula-quer-manter-equipe-de-transportes-em-2026\/#breadcrumb\"},\"inLanguage\":\"pt-BR\",\"potentialAction\":[{\"@type\":\"ReadAction\",\"target\":[\"https:\/\/agenciainfra.com\/blog\/renan-filho-diz-que-lula-quer-manter-equipe-de-transportes-em-2026\/\"]}]},{\"@type\":\"ImageObject\",\"inLanguage\":\"pt-BR\",\"@id\":\"https:\/\/agenciainfra.com\/blog\/renan-filho-diz-que-lula-quer-manter-equipe-de-transportes-em-2026\/#primaryimage\",\"url\":\"https:\/\/agenciainfra.com\/blog\/wp-content\/uploads\/2025\/12\/lula-e-renan-filho-foto-marcio-ferreira-ministerio-dos-transportes.jpg\",\"contentUrl\":\"https:\/\/agenciainfra.com\/blog\/wp-content\/uploads\/2025\/12\/lula-e-renan-filho-foto-marcio-ferreira-ministerio-dos-transportes.jpg\",\"width\":1280,\"height\":853,\"caption\":\"Foto: Marcio Ferreira\/Minist\u00e9rio dos Transportes\"},{\"@type\":\"BreadcrumbList\",\"@id\":\"https:\/\/agenciainfra.com\/blog\/renan-filho-diz-que-lula-quer-manter-equipe-de-transportes-em-2026\/#breadcrumb\",\"itemListElement\":[{\"@type\":\"ListItem\",\"position\":1,\"name\":\"In\u00edcio\",\"item\":\"https:\/\/agenciainfra.com\/blog\/\"},{\"@type\":\"ListItem\",\"position\":2,\"name\":\"Renan Filho diz que Lula quer manter equipe de Transportes em 2026\"}]},{\"@type\":\"WebSite\",\"@id\":\"https:\/\/agenciainfra.com\/blog\/#website\",\"url\":\"https:\/\/agenciainfra.com\/blog\/\",\"name\":\"Ag\u00eancia iNFRA\",\"description\":\"Multiplataforma de informa\u00e7\u00e3o jornal\u00edstica refer\u00eancia na \u00e1rea de infraestrutura no Brasil!\",\"publisher\":{\"@id\":\"https:\/\/agenciainfra.com\/blog\/#organization\"},\"potentialAction\":[{\"@type\":\"SearchAction\",\"target\":{\"@type\":\"EntryPoint\",\"urlTemplate\":\"https:\/\/agenciainfra.com\/blog\/?s={search_term_string}\"},\"query-input\":{\"@type\":\"PropertyValueSpecification\",\"valueRequired\":true,\"valueName\":\"search_term_string\"}}],\"inLanguage\":\"pt-BR\"},{\"@type\":\"Organization\",\"@id\":\"https:\/\/agenciainfra.com\/blog\/#organization\",\"name\":\"Ag\u00eancia iNFRA\",\"url\":\"https:\/\/agenciainfra.com\/blog\/\",\"logo\":{\"@type\":\"ImageObject\",\"inLanguage\":\"pt-BR\",\"@id\":\"https:\/\/agenciainfra.com\/blog\/#\/schema\/logo\/image\/\",\"url\":\"https:\/\/agenciainfra.com\/blog\/wp-content\/uploads\/2023\/09\/iNFRA_5-e1761735885940.png\",\"contentUrl\":\"https:\/\/agenciainfra.com\/blog\/wp-content\/uploads\/2023\/09\/iNFRA_5-e1761735885940.png\",\"width\":1672,\"height\":454,\"caption\":\"Ag\u00eancia iNFRA\"},\"image\":{\"@id\":\"https:\/\/agenciainfra.com\/blog\/#\/schema\/logo\/image\/\"},\"sameAs\":[\"https:\/\/www.facebook.com\/ageninfra\",\"https:\/\/x.com\/agencia_infra\",\"https:\/\/www.linkedin.com\/company\/ag\u00eanciainfra\/\",\"https:\/\/www.instagram.com\/agenciainfra\/\"]},{\"@type\":\"Person\",\"@id\":\"https:\/\/agenciainfra.com\/blog\/#\/schema\/person\/34af08dff6adea4cb22b06612ba7acfa\",\"name\":\"Ag\u00eancia iNFRA\",\"image\":{\"@type\":\"ImageObject\",\"inLanguage\":\"pt-BR\",\"@id\":\"https:\/\/agenciainfra.com\/blog\/#\/schema\/person\/image\/\",\"url\":\"https:\/\/secure.gravatar.com\/avatar\/d189e01678f06d8eb84d4e01f08eb848b3fffe3f8443818d3c356c66892f5be8?s=96&d=mm&r=g\",\"contentUrl\":\"https:\/\/secure.gravatar.com\/avatar\/d189e01678f06d8eb84d4e01f08eb848b3fffe3f8443818d3c356c66892f5be8?s=96&d=mm&r=g\",\"caption\":\"Ag\u00eancia iNFRA\"},\"url\":\"https:\/\/agenciainfra.com\/blog\/author\/admin\/\"}]}<\/script>\n<!-- \/ Yoast SEO Premium plugin. -->","yoast_head_json":{"title":"Renan Filho diz que Lula quer manter equipe de Transportes em 2026 - Ag\u00eancia iNFRA","robots":{"index":"index","follow":"follow","max-snippet":"max-snippet:-1","max-image-preview":"max-image-preview:large","max-video-preview":"max-video-preview:-1"},"canonical":"https:\/\/agenciainfra.com\/blog\/renan-filho-diz-que-lula-quer-manter-equipe-de-transportes-em-2026\/","og_locale":"pt_BR","og_type":"article","og_title":"Renan Filho diz que Lula quer manter equipe de Transportes em 2026","og_description":"Mar\u00edlia Sena, da Ag\u00eancia iNFRA O ministro dos Transportes, Renan Filho, confirmou nesta quarta-feira (10), em entrevista ao programa &#8220;Bom Dia, Ministro&#8221;, que disputar\u00e1 o governo de Alagoas em 2026, o que faz com que ele tenha que deixar o cargo at\u00e9 abril. Ele disse que conversou com o presidente Lula sobre a transi\u00e7\u00e3o na [&hellip;]","og_url":"https:\/\/agenciainfra.com\/blog\/renan-filho-diz-que-lula-quer-manter-equipe-de-transportes-em-2026\/","og_site_name":"Ag\u00eancia iNFRA","article_publisher":"https:\/\/www.facebook.com\/ageninfra","article_published_time":"2025-12-10T13:00:15+00:00","article_modified_time":"2025-12-11T11:09:09+00:00","og_image":[{"width":1280,"height":853,"url":"https:\/\/agenciainfra.com\/blog\/wp-content\/uploads\/2025\/12\/lula-e-renan-filho-foto-marcio-ferreira-ministerio-dos-transportes.jpg","type":"image\/jpeg"}],"author":"Ag\u00eancia iNFRA","twitter_card":"summary_large_image","twitter_creator":"@agencia_infra","twitter_site":"@agencia_infra","twitter_misc":{"Escrito por":"Ag\u00eancia iNFRA","Est. tempo de leitura":"1 minuto"},"schema":{"@context":"https:\/\/schema.org","@graph":[{"@type":"Article","@id":"https:\/\/agenciainfra.com\/blog\/renan-filho-diz-que-lula-quer-manter-equipe-de-transportes-em-2026\/#article","isPartOf":{"@id":"https:\/\/agenciainfra.com\/blog\/renan-filho-diz-que-lula-quer-manter-equipe-de-transportes-em-2026\/"},"author":{"name":"Ag\u00eancia iNFRA","@id":"https:\/\/agenciainfra.com\/blog\/#\/schema\/person\/34af08dff6adea4cb22b06612ba7acfa"},"headline":"Renan Filho diz que Lula quer manter equipe de Transportes em 2026","datePublished":"2025-12-10T13:00:15+00:00","dateModified":"2025-12-11T11:09:09+00:00","mainEntityOfPage":{"@id":"https:\/\/agenciainfra.com\/blog\/renan-filho-diz-que-lula-quer-manter-equipe-de-transportes-em-2026\/"},"wordCount":236,"publisher":{"@id":"https:\/\/agenciainfra.com\/blog\/#organization"},"image":{"@id":"https:\/\/agenciainfra.com\/blog\/renan-filho-diz-que-lula-quer-manter-equipe-de-transportes-em-2026\/#primaryimage"},"thumbnailUrl":"https:\/\/agenciainfra.com\/blog\/wp-content\/uploads\/2025\/12\/lula-e-renan-filho-foto-marcio-ferreira-ministerio-dos-transportes.jpg","keywords":["CNH do Brasil","Exame Toxicol\u00f3gico","Lula","Mar\u00edlia Sena","minist\u00e9rio dos transportes","Renan Filho"],"articleSection":["Destaque lista","iNFRATransporte"],"inLanguage":"pt-BR","copyrightYear":"2025","copyrightHolder":{"@id":"https:\/\/agenciainfra.com\/blog\/#organization"}},{"@type":"WebPage","@id":"https:\/\/agenciainfra.com\/blog\/renan-filho-diz-que-lula-quer-manter-equipe-de-transportes-em-2026\/","url":"https:\/\/agenciainfra.com\/blog\/renan-filho-diz-que-lula-quer-manter-equipe-de-transportes-em-2026\/","name":"Renan Filho diz que Lula quer manter equipe de Transportes em 2026 - Ag\u00eancia iNFRA","isPartOf":{"@id":"https:\/\/agenciainfra.com\/blog\/#website"},"primaryImageOfPage":{"@id":"https:\/\/agenciainfra.com\/blog\/renan-filho-diz-que-lula-quer-manter-equipe-de-transportes-em-2026\/#primaryimage"},"image":{"@id":"https:\/\/agenciainfra.com\/blog\/renan-filho-diz-que-lula-quer-manter-equipe-de-transportes-em-2026\/#primaryimage"},"thumbnailUrl":"https:\/\/agenciainfra.com\/blog\/wp-content\/uploads\/2025\/12\/lula-e-renan-filho-foto-marcio-ferreira-ministerio-dos-transportes.jpg","datePublished":"2025-12-10T13:00:15+00:00","dateModified":"2025-12-11T11:09:09+00:00","breadcrumb":{"@id":"https:\/\/agenciainfra.com\/blog\/renan-filho-diz-que-lula-quer-manter-equipe-de-transportes-em-2026\/#breadcrumb"},"inLanguage":"pt-BR","potentialAction":[{"@type":"ReadAction","target":["https:\/\/agenciainfra.com\/blog\/renan-filho-diz-que-lula-quer-manter-equipe-de-transportes-em-2026\/"]}]},{"@type":"ImageObject","inLanguage":"pt-BR","@id":"https:\/\/agenciainfra.com\/blog\/renan-filho-diz-que-lula-quer-manter-equipe-de-transportes-em-2026\/#primaryimage","url":"https:\/\/agenciainfra.com\/blog\/wp-content\/uploads\/2025\/12\/lula-e-renan-filho-foto-marcio-ferreira-ministerio-dos-transportes.jpg","contentUrl":"https:\/\/agenciainfra.com\/blog\/wp-content\/uploads\/2025\/12\/lula-e-renan-filho-foto-marcio-ferreira-ministerio-dos-transportes.jpg","width":1280,"height":853,"caption":"Foto: Marcio Ferreira\/Minist\u00e9rio dos Transportes"},{"@type":"BreadcrumbList","@id":"https:\/\/agenciainfra.com\/blog\/renan-filho-diz-que-lula-quer-manter-equipe-de-transportes-em-2026\/#breadcrumb","itemListElement":[{"@type":"ListItem","position":1,"name":"In\u00edcio","item":"https:\/\/agenciainfra.com\/blog\/"},{"@type":"ListItem","position":2,"name":"Renan Filho diz que Lula quer manter equipe de Transportes em 2026"}]},{"@type":"WebSite","@id":"https:\/\/agenciainfra.com\/blog\/#website","url":"https:\/\/agenciainfra.com\/blog\/","name":"Ag\u00eancia iNFRA","description":"Multiplataforma de informa\u00e7\u00e3o jornal\u00edstica refer\u00eancia na \u00e1rea de infraestrutura no Brasil!","publisher":{"@id":"https:\/\/agenciainfra.com\/blog\/#organization"},"potentialAction":[{"@type":"SearchAction","target":{"@type":"EntryPoint","urlTemplate":"https:\/\/agenciainfra.com\/blog\/?s={search_term_string}"},"query-input":{"@type":"PropertyValueSpecification","valueRequired":true,"valueName":"search_term_string"}}],"inLanguage":"pt-BR"},{"@type":"Organization","@id":"https:\/\/agenciainfra.com\/blog\/#organization","name":"Ag\u00eancia iNFRA","url":"https:\/\/agenciainfra.com\/blog\/","logo":{"@type":"ImageObject","inLanguage":"pt-BR","@id":"https:\/\/agenciainfra.com\/blog\/#\/schema\/logo\/image\/","url":"https:\/\/agenciainfra.com\/blog\/wp-content\/uploads\/2023\/09\/iNFRA_5-e1761735885940.png","contentUrl":"https:\/\/agenciainfra.com\/blog\/wp-content\/uploads\/2023\/09\/iNFRA_5-e1761735885940.png","width":1672,"height":454,"caption":"Ag\u00eancia iNFRA"},"image":{"@id":"https:\/\/agenciainfra.com\/blog\/#\/schema\/logo\/image\/"},"sameAs":["https:\/\/www.facebook.com\/ageninfra","https:\/\/x.com\/agencia_infra","https:\/\/www.linkedin.com\/company\/ag\u00eanciainfra\/","https:\/\/www.instagram.com\/agenciainfra\/"]},{"@type":"Person","@id":"https:\/\/agenciainfra.com\/blog\/#\/schema\/person\/34af08dff6adea4cb22b06612ba7acfa","name":"Ag\u00eancia iNFRA","image":{"@type":"ImageObject","inLanguage":"pt-BR","@id":"https:\/\/agenciainfra.com\/blog\/#\/schema\/person\/image\/","url":"https:\/\/secure.gravatar.com\/avatar\/d189e01678f06d8eb84d4e01f08eb848b3fffe3f8443818d3c356c66892f5be8?s=96&d=mm&r=g","contentUrl":"https:\/\/secure.gravatar.com\/avatar\/d189e01678f06d8eb84d4e01f08eb848b3fffe3f8443818d3c356c66892f5be8?s=96&d=mm&r=g","caption":"Ag\u00eancia iNFRA"},"url":"https:\/\/agenciainfra.com\/blog\/author\/admin\/"}]}},"_links":{"self":[{"href":"https:\/\/agenciainfra.com\/blog\/wp-json\/wp\/v2\/posts\/33642","targetHints":{"allow":["GET"]}}],"collection":[{"href":"https:\/\/agenciainfra.com\/blog\/wp-json\/wp\/v2\/posts"}],"about":[{"href":"https:\/\/agenciainfra.com\/blog\/wp-json\/wp\/v2\/types\/post"}],"author":[{"embeddable":true,"href":"https:\/\/agenciainfra.com\/blog\/wp-json\/wp\/v2\/users\/1"}],"replies":[{"embeddable":true,"href":"https:\/\/agenciainfra.com\/blog\/wp-json\/wp\/v2\/comments?post=33642"}],"version-history":[{"count":1,"href":"https:\/\/agenciainfra.com\/blog\/wp-json\/wp\/v2\/posts\/33642\/revisions"}],"predecessor-version":[{"id":33644,"href":"https:\/\/agenciainfra.com\/blog\/wp-json\/wp\/v2\/posts\/33642\/revisions\/33644"}],"wp:featuredmedia":[{"embeddable":true,"href":"https:\/\/agenciainfra.com\/blog\/wp-json\/wp\/v2\/media\/33643"}],"wp:attachment":[{"href":"https:\/\/agenciainfra.com\/blog\/wp-json\/wp\/v2\/media?parent=33642"}],"wp:term":[{"taxonomy":"category","embeddable":true,"href":"https:\/\/agenciainfra.com\/blog\/wp-json\/wp\/v2\/categories?post=33642"},{"taxonomy":"post_tag","embeddable":true,"href":"https:\/\/agenciainfra.com\/blog\/wp-json\/wp\/v2\/tags?post=33642"}],"curies":[{"name":"wp","href":"https:\/\/api.w.org\/{rel}","templated":true}]}}