{"id":33686,"date":"2025-12-10T16:48:36","date_gmt":"2025-12-10T19:48:36","guid":{"rendered":"https:\/\/agenciainfra.com\/blog\/?p=33686"},"modified":"2026-02-13T17:28:28","modified_gmt":"2026-02-13T20:28:28","slug":"caixa-preve-levar-52-projetos-de-ppp-a-leilao-em-2026","status":"publish","type":"post","link":"https:\/\/agenciainfra.com\/blog\/caixa-preve-levar-52-projetos-de-ppp-a-leilao-em-2026\/","title":{"rendered":"Caixa prev\u00ea levar 52 projetos de PPP a leil\u00e3o em 2026"},"content":{"rendered":"\n<p class=\"has-text-align-right\"><strong>Mar\u00edlia Sena, da Ag\u00eancia iNFRA<\/strong><\/p>\n\n\n\n<p>A Caixa Econ\u00f4mica pretende assinar 23 novos contratos de estrutura\u00e7\u00e3o de PPPs (Parcerias P\u00fablico-Privadas) ainda neste ano. Segundo o vice-presidente do banco, Marcus Carvalho, j\u00e1 foi realizada a reuni\u00e3o inicial com os entes municipais para avalia\u00e7\u00e3o t\u00e9cnica dos projetos. As PPPs em fase mais adiantada s\u00e3o, principalmente, de ilumina\u00e7\u00e3o p\u00fablica e educa\u00e7\u00e3o infantil, \u00e1reas que concentram a maior demanda das prefeituras. De acordo com Carvalho, 29 contratos j\u00e1 foram assinados ao longo de 2025, ampliando o portf\u00f3lio de projetos apoiados pela institui\u00e7\u00e3o.<\/p>\n\n\n\n<p>A expectativa do banco estatal \u00e9 de que os 52 editais possam ser levados a leil\u00e3o em 2026, no \u00e2mbito do programa de apoio t\u00e9cnico oferecido aos munic\u00edpios para a modelagem de concess\u00f5es e PPPs.<\/p>\n\n\n\n<p>Os n\u00fameros foram divulgados nesta ter\u00e7a-feira (9), durante a cerim\u00f4nia do Pr\u00eamio Caixa PPP 2025, realizada em Bras\u00edlia. O evento reconheceu projetos de PPPs e concess\u00f5es que geraram impacto positivo para a sociedade, al\u00e9m de destacar gestores p\u00fablicos, equipes t\u00e9cnicas e institui\u00e7\u00f5es que contribu\u00edram para o avan\u00e7o do setor de infraestrutura. Carvalho ressaltou que o pr\u00eamio busca refor\u00e7ar a cultura de boas pr\u00e1ticas, inova\u00e7\u00e3o e sustentabilidade na implementa\u00e7\u00e3o de parcerias no pa\u00eds.<\/p>\n\n\n\n<p>\u201cPa\u00edses crescem quando unem inova\u00e7\u00e3o, boa governan\u00e7a entre todos os seus atores e os incentivos corretos. E \u00e9 exatamente isso que uma PPP bem estruturada faz: define metas claras, alinha interesses, usa tecnologia, distribui risco e entrega valor para o p\u00fablico. Ci\u00eancia e pr\u00e1tica chegam \u00e0 mesma conclus\u00e3o: quando o p\u00fablico e o privado trabalham juntos, quem ganha \u00e9 a sociedade\u201d, afirmou Carvalho.<\/p>\n\n\n\n<p>A premia\u00e7\u00e3o aos projetos apoiados pela Caixa \u00e9 fruto da Portaria 808\/2023, do Minist\u00e9rio da Fazenda, conhecida como \u201cportaria Ceron\u201d, em refer\u00eancia ao secret\u00e1rio do Tesouro Nacional, Rog\u00e9rio Ceron. Segundo ele, o intuito da portaria n\u00e3o foi criar uma marca, mas estabelecer algo que pudesse ser estrutural. Ele destacou ainda que um dos pontos que mais avan\u00e7am dentro do programa \u00e9 a capacita\u00e7\u00e3o de recursos humanos e que h\u00e1 necessidade de ampliar essa frente.<\/p>\n\n\n\n<p>\u201cN\u00e3o s\u00f3 de recursos humanos \u2013 e eu concordo com a quest\u00e3o da capacidade t\u00e9cnica \u2013, mas de criar capacidade institucional para, de fato, podermos escalar as PPPs e as concess\u00f5es em todo o pa\u00eds\u201d, defendeu.<\/p>\n\n\n\n<p>Para Ceron, os investimentos nos programas de PPPs permitir\u00e3o que, em cinco ou dez anos, a quantidade de servidores capacitados seja \u201ctransformadora\u201d. \u201cImagina quantos gestores teremos capacitado; quanto isso vai ser transformador; quantas ideias e quantos projetos novos v\u00e3o surgir a partir da\u00ed. Ent\u00e3o, eu acho que \u00e9 um caminho estrutural. Acho que ele n\u00e3o tem uma marca ou uma bandeira, porque \u00e9 uma pol\u00edtica de Estado, para que permane\u00e7a\u201d, completou.<\/p>\n\n\n\n<p>O Pr\u00eamio Caixa PPP 2025 conta com quatro categorias principais \u2013 Projeto de Destaque Socioambiental, Ente P\u00fablico de Destaque em Iniciativas de PPP, Lideran\u00e7a Feminina de Destaque no Setor e Melhor Iniciativa em Capacita\u00e7\u00e3o \u2013, al\u00e9m de premia\u00e7\u00f5es regionais que reconhecem iniciativas de impacto em cada \u00e1rea do pa\u00eds. Segundo o vice-presidente da Caixa, a edi\u00e7\u00e3o deste ano recebeu 89 projetos inscritos, refletindo o interesse crescente de estados e munic\u00edpios em desenvolver e aprimorar modelos de PPPs.<\/p>\n","protected":false},"excerpt":{"rendered":"<p>Mar\u00edlia Sena, da Ag\u00eancia iNFRA A Caixa Econ\u00f4mica pretende assinar 23 novos contratos de estrutura\u00e7\u00e3o de PPPs (Parcerias P\u00fablico-Privadas) ainda neste ano. Segundo o vice-presidente do banco, Marcus Carvalho, j\u00e1 foi realizada a reuni\u00e3o inicial com os entes municipais para avalia\u00e7\u00e3o t\u00e9cnica dos projetos. As PPPs em fase mais adiantada s\u00e3o, principalmente, de ilumina\u00e7\u00e3o p\u00fablica [&hellip;]<\/p>\n","protected":false},"author":1,"featured_media":29566,"comment_status":"closed","ping_status":"closed","sticky":false,"template":"","format":"standard","meta":{"_monsterinsights_skip_tracking":false,"_monsterinsights_sitenote_active":false,"_monsterinsights_sitenote_note":"","_monsterinsights_sitenote_category":0,"footnotes":""},"categories":[18468],"tags":[5611,1967,13882,16005,6586],"class_list":["post-33686","post","type-post","status-publish","format-standard","has-post-thumbnail","hentry","category-infra-cidades","tag-educacao","tag-iluminacao-publica","tag-ppp-parceria-publico-privada","tag-premio-caixa-ppp","tag-rogerio-ceron"],"yoast_head":"<!-- This site is optimized with the Yoast SEO Premium plugin v25.4 (Yoast SEO v26.0) - https:\/\/yoast.com\/wordpress\/plugins\/seo\/ -->\n<title>Caixa prev\u00ea levar 52 projetos de PPP a leil\u00e3o em 2026 - Ag\u00eancia iNFRA<\/title>\n<meta name=\"robots\" content=\"index, follow, max-snippet:-1, max-image-preview:large, max-video-preview:-1\" \/>\n<link rel=\"canonical\" href=\"https:\/\/agenciainfra.com\/blog\/caixa-preve-levar-52-projetos-de-ppp-a-leilao-em-2026\/\" \/>\n<meta property=\"og:locale\" content=\"pt_BR\" \/>\n<meta property=\"og:type\" content=\"article\" \/>\n<meta property=\"og:title\" content=\"Caixa prev\u00ea levar 52 projetos de PPP a leil\u00e3o em 2026\" \/>\n<meta property=\"og:description\" content=\"Mar\u00edlia Sena, da Ag\u00eancia iNFRA A Caixa Econ\u00f4mica pretende assinar 23 novos contratos de estrutura\u00e7\u00e3o de PPPs (Parcerias P\u00fablico-Privadas) ainda neste ano. Segundo o vice-presidente do banco, Marcus Carvalho, j\u00e1 foi realizada a reuni\u00e3o inicial com os entes municipais para avalia\u00e7\u00e3o t\u00e9cnica dos projetos. As PPPs em fase mais adiantada s\u00e3o, principalmente, de ilumina\u00e7\u00e3o p\u00fablica [&hellip;]\" \/>\n<meta property=\"og:url\" content=\"https:\/\/agenciainfra.com\/blog\/caixa-preve-levar-52-projetos-de-ppp-a-leilao-em-2026\/\" \/>\n<meta property=\"og:site_name\" content=\"Ag\u00eancia iNFRA\" \/>\n<meta property=\"article:publisher\" content=\"https:\/\/www.facebook.com\/ageninfra\" \/>\n<meta property=\"article:published_time\" content=\"2025-12-10T19:48:36+00:00\" \/>\n<meta property=\"article:modified_time\" content=\"2026-02-13T20:28:28+00:00\" \/>\n<meta property=\"og:image\" content=\"https:\/\/agenciainfra.com\/blog\/wp-content\/uploads\/2025\/10\/caixa-economica-federal-foto-marcelo-camargo-agencia-brasil.jpg\" \/>\n\t<meta property=\"og:image:width\" content=\"1280\" \/>\n\t<meta property=\"og:image:height\" content=\"853\" \/>\n\t<meta property=\"og:image:type\" content=\"image\/jpeg\" \/>\n<meta name=\"author\" content=\"Ag\u00eancia iNFRA\" \/>\n<meta name=\"twitter:card\" content=\"summary_large_image\" \/>\n<meta name=\"twitter:creator\" content=\"@agencia_infra\" \/>\n<meta name=\"twitter:site\" content=\"@agencia_infra\" \/>\n<meta name=\"twitter:label1\" content=\"Escrito por\" \/>\n\t<meta name=\"twitter:data1\" content=\"Ag\u00eancia iNFRA\" \/>\n\t<meta name=\"twitter:label2\" content=\"Est. tempo de leitura\" \/>\n\t<meta name=\"twitter:data2\" content=\"3 minutos\" \/>\n<script type=\"application\/ld+json\" class=\"yoast-schema-graph\">{\"@context\":\"https:\/\/schema.org\",\"@graph\":[{\"@type\":\"Article\",\"@id\":\"https:\/\/agenciainfra.com\/blog\/caixa-preve-levar-52-projetos-de-ppp-a-leilao-em-2026\/#article\",\"isPartOf\":{\"@id\":\"https:\/\/agenciainfra.com\/blog\/caixa-preve-levar-52-projetos-de-ppp-a-leilao-em-2026\/\"},\"author\":{\"name\":\"Ag\u00eancia iNFRA\",\"@id\":\"https:\/\/agenciainfra.com\/blog\/#\/schema\/person\/34af08dff6adea4cb22b06612ba7acfa\"},\"headline\":\"Caixa prev\u00ea levar 52 projetos de PPP a leil\u00e3o em 2026\",\"datePublished\":\"2025-12-10T19:48:36+00:00\",\"dateModified\":\"2026-02-13T20:28:28+00:00\",\"mainEntityOfPage\":{\"@id\":\"https:\/\/agenciainfra.com\/blog\/caixa-preve-levar-52-projetos-de-ppp-a-leilao-em-2026\/\"},\"wordCount\":575,\"publisher\":{\"@id\":\"https:\/\/agenciainfra.com\/blog\/#organization\"},\"image\":{\"@id\":\"https:\/\/agenciainfra.com\/blog\/caixa-preve-levar-52-projetos-de-ppp-a-leilao-em-2026\/#primaryimage\"},\"thumbnailUrl\":\"https:\/\/agenciainfra.com\/blog\/wp-content\/uploads\/2025\/10\/caixa-economica-federal-foto-marcelo-camargo-agencia-brasil.jpg\",\"keywords\":[\"educa\u00e7\u00e3o\",\"ilumina\u00e7\u00e3o p\u00fablica\",\"PPP (Parceria P\u00fablico-Privada)\",\"Pr\u00eamio Caixa PPP\",\"Rog\u00e9rio Ceron\"],\"articleSection\":[\"iNFRACidades\"],\"inLanguage\":\"pt-BR\",\"copyrightYear\":\"2025\",\"copyrightHolder\":{\"@id\":\"https:\/\/agenciainfra.com\/blog\/#organization\"}},{\"@type\":\"WebPage\",\"@id\":\"https:\/\/agenciainfra.com\/blog\/caixa-preve-levar-52-projetos-de-ppp-a-leilao-em-2026\/\",\"url\":\"https:\/\/agenciainfra.com\/blog\/caixa-preve-levar-52-projetos-de-ppp-a-leilao-em-2026\/\",\"name\":\"Caixa prev\u00ea levar 52 projetos de PPP a leil\u00e3o em 2026 - Ag\u00eancia iNFRA\",\"isPartOf\":{\"@id\":\"https:\/\/agenciainfra.com\/blog\/#website\"},\"primaryImageOfPage\":{\"@id\":\"https:\/\/agenciainfra.com\/blog\/caixa-preve-levar-52-projetos-de-ppp-a-leilao-em-2026\/#primaryimage\"},\"image\":{\"@id\":\"https:\/\/agenciainfra.com\/blog\/caixa-preve-levar-52-projetos-de-ppp-a-leilao-em-2026\/#primaryimage\"},\"thumbnailUrl\":\"https:\/\/agenciainfra.com\/blog\/wp-content\/uploads\/2025\/10\/caixa-economica-federal-foto-marcelo-camargo-agencia-brasil.jpg\",\"datePublished\":\"2025-12-10T19:48:36+00:00\",\"dateModified\":\"2026-02-13T20:28:28+00:00\",\"breadcrumb\":{\"@id\":\"https:\/\/agenciainfra.com\/blog\/caixa-preve-levar-52-projetos-de-ppp-a-leilao-em-2026\/#breadcrumb\"},\"inLanguage\":\"pt-BR\",\"potentialAction\":[{\"@type\":\"ReadAction\",\"target\":[\"https:\/\/agenciainfra.com\/blog\/caixa-preve-levar-52-projetos-de-ppp-a-leilao-em-2026\/\"]}]},{\"@type\":\"ImageObject\",\"inLanguage\":\"pt-BR\",\"@id\":\"https:\/\/agenciainfra.com\/blog\/caixa-preve-levar-52-projetos-de-ppp-a-leilao-em-2026\/#primaryimage\",\"url\":\"https:\/\/agenciainfra.com\/blog\/wp-content\/uploads\/2025\/10\/caixa-economica-federal-foto-marcelo-camargo-agencia-brasil.jpg\",\"contentUrl\":\"https:\/\/agenciainfra.com\/blog\/wp-content\/uploads\/2025\/10\/caixa-economica-federal-foto-marcelo-camargo-agencia-brasil.jpg\",\"width\":1280,\"height\":853,\"caption\":\"Foto: Marcelo Camargo\/Ag\u00eancia Brasil\"},{\"@type\":\"BreadcrumbList\",\"@id\":\"https:\/\/agenciainfra.com\/blog\/caixa-preve-levar-52-projetos-de-ppp-a-leilao-em-2026\/#breadcrumb\",\"itemListElement\":[{\"@type\":\"ListItem\",\"position\":1,\"name\":\"In\u00edcio\",\"item\":\"https:\/\/agenciainfra.com\/blog\/\"},{\"@type\":\"ListItem\",\"position\":2,\"name\":\"Caixa prev\u00ea levar 52 projetos de PPP a leil\u00e3o em 2026\"}]},{\"@type\":\"WebSite\",\"@id\":\"https:\/\/agenciainfra.com\/blog\/#website\",\"url\":\"https:\/\/agenciainfra.com\/blog\/\",\"name\":\"Ag\u00eancia iNFRA\",\"description\":\"Multiplataforma de informa\u00e7\u00e3o jornal\u00edstica refer\u00eancia na \u00e1rea de infraestrutura no Brasil!\",\"publisher\":{\"@id\":\"https:\/\/agenciainfra.com\/blog\/#organization\"},\"potentialAction\":[{\"@type\":\"SearchAction\",\"target\":{\"@type\":\"EntryPoint\",\"urlTemplate\":\"https:\/\/agenciainfra.com\/blog\/?s={search_term_string}\"},\"query-input\":{\"@type\":\"PropertyValueSpecification\",\"valueRequired\":true,\"valueName\":\"search_term_string\"}}],\"inLanguage\":\"pt-BR\"},{\"@type\":\"Organization\",\"@id\":\"https:\/\/agenciainfra.com\/blog\/#organization\",\"name\":\"Ag\u00eancia iNFRA\",\"url\":\"https:\/\/agenciainfra.com\/blog\/\",\"logo\":{\"@type\":\"ImageObject\",\"inLanguage\":\"pt-BR\",\"@id\":\"https:\/\/agenciainfra.com\/blog\/#\/schema\/logo\/image\/\",\"url\":\"https:\/\/agenciainfra.com\/blog\/wp-content\/uploads\/2023\/09\/iNFRA_5-e1761735885940.png\",\"contentUrl\":\"https:\/\/agenciainfra.com\/blog\/wp-content\/uploads\/2023\/09\/iNFRA_5-e1761735885940.png\",\"width\":1672,\"height\":454,\"caption\":\"Ag\u00eancia iNFRA\"},\"image\":{\"@id\":\"https:\/\/agenciainfra.com\/blog\/#\/schema\/logo\/image\/\"},\"sameAs\":[\"https:\/\/www.facebook.com\/ageninfra\",\"https:\/\/x.com\/agencia_infra\",\"https:\/\/www.linkedin.com\/company\/ag\u00eanciainfra\/\",\"https:\/\/www.instagram.com\/agenciainfra\/\"]},{\"@type\":\"Person\",\"@id\":\"https:\/\/agenciainfra.com\/blog\/#\/schema\/person\/34af08dff6adea4cb22b06612ba7acfa\",\"name\":\"Ag\u00eancia iNFRA\",\"image\":{\"@type\":\"ImageObject\",\"inLanguage\":\"pt-BR\",\"@id\":\"https:\/\/agenciainfra.com\/blog\/#\/schema\/person\/image\/\",\"url\":\"https:\/\/secure.gravatar.com\/avatar\/d189e01678f06d8eb84d4e01f08eb848b3fffe3f8443818d3c356c66892f5be8?s=96&d=mm&r=g\",\"contentUrl\":\"https:\/\/secure.gravatar.com\/avatar\/d189e01678f06d8eb84d4e01f08eb848b3fffe3f8443818d3c356c66892f5be8?s=96&d=mm&r=g\",\"caption\":\"Ag\u00eancia iNFRA\"},\"url\":\"https:\/\/agenciainfra.com\/blog\/author\/admin\/\"}]}<\/script>\n<!-- \/ Yoast SEO Premium plugin. -->","yoast_head_json":{"title":"Caixa prev\u00ea levar 52 projetos de PPP a leil\u00e3o em 2026 - Ag\u00eancia iNFRA","robots":{"index":"index","follow":"follow","max-snippet":"max-snippet:-1","max-image-preview":"max-image-preview:large","max-video-preview":"max-video-preview:-1"},"canonical":"https:\/\/agenciainfra.com\/blog\/caixa-preve-levar-52-projetos-de-ppp-a-leilao-em-2026\/","og_locale":"pt_BR","og_type":"article","og_title":"Caixa prev\u00ea levar 52 projetos de PPP a leil\u00e3o em 2026","og_description":"Mar\u00edlia Sena, da Ag\u00eancia iNFRA A Caixa Econ\u00f4mica pretende assinar 23 novos contratos de estrutura\u00e7\u00e3o de PPPs (Parcerias P\u00fablico-Privadas) ainda neste ano. Segundo o vice-presidente do banco, Marcus Carvalho, j\u00e1 foi realizada a reuni\u00e3o inicial com os entes municipais para avalia\u00e7\u00e3o t\u00e9cnica dos projetos. As PPPs em fase mais adiantada s\u00e3o, principalmente, de ilumina\u00e7\u00e3o p\u00fablica [&hellip;]","og_url":"https:\/\/agenciainfra.com\/blog\/caixa-preve-levar-52-projetos-de-ppp-a-leilao-em-2026\/","og_site_name":"Ag\u00eancia iNFRA","article_publisher":"https:\/\/www.facebook.com\/ageninfra","article_published_time":"2025-12-10T19:48:36+00:00","article_modified_time":"2026-02-13T20:28:28+00:00","og_image":[{"width":1280,"height":853,"url":"https:\/\/agenciainfra.com\/blog\/wp-content\/uploads\/2025\/10\/caixa-economica-federal-foto-marcelo-camargo-agencia-brasil.jpg","type":"image\/jpeg"}],"author":"Ag\u00eancia iNFRA","twitter_card":"summary_large_image","twitter_creator":"@agencia_infra","twitter_site":"@agencia_infra","twitter_misc":{"Escrito por":"Ag\u00eancia iNFRA","Est. tempo de leitura":"3 minutos"},"schema":{"@context":"https:\/\/schema.org","@graph":[{"@type":"Article","@id":"https:\/\/agenciainfra.com\/blog\/caixa-preve-levar-52-projetos-de-ppp-a-leilao-em-2026\/#article","isPartOf":{"@id":"https:\/\/agenciainfra.com\/blog\/caixa-preve-levar-52-projetos-de-ppp-a-leilao-em-2026\/"},"author":{"name":"Ag\u00eancia iNFRA","@id":"https:\/\/agenciainfra.com\/blog\/#\/schema\/person\/34af08dff6adea4cb22b06612ba7acfa"},"headline":"Caixa prev\u00ea levar 52 projetos de PPP a leil\u00e3o em 2026","datePublished":"2025-12-10T19:48:36+00:00","dateModified":"2026-02-13T20:28:28+00:00","mainEntityOfPage":{"@id":"https:\/\/agenciainfra.com\/blog\/caixa-preve-levar-52-projetos-de-ppp-a-leilao-em-2026\/"},"wordCount":575,"publisher":{"@id":"https:\/\/agenciainfra.com\/blog\/#organization"},"image":{"@id":"https:\/\/agenciainfra.com\/blog\/caixa-preve-levar-52-projetos-de-ppp-a-leilao-em-2026\/#primaryimage"},"thumbnailUrl":"https:\/\/agenciainfra.com\/blog\/wp-content\/uploads\/2025\/10\/caixa-economica-federal-foto-marcelo-camargo-agencia-brasil.jpg","keywords":["educa\u00e7\u00e3o","ilumina\u00e7\u00e3o p\u00fablica","PPP (Parceria P\u00fablico-Privada)","Pr\u00eamio Caixa PPP","Rog\u00e9rio Ceron"],"articleSection":["iNFRACidades"],"inLanguage":"pt-BR","copyrightYear":"2025","copyrightHolder":{"@id":"https:\/\/agenciainfra.com\/blog\/#organization"}},{"@type":"WebPage","@id":"https:\/\/agenciainfra.com\/blog\/caixa-preve-levar-52-projetos-de-ppp-a-leilao-em-2026\/","url":"https:\/\/agenciainfra.com\/blog\/caixa-preve-levar-52-projetos-de-ppp-a-leilao-em-2026\/","name":"Caixa prev\u00ea levar 52 projetos de PPP a leil\u00e3o em 2026 - Ag\u00eancia iNFRA","isPartOf":{"@id":"https:\/\/agenciainfra.com\/blog\/#website"},"primaryImageOfPage":{"@id":"https:\/\/agenciainfra.com\/blog\/caixa-preve-levar-52-projetos-de-ppp-a-leilao-em-2026\/#primaryimage"},"image":{"@id":"https:\/\/agenciainfra.com\/blog\/caixa-preve-levar-52-projetos-de-ppp-a-leilao-em-2026\/#primaryimage"},"thumbnailUrl":"https:\/\/agenciainfra.com\/blog\/wp-content\/uploads\/2025\/10\/caixa-economica-federal-foto-marcelo-camargo-agencia-brasil.jpg","datePublished":"2025-12-10T19:48:36+00:00","dateModified":"2026-02-13T20:28:28+00:00","breadcrumb":{"@id":"https:\/\/agenciainfra.com\/blog\/caixa-preve-levar-52-projetos-de-ppp-a-leilao-em-2026\/#breadcrumb"},"inLanguage":"pt-BR","potentialAction":[{"@type":"ReadAction","target":["https:\/\/agenciainfra.com\/blog\/caixa-preve-levar-52-projetos-de-ppp-a-leilao-em-2026\/"]}]},{"@type":"ImageObject","inLanguage":"pt-BR","@id":"https:\/\/agenciainfra.com\/blog\/caixa-preve-levar-52-projetos-de-ppp-a-leilao-em-2026\/#primaryimage","url":"https:\/\/agenciainfra.com\/blog\/wp-content\/uploads\/2025\/10\/caixa-economica-federal-foto-marcelo-camargo-agencia-brasil.jpg","contentUrl":"https:\/\/agenciainfra.com\/blog\/wp-content\/uploads\/2025\/10\/caixa-economica-federal-foto-marcelo-camargo-agencia-brasil.jpg","width":1280,"height":853,"caption":"Foto: Marcelo Camargo\/Ag\u00eancia Brasil"},{"@type":"BreadcrumbList","@id":"https:\/\/agenciainfra.com\/blog\/caixa-preve-levar-52-projetos-de-ppp-a-leilao-em-2026\/#breadcrumb","itemListElement":[{"@type":"ListItem","position":1,"name":"In\u00edcio","item":"https:\/\/agenciainfra.com\/blog\/"},{"@type":"ListItem","position":2,"name":"Caixa prev\u00ea levar 52 projetos de PPP a leil\u00e3o em 2026"}]},{"@type":"WebSite","@id":"https:\/\/agenciainfra.com\/blog\/#website","url":"https:\/\/agenciainfra.com\/blog\/","name":"Ag\u00eancia iNFRA","description":"Multiplataforma de informa\u00e7\u00e3o jornal\u00edstica refer\u00eancia na \u00e1rea de infraestrutura no Brasil!","publisher":{"@id":"https:\/\/agenciainfra.com\/blog\/#organization"},"potentialAction":[{"@type":"SearchAction","target":{"@type":"EntryPoint","urlTemplate":"https:\/\/agenciainfra.com\/blog\/?s={search_term_string}"},"query-input":{"@type":"PropertyValueSpecification","valueRequired":true,"valueName":"search_term_string"}}],"inLanguage":"pt-BR"},{"@type":"Organization","@id":"https:\/\/agenciainfra.com\/blog\/#organization","name":"Ag\u00eancia iNFRA","url":"https:\/\/agenciainfra.com\/blog\/","logo":{"@type":"ImageObject","inLanguage":"pt-BR","@id":"https:\/\/agenciainfra.com\/blog\/#\/schema\/logo\/image\/","url":"https:\/\/agenciainfra.com\/blog\/wp-content\/uploads\/2023\/09\/iNFRA_5-e1761735885940.png","contentUrl":"https:\/\/agenciainfra.com\/blog\/wp-content\/uploads\/2023\/09\/iNFRA_5-e1761735885940.png","width":1672,"height":454,"caption":"Ag\u00eancia iNFRA"},"image":{"@id":"https:\/\/agenciainfra.com\/blog\/#\/schema\/logo\/image\/"},"sameAs":["https:\/\/www.facebook.com\/ageninfra","https:\/\/x.com\/agencia_infra","https:\/\/www.linkedin.com\/company\/ag\u00eanciainfra\/","https:\/\/www.instagram.com\/agenciainfra\/"]},{"@type":"Person","@id":"https:\/\/agenciainfra.com\/blog\/#\/schema\/person\/34af08dff6adea4cb22b06612ba7acfa","name":"Ag\u00eancia iNFRA","image":{"@type":"ImageObject","inLanguage":"pt-BR","@id":"https:\/\/agenciainfra.com\/blog\/#\/schema\/person\/image\/","url":"https:\/\/secure.gravatar.com\/avatar\/d189e01678f06d8eb84d4e01f08eb848b3fffe3f8443818d3c356c66892f5be8?s=96&d=mm&r=g","contentUrl":"https:\/\/secure.gravatar.com\/avatar\/d189e01678f06d8eb84d4e01f08eb848b3fffe3f8443818d3c356c66892f5be8?s=96&d=mm&r=g","caption":"Ag\u00eancia iNFRA"},"url":"https:\/\/agenciainfra.com\/blog\/author\/admin\/"}]}},"_links":{"self":[{"href":"https:\/\/agenciainfra.com\/blog\/wp-json\/wp\/v2\/posts\/33686","targetHints":{"allow":["GET"]}}],"collection":[{"href":"https:\/\/agenciainfra.com\/blog\/wp-json\/wp\/v2\/posts"}],"about":[{"href":"https:\/\/agenciainfra.com\/blog\/wp-json\/wp\/v2\/types\/post"}],"author":[{"embeddable":true,"href":"https:\/\/agenciainfra.com\/blog\/wp-json\/wp\/v2\/users\/1"}],"replies":[{"embeddable":true,"href":"https:\/\/agenciainfra.com\/blog\/wp-json\/wp\/v2\/comments?post=33686"}],"version-history":[{"count":1,"href":"https:\/\/agenciainfra.com\/blog\/wp-json\/wp\/v2\/posts\/33686\/revisions"}],"predecessor-version":[{"id":33689,"href":"https:\/\/agenciainfra.com\/blog\/wp-json\/wp\/v2\/posts\/33686\/revisions\/33689"}],"wp:featuredmedia":[{"embeddable":true,"href":"https:\/\/agenciainfra.com\/blog\/wp-json\/wp\/v2\/media\/29566"}],"wp:attachment":[{"href":"https:\/\/agenciainfra.com\/blog\/wp-json\/wp\/v2\/media?parent=33686"}],"wp:term":[{"taxonomy":"category","embeddable":true,"href":"https:\/\/agenciainfra.com\/blog\/wp-json\/wp\/v2\/categories?post=33686"},{"taxonomy":"post_tag","embeddable":true,"href":"https:\/\/agenciainfra.com\/blog\/wp-json\/wp\/v2\/tags?post=33686"}],"curies":[{"name":"wp","href":"https:\/\/api.w.org\/{rel}","templated":true}]}}