{"id":33693,"date":"2025-12-10T17:52:48","date_gmt":"2025-12-10T20:52:48","guid":{"rendered":"https:\/\/agenciainfra.com\/blog\/?p=33693"},"modified":"2025-12-11T17:10:29","modified_gmt":"2025-12-11T20:10:29","slug":"br-319-transportes-vai-tentar-avancar-com-licenca-especial","status":"publish","type":"post","link":"https:\/\/agenciainfra.com\/blog\/br-319-transportes-vai-tentar-avancar-com-licenca-especial\/","title":{"rendered":"BR-319: Transportes vai tentar avan\u00e7ar com licen\u00e7a especial"},"content":{"rendered":"\n<p class=\"has-text-align-right\"><strong>Mar\u00edlia Sena, da Ag\u00eancia iNFRA<\/strong><\/p>\n\n\n\n<p>O governo federal aposta em duas frentes para viabilizar a licen\u00e7a ambiental necess\u00e1ria \u00e0 pavimenta\u00e7\u00e3o da BR-319, afirmou o ministro dos Transportes, Renan Filho, durante o programa &#8220;Bom Dia, Ministro&#8221; nesta quarta-feira (10). A expectativa da pasta \u00e9 obter a autoriza\u00e7\u00e3o em 2026. A estrat\u00e9gia ganha impulso ap\u00f3s a aprova\u00e7\u00e3o da MP 1.308\/2025, que permite enquadrar certas interven\u00e7\u00f5es em rodovias no regime da LAE (Licen\u00e7a Ambiental Especial), modalidade que tende a acelerar o processo de licenciamento.<\/p>\n\n\n\n<p>\u201cVamos trabalhar paralelamente para obter a licen\u00e7a ambiental ainda em 2026 e iniciar a pavimenta\u00e7\u00e3o do trecho do meio da BR-319. Atuaremos nos dois caminhos e, aquele que garantir a autoriza\u00e7\u00e3o mais rapidamente, ser\u00e1 o que vamos adotar\u201d, disse Renan Filho.<\/p>\n\n\n\n<p>O relat\u00f3rio pelo Congresso estabelece que s\u00e3o consideradas \u201cestrat\u00e9gicas\u201d as obras de reconstru\u00e7\u00e3o e repavimenta\u00e7\u00e3o de rodovias preexistentes cujos trechos representem \u201cconex\u00f5es estrat\u00e9gicas, relevantes na perspectiva da seguran\u00e7a nacional, do acesso a direitos sociais fundamentais e da integra\u00e7\u00e3o entre unidades federativas\u201d.<\/p>\n\n\n\n<p>Assim, o procedimento da LAE pode acelerar a reconstru\u00e7\u00e3o do pavimento da rodovia que historicamente suscita disputas entre o setor produtivo e a ala ambiental.<\/p>\n\n\n\n<p>A LP (Licen\u00e7a Pr\u00e9via) para as obras na BR-319 foi emitida pelo Ibama (Instituto Brasileiro do Meio Ambiente e dos Recursos Naturais Renov\u00e1veis) em 2022. Mas ainda n\u00e3o h\u00e1 licen\u00e7a de instala\u00e7\u00e3o. Al\u00e9m disso, a LP foi mais uma vez suspensa pela Justi\u00e7a em julho.<\/p>\n\n\n\n<p>\u201cObviamente h\u00e1 uma quest\u00e3o delicada, que \u00e9 a ambiental, mas estamos bem avan\u00e7ados. Tenho discutido permanentemente com a ministra Marina Silva [do Meio Ambiente] e queria destacar aqui o trabalho do senador Eduardo Braga (MDB-AM) e do senador Omar Aziz (PSD-AM), que t\u00eam ajudado muito para que possamos dar continuidade \u00e0s obras na BR-319, inclusive no trecho do meio\u201d, completou Renan Filho.<\/p>\n\n\n\n<p><strong>Transnordestina<\/strong><\/p>\n\n\n\n<p>O ministro Renan Filho voltou a prometer o in\u00edcio de parte das obras da Transnordestina para fevereiro de 2026. \u201cAt\u00e9 agora, n\u00e3o tenho nenhuma informa\u00e7\u00e3o de intercorr\u00eancia grave que exija qualquer tipo de adiamento. Ent\u00e3o, estou muito animado, porque a Transnordestina est\u00e1 voando.\u201d Os trechos que devem entrar em obra s\u00e3o em Pernambuco \u2013 especificamente os lotes SPS-5 e SPS-7 \u2013 resultando em cerca de 230 quil\u00f4metros de via ferrovi\u00e1ria.<\/p>\n\n\n\n<p>O ministro afirmou que a Transnordestina vive um momento de retomada acelerada: com cerca de 75% da primeira fase conclu\u00edda, o projeto avan\u00e7a entre o sert\u00e3o do Piau\u00ed e o litoral cearense at\u00e9 o Porto de Pec\u00e9m. A previs\u00e3o oficial aponta para conclus\u00e3o desse trecho at\u00e9 2027, enquanto a fase final da ferrovia deve ser entregue at\u00e9 2029.<\/p>\n\n\n\n<p>Nos \u00faltimos meses, foram assinadas ordens de servi\u00e7o e liberados novos aportes do governo federal e do FDNE (Fundo de Desenvolvimento do Nordeste), com R$ 1,4 bilh\u00e3o destinados \u00e0 obra. J\u00e1 h\u00e1 trechos em fase de montagem de trilhos e superestrutura no Cear\u00e1.<\/p>\n","protected":false},"excerpt":{"rendered":"<p>Mar\u00edlia Sena, da Ag\u00eancia iNFRA O governo federal aposta em duas frentes para viabilizar a licen\u00e7a ambiental necess\u00e1ria \u00e0 pavimenta\u00e7\u00e3o da BR-319, afirmou o ministro dos Transportes, Renan Filho, durante o programa &#8220;Bom Dia, Ministro&#8221; nesta quarta-feira (10). A expectativa da pasta \u00e9 obter a autoriza\u00e7\u00e3o em 2026. A estrat\u00e9gia ganha impulso ap\u00f3s a aprova\u00e7\u00e3o [&hellip;]<\/p>\n","protected":false},"author":1,"featured_media":26858,"comment_status":"closed","ping_status":"closed","sticky":false,"template":"","format":"standard","meta":{"_monsterinsights_skip_tracking":false,"_monsterinsights_sitenote_active":false,"_monsterinsights_sitenote_note":"","_monsterinsights_sitenote_category":0,"footnotes":""},"categories":[7],"tags":[7466,14226,650,6248,504],"class_list":["post-33693","post","type-post","status-publish","format-standard","has-post-thumbnail","hentry","category-infratransporte","tag-br-319","tag-lae","tag-licenciamento","tag-renan-filho","tag-transnordestina"],"yoast_head":"<!-- This site is optimized with the Yoast SEO Premium plugin v25.4 (Yoast SEO v26.0) - https:\/\/yoast.com\/wordpress\/plugins\/seo\/ -->\n<title>BR-319: Transportes vai tentar avan\u00e7ar com licen\u00e7a especial - Ag\u00eancia iNFRA<\/title>\n<meta name=\"robots\" content=\"index, follow, max-snippet:-1, max-image-preview:large, max-video-preview:-1\" \/>\n<link rel=\"canonical\" href=\"https:\/\/agenciainfra.com\/blog\/br-319-transportes-vai-tentar-avancar-com-licenca-especial\/\" \/>\n<meta property=\"og:locale\" content=\"pt_BR\" \/>\n<meta property=\"og:type\" content=\"article\" \/>\n<meta property=\"og:title\" content=\"BR-319: Transportes vai tentar avan\u00e7ar com licen\u00e7a especial\" \/>\n<meta property=\"og:description\" content=\"Mar\u00edlia Sena, da Ag\u00eancia iNFRA O governo federal aposta em duas frentes para viabilizar a licen\u00e7a ambiental necess\u00e1ria \u00e0 pavimenta\u00e7\u00e3o da BR-319, afirmou o ministro dos Transportes, Renan Filho, durante o programa &#8220;Bom Dia, Ministro&#8221; nesta quarta-feira (10). A expectativa da pasta \u00e9 obter a autoriza\u00e7\u00e3o em 2026. A estrat\u00e9gia ganha impulso ap\u00f3s a aprova\u00e7\u00e3o [&hellip;]\" \/>\n<meta property=\"og:url\" content=\"https:\/\/agenciainfra.com\/blog\/br-319-transportes-vai-tentar-avancar-com-licenca-especial\/\" \/>\n<meta property=\"og:site_name\" content=\"Ag\u00eancia iNFRA\" \/>\n<meta property=\"article:publisher\" content=\"https:\/\/www.facebook.com\/ageninfra\" \/>\n<meta property=\"article:published_time\" content=\"2025-12-10T20:52:48+00:00\" \/>\n<meta property=\"article:modified_time\" content=\"2025-12-11T20:10:29+00:00\" \/>\n<meta property=\"og:image\" content=\"https:\/\/agenciainfra.com\/blog\/wp-content\/uploads\/2025\/08\/br-319-am-foto-dnit.png\" \/>\n\t<meta property=\"og:image:width\" content=\"1280\" \/>\n\t<meta property=\"og:image:height\" content=\"765\" \/>\n\t<meta property=\"og:image:type\" content=\"image\/png\" \/>\n<meta name=\"author\" content=\"Ag\u00eancia iNFRA\" \/>\n<meta name=\"twitter:card\" content=\"summary_large_image\" \/>\n<meta name=\"twitter:creator\" content=\"@agencia_infra\" \/>\n<meta name=\"twitter:site\" content=\"@agencia_infra\" \/>\n<meta name=\"twitter:label1\" content=\"Escrito por\" \/>\n\t<meta name=\"twitter:data1\" content=\"Ag\u00eancia iNFRA\" \/>\n\t<meta name=\"twitter:label2\" content=\"Est. tempo de leitura\" \/>\n\t<meta name=\"twitter:data2\" content=\"3 minutos\" \/>\n<script type=\"application\/ld+json\" class=\"yoast-schema-graph\">{\"@context\":\"https:\/\/schema.org\",\"@graph\":[{\"@type\":\"Article\",\"@id\":\"https:\/\/agenciainfra.com\/blog\/br-319-transportes-vai-tentar-avancar-com-licenca-especial\/#article\",\"isPartOf\":{\"@id\":\"https:\/\/agenciainfra.com\/blog\/br-319-transportes-vai-tentar-avancar-com-licenca-especial\/\"},\"author\":{\"name\":\"Ag\u00eancia iNFRA\",\"@id\":\"https:\/\/agenciainfra.com\/blog\/#\/schema\/person\/34af08dff6adea4cb22b06612ba7acfa\"},\"headline\":\"BR-319: Transportes vai tentar avan\u00e7ar com licen\u00e7a especial\",\"datePublished\":\"2025-12-10T20:52:48+00:00\",\"dateModified\":\"2025-12-11T20:10:29+00:00\",\"mainEntityOfPage\":{\"@id\":\"https:\/\/agenciainfra.com\/blog\/br-319-transportes-vai-tentar-avancar-com-licenca-especial\/\"},\"wordCount\":511,\"publisher\":{\"@id\":\"https:\/\/agenciainfra.com\/blog\/#organization\"},\"image\":{\"@id\":\"https:\/\/agenciainfra.com\/blog\/br-319-transportes-vai-tentar-avancar-com-licenca-especial\/#primaryimage\"},\"thumbnailUrl\":\"https:\/\/agenciainfra.com\/blog\/wp-content\/uploads\/2025\/08\/br-319-am-foto-dnit.png\",\"keywords\":[\"BR-319\",\"LAE\",\"licenciamento\",\"Renan Filho\",\"Transnordestina\"],\"articleSection\":[\"iNFRATransporte\"],\"inLanguage\":\"pt-BR\",\"copyrightYear\":\"2025\",\"copyrightHolder\":{\"@id\":\"https:\/\/agenciainfra.com\/blog\/#organization\"}},{\"@type\":\"WebPage\",\"@id\":\"https:\/\/agenciainfra.com\/blog\/br-319-transportes-vai-tentar-avancar-com-licenca-especial\/\",\"url\":\"https:\/\/agenciainfra.com\/blog\/br-319-transportes-vai-tentar-avancar-com-licenca-especial\/\",\"name\":\"BR-319: Transportes vai tentar avan\u00e7ar com licen\u00e7a especial - Ag\u00eancia iNFRA\",\"isPartOf\":{\"@id\":\"https:\/\/agenciainfra.com\/blog\/#website\"},\"primaryImageOfPage\":{\"@id\":\"https:\/\/agenciainfra.com\/blog\/br-319-transportes-vai-tentar-avancar-com-licenca-especial\/#primaryimage\"},\"image\":{\"@id\":\"https:\/\/agenciainfra.com\/blog\/br-319-transportes-vai-tentar-avancar-com-licenca-especial\/#primaryimage\"},\"thumbnailUrl\":\"https:\/\/agenciainfra.com\/blog\/wp-content\/uploads\/2025\/08\/br-319-am-foto-dnit.png\",\"datePublished\":\"2025-12-10T20:52:48+00:00\",\"dateModified\":\"2025-12-11T20:10:29+00:00\",\"breadcrumb\":{\"@id\":\"https:\/\/agenciainfra.com\/blog\/br-319-transportes-vai-tentar-avancar-com-licenca-especial\/#breadcrumb\"},\"inLanguage\":\"pt-BR\",\"potentialAction\":[{\"@type\":\"ReadAction\",\"target\":[\"https:\/\/agenciainfra.com\/blog\/br-319-transportes-vai-tentar-avancar-com-licenca-especial\/\"]}]},{\"@type\":\"ImageObject\",\"inLanguage\":\"pt-BR\",\"@id\":\"https:\/\/agenciainfra.com\/blog\/br-319-transportes-vai-tentar-avancar-com-licenca-especial\/#primaryimage\",\"url\":\"https:\/\/agenciainfra.com\/blog\/wp-content\/uploads\/2025\/08\/br-319-am-foto-dnit.png\",\"contentUrl\":\"https:\/\/agenciainfra.com\/blog\/wp-content\/uploads\/2025\/08\/br-319-am-foto-dnit.png\",\"width\":1280,\"height\":765,\"caption\":\"Foto: DNIT\"},{\"@type\":\"BreadcrumbList\",\"@id\":\"https:\/\/agenciainfra.com\/blog\/br-319-transportes-vai-tentar-avancar-com-licenca-especial\/#breadcrumb\",\"itemListElement\":[{\"@type\":\"ListItem\",\"position\":1,\"name\":\"In\u00edcio\",\"item\":\"https:\/\/agenciainfra.com\/blog\/\"},{\"@type\":\"ListItem\",\"position\":2,\"name\":\"BR-319: Transportes vai tentar avan\u00e7ar com licen\u00e7a especial\"}]},{\"@type\":\"WebSite\",\"@id\":\"https:\/\/agenciainfra.com\/blog\/#website\",\"url\":\"https:\/\/agenciainfra.com\/blog\/\",\"name\":\"Ag\u00eancia iNFRA\",\"description\":\"Multiplataforma de informa\u00e7\u00e3o jornal\u00edstica refer\u00eancia na \u00e1rea de infraestrutura no Brasil!\",\"publisher\":{\"@id\":\"https:\/\/agenciainfra.com\/blog\/#organization\"},\"potentialAction\":[{\"@type\":\"SearchAction\",\"target\":{\"@type\":\"EntryPoint\",\"urlTemplate\":\"https:\/\/agenciainfra.com\/blog\/?s={search_term_string}\"},\"query-input\":{\"@type\":\"PropertyValueSpecification\",\"valueRequired\":true,\"valueName\":\"search_term_string\"}}],\"inLanguage\":\"pt-BR\"},{\"@type\":\"Organization\",\"@id\":\"https:\/\/agenciainfra.com\/blog\/#organization\",\"name\":\"Ag\u00eancia iNFRA\",\"url\":\"https:\/\/agenciainfra.com\/blog\/\",\"logo\":{\"@type\":\"ImageObject\",\"inLanguage\":\"pt-BR\",\"@id\":\"https:\/\/agenciainfra.com\/blog\/#\/schema\/logo\/image\/\",\"url\":\"https:\/\/agenciainfra.com\/blog\/wp-content\/uploads\/2023\/09\/iNFRA_5-e1761735885940.png\",\"contentUrl\":\"https:\/\/agenciainfra.com\/blog\/wp-content\/uploads\/2023\/09\/iNFRA_5-e1761735885940.png\",\"width\":1672,\"height\":454,\"caption\":\"Ag\u00eancia iNFRA\"},\"image\":{\"@id\":\"https:\/\/agenciainfra.com\/blog\/#\/schema\/logo\/image\/\"},\"sameAs\":[\"https:\/\/www.facebook.com\/ageninfra\",\"https:\/\/x.com\/agencia_infra\",\"https:\/\/www.linkedin.com\/company\/ag\u00eanciainfra\/\",\"https:\/\/www.instagram.com\/agenciainfra\/\"]},{\"@type\":\"Person\",\"@id\":\"https:\/\/agenciainfra.com\/blog\/#\/schema\/person\/34af08dff6adea4cb22b06612ba7acfa\",\"name\":\"Ag\u00eancia iNFRA\",\"image\":{\"@type\":\"ImageObject\",\"inLanguage\":\"pt-BR\",\"@id\":\"https:\/\/agenciainfra.com\/blog\/#\/schema\/person\/image\/\",\"url\":\"https:\/\/secure.gravatar.com\/avatar\/d189e01678f06d8eb84d4e01f08eb848b3fffe3f8443818d3c356c66892f5be8?s=96&d=mm&r=g\",\"contentUrl\":\"https:\/\/secure.gravatar.com\/avatar\/d189e01678f06d8eb84d4e01f08eb848b3fffe3f8443818d3c356c66892f5be8?s=96&d=mm&r=g\",\"caption\":\"Ag\u00eancia iNFRA\"},\"url\":\"https:\/\/agenciainfra.com\/blog\/author\/admin\/\"}]}<\/script>\n<!-- \/ Yoast SEO Premium plugin. -->","yoast_head_json":{"title":"BR-319: Transportes vai tentar avan\u00e7ar com licen\u00e7a especial - Ag\u00eancia iNFRA","robots":{"index":"index","follow":"follow","max-snippet":"max-snippet:-1","max-image-preview":"max-image-preview:large","max-video-preview":"max-video-preview:-1"},"canonical":"https:\/\/agenciainfra.com\/blog\/br-319-transportes-vai-tentar-avancar-com-licenca-especial\/","og_locale":"pt_BR","og_type":"article","og_title":"BR-319: Transportes vai tentar avan\u00e7ar com licen\u00e7a especial","og_description":"Mar\u00edlia Sena, da Ag\u00eancia iNFRA O governo federal aposta em duas frentes para viabilizar a licen\u00e7a ambiental necess\u00e1ria \u00e0 pavimenta\u00e7\u00e3o da BR-319, afirmou o ministro dos Transportes, Renan Filho, durante o programa &#8220;Bom Dia, Ministro&#8221; nesta quarta-feira (10). A expectativa da pasta \u00e9 obter a autoriza\u00e7\u00e3o em 2026. A estrat\u00e9gia ganha impulso ap\u00f3s a aprova\u00e7\u00e3o [&hellip;]","og_url":"https:\/\/agenciainfra.com\/blog\/br-319-transportes-vai-tentar-avancar-com-licenca-especial\/","og_site_name":"Ag\u00eancia iNFRA","article_publisher":"https:\/\/www.facebook.com\/ageninfra","article_published_time":"2025-12-10T20:52:48+00:00","article_modified_time":"2025-12-11T20:10:29+00:00","og_image":[{"width":1280,"height":765,"url":"https:\/\/agenciainfra.com\/blog\/wp-content\/uploads\/2025\/08\/br-319-am-foto-dnit.png","type":"image\/png"}],"author":"Ag\u00eancia iNFRA","twitter_card":"summary_large_image","twitter_creator":"@agencia_infra","twitter_site":"@agencia_infra","twitter_misc":{"Escrito por":"Ag\u00eancia iNFRA","Est. tempo de leitura":"3 minutos"},"schema":{"@context":"https:\/\/schema.org","@graph":[{"@type":"Article","@id":"https:\/\/agenciainfra.com\/blog\/br-319-transportes-vai-tentar-avancar-com-licenca-especial\/#article","isPartOf":{"@id":"https:\/\/agenciainfra.com\/blog\/br-319-transportes-vai-tentar-avancar-com-licenca-especial\/"},"author":{"name":"Ag\u00eancia iNFRA","@id":"https:\/\/agenciainfra.com\/blog\/#\/schema\/person\/34af08dff6adea4cb22b06612ba7acfa"},"headline":"BR-319: Transportes vai tentar avan\u00e7ar com licen\u00e7a especial","datePublished":"2025-12-10T20:52:48+00:00","dateModified":"2025-12-11T20:10:29+00:00","mainEntityOfPage":{"@id":"https:\/\/agenciainfra.com\/blog\/br-319-transportes-vai-tentar-avancar-com-licenca-especial\/"},"wordCount":511,"publisher":{"@id":"https:\/\/agenciainfra.com\/blog\/#organization"},"image":{"@id":"https:\/\/agenciainfra.com\/blog\/br-319-transportes-vai-tentar-avancar-com-licenca-especial\/#primaryimage"},"thumbnailUrl":"https:\/\/agenciainfra.com\/blog\/wp-content\/uploads\/2025\/08\/br-319-am-foto-dnit.png","keywords":["BR-319","LAE","licenciamento","Renan Filho","Transnordestina"],"articleSection":["iNFRATransporte"],"inLanguage":"pt-BR","copyrightYear":"2025","copyrightHolder":{"@id":"https:\/\/agenciainfra.com\/blog\/#organization"}},{"@type":"WebPage","@id":"https:\/\/agenciainfra.com\/blog\/br-319-transportes-vai-tentar-avancar-com-licenca-especial\/","url":"https:\/\/agenciainfra.com\/blog\/br-319-transportes-vai-tentar-avancar-com-licenca-especial\/","name":"BR-319: Transportes vai tentar avan\u00e7ar com licen\u00e7a especial - Ag\u00eancia iNFRA","isPartOf":{"@id":"https:\/\/agenciainfra.com\/blog\/#website"},"primaryImageOfPage":{"@id":"https:\/\/agenciainfra.com\/blog\/br-319-transportes-vai-tentar-avancar-com-licenca-especial\/#primaryimage"},"image":{"@id":"https:\/\/agenciainfra.com\/blog\/br-319-transportes-vai-tentar-avancar-com-licenca-especial\/#primaryimage"},"thumbnailUrl":"https:\/\/agenciainfra.com\/blog\/wp-content\/uploads\/2025\/08\/br-319-am-foto-dnit.png","datePublished":"2025-12-10T20:52:48+00:00","dateModified":"2025-12-11T20:10:29+00:00","breadcrumb":{"@id":"https:\/\/agenciainfra.com\/blog\/br-319-transportes-vai-tentar-avancar-com-licenca-especial\/#breadcrumb"},"inLanguage":"pt-BR","potentialAction":[{"@type":"ReadAction","target":["https:\/\/agenciainfra.com\/blog\/br-319-transportes-vai-tentar-avancar-com-licenca-especial\/"]}]},{"@type":"ImageObject","inLanguage":"pt-BR","@id":"https:\/\/agenciainfra.com\/blog\/br-319-transportes-vai-tentar-avancar-com-licenca-especial\/#primaryimage","url":"https:\/\/agenciainfra.com\/blog\/wp-content\/uploads\/2025\/08\/br-319-am-foto-dnit.png","contentUrl":"https:\/\/agenciainfra.com\/blog\/wp-content\/uploads\/2025\/08\/br-319-am-foto-dnit.png","width":1280,"height":765,"caption":"Foto: DNIT"},{"@type":"BreadcrumbList","@id":"https:\/\/agenciainfra.com\/blog\/br-319-transportes-vai-tentar-avancar-com-licenca-especial\/#breadcrumb","itemListElement":[{"@type":"ListItem","position":1,"name":"In\u00edcio","item":"https:\/\/agenciainfra.com\/blog\/"},{"@type":"ListItem","position":2,"name":"BR-319: Transportes vai tentar avan\u00e7ar com licen\u00e7a especial"}]},{"@type":"WebSite","@id":"https:\/\/agenciainfra.com\/blog\/#website","url":"https:\/\/agenciainfra.com\/blog\/","name":"Ag\u00eancia iNFRA","description":"Multiplataforma de informa\u00e7\u00e3o jornal\u00edstica refer\u00eancia na \u00e1rea de infraestrutura no Brasil!","publisher":{"@id":"https:\/\/agenciainfra.com\/blog\/#organization"},"potentialAction":[{"@type":"SearchAction","target":{"@type":"EntryPoint","urlTemplate":"https:\/\/agenciainfra.com\/blog\/?s={search_term_string}"},"query-input":{"@type":"PropertyValueSpecification","valueRequired":true,"valueName":"search_term_string"}}],"inLanguage":"pt-BR"},{"@type":"Organization","@id":"https:\/\/agenciainfra.com\/blog\/#organization","name":"Ag\u00eancia iNFRA","url":"https:\/\/agenciainfra.com\/blog\/","logo":{"@type":"ImageObject","inLanguage":"pt-BR","@id":"https:\/\/agenciainfra.com\/blog\/#\/schema\/logo\/image\/","url":"https:\/\/agenciainfra.com\/blog\/wp-content\/uploads\/2023\/09\/iNFRA_5-e1761735885940.png","contentUrl":"https:\/\/agenciainfra.com\/blog\/wp-content\/uploads\/2023\/09\/iNFRA_5-e1761735885940.png","width":1672,"height":454,"caption":"Ag\u00eancia iNFRA"},"image":{"@id":"https:\/\/agenciainfra.com\/blog\/#\/schema\/logo\/image\/"},"sameAs":["https:\/\/www.facebook.com\/ageninfra","https:\/\/x.com\/agencia_infra","https:\/\/www.linkedin.com\/company\/ag\u00eanciainfra\/","https:\/\/www.instagram.com\/agenciainfra\/"]},{"@type":"Person","@id":"https:\/\/agenciainfra.com\/blog\/#\/schema\/person\/34af08dff6adea4cb22b06612ba7acfa","name":"Ag\u00eancia iNFRA","image":{"@type":"ImageObject","inLanguage":"pt-BR","@id":"https:\/\/agenciainfra.com\/blog\/#\/schema\/person\/image\/","url":"https:\/\/secure.gravatar.com\/avatar\/d189e01678f06d8eb84d4e01f08eb848b3fffe3f8443818d3c356c66892f5be8?s=96&d=mm&r=g","contentUrl":"https:\/\/secure.gravatar.com\/avatar\/d189e01678f06d8eb84d4e01f08eb848b3fffe3f8443818d3c356c66892f5be8?s=96&d=mm&r=g","caption":"Ag\u00eancia iNFRA"},"url":"https:\/\/agenciainfra.com\/blog\/author\/admin\/"}]}},"_links":{"self":[{"href":"https:\/\/agenciainfra.com\/blog\/wp-json\/wp\/v2\/posts\/33693","targetHints":{"allow":["GET"]}}],"collection":[{"href":"https:\/\/agenciainfra.com\/blog\/wp-json\/wp\/v2\/posts"}],"about":[{"href":"https:\/\/agenciainfra.com\/blog\/wp-json\/wp\/v2\/types\/post"}],"author":[{"embeddable":true,"href":"https:\/\/agenciainfra.com\/blog\/wp-json\/wp\/v2\/users\/1"}],"replies":[{"embeddable":true,"href":"https:\/\/agenciainfra.com\/blog\/wp-json\/wp\/v2\/comments?post=33693"}],"version-history":[{"count":1,"href":"https:\/\/agenciainfra.com\/blog\/wp-json\/wp\/v2\/posts\/33693\/revisions"}],"predecessor-version":[{"id":33696,"href":"https:\/\/agenciainfra.com\/blog\/wp-json\/wp\/v2\/posts\/33693\/revisions\/33696"}],"wp:featuredmedia":[{"embeddable":true,"href":"https:\/\/agenciainfra.com\/blog\/wp-json\/wp\/v2\/media\/26858"}],"wp:attachment":[{"href":"https:\/\/agenciainfra.com\/blog\/wp-json\/wp\/v2\/media?parent=33693"}],"wp:term":[{"taxonomy":"category","embeddable":true,"href":"https:\/\/agenciainfra.com\/blog\/wp-json\/wp\/v2\/categories?post=33693"},{"taxonomy":"post_tag","embeddable":true,"href":"https:\/\/agenciainfra.com\/blog\/wp-json\/wp\/v2\/tags?post=33693"}],"curies":[{"name":"wp","href":"https:\/\/api.w.org\/{rel}","templated":true}]}}