{"id":33703,"date":"2025-12-10T21:57:39","date_gmt":"2025-12-11T00:57:39","guid":{"rendered":"https:\/\/agenciainfra.com\/blog\/?p=33703"},"modified":"2025-12-11T17:09:51","modified_gmt":"2025-12-11T20:09:51","slug":"fgv-tarifa-de-transporte-do-gas-industrial-varia-de-10-a-13-do-preco-final","status":"publish","type":"post","link":"https:\/\/agenciainfra.com\/blog\/fgv-tarifa-de-transporte-do-gas-industrial-varia-de-10-a-13-do-preco-final\/","title":{"rendered":"FGV: Tarifa de transporte do g\u00e1s industrial varia de 10% a 13% do pre\u00e7o final"},"content":{"rendered":"\n<p class=\"has-text-align-right\"><strong>Gabriel Vasconcelos, da Ag\u00eancia iNFRA<\/strong><\/p>\n\n\n\n<p>As m\u00e9dias do pre\u00e7o da tarifa de transporte de g\u00e1s natural para clientes industriais variam entre 10% e 13% do pre\u00e7o final da mol\u00e9cula nas regi\u00f5es Sul, Sudeste, Nordeste e Centro-Oeste, aponta estudo do Ceri\/FGV (Centro de Estudos em Regula\u00e7\u00e3o e Infraestrutura da Funda\u00e7\u00e3o Getulio Vargas) encomendado pela Atg\u00e1s (Associa\u00e7\u00e3o de Empresas de Transporte de G\u00e1s Natural por Gasoduto). Essas tarifas est\u00e3o em processo de revis\u00e3o tarif\u00e1ria na ANP (Ag\u00eancia Nacional do Petr\u00f3leo, G\u00e1s Natural e Bicombust\u00edveis).<\/p>\n\n\n\n<p>A regi\u00e3o norte, mostra o Ceri, \u00e9 uma exce\u00e7\u00e3o, com essa tarifa de transporte representando entre 40% e 43% do pre\u00e7o final da mol\u00e9cula a depender do volume de g\u00e1s consumido diariamente \u2013 50 mil, 100 mil ou 300 mil metros c\u00fabicos. Esse pre\u00e7o, afirma o economista Diogo Lisbona, um dos autores do estudo, tem a ver com tarifa regulada elevada do gasoduto Coari-Manaus. E, no fim das contas, acaba mais do que compensado pela incid\u00eancia menor de impostos na Zona Franca de Manaus e pelo pre\u00e7o mais baixo da mol\u00e9cula no in\u00edcio da cadeia, praticado pela Petrobras com rela\u00e7\u00e3o ao g\u00e1s extra\u00eddo do campo de Urucu.<\/p>\n\n\n\n<p>O estudo do Ceri faz um raio-x do pre\u00e7o do g\u00e1s, dividindo-o por etapas na cadeia log\u00edstica, perfil de consumidor (industrial, comercial e residencial, em diferentes faixas de consumo) e, finalmente, por empresas distribuidoras. Para a obten\u00e7\u00e3o dos pre\u00e7os, diz Lisbona, a equipe do Ceri analisou contrato a contrato de todas as distribuidoras do pa\u00eds em outubro de 2025.<\/p>\n\n\n\n<p><strong>Consumidores Industriais<br><\/strong>Mais vocais no pleito de redu\u00e7\u00e3o do pre\u00e7o da tarifa, os consumidores industriais na faixa de 100 mil m\u00b3\/dia viram o pre\u00e7o final da mol\u00e9cula variar entre R$ 2,66\/m\u00b3 (pre\u00e7o da Cig\u00e1s, distribuidora do Amazonas) e R$ 3,96\/m\u00b3 (pre\u00e7o da Potig\u00e1s, distribuidora do Rio Grande do Norte).<\/p>\n\n\n\n<p>Para esse perfil (100 mil m\u00b3\/dia), o pre\u00e7o inicial da mol\u00e9cula, praticado por produtores e comercializadores, varia entre 29% (Norte) e 54% (Sudeste) do pre\u00e7o final, sendo sempre o fator de maior peso na precifica\u00e7\u00e3o. Em seguida surgem os impostos, que variam de 9% (Norte) a 25% (Centro-Oeste); a margem de distribui\u00e7\u00e3o, que vai de 11% (Centro-Oeste) a 21% (Norte); e o transporte. As varia\u00e7\u00f5es para outros perfis de consumo industrial variam at\u00e9 cinco pontos percentuais.<\/p>\n\n\n\n<p>Em S\u00e3o Paulo, o maior parque industrial do pa\u00eds, o pre\u00e7o final da mol\u00e9cula para essas ind\u00fastrias (100 mil m\u00b3\/dia) ficou em R$ 3,25\/m\u00b3, segundo o Ceri. No detalhe, o pre\u00e7o no in\u00edcio da cadeia \u00e9 de R$ 1,82\/m\u00b3, sendo acrescido de R$ 0,73\/m\u00b3 de impostos, R$ 0,42\/m\u00b3 de margem de distribui\u00e7\u00e3o e R$ 0,28\/m\u00b3 de tarifa de transporte.<\/p>\n\n\n\n<p><strong>Consumidores comerciais<br><\/strong>Para consumidores comerciais, independente do perfil de consumo (5 mil, 15 mil ou 50 mil m\u00b3 por m\u00eas), os pre\u00e7os finais do g\u00e1s natural s\u00e3o consideravelmente mais altos, variando de R$ 3,19\/m\u00b3, no Amazonas, at\u00e9 R$ 8,98\/m\u00b3 no Rio de Janeiro, onde o maior item de press\u00e3o nos pre\u00e7os s\u00e3o as tarifas de distribui\u00e7\u00e3o praticadas pela Naturgy.<\/p>\n\n\n\n<p>Para esse &#8220;consumo comercial&#8221; de g\u00e1s, ao contr\u00e1rio do industrial, o peso da margem de distribui\u00e7\u00e3o &#8211; entre 29% e 45% &#8211; passa a se equiparar ao do pre\u00e7o inicial da mol\u00e9cula como os dois fatores de maior peso no pre\u00e7o final ao consumidor. Na maior parte das vezes os impostos variam entre 20% e 25% do pre\u00e7o final, enquanto a tarifa de transporte responde por algo entre 5% e 10%.<\/p>\n\n\n\n<p><strong>Consumidores residenciais<br><\/strong>Para o \u00faltimo grupo analisado pelo Ceri\/FGV, os consumidores residenciais na faixa de consumo de 10 m\u00b3 por m\u00eas, o pre\u00e7o final do g\u00e1s varia de R$ 6,47\/m\u00b3, no Norte at\u00e9 R$ 9,17\/m\u00b3 no Sudeste. De longe, a margem de distribui\u00e7\u00e3o \u00e9 o que mais pesa na composi\u00e7\u00e3o final do pre\u00e7o, variando entre 30% (Cear\u00e1) a 67% (Amazonas), mas estacionando pr\u00f3ximo a metade do pre\u00e7o final na maior parte das regi\u00f5es do pa\u00eds.<\/p>\n\n\n\n<p>Na sequ\u00eancia, para esses consumidores residenciais, pesam os impostos (entre 21%, no Sul, e 25%, no Centro-Oeste); seguido do pre\u00e7o praticado por produtores ou comercializadores, em uma faixa entre 21% e 24% do pre\u00e7o final &#8211; no Norte \u00e9 12% &#8211; e pela tarifa de transporte, entre 4% e 6% do total, chegando a 17% no Norte.<\/p>\n","protected":false},"excerpt":{"rendered":"<p>Gabriel Vasconcelos, da Ag\u00eancia iNFRA As m\u00e9dias do pre\u00e7o da tarifa de transporte de g\u00e1s natural para clientes industriais variam entre 10% e 13% do pre\u00e7o final da mol\u00e9cula nas regi\u00f5es Sul, Sudeste, Nordeste e Centro-Oeste, aponta estudo do Ceri\/FGV (Centro de Estudos em Regula\u00e7\u00e3o e Infraestrutura da Funda\u00e7\u00e3o Getulio Vargas) encomendado pela Atg\u00e1s (Associa\u00e7\u00e3o [&hellip;]<\/p>\n","protected":false},"author":1,"featured_media":6259,"comment_status":"closed","ping_status":"closed","sticky":false,"template":"","format":"standard","meta":{"_monsterinsights_skip_tracking":false,"_monsterinsights_sitenote_active":false,"_monsterinsights_sitenote_note":"","_monsterinsights_sitenote_category":0,"footnotes":""},"categories":[13271],"tags":[14970,17452,17454,17456,17455,16109,17453,384,8452,13251,882,2554,143,215,13643],"class_list":["post-33703","post","type-post","status-publish","format-standard","has-post-thumbnail","hentry","category-oleo-gas","tag-atgas","tag-ceri-fgv","tag-coari-manaus","tag-consumidores-comerciais","tag-consumidores-industriais","tag-consumidores-residenciais","tag-diogo-lisbona","tag-fgv","tag-fundacao-getulio-vargas","tag-gabriel-vasconcelos","tag-gas-natural","tag-gasoduto","tag-petrobras","tag-tarifas","tag-transporte-de-gas"],"yoast_head":"<!-- This site is optimized with the Yoast SEO Premium plugin v25.4 (Yoast SEO v26.0) - https:\/\/yoast.com\/wordpress\/plugins\/seo\/ -->\n<title>FGV: Tarifa de transporte do g\u00e1s industrial varia de 10% a 13% do pre\u00e7o final - Ag\u00eancia iNFRA<\/title>\n<meta name=\"robots\" content=\"index, follow, max-snippet:-1, max-image-preview:large, max-video-preview:-1\" \/>\n<link rel=\"canonical\" href=\"https:\/\/agenciainfra.com\/blog\/fgv-tarifa-de-transporte-do-gas-industrial-varia-de-10-a-13-do-preco-final\/\" \/>\n<meta property=\"og:locale\" content=\"pt_BR\" \/>\n<meta property=\"og:type\" content=\"article\" \/>\n<meta property=\"og:title\" content=\"FGV: Tarifa de transporte do g\u00e1s industrial varia de 10% a 13% do pre\u00e7o final\" \/>\n<meta property=\"og:description\" content=\"Gabriel Vasconcelos, da Ag\u00eancia iNFRA As m\u00e9dias do pre\u00e7o da tarifa de transporte de g\u00e1s natural para clientes industriais variam entre 10% e 13% do pre\u00e7o final da mol\u00e9cula nas regi\u00f5es Sul, Sudeste, Nordeste e Centro-Oeste, aponta estudo do Ceri\/FGV (Centro de Estudos em Regula\u00e7\u00e3o e Infraestrutura da Funda\u00e7\u00e3o Getulio Vargas) encomendado pela Atg\u00e1s (Associa\u00e7\u00e3o [&hellip;]\" \/>\n<meta property=\"og:url\" content=\"https:\/\/agenciainfra.com\/blog\/fgv-tarifa-de-transporte-do-gas-industrial-varia-de-10-a-13-do-preco-final\/\" \/>\n<meta property=\"og:site_name\" content=\"Ag\u00eancia iNFRA\" \/>\n<meta property=\"article:publisher\" content=\"https:\/\/www.facebook.com\/ageninfra\" \/>\n<meta property=\"article:published_time\" content=\"2025-12-11T00:57:39+00:00\" \/>\n<meta property=\"article:modified_time\" content=\"2025-12-11T20:09:51+00:00\" \/>\n<meta property=\"og:image\" content=\"https:\/\/agenciainfra.com\/blog\/wp-content\/uploads\/2020\/10\/gas-natural-foto-tbg.jpg\" \/>\n\t<meta property=\"og:image:width\" content=\"1280\" \/>\n\t<meta property=\"og:image:height\" content=\"851\" \/>\n\t<meta property=\"og:image:type\" content=\"image\/jpeg\" \/>\n<meta name=\"author\" content=\"Ag\u00eancia iNFRA\" \/>\n<meta name=\"twitter:card\" content=\"summary_large_image\" \/>\n<meta name=\"twitter:creator\" content=\"@agencia_infra\" \/>\n<meta name=\"twitter:site\" content=\"@agencia_infra\" \/>\n<meta name=\"twitter:label1\" content=\"Escrito por\" \/>\n\t<meta name=\"twitter:data1\" content=\"Ag\u00eancia iNFRA\" \/>\n\t<meta name=\"twitter:label2\" content=\"Est. tempo de leitura\" \/>\n\t<meta name=\"twitter:data2\" content=\"4 minutos\" \/>\n<script type=\"application\/ld+json\" class=\"yoast-schema-graph\">{\"@context\":\"https:\/\/schema.org\",\"@graph\":[{\"@type\":\"Article\",\"@id\":\"https:\/\/agenciainfra.com\/blog\/fgv-tarifa-de-transporte-do-gas-industrial-varia-de-10-a-13-do-preco-final\/#article\",\"isPartOf\":{\"@id\":\"https:\/\/agenciainfra.com\/blog\/fgv-tarifa-de-transporte-do-gas-industrial-varia-de-10-a-13-do-preco-final\/\"},\"author\":{\"name\":\"Ag\u00eancia iNFRA\",\"@id\":\"https:\/\/agenciainfra.com\/blog\/#\/schema\/person\/34af08dff6adea4cb22b06612ba7acfa\"},\"headline\":\"FGV: Tarifa de transporte do g\u00e1s industrial varia de 10% a 13% do pre\u00e7o final\",\"datePublished\":\"2025-12-11T00:57:39+00:00\",\"dateModified\":\"2025-12-11T20:09:51+00:00\",\"mainEntityOfPage\":{\"@id\":\"https:\/\/agenciainfra.com\/blog\/fgv-tarifa-de-transporte-do-gas-industrial-varia-de-10-a-13-do-preco-final\/\"},\"wordCount\":761,\"publisher\":{\"@id\":\"https:\/\/agenciainfra.com\/blog\/#organization\"},\"image\":{\"@id\":\"https:\/\/agenciainfra.com\/blog\/fgv-tarifa-de-transporte-do-gas-industrial-varia-de-10-a-13-do-preco-final\/#primaryimage\"},\"thumbnailUrl\":\"https:\/\/agenciainfra.com\/blog\/wp-content\/uploads\/2020\/10\/gas-natural-foto-tbg.jpg\",\"keywords\":[\"Atg\u00e1s\",\"Ceri\/FGV\",\"Coari-Manaus\",\"consumidores comerciais\",\"consumidores industriais\",\"consumidores residenciais\",\"Diogo Lisbona\",\"FGV\",\"Funda\u00e7\u00e3o Getulio Vargas\",\"Gabriel Vasconcelos\",\"g\u00e1s natural\",\"gasoduto\",\"Petrobras\",\"tarifas\",\"transporte de g\u00e1s\"],\"articleSection\":[\"\u00d3leo &amp; G\u00e1s\"],\"inLanguage\":\"pt-BR\",\"copyrightYear\":\"2025\",\"copyrightHolder\":{\"@id\":\"https:\/\/agenciainfra.com\/blog\/#organization\"}},{\"@type\":\"WebPage\",\"@id\":\"https:\/\/agenciainfra.com\/blog\/fgv-tarifa-de-transporte-do-gas-industrial-varia-de-10-a-13-do-preco-final\/\",\"url\":\"https:\/\/agenciainfra.com\/blog\/fgv-tarifa-de-transporte-do-gas-industrial-varia-de-10-a-13-do-preco-final\/\",\"name\":\"FGV: Tarifa de transporte do g\u00e1s industrial varia de 10% a 13% do pre\u00e7o final - Ag\u00eancia iNFRA\",\"isPartOf\":{\"@id\":\"https:\/\/agenciainfra.com\/blog\/#website\"},\"primaryImageOfPage\":{\"@id\":\"https:\/\/agenciainfra.com\/blog\/fgv-tarifa-de-transporte-do-gas-industrial-varia-de-10-a-13-do-preco-final\/#primaryimage\"},\"image\":{\"@id\":\"https:\/\/agenciainfra.com\/blog\/fgv-tarifa-de-transporte-do-gas-industrial-varia-de-10-a-13-do-preco-final\/#primaryimage\"},\"thumbnailUrl\":\"https:\/\/agenciainfra.com\/blog\/wp-content\/uploads\/2020\/10\/gas-natural-foto-tbg.jpg\",\"datePublished\":\"2025-12-11T00:57:39+00:00\",\"dateModified\":\"2025-12-11T20:09:51+00:00\",\"breadcrumb\":{\"@id\":\"https:\/\/agenciainfra.com\/blog\/fgv-tarifa-de-transporte-do-gas-industrial-varia-de-10-a-13-do-preco-final\/#breadcrumb\"},\"inLanguage\":\"pt-BR\",\"potentialAction\":[{\"@type\":\"ReadAction\",\"target\":[\"https:\/\/agenciainfra.com\/blog\/fgv-tarifa-de-transporte-do-gas-industrial-varia-de-10-a-13-do-preco-final\/\"]}]},{\"@type\":\"ImageObject\",\"inLanguage\":\"pt-BR\",\"@id\":\"https:\/\/agenciainfra.com\/blog\/fgv-tarifa-de-transporte-do-gas-industrial-varia-de-10-a-13-do-preco-final\/#primaryimage\",\"url\":\"https:\/\/agenciainfra.com\/blog\/wp-content\/uploads\/2020\/10\/gas-natural-foto-tbg.jpg\",\"contentUrl\":\"https:\/\/agenciainfra.com\/blog\/wp-content\/uploads\/2020\/10\/gas-natural-foto-tbg.jpg\",\"width\":1280,\"height\":851,\"caption\":\"Foto: TBG\/Divulga\u00e7\u00e3o\"},{\"@type\":\"BreadcrumbList\",\"@id\":\"https:\/\/agenciainfra.com\/blog\/fgv-tarifa-de-transporte-do-gas-industrial-varia-de-10-a-13-do-preco-final\/#breadcrumb\",\"itemListElement\":[{\"@type\":\"ListItem\",\"position\":1,\"name\":\"In\u00edcio\",\"item\":\"https:\/\/agenciainfra.com\/blog\/\"},{\"@type\":\"ListItem\",\"position\":2,\"name\":\"FGV: Tarifa de transporte do g\u00e1s industrial varia de 10% a 13% do pre\u00e7o final\"}]},{\"@type\":\"WebSite\",\"@id\":\"https:\/\/agenciainfra.com\/blog\/#website\",\"url\":\"https:\/\/agenciainfra.com\/blog\/\",\"name\":\"Ag\u00eancia iNFRA\",\"description\":\"Multiplataforma de informa\u00e7\u00e3o jornal\u00edstica refer\u00eancia na \u00e1rea de infraestrutura no Brasil!\",\"publisher\":{\"@id\":\"https:\/\/agenciainfra.com\/blog\/#organization\"},\"potentialAction\":[{\"@type\":\"SearchAction\",\"target\":{\"@type\":\"EntryPoint\",\"urlTemplate\":\"https:\/\/agenciainfra.com\/blog\/?s={search_term_string}\"},\"query-input\":{\"@type\":\"PropertyValueSpecification\",\"valueRequired\":true,\"valueName\":\"search_term_string\"}}],\"inLanguage\":\"pt-BR\"},{\"@type\":\"Organization\",\"@id\":\"https:\/\/agenciainfra.com\/blog\/#organization\",\"name\":\"Ag\u00eancia iNFRA\",\"url\":\"https:\/\/agenciainfra.com\/blog\/\",\"logo\":{\"@type\":\"ImageObject\",\"inLanguage\":\"pt-BR\",\"@id\":\"https:\/\/agenciainfra.com\/blog\/#\/schema\/logo\/image\/\",\"url\":\"https:\/\/agenciainfra.com\/blog\/wp-content\/uploads\/2023\/09\/iNFRA_5-e1761735885940.png\",\"contentUrl\":\"https:\/\/agenciainfra.com\/blog\/wp-content\/uploads\/2023\/09\/iNFRA_5-e1761735885940.png\",\"width\":1672,\"height\":454,\"caption\":\"Ag\u00eancia iNFRA\"},\"image\":{\"@id\":\"https:\/\/agenciainfra.com\/blog\/#\/schema\/logo\/image\/\"},\"sameAs\":[\"https:\/\/www.facebook.com\/ageninfra\",\"https:\/\/x.com\/agencia_infra\",\"https:\/\/www.linkedin.com\/company\/ag\u00eanciainfra\/\",\"https:\/\/www.instagram.com\/agenciainfra\/\"]},{\"@type\":\"Person\",\"@id\":\"https:\/\/agenciainfra.com\/blog\/#\/schema\/person\/34af08dff6adea4cb22b06612ba7acfa\",\"name\":\"Ag\u00eancia iNFRA\",\"image\":{\"@type\":\"ImageObject\",\"inLanguage\":\"pt-BR\",\"@id\":\"https:\/\/agenciainfra.com\/blog\/#\/schema\/person\/image\/\",\"url\":\"https:\/\/secure.gravatar.com\/avatar\/d189e01678f06d8eb84d4e01f08eb848b3fffe3f8443818d3c356c66892f5be8?s=96&d=mm&r=g\",\"contentUrl\":\"https:\/\/secure.gravatar.com\/avatar\/d189e01678f06d8eb84d4e01f08eb848b3fffe3f8443818d3c356c66892f5be8?s=96&d=mm&r=g\",\"caption\":\"Ag\u00eancia iNFRA\"},\"url\":\"https:\/\/agenciainfra.com\/blog\/author\/admin\/\"}]}<\/script>\n<!-- \/ Yoast SEO Premium plugin. -->","yoast_head_json":{"title":"FGV: Tarifa de transporte do g\u00e1s industrial varia de 10% a 13% do pre\u00e7o final - Ag\u00eancia iNFRA","robots":{"index":"index","follow":"follow","max-snippet":"max-snippet:-1","max-image-preview":"max-image-preview:large","max-video-preview":"max-video-preview:-1"},"canonical":"https:\/\/agenciainfra.com\/blog\/fgv-tarifa-de-transporte-do-gas-industrial-varia-de-10-a-13-do-preco-final\/","og_locale":"pt_BR","og_type":"article","og_title":"FGV: Tarifa de transporte do g\u00e1s industrial varia de 10% a 13% do pre\u00e7o final","og_description":"Gabriel Vasconcelos, da Ag\u00eancia iNFRA As m\u00e9dias do pre\u00e7o da tarifa de transporte de g\u00e1s natural para clientes industriais variam entre 10% e 13% do pre\u00e7o final da mol\u00e9cula nas regi\u00f5es Sul, Sudeste, Nordeste e Centro-Oeste, aponta estudo do Ceri\/FGV (Centro de Estudos em Regula\u00e7\u00e3o e Infraestrutura da Funda\u00e7\u00e3o Getulio Vargas) encomendado pela Atg\u00e1s (Associa\u00e7\u00e3o [&hellip;]","og_url":"https:\/\/agenciainfra.com\/blog\/fgv-tarifa-de-transporte-do-gas-industrial-varia-de-10-a-13-do-preco-final\/","og_site_name":"Ag\u00eancia iNFRA","article_publisher":"https:\/\/www.facebook.com\/ageninfra","article_published_time":"2025-12-11T00:57:39+00:00","article_modified_time":"2025-12-11T20:09:51+00:00","og_image":[{"width":1280,"height":851,"url":"https:\/\/agenciainfra.com\/blog\/wp-content\/uploads\/2020\/10\/gas-natural-foto-tbg.jpg","type":"image\/jpeg"}],"author":"Ag\u00eancia iNFRA","twitter_card":"summary_large_image","twitter_creator":"@agencia_infra","twitter_site":"@agencia_infra","twitter_misc":{"Escrito por":"Ag\u00eancia iNFRA","Est. tempo de leitura":"4 minutos"},"schema":{"@context":"https:\/\/schema.org","@graph":[{"@type":"Article","@id":"https:\/\/agenciainfra.com\/blog\/fgv-tarifa-de-transporte-do-gas-industrial-varia-de-10-a-13-do-preco-final\/#article","isPartOf":{"@id":"https:\/\/agenciainfra.com\/blog\/fgv-tarifa-de-transporte-do-gas-industrial-varia-de-10-a-13-do-preco-final\/"},"author":{"name":"Ag\u00eancia iNFRA","@id":"https:\/\/agenciainfra.com\/blog\/#\/schema\/person\/34af08dff6adea4cb22b06612ba7acfa"},"headline":"FGV: Tarifa de transporte do g\u00e1s industrial varia de 10% a 13% do pre\u00e7o final","datePublished":"2025-12-11T00:57:39+00:00","dateModified":"2025-12-11T20:09:51+00:00","mainEntityOfPage":{"@id":"https:\/\/agenciainfra.com\/blog\/fgv-tarifa-de-transporte-do-gas-industrial-varia-de-10-a-13-do-preco-final\/"},"wordCount":761,"publisher":{"@id":"https:\/\/agenciainfra.com\/blog\/#organization"},"image":{"@id":"https:\/\/agenciainfra.com\/blog\/fgv-tarifa-de-transporte-do-gas-industrial-varia-de-10-a-13-do-preco-final\/#primaryimage"},"thumbnailUrl":"https:\/\/agenciainfra.com\/blog\/wp-content\/uploads\/2020\/10\/gas-natural-foto-tbg.jpg","keywords":["Atg\u00e1s","Ceri\/FGV","Coari-Manaus","consumidores comerciais","consumidores industriais","consumidores residenciais","Diogo Lisbona","FGV","Funda\u00e7\u00e3o Getulio Vargas","Gabriel Vasconcelos","g\u00e1s natural","gasoduto","Petrobras","tarifas","transporte de g\u00e1s"],"articleSection":["\u00d3leo &amp; G\u00e1s"],"inLanguage":"pt-BR","copyrightYear":"2025","copyrightHolder":{"@id":"https:\/\/agenciainfra.com\/blog\/#organization"}},{"@type":"WebPage","@id":"https:\/\/agenciainfra.com\/blog\/fgv-tarifa-de-transporte-do-gas-industrial-varia-de-10-a-13-do-preco-final\/","url":"https:\/\/agenciainfra.com\/blog\/fgv-tarifa-de-transporte-do-gas-industrial-varia-de-10-a-13-do-preco-final\/","name":"FGV: Tarifa de transporte do g\u00e1s industrial varia de 10% a 13% do pre\u00e7o final - Ag\u00eancia iNFRA","isPartOf":{"@id":"https:\/\/agenciainfra.com\/blog\/#website"},"primaryImageOfPage":{"@id":"https:\/\/agenciainfra.com\/blog\/fgv-tarifa-de-transporte-do-gas-industrial-varia-de-10-a-13-do-preco-final\/#primaryimage"},"image":{"@id":"https:\/\/agenciainfra.com\/blog\/fgv-tarifa-de-transporte-do-gas-industrial-varia-de-10-a-13-do-preco-final\/#primaryimage"},"thumbnailUrl":"https:\/\/agenciainfra.com\/blog\/wp-content\/uploads\/2020\/10\/gas-natural-foto-tbg.jpg","datePublished":"2025-12-11T00:57:39+00:00","dateModified":"2025-12-11T20:09:51+00:00","breadcrumb":{"@id":"https:\/\/agenciainfra.com\/blog\/fgv-tarifa-de-transporte-do-gas-industrial-varia-de-10-a-13-do-preco-final\/#breadcrumb"},"inLanguage":"pt-BR","potentialAction":[{"@type":"ReadAction","target":["https:\/\/agenciainfra.com\/blog\/fgv-tarifa-de-transporte-do-gas-industrial-varia-de-10-a-13-do-preco-final\/"]}]},{"@type":"ImageObject","inLanguage":"pt-BR","@id":"https:\/\/agenciainfra.com\/blog\/fgv-tarifa-de-transporte-do-gas-industrial-varia-de-10-a-13-do-preco-final\/#primaryimage","url":"https:\/\/agenciainfra.com\/blog\/wp-content\/uploads\/2020\/10\/gas-natural-foto-tbg.jpg","contentUrl":"https:\/\/agenciainfra.com\/blog\/wp-content\/uploads\/2020\/10\/gas-natural-foto-tbg.jpg","width":1280,"height":851,"caption":"Foto: TBG\/Divulga\u00e7\u00e3o"},{"@type":"BreadcrumbList","@id":"https:\/\/agenciainfra.com\/blog\/fgv-tarifa-de-transporte-do-gas-industrial-varia-de-10-a-13-do-preco-final\/#breadcrumb","itemListElement":[{"@type":"ListItem","position":1,"name":"In\u00edcio","item":"https:\/\/agenciainfra.com\/blog\/"},{"@type":"ListItem","position":2,"name":"FGV: Tarifa de transporte do g\u00e1s industrial varia de 10% a 13% do pre\u00e7o final"}]},{"@type":"WebSite","@id":"https:\/\/agenciainfra.com\/blog\/#website","url":"https:\/\/agenciainfra.com\/blog\/","name":"Ag\u00eancia iNFRA","description":"Multiplataforma de informa\u00e7\u00e3o jornal\u00edstica refer\u00eancia na \u00e1rea de infraestrutura no Brasil!","publisher":{"@id":"https:\/\/agenciainfra.com\/blog\/#organization"},"potentialAction":[{"@type":"SearchAction","target":{"@type":"EntryPoint","urlTemplate":"https:\/\/agenciainfra.com\/blog\/?s={search_term_string}"},"query-input":{"@type":"PropertyValueSpecification","valueRequired":true,"valueName":"search_term_string"}}],"inLanguage":"pt-BR"},{"@type":"Organization","@id":"https:\/\/agenciainfra.com\/blog\/#organization","name":"Ag\u00eancia iNFRA","url":"https:\/\/agenciainfra.com\/blog\/","logo":{"@type":"ImageObject","inLanguage":"pt-BR","@id":"https:\/\/agenciainfra.com\/blog\/#\/schema\/logo\/image\/","url":"https:\/\/agenciainfra.com\/blog\/wp-content\/uploads\/2023\/09\/iNFRA_5-e1761735885940.png","contentUrl":"https:\/\/agenciainfra.com\/blog\/wp-content\/uploads\/2023\/09\/iNFRA_5-e1761735885940.png","width":1672,"height":454,"caption":"Ag\u00eancia iNFRA"},"image":{"@id":"https:\/\/agenciainfra.com\/blog\/#\/schema\/logo\/image\/"},"sameAs":["https:\/\/www.facebook.com\/ageninfra","https:\/\/x.com\/agencia_infra","https:\/\/www.linkedin.com\/company\/ag\u00eanciainfra\/","https:\/\/www.instagram.com\/agenciainfra\/"]},{"@type":"Person","@id":"https:\/\/agenciainfra.com\/blog\/#\/schema\/person\/34af08dff6adea4cb22b06612ba7acfa","name":"Ag\u00eancia iNFRA","image":{"@type":"ImageObject","inLanguage":"pt-BR","@id":"https:\/\/agenciainfra.com\/blog\/#\/schema\/person\/image\/","url":"https:\/\/secure.gravatar.com\/avatar\/d189e01678f06d8eb84d4e01f08eb848b3fffe3f8443818d3c356c66892f5be8?s=96&d=mm&r=g","contentUrl":"https:\/\/secure.gravatar.com\/avatar\/d189e01678f06d8eb84d4e01f08eb848b3fffe3f8443818d3c356c66892f5be8?s=96&d=mm&r=g","caption":"Ag\u00eancia iNFRA"},"url":"https:\/\/agenciainfra.com\/blog\/author\/admin\/"}]}},"_links":{"self":[{"href":"https:\/\/agenciainfra.com\/blog\/wp-json\/wp\/v2\/posts\/33703","targetHints":{"allow":["GET"]}}],"collection":[{"href":"https:\/\/agenciainfra.com\/blog\/wp-json\/wp\/v2\/posts"}],"about":[{"href":"https:\/\/agenciainfra.com\/blog\/wp-json\/wp\/v2\/types\/post"}],"author":[{"embeddable":true,"href":"https:\/\/agenciainfra.com\/blog\/wp-json\/wp\/v2\/users\/1"}],"replies":[{"embeddable":true,"href":"https:\/\/agenciainfra.com\/blog\/wp-json\/wp\/v2\/comments?post=33703"}],"version-history":[{"count":1,"href":"https:\/\/agenciainfra.com\/blog\/wp-json\/wp\/v2\/posts\/33703\/revisions"}],"predecessor-version":[{"id":33705,"href":"https:\/\/agenciainfra.com\/blog\/wp-json\/wp\/v2\/posts\/33703\/revisions\/33705"}],"wp:featuredmedia":[{"embeddable":true,"href":"https:\/\/agenciainfra.com\/blog\/wp-json\/wp\/v2\/media\/6259"}],"wp:attachment":[{"href":"https:\/\/agenciainfra.com\/blog\/wp-json\/wp\/v2\/media?parent=33703"}],"wp:term":[{"taxonomy":"category","embeddable":true,"href":"https:\/\/agenciainfra.com\/blog\/wp-json\/wp\/v2\/categories?post=33703"},{"taxonomy":"post_tag","embeddable":true,"href":"https:\/\/agenciainfra.com\/blog\/wp-json\/wp\/v2\/tags?post=33703"}],"curies":[{"name":"wp","href":"https:\/\/api.w.org\/{rel}","templated":true}]}}