{"id":33713,"date":"2025-12-11T10:35:44","date_gmt":"2025-12-11T13:35:44","guid":{"rendered":"https:\/\/agenciainfra.com\/blog\/?p=33713"},"modified":"2025-12-12T12:04:42","modified_gmt":"2025-12-12T15:04:42","slug":"galeao-anac-aprova-edital-para-teste-de-mercado-de-contrato-repactuado","status":"publish","type":"post","link":"https:\/\/agenciainfra.com\/blog\/galeao-anac-aprova-edital-para-teste-de-mercado-de-contrato-repactuado\/","title":{"rendered":"Gale\u00e3o: ANAC aprova edital e teste de mercado ser\u00e1 em 30 de mar\u00e7o"},"content":{"rendered":"\n<p class=\"has-text-align-right\"><strong>Amanda Pupo, da Ag\u00eancia iNFRA<\/strong><\/p>\n\n\n\n<p>A diretoria da ANAC (Ag\u00eancia Nacional de Avia\u00e7\u00e3o Civil) marcou para 30 de mar\u00e7o o processo que colocar\u00e1 o contrato repactuado do Aeroporto Internacional do Gale\u00e3o (RJ) para disputa do mercado. Ser\u00e1 o primeiro leil\u00e3o simplificado de terminais a\u00e9reos e um teste que pode tirar a atual operadora da gest\u00e3o do ativo se mais players tiverem interesse e ofertarem propostas melhores. O lance m\u00ednimo do certame \u00e9 de R$ 932,8 milh\u00f5es. O edital e a minuta do novo contrato foram aprovados nesta quinta-feira (11) pela reguladora.<\/p>\n\n\n\n<p>O vencedor vai administrar o aeroporto, concedido \u00e0 RIOgale\u00e3o desde 2014, sob novos par\u00e2metros. Um deles \u00e9 o fim da sociedade com a Infraero, que atualmente tem 49% da concess\u00e3o. A sa\u00edda da estatal foi acordada em R$ 502 milh\u00f5es. O&nbsp;novo arranjo tamb\u00e9m prev\u00ea a exclus\u00e3o da constru\u00e7\u00e3o de uma terceira pista de pouso e decolagem no aeroporto e a transi\u00e7\u00e3o do modelo de outorga fixa para vari\u00e1vel.&nbsp;<\/p>\n\n\n\n<p>O contrato foi remodelado em negocia\u00e7\u00f5es na SecexConsenso do TCU (Tribunal de Contas da Uni\u00e3o) e aprovado pelo plen\u00e1rio da corte em junho. Na ANAC, o processo foi relatado pelo diretor-presidente da ag\u00eancia, Tiago Faierstein.&nbsp;<\/p>\n\n\n\n<p>Segundo ele, foram feitas algumas altera\u00e7\u00f5es nos documentos apresentados&nbsp;\u00e0 consulta p\u00fablica, encerrada em 5 de novembro. Entre elas, a corre\u00e7\u00e3o de imprecis\u00e3o que permitia interpretar que a controladora atual do aeroporto estaria pr\u00e9-habilitada a participar da etapa de viva-voz.<\/p>\n\n\n\n<p>Foi tamb\u00e9m inclu\u00eddo um mecanismo de indeniza\u00e7\u00e3o \u00e0 proponente vencedora na hip\u00f3tese de identifica\u00e7\u00e3o ou materializa\u00e7\u00e3o de passivos ocultos. A ideia dos ajustes foi de melhorar a competitividade do teste de mercado e tentar atrair mais interesse de operadoras para a disputa.<\/p>\n\n\n\n<p>A diretoria ainda incluiu os administradores da concession\u00e1ria no rol de sujeitos obrigados a fornecer informa\u00e7\u00f5es no \u00e2mbito do processo e alterou a data de pagamento do saldo da contribui\u00e7\u00e3o inicial para viabilizar a operacionaliza\u00e7\u00e3o do uso de reflexos tribut\u00e1rios, entre outras modifica\u00e7\u00f5es. &nbsp;<\/p>\n\n\n\n<p>Depois de fechar a repactua\u00e7\u00e3o, a Changi, parte privada da gest\u00e3o do Gale\u00e3o, fechou um acordo para o fundo da Vinci Compass assumir 70% das a\u00e7\u00f5es que a operadora tem na concess\u00e3o. O neg\u00f3cio&nbsp;foi visto no setor como uma forma de a empresa de Cingapura se fortalecer financeiramente para concorrer pelo&nbsp;ativo em mar\u00e7o.&nbsp;<\/p>\n\n\n\n<p>O termo necess\u00e1rio para o avan\u00e7o do teste de mercado&nbsp;s\u00f3 foi assinado pela concession\u00e1ria quase quatro meses ap\u00f3s&nbsp;o plen\u00e1rio do TCU validar o acordo de repactua\u00e7\u00e3o. Apesar do atraso, a ANAC conseguiu manter a previs\u00e3o inicial de realizar o teste de mercado em mar\u00e7o, o que foi destacado pelo diretor Tiago Pereira.&nbsp;<\/p>\n\n\n\n<p>\u201cA \u00e1rea t\u00e9cnica n\u00e3o s\u00f3 conduziu, como sempre, brilhantemente o processo, como recuperou alguns prazos. Vamos conseguir fazer o leil\u00e3o dentro do prazo estipulado no acordo com a SecexConsenso gra\u00e7as \u00e0 equipe t\u00e9cnica da SRA [Superintend\u00eancia de Regula\u00e7\u00e3o Econ\u00f4mica de Aeroportos]\u201d, disse.<\/p>\n\n\n\n<p><em>Este texto foi alterado em 12 de dezembro, \u00e0s 07:42 para acr\u00e9scimo de informa\u00e7\u00f5es.<\/em><\/p>\n\n\n\n<p><\/p>\n","protected":false},"excerpt":{"rendered":"<p>Amanda Pupo, da Ag\u00eancia iNFRA A diretoria da ANAC (Ag\u00eancia Nacional de Avia\u00e7\u00e3o Civil) marcou para 30 de mar\u00e7o o processo que colocar\u00e1 o contrato repactuado do Aeroporto Internacional do Gale\u00e3o (RJ) para disputa do mercado. Ser\u00e1 o primeiro leil\u00e3o simplificado de terminais a\u00e9reos e um teste que pode tirar a atual operadora da gest\u00e3o [&hellip;]<\/p>\n","protected":false},"author":1,"featured_media":6355,"comment_status":"closed","ping_status":"closed","sticky":false,"template":"","format":"standard","meta":{"_monsterinsights_skip_tracking":false,"_monsterinsights_sitenote_active":false,"_monsterinsights_sitenote_note":"","_monsterinsights_sitenote_category":0,"footnotes":""},"categories":[7250,7],"tags":[2128,6636,13354,242,61,2131,7218,18,17461,12029,927],"class_list":["post-33713","post","type-post","status-publish","format-standard","has-post-thumbnail","hentry","category-destaque-lista","category-infratransporte","tag-aeroporto-do-galeao","tag-agencia-nacional-de-aviacao-civil","tag-amanda-pupo","tag-anac","tag-infraero","tag-repactuacao","tag-secexconsenso","tag-tcu","tag-teste-de-mercado","tag-tiago-faierstein","tag-tribunal-de-contas-da-uniao"],"yoast_head":"<!-- This site is optimized with the Yoast SEO Premium plugin v25.4 (Yoast SEO v26.0) - https:\/\/yoast.com\/wordpress\/plugins\/seo\/ -->\n<title>Gale\u00e3o: ANAC aprova edital e teste de mercado ser\u00e1 em 30 de mar\u00e7o - Ag\u00eancia iNFRA<\/title>\n<meta name=\"robots\" content=\"index, follow, max-snippet:-1, max-image-preview:large, max-video-preview:-1\" \/>\n<link rel=\"canonical\" href=\"https:\/\/agenciainfra.com\/blog\/galeao-anac-aprova-edital-para-teste-de-mercado-de-contrato-repactuado\/\" \/>\n<meta property=\"og:locale\" content=\"pt_BR\" \/>\n<meta property=\"og:type\" content=\"article\" \/>\n<meta property=\"og:title\" content=\"Gale\u00e3o: ANAC aprova edital e teste de mercado ser\u00e1 em 30 de mar\u00e7o\" \/>\n<meta property=\"og:description\" content=\"Amanda Pupo, da Ag\u00eancia iNFRA A diretoria da ANAC (Ag\u00eancia Nacional de Avia\u00e7\u00e3o Civil) marcou para 30 de mar\u00e7o o processo que colocar\u00e1 o contrato repactuado do Aeroporto Internacional do Gale\u00e3o (RJ) para disputa do mercado. Ser\u00e1 o primeiro leil\u00e3o simplificado de terminais a\u00e9reos e um teste que pode tirar a atual operadora da gest\u00e3o [&hellip;]\" \/>\n<meta property=\"og:url\" content=\"https:\/\/agenciainfra.com\/blog\/galeao-anac-aprova-edital-para-teste-de-mercado-de-contrato-repactuado\/\" \/>\n<meta property=\"og:site_name\" content=\"Ag\u00eancia iNFRA\" \/>\n<meta property=\"article:publisher\" content=\"https:\/\/www.facebook.com\/ageninfra\" \/>\n<meta property=\"article:published_time\" content=\"2025-12-11T13:35:44+00:00\" \/>\n<meta property=\"article:modified_time\" content=\"2025-12-12T15:04:42+00:00\" \/>\n<meta property=\"og:image\" content=\"https:\/\/agenciainfra.com\/blog\/wp-content\/uploads\/2020\/11\/aeroporto-galeao-foto-ministerio-do-esporte.jpg\" \/>\n\t<meta property=\"og:image:width\" content=\"1280\" \/>\n\t<meta property=\"og:image:height\" content=\"950\" \/>\n\t<meta property=\"og:image:type\" content=\"image\/jpeg\" \/>\n<meta name=\"author\" content=\"Ag\u00eancia iNFRA\" \/>\n<meta name=\"twitter:card\" content=\"summary_large_image\" \/>\n<meta name=\"twitter:creator\" content=\"@agencia_infra\" \/>\n<meta name=\"twitter:site\" content=\"@agencia_infra\" \/>\n<meta name=\"twitter:label1\" content=\"Escrito por\" \/>\n\t<meta name=\"twitter:data1\" content=\"Ag\u00eancia iNFRA\" \/>\n\t<meta name=\"twitter:label2\" content=\"Est. tempo de leitura\" \/>\n\t<meta name=\"twitter:data2\" content=\"3 minutos\" \/>\n<script type=\"application\/ld+json\" class=\"yoast-schema-graph\">{\"@context\":\"https:\/\/schema.org\",\"@graph\":[{\"@type\":\"Article\",\"@id\":\"https:\/\/agenciainfra.com\/blog\/galeao-anac-aprova-edital-para-teste-de-mercado-de-contrato-repactuado\/#article\",\"isPartOf\":{\"@id\":\"https:\/\/agenciainfra.com\/blog\/galeao-anac-aprova-edital-para-teste-de-mercado-de-contrato-repactuado\/\"},\"author\":{\"name\":\"Ag\u00eancia iNFRA\",\"@id\":\"https:\/\/agenciainfra.com\/blog\/#\/schema\/person\/34af08dff6adea4cb22b06612ba7acfa\"},\"headline\":\"Gale\u00e3o: ANAC aprova edital e teste de mercado ser\u00e1 em 30 de mar\u00e7o\",\"datePublished\":\"2025-12-11T13:35:44+00:00\",\"dateModified\":\"2025-12-12T15:04:42+00:00\",\"mainEntityOfPage\":{\"@id\":\"https:\/\/agenciainfra.com\/blog\/galeao-anac-aprova-edital-para-teste-de-mercado-de-contrato-repactuado\/\"},\"wordCount\":560,\"publisher\":{\"@id\":\"https:\/\/agenciainfra.com\/blog\/#organization\"},\"image\":{\"@id\":\"https:\/\/agenciainfra.com\/blog\/galeao-anac-aprova-edital-para-teste-de-mercado-de-contrato-repactuado\/#primaryimage\"},\"thumbnailUrl\":\"https:\/\/agenciainfra.com\/blog\/wp-content\/uploads\/2020\/11\/aeroporto-galeao-foto-ministerio-do-esporte.jpg\",\"keywords\":[\"Aeroporto do Gale\u00e3o\",\"Ag\u00eancia Nacional de Avia\u00e7\u00e3o Civil\",\"Amanda Pupo\",\"ANAC\",\"Infraero\",\"repactua\u00e7\u00e3o\",\"SecexConsenso\",\"TCU\",\"teste de mercado\",\"Tiago Faierstein\",\"Tribunal de Contas da Uni\u00e3o\"],\"articleSection\":[\"Destaque lista\",\"iNFRATransporte\"],\"inLanguage\":\"pt-BR\",\"copyrightYear\":\"2025\",\"copyrightHolder\":{\"@id\":\"https:\/\/agenciainfra.com\/blog\/#organization\"}},{\"@type\":\"WebPage\",\"@id\":\"https:\/\/agenciainfra.com\/blog\/galeao-anac-aprova-edital-para-teste-de-mercado-de-contrato-repactuado\/\",\"url\":\"https:\/\/agenciainfra.com\/blog\/galeao-anac-aprova-edital-para-teste-de-mercado-de-contrato-repactuado\/\",\"name\":\"Gale\u00e3o: ANAC aprova edital e teste de mercado ser\u00e1 em 30 de mar\u00e7o - Ag\u00eancia iNFRA\",\"isPartOf\":{\"@id\":\"https:\/\/agenciainfra.com\/blog\/#website\"},\"primaryImageOfPage\":{\"@id\":\"https:\/\/agenciainfra.com\/blog\/galeao-anac-aprova-edital-para-teste-de-mercado-de-contrato-repactuado\/#primaryimage\"},\"image\":{\"@id\":\"https:\/\/agenciainfra.com\/blog\/galeao-anac-aprova-edital-para-teste-de-mercado-de-contrato-repactuado\/#primaryimage\"},\"thumbnailUrl\":\"https:\/\/agenciainfra.com\/blog\/wp-content\/uploads\/2020\/11\/aeroporto-galeao-foto-ministerio-do-esporte.jpg\",\"datePublished\":\"2025-12-11T13:35:44+00:00\",\"dateModified\":\"2025-12-12T15:04:42+00:00\",\"breadcrumb\":{\"@id\":\"https:\/\/agenciainfra.com\/blog\/galeao-anac-aprova-edital-para-teste-de-mercado-de-contrato-repactuado\/#breadcrumb\"},\"inLanguage\":\"pt-BR\",\"potentialAction\":[{\"@type\":\"ReadAction\",\"target\":[\"https:\/\/agenciainfra.com\/blog\/galeao-anac-aprova-edital-para-teste-de-mercado-de-contrato-repactuado\/\"]}]},{\"@type\":\"ImageObject\",\"inLanguage\":\"pt-BR\",\"@id\":\"https:\/\/agenciainfra.com\/blog\/galeao-anac-aprova-edital-para-teste-de-mercado-de-contrato-repactuado\/#primaryimage\",\"url\":\"https:\/\/agenciainfra.com\/blog\/wp-content\/uploads\/2020\/11\/aeroporto-galeao-foto-ministerio-do-esporte.jpg\",\"contentUrl\":\"https:\/\/agenciainfra.com\/blog\/wp-content\/uploads\/2020\/11\/aeroporto-galeao-foto-ministerio-do-esporte.jpg\",\"width\":1280,\"height\":950,\"caption\":\"Foto: Minist\u00e9rio do Esporte\"},{\"@type\":\"BreadcrumbList\",\"@id\":\"https:\/\/agenciainfra.com\/blog\/galeao-anac-aprova-edital-para-teste-de-mercado-de-contrato-repactuado\/#breadcrumb\",\"itemListElement\":[{\"@type\":\"ListItem\",\"position\":1,\"name\":\"In\u00edcio\",\"item\":\"https:\/\/agenciainfra.com\/blog\/\"},{\"@type\":\"ListItem\",\"position\":2,\"name\":\"Gale\u00e3o: ANAC aprova edital e teste de mercado ser\u00e1 em 30 de mar\u00e7o\"}]},{\"@type\":\"WebSite\",\"@id\":\"https:\/\/agenciainfra.com\/blog\/#website\",\"url\":\"https:\/\/agenciainfra.com\/blog\/\",\"name\":\"Ag\u00eancia iNFRA\",\"description\":\"Multiplataforma de informa\u00e7\u00e3o jornal\u00edstica refer\u00eancia na \u00e1rea de infraestrutura no Brasil!\",\"publisher\":{\"@id\":\"https:\/\/agenciainfra.com\/blog\/#organization\"},\"potentialAction\":[{\"@type\":\"SearchAction\",\"target\":{\"@type\":\"EntryPoint\",\"urlTemplate\":\"https:\/\/agenciainfra.com\/blog\/?s={search_term_string}\"},\"query-input\":{\"@type\":\"PropertyValueSpecification\",\"valueRequired\":true,\"valueName\":\"search_term_string\"}}],\"inLanguage\":\"pt-BR\"},{\"@type\":\"Organization\",\"@id\":\"https:\/\/agenciainfra.com\/blog\/#organization\",\"name\":\"Ag\u00eancia iNFRA\",\"url\":\"https:\/\/agenciainfra.com\/blog\/\",\"logo\":{\"@type\":\"ImageObject\",\"inLanguage\":\"pt-BR\",\"@id\":\"https:\/\/agenciainfra.com\/blog\/#\/schema\/logo\/image\/\",\"url\":\"https:\/\/agenciainfra.com\/blog\/wp-content\/uploads\/2023\/09\/iNFRA_5-e1761735885940.png\",\"contentUrl\":\"https:\/\/agenciainfra.com\/blog\/wp-content\/uploads\/2023\/09\/iNFRA_5-e1761735885940.png\",\"width\":1672,\"height\":454,\"caption\":\"Ag\u00eancia iNFRA\"},\"image\":{\"@id\":\"https:\/\/agenciainfra.com\/blog\/#\/schema\/logo\/image\/\"},\"sameAs\":[\"https:\/\/www.facebook.com\/ageninfra\",\"https:\/\/x.com\/agencia_infra\",\"https:\/\/www.linkedin.com\/company\/ag\u00eanciainfra\/\",\"https:\/\/www.instagram.com\/agenciainfra\/\"]},{\"@type\":\"Person\",\"@id\":\"https:\/\/agenciainfra.com\/blog\/#\/schema\/person\/34af08dff6adea4cb22b06612ba7acfa\",\"name\":\"Ag\u00eancia iNFRA\",\"image\":{\"@type\":\"ImageObject\",\"inLanguage\":\"pt-BR\",\"@id\":\"https:\/\/agenciainfra.com\/blog\/#\/schema\/person\/image\/\",\"url\":\"https:\/\/secure.gravatar.com\/avatar\/d189e01678f06d8eb84d4e01f08eb848b3fffe3f8443818d3c356c66892f5be8?s=96&d=mm&r=g\",\"contentUrl\":\"https:\/\/secure.gravatar.com\/avatar\/d189e01678f06d8eb84d4e01f08eb848b3fffe3f8443818d3c356c66892f5be8?s=96&d=mm&r=g\",\"caption\":\"Ag\u00eancia iNFRA\"},\"url\":\"https:\/\/agenciainfra.com\/blog\/author\/admin\/\"}]}<\/script>\n<!-- \/ Yoast SEO Premium plugin. -->","yoast_head_json":{"title":"Gale\u00e3o: ANAC aprova edital e teste de mercado ser\u00e1 em 30 de mar\u00e7o - Ag\u00eancia iNFRA","robots":{"index":"index","follow":"follow","max-snippet":"max-snippet:-1","max-image-preview":"max-image-preview:large","max-video-preview":"max-video-preview:-1"},"canonical":"https:\/\/agenciainfra.com\/blog\/galeao-anac-aprova-edital-para-teste-de-mercado-de-contrato-repactuado\/","og_locale":"pt_BR","og_type":"article","og_title":"Gale\u00e3o: ANAC aprova edital e teste de mercado ser\u00e1 em 30 de mar\u00e7o","og_description":"Amanda Pupo, da Ag\u00eancia iNFRA A diretoria da ANAC (Ag\u00eancia Nacional de Avia\u00e7\u00e3o Civil) marcou para 30 de mar\u00e7o o processo que colocar\u00e1 o contrato repactuado do Aeroporto Internacional do Gale\u00e3o (RJ) para disputa do mercado. Ser\u00e1 o primeiro leil\u00e3o simplificado de terminais a\u00e9reos e um teste que pode tirar a atual operadora da gest\u00e3o [&hellip;]","og_url":"https:\/\/agenciainfra.com\/blog\/galeao-anac-aprova-edital-para-teste-de-mercado-de-contrato-repactuado\/","og_site_name":"Ag\u00eancia iNFRA","article_publisher":"https:\/\/www.facebook.com\/ageninfra","article_published_time":"2025-12-11T13:35:44+00:00","article_modified_time":"2025-12-12T15:04:42+00:00","og_image":[{"width":1280,"height":950,"url":"https:\/\/agenciainfra.com\/blog\/wp-content\/uploads\/2020\/11\/aeroporto-galeao-foto-ministerio-do-esporte.jpg","type":"image\/jpeg"}],"author":"Ag\u00eancia iNFRA","twitter_card":"summary_large_image","twitter_creator":"@agencia_infra","twitter_site":"@agencia_infra","twitter_misc":{"Escrito por":"Ag\u00eancia iNFRA","Est. tempo de leitura":"3 minutos"},"schema":{"@context":"https:\/\/schema.org","@graph":[{"@type":"Article","@id":"https:\/\/agenciainfra.com\/blog\/galeao-anac-aprova-edital-para-teste-de-mercado-de-contrato-repactuado\/#article","isPartOf":{"@id":"https:\/\/agenciainfra.com\/blog\/galeao-anac-aprova-edital-para-teste-de-mercado-de-contrato-repactuado\/"},"author":{"name":"Ag\u00eancia iNFRA","@id":"https:\/\/agenciainfra.com\/blog\/#\/schema\/person\/34af08dff6adea4cb22b06612ba7acfa"},"headline":"Gale\u00e3o: ANAC aprova edital e teste de mercado ser\u00e1 em 30 de mar\u00e7o","datePublished":"2025-12-11T13:35:44+00:00","dateModified":"2025-12-12T15:04:42+00:00","mainEntityOfPage":{"@id":"https:\/\/agenciainfra.com\/blog\/galeao-anac-aprova-edital-para-teste-de-mercado-de-contrato-repactuado\/"},"wordCount":560,"publisher":{"@id":"https:\/\/agenciainfra.com\/blog\/#organization"},"image":{"@id":"https:\/\/agenciainfra.com\/blog\/galeao-anac-aprova-edital-para-teste-de-mercado-de-contrato-repactuado\/#primaryimage"},"thumbnailUrl":"https:\/\/agenciainfra.com\/blog\/wp-content\/uploads\/2020\/11\/aeroporto-galeao-foto-ministerio-do-esporte.jpg","keywords":["Aeroporto do Gale\u00e3o","Ag\u00eancia Nacional de Avia\u00e7\u00e3o Civil","Amanda Pupo","ANAC","Infraero","repactua\u00e7\u00e3o","SecexConsenso","TCU","teste de mercado","Tiago Faierstein","Tribunal de Contas da Uni\u00e3o"],"articleSection":["Destaque lista","iNFRATransporte"],"inLanguage":"pt-BR","copyrightYear":"2025","copyrightHolder":{"@id":"https:\/\/agenciainfra.com\/blog\/#organization"}},{"@type":"WebPage","@id":"https:\/\/agenciainfra.com\/blog\/galeao-anac-aprova-edital-para-teste-de-mercado-de-contrato-repactuado\/","url":"https:\/\/agenciainfra.com\/blog\/galeao-anac-aprova-edital-para-teste-de-mercado-de-contrato-repactuado\/","name":"Gale\u00e3o: ANAC aprova edital e teste de mercado ser\u00e1 em 30 de mar\u00e7o - Ag\u00eancia iNFRA","isPartOf":{"@id":"https:\/\/agenciainfra.com\/blog\/#website"},"primaryImageOfPage":{"@id":"https:\/\/agenciainfra.com\/blog\/galeao-anac-aprova-edital-para-teste-de-mercado-de-contrato-repactuado\/#primaryimage"},"image":{"@id":"https:\/\/agenciainfra.com\/blog\/galeao-anac-aprova-edital-para-teste-de-mercado-de-contrato-repactuado\/#primaryimage"},"thumbnailUrl":"https:\/\/agenciainfra.com\/blog\/wp-content\/uploads\/2020\/11\/aeroporto-galeao-foto-ministerio-do-esporte.jpg","datePublished":"2025-12-11T13:35:44+00:00","dateModified":"2025-12-12T15:04:42+00:00","breadcrumb":{"@id":"https:\/\/agenciainfra.com\/blog\/galeao-anac-aprova-edital-para-teste-de-mercado-de-contrato-repactuado\/#breadcrumb"},"inLanguage":"pt-BR","potentialAction":[{"@type":"ReadAction","target":["https:\/\/agenciainfra.com\/blog\/galeao-anac-aprova-edital-para-teste-de-mercado-de-contrato-repactuado\/"]}]},{"@type":"ImageObject","inLanguage":"pt-BR","@id":"https:\/\/agenciainfra.com\/blog\/galeao-anac-aprova-edital-para-teste-de-mercado-de-contrato-repactuado\/#primaryimage","url":"https:\/\/agenciainfra.com\/blog\/wp-content\/uploads\/2020\/11\/aeroporto-galeao-foto-ministerio-do-esporte.jpg","contentUrl":"https:\/\/agenciainfra.com\/blog\/wp-content\/uploads\/2020\/11\/aeroporto-galeao-foto-ministerio-do-esporte.jpg","width":1280,"height":950,"caption":"Foto: Minist\u00e9rio do Esporte"},{"@type":"BreadcrumbList","@id":"https:\/\/agenciainfra.com\/blog\/galeao-anac-aprova-edital-para-teste-de-mercado-de-contrato-repactuado\/#breadcrumb","itemListElement":[{"@type":"ListItem","position":1,"name":"In\u00edcio","item":"https:\/\/agenciainfra.com\/blog\/"},{"@type":"ListItem","position":2,"name":"Gale\u00e3o: ANAC aprova edital e teste de mercado ser\u00e1 em 30 de mar\u00e7o"}]},{"@type":"WebSite","@id":"https:\/\/agenciainfra.com\/blog\/#website","url":"https:\/\/agenciainfra.com\/blog\/","name":"Ag\u00eancia iNFRA","description":"Multiplataforma de informa\u00e7\u00e3o jornal\u00edstica refer\u00eancia na \u00e1rea de infraestrutura no Brasil!","publisher":{"@id":"https:\/\/agenciainfra.com\/blog\/#organization"},"potentialAction":[{"@type":"SearchAction","target":{"@type":"EntryPoint","urlTemplate":"https:\/\/agenciainfra.com\/blog\/?s={search_term_string}"},"query-input":{"@type":"PropertyValueSpecification","valueRequired":true,"valueName":"search_term_string"}}],"inLanguage":"pt-BR"},{"@type":"Organization","@id":"https:\/\/agenciainfra.com\/blog\/#organization","name":"Ag\u00eancia iNFRA","url":"https:\/\/agenciainfra.com\/blog\/","logo":{"@type":"ImageObject","inLanguage":"pt-BR","@id":"https:\/\/agenciainfra.com\/blog\/#\/schema\/logo\/image\/","url":"https:\/\/agenciainfra.com\/blog\/wp-content\/uploads\/2023\/09\/iNFRA_5-e1761735885940.png","contentUrl":"https:\/\/agenciainfra.com\/blog\/wp-content\/uploads\/2023\/09\/iNFRA_5-e1761735885940.png","width":1672,"height":454,"caption":"Ag\u00eancia iNFRA"},"image":{"@id":"https:\/\/agenciainfra.com\/blog\/#\/schema\/logo\/image\/"},"sameAs":["https:\/\/www.facebook.com\/ageninfra","https:\/\/x.com\/agencia_infra","https:\/\/www.linkedin.com\/company\/ag\u00eanciainfra\/","https:\/\/www.instagram.com\/agenciainfra\/"]},{"@type":"Person","@id":"https:\/\/agenciainfra.com\/blog\/#\/schema\/person\/34af08dff6adea4cb22b06612ba7acfa","name":"Ag\u00eancia iNFRA","image":{"@type":"ImageObject","inLanguage":"pt-BR","@id":"https:\/\/agenciainfra.com\/blog\/#\/schema\/person\/image\/","url":"https:\/\/secure.gravatar.com\/avatar\/d189e01678f06d8eb84d4e01f08eb848b3fffe3f8443818d3c356c66892f5be8?s=96&d=mm&r=g","contentUrl":"https:\/\/secure.gravatar.com\/avatar\/d189e01678f06d8eb84d4e01f08eb848b3fffe3f8443818d3c356c66892f5be8?s=96&d=mm&r=g","caption":"Ag\u00eancia iNFRA"},"url":"https:\/\/agenciainfra.com\/blog\/author\/admin\/"}]}},"_links":{"self":[{"href":"https:\/\/agenciainfra.com\/blog\/wp-json\/wp\/v2\/posts\/33713","targetHints":{"allow":["GET"]}}],"collection":[{"href":"https:\/\/agenciainfra.com\/blog\/wp-json\/wp\/v2\/posts"}],"about":[{"href":"https:\/\/agenciainfra.com\/blog\/wp-json\/wp\/v2\/types\/post"}],"author":[{"embeddable":true,"href":"https:\/\/agenciainfra.com\/blog\/wp-json\/wp\/v2\/users\/1"}],"replies":[{"embeddable":true,"href":"https:\/\/agenciainfra.com\/blog\/wp-json\/wp\/v2\/comments?post=33713"}],"version-history":[{"count":4,"href":"https:\/\/agenciainfra.com\/blog\/wp-json\/wp\/v2\/posts\/33713\/revisions"}],"predecessor-version":[{"id":33779,"href":"https:\/\/agenciainfra.com\/blog\/wp-json\/wp\/v2\/posts\/33713\/revisions\/33779"}],"wp:featuredmedia":[{"embeddable":true,"href":"https:\/\/agenciainfra.com\/blog\/wp-json\/wp\/v2\/media\/6355"}],"wp:attachment":[{"href":"https:\/\/agenciainfra.com\/blog\/wp-json\/wp\/v2\/media?parent=33713"}],"wp:term":[{"taxonomy":"category","embeddable":true,"href":"https:\/\/agenciainfra.com\/blog\/wp-json\/wp\/v2\/categories?post=33713"},{"taxonomy":"post_tag","embeddable":true,"href":"https:\/\/agenciainfra.com\/blog\/wp-json\/wp\/v2\/tags?post=33713"}],"curies":[{"name":"wp","href":"https:\/\/api.w.org\/{rel}","templated":true}]}}