{"id":33739,"date":"2025-12-11T14:27:43","date_gmt":"2025-12-11T17:27:43","guid":{"rendered":"https:\/\/agenciainfra.com\/blog\/?p=33739"},"modified":"2025-12-11T14:46:56","modified_gmt":"2025-12-11T17:46:56","slug":"governo-lanca-renovacao-automatica-da-cnh-para-bons-motoristas","status":"publish","type":"post","link":"https:\/\/agenciainfra.com\/blog\/governo-lanca-renovacao-automatica-da-cnh-para-bons-motoristas\/","title":{"rendered":"Governo lan\u00e7a renova\u00e7\u00e3o autom\u00e1tica da CNH para bons motoristas"},"content":{"rendered":"\n<p class=\"has-text-align-right\"><strong>da Ag\u00eancia iNFRA<\/strong><\/p>\n\n\n\n<p>O Governo Federal publicou nesta quarta-feira (10) a<a href=\"http:\/\/Medida Provis\u00f3ria n.\u00ba 1.327,\"> Medida Provis\u00f3ria n\u00ba 1.327<\/a>, que estabelece a renova\u00e7\u00e3o autom\u00e1tica da CNH (Carteira Nacional de Habilita\u00e7\u00e3o) para motoristas sem infra\u00e7\u00f5es registradas nos \u00faltimos 12 meses e fixa nacionalmente o pre\u00e7o dos exames m\u00e9dicos e psicol\u00f3gicos necess\u00e1rios para obter ou renovar o documento.<\/p>\n\n\n\n<p>Com a mudan\u00e7a, condutores cadastrados no RNPC (Registro Nacional Positivo de Condutores) ter\u00e3o a CNH renovada diretamente no sistema, sem necessidade de exames presenciais, deslocamentos ao Detran ou pagamento de taxas adicionais. O benef\u00edcio n\u00e3o se aplica a motoristas com 70 anos ou mais, e condutores entre 50 e 69 anos poder\u00e3o utiliz\u00e1-lo apenas uma vez. Tamb\u00e9m ficam de fora pessoas com validade reduzida da CNH por recomenda\u00e7\u00e3o m\u00e9dica.<\/p>\n\n\n\n<p>A MP define ainda que os exames de aptid\u00e3o f\u00edsica, mental e psicol\u00f3gica ter\u00e3o pre\u00e7o m\u00e1ximo estabelecido pela Senatran (Secretaria Nacional de Tr\u00e2nsito), que promete reduzir em cerca de 40% o custo total. A partir de agora, os exames poder\u00e3o ser realizados por profissionais autorizados pela Senatran, e n\u00e3o apenas por credenciados dos Detrans estaduais.<\/p>\n\n\n\n<p>Outra mudan\u00e7a \u00e9 a op\u00e7\u00e3o pela CNH exclusivamente digital. A impress\u00e3o f\u00edsica passa a ser facultativa, eliminando o custo do documento em papel, que podia chegar a R$ 100 dependendo do estado.<\/p>\n\n\n\n<p>A MP mant\u00e9m os prazos de validade j\u00e1 previstos em lei. S\u00e3o 10 anos para condutores com menos de 50 anos, 5 anos para quem tem entre 50 e 69, e 3 anos para motoristas a partir de 70 anos, com possibilidade de redu\u00e7\u00e3o em caso de recomenda\u00e7\u00e3o m\u00e9dica.<\/p>\n\n\n\n<p>As medidas fazem parte do programa CNH do Brasil, que prev\u00ea forma\u00e7\u00e3o te\u00f3rica gratuita on-line e permite ao candidato escolher instrutor aut\u00f4nomo ou autoescola para as aulas pr\u00e1ticas. O governo afirma que as mudan\u00e7as tornam o processo de habilita\u00e7\u00e3o mais simples, moderno e acess\u00edvel.<\/p>\n","protected":false},"excerpt":{"rendered":"<p>da Ag\u00eancia iNFRA O Governo Federal publicou nesta quarta-feira (10) a Medida Provis\u00f3ria n\u00ba 1.327, que estabelece a renova\u00e7\u00e3o autom\u00e1tica da CNH (Carteira Nacional de Habilita\u00e7\u00e3o) para motoristas sem infra\u00e7\u00f5es registradas nos \u00faltimos 12 meses e fixa nacionalmente o pre\u00e7o dos exames m\u00e9dicos e psicol\u00f3gicos necess\u00e1rios para obter ou renovar o documento. Com a mudan\u00e7a, [&hellip;]<\/p>\n","protected":false},"author":1,"featured_media":22341,"comment_status":"closed","ping_status":"closed","sticky":false,"template":"","format":"standard","meta":{"_monsterinsights_skip_tracking":false,"_monsterinsights_sitenote_active":false,"_monsterinsights_sitenote_note":"","_monsterinsights_sitenote_category":0,"footnotes":""},"categories":[13576],"tags":[17474,1822,8101,9384,17476,5733],"class_list":["post-33739","post","type-post","status-publish","format-standard","has-post-thumbnail","hentry","category-giro-infra","tag-bons-motoristas","tag-cnh","tag-detran","tag-renovacao-de-cnh","tag-rnpc","tag-senatran"],"yoast_head":"<!-- This site is optimized with the Yoast SEO Premium plugin v25.4 (Yoast SEO v26.0) - https:\/\/yoast.com\/wordpress\/plugins\/seo\/ -->\n<title>Governo lan\u00e7a renova\u00e7\u00e3o autom\u00e1tica da CNH para bons motoristas - Ag\u00eancia iNFRA<\/title>\n<meta name=\"robots\" content=\"index, follow, max-snippet:-1, max-image-preview:large, max-video-preview:-1\" \/>\n<link rel=\"canonical\" href=\"https:\/\/agenciainfra.com\/blog\/governo-lanca-renovacao-automatica-da-cnh-para-bons-motoristas\/\" \/>\n<meta property=\"og:locale\" content=\"pt_BR\" \/>\n<meta property=\"og:type\" content=\"article\" \/>\n<meta property=\"og:title\" content=\"Governo lan\u00e7a renova\u00e7\u00e3o autom\u00e1tica da CNH para bons motoristas\" \/>\n<meta property=\"og:description\" content=\"da Ag\u00eancia iNFRA O Governo Federal publicou nesta quarta-feira (10) a Medida Provis\u00f3ria n\u00ba 1.327, que estabelece a renova\u00e7\u00e3o autom\u00e1tica da CNH (Carteira Nacional de Habilita\u00e7\u00e3o) para motoristas sem infra\u00e7\u00f5es registradas nos \u00faltimos 12 meses e fixa nacionalmente o pre\u00e7o dos exames m\u00e9dicos e psicol\u00f3gicos necess\u00e1rios para obter ou renovar o documento. Com a mudan\u00e7a, [&hellip;]\" \/>\n<meta property=\"og:url\" content=\"https:\/\/agenciainfra.com\/blog\/governo-lanca-renovacao-automatica-da-cnh-para-bons-motoristas\/\" \/>\n<meta property=\"og:site_name\" content=\"Ag\u00eancia iNFRA\" \/>\n<meta property=\"article:publisher\" content=\"https:\/\/www.facebook.com\/ageninfra\" \/>\n<meta property=\"article:published_time\" content=\"2025-12-11T17:27:43+00:00\" \/>\n<meta property=\"article:modified_time\" content=\"2025-12-11T17:46:56+00:00\" \/>\n<meta property=\"og:image\" content=\"https:\/\/agenciainfra.com\/blog\/wp-content\/uploads\/2025\/05\/carros-transito-foto-fernando-frazao-agencia-brasil.png\" \/>\n\t<meta property=\"og:image:width\" content=\"1280\" \/>\n\t<meta property=\"og:image:height\" content=\"765\" \/>\n\t<meta property=\"og:image:type\" content=\"image\/png\" \/>\n<meta name=\"author\" content=\"Ag\u00eancia iNFRA\" \/>\n<meta name=\"twitter:card\" content=\"summary_large_image\" \/>\n<meta name=\"twitter:creator\" content=\"@agencia_infra\" \/>\n<meta name=\"twitter:site\" content=\"@agencia_infra\" \/>\n<meta name=\"twitter:label1\" content=\"Escrito por\" \/>\n\t<meta name=\"twitter:data1\" content=\"Ag\u00eancia iNFRA\" \/>\n\t<meta name=\"twitter:label2\" content=\"Est. tempo de leitura\" \/>\n\t<meta name=\"twitter:data2\" content=\"2 minutos\" \/>\n<script type=\"application\/ld+json\" class=\"yoast-schema-graph\">{\"@context\":\"https:\/\/schema.org\",\"@graph\":[{\"@type\":\"Article\",\"@id\":\"https:\/\/agenciainfra.com\/blog\/governo-lanca-renovacao-automatica-da-cnh-para-bons-motoristas\/#article\",\"isPartOf\":{\"@id\":\"https:\/\/agenciainfra.com\/blog\/governo-lanca-renovacao-automatica-da-cnh-para-bons-motoristas\/\"},\"author\":{\"name\":\"Ag\u00eancia iNFRA\",\"@id\":\"https:\/\/agenciainfra.com\/blog\/#\/schema\/person\/34af08dff6adea4cb22b06612ba7acfa\"},\"headline\":\"Governo lan\u00e7a renova\u00e7\u00e3o autom\u00e1tica da CNH para bons motoristas\",\"datePublished\":\"2025-12-11T17:27:43+00:00\",\"dateModified\":\"2025-12-11T17:46:56+00:00\",\"mainEntityOfPage\":{\"@id\":\"https:\/\/agenciainfra.com\/blog\/governo-lanca-renovacao-automatica-da-cnh-para-bons-motoristas\/\"},\"wordCount\":341,\"publisher\":{\"@id\":\"https:\/\/agenciainfra.com\/blog\/#organization\"},\"image\":{\"@id\":\"https:\/\/agenciainfra.com\/blog\/governo-lanca-renovacao-automatica-da-cnh-para-bons-motoristas\/#primaryimage\"},\"thumbnailUrl\":\"https:\/\/agenciainfra.com\/blog\/wp-content\/uploads\/2025\/05\/carros-transito-foto-fernando-frazao-agencia-brasil.png\",\"keywords\":[\"Bons motoristas\",\"CNH\",\"Detran\",\"Renova\u00e7\u00e3o de CNH\",\"RNPC\",\"Senatran\"],\"articleSection\":[\"Giro iNFRA\"],\"inLanguage\":\"pt-BR\",\"copyrightYear\":\"2025\",\"copyrightHolder\":{\"@id\":\"https:\/\/agenciainfra.com\/blog\/#organization\"}},{\"@type\":\"WebPage\",\"@id\":\"https:\/\/agenciainfra.com\/blog\/governo-lanca-renovacao-automatica-da-cnh-para-bons-motoristas\/\",\"url\":\"https:\/\/agenciainfra.com\/blog\/governo-lanca-renovacao-automatica-da-cnh-para-bons-motoristas\/\",\"name\":\"Governo lan\u00e7a renova\u00e7\u00e3o autom\u00e1tica da CNH para bons motoristas - Ag\u00eancia iNFRA\",\"isPartOf\":{\"@id\":\"https:\/\/agenciainfra.com\/blog\/#website\"},\"primaryImageOfPage\":{\"@id\":\"https:\/\/agenciainfra.com\/blog\/governo-lanca-renovacao-automatica-da-cnh-para-bons-motoristas\/#primaryimage\"},\"image\":{\"@id\":\"https:\/\/agenciainfra.com\/blog\/governo-lanca-renovacao-automatica-da-cnh-para-bons-motoristas\/#primaryimage\"},\"thumbnailUrl\":\"https:\/\/agenciainfra.com\/blog\/wp-content\/uploads\/2025\/05\/carros-transito-foto-fernando-frazao-agencia-brasil.png\",\"datePublished\":\"2025-12-11T17:27:43+00:00\",\"dateModified\":\"2025-12-11T17:46:56+00:00\",\"breadcrumb\":{\"@id\":\"https:\/\/agenciainfra.com\/blog\/governo-lanca-renovacao-automatica-da-cnh-para-bons-motoristas\/#breadcrumb\"},\"inLanguage\":\"pt-BR\",\"potentialAction\":[{\"@type\":\"ReadAction\",\"target\":[\"https:\/\/agenciainfra.com\/blog\/governo-lanca-renovacao-automatica-da-cnh-para-bons-motoristas\/\"]}]},{\"@type\":\"ImageObject\",\"inLanguage\":\"pt-BR\",\"@id\":\"https:\/\/agenciainfra.com\/blog\/governo-lanca-renovacao-automatica-da-cnh-para-bons-motoristas\/#primaryimage\",\"url\":\"https:\/\/agenciainfra.com\/blog\/wp-content\/uploads\/2025\/05\/carros-transito-foto-fernando-frazao-agencia-brasil.png\",\"contentUrl\":\"https:\/\/agenciainfra.com\/blog\/wp-content\/uploads\/2025\/05\/carros-transito-foto-fernando-frazao-agencia-brasil.png\",\"width\":1280,\"height\":765,\"caption\":\"Foto: Fernando Fraz\u00e3o\/Ag\u00eancia Brasil\"},{\"@type\":\"BreadcrumbList\",\"@id\":\"https:\/\/agenciainfra.com\/blog\/governo-lanca-renovacao-automatica-da-cnh-para-bons-motoristas\/#breadcrumb\",\"itemListElement\":[{\"@type\":\"ListItem\",\"position\":1,\"name\":\"In\u00edcio\",\"item\":\"https:\/\/agenciainfra.com\/blog\/\"},{\"@type\":\"ListItem\",\"position\":2,\"name\":\"Governo lan\u00e7a renova\u00e7\u00e3o autom\u00e1tica da CNH para bons motoristas\"}]},{\"@type\":\"WebSite\",\"@id\":\"https:\/\/agenciainfra.com\/blog\/#website\",\"url\":\"https:\/\/agenciainfra.com\/blog\/\",\"name\":\"Ag\u00eancia iNFRA\",\"description\":\"Multiplataforma de informa\u00e7\u00e3o jornal\u00edstica refer\u00eancia na \u00e1rea de infraestrutura no Brasil!\",\"publisher\":{\"@id\":\"https:\/\/agenciainfra.com\/blog\/#organization\"},\"potentialAction\":[{\"@type\":\"SearchAction\",\"target\":{\"@type\":\"EntryPoint\",\"urlTemplate\":\"https:\/\/agenciainfra.com\/blog\/?s={search_term_string}\"},\"query-input\":{\"@type\":\"PropertyValueSpecification\",\"valueRequired\":true,\"valueName\":\"search_term_string\"}}],\"inLanguage\":\"pt-BR\"},{\"@type\":\"Organization\",\"@id\":\"https:\/\/agenciainfra.com\/blog\/#organization\",\"name\":\"Ag\u00eancia iNFRA\",\"url\":\"https:\/\/agenciainfra.com\/blog\/\",\"logo\":{\"@type\":\"ImageObject\",\"inLanguage\":\"pt-BR\",\"@id\":\"https:\/\/agenciainfra.com\/blog\/#\/schema\/logo\/image\/\",\"url\":\"https:\/\/agenciainfra.com\/blog\/wp-content\/uploads\/2023\/09\/iNFRA_5-e1761735885940.png\",\"contentUrl\":\"https:\/\/agenciainfra.com\/blog\/wp-content\/uploads\/2023\/09\/iNFRA_5-e1761735885940.png\",\"width\":1672,\"height\":454,\"caption\":\"Ag\u00eancia iNFRA\"},\"image\":{\"@id\":\"https:\/\/agenciainfra.com\/blog\/#\/schema\/logo\/image\/\"},\"sameAs\":[\"https:\/\/www.facebook.com\/ageninfra\",\"https:\/\/x.com\/agencia_infra\",\"https:\/\/www.linkedin.com\/company\/ag\u00eanciainfra\/\",\"https:\/\/www.instagram.com\/agenciainfra\/\"]},{\"@type\":\"Person\",\"@id\":\"https:\/\/agenciainfra.com\/blog\/#\/schema\/person\/34af08dff6adea4cb22b06612ba7acfa\",\"name\":\"Ag\u00eancia iNFRA\",\"image\":{\"@type\":\"ImageObject\",\"inLanguage\":\"pt-BR\",\"@id\":\"https:\/\/agenciainfra.com\/blog\/#\/schema\/person\/image\/\",\"url\":\"https:\/\/secure.gravatar.com\/avatar\/d189e01678f06d8eb84d4e01f08eb848b3fffe3f8443818d3c356c66892f5be8?s=96&d=mm&r=g\",\"contentUrl\":\"https:\/\/secure.gravatar.com\/avatar\/d189e01678f06d8eb84d4e01f08eb848b3fffe3f8443818d3c356c66892f5be8?s=96&d=mm&r=g\",\"caption\":\"Ag\u00eancia iNFRA\"},\"url\":\"https:\/\/agenciainfra.com\/blog\/author\/admin\/\"}]}<\/script>\n<!-- \/ Yoast SEO Premium plugin. -->","yoast_head_json":{"title":"Governo lan\u00e7a renova\u00e7\u00e3o autom\u00e1tica da CNH para bons motoristas - Ag\u00eancia iNFRA","robots":{"index":"index","follow":"follow","max-snippet":"max-snippet:-1","max-image-preview":"max-image-preview:large","max-video-preview":"max-video-preview:-1"},"canonical":"https:\/\/agenciainfra.com\/blog\/governo-lanca-renovacao-automatica-da-cnh-para-bons-motoristas\/","og_locale":"pt_BR","og_type":"article","og_title":"Governo lan\u00e7a renova\u00e7\u00e3o autom\u00e1tica da CNH para bons motoristas","og_description":"da Ag\u00eancia iNFRA O Governo Federal publicou nesta quarta-feira (10) a Medida Provis\u00f3ria n\u00ba 1.327, que estabelece a renova\u00e7\u00e3o autom\u00e1tica da CNH (Carteira Nacional de Habilita\u00e7\u00e3o) para motoristas sem infra\u00e7\u00f5es registradas nos \u00faltimos 12 meses e fixa nacionalmente o pre\u00e7o dos exames m\u00e9dicos e psicol\u00f3gicos necess\u00e1rios para obter ou renovar o documento. Com a mudan\u00e7a, [&hellip;]","og_url":"https:\/\/agenciainfra.com\/blog\/governo-lanca-renovacao-automatica-da-cnh-para-bons-motoristas\/","og_site_name":"Ag\u00eancia iNFRA","article_publisher":"https:\/\/www.facebook.com\/ageninfra","article_published_time":"2025-12-11T17:27:43+00:00","article_modified_time":"2025-12-11T17:46:56+00:00","og_image":[{"width":1280,"height":765,"url":"https:\/\/agenciainfra.com\/blog\/wp-content\/uploads\/2025\/05\/carros-transito-foto-fernando-frazao-agencia-brasil.png","type":"image\/png"}],"author":"Ag\u00eancia iNFRA","twitter_card":"summary_large_image","twitter_creator":"@agencia_infra","twitter_site":"@agencia_infra","twitter_misc":{"Escrito por":"Ag\u00eancia iNFRA","Est. tempo de leitura":"2 minutos"},"schema":{"@context":"https:\/\/schema.org","@graph":[{"@type":"Article","@id":"https:\/\/agenciainfra.com\/blog\/governo-lanca-renovacao-automatica-da-cnh-para-bons-motoristas\/#article","isPartOf":{"@id":"https:\/\/agenciainfra.com\/blog\/governo-lanca-renovacao-automatica-da-cnh-para-bons-motoristas\/"},"author":{"name":"Ag\u00eancia iNFRA","@id":"https:\/\/agenciainfra.com\/blog\/#\/schema\/person\/34af08dff6adea4cb22b06612ba7acfa"},"headline":"Governo lan\u00e7a renova\u00e7\u00e3o autom\u00e1tica da CNH para bons motoristas","datePublished":"2025-12-11T17:27:43+00:00","dateModified":"2025-12-11T17:46:56+00:00","mainEntityOfPage":{"@id":"https:\/\/agenciainfra.com\/blog\/governo-lanca-renovacao-automatica-da-cnh-para-bons-motoristas\/"},"wordCount":341,"publisher":{"@id":"https:\/\/agenciainfra.com\/blog\/#organization"},"image":{"@id":"https:\/\/agenciainfra.com\/blog\/governo-lanca-renovacao-automatica-da-cnh-para-bons-motoristas\/#primaryimage"},"thumbnailUrl":"https:\/\/agenciainfra.com\/blog\/wp-content\/uploads\/2025\/05\/carros-transito-foto-fernando-frazao-agencia-brasil.png","keywords":["Bons motoristas","CNH","Detran","Renova\u00e7\u00e3o de CNH","RNPC","Senatran"],"articleSection":["Giro iNFRA"],"inLanguage":"pt-BR","copyrightYear":"2025","copyrightHolder":{"@id":"https:\/\/agenciainfra.com\/blog\/#organization"}},{"@type":"WebPage","@id":"https:\/\/agenciainfra.com\/blog\/governo-lanca-renovacao-automatica-da-cnh-para-bons-motoristas\/","url":"https:\/\/agenciainfra.com\/blog\/governo-lanca-renovacao-automatica-da-cnh-para-bons-motoristas\/","name":"Governo lan\u00e7a renova\u00e7\u00e3o autom\u00e1tica da CNH para bons motoristas - Ag\u00eancia iNFRA","isPartOf":{"@id":"https:\/\/agenciainfra.com\/blog\/#website"},"primaryImageOfPage":{"@id":"https:\/\/agenciainfra.com\/blog\/governo-lanca-renovacao-automatica-da-cnh-para-bons-motoristas\/#primaryimage"},"image":{"@id":"https:\/\/agenciainfra.com\/blog\/governo-lanca-renovacao-automatica-da-cnh-para-bons-motoristas\/#primaryimage"},"thumbnailUrl":"https:\/\/agenciainfra.com\/blog\/wp-content\/uploads\/2025\/05\/carros-transito-foto-fernando-frazao-agencia-brasil.png","datePublished":"2025-12-11T17:27:43+00:00","dateModified":"2025-12-11T17:46:56+00:00","breadcrumb":{"@id":"https:\/\/agenciainfra.com\/blog\/governo-lanca-renovacao-automatica-da-cnh-para-bons-motoristas\/#breadcrumb"},"inLanguage":"pt-BR","potentialAction":[{"@type":"ReadAction","target":["https:\/\/agenciainfra.com\/blog\/governo-lanca-renovacao-automatica-da-cnh-para-bons-motoristas\/"]}]},{"@type":"ImageObject","inLanguage":"pt-BR","@id":"https:\/\/agenciainfra.com\/blog\/governo-lanca-renovacao-automatica-da-cnh-para-bons-motoristas\/#primaryimage","url":"https:\/\/agenciainfra.com\/blog\/wp-content\/uploads\/2025\/05\/carros-transito-foto-fernando-frazao-agencia-brasil.png","contentUrl":"https:\/\/agenciainfra.com\/blog\/wp-content\/uploads\/2025\/05\/carros-transito-foto-fernando-frazao-agencia-brasil.png","width":1280,"height":765,"caption":"Foto: Fernando Fraz\u00e3o\/Ag\u00eancia Brasil"},{"@type":"BreadcrumbList","@id":"https:\/\/agenciainfra.com\/blog\/governo-lanca-renovacao-automatica-da-cnh-para-bons-motoristas\/#breadcrumb","itemListElement":[{"@type":"ListItem","position":1,"name":"In\u00edcio","item":"https:\/\/agenciainfra.com\/blog\/"},{"@type":"ListItem","position":2,"name":"Governo lan\u00e7a renova\u00e7\u00e3o autom\u00e1tica da CNH para bons motoristas"}]},{"@type":"WebSite","@id":"https:\/\/agenciainfra.com\/blog\/#website","url":"https:\/\/agenciainfra.com\/blog\/","name":"Ag\u00eancia iNFRA","description":"Multiplataforma de informa\u00e7\u00e3o jornal\u00edstica refer\u00eancia na \u00e1rea de infraestrutura no Brasil!","publisher":{"@id":"https:\/\/agenciainfra.com\/blog\/#organization"},"potentialAction":[{"@type":"SearchAction","target":{"@type":"EntryPoint","urlTemplate":"https:\/\/agenciainfra.com\/blog\/?s={search_term_string}"},"query-input":{"@type":"PropertyValueSpecification","valueRequired":true,"valueName":"search_term_string"}}],"inLanguage":"pt-BR"},{"@type":"Organization","@id":"https:\/\/agenciainfra.com\/blog\/#organization","name":"Ag\u00eancia iNFRA","url":"https:\/\/agenciainfra.com\/blog\/","logo":{"@type":"ImageObject","inLanguage":"pt-BR","@id":"https:\/\/agenciainfra.com\/blog\/#\/schema\/logo\/image\/","url":"https:\/\/agenciainfra.com\/blog\/wp-content\/uploads\/2023\/09\/iNFRA_5-e1761735885940.png","contentUrl":"https:\/\/agenciainfra.com\/blog\/wp-content\/uploads\/2023\/09\/iNFRA_5-e1761735885940.png","width":1672,"height":454,"caption":"Ag\u00eancia iNFRA"},"image":{"@id":"https:\/\/agenciainfra.com\/blog\/#\/schema\/logo\/image\/"},"sameAs":["https:\/\/www.facebook.com\/ageninfra","https:\/\/x.com\/agencia_infra","https:\/\/www.linkedin.com\/company\/ag\u00eanciainfra\/","https:\/\/www.instagram.com\/agenciainfra\/"]},{"@type":"Person","@id":"https:\/\/agenciainfra.com\/blog\/#\/schema\/person\/34af08dff6adea4cb22b06612ba7acfa","name":"Ag\u00eancia iNFRA","image":{"@type":"ImageObject","inLanguage":"pt-BR","@id":"https:\/\/agenciainfra.com\/blog\/#\/schema\/person\/image\/","url":"https:\/\/secure.gravatar.com\/avatar\/d189e01678f06d8eb84d4e01f08eb848b3fffe3f8443818d3c356c66892f5be8?s=96&d=mm&r=g","contentUrl":"https:\/\/secure.gravatar.com\/avatar\/d189e01678f06d8eb84d4e01f08eb848b3fffe3f8443818d3c356c66892f5be8?s=96&d=mm&r=g","caption":"Ag\u00eancia iNFRA"},"url":"https:\/\/agenciainfra.com\/blog\/author\/admin\/"}]}},"_links":{"self":[{"href":"https:\/\/agenciainfra.com\/blog\/wp-json\/wp\/v2\/posts\/33739","targetHints":{"allow":["GET"]}}],"collection":[{"href":"https:\/\/agenciainfra.com\/blog\/wp-json\/wp\/v2\/posts"}],"about":[{"href":"https:\/\/agenciainfra.com\/blog\/wp-json\/wp\/v2\/types\/post"}],"author":[{"embeddable":true,"href":"https:\/\/agenciainfra.com\/blog\/wp-json\/wp\/v2\/users\/1"}],"replies":[{"embeddable":true,"href":"https:\/\/agenciainfra.com\/blog\/wp-json\/wp\/v2\/comments?post=33739"}],"version-history":[{"count":2,"href":"https:\/\/agenciainfra.com\/blog\/wp-json\/wp\/v2\/posts\/33739\/revisions"}],"predecessor-version":[{"id":33744,"href":"https:\/\/agenciainfra.com\/blog\/wp-json\/wp\/v2\/posts\/33739\/revisions\/33744"}],"wp:featuredmedia":[{"embeddable":true,"href":"https:\/\/agenciainfra.com\/blog\/wp-json\/wp\/v2\/media\/22341"}],"wp:attachment":[{"href":"https:\/\/agenciainfra.com\/blog\/wp-json\/wp\/v2\/media?parent=33739"}],"wp:term":[{"taxonomy":"category","embeddable":true,"href":"https:\/\/agenciainfra.com\/blog\/wp-json\/wp\/v2\/categories?post=33739"},{"taxonomy":"post_tag","embeddable":true,"href":"https:\/\/agenciainfra.com\/blog\/wp-json\/wp\/v2\/tags?post=33739"}],"curies":[{"name":"wp","href":"https:\/\/api.w.org\/{rel}","templated":true}]}}