{"id":33747,"date":"2025-12-11T15:28:02","date_gmt":"2025-12-11T18:28:02","guid":{"rendered":"https:\/\/agenciainfra.com\/blog\/?p=33747"},"modified":"2025-12-11T15:28:03","modified_gmt":"2025-12-11T18:28:03","slug":"aeroporto-de-guarulhos-anuncia-plano-de-r-25-bi-para-modernizacao","status":"publish","type":"post","link":"https:\/\/agenciainfra.com\/blog\/aeroporto-de-guarulhos-anuncia-plano-de-r-25-bi-para-modernizacao\/","title":{"rendered":"Aeroporto de Guarulhos anuncia plano de R$ 2,5 bi para moderniza\u00e7\u00e3o"},"content":{"rendered":"\n<p class=\"has-text-align-right\"><strong>da Ag\u00eancia iNFRA<\/strong><\/p>\n\n\n\n<p>O MPor (Minist\u00e9rio de Portos e Aeroportos) e a concession\u00e1ria GRU Airport (Aeroporto Internacional de Guarulhos) apresentaram nesta quinta-feira (11) o novo plano de investimentos do aeroporto, que prev\u00ea R$ 2,5 bilh\u00f5es em obras at\u00e9 2029. O objetivo \u00e9 ampliar a capacidade operacional, refor\u00e7ar a seguran\u00e7a e melhorar a experi\u00eancia dos passageiros no maior terminal do pa\u00eds.<\/p>\n\n\n\n<p>Segundo dados da ANAC (Ag\u00eancia Nacional de Avia\u00e7\u00e3o Civil), Guarulhos responde por 15% da movimenta\u00e7\u00e3o a\u00e9rea nacional e 29% do fluxo internacional de passageiros. O governo afirma que o aeroporto \u00e9 estrat\u00e9gico para o setor a\u00e9reo e que o novo ciclo de obras marca a retomada de investimentos estruturantes, ampliando a competitividade e o conforto aos viajantes.<\/p>\n\n\n\n<p>Os aportes privados mobilizados por meio da Portaria 93 e do programa Investe+ Aeroportos somam R$ 1,8 bilh\u00e3o e, somados aos investimentos da concession\u00e1ria, elevam os recursos totais para mais de R$ 4 bilh\u00f5es.<\/p>\n\n\n\n<p>A GRU Airport destaca que este ser\u00e1 o maior conjunto de interven\u00e7\u00f5es desde a inaugura\u00e7\u00e3o do terminal, h\u00e1 mais de quatro d\u00e9cadas. O plano inclui a expans\u00e3o de terminais, moderniza\u00e7\u00e3o dos sistemas de bagagem, obras em pistas e p\u00e1tios, renova\u00e7\u00e3o da frota de \u00f4nibus e atualiza\u00e7\u00e3o do sistema el\u00e9trico.<\/p>\n\n\n\n<p>A repactua\u00e7\u00e3o do contrato de concess\u00e3o, homologada pelo TCU (Tribunal de Contas da Uni\u00e3o) em 2024, permitiu retomar obras e estender o prazo contratual at\u00e9 2033. O novo marco regulat\u00f3rio tamb\u00e9m impulsionou o Programa AmpliAr, que j\u00e1 leiloou 13 aeroportos no Nordeste e na Amaz\u00f4nia Legal, com previs\u00e3o de R$ 730 milh\u00f5es em investimentos.<\/p>\n\n\n\n<p>Entre as interven\u00e7\u00f5es previstas no plano de Guarulhos est\u00e1 a amplia\u00e7\u00e3o da Delegacia da Pol\u00edcia Federal, com novos scanners corporais, leitores faciais, 98 equipamentos de raio-x e 16 unidades EDS Standard 3. O pacote tamb\u00e9m contempla melhorias em p\u00e1tios e pistas de t\u00e1xi e a ado\u00e7\u00e3o de tecnologias avan\u00e7adas de monitoramento e resposta a emerg\u00eancias.<\/p>\n","protected":false},"excerpt":{"rendered":"<p>da Ag\u00eancia iNFRA O MPor (Minist\u00e9rio de Portos e Aeroportos) e a concession\u00e1ria GRU Airport (Aeroporto Internacional de Guarulhos) apresentaram nesta quinta-feira (11) o novo plano de investimentos do aeroporto, que prev\u00ea R$ 2,5 bilh\u00f5es em obras at\u00e9 2029. O objetivo \u00e9 ampliar a capacidade operacional, refor\u00e7ar a seguran\u00e7a e melhorar a experi\u00eancia dos passageiros [&hellip;]<\/p>\n","protected":false},"author":1,"featured_media":8341,"comment_status":"closed","ping_status":"closed","sticky":false,"template":"","format":"standard","meta":{"_monsterinsights_skip_tracking":false,"_monsterinsights_sitenote_active":false,"_monsterinsights_sitenote_note":"","_monsterinsights_sitenote_category":0,"footnotes":""},"categories":[13576],"tags":[5002,242,4825,32,6919,11819,18],"class_list":["post-33747","post","type-post","status-publish","format-standard","has-post-thumbnail","hentry","category-giro-infra","tag-aeroporto-de-guarulhos","tag-anac","tag-gru-airport","tag-investimentos","tag-mpor","tag-programa-ampliar","tag-tcu"],"yoast_head":"<!-- This site is optimized with the Yoast SEO Premium plugin v25.4 (Yoast SEO v26.0) - https:\/\/yoast.com\/wordpress\/plugins\/seo\/ -->\n<title>Aeroporto de Guarulhos anuncia plano de R$ 2,5 bi para moderniza\u00e7\u00e3o - Ag\u00eancia iNFRA<\/title>\n<meta name=\"robots\" content=\"index, follow, max-snippet:-1, max-image-preview:large, max-video-preview:-1\" \/>\n<link rel=\"canonical\" href=\"https:\/\/agenciainfra.com\/blog\/aeroporto-de-guarulhos-anuncia-plano-de-r-25-bi-para-modernizacao\/\" \/>\n<meta property=\"og:locale\" content=\"pt_BR\" \/>\n<meta property=\"og:type\" content=\"article\" \/>\n<meta property=\"og:title\" content=\"Aeroporto de Guarulhos anuncia plano de R$ 2,5 bi para moderniza\u00e7\u00e3o\" \/>\n<meta property=\"og:description\" content=\"da Ag\u00eancia iNFRA O MPor (Minist\u00e9rio de Portos e Aeroportos) e a concession\u00e1ria GRU Airport (Aeroporto Internacional de Guarulhos) apresentaram nesta quinta-feira (11) o novo plano de investimentos do aeroporto, que prev\u00ea R$ 2,5 bilh\u00f5es em obras at\u00e9 2029. O objetivo \u00e9 ampliar a capacidade operacional, refor\u00e7ar a seguran\u00e7a e melhorar a experi\u00eancia dos passageiros [&hellip;]\" \/>\n<meta property=\"og:url\" content=\"https:\/\/agenciainfra.com\/blog\/aeroporto-de-guarulhos-anuncia-plano-de-r-25-bi-para-modernizacao\/\" \/>\n<meta property=\"og:site_name\" content=\"Ag\u00eancia iNFRA\" \/>\n<meta property=\"article:publisher\" content=\"https:\/\/www.facebook.com\/ageninfra\" \/>\n<meta property=\"article:published_time\" content=\"2025-12-11T18:28:02+00:00\" \/>\n<meta property=\"article:modified_time\" content=\"2025-12-11T18:28:03+00:00\" \/>\n<meta property=\"og:image\" content=\"https:\/\/agenciainfra.com\/blog\/wp-content\/uploads\/2021\/09\/aeroporto-de-guarulhos-foto-rovena-rosa-agencia-brasil.jpg\" \/>\n\t<meta property=\"og:image:width\" content=\"1280\" \/>\n\t<meta property=\"og:image:height\" content=\"851\" \/>\n\t<meta property=\"og:image:type\" content=\"image\/jpeg\" \/>\n<meta name=\"author\" content=\"Ag\u00eancia iNFRA\" \/>\n<meta name=\"twitter:card\" content=\"summary_large_image\" \/>\n<meta name=\"twitter:creator\" content=\"@agencia_infra\" \/>\n<meta name=\"twitter:site\" content=\"@agencia_infra\" \/>\n<meta name=\"twitter:label1\" content=\"Escrito por\" \/>\n\t<meta name=\"twitter:data1\" content=\"Ag\u00eancia iNFRA\" \/>\n\t<meta name=\"twitter:label2\" content=\"Est. tempo de leitura\" \/>\n\t<meta name=\"twitter:data2\" content=\"2 minutos\" \/>\n<script type=\"application\/ld+json\" class=\"yoast-schema-graph\">{\"@context\":\"https:\/\/schema.org\",\"@graph\":[{\"@type\":\"Article\",\"@id\":\"https:\/\/agenciainfra.com\/blog\/aeroporto-de-guarulhos-anuncia-plano-de-r-25-bi-para-modernizacao\/#article\",\"isPartOf\":{\"@id\":\"https:\/\/agenciainfra.com\/blog\/aeroporto-de-guarulhos-anuncia-plano-de-r-25-bi-para-modernizacao\/\"},\"author\":{\"name\":\"Ag\u00eancia iNFRA\",\"@id\":\"https:\/\/agenciainfra.com\/blog\/#\/schema\/person\/34af08dff6adea4cb22b06612ba7acfa\"},\"headline\":\"Aeroporto de Guarulhos anuncia plano de R$ 2,5 bi para moderniza\u00e7\u00e3o\",\"datePublished\":\"2025-12-11T18:28:02+00:00\",\"dateModified\":\"2025-12-11T18:28:03+00:00\",\"mainEntityOfPage\":{\"@id\":\"https:\/\/agenciainfra.com\/blog\/aeroporto-de-guarulhos-anuncia-plano-de-r-25-bi-para-modernizacao\/\"},\"wordCount\":346,\"publisher\":{\"@id\":\"https:\/\/agenciainfra.com\/blog\/#organization\"},\"image\":{\"@id\":\"https:\/\/agenciainfra.com\/blog\/aeroporto-de-guarulhos-anuncia-plano-de-r-25-bi-para-modernizacao\/#primaryimage\"},\"thumbnailUrl\":\"https:\/\/agenciainfra.com\/blog\/wp-content\/uploads\/2021\/09\/aeroporto-de-guarulhos-foto-rovena-rosa-agencia-brasil.jpg\",\"keywords\":[\"Aeroporto de Guarulhos\",\"ANAC\",\"GRU Airport\",\"Investimentos\",\"MPor\",\"Programa AmpliAR\",\"TCU\"],\"articleSection\":[\"Giro iNFRA\"],\"inLanguage\":\"pt-BR\",\"copyrightYear\":\"2025\",\"copyrightHolder\":{\"@id\":\"https:\/\/agenciainfra.com\/blog\/#organization\"}},{\"@type\":\"WebPage\",\"@id\":\"https:\/\/agenciainfra.com\/blog\/aeroporto-de-guarulhos-anuncia-plano-de-r-25-bi-para-modernizacao\/\",\"url\":\"https:\/\/agenciainfra.com\/blog\/aeroporto-de-guarulhos-anuncia-plano-de-r-25-bi-para-modernizacao\/\",\"name\":\"Aeroporto de Guarulhos anuncia plano de R$ 2,5 bi para moderniza\u00e7\u00e3o - Ag\u00eancia iNFRA\",\"isPartOf\":{\"@id\":\"https:\/\/agenciainfra.com\/blog\/#website\"},\"primaryImageOfPage\":{\"@id\":\"https:\/\/agenciainfra.com\/blog\/aeroporto-de-guarulhos-anuncia-plano-de-r-25-bi-para-modernizacao\/#primaryimage\"},\"image\":{\"@id\":\"https:\/\/agenciainfra.com\/blog\/aeroporto-de-guarulhos-anuncia-plano-de-r-25-bi-para-modernizacao\/#primaryimage\"},\"thumbnailUrl\":\"https:\/\/agenciainfra.com\/blog\/wp-content\/uploads\/2021\/09\/aeroporto-de-guarulhos-foto-rovena-rosa-agencia-brasil.jpg\",\"datePublished\":\"2025-12-11T18:28:02+00:00\",\"dateModified\":\"2025-12-11T18:28:03+00:00\",\"breadcrumb\":{\"@id\":\"https:\/\/agenciainfra.com\/blog\/aeroporto-de-guarulhos-anuncia-plano-de-r-25-bi-para-modernizacao\/#breadcrumb\"},\"inLanguage\":\"pt-BR\",\"potentialAction\":[{\"@type\":\"ReadAction\",\"target\":[\"https:\/\/agenciainfra.com\/blog\/aeroporto-de-guarulhos-anuncia-plano-de-r-25-bi-para-modernizacao\/\"]}]},{\"@type\":\"ImageObject\",\"inLanguage\":\"pt-BR\",\"@id\":\"https:\/\/agenciainfra.com\/blog\/aeroporto-de-guarulhos-anuncia-plano-de-r-25-bi-para-modernizacao\/#primaryimage\",\"url\":\"https:\/\/agenciainfra.com\/blog\/wp-content\/uploads\/2021\/09\/aeroporto-de-guarulhos-foto-rovena-rosa-agencia-brasil.jpg\",\"contentUrl\":\"https:\/\/agenciainfra.com\/blog\/wp-content\/uploads\/2021\/09\/aeroporto-de-guarulhos-foto-rovena-rosa-agencia-brasil.jpg\",\"width\":1280,\"height\":851,\"caption\":\"Foto: Rovena Rosa\/Ag\u00eancia Brasil\"},{\"@type\":\"BreadcrumbList\",\"@id\":\"https:\/\/agenciainfra.com\/blog\/aeroporto-de-guarulhos-anuncia-plano-de-r-25-bi-para-modernizacao\/#breadcrumb\",\"itemListElement\":[{\"@type\":\"ListItem\",\"position\":1,\"name\":\"In\u00edcio\",\"item\":\"https:\/\/agenciainfra.com\/blog\/\"},{\"@type\":\"ListItem\",\"position\":2,\"name\":\"Aeroporto de Guarulhos anuncia plano de R$ 2,5 bi para moderniza\u00e7\u00e3o\"}]},{\"@type\":\"WebSite\",\"@id\":\"https:\/\/agenciainfra.com\/blog\/#website\",\"url\":\"https:\/\/agenciainfra.com\/blog\/\",\"name\":\"Ag\u00eancia iNFRA\",\"description\":\"Multiplataforma de informa\u00e7\u00e3o jornal\u00edstica refer\u00eancia na \u00e1rea de infraestrutura no Brasil!\",\"publisher\":{\"@id\":\"https:\/\/agenciainfra.com\/blog\/#organization\"},\"potentialAction\":[{\"@type\":\"SearchAction\",\"target\":{\"@type\":\"EntryPoint\",\"urlTemplate\":\"https:\/\/agenciainfra.com\/blog\/?s={search_term_string}\"},\"query-input\":{\"@type\":\"PropertyValueSpecification\",\"valueRequired\":true,\"valueName\":\"search_term_string\"}}],\"inLanguage\":\"pt-BR\"},{\"@type\":\"Organization\",\"@id\":\"https:\/\/agenciainfra.com\/blog\/#organization\",\"name\":\"Ag\u00eancia iNFRA\",\"url\":\"https:\/\/agenciainfra.com\/blog\/\",\"logo\":{\"@type\":\"ImageObject\",\"inLanguage\":\"pt-BR\",\"@id\":\"https:\/\/agenciainfra.com\/blog\/#\/schema\/logo\/image\/\",\"url\":\"https:\/\/agenciainfra.com\/blog\/wp-content\/uploads\/2023\/09\/iNFRA_5-e1761735885940.png\",\"contentUrl\":\"https:\/\/agenciainfra.com\/blog\/wp-content\/uploads\/2023\/09\/iNFRA_5-e1761735885940.png\",\"width\":1672,\"height\":454,\"caption\":\"Ag\u00eancia iNFRA\"},\"image\":{\"@id\":\"https:\/\/agenciainfra.com\/blog\/#\/schema\/logo\/image\/\"},\"sameAs\":[\"https:\/\/www.facebook.com\/ageninfra\",\"https:\/\/x.com\/agencia_infra\",\"https:\/\/www.linkedin.com\/company\/ag\u00eanciainfra\/\",\"https:\/\/www.instagram.com\/agenciainfra\/\"]},{\"@type\":\"Person\",\"@id\":\"https:\/\/agenciainfra.com\/blog\/#\/schema\/person\/34af08dff6adea4cb22b06612ba7acfa\",\"name\":\"Ag\u00eancia iNFRA\",\"image\":{\"@type\":\"ImageObject\",\"inLanguage\":\"pt-BR\",\"@id\":\"https:\/\/agenciainfra.com\/blog\/#\/schema\/person\/image\/\",\"url\":\"https:\/\/secure.gravatar.com\/avatar\/d189e01678f06d8eb84d4e01f08eb848b3fffe3f8443818d3c356c66892f5be8?s=96&d=mm&r=g\",\"contentUrl\":\"https:\/\/secure.gravatar.com\/avatar\/d189e01678f06d8eb84d4e01f08eb848b3fffe3f8443818d3c356c66892f5be8?s=96&d=mm&r=g\",\"caption\":\"Ag\u00eancia iNFRA\"},\"url\":\"https:\/\/agenciainfra.com\/blog\/author\/admin\/\"}]}<\/script>\n<!-- \/ Yoast SEO Premium plugin. -->","yoast_head_json":{"title":"Aeroporto de Guarulhos anuncia plano de R$ 2,5 bi para moderniza\u00e7\u00e3o - Ag\u00eancia iNFRA","robots":{"index":"index","follow":"follow","max-snippet":"max-snippet:-1","max-image-preview":"max-image-preview:large","max-video-preview":"max-video-preview:-1"},"canonical":"https:\/\/agenciainfra.com\/blog\/aeroporto-de-guarulhos-anuncia-plano-de-r-25-bi-para-modernizacao\/","og_locale":"pt_BR","og_type":"article","og_title":"Aeroporto de Guarulhos anuncia plano de R$ 2,5 bi para moderniza\u00e7\u00e3o","og_description":"da Ag\u00eancia iNFRA O MPor (Minist\u00e9rio de Portos e Aeroportos) e a concession\u00e1ria GRU Airport (Aeroporto Internacional de Guarulhos) apresentaram nesta quinta-feira (11) o novo plano de investimentos do aeroporto, que prev\u00ea R$ 2,5 bilh\u00f5es em obras at\u00e9 2029. O objetivo \u00e9 ampliar a capacidade operacional, refor\u00e7ar a seguran\u00e7a e melhorar a experi\u00eancia dos passageiros [&hellip;]","og_url":"https:\/\/agenciainfra.com\/blog\/aeroporto-de-guarulhos-anuncia-plano-de-r-25-bi-para-modernizacao\/","og_site_name":"Ag\u00eancia iNFRA","article_publisher":"https:\/\/www.facebook.com\/ageninfra","article_published_time":"2025-12-11T18:28:02+00:00","article_modified_time":"2025-12-11T18:28:03+00:00","og_image":[{"width":1280,"height":851,"url":"https:\/\/agenciainfra.com\/blog\/wp-content\/uploads\/2021\/09\/aeroporto-de-guarulhos-foto-rovena-rosa-agencia-brasil.jpg","type":"image\/jpeg"}],"author":"Ag\u00eancia iNFRA","twitter_card":"summary_large_image","twitter_creator":"@agencia_infra","twitter_site":"@agencia_infra","twitter_misc":{"Escrito por":"Ag\u00eancia iNFRA","Est. tempo de leitura":"2 minutos"},"schema":{"@context":"https:\/\/schema.org","@graph":[{"@type":"Article","@id":"https:\/\/agenciainfra.com\/blog\/aeroporto-de-guarulhos-anuncia-plano-de-r-25-bi-para-modernizacao\/#article","isPartOf":{"@id":"https:\/\/agenciainfra.com\/blog\/aeroporto-de-guarulhos-anuncia-plano-de-r-25-bi-para-modernizacao\/"},"author":{"name":"Ag\u00eancia iNFRA","@id":"https:\/\/agenciainfra.com\/blog\/#\/schema\/person\/34af08dff6adea4cb22b06612ba7acfa"},"headline":"Aeroporto de Guarulhos anuncia plano de R$ 2,5 bi para moderniza\u00e7\u00e3o","datePublished":"2025-12-11T18:28:02+00:00","dateModified":"2025-12-11T18:28:03+00:00","mainEntityOfPage":{"@id":"https:\/\/agenciainfra.com\/blog\/aeroporto-de-guarulhos-anuncia-plano-de-r-25-bi-para-modernizacao\/"},"wordCount":346,"publisher":{"@id":"https:\/\/agenciainfra.com\/blog\/#organization"},"image":{"@id":"https:\/\/agenciainfra.com\/blog\/aeroporto-de-guarulhos-anuncia-plano-de-r-25-bi-para-modernizacao\/#primaryimage"},"thumbnailUrl":"https:\/\/agenciainfra.com\/blog\/wp-content\/uploads\/2021\/09\/aeroporto-de-guarulhos-foto-rovena-rosa-agencia-brasil.jpg","keywords":["Aeroporto de Guarulhos","ANAC","GRU Airport","Investimentos","MPor","Programa AmpliAR","TCU"],"articleSection":["Giro iNFRA"],"inLanguage":"pt-BR","copyrightYear":"2025","copyrightHolder":{"@id":"https:\/\/agenciainfra.com\/blog\/#organization"}},{"@type":"WebPage","@id":"https:\/\/agenciainfra.com\/blog\/aeroporto-de-guarulhos-anuncia-plano-de-r-25-bi-para-modernizacao\/","url":"https:\/\/agenciainfra.com\/blog\/aeroporto-de-guarulhos-anuncia-plano-de-r-25-bi-para-modernizacao\/","name":"Aeroporto de Guarulhos anuncia plano de R$ 2,5 bi para moderniza\u00e7\u00e3o - Ag\u00eancia iNFRA","isPartOf":{"@id":"https:\/\/agenciainfra.com\/blog\/#website"},"primaryImageOfPage":{"@id":"https:\/\/agenciainfra.com\/blog\/aeroporto-de-guarulhos-anuncia-plano-de-r-25-bi-para-modernizacao\/#primaryimage"},"image":{"@id":"https:\/\/agenciainfra.com\/blog\/aeroporto-de-guarulhos-anuncia-plano-de-r-25-bi-para-modernizacao\/#primaryimage"},"thumbnailUrl":"https:\/\/agenciainfra.com\/blog\/wp-content\/uploads\/2021\/09\/aeroporto-de-guarulhos-foto-rovena-rosa-agencia-brasil.jpg","datePublished":"2025-12-11T18:28:02+00:00","dateModified":"2025-12-11T18:28:03+00:00","breadcrumb":{"@id":"https:\/\/agenciainfra.com\/blog\/aeroporto-de-guarulhos-anuncia-plano-de-r-25-bi-para-modernizacao\/#breadcrumb"},"inLanguage":"pt-BR","potentialAction":[{"@type":"ReadAction","target":["https:\/\/agenciainfra.com\/blog\/aeroporto-de-guarulhos-anuncia-plano-de-r-25-bi-para-modernizacao\/"]}]},{"@type":"ImageObject","inLanguage":"pt-BR","@id":"https:\/\/agenciainfra.com\/blog\/aeroporto-de-guarulhos-anuncia-plano-de-r-25-bi-para-modernizacao\/#primaryimage","url":"https:\/\/agenciainfra.com\/blog\/wp-content\/uploads\/2021\/09\/aeroporto-de-guarulhos-foto-rovena-rosa-agencia-brasil.jpg","contentUrl":"https:\/\/agenciainfra.com\/blog\/wp-content\/uploads\/2021\/09\/aeroporto-de-guarulhos-foto-rovena-rosa-agencia-brasil.jpg","width":1280,"height":851,"caption":"Foto: Rovena Rosa\/Ag\u00eancia Brasil"},{"@type":"BreadcrumbList","@id":"https:\/\/agenciainfra.com\/blog\/aeroporto-de-guarulhos-anuncia-plano-de-r-25-bi-para-modernizacao\/#breadcrumb","itemListElement":[{"@type":"ListItem","position":1,"name":"In\u00edcio","item":"https:\/\/agenciainfra.com\/blog\/"},{"@type":"ListItem","position":2,"name":"Aeroporto de Guarulhos anuncia plano de R$ 2,5 bi para moderniza\u00e7\u00e3o"}]},{"@type":"WebSite","@id":"https:\/\/agenciainfra.com\/blog\/#website","url":"https:\/\/agenciainfra.com\/blog\/","name":"Ag\u00eancia iNFRA","description":"Multiplataforma de informa\u00e7\u00e3o jornal\u00edstica refer\u00eancia na \u00e1rea de infraestrutura no Brasil!","publisher":{"@id":"https:\/\/agenciainfra.com\/blog\/#organization"},"potentialAction":[{"@type":"SearchAction","target":{"@type":"EntryPoint","urlTemplate":"https:\/\/agenciainfra.com\/blog\/?s={search_term_string}"},"query-input":{"@type":"PropertyValueSpecification","valueRequired":true,"valueName":"search_term_string"}}],"inLanguage":"pt-BR"},{"@type":"Organization","@id":"https:\/\/agenciainfra.com\/blog\/#organization","name":"Ag\u00eancia iNFRA","url":"https:\/\/agenciainfra.com\/blog\/","logo":{"@type":"ImageObject","inLanguage":"pt-BR","@id":"https:\/\/agenciainfra.com\/blog\/#\/schema\/logo\/image\/","url":"https:\/\/agenciainfra.com\/blog\/wp-content\/uploads\/2023\/09\/iNFRA_5-e1761735885940.png","contentUrl":"https:\/\/agenciainfra.com\/blog\/wp-content\/uploads\/2023\/09\/iNFRA_5-e1761735885940.png","width":1672,"height":454,"caption":"Ag\u00eancia iNFRA"},"image":{"@id":"https:\/\/agenciainfra.com\/blog\/#\/schema\/logo\/image\/"},"sameAs":["https:\/\/www.facebook.com\/ageninfra","https:\/\/x.com\/agencia_infra","https:\/\/www.linkedin.com\/company\/ag\u00eanciainfra\/","https:\/\/www.instagram.com\/agenciainfra\/"]},{"@type":"Person","@id":"https:\/\/agenciainfra.com\/blog\/#\/schema\/person\/34af08dff6adea4cb22b06612ba7acfa","name":"Ag\u00eancia iNFRA","image":{"@type":"ImageObject","inLanguage":"pt-BR","@id":"https:\/\/agenciainfra.com\/blog\/#\/schema\/person\/image\/","url":"https:\/\/secure.gravatar.com\/avatar\/d189e01678f06d8eb84d4e01f08eb848b3fffe3f8443818d3c356c66892f5be8?s=96&d=mm&r=g","contentUrl":"https:\/\/secure.gravatar.com\/avatar\/d189e01678f06d8eb84d4e01f08eb848b3fffe3f8443818d3c356c66892f5be8?s=96&d=mm&r=g","caption":"Ag\u00eancia iNFRA"},"url":"https:\/\/agenciainfra.com\/blog\/author\/admin\/"}]}},"_links":{"self":[{"href":"https:\/\/agenciainfra.com\/blog\/wp-json\/wp\/v2\/posts\/33747","targetHints":{"allow":["GET"]}}],"collection":[{"href":"https:\/\/agenciainfra.com\/blog\/wp-json\/wp\/v2\/posts"}],"about":[{"href":"https:\/\/agenciainfra.com\/blog\/wp-json\/wp\/v2\/types\/post"}],"author":[{"embeddable":true,"href":"https:\/\/agenciainfra.com\/blog\/wp-json\/wp\/v2\/users\/1"}],"replies":[{"embeddable":true,"href":"https:\/\/agenciainfra.com\/blog\/wp-json\/wp\/v2\/comments?post=33747"}],"version-history":[{"count":1,"href":"https:\/\/agenciainfra.com\/blog\/wp-json\/wp\/v2\/posts\/33747\/revisions"}],"predecessor-version":[{"id":33749,"href":"https:\/\/agenciainfra.com\/blog\/wp-json\/wp\/v2\/posts\/33747\/revisions\/33749"}],"wp:featuredmedia":[{"embeddable":true,"href":"https:\/\/agenciainfra.com\/blog\/wp-json\/wp\/v2\/media\/8341"}],"wp:attachment":[{"href":"https:\/\/agenciainfra.com\/blog\/wp-json\/wp\/v2\/media?parent=33747"}],"wp:term":[{"taxonomy":"category","embeddable":true,"href":"https:\/\/agenciainfra.com\/blog\/wp-json\/wp\/v2\/categories?post=33747"},{"taxonomy":"post_tag","embeddable":true,"href":"https:\/\/agenciainfra.com\/blog\/wp-json\/wp\/v2\/tags?post=33747"}],"curies":[{"name":"wp","href":"https:\/\/api.w.org\/{rel}","templated":true}]}}