{"id":3375,"date":"2019-07-01T14:00:17","date_gmt":"2019-07-01T17:00:17","guid":{"rendered":"http:\/\/www.agenciainfra.com\/blog\/?p=3375"},"modified":"2019-07-01T14:17:23","modified_gmt":"2019-07-01T17:17:23","slug":"brasilia-recebe-o-maior-encontro-de-infraestrutura-da-america-latina-conteudo-patrocinado","status":"publish","type":"post","link":"https:\/\/agenciainfra.com\/blog\/brasilia-recebe-o-maior-encontro-de-infraestrutura-da-america-latina-conteudo-patrocinado\/","title":{"rendered":"Bras\u00edlia recebe o maior encontro de infraestrutura da Am\u00e9rica Latina (Conte\u00fado Patrocinado)"},"content":{"rendered":"<div>\n<p class=\"m_7679183338887819002gmail-\">O setor de infraestrutura tem um encontro marcado nos dias 31 de julho e 1\u00ba de agosto, em Bras\u00edlia (DF). O 17\u00ba Latin American Infrastructure Leadership Forum reunir\u00e1 especialistas de todo o mundo para apresentar oportunidades e discutir o futuro do desenvolvimento da regi\u00e3o. As inscri\u00e7\u00f5es est\u00e3o abertas em pacotes especiais, dispon\u00edveis\u00a0<a href=\"https:\/\/www.cg-la.com\/forums\/lalf17\/register-now\" target=\"_blank\" rel=\"noopener\" data-saferedirecturl=\"https:\/\/www.google.com\/url?q=https:\/\/www.cg-la.com\/forums\/lalf17\/register-now&amp;source=gmail&amp;ust=1561843321872000&amp;usg=AFQjCNGfI_H2NX1etjKHFOyFS4BCOyAgTw\">neste link<\/a>.<\/p>\n<p>Nos dois dias de encontro, promovido pela CG-LA Infrastructure \u2013 l\u00edder mundial em consultoria no setor de infraestrutura, os convidados ser\u00e3o apresentados aos 100 Projetos Estrat\u00e9gicos de Investimentos na regi\u00e3o, com possibilidade de execu\u00e7\u00e3o nos pr\u00f3ximos 18 meses, selecionados pela plataforma global de projetos da CG-LA.<\/p>\n<p>A lista dos projetos, que somam cerca de US$ 150 bilh\u00f5es, est\u00e1 dispon\u00edvel no site do evento,\u00a0<a href=\"https:\/\/store.gvip.io\/product\/2016-strategic-100-latin-american-infrastructure-report\/\" target=\"_blank\" rel=\"noopener\" data-saferedirecturl=\"https:\/\/www.google.com\/url?q=https:\/\/store.gvip.io\/product\/2016-strategic-100-latin-american-infrastructure-report\/&amp;source=gmail&amp;ust=1561843321872000&amp;usg=AFQjCNHOAn6V5R4DQMiL-O2Nb3rl9TUe2Q\">acess\u00edvel neste link<\/a>.<\/p>\n<p>S\u00e3o projetos nas \u00e1reas de Energia, \u00d3leo e G\u00e1s, Minera\u00e7\u00e3o, Transportes, Saneamento e Mobilidade e Desenvolvimento Urbano, que oferecem oportunidades reais de neg\u00f3cios para companhias nos setores financeiro, de tecnologia, engenharia e constru\u00e7\u00e3o, consultoria de neg\u00f3cios e demais setores.<\/p>\n<p>Os participantes do 17\u00ba LALF poder\u00e3o estar presentes a apresenta\u00e7\u00f5es aprofundadas sobre os projetos e ter\u00e3o o benef\u00edcio de poder agendar encontros one-on-one com os l\u00edderes desses neg\u00f3cios. Al\u00e9m dos one-on-one, diversas oportunidades estar\u00e3o colocadas com os mais de 650 participantes de alta relev\u00e2ncia presentes nos dois dias de F\u00f3rum.<\/p>\n<p><strong>Debates Qualificados<\/strong><br \/>\nAo longo de dois dias de encontro, os participantes ter\u00e3o ainda a oportunidade de participar de discuss\u00f5es qualificadas sobre o desenvolvimento da infraestrutura na Am\u00e9rica Latina, em ambiente especialmente desenvolvido dentro do Centro de Eventos e Conven\u00e7\u00f5es Brasil 21, localizado na \u00e1rea central da capital do pa\u00eds.<\/p>\n<p>Temas como financiamento, seguran\u00e7a jur\u00eddica, novas tecnologias, relacionamento com as comunidades e desenvolvimento s\u00f3cio-ambiental sustent\u00e1vel ser\u00e3o debatidos por agentes p\u00fablicos e\u00a0profissionais com experi\u00eancia e reconhecimento internacional. Os pain\u00e9is podem ser conhecidos\u00a0<a href=\"https:\/\/www.cg-la.com\/forums\/lalf17\/program\/program-portuguese\" target=\"_blank\" rel=\"noopener\" data-saferedirecturl=\"https:\/\/www.google.com\/url?q=https:\/\/www.cg-la.com\/forums\/lalf17\/program\/program-portuguese&amp;source=gmail&amp;ust=1561843321873000&amp;usg=AFQjCNGEj5BpaUYGNI7ZGJnv0QrhSBhGGQ\">neste link<\/a>.<\/p>\n<\/div>\n<div>\n<div><\/div>\n<div>(Conte\u00fado Patrocinado)<\/div>\n<\/div>\n","protected":false},"excerpt":{"rendered":"<p>O setor de infraestrutura tem um encontro marcado nos dias 31 de julho e 1\u00ba de agosto, em Bras\u00edlia (DF). O 17\u00ba Latin American Infrastructure Leadership Forum reunir\u00e1 especialistas de todo o mundo para apresentar oportunidades e discutir o futuro do desenvolvimento da regi\u00e3o. As inscri\u00e7\u00f5es est\u00e3o abertas em pacotes especiais, dispon\u00edveis\u00a0neste link. Nos dois [&hellip;]<\/p>\n","protected":false},"author":9,"featured_media":1947,"comment_status":"closed","ping_status":"closed","sticky":false,"template":"","format":"standard","meta":{"_monsterinsights_skip_tracking":false,"_monsterinsights_sitenote_active":false,"_monsterinsights_sitenote_note":"","_monsterinsights_sitenote_category":0,"footnotes":""},"categories":[7],"tags":[1097,877,1098,34],"class_list":["post-3375","post","type-post","status-publish","format-standard","has-post-thumbnail","hentry","category-infratransporte","tag-17o-latin-american-infrastructure-leadership-forum","tag-america-latina","tag-cg-la-infrastructure","tag-infraestrutura"],"yoast_head":"<!-- This site is optimized with the Yoast SEO Premium plugin v25.4 (Yoast SEO v26.0) - https:\/\/yoast.com\/wordpress\/plugins\/seo\/ -->\n<title>Bras\u00edlia recebe o maior encontro de infraestrutura da Am\u00e9rica Latina (Conte\u00fado Patrocinado) - Ag\u00eancia iNFRA<\/title>\n<meta name=\"robots\" content=\"index, follow, max-snippet:-1, max-image-preview:large, max-video-preview:-1\" \/>\n<link rel=\"canonical\" href=\"https:\/\/agenciainfra.com\/blog\/brasilia-recebe-o-maior-encontro-de-infraestrutura-da-america-latina-conteudo-patrocinado\/\" \/>\n<meta property=\"og:locale\" content=\"pt_BR\" \/>\n<meta property=\"og:type\" content=\"article\" \/>\n<meta property=\"og:title\" content=\"Bras\u00edlia recebe o maior encontro de infraestrutura da Am\u00e9rica Latina (Conte\u00fado Patrocinado)\" \/>\n<meta property=\"og:description\" content=\"O setor de infraestrutura tem um encontro marcado nos dias 31 de julho e 1\u00ba de agosto, em Bras\u00edlia (DF). O 17\u00ba Latin American Infrastructure Leadership Forum reunir\u00e1 especialistas de todo o mundo para apresentar oportunidades e discutir o futuro do desenvolvimento da regi\u00e3o. As inscri\u00e7\u00f5es est\u00e3o abertas em pacotes especiais, dispon\u00edveis\u00a0neste link. Nos dois [&hellip;]\" \/>\n<meta property=\"og:url\" content=\"https:\/\/agenciainfra.com\/blog\/brasilia-recebe-o-maior-encontro-de-infraestrutura-da-america-latina-conteudo-patrocinado\/\" \/>\n<meta property=\"og:site_name\" content=\"Ag\u00eancia iNFRA\" \/>\n<meta property=\"article:publisher\" content=\"https:\/\/www.facebook.com\/ageninfra\" \/>\n<meta property=\"article:published_time\" content=\"2019-07-01T17:00:17+00:00\" \/>\n<meta property=\"article:modified_time\" content=\"2019-07-01T17:17:23+00:00\" \/>\n<meta property=\"og:image\" content=\"https:\/\/agenciainfra.com\/blog\/wp-content\/uploads\/2018\/06\/aviacao_-anuario_do_-transportes_CNT_010617_divulgacao_CNT.jpg\" \/>\n\t<meta property=\"og:image:width\" content=\"1920\" \/>\n\t<meta property=\"og:image:height\" content=\"1080\" \/>\n\t<meta property=\"og:image:type\" content=\"image\/jpeg\" \/>\n<meta name=\"author\" content=\"Rodrigo Zuquim\" \/>\n<meta name=\"twitter:card\" content=\"summary_large_image\" \/>\n<meta name=\"twitter:creator\" content=\"@agencia_infra\" \/>\n<meta name=\"twitter:site\" content=\"@agencia_infra\" \/>\n<meta name=\"twitter:label1\" content=\"Escrito por\" \/>\n\t<meta name=\"twitter:data1\" content=\"Rodrigo Zuquim\" \/>\n\t<meta name=\"twitter:label2\" content=\"Est. tempo de leitura\" \/>\n\t<meta name=\"twitter:data2\" content=\"2 minutos\" \/>\n<script type=\"application\/ld+json\" class=\"yoast-schema-graph\">{\"@context\":\"https:\/\/schema.org\",\"@graph\":[{\"@type\":\"Article\",\"@id\":\"https:\/\/agenciainfra.com\/blog\/brasilia-recebe-o-maior-encontro-de-infraestrutura-da-america-latina-conteudo-patrocinado\/#article\",\"isPartOf\":{\"@id\":\"https:\/\/agenciainfra.com\/blog\/brasilia-recebe-o-maior-encontro-de-infraestrutura-da-america-latina-conteudo-patrocinado\/\"},\"author\":{\"name\":\"Rodrigo Zuquim\",\"@id\":\"https:\/\/agenciainfra.com\/blog\/#\/schema\/person\/04dbb79bd6d8951f063da71f3e4c1eb1\"},\"headline\":\"Bras\u00edlia recebe o maior encontro de infraestrutura da Am\u00e9rica Latina (Conte\u00fado Patrocinado)\",\"datePublished\":\"2019-07-01T17:00:17+00:00\",\"dateModified\":\"2019-07-01T17:17:23+00:00\",\"mainEntityOfPage\":{\"@id\":\"https:\/\/agenciainfra.com\/blog\/brasilia-recebe-o-maior-encontro-de-infraestrutura-da-america-latina-conteudo-patrocinado\/\"},\"wordCount\":343,\"publisher\":{\"@id\":\"https:\/\/agenciainfra.com\/blog\/#organization\"},\"image\":{\"@id\":\"https:\/\/agenciainfra.com\/blog\/brasilia-recebe-o-maior-encontro-de-infraestrutura-da-america-latina-conteudo-patrocinado\/#primaryimage\"},\"thumbnailUrl\":\"https:\/\/agenciainfra.com\/blog\/wp-content\/uploads\/2018\/06\/aviacao_-anuario_do_-transportes_CNT_010617_divulgacao_CNT-e1748515836440.jpg\",\"keywords\":[\"17\u00ba Latin American Infrastructure Leadership Forum\",\"Am\u00e9rica Latina\",\"CG-LA Infrastructure\",\"Infraestrutura\"],\"articleSection\":[\"iNFRATransporte\"],\"inLanguage\":\"pt-BR\",\"copyrightYear\":\"2019\",\"copyrightHolder\":{\"@id\":\"https:\/\/agenciainfra.com\/blog\/#organization\"}},{\"@type\":\"WebPage\",\"@id\":\"https:\/\/agenciainfra.com\/blog\/brasilia-recebe-o-maior-encontro-de-infraestrutura-da-america-latina-conteudo-patrocinado\/\",\"url\":\"https:\/\/agenciainfra.com\/blog\/brasilia-recebe-o-maior-encontro-de-infraestrutura-da-america-latina-conteudo-patrocinado\/\",\"name\":\"Bras\u00edlia recebe o maior encontro de infraestrutura da Am\u00e9rica Latina (Conte\u00fado Patrocinado) - Ag\u00eancia iNFRA\",\"isPartOf\":{\"@id\":\"https:\/\/agenciainfra.com\/blog\/#website\"},\"primaryImageOfPage\":{\"@id\":\"https:\/\/agenciainfra.com\/blog\/brasilia-recebe-o-maior-encontro-de-infraestrutura-da-america-latina-conteudo-patrocinado\/#primaryimage\"},\"image\":{\"@id\":\"https:\/\/agenciainfra.com\/blog\/brasilia-recebe-o-maior-encontro-de-infraestrutura-da-america-latina-conteudo-patrocinado\/#primaryimage\"},\"thumbnailUrl\":\"https:\/\/agenciainfra.com\/blog\/wp-content\/uploads\/2018\/06\/aviacao_-anuario_do_-transportes_CNT_010617_divulgacao_CNT-e1748515836440.jpg\",\"datePublished\":\"2019-07-01T17:00:17+00:00\",\"dateModified\":\"2019-07-01T17:17:23+00:00\",\"breadcrumb\":{\"@id\":\"https:\/\/agenciainfra.com\/blog\/brasilia-recebe-o-maior-encontro-de-infraestrutura-da-america-latina-conteudo-patrocinado\/#breadcrumb\"},\"inLanguage\":\"pt-BR\",\"potentialAction\":[{\"@type\":\"ReadAction\",\"target\":[\"https:\/\/agenciainfra.com\/blog\/brasilia-recebe-o-maior-encontro-de-infraestrutura-da-america-latina-conteudo-patrocinado\/\"]}]},{\"@type\":\"ImageObject\",\"inLanguage\":\"pt-BR\",\"@id\":\"https:\/\/agenciainfra.com\/blog\/brasilia-recebe-o-maior-encontro-de-infraestrutura-da-america-latina-conteudo-patrocinado\/#primaryimage\",\"url\":\"https:\/\/agenciainfra.com\/blog\/wp-content\/uploads\/2018\/06\/aviacao_-anuario_do_-transportes_CNT_010617_divulgacao_CNT-e1748515836440.jpg\",\"contentUrl\":\"https:\/\/agenciainfra.com\/blog\/wp-content\/uploads\/2018\/06\/aviacao_-anuario_do_-transportes_CNT_010617_divulgacao_CNT-e1748515836440.jpg\",\"width\":1280,\"height\":720,\"caption\":\"Foto: CNT\/Divulga\u00e7\u00e3o\"},{\"@type\":\"BreadcrumbList\",\"@id\":\"https:\/\/agenciainfra.com\/blog\/brasilia-recebe-o-maior-encontro-de-infraestrutura-da-america-latina-conteudo-patrocinado\/#breadcrumb\",\"itemListElement\":[{\"@type\":\"ListItem\",\"position\":1,\"name\":\"In\u00edcio\",\"item\":\"https:\/\/agenciainfra.com\/blog\/\"},{\"@type\":\"ListItem\",\"position\":2,\"name\":\"Bras\u00edlia recebe o maior encontro de infraestrutura da Am\u00e9rica Latina (Conte\u00fado Patrocinado)\"}]},{\"@type\":\"WebSite\",\"@id\":\"https:\/\/agenciainfra.com\/blog\/#website\",\"url\":\"https:\/\/agenciainfra.com\/blog\/\",\"name\":\"Ag\u00eancia iNFRA\",\"description\":\"Multiplataforma de informa\u00e7\u00e3o jornal\u00edstica refer\u00eancia na \u00e1rea de infraestrutura no Brasil!\",\"publisher\":{\"@id\":\"https:\/\/agenciainfra.com\/blog\/#organization\"},\"potentialAction\":[{\"@type\":\"SearchAction\",\"target\":{\"@type\":\"EntryPoint\",\"urlTemplate\":\"https:\/\/agenciainfra.com\/blog\/?s={search_term_string}\"},\"query-input\":{\"@type\":\"PropertyValueSpecification\",\"valueRequired\":true,\"valueName\":\"search_term_string\"}}],\"inLanguage\":\"pt-BR\"},{\"@type\":\"Organization\",\"@id\":\"https:\/\/agenciainfra.com\/blog\/#organization\",\"name\":\"Ag\u00eancia iNFRA\",\"url\":\"https:\/\/agenciainfra.com\/blog\/\",\"logo\":{\"@type\":\"ImageObject\",\"inLanguage\":\"pt-BR\",\"@id\":\"https:\/\/agenciainfra.com\/blog\/#\/schema\/logo\/image\/\",\"url\":\"https:\/\/agenciainfra.com\/blog\/wp-content\/uploads\/2023\/09\/iNFRA_5-e1761735885940.png\",\"contentUrl\":\"https:\/\/agenciainfra.com\/blog\/wp-content\/uploads\/2023\/09\/iNFRA_5-e1761735885940.png\",\"width\":1672,\"height\":454,\"caption\":\"Ag\u00eancia iNFRA\"},\"image\":{\"@id\":\"https:\/\/agenciainfra.com\/blog\/#\/schema\/logo\/image\/\"},\"sameAs\":[\"https:\/\/www.facebook.com\/ageninfra\",\"https:\/\/x.com\/agencia_infra\",\"https:\/\/www.linkedin.com\/company\/ag\u00eanciainfra\/\",\"https:\/\/www.instagram.com\/agenciainfra\/\"]},{\"@type\":\"Person\",\"@id\":\"https:\/\/agenciainfra.com\/blog\/#\/schema\/person\/04dbb79bd6d8951f063da71f3e4c1eb1\",\"name\":\"Rodrigo Zuquim\",\"image\":{\"@type\":\"ImageObject\",\"inLanguage\":\"pt-BR\",\"@id\":\"https:\/\/agenciainfra.com\/blog\/#\/schema\/person\/image\/\",\"url\":\"https:\/\/secure.gravatar.com\/avatar\/594abfe82761d620726242ff34ca472a705a4b97f16c790053a6b4c4035274d0?s=96&d=mm&r=g\",\"contentUrl\":\"https:\/\/secure.gravatar.com\/avatar\/594abfe82761d620726242ff34ca472a705a4b97f16c790053a6b4c4035274d0?s=96&d=mm&r=g\",\"caption\":\"Rodrigo Zuquim\"},\"url\":\"https:\/\/agenciainfra.com\/blog\/author\/rodrigo-zuquim\/\"}]}<\/script>\n<!-- \/ Yoast SEO Premium plugin. -->","yoast_head_json":{"title":"Bras\u00edlia recebe o maior encontro de infraestrutura da Am\u00e9rica Latina (Conte\u00fado Patrocinado) - Ag\u00eancia iNFRA","robots":{"index":"index","follow":"follow","max-snippet":"max-snippet:-1","max-image-preview":"max-image-preview:large","max-video-preview":"max-video-preview:-1"},"canonical":"https:\/\/agenciainfra.com\/blog\/brasilia-recebe-o-maior-encontro-de-infraestrutura-da-america-latina-conteudo-patrocinado\/","og_locale":"pt_BR","og_type":"article","og_title":"Bras\u00edlia recebe o maior encontro de infraestrutura da Am\u00e9rica Latina (Conte\u00fado Patrocinado)","og_description":"O setor de infraestrutura tem um encontro marcado nos dias 31 de julho e 1\u00ba de agosto, em Bras\u00edlia (DF). O 17\u00ba Latin American Infrastructure Leadership Forum reunir\u00e1 especialistas de todo o mundo para apresentar oportunidades e discutir o futuro do desenvolvimento da regi\u00e3o. As inscri\u00e7\u00f5es est\u00e3o abertas em pacotes especiais, dispon\u00edveis\u00a0neste link. Nos dois [&hellip;]","og_url":"https:\/\/agenciainfra.com\/blog\/brasilia-recebe-o-maior-encontro-de-infraestrutura-da-america-latina-conteudo-patrocinado\/","og_site_name":"Ag\u00eancia iNFRA","article_publisher":"https:\/\/www.facebook.com\/ageninfra","article_published_time":"2019-07-01T17:00:17+00:00","article_modified_time":"2019-07-01T17:17:23+00:00","og_image":[{"width":1920,"height":1080,"url":"https:\/\/agenciainfra.com\/blog\/wp-content\/uploads\/2018\/06\/aviacao_-anuario_do_-transportes_CNT_010617_divulgacao_CNT.jpg","type":"image\/jpeg"}],"author":"Rodrigo Zuquim","twitter_card":"summary_large_image","twitter_creator":"@agencia_infra","twitter_site":"@agencia_infra","twitter_misc":{"Escrito por":"Rodrigo Zuquim","Est. tempo de leitura":"2 minutos"},"schema":{"@context":"https:\/\/schema.org","@graph":[{"@type":"Article","@id":"https:\/\/agenciainfra.com\/blog\/brasilia-recebe-o-maior-encontro-de-infraestrutura-da-america-latina-conteudo-patrocinado\/#article","isPartOf":{"@id":"https:\/\/agenciainfra.com\/blog\/brasilia-recebe-o-maior-encontro-de-infraestrutura-da-america-latina-conteudo-patrocinado\/"},"author":{"name":"Rodrigo Zuquim","@id":"https:\/\/agenciainfra.com\/blog\/#\/schema\/person\/04dbb79bd6d8951f063da71f3e4c1eb1"},"headline":"Bras\u00edlia recebe o maior encontro de infraestrutura da Am\u00e9rica Latina (Conte\u00fado Patrocinado)","datePublished":"2019-07-01T17:00:17+00:00","dateModified":"2019-07-01T17:17:23+00:00","mainEntityOfPage":{"@id":"https:\/\/agenciainfra.com\/blog\/brasilia-recebe-o-maior-encontro-de-infraestrutura-da-america-latina-conteudo-patrocinado\/"},"wordCount":343,"publisher":{"@id":"https:\/\/agenciainfra.com\/blog\/#organization"},"image":{"@id":"https:\/\/agenciainfra.com\/blog\/brasilia-recebe-o-maior-encontro-de-infraestrutura-da-america-latina-conteudo-patrocinado\/#primaryimage"},"thumbnailUrl":"https:\/\/agenciainfra.com\/blog\/wp-content\/uploads\/2018\/06\/aviacao_-anuario_do_-transportes_CNT_010617_divulgacao_CNT-e1748515836440.jpg","keywords":["17\u00ba Latin American Infrastructure Leadership Forum","Am\u00e9rica Latina","CG-LA Infrastructure","Infraestrutura"],"articleSection":["iNFRATransporte"],"inLanguage":"pt-BR","copyrightYear":"2019","copyrightHolder":{"@id":"https:\/\/agenciainfra.com\/blog\/#organization"}},{"@type":"WebPage","@id":"https:\/\/agenciainfra.com\/blog\/brasilia-recebe-o-maior-encontro-de-infraestrutura-da-america-latina-conteudo-patrocinado\/","url":"https:\/\/agenciainfra.com\/blog\/brasilia-recebe-o-maior-encontro-de-infraestrutura-da-america-latina-conteudo-patrocinado\/","name":"Bras\u00edlia recebe o maior encontro de infraestrutura da Am\u00e9rica Latina (Conte\u00fado Patrocinado) - Ag\u00eancia iNFRA","isPartOf":{"@id":"https:\/\/agenciainfra.com\/blog\/#website"},"primaryImageOfPage":{"@id":"https:\/\/agenciainfra.com\/blog\/brasilia-recebe-o-maior-encontro-de-infraestrutura-da-america-latina-conteudo-patrocinado\/#primaryimage"},"image":{"@id":"https:\/\/agenciainfra.com\/blog\/brasilia-recebe-o-maior-encontro-de-infraestrutura-da-america-latina-conteudo-patrocinado\/#primaryimage"},"thumbnailUrl":"https:\/\/agenciainfra.com\/blog\/wp-content\/uploads\/2018\/06\/aviacao_-anuario_do_-transportes_CNT_010617_divulgacao_CNT-e1748515836440.jpg","datePublished":"2019-07-01T17:00:17+00:00","dateModified":"2019-07-01T17:17:23+00:00","breadcrumb":{"@id":"https:\/\/agenciainfra.com\/blog\/brasilia-recebe-o-maior-encontro-de-infraestrutura-da-america-latina-conteudo-patrocinado\/#breadcrumb"},"inLanguage":"pt-BR","potentialAction":[{"@type":"ReadAction","target":["https:\/\/agenciainfra.com\/blog\/brasilia-recebe-o-maior-encontro-de-infraestrutura-da-america-latina-conteudo-patrocinado\/"]}]},{"@type":"ImageObject","inLanguage":"pt-BR","@id":"https:\/\/agenciainfra.com\/blog\/brasilia-recebe-o-maior-encontro-de-infraestrutura-da-america-latina-conteudo-patrocinado\/#primaryimage","url":"https:\/\/agenciainfra.com\/blog\/wp-content\/uploads\/2018\/06\/aviacao_-anuario_do_-transportes_CNT_010617_divulgacao_CNT-e1748515836440.jpg","contentUrl":"https:\/\/agenciainfra.com\/blog\/wp-content\/uploads\/2018\/06\/aviacao_-anuario_do_-transportes_CNT_010617_divulgacao_CNT-e1748515836440.jpg","width":1280,"height":720,"caption":"Foto: CNT\/Divulga\u00e7\u00e3o"},{"@type":"BreadcrumbList","@id":"https:\/\/agenciainfra.com\/blog\/brasilia-recebe-o-maior-encontro-de-infraestrutura-da-america-latina-conteudo-patrocinado\/#breadcrumb","itemListElement":[{"@type":"ListItem","position":1,"name":"In\u00edcio","item":"https:\/\/agenciainfra.com\/blog\/"},{"@type":"ListItem","position":2,"name":"Bras\u00edlia recebe o maior encontro de infraestrutura da Am\u00e9rica Latina (Conte\u00fado Patrocinado)"}]},{"@type":"WebSite","@id":"https:\/\/agenciainfra.com\/blog\/#website","url":"https:\/\/agenciainfra.com\/blog\/","name":"Ag\u00eancia iNFRA","description":"Multiplataforma de informa\u00e7\u00e3o jornal\u00edstica refer\u00eancia na \u00e1rea de infraestrutura no Brasil!","publisher":{"@id":"https:\/\/agenciainfra.com\/blog\/#organization"},"potentialAction":[{"@type":"SearchAction","target":{"@type":"EntryPoint","urlTemplate":"https:\/\/agenciainfra.com\/blog\/?s={search_term_string}"},"query-input":{"@type":"PropertyValueSpecification","valueRequired":true,"valueName":"search_term_string"}}],"inLanguage":"pt-BR"},{"@type":"Organization","@id":"https:\/\/agenciainfra.com\/blog\/#organization","name":"Ag\u00eancia iNFRA","url":"https:\/\/agenciainfra.com\/blog\/","logo":{"@type":"ImageObject","inLanguage":"pt-BR","@id":"https:\/\/agenciainfra.com\/blog\/#\/schema\/logo\/image\/","url":"https:\/\/agenciainfra.com\/blog\/wp-content\/uploads\/2023\/09\/iNFRA_5-e1761735885940.png","contentUrl":"https:\/\/agenciainfra.com\/blog\/wp-content\/uploads\/2023\/09\/iNFRA_5-e1761735885940.png","width":1672,"height":454,"caption":"Ag\u00eancia iNFRA"},"image":{"@id":"https:\/\/agenciainfra.com\/blog\/#\/schema\/logo\/image\/"},"sameAs":["https:\/\/www.facebook.com\/ageninfra","https:\/\/x.com\/agencia_infra","https:\/\/www.linkedin.com\/company\/ag\u00eanciainfra\/","https:\/\/www.instagram.com\/agenciainfra\/"]},{"@type":"Person","@id":"https:\/\/agenciainfra.com\/blog\/#\/schema\/person\/04dbb79bd6d8951f063da71f3e4c1eb1","name":"Rodrigo Zuquim","image":{"@type":"ImageObject","inLanguage":"pt-BR","@id":"https:\/\/agenciainfra.com\/blog\/#\/schema\/person\/image\/","url":"https:\/\/secure.gravatar.com\/avatar\/594abfe82761d620726242ff34ca472a705a4b97f16c790053a6b4c4035274d0?s=96&d=mm&r=g","contentUrl":"https:\/\/secure.gravatar.com\/avatar\/594abfe82761d620726242ff34ca472a705a4b97f16c790053a6b4c4035274d0?s=96&d=mm&r=g","caption":"Rodrigo Zuquim"},"url":"https:\/\/agenciainfra.com\/blog\/author\/rodrigo-zuquim\/"}]}},"_links":{"self":[{"href":"https:\/\/agenciainfra.com\/blog\/wp-json\/wp\/v2\/posts\/3375","targetHints":{"allow":["GET"]}}],"collection":[{"href":"https:\/\/agenciainfra.com\/blog\/wp-json\/wp\/v2\/posts"}],"about":[{"href":"https:\/\/agenciainfra.com\/blog\/wp-json\/wp\/v2\/types\/post"}],"author":[{"embeddable":true,"href":"https:\/\/agenciainfra.com\/blog\/wp-json\/wp\/v2\/users\/9"}],"replies":[{"embeddable":true,"href":"https:\/\/agenciainfra.com\/blog\/wp-json\/wp\/v2\/comments?post=3375"}],"version-history":[{"count":0,"href":"https:\/\/agenciainfra.com\/blog\/wp-json\/wp\/v2\/posts\/3375\/revisions"}],"wp:featuredmedia":[{"embeddable":true,"href":"https:\/\/agenciainfra.com\/blog\/wp-json\/wp\/v2\/media\/1947"}],"wp:attachment":[{"href":"https:\/\/agenciainfra.com\/blog\/wp-json\/wp\/v2\/media?parent=3375"}],"wp:term":[{"taxonomy":"category","embeddable":true,"href":"https:\/\/agenciainfra.com\/blog\/wp-json\/wp\/v2\/categories?post=3375"},{"taxonomy":"post_tag","embeddable":true,"href":"https:\/\/agenciainfra.com\/blog\/wp-json\/wp\/v2\/tags?post=3375"}],"curies":[{"name":"wp","href":"https:\/\/api.w.org\/{rel}","templated":true}]}}