{"id":33754,"date":"2025-12-11T16:28:53","date_gmt":"2025-12-11T19:28:53","guid":{"rendered":"https:\/\/agenciainfra.com\/blog\/?p=33754"},"modified":"2025-12-12T15:10:07","modified_gmt":"2025-12-12T18:10:07","slug":"stf-homologa-integralmente-acordo-entre-uniao-e-axia","status":"publish","type":"post","link":"https:\/\/agenciainfra.com\/blog\/stf-homologa-integralmente-acordo-entre-uniao-e-axia\/","title":{"rendered":"STF homologa integralmente acordo entre Uni\u00e3o e Axia"},"content":{"rendered":"\n<p class=\"has-text-align-right\"><strong>Geraldo Campos Jr., da Ag\u00eancia iNFRA<\/strong><\/p>\n\n\n\n<p>O plen\u00e1rio do STF (Supremo Tribunal Federal) decidiu homologar integralmente os termos do acordo firmado entre a Uni\u00e3o e a Axia Energia&nbsp;(ex-Eletrobras) no \u00e2mbito da&nbsp;<a href=\"https:\/\/portal.stf.jus.br\/processos\/detalhe.asp?incidente=6635975\" target=\"_blank\" rel=\"noreferrer noopener\">ADI (A\u00e7\u00e3o Direta de Inconstitucionalidade) 7.385<\/a>, sobre a governan\u00e7a da companhia. \u00daltimo a votar, o ministro Luiz Fux apresentou voto nesta quinta-feira (11) seguindo o relator, ministro Nunes Marques.<\/p>\n\n\n\n<p>O placar, desta forma, foi de seis votos para a homologa\u00e7\u00e3o integral. Quatro ministros votaram para valida\u00e7\u00e3o apenas do trecho referente aos assentos da Uni\u00e3o nos conselhos da Axia, diverg\u00eancia que foi aberta pelo ministro Alexandre de Moraes.<\/p>\n\n\n\n<p>Por outro lado, houve unanimidade no plen\u00e1rio para julgar a representa\u00e7\u00e3o parcialmente procedente, declarando como constitucional o trecho da Lei de Desestatiza\u00e7\u00e3o da Eletrobras que era questionado na a\u00e7\u00e3o (sobre a limita\u00e7\u00e3o de participa\u00e7\u00e3o na governan\u00e7a), considerado o ajuste feito pelo acordo.<\/p>\n\n\n\n<p>Para al\u00e9m de aumentar a representa\u00e7\u00e3o da Uni\u00e3o nos conselhos de Administra\u00e7\u00e3o e Fiscal da companhia, o&nbsp;entendimento entre as partes, fechado em abril deste ano, inclui t\u00f3picos como a revis\u00e3o do acordo de investimentos sobre Angra 3, emiss\u00e3o de deb\u00eantures destinadas a obras em Angra 1 e a sa\u00edda da Axia da Eletronuclear.<\/p>\n\n\n\n<p><em>Este texto foi alterado em 12 de dezembro, \u00e0s 07:42 para acr\u00e9scimo de informa\u00e7\u00f5es.<\/em><\/p>\n","protected":false},"excerpt":{"rendered":"<p>Geraldo Campos Jr., da Ag\u00eancia iNFRA O plen\u00e1rio do STF (Supremo Tribunal Federal) decidiu homologar integralmente os termos do acordo firmado entre a Uni\u00e3o e a Axia Energia&nbsp;(ex-Eletrobras) no \u00e2mbito da&nbsp;ADI (A\u00e7\u00e3o Direta de Inconstitucionalidade) 7.385, sobre a governan\u00e7a da companhia. \u00daltimo a votar, o ministro Luiz Fux apresentou voto nesta quinta-feira (11) seguindo o [&hellip;]<\/p>\n","protected":false},"author":1,"featured_media":33757,"comment_status":"closed","ping_status":"closed","sticky":false,"template":"","format":"standard","meta":{"_monsterinsights_skip_tracking":false,"_monsterinsights_sitenote_active":false,"_monsterinsights_sitenote_note":"","_monsterinsights_sitenote_category":0,"footnotes":""},"categories":[7250,10],"tags":[11908,16631,17483,11594,17484,372,6569],"class_list":["post-33754","post","type-post","status-publish","format-standard","has-post-thumbnail","hentry","category-destaque-lista","category-infraenergia","tag-adi-7-385","tag-axia","tag-ex-eletrobras","tag-geraldo-campos-jr","tag-governanca-axia","tag-stf","tag-uniao"],"yoast_head":"<!-- This site is optimized with the Yoast SEO Premium plugin v25.4 (Yoast SEO v26.0) - https:\/\/yoast.com\/wordpress\/plugins\/seo\/ -->\n<title>STF homologa integralmente acordo entre Uni\u00e3o e Axia - Ag\u00eancia iNFRA<\/title>\n<meta name=\"robots\" content=\"index, follow, max-snippet:-1, max-image-preview:large, max-video-preview:-1\" \/>\n<link rel=\"canonical\" href=\"https:\/\/agenciainfra.com\/blog\/stf-homologa-integralmente-acordo-entre-uniao-e-axia\/\" \/>\n<meta property=\"og:locale\" content=\"pt_BR\" \/>\n<meta property=\"og:type\" content=\"article\" \/>\n<meta property=\"og:title\" content=\"STF homologa integralmente acordo entre Uni\u00e3o e Axia\" \/>\n<meta property=\"og:description\" content=\"Geraldo Campos Jr., da Ag\u00eancia iNFRA O plen\u00e1rio do STF (Supremo Tribunal Federal) decidiu homologar integralmente os termos do acordo firmado entre a Uni\u00e3o e a Axia Energia&nbsp;(ex-Eletrobras) no \u00e2mbito da&nbsp;ADI (A\u00e7\u00e3o Direta de Inconstitucionalidade) 7.385, sobre a governan\u00e7a da companhia. \u00daltimo a votar, o ministro Luiz Fux apresentou voto nesta quinta-feira (11) seguindo o [&hellip;]\" \/>\n<meta property=\"og:url\" content=\"https:\/\/agenciainfra.com\/blog\/stf-homologa-integralmente-acordo-entre-uniao-e-axia\/\" \/>\n<meta property=\"og:site_name\" content=\"Ag\u00eancia iNFRA\" \/>\n<meta property=\"article:publisher\" content=\"https:\/\/www.facebook.com\/ageninfra\" \/>\n<meta property=\"article:published_time\" content=\"2025-12-11T19:28:53+00:00\" \/>\n<meta property=\"article:modified_time\" content=\"2025-12-12T18:10:07+00:00\" \/>\n<meta property=\"og:image\" content=\"https:\/\/agenciainfra.com\/blog\/wp-content\/uploads\/2025\/12\/stf-vota-acordo-uniao-e-axia-foto-reproducao-youtube-1-2.jpg\" \/>\n\t<meta property=\"og:image:width\" content=\"1280\" \/>\n\t<meta property=\"og:image:height\" content=\"751\" \/>\n\t<meta property=\"og:image:type\" content=\"image\/jpeg\" \/>\n<meta name=\"author\" content=\"Ag\u00eancia iNFRA\" \/>\n<meta name=\"twitter:card\" content=\"summary_large_image\" \/>\n<meta name=\"twitter:creator\" content=\"@agencia_infra\" \/>\n<meta name=\"twitter:site\" content=\"@agencia_infra\" \/>\n<meta name=\"twitter:label1\" content=\"Escrito por\" \/>\n\t<meta name=\"twitter:data1\" content=\"Ag\u00eancia iNFRA\" \/>\n\t<meta name=\"twitter:label2\" content=\"Est. tempo de leitura\" \/>\n\t<meta name=\"twitter:data2\" content=\"1 minuto\" \/>\n<script type=\"application\/ld+json\" class=\"yoast-schema-graph\">{\"@context\":\"https:\/\/schema.org\",\"@graph\":[{\"@type\":\"Article\",\"@id\":\"https:\/\/agenciainfra.com\/blog\/stf-homologa-integralmente-acordo-entre-uniao-e-axia\/#article\",\"isPartOf\":{\"@id\":\"https:\/\/agenciainfra.com\/blog\/stf-homologa-integralmente-acordo-entre-uniao-e-axia\/\"},\"author\":{\"name\":\"Ag\u00eancia iNFRA\",\"@id\":\"https:\/\/agenciainfra.com\/blog\/#\/schema\/person\/34af08dff6adea4cb22b06612ba7acfa\"},\"headline\":\"STF homologa integralmente acordo entre Uni\u00e3o e Axia\",\"datePublished\":\"2025-12-11T19:28:53+00:00\",\"dateModified\":\"2025-12-12T18:10:07+00:00\",\"mainEntityOfPage\":{\"@id\":\"https:\/\/agenciainfra.com\/blog\/stf-homologa-integralmente-acordo-entre-uniao-e-axia\/\"},\"wordCount\":242,\"publisher\":{\"@id\":\"https:\/\/agenciainfra.com\/blog\/#organization\"},\"image\":{\"@id\":\"https:\/\/agenciainfra.com\/blog\/stf-homologa-integralmente-acordo-entre-uniao-e-axia\/#primaryimage\"},\"thumbnailUrl\":\"https:\/\/agenciainfra.com\/blog\/wp-content\/uploads\/2025\/12\/stf-vota-acordo-uniao-e-axia-foto-reproducao-youtube-1-2.jpg\",\"keywords\":[\"ADI 7.385\",\"Axia\",\"Ex-Eletrobras\",\"Geraldo Campos Jr.\",\"governan\u00e7a Axia\",\"STF\",\"Uni\u00e3o\"],\"articleSection\":[\"Destaque lista\",\"iNFRAEnergia\"],\"inLanguage\":\"pt-BR\",\"copyrightYear\":\"2025\",\"copyrightHolder\":{\"@id\":\"https:\/\/agenciainfra.com\/blog\/#organization\"}},{\"@type\":\"WebPage\",\"@id\":\"https:\/\/agenciainfra.com\/blog\/stf-homologa-integralmente-acordo-entre-uniao-e-axia\/\",\"url\":\"https:\/\/agenciainfra.com\/blog\/stf-homologa-integralmente-acordo-entre-uniao-e-axia\/\",\"name\":\"STF homologa integralmente acordo entre Uni\u00e3o e Axia - Ag\u00eancia iNFRA\",\"isPartOf\":{\"@id\":\"https:\/\/agenciainfra.com\/blog\/#website\"},\"primaryImageOfPage\":{\"@id\":\"https:\/\/agenciainfra.com\/blog\/stf-homologa-integralmente-acordo-entre-uniao-e-axia\/#primaryimage\"},\"image\":{\"@id\":\"https:\/\/agenciainfra.com\/blog\/stf-homologa-integralmente-acordo-entre-uniao-e-axia\/#primaryimage\"},\"thumbnailUrl\":\"https:\/\/agenciainfra.com\/blog\/wp-content\/uploads\/2025\/12\/stf-vota-acordo-uniao-e-axia-foto-reproducao-youtube-1-2.jpg\",\"datePublished\":\"2025-12-11T19:28:53+00:00\",\"dateModified\":\"2025-12-12T18:10:07+00:00\",\"breadcrumb\":{\"@id\":\"https:\/\/agenciainfra.com\/blog\/stf-homologa-integralmente-acordo-entre-uniao-e-axia\/#breadcrumb\"},\"inLanguage\":\"pt-BR\",\"potentialAction\":[{\"@type\":\"ReadAction\",\"target\":[\"https:\/\/agenciainfra.com\/blog\/stf-homologa-integralmente-acordo-entre-uniao-e-axia\/\"]}]},{\"@type\":\"ImageObject\",\"inLanguage\":\"pt-BR\",\"@id\":\"https:\/\/agenciainfra.com\/blog\/stf-homologa-integralmente-acordo-entre-uniao-e-axia\/#primaryimage\",\"url\":\"https:\/\/agenciainfra.com\/blog\/wp-content\/uploads\/2025\/12\/stf-vota-acordo-uniao-e-axia-foto-reproducao-youtube-1-2.jpg\",\"contentUrl\":\"https:\/\/agenciainfra.com\/blog\/wp-content\/uploads\/2025\/12\/stf-vota-acordo-uniao-e-axia-foto-reproducao-youtube-1-2.jpg\",\"width\":1280,\"height\":751,\"caption\":\"Foto: Reprodu\u00e7\u00e3o\/YouTube\"},{\"@type\":\"BreadcrumbList\",\"@id\":\"https:\/\/agenciainfra.com\/blog\/stf-homologa-integralmente-acordo-entre-uniao-e-axia\/#breadcrumb\",\"itemListElement\":[{\"@type\":\"ListItem\",\"position\":1,\"name\":\"In\u00edcio\",\"item\":\"https:\/\/agenciainfra.com\/blog\/\"},{\"@type\":\"ListItem\",\"position\":2,\"name\":\"STF homologa integralmente acordo entre Uni\u00e3o e Axia\"}]},{\"@type\":\"WebSite\",\"@id\":\"https:\/\/agenciainfra.com\/blog\/#website\",\"url\":\"https:\/\/agenciainfra.com\/blog\/\",\"name\":\"Ag\u00eancia iNFRA\",\"description\":\"Multiplataforma de informa\u00e7\u00e3o jornal\u00edstica refer\u00eancia na \u00e1rea de infraestrutura no Brasil!\",\"publisher\":{\"@id\":\"https:\/\/agenciainfra.com\/blog\/#organization\"},\"potentialAction\":[{\"@type\":\"SearchAction\",\"target\":{\"@type\":\"EntryPoint\",\"urlTemplate\":\"https:\/\/agenciainfra.com\/blog\/?s={search_term_string}\"},\"query-input\":{\"@type\":\"PropertyValueSpecification\",\"valueRequired\":true,\"valueName\":\"search_term_string\"}}],\"inLanguage\":\"pt-BR\"},{\"@type\":\"Organization\",\"@id\":\"https:\/\/agenciainfra.com\/blog\/#organization\",\"name\":\"Ag\u00eancia iNFRA\",\"url\":\"https:\/\/agenciainfra.com\/blog\/\",\"logo\":{\"@type\":\"ImageObject\",\"inLanguage\":\"pt-BR\",\"@id\":\"https:\/\/agenciainfra.com\/blog\/#\/schema\/logo\/image\/\",\"url\":\"https:\/\/agenciainfra.com\/blog\/wp-content\/uploads\/2023\/09\/iNFRA_5-e1761735885940.png\",\"contentUrl\":\"https:\/\/agenciainfra.com\/blog\/wp-content\/uploads\/2023\/09\/iNFRA_5-e1761735885940.png\",\"width\":1672,\"height\":454,\"caption\":\"Ag\u00eancia iNFRA\"},\"image\":{\"@id\":\"https:\/\/agenciainfra.com\/blog\/#\/schema\/logo\/image\/\"},\"sameAs\":[\"https:\/\/www.facebook.com\/ageninfra\",\"https:\/\/x.com\/agencia_infra\",\"https:\/\/www.linkedin.com\/company\/ag\u00eanciainfra\/\",\"https:\/\/www.instagram.com\/agenciainfra\/\"]},{\"@type\":\"Person\",\"@id\":\"https:\/\/agenciainfra.com\/blog\/#\/schema\/person\/34af08dff6adea4cb22b06612ba7acfa\",\"name\":\"Ag\u00eancia iNFRA\",\"image\":{\"@type\":\"ImageObject\",\"inLanguage\":\"pt-BR\",\"@id\":\"https:\/\/agenciainfra.com\/blog\/#\/schema\/person\/image\/\",\"url\":\"https:\/\/secure.gravatar.com\/avatar\/d189e01678f06d8eb84d4e01f08eb848b3fffe3f8443818d3c356c66892f5be8?s=96&d=mm&r=g\",\"contentUrl\":\"https:\/\/secure.gravatar.com\/avatar\/d189e01678f06d8eb84d4e01f08eb848b3fffe3f8443818d3c356c66892f5be8?s=96&d=mm&r=g\",\"caption\":\"Ag\u00eancia iNFRA\"},\"url\":\"https:\/\/agenciainfra.com\/blog\/author\/admin\/\"}]}<\/script>\n<!-- \/ Yoast SEO Premium plugin. -->","yoast_head_json":{"title":"STF homologa integralmente acordo entre Uni\u00e3o e Axia - Ag\u00eancia iNFRA","robots":{"index":"index","follow":"follow","max-snippet":"max-snippet:-1","max-image-preview":"max-image-preview:large","max-video-preview":"max-video-preview:-1"},"canonical":"https:\/\/agenciainfra.com\/blog\/stf-homologa-integralmente-acordo-entre-uniao-e-axia\/","og_locale":"pt_BR","og_type":"article","og_title":"STF homologa integralmente acordo entre Uni\u00e3o e Axia","og_description":"Geraldo Campos Jr., da Ag\u00eancia iNFRA O plen\u00e1rio do STF (Supremo Tribunal Federal) decidiu homologar integralmente os termos do acordo firmado entre a Uni\u00e3o e a Axia Energia&nbsp;(ex-Eletrobras) no \u00e2mbito da&nbsp;ADI (A\u00e7\u00e3o Direta de Inconstitucionalidade) 7.385, sobre a governan\u00e7a da companhia. \u00daltimo a votar, o ministro Luiz Fux apresentou voto nesta quinta-feira (11) seguindo o [&hellip;]","og_url":"https:\/\/agenciainfra.com\/blog\/stf-homologa-integralmente-acordo-entre-uniao-e-axia\/","og_site_name":"Ag\u00eancia iNFRA","article_publisher":"https:\/\/www.facebook.com\/ageninfra","article_published_time":"2025-12-11T19:28:53+00:00","article_modified_time":"2025-12-12T18:10:07+00:00","og_image":[{"width":1280,"height":751,"url":"https:\/\/agenciainfra.com\/blog\/wp-content\/uploads\/2025\/12\/stf-vota-acordo-uniao-e-axia-foto-reproducao-youtube-1-2.jpg","type":"image\/jpeg"}],"author":"Ag\u00eancia iNFRA","twitter_card":"summary_large_image","twitter_creator":"@agencia_infra","twitter_site":"@agencia_infra","twitter_misc":{"Escrito por":"Ag\u00eancia iNFRA","Est. tempo de leitura":"1 minuto"},"schema":{"@context":"https:\/\/schema.org","@graph":[{"@type":"Article","@id":"https:\/\/agenciainfra.com\/blog\/stf-homologa-integralmente-acordo-entre-uniao-e-axia\/#article","isPartOf":{"@id":"https:\/\/agenciainfra.com\/blog\/stf-homologa-integralmente-acordo-entre-uniao-e-axia\/"},"author":{"name":"Ag\u00eancia iNFRA","@id":"https:\/\/agenciainfra.com\/blog\/#\/schema\/person\/34af08dff6adea4cb22b06612ba7acfa"},"headline":"STF homologa integralmente acordo entre Uni\u00e3o e Axia","datePublished":"2025-12-11T19:28:53+00:00","dateModified":"2025-12-12T18:10:07+00:00","mainEntityOfPage":{"@id":"https:\/\/agenciainfra.com\/blog\/stf-homologa-integralmente-acordo-entre-uniao-e-axia\/"},"wordCount":242,"publisher":{"@id":"https:\/\/agenciainfra.com\/blog\/#organization"},"image":{"@id":"https:\/\/agenciainfra.com\/blog\/stf-homologa-integralmente-acordo-entre-uniao-e-axia\/#primaryimage"},"thumbnailUrl":"https:\/\/agenciainfra.com\/blog\/wp-content\/uploads\/2025\/12\/stf-vota-acordo-uniao-e-axia-foto-reproducao-youtube-1-2.jpg","keywords":["ADI 7.385","Axia","Ex-Eletrobras","Geraldo Campos Jr.","governan\u00e7a Axia","STF","Uni\u00e3o"],"articleSection":["Destaque lista","iNFRAEnergia"],"inLanguage":"pt-BR","copyrightYear":"2025","copyrightHolder":{"@id":"https:\/\/agenciainfra.com\/blog\/#organization"}},{"@type":"WebPage","@id":"https:\/\/agenciainfra.com\/blog\/stf-homologa-integralmente-acordo-entre-uniao-e-axia\/","url":"https:\/\/agenciainfra.com\/blog\/stf-homologa-integralmente-acordo-entre-uniao-e-axia\/","name":"STF homologa integralmente acordo entre Uni\u00e3o e Axia - Ag\u00eancia iNFRA","isPartOf":{"@id":"https:\/\/agenciainfra.com\/blog\/#website"},"primaryImageOfPage":{"@id":"https:\/\/agenciainfra.com\/blog\/stf-homologa-integralmente-acordo-entre-uniao-e-axia\/#primaryimage"},"image":{"@id":"https:\/\/agenciainfra.com\/blog\/stf-homologa-integralmente-acordo-entre-uniao-e-axia\/#primaryimage"},"thumbnailUrl":"https:\/\/agenciainfra.com\/blog\/wp-content\/uploads\/2025\/12\/stf-vota-acordo-uniao-e-axia-foto-reproducao-youtube-1-2.jpg","datePublished":"2025-12-11T19:28:53+00:00","dateModified":"2025-12-12T18:10:07+00:00","breadcrumb":{"@id":"https:\/\/agenciainfra.com\/blog\/stf-homologa-integralmente-acordo-entre-uniao-e-axia\/#breadcrumb"},"inLanguage":"pt-BR","potentialAction":[{"@type":"ReadAction","target":["https:\/\/agenciainfra.com\/blog\/stf-homologa-integralmente-acordo-entre-uniao-e-axia\/"]}]},{"@type":"ImageObject","inLanguage":"pt-BR","@id":"https:\/\/agenciainfra.com\/blog\/stf-homologa-integralmente-acordo-entre-uniao-e-axia\/#primaryimage","url":"https:\/\/agenciainfra.com\/blog\/wp-content\/uploads\/2025\/12\/stf-vota-acordo-uniao-e-axia-foto-reproducao-youtube-1-2.jpg","contentUrl":"https:\/\/agenciainfra.com\/blog\/wp-content\/uploads\/2025\/12\/stf-vota-acordo-uniao-e-axia-foto-reproducao-youtube-1-2.jpg","width":1280,"height":751,"caption":"Foto: Reprodu\u00e7\u00e3o\/YouTube"},{"@type":"BreadcrumbList","@id":"https:\/\/agenciainfra.com\/blog\/stf-homologa-integralmente-acordo-entre-uniao-e-axia\/#breadcrumb","itemListElement":[{"@type":"ListItem","position":1,"name":"In\u00edcio","item":"https:\/\/agenciainfra.com\/blog\/"},{"@type":"ListItem","position":2,"name":"STF homologa integralmente acordo entre Uni\u00e3o e Axia"}]},{"@type":"WebSite","@id":"https:\/\/agenciainfra.com\/blog\/#website","url":"https:\/\/agenciainfra.com\/blog\/","name":"Ag\u00eancia iNFRA","description":"Multiplataforma de informa\u00e7\u00e3o jornal\u00edstica refer\u00eancia na \u00e1rea de infraestrutura no Brasil!","publisher":{"@id":"https:\/\/agenciainfra.com\/blog\/#organization"},"potentialAction":[{"@type":"SearchAction","target":{"@type":"EntryPoint","urlTemplate":"https:\/\/agenciainfra.com\/blog\/?s={search_term_string}"},"query-input":{"@type":"PropertyValueSpecification","valueRequired":true,"valueName":"search_term_string"}}],"inLanguage":"pt-BR"},{"@type":"Organization","@id":"https:\/\/agenciainfra.com\/blog\/#organization","name":"Ag\u00eancia iNFRA","url":"https:\/\/agenciainfra.com\/blog\/","logo":{"@type":"ImageObject","inLanguage":"pt-BR","@id":"https:\/\/agenciainfra.com\/blog\/#\/schema\/logo\/image\/","url":"https:\/\/agenciainfra.com\/blog\/wp-content\/uploads\/2023\/09\/iNFRA_5-e1761735885940.png","contentUrl":"https:\/\/agenciainfra.com\/blog\/wp-content\/uploads\/2023\/09\/iNFRA_5-e1761735885940.png","width":1672,"height":454,"caption":"Ag\u00eancia iNFRA"},"image":{"@id":"https:\/\/agenciainfra.com\/blog\/#\/schema\/logo\/image\/"},"sameAs":["https:\/\/www.facebook.com\/ageninfra","https:\/\/x.com\/agencia_infra","https:\/\/www.linkedin.com\/company\/ag\u00eanciainfra\/","https:\/\/www.instagram.com\/agenciainfra\/"]},{"@type":"Person","@id":"https:\/\/agenciainfra.com\/blog\/#\/schema\/person\/34af08dff6adea4cb22b06612ba7acfa","name":"Ag\u00eancia iNFRA","image":{"@type":"ImageObject","inLanguage":"pt-BR","@id":"https:\/\/agenciainfra.com\/blog\/#\/schema\/person\/image\/","url":"https:\/\/secure.gravatar.com\/avatar\/d189e01678f06d8eb84d4e01f08eb848b3fffe3f8443818d3c356c66892f5be8?s=96&d=mm&r=g","contentUrl":"https:\/\/secure.gravatar.com\/avatar\/d189e01678f06d8eb84d4e01f08eb848b3fffe3f8443818d3c356c66892f5be8?s=96&d=mm&r=g","caption":"Ag\u00eancia iNFRA"},"url":"https:\/\/agenciainfra.com\/blog\/author\/admin\/"}]}},"_links":{"self":[{"href":"https:\/\/agenciainfra.com\/blog\/wp-json\/wp\/v2\/posts\/33754","targetHints":{"allow":["GET"]}}],"collection":[{"href":"https:\/\/agenciainfra.com\/blog\/wp-json\/wp\/v2\/posts"}],"about":[{"href":"https:\/\/agenciainfra.com\/blog\/wp-json\/wp\/v2\/types\/post"}],"author":[{"embeddable":true,"href":"https:\/\/agenciainfra.com\/blog\/wp-json\/wp\/v2\/users\/1"}],"replies":[{"embeddable":true,"href":"https:\/\/agenciainfra.com\/blog\/wp-json\/wp\/v2\/comments?post=33754"}],"version-history":[{"count":3,"href":"https:\/\/agenciainfra.com\/blog\/wp-json\/wp\/v2\/posts\/33754\/revisions"}],"predecessor-version":[{"id":33780,"href":"https:\/\/agenciainfra.com\/blog\/wp-json\/wp\/v2\/posts\/33754\/revisions\/33780"}],"wp:featuredmedia":[{"embeddable":true,"href":"https:\/\/agenciainfra.com\/blog\/wp-json\/wp\/v2\/media\/33757"}],"wp:attachment":[{"href":"https:\/\/agenciainfra.com\/blog\/wp-json\/wp\/v2\/media?parent=33754"}],"wp:term":[{"taxonomy":"category","embeddable":true,"href":"https:\/\/agenciainfra.com\/blog\/wp-json\/wp\/v2\/categories?post=33754"},{"taxonomy":"post_tag","embeddable":true,"href":"https:\/\/agenciainfra.com\/blog\/wp-json\/wp\/v2\/tags?post=33754"}],"curies":[{"name":"wp","href":"https:\/\/api.w.org\/{rel}","templated":true}]}}