{"id":33755,"date":"2025-12-11T17:34:17","date_gmt":"2025-12-11T20:34:17","guid":{"rendered":"https:\/\/agenciainfra.com\/blog\/?p=33755"},"modified":"2025-12-11T17:34:18","modified_gmt":"2025-12-11T20:34:18","slug":"entidades-lancam-pacto-para-aumentar-investimentos-em-infraestrutura","status":"publish","type":"post","link":"https:\/\/agenciainfra.com\/blog\/entidades-lancam-pacto-para-aumentar-investimentos-em-infraestrutura\/","title":{"rendered":"Entidades lan\u00e7am pacto para aumentar investimentos em infraestrutura"},"content":{"rendered":"\n<p class=\"has-text-align-right\"><strong>da Ag\u00eancia iNFRA<\/strong><\/p>\n\n\n\n<p>Onze entidades do setor de infraestrutura e constru\u00e7\u00e3o lan\u00e7aram, nesta quinta-feira (11), o &#8220;<a href=\"https:\/\/www.sinicon.org.br\/files\/Pacto-Brasil-pela-Infraestrutura--Online-_11zon--3-.pdf\">Pacto Brasil pela Infraestrutura<\/a>&#8220;. O objetivo \u00e9 a ado\u00e7\u00e3o de estrat\u00e9gias conjuntas entre Estado, setor privado e sociedade civil com proposi\u00e7\u00e3o de metas, governan\u00e7a e a\u00e7\u00f5es coordenadas para recolocar o pa\u00eds em uma trajet\u00f3ria de crescimento.<\/p>\n\n\n\n<p>As propostas do pacto foram constru\u00eddas a partir do estudo &#8220;Raio-X do Setor de Infraestrutura Brasileiro&#8221;, elaborado pelo Sinicon (Sindicado Nacional da Ind\u00fastria da Constru\u00e7\u00e3o Pesada &#8211; Infraestrutura) e pela Firjan (Federa\u00e7\u00e3o das Ind\u00fastrias do Estado do Rio de Janeiro). Segundo o documento, o estoque atual de investimento em infraestrutura do pa\u00eds, de 35,5% do PIB (Produto Interno Bruto), est\u00e1 longe da m\u00e9dia global, que \u00e9 de aproximadamente 60%. Segundo as signat\u00e1rias do pacto, &#8220;o dado refor\u00e7a a urg\u00eancia de uma a\u00e7\u00e3o planejada, coordenada e com vis\u00e3o de longo prazo&#8221;.<\/p>\n\n\n\n<p>Duplicar o volume anual de investimentos at\u00e9 superar 4% do PIB nos pr\u00f3ximos cinco anos \u00e9 uma das principais metas que estruturam o &#8220;Pacto Brasil pela Infraestrutura&#8221;. A outra \u00e9 elevar gradualmente o estoque de infraestrutura entre 2031 e 2045 at\u00e9 alcan\u00e7ar o patamar de 60% do PIB. Tamb\u00e9m s\u00e3o estabelecidas metas setoriais, como a recupera\u00e7\u00e3o da malha rodovi\u00e1ria, a retomada das ferrovias no escoamento de cargas, a moderniza\u00e7\u00e3o dos portos, a universaliza\u00e7\u00e3o do saneamento, a amplia\u00e7\u00e3o da mobilidade urbana, o refor\u00e7o da transmiss\u00e3o e da gera\u00e7\u00e3o de energia, e a expans\u00e3o da infraestrutura digital.<\/p>\n\n\n\n<p>O pacto sugere ainda medidas de curto prazo e m\u00e9dio prazo. No primeiro caso, prop\u00f5e-se a recomposi\u00e7\u00e3o de dota\u00e7\u00f5es or\u00e7ament\u00e1rias para manuten\u00e7\u00e3o b\u00e1sica, a mobiliza\u00e7\u00e3o de deb\u00eantures incentivadas e sustent\u00e1veis com taxonomia clara, e a expans\u00e3o de garantias de cr\u00e9dito e fortalecimento do project finance com mecanismos padronizados de partilha de risco. No segundo caso, o documento fala na consolida\u00e7\u00e3o de um ecossistema de financiamento estruturado por institui\u00e7\u00f5es como o BNDES.<\/p>\n\n\n\n<p>Leia abaixo quais s\u00e3o as entidades que assinam o pacto:<\/p>\n\n\n\n<ul class=\"wp-block-list\">\n<li>Abicopi (Associa\u00e7\u00e3o Brasileira da Ind\u00fastria da Constru\u00e7\u00e3o Pesada-Infraestrutura)<\/li>\n\n\n\n<li>Melhores Rodovias do Brasil &#8211; ABCR (Associa\u00e7\u00e3o Brasileira de Concession\u00e1rias de Rodovias)<\/li>\n\n\n\n<li>Abemi (Associa\u00e7\u00e3o Brasileira de Engenharia Industrial)<\/li>\n\n\n\n<li>AEB (Associa\u00e7\u00e3o de Com\u00e9rcio Exterior do Brasil)<\/li>\n\n\n\n<li>Aneor (Associa\u00e7\u00e3o Nacional das Empresas de Obras Rodovi\u00e1rias)<\/li>\n\n\n\n<li>Anetrams (Associa\u00e7\u00e3o Nacional das Empresas de Engenharia de Consultoria em Infraestrutura, Transporte e Meio Ambiente)<\/li>\n\n\n\n<li>Abrema (Associa\u00e7\u00e3o Brasileira de Res\u00edduos e Meio Ambiente)<\/li>\n\n\n\n<li>Brasinfra (Associa\u00e7\u00e3o Brasileira dos Sindicatos e Associa\u00e7\u00f5es de Classe de Infraestrutura)<\/li>\n\n\n\n<li>CBIC (C\u00e2mara Brasileira da Ind\u00fastria da Constru\u00e7\u00e3o)<\/li>\n\n\n\n<li>Sinaenco (Sindicato Nacional das Empresas de Arquitetura e Engenharia Consultiva)<\/li>\n\n\n\n<li>Sinicon (Sindicato Nacional da Ind\u00fastria da Constru\u00e7\u00e3o Pesada &#8211; Infraestrutura)<\/li>\n<\/ul>\n","protected":false},"excerpt":{"rendered":"<p>da Ag\u00eancia iNFRA Onze entidades do setor de infraestrutura e constru\u00e7\u00e3o lan\u00e7aram, nesta quinta-feira (11), o &#8220;Pacto Brasil pela Infraestrutura&#8220;. O objetivo \u00e9 a ado\u00e7\u00e3o de estrat\u00e9gias conjuntas entre Estado, setor privado e sociedade civil com proposi\u00e7\u00e3o de metas, governan\u00e7a e a\u00e7\u00f5es coordenadas para recolocar o pa\u00eds em uma trajet\u00f3ria de crescimento. As propostas do [&hellip;]<\/p>\n","protected":false},"author":1,"featured_media":33761,"comment_status":"closed","ping_status":"closed","sticky":false,"template":"","format":"standard","meta":{"_monsterinsights_skip_tracking":false,"_monsterinsights_sitenote_active":false,"_monsterinsights_sitenote_note":"","_monsterinsights_sitenote_category":0,"footnotes":""},"categories":[13576],"tags":[13160,13159,17413,5307,3606,11896,13162,130,34,32,5623,17486,133,132],"class_list":["post-33755","post","type-post","status-publish","format-standard","has-post-thumbnail","hentry","category-giro-infra","tag-abemi","tag-abicopi","tag-abrema","tag-aeb","tag-aneor","tag-anetrams","tag-brasinfra","tag-cbic","tag-infraestrutura","tag-investimentos","tag-melhores-rodovias-do-brasil","tag-pacto-brasil-pela-infraestrutura","tag-sinaenco","tag-sinicon"],"yoast_head":"<!-- This site is optimized with the Yoast SEO Premium plugin v25.4 (Yoast SEO v26.0) - https:\/\/yoast.com\/wordpress\/plugins\/seo\/ -->\n<title>Entidades lan\u00e7am pacto para aumentar investimentos em infraestrutura - Ag\u00eancia iNFRA<\/title>\n<meta name=\"robots\" content=\"index, follow, max-snippet:-1, max-image-preview:large, max-video-preview:-1\" \/>\n<link rel=\"canonical\" href=\"https:\/\/agenciainfra.com\/blog\/entidades-lancam-pacto-para-aumentar-investimentos-em-infraestrutura\/\" \/>\n<meta property=\"og:locale\" content=\"pt_BR\" \/>\n<meta property=\"og:type\" content=\"article\" \/>\n<meta property=\"og:title\" content=\"Entidades lan\u00e7am pacto para aumentar investimentos em infraestrutura\" \/>\n<meta property=\"og:description\" content=\"da Ag\u00eancia iNFRA Onze entidades do setor de infraestrutura e constru\u00e7\u00e3o lan\u00e7aram, nesta quinta-feira (11), o &#8220;Pacto Brasil pela Infraestrutura&#8220;. O objetivo \u00e9 a ado\u00e7\u00e3o de estrat\u00e9gias conjuntas entre Estado, setor privado e sociedade civil com proposi\u00e7\u00e3o de metas, governan\u00e7a e a\u00e7\u00f5es coordenadas para recolocar o pa\u00eds em uma trajet\u00f3ria de crescimento. As propostas do [&hellip;]\" \/>\n<meta property=\"og:url\" content=\"https:\/\/agenciainfra.com\/blog\/entidades-lancam-pacto-para-aumentar-investimentos-em-infraestrutura\/\" \/>\n<meta property=\"og:site_name\" content=\"Ag\u00eancia iNFRA\" \/>\n<meta property=\"article:publisher\" content=\"https:\/\/www.facebook.com\/ageninfra\" \/>\n<meta property=\"article:published_time\" content=\"2025-12-11T20:34:17+00:00\" \/>\n<meta property=\"article:modified_time\" content=\"2025-12-11T20:34:18+00:00\" \/>\n<meta property=\"og:image\" content=\"https:\/\/agenciainfra.com\/blog\/wp-content\/uploads\/2025\/12\/construcao-civil-infraestrutura-foto-tania-rego-agencia-brasil.jpeg\" \/>\n\t<meta property=\"og:image:width\" content=\"1170\" \/>\n\t<meta property=\"og:image:height\" content=\"700\" \/>\n\t<meta property=\"og:image:type\" content=\"image\/jpeg\" \/>\n<meta name=\"author\" content=\"Ag\u00eancia iNFRA\" \/>\n<meta name=\"twitter:card\" content=\"summary_large_image\" \/>\n<meta name=\"twitter:creator\" content=\"@agencia_infra\" \/>\n<meta name=\"twitter:site\" content=\"@agencia_infra\" \/>\n<meta name=\"twitter:label1\" content=\"Escrito por\" \/>\n\t<meta name=\"twitter:data1\" content=\"Ag\u00eancia iNFRA\" \/>\n\t<meta name=\"twitter:label2\" content=\"Est. tempo de leitura\" \/>\n\t<meta name=\"twitter:data2\" content=\"2 minutos\" \/>\n<script type=\"application\/ld+json\" class=\"yoast-schema-graph\">{\"@context\":\"https:\/\/schema.org\",\"@graph\":[{\"@type\":\"Article\",\"@id\":\"https:\/\/agenciainfra.com\/blog\/entidades-lancam-pacto-para-aumentar-investimentos-em-infraestrutura\/#article\",\"isPartOf\":{\"@id\":\"https:\/\/agenciainfra.com\/blog\/entidades-lancam-pacto-para-aumentar-investimentos-em-infraestrutura\/\"},\"author\":{\"name\":\"Ag\u00eancia iNFRA\",\"@id\":\"https:\/\/agenciainfra.com\/blog\/#\/schema\/person\/34af08dff6adea4cb22b06612ba7acfa\"},\"headline\":\"Entidades lan\u00e7am pacto para aumentar investimentos em infraestrutura\",\"datePublished\":\"2025-12-11T20:34:17+00:00\",\"dateModified\":\"2025-12-11T20:34:18+00:00\",\"mainEntityOfPage\":{\"@id\":\"https:\/\/agenciainfra.com\/blog\/entidades-lancam-pacto-para-aumentar-investimentos-em-infraestrutura\/\"},\"wordCount\":489,\"publisher\":{\"@id\":\"https:\/\/agenciainfra.com\/blog\/#organization\"},\"image\":{\"@id\":\"https:\/\/agenciainfra.com\/blog\/entidades-lancam-pacto-para-aumentar-investimentos-em-infraestrutura\/#primaryimage\"},\"thumbnailUrl\":\"https:\/\/agenciainfra.com\/blog\/wp-content\/uploads\/2025\/12\/construcao-civil-infraestrutura-foto-tania-rego-agencia-brasil.jpeg\",\"keywords\":[\"abemi\",\"abicopi\",\"Abrema\",\"AEB\",\"Aneor\",\"Anetrams\",\"brasinfra\",\"CBIC\",\"Infraestrutura\",\"Investimentos\",\"Melhores Rodovias do Brasil\",\"Pacto Brasil pela Infraestrutura\",\"Sinaenco\",\"Sinicon\"],\"articleSection\":[\"Giro iNFRA\"],\"inLanguage\":\"pt-BR\",\"copyrightYear\":\"2025\",\"copyrightHolder\":{\"@id\":\"https:\/\/agenciainfra.com\/blog\/#organization\"}},{\"@type\":\"WebPage\",\"@id\":\"https:\/\/agenciainfra.com\/blog\/entidades-lancam-pacto-para-aumentar-investimentos-em-infraestrutura\/\",\"url\":\"https:\/\/agenciainfra.com\/blog\/entidades-lancam-pacto-para-aumentar-investimentos-em-infraestrutura\/\",\"name\":\"Entidades lan\u00e7am pacto para aumentar investimentos em infraestrutura - Ag\u00eancia iNFRA\",\"isPartOf\":{\"@id\":\"https:\/\/agenciainfra.com\/blog\/#website\"},\"primaryImageOfPage\":{\"@id\":\"https:\/\/agenciainfra.com\/blog\/entidades-lancam-pacto-para-aumentar-investimentos-em-infraestrutura\/#primaryimage\"},\"image\":{\"@id\":\"https:\/\/agenciainfra.com\/blog\/entidades-lancam-pacto-para-aumentar-investimentos-em-infraestrutura\/#primaryimage\"},\"thumbnailUrl\":\"https:\/\/agenciainfra.com\/blog\/wp-content\/uploads\/2025\/12\/construcao-civil-infraestrutura-foto-tania-rego-agencia-brasil.jpeg\",\"datePublished\":\"2025-12-11T20:34:17+00:00\",\"dateModified\":\"2025-12-11T20:34:18+00:00\",\"breadcrumb\":{\"@id\":\"https:\/\/agenciainfra.com\/blog\/entidades-lancam-pacto-para-aumentar-investimentos-em-infraestrutura\/#breadcrumb\"},\"inLanguage\":\"pt-BR\",\"potentialAction\":[{\"@type\":\"ReadAction\",\"target\":[\"https:\/\/agenciainfra.com\/blog\/entidades-lancam-pacto-para-aumentar-investimentos-em-infraestrutura\/\"]}]},{\"@type\":\"ImageObject\",\"inLanguage\":\"pt-BR\",\"@id\":\"https:\/\/agenciainfra.com\/blog\/entidades-lancam-pacto-para-aumentar-investimentos-em-infraestrutura\/#primaryimage\",\"url\":\"https:\/\/agenciainfra.com\/blog\/wp-content\/uploads\/2025\/12\/construcao-civil-infraestrutura-foto-tania-rego-agencia-brasil.jpeg\",\"contentUrl\":\"https:\/\/agenciainfra.com\/blog\/wp-content\/uploads\/2025\/12\/construcao-civil-infraestrutura-foto-tania-rego-agencia-brasil.jpeg\",\"width\":1170,\"height\":700,\"caption\":\"Foto: T\u00e2nia R\u00eago\/Ag\u00eancia Brasil\"},{\"@type\":\"BreadcrumbList\",\"@id\":\"https:\/\/agenciainfra.com\/blog\/entidades-lancam-pacto-para-aumentar-investimentos-em-infraestrutura\/#breadcrumb\",\"itemListElement\":[{\"@type\":\"ListItem\",\"position\":1,\"name\":\"In\u00edcio\",\"item\":\"https:\/\/agenciainfra.com\/blog\/\"},{\"@type\":\"ListItem\",\"position\":2,\"name\":\"Entidades lan\u00e7am pacto para aumentar investimentos em infraestrutura\"}]},{\"@type\":\"WebSite\",\"@id\":\"https:\/\/agenciainfra.com\/blog\/#website\",\"url\":\"https:\/\/agenciainfra.com\/blog\/\",\"name\":\"Ag\u00eancia iNFRA\",\"description\":\"Multiplataforma de informa\u00e7\u00e3o jornal\u00edstica refer\u00eancia na \u00e1rea de infraestrutura no Brasil!\",\"publisher\":{\"@id\":\"https:\/\/agenciainfra.com\/blog\/#organization\"},\"potentialAction\":[{\"@type\":\"SearchAction\",\"target\":{\"@type\":\"EntryPoint\",\"urlTemplate\":\"https:\/\/agenciainfra.com\/blog\/?s={search_term_string}\"},\"query-input\":{\"@type\":\"PropertyValueSpecification\",\"valueRequired\":true,\"valueName\":\"search_term_string\"}}],\"inLanguage\":\"pt-BR\"},{\"@type\":\"Organization\",\"@id\":\"https:\/\/agenciainfra.com\/blog\/#organization\",\"name\":\"Ag\u00eancia iNFRA\",\"url\":\"https:\/\/agenciainfra.com\/blog\/\",\"logo\":{\"@type\":\"ImageObject\",\"inLanguage\":\"pt-BR\",\"@id\":\"https:\/\/agenciainfra.com\/blog\/#\/schema\/logo\/image\/\",\"url\":\"https:\/\/agenciainfra.com\/blog\/wp-content\/uploads\/2023\/09\/iNFRA_5-e1761735885940.png\",\"contentUrl\":\"https:\/\/agenciainfra.com\/blog\/wp-content\/uploads\/2023\/09\/iNFRA_5-e1761735885940.png\",\"width\":1672,\"height\":454,\"caption\":\"Ag\u00eancia iNFRA\"},\"image\":{\"@id\":\"https:\/\/agenciainfra.com\/blog\/#\/schema\/logo\/image\/\"},\"sameAs\":[\"https:\/\/www.facebook.com\/ageninfra\",\"https:\/\/x.com\/agencia_infra\",\"https:\/\/www.linkedin.com\/company\/ag\u00eanciainfra\/\",\"https:\/\/www.instagram.com\/agenciainfra\/\"]},{\"@type\":\"Person\",\"@id\":\"https:\/\/agenciainfra.com\/blog\/#\/schema\/person\/34af08dff6adea4cb22b06612ba7acfa\",\"name\":\"Ag\u00eancia iNFRA\",\"image\":{\"@type\":\"ImageObject\",\"inLanguage\":\"pt-BR\",\"@id\":\"https:\/\/agenciainfra.com\/blog\/#\/schema\/person\/image\/\",\"url\":\"https:\/\/secure.gravatar.com\/avatar\/d189e01678f06d8eb84d4e01f08eb848b3fffe3f8443818d3c356c66892f5be8?s=96&d=mm&r=g\",\"contentUrl\":\"https:\/\/secure.gravatar.com\/avatar\/d189e01678f06d8eb84d4e01f08eb848b3fffe3f8443818d3c356c66892f5be8?s=96&d=mm&r=g\",\"caption\":\"Ag\u00eancia iNFRA\"},\"url\":\"https:\/\/agenciainfra.com\/blog\/author\/admin\/\"}]}<\/script>\n<!-- \/ Yoast SEO Premium plugin. -->","yoast_head_json":{"title":"Entidades lan\u00e7am pacto para aumentar investimentos em infraestrutura - Ag\u00eancia iNFRA","robots":{"index":"index","follow":"follow","max-snippet":"max-snippet:-1","max-image-preview":"max-image-preview:large","max-video-preview":"max-video-preview:-1"},"canonical":"https:\/\/agenciainfra.com\/blog\/entidades-lancam-pacto-para-aumentar-investimentos-em-infraestrutura\/","og_locale":"pt_BR","og_type":"article","og_title":"Entidades lan\u00e7am pacto para aumentar investimentos em infraestrutura","og_description":"da Ag\u00eancia iNFRA Onze entidades do setor de infraestrutura e constru\u00e7\u00e3o lan\u00e7aram, nesta quinta-feira (11), o &#8220;Pacto Brasil pela Infraestrutura&#8220;. O objetivo \u00e9 a ado\u00e7\u00e3o de estrat\u00e9gias conjuntas entre Estado, setor privado e sociedade civil com proposi\u00e7\u00e3o de metas, governan\u00e7a e a\u00e7\u00f5es coordenadas para recolocar o pa\u00eds em uma trajet\u00f3ria de crescimento. As propostas do [&hellip;]","og_url":"https:\/\/agenciainfra.com\/blog\/entidades-lancam-pacto-para-aumentar-investimentos-em-infraestrutura\/","og_site_name":"Ag\u00eancia iNFRA","article_publisher":"https:\/\/www.facebook.com\/ageninfra","article_published_time":"2025-12-11T20:34:17+00:00","article_modified_time":"2025-12-11T20:34:18+00:00","og_image":[{"width":1170,"height":700,"url":"https:\/\/agenciainfra.com\/blog\/wp-content\/uploads\/2025\/12\/construcao-civil-infraestrutura-foto-tania-rego-agencia-brasil.jpeg","type":"image\/jpeg"}],"author":"Ag\u00eancia iNFRA","twitter_card":"summary_large_image","twitter_creator":"@agencia_infra","twitter_site":"@agencia_infra","twitter_misc":{"Escrito por":"Ag\u00eancia iNFRA","Est. tempo de leitura":"2 minutos"},"schema":{"@context":"https:\/\/schema.org","@graph":[{"@type":"Article","@id":"https:\/\/agenciainfra.com\/blog\/entidades-lancam-pacto-para-aumentar-investimentos-em-infraestrutura\/#article","isPartOf":{"@id":"https:\/\/agenciainfra.com\/blog\/entidades-lancam-pacto-para-aumentar-investimentos-em-infraestrutura\/"},"author":{"name":"Ag\u00eancia iNFRA","@id":"https:\/\/agenciainfra.com\/blog\/#\/schema\/person\/34af08dff6adea4cb22b06612ba7acfa"},"headline":"Entidades lan\u00e7am pacto para aumentar investimentos em infraestrutura","datePublished":"2025-12-11T20:34:17+00:00","dateModified":"2025-12-11T20:34:18+00:00","mainEntityOfPage":{"@id":"https:\/\/agenciainfra.com\/blog\/entidades-lancam-pacto-para-aumentar-investimentos-em-infraestrutura\/"},"wordCount":489,"publisher":{"@id":"https:\/\/agenciainfra.com\/blog\/#organization"},"image":{"@id":"https:\/\/agenciainfra.com\/blog\/entidades-lancam-pacto-para-aumentar-investimentos-em-infraestrutura\/#primaryimage"},"thumbnailUrl":"https:\/\/agenciainfra.com\/blog\/wp-content\/uploads\/2025\/12\/construcao-civil-infraestrutura-foto-tania-rego-agencia-brasil.jpeg","keywords":["abemi","abicopi","Abrema","AEB","Aneor","Anetrams","brasinfra","CBIC","Infraestrutura","Investimentos","Melhores Rodovias do Brasil","Pacto Brasil pela Infraestrutura","Sinaenco","Sinicon"],"articleSection":["Giro iNFRA"],"inLanguage":"pt-BR","copyrightYear":"2025","copyrightHolder":{"@id":"https:\/\/agenciainfra.com\/blog\/#organization"}},{"@type":"WebPage","@id":"https:\/\/agenciainfra.com\/blog\/entidades-lancam-pacto-para-aumentar-investimentos-em-infraestrutura\/","url":"https:\/\/agenciainfra.com\/blog\/entidades-lancam-pacto-para-aumentar-investimentos-em-infraestrutura\/","name":"Entidades lan\u00e7am pacto para aumentar investimentos em infraestrutura - Ag\u00eancia iNFRA","isPartOf":{"@id":"https:\/\/agenciainfra.com\/blog\/#website"},"primaryImageOfPage":{"@id":"https:\/\/agenciainfra.com\/blog\/entidades-lancam-pacto-para-aumentar-investimentos-em-infraestrutura\/#primaryimage"},"image":{"@id":"https:\/\/agenciainfra.com\/blog\/entidades-lancam-pacto-para-aumentar-investimentos-em-infraestrutura\/#primaryimage"},"thumbnailUrl":"https:\/\/agenciainfra.com\/blog\/wp-content\/uploads\/2025\/12\/construcao-civil-infraestrutura-foto-tania-rego-agencia-brasil.jpeg","datePublished":"2025-12-11T20:34:17+00:00","dateModified":"2025-12-11T20:34:18+00:00","breadcrumb":{"@id":"https:\/\/agenciainfra.com\/blog\/entidades-lancam-pacto-para-aumentar-investimentos-em-infraestrutura\/#breadcrumb"},"inLanguage":"pt-BR","potentialAction":[{"@type":"ReadAction","target":["https:\/\/agenciainfra.com\/blog\/entidades-lancam-pacto-para-aumentar-investimentos-em-infraestrutura\/"]}]},{"@type":"ImageObject","inLanguage":"pt-BR","@id":"https:\/\/agenciainfra.com\/blog\/entidades-lancam-pacto-para-aumentar-investimentos-em-infraestrutura\/#primaryimage","url":"https:\/\/agenciainfra.com\/blog\/wp-content\/uploads\/2025\/12\/construcao-civil-infraestrutura-foto-tania-rego-agencia-brasil.jpeg","contentUrl":"https:\/\/agenciainfra.com\/blog\/wp-content\/uploads\/2025\/12\/construcao-civil-infraestrutura-foto-tania-rego-agencia-brasil.jpeg","width":1170,"height":700,"caption":"Foto: T\u00e2nia R\u00eago\/Ag\u00eancia Brasil"},{"@type":"BreadcrumbList","@id":"https:\/\/agenciainfra.com\/blog\/entidades-lancam-pacto-para-aumentar-investimentos-em-infraestrutura\/#breadcrumb","itemListElement":[{"@type":"ListItem","position":1,"name":"In\u00edcio","item":"https:\/\/agenciainfra.com\/blog\/"},{"@type":"ListItem","position":2,"name":"Entidades lan\u00e7am pacto para aumentar investimentos em infraestrutura"}]},{"@type":"WebSite","@id":"https:\/\/agenciainfra.com\/blog\/#website","url":"https:\/\/agenciainfra.com\/blog\/","name":"Ag\u00eancia iNFRA","description":"Multiplataforma de informa\u00e7\u00e3o jornal\u00edstica refer\u00eancia na \u00e1rea de infraestrutura no Brasil!","publisher":{"@id":"https:\/\/agenciainfra.com\/blog\/#organization"},"potentialAction":[{"@type":"SearchAction","target":{"@type":"EntryPoint","urlTemplate":"https:\/\/agenciainfra.com\/blog\/?s={search_term_string}"},"query-input":{"@type":"PropertyValueSpecification","valueRequired":true,"valueName":"search_term_string"}}],"inLanguage":"pt-BR"},{"@type":"Organization","@id":"https:\/\/agenciainfra.com\/blog\/#organization","name":"Ag\u00eancia iNFRA","url":"https:\/\/agenciainfra.com\/blog\/","logo":{"@type":"ImageObject","inLanguage":"pt-BR","@id":"https:\/\/agenciainfra.com\/blog\/#\/schema\/logo\/image\/","url":"https:\/\/agenciainfra.com\/blog\/wp-content\/uploads\/2023\/09\/iNFRA_5-e1761735885940.png","contentUrl":"https:\/\/agenciainfra.com\/blog\/wp-content\/uploads\/2023\/09\/iNFRA_5-e1761735885940.png","width":1672,"height":454,"caption":"Ag\u00eancia iNFRA"},"image":{"@id":"https:\/\/agenciainfra.com\/blog\/#\/schema\/logo\/image\/"},"sameAs":["https:\/\/www.facebook.com\/ageninfra","https:\/\/x.com\/agencia_infra","https:\/\/www.linkedin.com\/company\/ag\u00eanciainfra\/","https:\/\/www.instagram.com\/agenciainfra\/"]},{"@type":"Person","@id":"https:\/\/agenciainfra.com\/blog\/#\/schema\/person\/34af08dff6adea4cb22b06612ba7acfa","name":"Ag\u00eancia iNFRA","image":{"@type":"ImageObject","inLanguage":"pt-BR","@id":"https:\/\/agenciainfra.com\/blog\/#\/schema\/person\/image\/","url":"https:\/\/secure.gravatar.com\/avatar\/d189e01678f06d8eb84d4e01f08eb848b3fffe3f8443818d3c356c66892f5be8?s=96&d=mm&r=g","contentUrl":"https:\/\/secure.gravatar.com\/avatar\/d189e01678f06d8eb84d4e01f08eb848b3fffe3f8443818d3c356c66892f5be8?s=96&d=mm&r=g","caption":"Ag\u00eancia iNFRA"},"url":"https:\/\/agenciainfra.com\/blog\/author\/admin\/"}]}},"_links":{"self":[{"href":"https:\/\/agenciainfra.com\/blog\/wp-json\/wp\/v2\/posts\/33755","targetHints":{"allow":["GET"]}}],"collection":[{"href":"https:\/\/agenciainfra.com\/blog\/wp-json\/wp\/v2\/posts"}],"about":[{"href":"https:\/\/agenciainfra.com\/blog\/wp-json\/wp\/v2\/types\/post"}],"author":[{"embeddable":true,"href":"https:\/\/agenciainfra.com\/blog\/wp-json\/wp\/v2\/users\/1"}],"replies":[{"embeddable":true,"href":"https:\/\/agenciainfra.com\/blog\/wp-json\/wp\/v2\/comments?post=33755"}],"version-history":[{"count":1,"href":"https:\/\/agenciainfra.com\/blog\/wp-json\/wp\/v2\/posts\/33755\/revisions"}],"predecessor-version":[{"id":33762,"href":"https:\/\/agenciainfra.com\/blog\/wp-json\/wp\/v2\/posts\/33755\/revisions\/33762"}],"wp:featuredmedia":[{"embeddable":true,"href":"https:\/\/agenciainfra.com\/blog\/wp-json\/wp\/v2\/media\/33761"}],"wp:attachment":[{"href":"https:\/\/agenciainfra.com\/blog\/wp-json\/wp\/v2\/media?parent=33755"}],"wp:term":[{"taxonomy":"category","embeddable":true,"href":"https:\/\/agenciainfra.com\/blog\/wp-json\/wp\/v2\/categories?post=33755"},{"taxonomy":"post_tag","embeddable":true,"href":"https:\/\/agenciainfra.com\/blog\/wp-json\/wp\/v2\/tags?post=33755"}],"curies":[{"name":"wp","href":"https:\/\/api.w.org\/{rel}","templated":true}]}}