{"id":33765,"date":"2025-12-11T18:47:37","date_gmt":"2025-12-11T21:47:37","guid":{"rendered":"https:\/\/agenciainfra.com\/blog\/?p=33765"},"modified":"2025-12-11T18:47:39","modified_gmt":"2025-12-11T21:47:39","slug":"transnordestina-tem-autorizacao-para-inicio-de-obras-nos-2-ultimos-lotes","status":"publish","type":"post","link":"https:\/\/agenciainfra.com\/blog\/transnordestina-tem-autorizacao-para-inicio-de-obras-nos-2-ultimos-lotes\/","title":{"rendered":"Transnordestina tem autoriza\u00e7\u00e3o para in\u00edcio de obras nos 2 \u00faltimos lotes"},"content":{"rendered":"\n<p class=\"has-text-align-right\"><strong>da Ag\u00eancia iNFRA<\/strong><\/p>\n\n\n\n<p>Os \u00faltimos lotes da Ferrovia Transnordestina que ainda n\u00e3o estavam com obras contratadas tiveram ordem de servi\u00e7o assinada nesta quinta-feira (11) e ter\u00e3o os trabalhos iniciados para os 97 quil\u00f4metros dos dois tra\u00e7ados que faltavam para a chegada ao Porto de Pec\u00e9m (CE) \u2013 os lotes de Baturit\u00e9 e Aracoiaba. Com isso, a ferrovia agora conta com todas as obras contratadas.<\/p>\n\n\n\n<p>A ordem de servi\u00e7o foi assinada em cerim\u00f4nia no Pal\u00e1cio da Aboli\u00e7\u00e3o, em Fortaleza (CE), pelo ministro Waldez G\u00f3es (Integra\u00e7\u00e3o e Desenvolvimento Regional); pelo governador do Cear\u00e1, Elmano de Freitas; pelo secret\u00e1rio nacional de Transporte Ferrovi\u00e1rio do Minist\u00e9rio dos Transportes, Leonardo Ribeiro; pelo CEO da Transnordestina Log\u00edstica S.A., Tufi Daher Filho; e pelo diretor do Grupo Agis Constru\u00e7\u00e3o S.A., Jos\u00e9 Lima da Silva J\u00fanior.<\/p>\n\n\n\n<p>A constru\u00e7\u00e3o da ferrovia \u00e9 feita em duas fases. A primeira \u00e9 constitu\u00edda de 19 lotes, de Paes Landim (PI) at\u00e9 o Porto do Pec\u00e9m (CE), com extens\u00e3o total de 1.061 quil\u00f4metros e previs\u00e3o de ser conclu\u00edda at\u00e9 2027. A Fase II corresponde a 151 quil\u00f4metros divididos em tr\u00eas lotes no Piau\u00ed e tem previs\u00e3o de entrega para 2028, com rein\u00edcio das obras programado para 2026.<\/p>\n","protected":false},"excerpt":{"rendered":"<p>da Ag\u00eancia iNFRA Os \u00faltimos lotes da Ferrovia Transnordestina que ainda n\u00e3o estavam com obras contratadas tiveram ordem de servi\u00e7o assinada nesta quinta-feira (11) e ter\u00e3o os trabalhos iniciados para os 97 quil\u00f4metros dos dois tra\u00e7ados que faltavam para a chegada ao Porto de Pec\u00e9m (CE) \u2013 os lotes de Baturit\u00e9 e Aracoiaba. Com isso, [&hellip;]<\/p>\n","protected":false},"author":1,"featured_media":6606,"comment_status":"closed","ping_status":"closed","sticky":false,"template":"","format":"standard","meta":{"_monsterinsights_skip_tracking":false,"_monsterinsights_sitenote_active":false,"_monsterinsights_sitenote_note":"","_monsterinsights_sitenote_category":0,"footnotes":""},"categories":[13576],"tags":[7149,17490,1407,14305,504,6511,4187],"class_list":["post-33765","post","type-post","status-publish","format-standard","has-post-thumbnail","hentry","category-giro-infra","tag-elmano-de-freitas","tag-grupo-agis","tag-leonardo-ribeiro","tag-porto-do-pecem","tag-transnordestina","tag-tufi-daher-filho","tag-waldez-goes"],"yoast_head":"<!-- This site is optimized with the Yoast SEO Premium plugin v25.4 (Yoast SEO v26.0) - https:\/\/yoast.com\/wordpress\/plugins\/seo\/ -->\n<title>Transnordestina tem autoriza\u00e7\u00e3o para in\u00edcio de obras nos 2 \u00faltimos lotes - Ag\u00eancia iNFRA<\/title>\n<meta name=\"robots\" content=\"index, follow, max-snippet:-1, max-image-preview:large, max-video-preview:-1\" \/>\n<link rel=\"canonical\" href=\"https:\/\/agenciainfra.com\/blog\/transnordestina-tem-autorizacao-para-inicio-de-obras-nos-2-ultimos-lotes\/\" \/>\n<meta property=\"og:locale\" content=\"pt_BR\" \/>\n<meta property=\"og:type\" content=\"article\" \/>\n<meta property=\"og:title\" content=\"Transnordestina tem autoriza\u00e7\u00e3o para in\u00edcio de obras nos 2 \u00faltimos lotes\" \/>\n<meta property=\"og:description\" content=\"da Ag\u00eancia iNFRA Os \u00faltimos lotes da Ferrovia Transnordestina que ainda n\u00e3o estavam com obras contratadas tiveram ordem de servi\u00e7o assinada nesta quinta-feira (11) e ter\u00e3o os trabalhos iniciados para os 97 quil\u00f4metros dos dois tra\u00e7ados que faltavam para a chegada ao Porto de Pec\u00e9m (CE) \u2013 os lotes de Baturit\u00e9 e Aracoiaba. Com isso, [&hellip;]\" \/>\n<meta property=\"og:url\" content=\"https:\/\/agenciainfra.com\/blog\/transnordestina-tem-autorizacao-para-inicio-de-obras-nos-2-ultimos-lotes\/\" \/>\n<meta property=\"og:site_name\" content=\"Ag\u00eancia iNFRA\" \/>\n<meta property=\"article:publisher\" content=\"https:\/\/www.facebook.com\/ageninfra\" \/>\n<meta property=\"article:published_time\" content=\"2025-12-11T21:47:37+00:00\" \/>\n<meta property=\"article:modified_time\" content=\"2025-12-11T21:47:39+00:00\" \/>\n<meta property=\"og:image\" content=\"https:\/\/agenciainfra.com\/blog\/wp-content\/uploads\/2021\/01\/ferrovia-transnordestina-foto-ministerio-do-planejamento-e1753787177431.jpg\" \/>\n\t<meta property=\"og:image:width\" content=\"1280\" \/>\n\t<meta property=\"og:image:height\" content=\"796\" \/>\n\t<meta property=\"og:image:type\" content=\"image\/jpeg\" \/>\n<meta name=\"author\" content=\"Ag\u00eancia iNFRA\" \/>\n<meta name=\"twitter:card\" content=\"summary_large_image\" \/>\n<meta name=\"twitter:creator\" content=\"@agencia_infra\" \/>\n<meta name=\"twitter:site\" content=\"@agencia_infra\" \/>\n<meta name=\"twitter:label1\" content=\"Escrito por\" \/>\n\t<meta name=\"twitter:data1\" content=\"Ag\u00eancia iNFRA\" \/>\n\t<meta name=\"twitter:label2\" content=\"Est. tempo de leitura\" \/>\n\t<meta name=\"twitter:data2\" content=\"1 minuto\" \/>\n<script type=\"application\/ld+json\" class=\"yoast-schema-graph\">{\"@context\":\"https:\/\/schema.org\",\"@graph\":[{\"@type\":\"Article\",\"@id\":\"https:\/\/agenciainfra.com\/blog\/transnordestina-tem-autorizacao-para-inicio-de-obras-nos-2-ultimos-lotes\/#article\",\"isPartOf\":{\"@id\":\"https:\/\/agenciainfra.com\/blog\/transnordestina-tem-autorizacao-para-inicio-de-obras-nos-2-ultimos-lotes\/\"},\"author\":{\"name\":\"Ag\u00eancia iNFRA\",\"@id\":\"https:\/\/agenciainfra.com\/blog\/#\/schema\/person\/34af08dff6adea4cb22b06612ba7acfa\"},\"headline\":\"Transnordestina tem autoriza\u00e7\u00e3o para in\u00edcio de obras nos 2 \u00faltimos lotes\",\"datePublished\":\"2025-12-11T21:47:37+00:00\",\"dateModified\":\"2025-12-11T21:47:39+00:00\",\"mainEntityOfPage\":{\"@id\":\"https:\/\/agenciainfra.com\/blog\/transnordestina-tem-autorizacao-para-inicio-de-obras-nos-2-ultimos-lotes\/\"},\"wordCount\":227,\"publisher\":{\"@id\":\"https:\/\/agenciainfra.com\/blog\/#organization\"},\"image\":{\"@id\":\"https:\/\/agenciainfra.com\/blog\/transnordestina-tem-autorizacao-para-inicio-de-obras-nos-2-ultimos-lotes\/#primaryimage\"},\"thumbnailUrl\":\"https:\/\/agenciainfra.com\/blog\/wp-content\/uploads\/2021\/01\/ferrovia-transnordestina-foto-ministerio-do-planejamento-e1753787177431.jpg\",\"keywords\":[\"Elmano de Freitas\",\"Grupo Agis\",\"Leonardo Ribeiro\",\"Porto do Pec\u00e9m\",\"Transnordestina\",\"Tufi Daher Filho\",\"Waldez G\u00f3es\"],\"articleSection\":[\"Giro iNFRA\"],\"inLanguage\":\"pt-BR\",\"copyrightYear\":\"2025\",\"copyrightHolder\":{\"@id\":\"https:\/\/agenciainfra.com\/blog\/#organization\"}},{\"@type\":\"WebPage\",\"@id\":\"https:\/\/agenciainfra.com\/blog\/transnordestina-tem-autorizacao-para-inicio-de-obras-nos-2-ultimos-lotes\/\",\"url\":\"https:\/\/agenciainfra.com\/blog\/transnordestina-tem-autorizacao-para-inicio-de-obras-nos-2-ultimos-lotes\/\",\"name\":\"Transnordestina tem autoriza\u00e7\u00e3o para in\u00edcio de obras nos 2 \u00faltimos lotes - Ag\u00eancia iNFRA\",\"isPartOf\":{\"@id\":\"https:\/\/agenciainfra.com\/blog\/#website\"},\"primaryImageOfPage\":{\"@id\":\"https:\/\/agenciainfra.com\/blog\/transnordestina-tem-autorizacao-para-inicio-de-obras-nos-2-ultimos-lotes\/#primaryimage\"},\"image\":{\"@id\":\"https:\/\/agenciainfra.com\/blog\/transnordestina-tem-autorizacao-para-inicio-de-obras-nos-2-ultimos-lotes\/#primaryimage\"},\"thumbnailUrl\":\"https:\/\/agenciainfra.com\/blog\/wp-content\/uploads\/2021\/01\/ferrovia-transnordestina-foto-ministerio-do-planejamento-e1753787177431.jpg\",\"datePublished\":\"2025-12-11T21:47:37+00:00\",\"dateModified\":\"2025-12-11T21:47:39+00:00\",\"breadcrumb\":{\"@id\":\"https:\/\/agenciainfra.com\/blog\/transnordestina-tem-autorizacao-para-inicio-de-obras-nos-2-ultimos-lotes\/#breadcrumb\"},\"inLanguage\":\"pt-BR\",\"potentialAction\":[{\"@type\":\"ReadAction\",\"target\":[\"https:\/\/agenciainfra.com\/blog\/transnordestina-tem-autorizacao-para-inicio-de-obras-nos-2-ultimos-lotes\/\"]}]},{\"@type\":\"ImageObject\",\"inLanguage\":\"pt-BR\",\"@id\":\"https:\/\/agenciainfra.com\/blog\/transnordestina-tem-autorizacao-para-inicio-de-obras-nos-2-ultimos-lotes\/#primaryimage\",\"url\":\"https:\/\/agenciainfra.com\/blog\/wp-content\/uploads\/2021\/01\/ferrovia-transnordestina-foto-ministerio-do-planejamento-e1753787177431.jpg\",\"contentUrl\":\"https:\/\/agenciainfra.com\/blog\/wp-content\/uploads\/2021\/01\/ferrovia-transnordestina-foto-ministerio-do-planejamento-e1753787177431.jpg\",\"width\":1280,\"height\":796,\"caption\":\"Foto: Minist\u00e9rio do Planejamento e Or\u00e7amento\"},{\"@type\":\"BreadcrumbList\",\"@id\":\"https:\/\/agenciainfra.com\/blog\/transnordestina-tem-autorizacao-para-inicio-de-obras-nos-2-ultimos-lotes\/#breadcrumb\",\"itemListElement\":[{\"@type\":\"ListItem\",\"position\":1,\"name\":\"In\u00edcio\",\"item\":\"https:\/\/agenciainfra.com\/blog\/\"},{\"@type\":\"ListItem\",\"position\":2,\"name\":\"Transnordestina tem autoriza\u00e7\u00e3o para in\u00edcio de obras nos 2 \u00faltimos lotes\"}]},{\"@type\":\"WebSite\",\"@id\":\"https:\/\/agenciainfra.com\/blog\/#website\",\"url\":\"https:\/\/agenciainfra.com\/blog\/\",\"name\":\"Ag\u00eancia iNFRA\",\"description\":\"Multiplataforma de informa\u00e7\u00e3o jornal\u00edstica refer\u00eancia na \u00e1rea de infraestrutura no Brasil!\",\"publisher\":{\"@id\":\"https:\/\/agenciainfra.com\/blog\/#organization\"},\"potentialAction\":[{\"@type\":\"SearchAction\",\"target\":{\"@type\":\"EntryPoint\",\"urlTemplate\":\"https:\/\/agenciainfra.com\/blog\/?s={search_term_string}\"},\"query-input\":{\"@type\":\"PropertyValueSpecification\",\"valueRequired\":true,\"valueName\":\"search_term_string\"}}],\"inLanguage\":\"pt-BR\"},{\"@type\":\"Organization\",\"@id\":\"https:\/\/agenciainfra.com\/blog\/#organization\",\"name\":\"Ag\u00eancia iNFRA\",\"url\":\"https:\/\/agenciainfra.com\/blog\/\",\"logo\":{\"@type\":\"ImageObject\",\"inLanguage\":\"pt-BR\",\"@id\":\"https:\/\/agenciainfra.com\/blog\/#\/schema\/logo\/image\/\",\"url\":\"https:\/\/agenciainfra.com\/blog\/wp-content\/uploads\/2023\/09\/iNFRA_5-e1761735885940.png\",\"contentUrl\":\"https:\/\/agenciainfra.com\/blog\/wp-content\/uploads\/2023\/09\/iNFRA_5-e1761735885940.png\",\"width\":1672,\"height\":454,\"caption\":\"Ag\u00eancia iNFRA\"},\"image\":{\"@id\":\"https:\/\/agenciainfra.com\/blog\/#\/schema\/logo\/image\/\"},\"sameAs\":[\"https:\/\/www.facebook.com\/ageninfra\",\"https:\/\/x.com\/agencia_infra\",\"https:\/\/www.linkedin.com\/company\/ag\u00eanciainfra\/\",\"https:\/\/www.instagram.com\/agenciainfra\/\"]},{\"@type\":\"Person\",\"@id\":\"https:\/\/agenciainfra.com\/blog\/#\/schema\/person\/34af08dff6adea4cb22b06612ba7acfa\",\"name\":\"Ag\u00eancia iNFRA\",\"image\":{\"@type\":\"ImageObject\",\"inLanguage\":\"pt-BR\",\"@id\":\"https:\/\/agenciainfra.com\/blog\/#\/schema\/person\/image\/\",\"url\":\"https:\/\/secure.gravatar.com\/avatar\/d189e01678f06d8eb84d4e01f08eb848b3fffe3f8443818d3c356c66892f5be8?s=96&d=mm&r=g\",\"contentUrl\":\"https:\/\/secure.gravatar.com\/avatar\/d189e01678f06d8eb84d4e01f08eb848b3fffe3f8443818d3c356c66892f5be8?s=96&d=mm&r=g\",\"caption\":\"Ag\u00eancia iNFRA\"},\"url\":\"https:\/\/agenciainfra.com\/blog\/author\/admin\/\"}]}<\/script>\n<!-- \/ Yoast SEO Premium plugin. -->","yoast_head_json":{"title":"Transnordestina tem autoriza\u00e7\u00e3o para in\u00edcio de obras nos 2 \u00faltimos lotes - Ag\u00eancia iNFRA","robots":{"index":"index","follow":"follow","max-snippet":"max-snippet:-1","max-image-preview":"max-image-preview:large","max-video-preview":"max-video-preview:-1"},"canonical":"https:\/\/agenciainfra.com\/blog\/transnordestina-tem-autorizacao-para-inicio-de-obras-nos-2-ultimos-lotes\/","og_locale":"pt_BR","og_type":"article","og_title":"Transnordestina tem autoriza\u00e7\u00e3o para in\u00edcio de obras nos 2 \u00faltimos lotes","og_description":"da Ag\u00eancia iNFRA Os \u00faltimos lotes da Ferrovia Transnordestina que ainda n\u00e3o estavam com obras contratadas tiveram ordem de servi\u00e7o assinada nesta quinta-feira (11) e ter\u00e3o os trabalhos iniciados para os 97 quil\u00f4metros dos dois tra\u00e7ados que faltavam para a chegada ao Porto de Pec\u00e9m (CE) \u2013 os lotes de Baturit\u00e9 e Aracoiaba. Com isso, [&hellip;]","og_url":"https:\/\/agenciainfra.com\/blog\/transnordestina-tem-autorizacao-para-inicio-de-obras-nos-2-ultimos-lotes\/","og_site_name":"Ag\u00eancia iNFRA","article_publisher":"https:\/\/www.facebook.com\/ageninfra","article_published_time":"2025-12-11T21:47:37+00:00","article_modified_time":"2025-12-11T21:47:39+00:00","og_image":[{"width":1280,"height":796,"url":"https:\/\/agenciainfra.com\/blog\/wp-content\/uploads\/2021\/01\/ferrovia-transnordestina-foto-ministerio-do-planejamento-e1753787177431.jpg","type":"image\/jpeg"}],"author":"Ag\u00eancia iNFRA","twitter_card":"summary_large_image","twitter_creator":"@agencia_infra","twitter_site":"@agencia_infra","twitter_misc":{"Escrito por":"Ag\u00eancia iNFRA","Est. tempo de leitura":"1 minuto"},"schema":{"@context":"https:\/\/schema.org","@graph":[{"@type":"Article","@id":"https:\/\/agenciainfra.com\/blog\/transnordestina-tem-autorizacao-para-inicio-de-obras-nos-2-ultimos-lotes\/#article","isPartOf":{"@id":"https:\/\/agenciainfra.com\/blog\/transnordestina-tem-autorizacao-para-inicio-de-obras-nos-2-ultimos-lotes\/"},"author":{"name":"Ag\u00eancia iNFRA","@id":"https:\/\/agenciainfra.com\/blog\/#\/schema\/person\/34af08dff6adea4cb22b06612ba7acfa"},"headline":"Transnordestina tem autoriza\u00e7\u00e3o para in\u00edcio de obras nos 2 \u00faltimos lotes","datePublished":"2025-12-11T21:47:37+00:00","dateModified":"2025-12-11T21:47:39+00:00","mainEntityOfPage":{"@id":"https:\/\/agenciainfra.com\/blog\/transnordestina-tem-autorizacao-para-inicio-de-obras-nos-2-ultimos-lotes\/"},"wordCount":227,"publisher":{"@id":"https:\/\/agenciainfra.com\/blog\/#organization"},"image":{"@id":"https:\/\/agenciainfra.com\/blog\/transnordestina-tem-autorizacao-para-inicio-de-obras-nos-2-ultimos-lotes\/#primaryimage"},"thumbnailUrl":"https:\/\/agenciainfra.com\/blog\/wp-content\/uploads\/2021\/01\/ferrovia-transnordestina-foto-ministerio-do-planejamento-e1753787177431.jpg","keywords":["Elmano de Freitas","Grupo Agis","Leonardo Ribeiro","Porto do Pec\u00e9m","Transnordestina","Tufi Daher Filho","Waldez G\u00f3es"],"articleSection":["Giro iNFRA"],"inLanguage":"pt-BR","copyrightYear":"2025","copyrightHolder":{"@id":"https:\/\/agenciainfra.com\/blog\/#organization"}},{"@type":"WebPage","@id":"https:\/\/agenciainfra.com\/blog\/transnordestina-tem-autorizacao-para-inicio-de-obras-nos-2-ultimos-lotes\/","url":"https:\/\/agenciainfra.com\/blog\/transnordestina-tem-autorizacao-para-inicio-de-obras-nos-2-ultimos-lotes\/","name":"Transnordestina tem autoriza\u00e7\u00e3o para in\u00edcio de obras nos 2 \u00faltimos lotes - Ag\u00eancia iNFRA","isPartOf":{"@id":"https:\/\/agenciainfra.com\/blog\/#website"},"primaryImageOfPage":{"@id":"https:\/\/agenciainfra.com\/blog\/transnordestina-tem-autorizacao-para-inicio-de-obras-nos-2-ultimos-lotes\/#primaryimage"},"image":{"@id":"https:\/\/agenciainfra.com\/blog\/transnordestina-tem-autorizacao-para-inicio-de-obras-nos-2-ultimos-lotes\/#primaryimage"},"thumbnailUrl":"https:\/\/agenciainfra.com\/blog\/wp-content\/uploads\/2021\/01\/ferrovia-transnordestina-foto-ministerio-do-planejamento-e1753787177431.jpg","datePublished":"2025-12-11T21:47:37+00:00","dateModified":"2025-12-11T21:47:39+00:00","breadcrumb":{"@id":"https:\/\/agenciainfra.com\/blog\/transnordestina-tem-autorizacao-para-inicio-de-obras-nos-2-ultimos-lotes\/#breadcrumb"},"inLanguage":"pt-BR","potentialAction":[{"@type":"ReadAction","target":["https:\/\/agenciainfra.com\/blog\/transnordestina-tem-autorizacao-para-inicio-de-obras-nos-2-ultimos-lotes\/"]}]},{"@type":"ImageObject","inLanguage":"pt-BR","@id":"https:\/\/agenciainfra.com\/blog\/transnordestina-tem-autorizacao-para-inicio-de-obras-nos-2-ultimos-lotes\/#primaryimage","url":"https:\/\/agenciainfra.com\/blog\/wp-content\/uploads\/2021\/01\/ferrovia-transnordestina-foto-ministerio-do-planejamento-e1753787177431.jpg","contentUrl":"https:\/\/agenciainfra.com\/blog\/wp-content\/uploads\/2021\/01\/ferrovia-transnordestina-foto-ministerio-do-planejamento-e1753787177431.jpg","width":1280,"height":796,"caption":"Foto: Minist\u00e9rio do Planejamento e Or\u00e7amento"},{"@type":"BreadcrumbList","@id":"https:\/\/agenciainfra.com\/blog\/transnordestina-tem-autorizacao-para-inicio-de-obras-nos-2-ultimos-lotes\/#breadcrumb","itemListElement":[{"@type":"ListItem","position":1,"name":"In\u00edcio","item":"https:\/\/agenciainfra.com\/blog\/"},{"@type":"ListItem","position":2,"name":"Transnordestina tem autoriza\u00e7\u00e3o para in\u00edcio de obras nos 2 \u00faltimos lotes"}]},{"@type":"WebSite","@id":"https:\/\/agenciainfra.com\/blog\/#website","url":"https:\/\/agenciainfra.com\/blog\/","name":"Ag\u00eancia iNFRA","description":"Multiplataforma de informa\u00e7\u00e3o jornal\u00edstica refer\u00eancia na \u00e1rea de infraestrutura no Brasil!","publisher":{"@id":"https:\/\/agenciainfra.com\/blog\/#organization"},"potentialAction":[{"@type":"SearchAction","target":{"@type":"EntryPoint","urlTemplate":"https:\/\/agenciainfra.com\/blog\/?s={search_term_string}"},"query-input":{"@type":"PropertyValueSpecification","valueRequired":true,"valueName":"search_term_string"}}],"inLanguage":"pt-BR"},{"@type":"Organization","@id":"https:\/\/agenciainfra.com\/blog\/#organization","name":"Ag\u00eancia iNFRA","url":"https:\/\/agenciainfra.com\/blog\/","logo":{"@type":"ImageObject","inLanguage":"pt-BR","@id":"https:\/\/agenciainfra.com\/blog\/#\/schema\/logo\/image\/","url":"https:\/\/agenciainfra.com\/blog\/wp-content\/uploads\/2023\/09\/iNFRA_5-e1761735885940.png","contentUrl":"https:\/\/agenciainfra.com\/blog\/wp-content\/uploads\/2023\/09\/iNFRA_5-e1761735885940.png","width":1672,"height":454,"caption":"Ag\u00eancia iNFRA"},"image":{"@id":"https:\/\/agenciainfra.com\/blog\/#\/schema\/logo\/image\/"},"sameAs":["https:\/\/www.facebook.com\/ageninfra","https:\/\/x.com\/agencia_infra","https:\/\/www.linkedin.com\/company\/ag\u00eanciainfra\/","https:\/\/www.instagram.com\/agenciainfra\/"]},{"@type":"Person","@id":"https:\/\/agenciainfra.com\/blog\/#\/schema\/person\/34af08dff6adea4cb22b06612ba7acfa","name":"Ag\u00eancia iNFRA","image":{"@type":"ImageObject","inLanguage":"pt-BR","@id":"https:\/\/agenciainfra.com\/blog\/#\/schema\/person\/image\/","url":"https:\/\/secure.gravatar.com\/avatar\/d189e01678f06d8eb84d4e01f08eb848b3fffe3f8443818d3c356c66892f5be8?s=96&d=mm&r=g","contentUrl":"https:\/\/secure.gravatar.com\/avatar\/d189e01678f06d8eb84d4e01f08eb848b3fffe3f8443818d3c356c66892f5be8?s=96&d=mm&r=g","caption":"Ag\u00eancia iNFRA"},"url":"https:\/\/agenciainfra.com\/blog\/author\/admin\/"}]}},"_links":{"self":[{"href":"https:\/\/agenciainfra.com\/blog\/wp-json\/wp\/v2\/posts\/33765","targetHints":{"allow":["GET"]}}],"collection":[{"href":"https:\/\/agenciainfra.com\/blog\/wp-json\/wp\/v2\/posts"}],"about":[{"href":"https:\/\/agenciainfra.com\/blog\/wp-json\/wp\/v2\/types\/post"}],"author":[{"embeddable":true,"href":"https:\/\/agenciainfra.com\/blog\/wp-json\/wp\/v2\/users\/1"}],"replies":[{"embeddable":true,"href":"https:\/\/agenciainfra.com\/blog\/wp-json\/wp\/v2\/comments?post=33765"}],"version-history":[{"count":1,"href":"https:\/\/agenciainfra.com\/blog\/wp-json\/wp\/v2\/posts\/33765\/revisions"}],"predecessor-version":[{"id":33772,"href":"https:\/\/agenciainfra.com\/blog\/wp-json\/wp\/v2\/posts\/33765\/revisions\/33772"}],"wp:featuredmedia":[{"embeddable":true,"href":"https:\/\/agenciainfra.com\/blog\/wp-json\/wp\/v2\/media\/6606"}],"wp:attachment":[{"href":"https:\/\/agenciainfra.com\/blog\/wp-json\/wp\/v2\/media?parent=33765"}],"wp:term":[{"taxonomy":"category","embeddable":true,"href":"https:\/\/agenciainfra.com\/blog\/wp-json\/wp\/v2\/categories?post=33765"},{"taxonomy":"post_tag","embeddable":true,"href":"https:\/\/agenciainfra.com\/blog\/wp-json\/wp\/v2\/tags?post=33765"}],"curies":[{"name":"wp","href":"https:\/\/api.w.org\/{rel}","templated":true}]}}