{"id":33781,"date":"2025-12-12T10:00:00","date_gmt":"2025-12-12T13:00:00","guid":{"rendered":"https:\/\/agenciainfra.com\/blog\/?p=33781"},"modified":"2025-12-14T11:58:17","modified_gmt":"2025-12-14T14:58:17","slug":"motiva-arremata-fernao-dias-e-ministerio-conclui-agenda-de-2025","status":"publish","type":"post","link":"https:\/\/agenciainfra.com\/blog\/motiva-arremata-fernao-dias-e-ministerio-conclui-agenda-de-2025\/","title":{"rendered":"Motiva arremata Fern\u00e3o Dias e minist\u00e9rio conclui agenda de 2025"},"content":{"rendered":"\n<p class=\"has-text-align-right\"><strong>Gabriella Franco, para a Ag\u00eancia iNFRA<\/strong><\/p>\n\n\n\n<p>O leil\u00e3o realizado pelo Minist\u00e9rio dos Transportes abriu caminho para o que ser\u00e1 a primeira troca de comando de concession\u00e1ria de rodovia viabilizada por venda assistida pelo governo federal. Com participa\u00e7\u00e3o t\u00edmida na agenda de certames durante o ano, a Motiva (ex-CCR) vai assumir a concess\u00e3o da Rodovia Fern\u00e3o Dias, hoje da Arteris, ap\u00f3s ofertar um desconto de 17,05% sobre a tarifa de ped\u00e1gio prevista no contrato repactuado.&nbsp;<br><br>A Arteris, que esteve \u00e0 mesa de negocia\u00e7\u00e3o com o Executivo na SecexConsenso (Secretaria de Controle Externo de Solu\u00e7\u00e3o Consensual e Preven\u00e7\u00e3o de Conflitos) do TCU (Tribunal de Contas da Uni\u00e3o) n\u00e3o ofertou des\u00e1gio para esse trecho que liga Belo Horizonte (MG) a S\u00e3o Paulo (SP). Terceira concorrente no leil\u00e3o simplificado, a EPR junto da Perfin ficou em segundo lugar com desconto de 11,25%, n\u00e3o levando a disputa a fase de viva-voz.&nbsp;<br><br>A vit\u00f3ria&nbsp;nesta quinta-feira (11) foi comemorada pela Motiva no balc\u00e3o da B3. Neste ano, nos ativos rodovi\u00e1rios federais, a concession\u00e1ria ainda n\u00e3o tinha arrematado nenhum novo contrato, apenas garantido a continuidade na MSVia \u2013 que foi repactuada no TCU e n\u00e3o despertou interesse de outros operadores.&nbsp;<br><br>O trecho da BR-381 leiloado&nbsp;tem 562 km de extens\u00e3o e recebe mais de 250 mil ve\u00edculos todos os dias, segundo a Arteris.&nbsp;O ministro dos Transportes, Renan Filho, disse que a transi\u00e7\u00e3o no comando da concess\u00e3o deve acontecer \u201co mais r\u00e1pido poss\u00edvel\u201d.&nbsp;<br><br>A reportagem apurou que as condi\u00e7\u00f5es para a assinatura do termo aditivo entre as empresas devem ser cumpridas nos pr\u00f3ximos tr\u00eas ou quatro meses. Elas incluem o pagamento das a\u00e7\u00f5es da Arteris \u2013 que deve receber R$ 295 milh\u00f5es, a depender dos saldos de d\u00edvida e caixa da concession\u00e1ria no momento do pagamento \u2013 e a assun\u00e7\u00e3o das deb\u00eantures da empresa, de R$ 502 milh\u00f5es, segundo divulgado em teleconfer\u00eancia da Motiva ap\u00f3s o leil\u00e3o.<br><br>A troca de acionista privado&nbsp;dentro de uma mesma companhia numa concess\u00e3o repactuada&nbsp;\u00e9 avaliada como um processo desafiador dentro da ag\u00eancia, por n\u00e3o haver hist\u00f3rico de como ser\u00e1 feita a transi\u00e7\u00e3o.<br><br>Depois da assinatura, a tarifa \u00e9 recalculada e, enfim, inicia-se a nova cobran\u00e7a. H\u00e1 metas de entregas de obras j\u00e1 no primeiro trimestre: ser\u00e3o executadas faixas adicionais, vias marginais e reconstru\u00e7\u00e3o de pavimento. A concession\u00e1ria precisa cumprir pelo menos 90% das obras para poder elevar a tarifa. Segundo Renan, esta deve ficar em torno de R$ 3,60, a princ\u00edpio.&nbsp;<br><br>A rodovia Fern\u00e3o Dias estava sob administra\u00e7\u00e3o da Arteris desde 2008, e entrou em desequil\u00edbrio devido a custos de obras e manuten\u00e7\u00e3o superiores ao previsto no contrato e uma arrecada\u00e7\u00e3o de ped\u00e1gio menor do que a projetada, segundo a companhia. A concess\u00e3o foi a primeira a ser repactuada sem que a empresa tivesse pedido relicita\u00e7\u00e3o do ativo.<br><br>Al\u00e9m da troca de comando assistida, o leil\u00e3o foi in\u00e9dito por ser o primeiro de repactua\u00e7\u00e3o com interesse de outras operadoras. O governo j\u00e1 havia aberto \u00e0 concorr\u00eancia tr\u00eas contratos repactuados \u2013 o da MSVia, da Motiva;&nbsp;o da Eco101, da EcoRodovias; e o da Autopista Fluminense, da Arteris \u2013, mas estes n\u00e3o atra\u00edram propostas de outros grupos, e as gestoras se mantiveram.&nbsp;<br><br><strong>Des\u00e1gio zero<\/strong><br>No discurso ap\u00f3s o leil\u00e3o, Renan Filho afirmou que esperava um \u201cesfor\u00e7o maior\u201d da Arteris e atribuiu o lance de 0% de desconto a uma \u201cfalta de esperan\u00e7a no futuro\u201d por parte da companhia. Fontes envolvidas no processo avaliam que a companhia foi \u201cao limite\u201d durante as negocia\u00e7\u00f5es do contrato com a SecexConsenso, e por isso n\u00e3o havia margem para uma oferta maior. A empresa ainda est\u00e1 em negocia\u00e7\u00e3o de outros contratos no mesmo modelo no tribunal.<br><br>A concession\u00e1ria tem hoje um conjunto relevante de ativos em repactua\u00e7\u00e3o: a Autopista Fluminense, cujo leil\u00e3o j\u00e1 foi realizado e permaneceu com a empresa por falta de outros interessados; a pr\u00f3pria Fern\u00e3o Dias, agora arrematada pela Motiva; a R\u00e9gis Bittencourt, cujo acordo de reequil\u00edbrio j\u00e1 foi aprovado e deve ir a leil\u00e3o no pr\u00f3ximo ano; a Autopista Litoral Sul, que segue em negocia\u00e7\u00e3o na SecexConsenso; e a Autopista Planalto Sul, que deve ser encaminhada para negocia\u00e7\u00e3o no mesmo \u00f3rg\u00e3o.<br><br><strong>Ap\u00f3s venda de aeroportos<\/strong><br>Com a nova administra\u00e7\u00e3o, est\u00e3o previstos investimentos de R$ 15,3 bilh\u00f5es at\u00e9 2040, sendo R$ 9,5 bilh\u00f5es em obras e R$ 5,4 bilh\u00f5es em servi\u00e7os operacionais. O edital prev\u00ea 108 km de faixas adicionais, 14 km de vias marginais, 9 km de corre\u00e7\u00f5es de tra\u00e7ado, 29 passarelas, 17 interse\u00e7\u00f5es otimizadas e dois PPDs (Pontos de Parada e Descanso), al\u00e9m de melhorias de acesso, passagem de fauna, \u00e1reas de escape e t\u00faneis.<br><br>Respons\u00e1vel por ofertar o des\u00e1gio mais agressivo do leil\u00e3o, a Motiva teve um al\u00edvio no caixa ap\u00f3s a venda de 20 aeroportos (17 no Brasil e tr\u00eas na Am\u00e9rica Latina) para o grupo mexicano Asur, por R$ 11,5 bilh\u00f5es, em novembro.&nbsp;Com a reconfigura\u00e7\u00e3o, a companhia concentrou investimentos nos setores rodovi\u00e1rio e de mobilidade urbana&nbsp;e ganhou 55% de valor de mercado em 2025. Nesta quinta-feira, fechou o mercado com alta de 0,95% nas a\u00e7\u00f5es em rela\u00e7\u00e3o ao preg\u00e3o anterior, que chegaram a R$ 15,50.<br><br>\u201cVamos continuar com o apetite seletivo, buscando ativos que se encaixem no perfil da Motiva, mas com a inten\u00e7\u00e3o de vencer mais leil\u00f5es\u201d, afirmou o diretor da companhia, Eduardo Camargo. Segundo ele, a concess\u00e3o da Fern\u00e3o Dias \u00e9 \u201ccompletamente aderente\u201d \u00e0 estrat\u00e9gia da companhia.<br><br><strong>Propostas vencedoras em 2025<\/strong><br>Com o processo simplificado da Fern\u00e3o, o Minist\u00e9rio dos Transportes encerrou a agenda de leil\u00f5es do ano, somando 13 ativos licitados. Entram na conta quatro repactua\u00e7\u00f5es, uma PPP (Parceria P\u00fablico-Privada) com rodovia federal delegada a Minas Gerais (Via Liberdade) e uma concess\u00e3o feita com o Mato Grosso do Sul tamb\u00e9m com rodovia federal (Rota da Celulose), al\u00e9m da Ponte Binacional S\u00e3o Borja-Santo Tom\u00e9.&nbsp;<br><br>A sele\u00e7\u00e3o de vencedores foi variada. \u00daltimos projetos das rodovias integradas do Paran\u00e1, os lotes 4 e 5 foram arrematados pela EPR\/Perfin e o fundo P\u00e1tria, respectivamente. J\u00e1 a Way Concess\u00f5es levou a Rota Sertaneja. A Rota Agro Norte teve proposta vencedora da 4UM Investimentos e Opportunity, e o leil\u00e3o da BR-040\/495\/RJ\/MG foi conquistado por cons\u00f3rcio formado pelas empresas Construcap, Ohla e Copasa.<br><br>J\u00e1 o contrato da Rota Agro recebeu a melhor proposta de um cons\u00f3rcio liderado pela Azevedo e Travassos, tendo ent\u00e3o liga\u00e7\u00e3o com a empresa de investimentos Reag. Em outubro, por sua vez, o vencedor foi inabilitado, abrindo lugar para a Way e a Kinea. A decis\u00e3o ocorreu ap\u00f3s uma das empresas do grupo Reag ser alvo de busca e apreens\u00e3o na Opera\u00e7\u00e3o Carbono Oculto.<br><br>O processo da Rota da Celulose tamb\u00e9m teve desclassifica\u00e7\u00e3o. No leil\u00e3o, o ativo foi arrematado pela K-Infra \u2013 que se envolveu numa disputa com o governo pela rodovia do A\u00e7o \u2013 e pela corretora Gal\u00e1pagos, mas a proposta foi inabilitada depois. Assim, a segunda colocada no certame, XP, foi chamada.&nbsp;<br><br>Motiva, EcoRodovias e Arteris conseguiram manter, sem concorr\u00eancia, a gest\u00e3o de tr\u00eas contratos repactuados: MSVia, Eco101 e Autopista Fluminense, respectivamente.&nbsp;<br><br>Nos leil\u00f5es do ano, o desconto mais alto na tarifa de ped\u00e1gio foi ofertado pela Way na Rota Sertaneja, com des\u00e1gio de 24,8%. Em seguida veio a P\u00e1tria, com 23,83% no Lote 5 do Paran\u00e1, e a EPR\/Perfin, com 21,2% no Lote 4.&nbsp;<br><br><strong>Or\u00e7amento<\/strong><br>O diretor-geral da ANTT (Ag\u00eancia Nacional de Transportes Terrestres), Guilherme Sampaio, aproveitou o momento do discurso ap\u00f3s o leil\u00e3o para pedir apoio de Renan Filho na preserva\u00e7\u00e3o do trecho do PLDO (Projeto de Lei de Diretrizes Or\u00e7ament\u00e1rias) de 2026 que protege o or\u00e7amento das ag\u00eancias reguladoras de congelamentos ao longo do ano. Sampaio fez um apelo para que o artigo n\u00e3o seja vetado pela Presid\u00eancia na san\u00e7\u00e3o do projeto.<br><br>Renan respondeu que apoiar\u00e1 o pleito dos \u00f3rg\u00e3os, mas ponderou que n\u00e3o poderia garantir a manuten\u00e7\u00e3o do trecho porque a decis\u00e3o caber\u00e1 somente a Lula. \u201cMas eu posso me comprometer com, em caso de veto, fazer o que eu tenho feito at\u00e9 agora, que \u00e9 garantir as condi\u00e7\u00f5es financeiras para que a ag\u00eancia cumpra os seus compromissos com servidores e com fornecedores&#8221;, disse o ministro.<\/p>\n","protected":false},"excerpt":{"rendered":"<p>Gabriella Franco, para a Ag\u00eancia iNFRA O leil\u00e3o realizado pelo Minist\u00e9rio dos Transportes abriu caminho para o que ser\u00e1 a primeira troca de comando de concession\u00e1ria de rodovia viabilizada por venda assistida pelo governo federal. Com participa\u00e7\u00e3o t\u00edmida na agenda de certames durante o ano, a Motiva (ex-CCR) vai assumir a concess\u00e3o da Rodovia Fern\u00e3o [&hellip;]<\/p>\n","protected":false},"author":1,"featured_media":33782,"comment_status":"closed","ping_status":"closed","sticky":false,"template":"","format":"standard","meta":{"_monsterinsights_skip_tracking":false,"_monsterinsights_sitenote_active":false,"_monsterinsights_sitenote_note":"","_monsterinsights_sitenote_category":0,"footnotes":""},"categories":[7250,7],"tags":[2031,4822,867,1136,1137,2341,17494,34,254,11622,13199,21],"class_list":["post-33781","post","type-post","status-publish","format-standard","has-post-thumbnail","hentry","category-destaque-lista","category-infratransporte","tag-arteris","tag-b3","tag-bolsa-de-valores","tag-br-381","tag-concessao-rodoviaria","tag-fernao-dias","tag-gabriella-vilaca","tag-infraestrutura","tag-leilao","tag-leilao-de-rodovia","tag-motiva","tag-rodovia"],"yoast_head":"<!-- This site is optimized with the Yoast SEO Premium plugin v25.4 (Yoast SEO v26.0) - https:\/\/yoast.com\/wordpress\/plugins\/seo\/ -->\n<title>Motiva arremata Fern\u00e3o Dias e minist\u00e9rio conclui agenda de 2025 - Ag\u00eancia iNFRA<\/title>\n<meta name=\"robots\" content=\"index, follow, max-snippet:-1, max-image-preview:large, max-video-preview:-1\" \/>\n<link rel=\"canonical\" href=\"https:\/\/agenciainfra.com\/blog\/motiva-arremata-fernao-dias-e-ministerio-conclui-agenda-de-2025\/\" \/>\n<meta property=\"og:locale\" content=\"pt_BR\" \/>\n<meta property=\"og:type\" content=\"article\" \/>\n<meta property=\"og:title\" content=\"Motiva arremata Fern\u00e3o Dias e minist\u00e9rio conclui agenda de 2025\" \/>\n<meta property=\"og:description\" content=\"Gabriella Franco, para a Ag\u00eancia iNFRA O leil\u00e3o realizado pelo Minist\u00e9rio dos Transportes abriu caminho para o que ser\u00e1 a primeira troca de comando de concession\u00e1ria de rodovia viabilizada por venda assistida pelo governo federal. Com participa\u00e7\u00e3o t\u00edmida na agenda de certames durante o ano, a Motiva (ex-CCR) vai assumir a concess\u00e3o da Rodovia Fern\u00e3o [&hellip;]\" \/>\n<meta property=\"og:url\" content=\"https:\/\/agenciainfra.com\/blog\/motiva-arremata-fernao-dias-e-ministerio-conclui-agenda-de-2025\/\" \/>\n<meta property=\"og:site_name\" content=\"Ag\u00eancia iNFRA\" \/>\n<meta property=\"article:publisher\" content=\"https:\/\/www.facebook.com\/ageninfra\" \/>\n<meta property=\"article:published_time\" content=\"2025-12-12T13:00:00+00:00\" \/>\n<meta property=\"article:modified_time\" content=\"2025-12-14T14:58:17+00:00\" \/>\n<meta property=\"og:image\" content=\"https:\/\/agenciainfra.com\/blog\/wp-content\/uploads\/2025\/12\/leilao-fernao-dias-foto-marcio_ferreira_MT-e1765540791610.jpeg\" \/>\n\t<meta property=\"og:image:width\" content=\"1280\" \/>\n\t<meta property=\"og:image:height\" content=\"772\" \/>\n\t<meta property=\"og:image:type\" content=\"image\/jpeg\" \/>\n<meta name=\"author\" content=\"Ag\u00eancia iNFRA\" \/>\n<meta name=\"twitter:card\" content=\"summary_large_image\" \/>\n<meta name=\"twitter:creator\" content=\"@agencia_infra\" \/>\n<meta name=\"twitter:site\" content=\"@agencia_infra\" \/>\n<meta name=\"twitter:label1\" content=\"Escrito por\" \/>\n\t<meta name=\"twitter:data1\" content=\"Ag\u00eancia iNFRA\" \/>\n\t<meta name=\"twitter:label2\" content=\"Est. tempo de leitura\" \/>\n\t<meta name=\"twitter:data2\" content=\"7 minutos\" \/>\n<script type=\"application\/ld+json\" class=\"yoast-schema-graph\">{\"@context\":\"https:\/\/schema.org\",\"@graph\":[{\"@type\":\"Article\",\"@id\":\"https:\/\/agenciainfra.com\/blog\/motiva-arremata-fernao-dias-e-ministerio-conclui-agenda-de-2025\/#article\",\"isPartOf\":{\"@id\":\"https:\/\/agenciainfra.com\/blog\/motiva-arremata-fernao-dias-e-ministerio-conclui-agenda-de-2025\/\"},\"author\":{\"name\":\"Ag\u00eancia iNFRA\",\"@id\":\"https:\/\/agenciainfra.com\/blog\/#\/schema\/person\/34af08dff6adea4cb22b06612ba7acfa\"},\"headline\":\"Motiva arremata Fern\u00e3o Dias e minist\u00e9rio conclui agenda de 2025\",\"datePublished\":\"2025-12-12T13:00:00+00:00\",\"dateModified\":\"2025-12-14T14:58:17+00:00\",\"mainEntityOfPage\":{\"@id\":\"https:\/\/agenciainfra.com\/blog\/motiva-arremata-fernao-dias-e-ministerio-conclui-agenda-de-2025\/\"},\"wordCount\":1478,\"publisher\":{\"@id\":\"https:\/\/agenciainfra.com\/blog\/#organization\"},\"image\":{\"@id\":\"https:\/\/agenciainfra.com\/blog\/motiva-arremata-fernao-dias-e-ministerio-conclui-agenda-de-2025\/#primaryimage\"},\"thumbnailUrl\":\"https:\/\/agenciainfra.com\/blog\/wp-content\/uploads\/2025\/12\/leilao-fernao-dias-foto-marcio_ferreira_MT-e1765540791610.jpeg\",\"keywords\":[\"Arteris\",\"B3\",\"Bolsa de Valores\",\"BR-381\",\"concess\u00e3o rodovi\u00e1ria\",\"Fern\u00e3o Dias\",\"Gabriella Vila\u00e7a\",\"Infraestrutura\",\"leil\u00e3o\",\"leil\u00e3o de rodovia\",\"motiva\",\"Rodovia\"],\"articleSection\":[\"Destaque lista\",\"iNFRATransporte\"],\"inLanguage\":\"pt-BR\",\"copyrightYear\":\"2025\",\"copyrightHolder\":{\"@id\":\"https:\/\/agenciainfra.com\/blog\/#organization\"}},{\"@type\":\"WebPage\",\"@id\":\"https:\/\/agenciainfra.com\/blog\/motiva-arremata-fernao-dias-e-ministerio-conclui-agenda-de-2025\/\",\"url\":\"https:\/\/agenciainfra.com\/blog\/motiva-arremata-fernao-dias-e-ministerio-conclui-agenda-de-2025\/\",\"name\":\"Motiva arremata Fern\u00e3o Dias e minist\u00e9rio conclui agenda de 2025 - Ag\u00eancia iNFRA\",\"isPartOf\":{\"@id\":\"https:\/\/agenciainfra.com\/blog\/#website\"},\"primaryImageOfPage\":{\"@id\":\"https:\/\/agenciainfra.com\/blog\/motiva-arremata-fernao-dias-e-ministerio-conclui-agenda-de-2025\/#primaryimage\"},\"image\":{\"@id\":\"https:\/\/agenciainfra.com\/blog\/motiva-arremata-fernao-dias-e-ministerio-conclui-agenda-de-2025\/#primaryimage\"},\"thumbnailUrl\":\"https:\/\/agenciainfra.com\/blog\/wp-content\/uploads\/2025\/12\/leilao-fernao-dias-foto-marcio_ferreira_MT-e1765540791610.jpeg\",\"datePublished\":\"2025-12-12T13:00:00+00:00\",\"dateModified\":\"2025-12-14T14:58:17+00:00\",\"breadcrumb\":{\"@id\":\"https:\/\/agenciainfra.com\/blog\/motiva-arremata-fernao-dias-e-ministerio-conclui-agenda-de-2025\/#breadcrumb\"},\"inLanguage\":\"pt-BR\",\"potentialAction\":[{\"@type\":\"ReadAction\",\"target\":[\"https:\/\/agenciainfra.com\/blog\/motiva-arremata-fernao-dias-e-ministerio-conclui-agenda-de-2025\/\"]}]},{\"@type\":\"ImageObject\",\"inLanguage\":\"pt-BR\",\"@id\":\"https:\/\/agenciainfra.com\/blog\/motiva-arremata-fernao-dias-e-ministerio-conclui-agenda-de-2025\/#primaryimage\",\"url\":\"https:\/\/agenciainfra.com\/blog\/wp-content\/uploads\/2025\/12\/leilao-fernao-dias-foto-marcio_ferreira_MT-e1765540791610.jpeg\",\"contentUrl\":\"https:\/\/agenciainfra.com\/blog\/wp-content\/uploads\/2025\/12\/leilao-fernao-dias-foto-marcio_ferreira_MT-e1765540791610.jpeg\",\"width\":1280,\"height\":772,\"caption\":\"Foto: M\u00e1rcio Ferreira\/Minist\u00e9rio dos Transportes\"},{\"@type\":\"BreadcrumbList\",\"@id\":\"https:\/\/agenciainfra.com\/blog\/motiva-arremata-fernao-dias-e-ministerio-conclui-agenda-de-2025\/#breadcrumb\",\"itemListElement\":[{\"@type\":\"ListItem\",\"position\":1,\"name\":\"In\u00edcio\",\"item\":\"https:\/\/agenciainfra.com\/blog\/\"},{\"@type\":\"ListItem\",\"position\":2,\"name\":\"Motiva arremata Fern\u00e3o Dias e minist\u00e9rio conclui agenda de 2025\"}]},{\"@type\":\"WebSite\",\"@id\":\"https:\/\/agenciainfra.com\/blog\/#website\",\"url\":\"https:\/\/agenciainfra.com\/blog\/\",\"name\":\"Ag\u00eancia iNFRA\",\"description\":\"Multiplataforma de informa\u00e7\u00e3o jornal\u00edstica refer\u00eancia na \u00e1rea de infraestrutura no Brasil!\",\"publisher\":{\"@id\":\"https:\/\/agenciainfra.com\/blog\/#organization\"},\"potentialAction\":[{\"@type\":\"SearchAction\",\"target\":{\"@type\":\"EntryPoint\",\"urlTemplate\":\"https:\/\/agenciainfra.com\/blog\/?s={search_term_string}\"},\"query-input\":{\"@type\":\"PropertyValueSpecification\",\"valueRequired\":true,\"valueName\":\"search_term_string\"}}],\"inLanguage\":\"pt-BR\"},{\"@type\":\"Organization\",\"@id\":\"https:\/\/agenciainfra.com\/blog\/#organization\",\"name\":\"Ag\u00eancia iNFRA\",\"url\":\"https:\/\/agenciainfra.com\/blog\/\",\"logo\":{\"@type\":\"ImageObject\",\"inLanguage\":\"pt-BR\",\"@id\":\"https:\/\/agenciainfra.com\/blog\/#\/schema\/logo\/image\/\",\"url\":\"https:\/\/agenciainfra.com\/blog\/wp-content\/uploads\/2023\/09\/iNFRA_5-e1761735885940.png\",\"contentUrl\":\"https:\/\/agenciainfra.com\/blog\/wp-content\/uploads\/2023\/09\/iNFRA_5-e1761735885940.png\",\"width\":1672,\"height\":454,\"caption\":\"Ag\u00eancia iNFRA\"},\"image\":{\"@id\":\"https:\/\/agenciainfra.com\/blog\/#\/schema\/logo\/image\/\"},\"sameAs\":[\"https:\/\/www.facebook.com\/ageninfra\",\"https:\/\/x.com\/agencia_infra\",\"https:\/\/www.linkedin.com\/company\/ag\u00eanciainfra\/\",\"https:\/\/www.instagram.com\/agenciainfra\/\"]},{\"@type\":\"Person\",\"@id\":\"https:\/\/agenciainfra.com\/blog\/#\/schema\/person\/34af08dff6adea4cb22b06612ba7acfa\",\"name\":\"Ag\u00eancia iNFRA\",\"image\":{\"@type\":\"ImageObject\",\"inLanguage\":\"pt-BR\",\"@id\":\"https:\/\/agenciainfra.com\/blog\/#\/schema\/person\/image\/\",\"url\":\"https:\/\/secure.gravatar.com\/avatar\/d189e01678f06d8eb84d4e01f08eb848b3fffe3f8443818d3c356c66892f5be8?s=96&d=mm&r=g\",\"contentUrl\":\"https:\/\/secure.gravatar.com\/avatar\/d189e01678f06d8eb84d4e01f08eb848b3fffe3f8443818d3c356c66892f5be8?s=96&d=mm&r=g\",\"caption\":\"Ag\u00eancia iNFRA\"},\"url\":\"https:\/\/agenciainfra.com\/blog\/author\/admin\/\"}]}<\/script>\n<!-- \/ Yoast SEO Premium plugin. -->","yoast_head_json":{"title":"Motiva arremata Fern\u00e3o Dias e minist\u00e9rio conclui agenda de 2025 - Ag\u00eancia iNFRA","robots":{"index":"index","follow":"follow","max-snippet":"max-snippet:-1","max-image-preview":"max-image-preview:large","max-video-preview":"max-video-preview:-1"},"canonical":"https:\/\/agenciainfra.com\/blog\/motiva-arremata-fernao-dias-e-ministerio-conclui-agenda-de-2025\/","og_locale":"pt_BR","og_type":"article","og_title":"Motiva arremata Fern\u00e3o Dias e minist\u00e9rio conclui agenda de 2025","og_description":"Gabriella Franco, para a Ag\u00eancia iNFRA O leil\u00e3o realizado pelo Minist\u00e9rio dos Transportes abriu caminho para o que ser\u00e1 a primeira troca de comando de concession\u00e1ria de rodovia viabilizada por venda assistida pelo governo federal. Com participa\u00e7\u00e3o t\u00edmida na agenda de certames durante o ano, a Motiva (ex-CCR) vai assumir a concess\u00e3o da Rodovia Fern\u00e3o [&hellip;]","og_url":"https:\/\/agenciainfra.com\/blog\/motiva-arremata-fernao-dias-e-ministerio-conclui-agenda-de-2025\/","og_site_name":"Ag\u00eancia iNFRA","article_publisher":"https:\/\/www.facebook.com\/ageninfra","article_published_time":"2025-12-12T13:00:00+00:00","article_modified_time":"2025-12-14T14:58:17+00:00","og_image":[{"width":1280,"height":772,"url":"https:\/\/agenciainfra.com\/blog\/wp-content\/uploads\/2025\/12\/leilao-fernao-dias-foto-marcio_ferreira_MT-e1765540791610.jpeg","type":"image\/jpeg"}],"author":"Ag\u00eancia iNFRA","twitter_card":"summary_large_image","twitter_creator":"@agencia_infra","twitter_site":"@agencia_infra","twitter_misc":{"Escrito por":"Ag\u00eancia iNFRA","Est. tempo de leitura":"7 minutos"},"schema":{"@context":"https:\/\/schema.org","@graph":[{"@type":"Article","@id":"https:\/\/agenciainfra.com\/blog\/motiva-arremata-fernao-dias-e-ministerio-conclui-agenda-de-2025\/#article","isPartOf":{"@id":"https:\/\/agenciainfra.com\/blog\/motiva-arremata-fernao-dias-e-ministerio-conclui-agenda-de-2025\/"},"author":{"name":"Ag\u00eancia iNFRA","@id":"https:\/\/agenciainfra.com\/blog\/#\/schema\/person\/34af08dff6adea4cb22b06612ba7acfa"},"headline":"Motiva arremata Fern\u00e3o Dias e minist\u00e9rio conclui agenda de 2025","datePublished":"2025-12-12T13:00:00+00:00","dateModified":"2025-12-14T14:58:17+00:00","mainEntityOfPage":{"@id":"https:\/\/agenciainfra.com\/blog\/motiva-arremata-fernao-dias-e-ministerio-conclui-agenda-de-2025\/"},"wordCount":1478,"publisher":{"@id":"https:\/\/agenciainfra.com\/blog\/#organization"},"image":{"@id":"https:\/\/agenciainfra.com\/blog\/motiva-arremata-fernao-dias-e-ministerio-conclui-agenda-de-2025\/#primaryimage"},"thumbnailUrl":"https:\/\/agenciainfra.com\/blog\/wp-content\/uploads\/2025\/12\/leilao-fernao-dias-foto-marcio_ferreira_MT-e1765540791610.jpeg","keywords":["Arteris","B3","Bolsa de Valores","BR-381","concess\u00e3o rodovi\u00e1ria","Fern\u00e3o Dias","Gabriella Vila\u00e7a","Infraestrutura","leil\u00e3o","leil\u00e3o de rodovia","motiva","Rodovia"],"articleSection":["Destaque lista","iNFRATransporte"],"inLanguage":"pt-BR","copyrightYear":"2025","copyrightHolder":{"@id":"https:\/\/agenciainfra.com\/blog\/#organization"}},{"@type":"WebPage","@id":"https:\/\/agenciainfra.com\/blog\/motiva-arremata-fernao-dias-e-ministerio-conclui-agenda-de-2025\/","url":"https:\/\/agenciainfra.com\/blog\/motiva-arremata-fernao-dias-e-ministerio-conclui-agenda-de-2025\/","name":"Motiva arremata Fern\u00e3o Dias e minist\u00e9rio conclui agenda de 2025 - Ag\u00eancia iNFRA","isPartOf":{"@id":"https:\/\/agenciainfra.com\/blog\/#website"},"primaryImageOfPage":{"@id":"https:\/\/agenciainfra.com\/blog\/motiva-arremata-fernao-dias-e-ministerio-conclui-agenda-de-2025\/#primaryimage"},"image":{"@id":"https:\/\/agenciainfra.com\/blog\/motiva-arremata-fernao-dias-e-ministerio-conclui-agenda-de-2025\/#primaryimage"},"thumbnailUrl":"https:\/\/agenciainfra.com\/blog\/wp-content\/uploads\/2025\/12\/leilao-fernao-dias-foto-marcio_ferreira_MT-e1765540791610.jpeg","datePublished":"2025-12-12T13:00:00+00:00","dateModified":"2025-12-14T14:58:17+00:00","breadcrumb":{"@id":"https:\/\/agenciainfra.com\/blog\/motiva-arremata-fernao-dias-e-ministerio-conclui-agenda-de-2025\/#breadcrumb"},"inLanguage":"pt-BR","potentialAction":[{"@type":"ReadAction","target":["https:\/\/agenciainfra.com\/blog\/motiva-arremata-fernao-dias-e-ministerio-conclui-agenda-de-2025\/"]}]},{"@type":"ImageObject","inLanguage":"pt-BR","@id":"https:\/\/agenciainfra.com\/blog\/motiva-arremata-fernao-dias-e-ministerio-conclui-agenda-de-2025\/#primaryimage","url":"https:\/\/agenciainfra.com\/blog\/wp-content\/uploads\/2025\/12\/leilao-fernao-dias-foto-marcio_ferreira_MT-e1765540791610.jpeg","contentUrl":"https:\/\/agenciainfra.com\/blog\/wp-content\/uploads\/2025\/12\/leilao-fernao-dias-foto-marcio_ferreira_MT-e1765540791610.jpeg","width":1280,"height":772,"caption":"Foto: M\u00e1rcio Ferreira\/Minist\u00e9rio dos Transportes"},{"@type":"BreadcrumbList","@id":"https:\/\/agenciainfra.com\/blog\/motiva-arremata-fernao-dias-e-ministerio-conclui-agenda-de-2025\/#breadcrumb","itemListElement":[{"@type":"ListItem","position":1,"name":"In\u00edcio","item":"https:\/\/agenciainfra.com\/blog\/"},{"@type":"ListItem","position":2,"name":"Motiva arremata Fern\u00e3o Dias e minist\u00e9rio conclui agenda de 2025"}]},{"@type":"WebSite","@id":"https:\/\/agenciainfra.com\/blog\/#website","url":"https:\/\/agenciainfra.com\/blog\/","name":"Ag\u00eancia iNFRA","description":"Multiplataforma de informa\u00e7\u00e3o jornal\u00edstica refer\u00eancia na \u00e1rea de infraestrutura no Brasil!","publisher":{"@id":"https:\/\/agenciainfra.com\/blog\/#organization"},"potentialAction":[{"@type":"SearchAction","target":{"@type":"EntryPoint","urlTemplate":"https:\/\/agenciainfra.com\/blog\/?s={search_term_string}"},"query-input":{"@type":"PropertyValueSpecification","valueRequired":true,"valueName":"search_term_string"}}],"inLanguage":"pt-BR"},{"@type":"Organization","@id":"https:\/\/agenciainfra.com\/blog\/#organization","name":"Ag\u00eancia iNFRA","url":"https:\/\/agenciainfra.com\/blog\/","logo":{"@type":"ImageObject","inLanguage":"pt-BR","@id":"https:\/\/agenciainfra.com\/blog\/#\/schema\/logo\/image\/","url":"https:\/\/agenciainfra.com\/blog\/wp-content\/uploads\/2023\/09\/iNFRA_5-e1761735885940.png","contentUrl":"https:\/\/agenciainfra.com\/blog\/wp-content\/uploads\/2023\/09\/iNFRA_5-e1761735885940.png","width":1672,"height":454,"caption":"Ag\u00eancia iNFRA"},"image":{"@id":"https:\/\/agenciainfra.com\/blog\/#\/schema\/logo\/image\/"},"sameAs":["https:\/\/www.facebook.com\/ageninfra","https:\/\/x.com\/agencia_infra","https:\/\/www.linkedin.com\/company\/ag\u00eanciainfra\/","https:\/\/www.instagram.com\/agenciainfra\/"]},{"@type":"Person","@id":"https:\/\/agenciainfra.com\/blog\/#\/schema\/person\/34af08dff6adea4cb22b06612ba7acfa","name":"Ag\u00eancia iNFRA","image":{"@type":"ImageObject","inLanguage":"pt-BR","@id":"https:\/\/agenciainfra.com\/blog\/#\/schema\/person\/image\/","url":"https:\/\/secure.gravatar.com\/avatar\/d189e01678f06d8eb84d4e01f08eb848b3fffe3f8443818d3c356c66892f5be8?s=96&d=mm&r=g","contentUrl":"https:\/\/secure.gravatar.com\/avatar\/d189e01678f06d8eb84d4e01f08eb848b3fffe3f8443818d3c356c66892f5be8?s=96&d=mm&r=g","caption":"Ag\u00eancia iNFRA"},"url":"https:\/\/agenciainfra.com\/blog\/author\/admin\/"}]}},"_links":{"self":[{"href":"https:\/\/agenciainfra.com\/blog\/wp-json\/wp\/v2\/posts\/33781","targetHints":{"allow":["GET"]}}],"collection":[{"href":"https:\/\/agenciainfra.com\/blog\/wp-json\/wp\/v2\/posts"}],"about":[{"href":"https:\/\/agenciainfra.com\/blog\/wp-json\/wp\/v2\/types\/post"}],"author":[{"embeddable":true,"href":"https:\/\/agenciainfra.com\/blog\/wp-json\/wp\/v2\/users\/1"}],"replies":[{"embeddable":true,"href":"https:\/\/agenciainfra.com\/blog\/wp-json\/wp\/v2\/comments?post=33781"}],"version-history":[{"count":1,"href":"https:\/\/agenciainfra.com\/blog\/wp-json\/wp\/v2\/posts\/33781\/revisions"}],"predecessor-version":[{"id":33783,"href":"https:\/\/agenciainfra.com\/blog\/wp-json\/wp\/v2\/posts\/33781\/revisions\/33783"}],"wp:featuredmedia":[{"embeddable":true,"href":"https:\/\/agenciainfra.com\/blog\/wp-json\/wp\/v2\/media\/33782"}],"wp:attachment":[{"href":"https:\/\/agenciainfra.com\/blog\/wp-json\/wp\/v2\/media?parent=33781"}],"wp:term":[{"taxonomy":"category","embeddable":true,"href":"https:\/\/agenciainfra.com\/blog\/wp-json\/wp\/v2\/categories?post=33781"},{"taxonomy":"post_tag","embeddable":true,"href":"https:\/\/agenciainfra.com\/blog\/wp-json\/wp\/v2\/tags?post=33781"}],"curies":[{"name":"wp","href":"https:\/\/api.w.org\/{rel}","templated":true}]}}