{"id":33784,"date":"2025-12-12T12:00:00","date_gmt":"2025-12-12T15:00:00","guid":{"rendered":"https:\/\/agenciainfra.com\/blog\/?p=33784"},"modified":"2025-12-15T12:46:00","modified_gmt":"2025-12-15T15:46:00","slug":"dia-do-perdao-reforma-do-setor-eletrico-pode-beneficiar-667-usinas","status":"publish","type":"post","link":"https:\/\/agenciainfra.com\/blog\/dia-do-perdao-reforma-do-setor-eletrico-pode-beneficiar-667-usinas\/","title":{"rendered":"&#8216;Dia do Perd\u00e3o&#8217;: Reforma do setor el\u00e9trico pode beneficiar 667 usinas"},"content":{"rendered":"\n<p class=\"has-text-align-right\"><strong>Lais Carregosa e Marisa Wanzeller, da Ag\u00eancia iNFRA<\/strong><\/p>\n\n\n\n<p>A reforma do setor el\u00e9trico, implementada pela\u00a0<a href=\"https:\/\/www.planalto.gov.br\/ccivil_03\/_ato2023-2026\/2025\/lei\/L15269.htm\" target=\"_blank\" rel=\"noreferrer noopener\">Lei 15.269\/2025<\/a>\u00a0(antiga Medida Provis\u00f3ria 1.304), cria um segundo \u201cdia do perd\u00e3o\u201d para as usinas renov\u00e1veis e pode beneficiar 667 empreendimentos que somam pouco mais de 28 GW (gigawatts) de capacidade, segundo dados da ANEEL (Ag\u00eancia Nacional de Energia El\u00e9trica). Esses projetos fazem parte da chamada \u201ccorrida do ouro\u201d, de 2022, e ainda n\u00e3o t\u00eam contratos de uso do sistema de transmiss\u00e3o ou distribui\u00e7\u00e3o assinados.<br><br>O \u201cdia do perd\u00e3o\u201d, que isentou os agentes de multas, foi a solu\u00e7\u00e3o criada pela ANEEL em 2023 para resolver a fila de projetos com contratos de uso dos sistemas de transmiss\u00e3o e distribui\u00e7\u00e3o assinados, mas que n\u00e3o iriam se viabilizar.\u00a0<br><br>A MP 1.304\u00a0permite que as usinas que ainda n\u00e3o conseguiram celebrar os contratos de uso do sistema possam pedir a revoga\u00e7\u00e3o de suas outorgas \u00e0 ANEEL sem aplica\u00e7\u00e3o de penalidades ou san\u00e7\u00f5es. Elas t\u00eam 30 dias a partir da publica\u00e7\u00e3o da lei, ou seja, at\u00e9 24 de dezembro.\u00a0<br><br>A maior parte dos empreendimentos que ser\u00e3o abarcados pela nova lei s\u00e3o de gera\u00e7\u00e3o e\u00f3lica e solar, sendo que cerca de 170 deles ainda n\u00e3o t\u00eam parecer de acesso do ONS (Operador Nacional do Sistema El\u00e9trico) para conex\u00e3o \u00e0 rede b\u00e1sica. Al\u00e9m disso, 71% das 667 usinas ainda n\u00e3o iniciaram suas obras.<br><br><strong>Regulariza\u00e7\u00e3o<\/strong><br>O advogado Henrique Reis, s\u00f3cio do escrit\u00f3rio Demarest Advogados, explica que, al\u00e9m de liberar a revoga\u00e7\u00e3o sem penalidades, a Lei 15.269 tamb\u00e9m permite a regulariza\u00e7\u00e3o dos prazos, com ajuste no in\u00edcio de execu\u00e7\u00e3o do Cust (Contrato de Uso do Sistema de Transmiss\u00e3o). &#8220;Tem o mecanismo de anistia, que \u00e9 a revoga\u00e7\u00e3o da outorga sem penalidade, e o mecanismo de regulariza\u00e7\u00e3o. Ambos estavam previstos, ainda que com outra roupagem, no \u2018dia do perd\u00e3o\u2019 da ANEEL\u201d, afirmou.\u00a0<br><br>Caio Alves, head de Energia do escrit\u00f3rio Rolim Goulart Cardoso, explicou que \u201co que se postergou, na pr\u00e1tica, foram os pagamentos dos Custs, j\u00e1 que o que \u00e9 mais importante para a seguran\u00e7a e opera\u00e7\u00e3o do SIN [Sistema Interligado Nacional], que \u00e9 a entrada em opera\u00e7\u00e3o comercial \u2013 gera\u00e7\u00e3o efetiva, digamos assim \u2013, est\u00e1 mantida&#8221;.<br><br>O advogado refor\u00e7a que a regula\u00e7\u00e3o j\u00e1 admitia a posterga\u00e7\u00e3o do contrato, desde que ainda n\u00e3o tenham sido feitos investimentos na rede. No entanto, segundo ele, \u201ca ANEEL vinha tratando as duas coisas, descontos e pagamentos dos Custs, de forma diferente&#8221;. \u201cA lei, portanto, trouxe solu\u00e7\u00e3o para algo que, na origem, n\u00e3o deveria ser um problema&#8221;, disse.<br><br><strong>Incoer\u00eancia<\/strong><br>Henrique Reis, do Demarest Advogados, aponta para uma incoer\u00eancia em outro trecho da lei, que,\u00a0ao mesmo tempo em que isenta de san\u00e7\u00f5es, diz que \u201ca garantia de fiel cumprimento poder\u00e1 ser executada em caso de solicita\u00e7\u00e3o de revoga\u00e7\u00e3o da outorga&#8221;.<br><br>Ele pondera que a \u201cpr\u00e1tica consolidada\u201d da ANEEL \u00e9 s\u00f3 executar a garantia caso seja comprovado algum preju\u00edzo ou alguma multa n\u00e3o paga no prazo. Contudo, a lei n\u00e3o deixa claro em qual situa\u00e7\u00e3o essa execu\u00e7\u00e3o poder\u00e1 ocorrer. \u201cComo a ANEEL vai tratar disso, como ela vai se comportar nesses casos em que houver o pedido?&#8221;, indagou.<br><br>J\u00e1 Caio Alves, do Rolim Goulart Cardoso, avalia que \u201cos textos se sobrep\u00f5em\u201d, de forma que o trecho que d\u00e1 a possibilidade de pedir a revoga\u00e7\u00e3o da outorga sem penalidade, \u201cna pr\u00e1tica impede a ANEEL de executar as garantias tamb\u00e9m\u201d.<\/p>\n","protected":false},"excerpt":{"rendered":"<p>Lais Carregosa e Marisa Wanzeller, da Ag\u00eancia iNFRA A reforma do setor el\u00e9trico, implementada pela\u00a0Lei 15.269\/2025\u00a0(antiga Medida Provis\u00f3ria 1.304), cria um segundo \u201cdia do perd\u00e3o\u201d para as usinas renov\u00e1veis e pode beneficiar 667 empreendimentos que somam pouco mais de 28 GW (gigawatts) de capacidade, segundo dados da ANEEL (Ag\u00eancia Nacional de Energia El\u00e9trica). Esses projetos [&hellip;]<\/p>\n","protected":false},"author":1,"featured_media":8226,"comment_status":"closed","ping_status":"closed","sticky":false,"template":"","format":"standard","meta":{"_monsterinsights_skip_tracking":false,"_monsterinsights_sitenote_active":false,"_monsterinsights_sitenote_note":"","_monsterinsights_sitenote_category":0,"footnotes":""},"categories":[10],"tags":[53,6884,1082,25,13132,17405,7366,14378,5182,10710,12770,54,1386,575,4312],"class_list":["post-33784","post","type-post","status-publish","format-standard","has-post-thumbnail","hentry","category-infraenergia","tag-aneel","tag-corrida-do-ouro","tag-distribuicao-de-energia","tag-energia","tag-lais-carregosa","tag-lei-15-269","tag-marisa-wanzeller","tag-mp-1-304","tag-outorgas","tag-reforma-do-setor-eletrico","tag-reuniao-aneel","tag-setor-eletrico","tag-tarifas-de-energia","tag-transmissao-de-energia","tag-usinas"],"yoast_head":"<!-- This site is optimized with the Yoast SEO Premium plugin v25.4 (Yoast SEO v26.0) - https:\/\/yoast.com\/wordpress\/plugins\/seo\/ -->\n<title>&#039;Dia do Perd\u00e3o&#039;: Reforma do setor el\u00e9trico pode beneficiar 667 usinas - Ag\u00eancia iNFRA<\/title>\n<meta name=\"robots\" content=\"index, follow, max-snippet:-1, max-image-preview:large, max-video-preview:-1\" \/>\n<link rel=\"canonical\" href=\"https:\/\/agenciainfra.com\/blog\/dia-do-perdao-reforma-do-setor-eletrico-pode-beneficiar-667-usinas\/\" \/>\n<meta property=\"og:locale\" content=\"pt_BR\" \/>\n<meta property=\"og:type\" content=\"article\" \/>\n<meta property=\"og:title\" content=\"&#039;Dia do Perd\u00e3o&#039;: Reforma do setor el\u00e9trico pode beneficiar 667 usinas\" \/>\n<meta property=\"og:description\" content=\"Lais Carregosa e Marisa Wanzeller, da Ag\u00eancia iNFRA A reforma do setor el\u00e9trico, implementada pela\u00a0Lei 15.269\/2025\u00a0(antiga Medida Provis\u00f3ria 1.304), cria um segundo \u201cdia do perd\u00e3o\u201d para as usinas renov\u00e1veis e pode beneficiar 667 empreendimentos que somam pouco mais de 28 GW (gigawatts) de capacidade, segundo dados da ANEEL (Ag\u00eancia Nacional de Energia El\u00e9trica). Esses projetos [&hellip;]\" \/>\n<meta property=\"og:url\" content=\"https:\/\/agenciainfra.com\/blog\/dia-do-perdao-reforma-do-setor-eletrico-pode-beneficiar-667-usinas\/\" \/>\n<meta property=\"og:site_name\" content=\"Ag\u00eancia iNFRA\" \/>\n<meta property=\"article:publisher\" content=\"https:\/\/www.facebook.com\/ageninfra\" \/>\n<meta property=\"article:published_time\" content=\"2025-12-12T15:00:00+00:00\" \/>\n<meta property=\"article:modified_time\" content=\"2025-12-15T15:46:00+00:00\" \/>\n<meta property=\"og:image\" content=\"https:\/\/agenciainfra.com\/blog\/wp-content\/uploads\/2021\/09\/geracao-distribuida-foto-dominio-publico-e1748341512698.jpg\" \/>\n\t<meta property=\"og:image:width\" content=\"1280\" \/>\n\t<meta property=\"og:image:height\" content=\"760\" \/>\n\t<meta property=\"og:image:type\" content=\"image\/jpeg\" \/>\n<meta name=\"author\" content=\"Ag\u00eancia iNFRA\" \/>\n<meta name=\"twitter:card\" content=\"summary_large_image\" \/>\n<meta name=\"twitter:creator\" content=\"@agencia_infra\" \/>\n<meta name=\"twitter:site\" content=\"@agencia_infra\" \/>\n<meta name=\"twitter:label1\" content=\"Escrito por\" \/>\n\t<meta name=\"twitter:data1\" content=\"Ag\u00eancia iNFRA\" \/>\n\t<meta name=\"twitter:label2\" content=\"Est. tempo de leitura\" \/>\n\t<meta name=\"twitter:data2\" content=\"3 minutos\" \/>\n<script type=\"application\/ld+json\" class=\"yoast-schema-graph\">{\"@context\":\"https:\/\/schema.org\",\"@graph\":[{\"@type\":\"Article\",\"@id\":\"https:\/\/agenciainfra.com\/blog\/dia-do-perdao-reforma-do-setor-eletrico-pode-beneficiar-667-usinas\/#article\",\"isPartOf\":{\"@id\":\"https:\/\/agenciainfra.com\/blog\/dia-do-perdao-reforma-do-setor-eletrico-pode-beneficiar-667-usinas\/\"},\"author\":{\"name\":\"Ag\u00eancia iNFRA\",\"@id\":\"https:\/\/agenciainfra.com\/blog\/#\/schema\/person\/34af08dff6adea4cb22b06612ba7acfa\"},\"headline\":\"&#8216;Dia do Perd\u00e3o&#8217;: Reforma do setor el\u00e9trico pode beneficiar 667 usinas\",\"datePublished\":\"2025-12-12T15:00:00+00:00\",\"dateModified\":\"2025-12-15T15:46:00+00:00\",\"mainEntityOfPage\":{\"@id\":\"https:\/\/agenciainfra.com\/blog\/dia-do-perdao-reforma-do-setor-eletrico-pode-beneficiar-667-usinas\/\"},\"wordCount\":613,\"publisher\":{\"@id\":\"https:\/\/agenciainfra.com\/blog\/#organization\"},\"image\":{\"@id\":\"https:\/\/agenciainfra.com\/blog\/dia-do-perdao-reforma-do-setor-eletrico-pode-beneficiar-667-usinas\/#primaryimage\"},\"thumbnailUrl\":\"https:\/\/agenciainfra.com\/blog\/wp-content\/uploads\/2021\/09\/geracao-distribuida-foto-dominio-publico-e1748341512698.jpg\",\"keywords\":[\"ANEEL\",\"corrida do ouro\",\"distribui\u00e7\u00e3o de energia\",\"energia\",\"Lais Carregosa\",\"Lei 15.269\",\"Marisa Wanzeller\",\"MP 1.304\",\"outorgas\",\"Reforma do Setor El\u00e9trico\",\"reuni\u00e3o aneel\",\"Setor El\u00e9trico\",\"tarifas de energia\",\"transmiss\u00e3o de energia\",\"usinas\"],\"articleSection\":[\"iNFRAEnergia\"],\"inLanguage\":\"pt-BR\",\"copyrightYear\":\"2025\",\"copyrightHolder\":{\"@id\":\"https:\/\/agenciainfra.com\/blog\/#organization\"}},{\"@type\":\"WebPage\",\"@id\":\"https:\/\/agenciainfra.com\/blog\/dia-do-perdao-reforma-do-setor-eletrico-pode-beneficiar-667-usinas\/\",\"url\":\"https:\/\/agenciainfra.com\/blog\/dia-do-perdao-reforma-do-setor-eletrico-pode-beneficiar-667-usinas\/\",\"name\":\"'Dia do Perd\u00e3o': Reforma do setor el\u00e9trico pode beneficiar 667 usinas - Ag\u00eancia iNFRA\",\"isPartOf\":{\"@id\":\"https:\/\/agenciainfra.com\/blog\/#website\"},\"primaryImageOfPage\":{\"@id\":\"https:\/\/agenciainfra.com\/blog\/dia-do-perdao-reforma-do-setor-eletrico-pode-beneficiar-667-usinas\/#primaryimage\"},\"image\":{\"@id\":\"https:\/\/agenciainfra.com\/blog\/dia-do-perdao-reforma-do-setor-eletrico-pode-beneficiar-667-usinas\/#primaryimage\"},\"thumbnailUrl\":\"https:\/\/agenciainfra.com\/blog\/wp-content\/uploads\/2021\/09\/geracao-distribuida-foto-dominio-publico-e1748341512698.jpg\",\"datePublished\":\"2025-12-12T15:00:00+00:00\",\"dateModified\":\"2025-12-15T15:46:00+00:00\",\"breadcrumb\":{\"@id\":\"https:\/\/agenciainfra.com\/blog\/dia-do-perdao-reforma-do-setor-eletrico-pode-beneficiar-667-usinas\/#breadcrumb\"},\"inLanguage\":\"pt-BR\",\"potentialAction\":[{\"@type\":\"ReadAction\",\"target\":[\"https:\/\/agenciainfra.com\/blog\/dia-do-perdao-reforma-do-setor-eletrico-pode-beneficiar-667-usinas\/\"]}]},{\"@type\":\"ImageObject\",\"inLanguage\":\"pt-BR\",\"@id\":\"https:\/\/agenciainfra.com\/blog\/dia-do-perdao-reforma-do-setor-eletrico-pode-beneficiar-667-usinas\/#primaryimage\",\"url\":\"https:\/\/agenciainfra.com\/blog\/wp-content\/uploads\/2021\/09\/geracao-distribuida-foto-dominio-publico-e1748341512698.jpg\",\"contentUrl\":\"https:\/\/agenciainfra.com\/blog\/wp-content\/uploads\/2021\/09\/geracao-distribuida-foto-dominio-publico-e1748341512698.jpg\",\"width\":1280,\"height\":760,\"caption\":\"Foto: Dom\u00ednio P\u00fablico\"},{\"@type\":\"BreadcrumbList\",\"@id\":\"https:\/\/agenciainfra.com\/blog\/dia-do-perdao-reforma-do-setor-eletrico-pode-beneficiar-667-usinas\/#breadcrumb\",\"itemListElement\":[{\"@type\":\"ListItem\",\"position\":1,\"name\":\"In\u00edcio\",\"item\":\"https:\/\/agenciainfra.com\/blog\/\"},{\"@type\":\"ListItem\",\"position\":2,\"name\":\"&#8216;Dia do Perd\u00e3o&#8217;: Reforma do setor el\u00e9trico pode beneficiar 667 usinas\"}]},{\"@type\":\"WebSite\",\"@id\":\"https:\/\/agenciainfra.com\/blog\/#website\",\"url\":\"https:\/\/agenciainfra.com\/blog\/\",\"name\":\"Ag\u00eancia iNFRA\",\"description\":\"Multiplataforma de informa\u00e7\u00e3o jornal\u00edstica refer\u00eancia na \u00e1rea de infraestrutura no Brasil!\",\"publisher\":{\"@id\":\"https:\/\/agenciainfra.com\/blog\/#organization\"},\"potentialAction\":[{\"@type\":\"SearchAction\",\"target\":{\"@type\":\"EntryPoint\",\"urlTemplate\":\"https:\/\/agenciainfra.com\/blog\/?s={search_term_string}\"},\"query-input\":{\"@type\":\"PropertyValueSpecification\",\"valueRequired\":true,\"valueName\":\"search_term_string\"}}],\"inLanguage\":\"pt-BR\"},{\"@type\":\"Organization\",\"@id\":\"https:\/\/agenciainfra.com\/blog\/#organization\",\"name\":\"Ag\u00eancia iNFRA\",\"url\":\"https:\/\/agenciainfra.com\/blog\/\",\"logo\":{\"@type\":\"ImageObject\",\"inLanguage\":\"pt-BR\",\"@id\":\"https:\/\/agenciainfra.com\/blog\/#\/schema\/logo\/image\/\",\"url\":\"https:\/\/agenciainfra.com\/blog\/wp-content\/uploads\/2023\/09\/iNFRA_5-e1761735885940.png\",\"contentUrl\":\"https:\/\/agenciainfra.com\/blog\/wp-content\/uploads\/2023\/09\/iNFRA_5-e1761735885940.png\",\"width\":1672,\"height\":454,\"caption\":\"Ag\u00eancia iNFRA\"},\"image\":{\"@id\":\"https:\/\/agenciainfra.com\/blog\/#\/schema\/logo\/image\/\"},\"sameAs\":[\"https:\/\/www.facebook.com\/ageninfra\",\"https:\/\/x.com\/agencia_infra\",\"https:\/\/www.linkedin.com\/company\/ag\u00eanciainfra\/\",\"https:\/\/www.instagram.com\/agenciainfra\/\"]},{\"@type\":\"Person\",\"@id\":\"https:\/\/agenciainfra.com\/blog\/#\/schema\/person\/34af08dff6adea4cb22b06612ba7acfa\",\"name\":\"Ag\u00eancia iNFRA\",\"image\":{\"@type\":\"ImageObject\",\"inLanguage\":\"pt-BR\",\"@id\":\"https:\/\/agenciainfra.com\/blog\/#\/schema\/person\/image\/\",\"url\":\"https:\/\/secure.gravatar.com\/avatar\/d189e01678f06d8eb84d4e01f08eb848b3fffe3f8443818d3c356c66892f5be8?s=96&d=mm&r=g\",\"contentUrl\":\"https:\/\/secure.gravatar.com\/avatar\/d189e01678f06d8eb84d4e01f08eb848b3fffe3f8443818d3c356c66892f5be8?s=96&d=mm&r=g\",\"caption\":\"Ag\u00eancia iNFRA\"},\"url\":\"https:\/\/agenciainfra.com\/blog\/author\/admin\/\"}]}<\/script>\n<!-- \/ Yoast SEO Premium plugin. -->","yoast_head_json":{"title":"'Dia do Perd\u00e3o': Reforma do setor el\u00e9trico pode beneficiar 667 usinas - Ag\u00eancia iNFRA","robots":{"index":"index","follow":"follow","max-snippet":"max-snippet:-1","max-image-preview":"max-image-preview:large","max-video-preview":"max-video-preview:-1"},"canonical":"https:\/\/agenciainfra.com\/blog\/dia-do-perdao-reforma-do-setor-eletrico-pode-beneficiar-667-usinas\/","og_locale":"pt_BR","og_type":"article","og_title":"'Dia do Perd\u00e3o': Reforma do setor el\u00e9trico pode beneficiar 667 usinas","og_description":"Lais Carregosa e Marisa Wanzeller, da Ag\u00eancia iNFRA A reforma do setor el\u00e9trico, implementada pela\u00a0Lei 15.269\/2025\u00a0(antiga Medida Provis\u00f3ria 1.304), cria um segundo \u201cdia do perd\u00e3o\u201d para as usinas renov\u00e1veis e pode beneficiar 667 empreendimentos que somam pouco mais de 28 GW (gigawatts) de capacidade, segundo dados da ANEEL (Ag\u00eancia Nacional de Energia El\u00e9trica). Esses projetos [&hellip;]","og_url":"https:\/\/agenciainfra.com\/blog\/dia-do-perdao-reforma-do-setor-eletrico-pode-beneficiar-667-usinas\/","og_site_name":"Ag\u00eancia iNFRA","article_publisher":"https:\/\/www.facebook.com\/ageninfra","article_published_time":"2025-12-12T15:00:00+00:00","article_modified_time":"2025-12-15T15:46:00+00:00","og_image":[{"width":1280,"height":760,"url":"https:\/\/agenciainfra.com\/blog\/wp-content\/uploads\/2021\/09\/geracao-distribuida-foto-dominio-publico-e1748341512698.jpg","type":"image\/jpeg"}],"author":"Ag\u00eancia iNFRA","twitter_card":"summary_large_image","twitter_creator":"@agencia_infra","twitter_site":"@agencia_infra","twitter_misc":{"Escrito por":"Ag\u00eancia iNFRA","Est. tempo de leitura":"3 minutos"},"schema":{"@context":"https:\/\/schema.org","@graph":[{"@type":"Article","@id":"https:\/\/agenciainfra.com\/blog\/dia-do-perdao-reforma-do-setor-eletrico-pode-beneficiar-667-usinas\/#article","isPartOf":{"@id":"https:\/\/agenciainfra.com\/blog\/dia-do-perdao-reforma-do-setor-eletrico-pode-beneficiar-667-usinas\/"},"author":{"name":"Ag\u00eancia iNFRA","@id":"https:\/\/agenciainfra.com\/blog\/#\/schema\/person\/34af08dff6adea4cb22b06612ba7acfa"},"headline":"&#8216;Dia do Perd\u00e3o&#8217;: Reforma do setor el\u00e9trico pode beneficiar 667 usinas","datePublished":"2025-12-12T15:00:00+00:00","dateModified":"2025-12-15T15:46:00+00:00","mainEntityOfPage":{"@id":"https:\/\/agenciainfra.com\/blog\/dia-do-perdao-reforma-do-setor-eletrico-pode-beneficiar-667-usinas\/"},"wordCount":613,"publisher":{"@id":"https:\/\/agenciainfra.com\/blog\/#organization"},"image":{"@id":"https:\/\/agenciainfra.com\/blog\/dia-do-perdao-reforma-do-setor-eletrico-pode-beneficiar-667-usinas\/#primaryimage"},"thumbnailUrl":"https:\/\/agenciainfra.com\/blog\/wp-content\/uploads\/2021\/09\/geracao-distribuida-foto-dominio-publico-e1748341512698.jpg","keywords":["ANEEL","corrida do ouro","distribui\u00e7\u00e3o de energia","energia","Lais Carregosa","Lei 15.269","Marisa Wanzeller","MP 1.304","outorgas","Reforma do Setor El\u00e9trico","reuni\u00e3o aneel","Setor El\u00e9trico","tarifas de energia","transmiss\u00e3o de energia","usinas"],"articleSection":["iNFRAEnergia"],"inLanguage":"pt-BR","copyrightYear":"2025","copyrightHolder":{"@id":"https:\/\/agenciainfra.com\/blog\/#organization"}},{"@type":"WebPage","@id":"https:\/\/agenciainfra.com\/blog\/dia-do-perdao-reforma-do-setor-eletrico-pode-beneficiar-667-usinas\/","url":"https:\/\/agenciainfra.com\/blog\/dia-do-perdao-reforma-do-setor-eletrico-pode-beneficiar-667-usinas\/","name":"'Dia do Perd\u00e3o': Reforma do setor el\u00e9trico pode beneficiar 667 usinas - Ag\u00eancia iNFRA","isPartOf":{"@id":"https:\/\/agenciainfra.com\/blog\/#website"},"primaryImageOfPage":{"@id":"https:\/\/agenciainfra.com\/blog\/dia-do-perdao-reforma-do-setor-eletrico-pode-beneficiar-667-usinas\/#primaryimage"},"image":{"@id":"https:\/\/agenciainfra.com\/blog\/dia-do-perdao-reforma-do-setor-eletrico-pode-beneficiar-667-usinas\/#primaryimage"},"thumbnailUrl":"https:\/\/agenciainfra.com\/blog\/wp-content\/uploads\/2021\/09\/geracao-distribuida-foto-dominio-publico-e1748341512698.jpg","datePublished":"2025-12-12T15:00:00+00:00","dateModified":"2025-12-15T15:46:00+00:00","breadcrumb":{"@id":"https:\/\/agenciainfra.com\/blog\/dia-do-perdao-reforma-do-setor-eletrico-pode-beneficiar-667-usinas\/#breadcrumb"},"inLanguage":"pt-BR","potentialAction":[{"@type":"ReadAction","target":["https:\/\/agenciainfra.com\/blog\/dia-do-perdao-reforma-do-setor-eletrico-pode-beneficiar-667-usinas\/"]}]},{"@type":"ImageObject","inLanguage":"pt-BR","@id":"https:\/\/agenciainfra.com\/blog\/dia-do-perdao-reforma-do-setor-eletrico-pode-beneficiar-667-usinas\/#primaryimage","url":"https:\/\/agenciainfra.com\/blog\/wp-content\/uploads\/2021\/09\/geracao-distribuida-foto-dominio-publico-e1748341512698.jpg","contentUrl":"https:\/\/agenciainfra.com\/blog\/wp-content\/uploads\/2021\/09\/geracao-distribuida-foto-dominio-publico-e1748341512698.jpg","width":1280,"height":760,"caption":"Foto: Dom\u00ednio P\u00fablico"},{"@type":"BreadcrumbList","@id":"https:\/\/agenciainfra.com\/blog\/dia-do-perdao-reforma-do-setor-eletrico-pode-beneficiar-667-usinas\/#breadcrumb","itemListElement":[{"@type":"ListItem","position":1,"name":"In\u00edcio","item":"https:\/\/agenciainfra.com\/blog\/"},{"@type":"ListItem","position":2,"name":"&#8216;Dia do Perd\u00e3o&#8217;: Reforma do setor el\u00e9trico pode beneficiar 667 usinas"}]},{"@type":"WebSite","@id":"https:\/\/agenciainfra.com\/blog\/#website","url":"https:\/\/agenciainfra.com\/blog\/","name":"Ag\u00eancia iNFRA","description":"Multiplataforma de informa\u00e7\u00e3o jornal\u00edstica refer\u00eancia na \u00e1rea de infraestrutura no Brasil!","publisher":{"@id":"https:\/\/agenciainfra.com\/blog\/#organization"},"potentialAction":[{"@type":"SearchAction","target":{"@type":"EntryPoint","urlTemplate":"https:\/\/agenciainfra.com\/blog\/?s={search_term_string}"},"query-input":{"@type":"PropertyValueSpecification","valueRequired":true,"valueName":"search_term_string"}}],"inLanguage":"pt-BR"},{"@type":"Organization","@id":"https:\/\/agenciainfra.com\/blog\/#organization","name":"Ag\u00eancia iNFRA","url":"https:\/\/agenciainfra.com\/blog\/","logo":{"@type":"ImageObject","inLanguage":"pt-BR","@id":"https:\/\/agenciainfra.com\/blog\/#\/schema\/logo\/image\/","url":"https:\/\/agenciainfra.com\/blog\/wp-content\/uploads\/2023\/09\/iNFRA_5-e1761735885940.png","contentUrl":"https:\/\/agenciainfra.com\/blog\/wp-content\/uploads\/2023\/09\/iNFRA_5-e1761735885940.png","width":1672,"height":454,"caption":"Ag\u00eancia iNFRA"},"image":{"@id":"https:\/\/agenciainfra.com\/blog\/#\/schema\/logo\/image\/"},"sameAs":["https:\/\/www.facebook.com\/ageninfra","https:\/\/x.com\/agencia_infra","https:\/\/www.linkedin.com\/company\/ag\u00eanciainfra\/","https:\/\/www.instagram.com\/agenciainfra\/"]},{"@type":"Person","@id":"https:\/\/agenciainfra.com\/blog\/#\/schema\/person\/34af08dff6adea4cb22b06612ba7acfa","name":"Ag\u00eancia iNFRA","image":{"@type":"ImageObject","inLanguage":"pt-BR","@id":"https:\/\/agenciainfra.com\/blog\/#\/schema\/person\/image\/","url":"https:\/\/secure.gravatar.com\/avatar\/d189e01678f06d8eb84d4e01f08eb848b3fffe3f8443818d3c356c66892f5be8?s=96&d=mm&r=g","contentUrl":"https:\/\/secure.gravatar.com\/avatar\/d189e01678f06d8eb84d4e01f08eb848b3fffe3f8443818d3c356c66892f5be8?s=96&d=mm&r=g","caption":"Ag\u00eancia iNFRA"},"url":"https:\/\/agenciainfra.com\/blog\/author\/admin\/"}]}},"_links":{"self":[{"href":"https:\/\/agenciainfra.com\/blog\/wp-json\/wp\/v2\/posts\/33784","targetHints":{"allow":["GET"]}}],"collection":[{"href":"https:\/\/agenciainfra.com\/blog\/wp-json\/wp\/v2\/posts"}],"about":[{"href":"https:\/\/agenciainfra.com\/blog\/wp-json\/wp\/v2\/types\/post"}],"author":[{"embeddable":true,"href":"https:\/\/agenciainfra.com\/blog\/wp-json\/wp\/v2\/users\/1"}],"replies":[{"embeddable":true,"href":"https:\/\/agenciainfra.com\/blog\/wp-json\/wp\/v2\/comments?post=33784"}],"version-history":[{"count":1,"href":"https:\/\/agenciainfra.com\/blog\/wp-json\/wp\/v2\/posts\/33784\/revisions"}],"predecessor-version":[{"id":33785,"href":"https:\/\/agenciainfra.com\/blog\/wp-json\/wp\/v2\/posts\/33784\/revisions\/33785"}],"wp:featuredmedia":[{"embeddable":true,"href":"https:\/\/agenciainfra.com\/blog\/wp-json\/wp\/v2\/media\/8226"}],"wp:attachment":[{"href":"https:\/\/agenciainfra.com\/blog\/wp-json\/wp\/v2\/media?parent=33784"}],"wp:term":[{"taxonomy":"category","embeddable":true,"href":"https:\/\/agenciainfra.com\/blog\/wp-json\/wp\/v2\/categories?post=33784"},{"taxonomy":"post_tag","embeddable":true,"href":"https:\/\/agenciainfra.com\/blog\/wp-json\/wp\/v2\/tags?post=33784"}],"curies":[{"name":"wp","href":"https:\/\/api.w.org\/{rel}","templated":true}]}}