{"id":33845,"date":"2025-12-12T16:25:57","date_gmt":"2025-12-12T19:25:57","guid":{"rendered":"https:\/\/agenciainfra.com\/blog\/?p=33845"},"modified":"2025-12-15T20:31:31","modified_gmt":"2025-12-15T23:31:31","slug":"entidades-de-telecom-criticam-regra-para-postes-aprovada-pela-aneel","status":"publish","type":"post","link":"https:\/\/agenciainfra.com\/blog\/entidades-de-telecom-criticam-regra-para-postes-aprovada-pela-aneel\/","title":{"rendered":"Entidades de telecom criticam regra para postes aprovada pela ANEEL"},"content":{"rendered":"\n<p class=\"has-text-align-right\"><strong>da Ag\u00eancia iNFRA<\/strong><\/p>\n\n\n\n<p>Entidades representativas do setor de telecomunica\u00e7\u00f5es divulgaram nota conjunta nesta sexta-feira (12) manifestando preocupa\u00e7\u00e3o em rela\u00e7\u00e3o \u00e0 minuta de regulamento de compartilhamento de postes aprovada pela diretoria da ANEEL (Ag\u00eancia Nacional de Energia El\u00e9trica). As associa\u00e7\u00f5es afirmam que pontos cruciais para justi\u00e7a econ\u00f4mica e equil\u00edbrio entre os setores n\u00e3o foram considerados.<\/p>\n\n\n\n<p>A nota afirma que a metodologia de pre\u00e7os a ser adotada pelo compartilhamento dos postes \u201cdeve respeitar estritamente os custos incrementais, sem acr\u00e9scimos injustificados que prejudiquem a expans\u00e3o da conectividade\u201d. A cr\u00edtica \u00e9 quanto \u00e0 proposta de alocar na cobran\u00e7a \u00e0s prestadoras os custos de retirada de ativos n\u00e3o identificados, os chamados postes irregulares.<\/p>\n\n\n\n<p>Segundo as associa\u00e7\u00f5es, a medida \u201cn\u00e3o \u00e9 correta em rela\u00e7\u00e3o \u00e0s empresas que sempre cumpriram seus contratos\u201d, que assim seriam \u201cpunidas ao serem obrigadas a pagar pela desordem causada por terceiros ou pela fiscaliza\u00e7\u00e3o falha das pr\u00f3prias distribuidoras&#8221;.<\/p>\n\n\n\n<p>De acordo com a nota, o setor n\u00e3o descarta tomar medidas mais duras caso persistam na regula\u00e7\u00e3o \u201celementos que comprometam a seguran\u00e7a jur\u00eddica, o equil\u00edbrio regulat\u00f3rio e a sustentabilidade de investimentos no pa\u00eds\u201d. Para virar norma, a minuta da ANEEL ainda precisa ser aprovada n\u00f3s mesmos termos pela ANATEL (Ag\u00eancia Nacional de Telecomunica\u00e7\u00f5es).<\/p>\n\n\n\n<p>A nota \u00e9 assinada por Abramulti (Associa\u00e7\u00e3o Brasileira dos Operadores de Telecomunica\u00e7\u00f5es e Provedores de Internet), Abrint (Associa\u00e7\u00e3o Brasileira de Provedores de Internet e Telecomunica\u00e7\u00f5es), Apronet (Associa\u00e7\u00e3o Catarinense dos Provedores de Internet), Associa\u00e7\u00e3o NEO, Conexis Brasil Digital, InternetSul, Redetelesul (Associa\u00e7\u00e3o Nacional das Empresas de Provedores de Servi\u00e7os de Internet) e TelComp (Associa\u00e7\u00e3o Brasileira das Prestadoras de Servi\u00e7os de Telecomunica\u00e7\u00f5es Competitivas).<\/p>\n","protected":false},"excerpt":{"rendered":"<p>da Ag\u00eancia iNFRA Entidades representativas do setor de telecomunica\u00e7\u00f5es divulgaram nota conjunta nesta sexta-feira (12) manifestando preocupa\u00e7\u00e3o em rela\u00e7\u00e3o \u00e0 minuta de regulamento de compartilhamento de postes aprovada pela diretoria da ANEEL (Ag\u00eancia Nacional de Energia El\u00e9trica). As associa\u00e7\u00f5es afirmam que pontos cruciais para justi\u00e7a econ\u00f4mica e equil\u00edbrio entre os setores n\u00e3o foram considerados. A [&hellip;]<\/p>\n","protected":false},"author":1,"featured_media":17752,"comment_status":"closed","ping_status":"closed","sticky":false,"template":"","format":"standard","meta":{"_monsterinsights_skip_tracking":false,"_monsterinsights_sitenote_active":false,"_monsterinsights_sitenote_note":"","_monsterinsights_sitenote_category":0,"footnotes":""},"categories":[7250,10],"tags":[852,2234,53,10879,7960,10922,13419,2644],"class_list":["post-33845","post","type-post","status-publish","format-standard","has-post-thumbnail","hentry","category-destaque-lista","category-infraenergia","tag-agencia-nacional-de-energia-eletrica","tag-anatel","tag-aneel","tag-compartilhamento-de-postes","tag-conexis-brasil-digital","tag-postes","tag-postes-de-energia","tag-telecom"],"yoast_head":"<!-- This site is optimized with the Yoast SEO Premium plugin v25.4 (Yoast SEO v26.0) - https:\/\/yoast.com\/wordpress\/plugins\/seo\/ -->\n<title>Entidades de telecom criticam regra para postes aprovada pela ANEEL - Ag\u00eancia iNFRA<\/title>\n<meta name=\"robots\" content=\"index, follow, max-snippet:-1, max-image-preview:large, max-video-preview:-1\" \/>\n<link rel=\"canonical\" href=\"https:\/\/agenciainfra.com\/blog\/entidades-de-telecom-criticam-regra-para-postes-aprovada-pela-aneel\/\" \/>\n<meta property=\"og:locale\" content=\"pt_BR\" \/>\n<meta property=\"og:type\" content=\"article\" \/>\n<meta property=\"og:title\" content=\"Entidades de telecom criticam regra para postes aprovada pela ANEEL\" \/>\n<meta property=\"og:description\" content=\"da Ag\u00eancia iNFRA Entidades representativas do setor de telecomunica\u00e7\u00f5es divulgaram nota conjunta nesta sexta-feira (12) manifestando preocupa\u00e7\u00e3o em rela\u00e7\u00e3o \u00e0 minuta de regulamento de compartilhamento de postes aprovada pela diretoria da ANEEL (Ag\u00eancia Nacional de Energia El\u00e9trica). As associa\u00e7\u00f5es afirmam que pontos cruciais para justi\u00e7a econ\u00f4mica e equil\u00edbrio entre os setores n\u00e3o foram considerados. A [&hellip;]\" \/>\n<meta property=\"og:url\" content=\"https:\/\/agenciainfra.com\/blog\/entidades-de-telecom-criticam-regra-para-postes-aprovada-pela-aneel\/\" \/>\n<meta property=\"og:site_name\" content=\"Ag\u00eancia iNFRA\" \/>\n<meta property=\"article:publisher\" content=\"https:\/\/www.facebook.com\/ageninfra\" \/>\n<meta property=\"article:published_time\" content=\"2025-12-12T19:25:57+00:00\" \/>\n<meta property=\"article:modified_time\" content=\"2025-12-15T23:31:31+00:00\" \/>\n<meta property=\"og:image\" content=\"https:\/\/agenciainfra.com\/blog\/wp-content\/uploads\/2024\/07\/poste-foto-pxhere-e1749831112219.jpg\" \/>\n\t<meta property=\"og:image:width\" content=\"1202\" \/>\n\t<meta property=\"og:image:height\" content=\"755\" \/>\n\t<meta property=\"og:image:type\" content=\"image\/jpeg\" \/>\n<meta name=\"author\" content=\"Ag\u00eancia iNFRA\" \/>\n<meta name=\"twitter:card\" content=\"summary_large_image\" \/>\n<meta name=\"twitter:creator\" content=\"@agencia_infra\" \/>\n<meta name=\"twitter:site\" content=\"@agencia_infra\" \/>\n<meta name=\"twitter:label1\" content=\"Escrito por\" \/>\n\t<meta name=\"twitter:data1\" content=\"Ag\u00eancia iNFRA\" \/>\n\t<meta name=\"twitter:label2\" content=\"Est. tempo de leitura\" \/>\n\t<meta name=\"twitter:data2\" content=\"1 minuto\" \/>\n<script type=\"application\/ld+json\" class=\"yoast-schema-graph\">{\"@context\":\"https:\/\/schema.org\",\"@graph\":[{\"@type\":\"Article\",\"@id\":\"https:\/\/agenciainfra.com\/blog\/entidades-de-telecom-criticam-regra-para-postes-aprovada-pela-aneel\/#article\",\"isPartOf\":{\"@id\":\"https:\/\/agenciainfra.com\/blog\/entidades-de-telecom-criticam-regra-para-postes-aprovada-pela-aneel\/\"},\"author\":{\"name\":\"Ag\u00eancia iNFRA\",\"@id\":\"https:\/\/agenciainfra.com\/blog\/#\/schema\/person\/34af08dff6adea4cb22b06612ba7acfa\"},\"headline\":\"Entidades de telecom criticam regra para postes aprovada pela ANEEL\",\"datePublished\":\"2025-12-12T19:25:57+00:00\",\"dateModified\":\"2025-12-15T23:31:31+00:00\",\"mainEntityOfPage\":{\"@id\":\"https:\/\/agenciainfra.com\/blog\/entidades-de-telecom-criticam-regra-para-postes-aprovada-pela-aneel\/\"},\"wordCount\":306,\"publisher\":{\"@id\":\"https:\/\/agenciainfra.com\/blog\/#organization\"},\"image\":{\"@id\":\"https:\/\/agenciainfra.com\/blog\/entidades-de-telecom-criticam-regra-para-postes-aprovada-pela-aneel\/#primaryimage\"},\"thumbnailUrl\":\"https:\/\/agenciainfra.com\/blog\/wp-content\/uploads\/2024\/07\/poste-foto-pxhere-e1749831112219.jpg\",\"keywords\":[\"Ag\u00eancia Nacional de Energia El\u00e9trica\",\"Anatel\",\"ANEEL\",\"Compartilhamento de postes\",\"Conexis Brasil Digital\",\"Postes\",\"postes de energia\",\"telecom\"],\"articleSection\":[\"Destaque lista\",\"iNFRAEnergia\"],\"inLanguage\":\"pt-BR\",\"copyrightYear\":\"2025\",\"copyrightHolder\":{\"@id\":\"https:\/\/agenciainfra.com\/blog\/#organization\"}},{\"@type\":\"WebPage\",\"@id\":\"https:\/\/agenciainfra.com\/blog\/entidades-de-telecom-criticam-regra-para-postes-aprovada-pela-aneel\/\",\"url\":\"https:\/\/agenciainfra.com\/blog\/entidades-de-telecom-criticam-regra-para-postes-aprovada-pela-aneel\/\",\"name\":\"Entidades de telecom criticam regra para postes aprovada pela ANEEL - Ag\u00eancia iNFRA\",\"isPartOf\":{\"@id\":\"https:\/\/agenciainfra.com\/blog\/#website\"},\"primaryImageOfPage\":{\"@id\":\"https:\/\/agenciainfra.com\/blog\/entidades-de-telecom-criticam-regra-para-postes-aprovada-pela-aneel\/#primaryimage\"},\"image\":{\"@id\":\"https:\/\/agenciainfra.com\/blog\/entidades-de-telecom-criticam-regra-para-postes-aprovada-pela-aneel\/#primaryimage\"},\"thumbnailUrl\":\"https:\/\/agenciainfra.com\/blog\/wp-content\/uploads\/2024\/07\/poste-foto-pxhere-e1749831112219.jpg\",\"datePublished\":\"2025-12-12T19:25:57+00:00\",\"dateModified\":\"2025-12-15T23:31:31+00:00\",\"breadcrumb\":{\"@id\":\"https:\/\/agenciainfra.com\/blog\/entidades-de-telecom-criticam-regra-para-postes-aprovada-pela-aneel\/#breadcrumb\"},\"inLanguage\":\"pt-BR\",\"potentialAction\":[{\"@type\":\"ReadAction\",\"target\":[\"https:\/\/agenciainfra.com\/blog\/entidades-de-telecom-criticam-regra-para-postes-aprovada-pela-aneel\/\"]}]},{\"@type\":\"ImageObject\",\"inLanguage\":\"pt-BR\",\"@id\":\"https:\/\/agenciainfra.com\/blog\/entidades-de-telecom-criticam-regra-para-postes-aprovada-pela-aneel\/#primaryimage\",\"url\":\"https:\/\/agenciainfra.com\/blog\/wp-content\/uploads\/2024\/07\/poste-foto-pxhere-e1749831112219.jpg\",\"contentUrl\":\"https:\/\/agenciainfra.com\/blog\/wp-content\/uploads\/2024\/07\/poste-foto-pxhere-e1749831112219.jpg\",\"width\":1202,\"height\":755,\"caption\":\"Foto: Dom\u00ednio P\u00fablico\/PxHere\"},{\"@type\":\"BreadcrumbList\",\"@id\":\"https:\/\/agenciainfra.com\/blog\/entidades-de-telecom-criticam-regra-para-postes-aprovada-pela-aneel\/#breadcrumb\",\"itemListElement\":[{\"@type\":\"ListItem\",\"position\":1,\"name\":\"In\u00edcio\",\"item\":\"https:\/\/agenciainfra.com\/blog\/\"},{\"@type\":\"ListItem\",\"position\":2,\"name\":\"Entidades de telecom criticam regra para postes aprovada pela ANEEL\"}]},{\"@type\":\"WebSite\",\"@id\":\"https:\/\/agenciainfra.com\/blog\/#website\",\"url\":\"https:\/\/agenciainfra.com\/blog\/\",\"name\":\"Ag\u00eancia iNFRA\",\"description\":\"Multiplataforma de informa\u00e7\u00e3o jornal\u00edstica refer\u00eancia na \u00e1rea de infraestrutura no Brasil!\",\"publisher\":{\"@id\":\"https:\/\/agenciainfra.com\/blog\/#organization\"},\"potentialAction\":[{\"@type\":\"SearchAction\",\"target\":{\"@type\":\"EntryPoint\",\"urlTemplate\":\"https:\/\/agenciainfra.com\/blog\/?s={search_term_string}\"},\"query-input\":{\"@type\":\"PropertyValueSpecification\",\"valueRequired\":true,\"valueName\":\"search_term_string\"}}],\"inLanguage\":\"pt-BR\"},{\"@type\":\"Organization\",\"@id\":\"https:\/\/agenciainfra.com\/blog\/#organization\",\"name\":\"Ag\u00eancia iNFRA\",\"url\":\"https:\/\/agenciainfra.com\/blog\/\",\"logo\":{\"@type\":\"ImageObject\",\"inLanguage\":\"pt-BR\",\"@id\":\"https:\/\/agenciainfra.com\/blog\/#\/schema\/logo\/image\/\",\"url\":\"https:\/\/agenciainfra.com\/blog\/wp-content\/uploads\/2023\/09\/iNFRA_5-e1761735885940.png\",\"contentUrl\":\"https:\/\/agenciainfra.com\/blog\/wp-content\/uploads\/2023\/09\/iNFRA_5-e1761735885940.png\",\"width\":1672,\"height\":454,\"caption\":\"Ag\u00eancia iNFRA\"},\"image\":{\"@id\":\"https:\/\/agenciainfra.com\/blog\/#\/schema\/logo\/image\/\"},\"sameAs\":[\"https:\/\/www.facebook.com\/ageninfra\",\"https:\/\/x.com\/agencia_infra\",\"https:\/\/www.linkedin.com\/company\/ag\u00eanciainfra\/\",\"https:\/\/www.instagram.com\/agenciainfra\/\"]},{\"@type\":\"Person\",\"@id\":\"https:\/\/agenciainfra.com\/blog\/#\/schema\/person\/34af08dff6adea4cb22b06612ba7acfa\",\"name\":\"Ag\u00eancia iNFRA\",\"image\":{\"@type\":\"ImageObject\",\"inLanguage\":\"pt-BR\",\"@id\":\"https:\/\/agenciainfra.com\/blog\/#\/schema\/person\/image\/\",\"url\":\"https:\/\/secure.gravatar.com\/avatar\/d189e01678f06d8eb84d4e01f08eb848b3fffe3f8443818d3c356c66892f5be8?s=96&d=mm&r=g\",\"contentUrl\":\"https:\/\/secure.gravatar.com\/avatar\/d189e01678f06d8eb84d4e01f08eb848b3fffe3f8443818d3c356c66892f5be8?s=96&d=mm&r=g\",\"caption\":\"Ag\u00eancia iNFRA\"},\"url\":\"https:\/\/agenciainfra.com\/blog\/author\/admin\/\"}]}<\/script>\n<!-- \/ Yoast SEO Premium plugin. -->","yoast_head_json":{"title":"Entidades de telecom criticam regra para postes aprovada pela ANEEL - Ag\u00eancia iNFRA","robots":{"index":"index","follow":"follow","max-snippet":"max-snippet:-1","max-image-preview":"max-image-preview:large","max-video-preview":"max-video-preview:-1"},"canonical":"https:\/\/agenciainfra.com\/blog\/entidades-de-telecom-criticam-regra-para-postes-aprovada-pela-aneel\/","og_locale":"pt_BR","og_type":"article","og_title":"Entidades de telecom criticam regra para postes aprovada pela ANEEL","og_description":"da Ag\u00eancia iNFRA Entidades representativas do setor de telecomunica\u00e7\u00f5es divulgaram nota conjunta nesta sexta-feira (12) manifestando preocupa\u00e7\u00e3o em rela\u00e7\u00e3o \u00e0 minuta de regulamento de compartilhamento de postes aprovada pela diretoria da ANEEL (Ag\u00eancia Nacional de Energia El\u00e9trica). As associa\u00e7\u00f5es afirmam que pontos cruciais para justi\u00e7a econ\u00f4mica e equil\u00edbrio entre os setores n\u00e3o foram considerados. A [&hellip;]","og_url":"https:\/\/agenciainfra.com\/blog\/entidades-de-telecom-criticam-regra-para-postes-aprovada-pela-aneel\/","og_site_name":"Ag\u00eancia iNFRA","article_publisher":"https:\/\/www.facebook.com\/ageninfra","article_published_time":"2025-12-12T19:25:57+00:00","article_modified_time":"2025-12-15T23:31:31+00:00","og_image":[{"width":1202,"height":755,"url":"https:\/\/agenciainfra.com\/blog\/wp-content\/uploads\/2024\/07\/poste-foto-pxhere-e1749831112219.jpg","type":"image\/jpeg"}],"author":"Ag\u00eancia iNFRA","twitter_card":"summary_large_image","twitter_creator":"@agencia_infra","twitter_site":"@agencia_infra","twitter_misc":{"Escrito por":"Ag\u00eancia iNFRA","Est. tempo de leitura":"1 minuto"},"schema":{"@context":"https:\/\/schema.org","@graph":[{"@type":"Article","@id":"https:\/\/agenciainfra.com\/blog\/entidades-de-telecom-criticam-regra-para-postes-aprovada-pela-aneel\/#article","isPartOf":{"@id":"https:\/\/agenciainfra.com\/blog\/entidades-de-telecom-criticam-regra-para-postes-aprovada-pela-aneel\/"},"author":{"name":"Ag\u00eancia iNFRA","@id":"https:\/\/agenciainfra.com\/blog\/#\/schema\/person\/34af08dff6adea4cb22b06612ba7acfa"},"headline":"Entidades de telecom criticam regra para postes aprovada pela ANEEL","datePublished":"2025-12-12T19:25:57+00:00","dateModified":"2025-12-15T23:31:31+00:00","mainEntityOfPage":{"@id":"https:\/\/agenciainfra.com\/blog\/entidades-de-telecom-criticam-regra-para-postes-aprovada-pela-aneel\/"},"wordCount":306,"publisher":{"@id":"https:\/\/agenciainfra.com\/blog\/#organization"},"image":{"@id":"https:\/\/agenciainfra.com\/blog\/entidades-de-telecom-criticam-regra-para-postes-aprovada-pela-aneel\/#primaryimage"},"thumbnailUrl":"https:\/\/agenciainfra.com\/blog\/wp-content\/uploads\/2024\/07\/poste-foto-pxhere-e1749831112219.jpg","keywords":["Ag\u00eancia Nacional de Energia El\u00e9trica","Anatel","ANEEL","Compartilhamento de postes","Conexis Brasil Digital","Postes","postes de energia","telecom"],"articleSection":["Destaque lista","iNFRAEnergia"],"inLanguage":"pt-BR","copyrightYear":"2025","copyrightHolder":{"@id":"https:\/\/agenciainfra.com\/blog\/#organization"}},{"@type":"WebPage","@id":"https:\/\/agenciainfra.com\/blog\/entidades-de-telecom-criticam-regra-para-postes-aprovada-pela-aneel\/","url":"https:\/\/agenciainfra.com\/blog\/entidades-de-telecom-criticam-regra-para-postes-aprovada-pela-aneel\/","name":"Entidades de telecom criticam regra para postes aprovada pela ANEEL - Ag\u00eancia iNFRA","isPartOf":{"@id":"https:\/\/agenciainfra.com\/blog\/#website"},"primaryImageOfPage":{"@id":"https:\/\/agenciainfra.com\/blog\/entidades-de-telecom-criticam-regra-para-postes-aprovada-pela-aneel\/#primaryimage"},"image":{"@id":"https:\/\/agenciainfra.com\/blog\/entidades-de-telecom-criticam-regra-para-postes-aprovada-pela-aneel\/#primaryimage"},"thumbnailUrl":"https:\/\/agenciainfra.com\/blog\/wp-content\/uploads\/2024\/07\/poste-foto-pxhere-e1749831112219.jpg","datePublished":"2025-12-12T19:25:57+00:00","dateModified":"2025-12-15T23:31:31+00:00","breadcrumb":{"@id":"https:\/\/agenciainfra.com\/blog\/entidades-de-telecom-criticam-regra-para-postes-aprovada-pela-aneel\/#breadcrumb"},"inLanguage":"pt-BR","potentialAction":[{"@type":"ReadAction","target":["https:\/\/agenciainfra.com\/blog\/entidades-de-telecom-criticam-regra-para-postes-aprovada-pela-aneel\/"]}]},{"@type":"ImageObject","inLanguage":"pt-BR","@id":"https:\/\/agenciainfra.com\/blog\/entidades-de-telecom-criticam-regra-para-postes-aprovada-pela-aneel\/#primaryimage","url":"https:\/\/agenciainfra.com\/blog\/wp-content\/uploads\/2024\/07\/poste-foto-pxhere-e1749831112219.jpg","contentUrl":"https:\/\/agenciainfra.com\/blog\/wp-content\/uploads\/2024\/07\/poste-foto-pxhere-e1749831112219.jpg","width":1202,"height":755,"caption":"Foto: Dom\u00ednio P\u00fablico\/PxHere"},{"@type":"BreadcrumbList","@id":"https:\/\/agenciainfra.com\/blog\/entidades-de-telecom-criticam-regra-para-postes-aprovada-pela-aneel\/#breadcrumb","itemListElement":[{"@type":"ListItem","position":1,"name":"In\u00edcio","item":"https:\/\/agenciainfra.com\/blog\/"},{"@type":"ListItem","position":2,"name":"Entidades de telecom criticam regra para postes aprovada pela ANEEL"}]},{"@type":"WebSite","@id":"https:\/\/agenciainfra.com\/blog\/#website","url":"https:\/\/agenciainfra.com\/blog\/","name":"Ag\u00eancia iNFRA","description":"Multiplataforma de informa\u00e7\u00e3o jornal\u00edstica refer\u00eancia na \u00e1rea de infraestrutura no Brasil!","publisher":{"@id":"https:\/\/agenciainfra.com\/blog\/#organization"},"potentialAction":[{"@type":"SearchAction","target":{"@type":"EntryPoint","urlTemplate":"https:\/\/agenciainfra.com\/blog\/?s={search_term_string}"},"query-input":{"@type":"PropertyValueSpecification","valueRequired":true,"valueName":"search_term_string"}}],"inLanguage":"pt-BR"},{"@type":"Organization","@id":"https:\/\/agenciainfra.com\/blog\/#organization","name":"Ag\u00eancia iNFRA","url":"https:\/\/agenciainfra.com\/blog\/","logo":{"@type":"ImageObject","inLanguage":"pt-BR","@id":"https:\/\/agenciainfra.com\/blog\/#\/schema\/logo\/image\/","url":"https:\/\/agenciainfra.com\/blog\/wp-content\/uploads\/2023\/09\/iNFRA_5-e1761735885940.png","contentUrl":"https:\/\/agenciainfra.com\/blog\/wp-content\/uploads\/2023\/09\/iNFRA_5-e1761735885940.png","width":1672,"height":454,"caption":"Ag\u00eancia iNFRA"},"image":{"@id":"https:\/\/agenciainfra.com\/blog\/#\/schema\/logo\/image\/"},"sameAs":["https:\/\/www.facebook.com\/ageninfra","https:\/\/x.com\/agencia_infra","https:\/\/www.linkedin.com\/company\/ag\u00eanciainfra\/","https:\/\/www.instagram.com\/agenciainfra\/"]},{"@type":"Person","@id":"https:\/\/agenciainfra.com\/blog\/#\/schema\/person\/34af08dff6adea4cb22b06612ba7acfa","name":"Ag\u00eancia iNFRA","image":{"@type":"ImageObject","inLanguage":"pt-BR","@id":"https:\/\/agenciainfra.com\/blog\/#\/schema\/person\/image\/","url":"https:\/\/secure.gravatar.com\/avatar\/d189e01678f06d8eb84d4e01f08eb848b3fffe3f8443818d3c356c66892f5be8?s=96&d=mm&r=g","contentUrl":"https:\/\/secure.gravatar.com\/avatar\/d189e01678f06d8eb84d4e01f08eb848b3fffe3f8443818d3c356c66892f5be8?s=96&d=mm&r=g","caption":"Ag\u00eancia iNFRA"},"url":"https:\/\/agenciainfra.com\/blog\/author\/admin\/"}]}},"_links":{"self":[{"href":"https:\/\/agenciainfra.com\/blog\/wp-json\/wp\/v2\/posts\/33845","targetHints":{"allow":["GET"]}}],"collection":[{"href":"https:\/\/agenciainfra.com\/blog\/wp-json\/wp\/v2\/posts"}],"about":[{"href":"https:\/\/agenciainfra.com\/blog\/wp-json\/wp\/v2\/types\/post"}],"author":[{"embeddable":true,"href":"https:\/\/agenciainfra.com\/blog\/wp-json\/wp\/v2\/users\/1"}],"replies":[{"embeddable":true,"href":"https:\/\/agenciainfra.com\/blog\/wp-json\/wp\/v2\/comments?post=33845"}],"version-history":[{"count":1,"href":"https:\/\/agenciainfra.com\/blog\/wp-json\/wp\/v2\/posts\/33845\/revisions"}],"predecessor-version":[{"id":33847,"href":"https:\/\/agenciainfra.com\/blog\/wp-json\/wp\/v2\/posts\/33845\/revisions\/33847"}],"wp:featuredmedia":[{"embeddable":true,"href":"https:\/\/agenciainfra.com\/blog\/wp-json\/wp\/v2\/media\/17752"}],"wp:attachment":[{"href":"https:\/\/agenciainfra.com\/blog\/wp-json\/wp\/v2\/media?parent=33845"}],"wp:term":[{"taxonomy":"category","embeddable":true,"href":"https:\/\/agenciainfra.com\/blog\/wp-json\/wp\/v2\/categories?post=33845"},{"taxonomy":"post_tag","embeddable":true,"href":"https:\/\/agenciainfra.com\/blog\/wp-json\/wp\/v2\/tags?post=33845"}],"curies":[{"name":"wp","href":"https:\/\/api.w.org\/{rel}","templated":true}]}}