{"id":33850,"date":"2025-12-12T16:34:13","date_gmt":"2025-12-12T19:34:13","guid":{"rendered":"https:\/\/agenciainfra.com\/blog\/?p=33850"},"modified":"2025-12-15T21:06:15","modified_gmt":"2025-12-16T00:06:15","slug":"firjan-defende-gas-como-fonte-para-datacenters-no-redata","status":"publish","type":"post","link":"https:\/\/agenciainfra.com\/blog\/firjan-defende-gas-como-fonte-para-datacenters-no-redata\/","title":{"rendered":"Firjan defende g\u00e1s como fonte para datacenters no Redata"},"content":{"rendered":"\n<p class=\"has-text-align-right\"><strong>Gabriel Vasconcelos, da Ag\u00eancia iNFRA<\/strong><\/p>\n\n\n\n<p>A Firjan (Federa\u00e7\u00e3o das Ind\u00fastrias do Estado do Rio de Janeiro) emitiu nota em favor de emendas parlamentares que incluem o g\u00e1s natural como fonte firme para a gera\u00e7\u00e3o de energia el\u00e9trica a datacenters no Redata (Regime Especial de Tributa\u00e7\u00e3o para Servi\u00e7os de Datacenter), a MP 1.318\/2025.<\/p>\n\n\n\n<p>Esses dispositivos permitiriam o uso do g\u00e1s como forma de garantir a gera\u00e7\u00e3o de energia el\u00e9trica em per\u00edodos de n\u00e3o gera\u00e7\u00e3o de energias renov\u00e1veis, como nos per\u00edodos da noite em substitui\u00e7\u00e3o \u00e0 energia fotovoltaica.<\/p>\n\n\n\n<p>Segundo a federa\u00e7\u00e3o, o texto vai na dire\u00e7\u00e3o correta ao oferecer ambiente prop\u00edcio \u00e0 atra\u00e7\u00e3o de investimentos, mas n\u00e3o deveria limitar o fornecimento de energia para esses empreendimentos a fontes \u201climpas ou renov\u00e1veis\u201d. Para a Firjan, a transi\u00e7\u00e3o energ\u00e9tica \u00e9 uma \u201cjornada de evolu\u00e7\u00e3o no sentido de adicionar capacidade de gera\u00e7\u00e3o, ao mesmo tempo em que s\u00e3o trabalhadas frentes para aumento da efici\u00eancia e redu\u00e7\u00e3o de emiss\u00f5es\u201d.<\/p>\n\n\n\n<p>\u201cO acesso a fontes firmes de energia se torna imprescind\u00edvel para a opera\u00e7\u00e3o cont\u00ednua dos datacenters. Essa a\u00e7\u00e3o n\u00e3o pode depender apenas das renov\u00e1veis para sua gera\u00e7\u00e3o, dadas as intermit\u00eancias inerentes a cada uma destas fontes e o elevado custo de sistemas de armazenamento de energia para mitiga\u00e7\u00e3o deste efeito\u201d, escreve a entidade em nota. \u201cEssas infraestruturas digitais precisam de previsibilidade e estabilidade de energia para evitar falhas e perdas reais em seus componentes\u201d, continua.<\/p>\n\n\n\n<p>A Firjan destaca, ainda, que o g\u00e1s natural \u00e9 combust\u00edvel essencial para transi\u00e7\u00e3o energ\u00e9tica e pode ser associado a tecnologias de captura de carbono (CCS e CCUS) para um melhor resultado de redu\u00e7\u00e3o de emiss\u00f5es na compara\u00e7\u00e3o com outras fontes.<\/p>\n\n\n\n<p>\u201cO g\u00e1s natural atualmente \u00e9 considerado uma fonte de baixo carbono at\u00e9 mesmo pela Uni\u00e3o Europeia, que passou a defender o seu uso para a produ\u00e7\u00e3o de hidrog\u00eanio de baixo carbono \u2013 com impactos que podem ser ainda mais mitigados por tecnologias de CCS ou CCUS\u201d, completa a Firjan.<\/p>\n","protected":false},"excerpt":{"rendered":"<p>Gabriel Vasconcelos, da Ag\u00eancia iNFRA A Firjan (Federa\u00e7\u00e3o das Ind\u00fastrias do Estado do Rio de Janeiro) emitiu nota em favor de emendas parlamentares que incluem o g\u00e1s natural como fonte firme para a gera\u00e7\u00e3o de energia el\u00e9trica a datacenters no Redata (Regime Especial de Tributa\u00e7\u00e3o para Servi\u00e7os de Datacenter), a MP 1.318\/2025. Esses dispositivos permitiriam [&hellip;]<\/p>\n","protected":false},"author":1,"featured_media":3209,"comment_status":"closed","ping_status":"closed","sticky":false,"template":"","format":"standard","meta":{"_monsterinsights_skip_tracking":false,"_monsterinsights_sitenote_active":false,"_monsterinsights_sitenote_note":"","_monsterinsights_sitenote_category":0,"footnotes":""},"categories":[7250,13271],"tags":[15437,25,2614,13251,882,15443,15438,14879],"class_list":["post-33850","post","type-post","status-publish","format-standard","has-post-thumbnail","hentry","category-destaque-lista","category-oleo-gas","tag-datacenter","tag-energia","tag-firjan","tag-gabriel-vasconcelos","tag-gas-natural","tag-mp-1-318","tag-politica-nacional-de-datacenters","tag-redata"],"yoast_head":"<!-- This site is optimized with the Yoast SEO Premium plugin v25.4 (Yoast SEO v26.0) - https:\/\/yoast.com\/wordpress\/plugins\/seo\/ -->\n<title>Firjan defende g\u00e1s como fonte para datacenters no Redata - Ag\u00eancia iNFRA<\/title>\n<meta name=\"robots\" content=\"index, follow, max-snippet:-1, max-image-preview:large, max-video-preview:-1\" \/>\n<link rel=\"canonical\" href=\"https:\/\/agenciainfra.com\/blog\/firjan-defende-gas-como-fonte-para-datacenters-no-redata\/\" \/>\n<meta property=\"og:locale\" content=\"pt_BR\" \/>\n<meta property=\"og:type\" content=\"article\" \/>\n<meta property=\"og:title\" content=\"Firjan defende g\u00e1s como fonte para datacenters no Redata\" \/>\n<meta property=\"og:description\" content=\"Gabriel Vasconcelos, da Ag\u00eancia iNFRA A Firjan (Federa\u00e7\u00e3o das Ind\u00fastrias do Estado do Rio de Janeiro) emitiu nota em favor de emendas parlamentares que incluem o g\u00e1s natural como fonte firme para a gera\u00e7\u00e3o de energia el\u00e9trica a datacenters no Redata (Regime Especial de Tributa\u00e7\u00e3o para Servi\u00e7os de Datacenter), a MP 1.318\/2025. Esses dispositivos permitiriam [&hellip;]\" \/>\n<meta property=\"og:url\" content=\"https:\/\/agenciainfra.com\/blog\/firjan-defende-gas-como-fonte-para-datacenters-no-redata\/\" \/>\n<meta property=\"og:site_name\" content=\"Ag\u00eancia iNFRA\" \/>\n<meta property=\"article:publisher\" content=\"https:\/\/www.facebook.com\/ageninfra\" \/>\n<meta property=\"article:published_time\" content=\"2025-12-12T19:34:13+00:00\" \/>\n<meta property=\"article:modified_time\" content=\"2025-12-16T00:06:15+00:00\" \/>\n<meta property=\"og:image\" content=\"https:\/\/agenciainfra.com\/blog\/wp-content\/uploads\/2019\/05\/gasoduto-andre-valentim-petrobras.jpg\" \/>\n\t<meta property=\"og:image:width\" content=\"1620\" \/>\n\t<meta property=\"og:image:height\" content=\"1080\" \/>\n\t<meta property=\"og:image:type\" content=\"image\/jpeg\" \/>\n<meta name=\"author\" content=\"Ag\u00eancia iNFRA\" \/>\n<meta name=\"twitter:card\" content=\"summary_large_image\" \/>\n<meta name=\"twitter:creator\" content=\"@agencia_infra\" \/>\n<meta name=\"twitter:site\" content=\"@agencia_infra\" \/>\n<meta name=\"twitter:label1\" content=\"Escrito por\" \/>\n\t<meta name=\"twitter:data1\" content=\"Ag\u00eancia iNFRA\" \/>\n\t<meta name=\"twitter:label2\" content=\"Est. tempo de leitura\" \/>\n\t<meta name=\"twitter:data2\" content=\"2 minutos\" \/>\n<script type=\"application\/ld+json\" class=\"yoast-schema-graph\">{\"@context\":\"https:\/\/schema.org\",\"@graph\":[{\"@type\":\"Article\",\"@id\":\"https:\/\/agenciainfra.com\/blog\/firjan-defende-gas-como-fonte-para-datacenters-no-redata\/#article\",\"isPartOf\":{\"@id\":\"https:\/\/agenciainfra.com\/blog\/firjan-defende-gas-como-fonte-para-datacenters-no-redata\/\"},\"author\":{\"name\":\"Ag\u00eancia iNFRA\",\"@id\":\"https:\/\/agenciainfra.com\/blog\/#\/schema\/person\/34af08dff6adea4cb22b06612ba7acfa\"},\"headline\":\"Firjan defende g\u00e1s como fonte para datacenters no Redata\",\"datePublished\":\"2025-12-12T19:34:13+00:00\",\"dateModified\":\"2025-12-16T00:06:15+00:00\",\"mainEntityOfPage\":{\"@id\":\"https:\/\/agenciainfra.com\/blog\/firjan-defende-gas-como-fonte-para-datacenters-no-redata\/\"},\"wordCount\":371,\"publisher\":{\"@id\":\"https:\/\/agenciainfra.com\/blog\/#organization\"},\"image\":{\"@id\":\"https:\/\/agenciainfra.com\/blog\/firjan-defende-gas-como-fonte-para-datacenters-no-redata\/#primaryimage\"},\"thumbnailUrl\":\"https:\/\/agenciainfra.com\/blog\/wp-content\/uploads\/2019\/05\/gasoduto-andre-valentim-petrobras.jpg\",\"keywords\":[\"Datacenter\",\"energia\",\"Firjan\",\"Gabriel Vasconcelos\",\"g\u00e1s natural\",\"MP 1.318\",\"Pol\u00edtica Nacional de Datacenters\",\"Redata\"],\"articleSection\":[\"Destaque lista\",\"\u00d3leo &amp; G\u00e1s\"],\"inLanguage\":\"pt-BR\",\"copyrightYear\":\"2025\",\"copyrightHolder\":{\"@id\":\"https:\/\/agenciainfra.com\/blog\/#organization\"}},{\"@type\":\"WebPage\",\"@id\":\"https:\/\/agenciainfra.com\/blog\/firjan-defende-gas-como-fonte-para-datacenters-no-redata\/\",\"url\":\"https:\/\/agenciainfra.com\/blog\/firjan-defende-gas-como-fonte-para-datacenters-no-redata\/\",\"name\":\"Firjan defende g\u00e1s como fonte para datacenters no Redata - Ag\u00eancia iNFRA\",\"isPartOf\":{\"@id\":\"https:\/\/agenciainfra.com\/blog\/#website\"},\"primaryImageOfPage\":{\"@id\":\"https:\/\/agenciainfra.com\/blog\/firjan-defende-gas-como-fonte-para-datacenters-no-redata\/#primaryimage\"},\"image\":{\"@id\":\"https:\/\/agenciainfra.com\/blog\/firjan-defende-gas-como-fonte-para-datacenters-no-redata\/#primaryimage\"},\"thumbnailUrl\":\"https:\/\/agenciainfra.com\/blog\/wp-content\/uploads\/2019\/05\/gasoduto-andre-valentim-petrobras.jpg\",\"datePublished\":\"2025-12-12T19:34:13+00:00\",\"dateModified\":\"2025-12-16T00:06:15+00:00\",\"breadcrumb\":{\"@id\":\"https:\/\/agenciainfra.com\/blog\/firjan-defende-gas-como-fonte-para-datacenters-no-redata\/#breadcrumb\"},\"inLanguage\":\"pt-BR\",\"potentialAction\":[{\"@type\":\"ReadAction\",\"target\":[\"https:\/\/agenciainfra.com\/blog\/firjan-defende-gas-como-fonte-para-datacenters-no-redata\/\"]}]},{\"@type\":\"ImageObject\",\"inLanguage\":\"pt-BR\",\"@id\":\"https:\/\/agenciainfra.com\/blog\/firjan-defende-gas-como-fonte-para-datacenters-no-redata\/#primaryimage\",\"url\":\"https:\/\/agenciainfra.com\/blog\/wp-content\/uploads\/2019\/05\/gasoduto-andre-valentim-petrobras.jpg\",\"contentUrl\":\"https:\/\/agenciainfra.com\/blog\/wp-content\/uploads\/2019\/05\/gasoduto-andre-valentim-petrobras.jpg\",\"width\":1620,\"height\":1080,\"caption\":\"Foto: Andr\u00e9 Valentim\/Petrobras\"},{\"@type\":\"BreadcrumbList\",\"@id\":\"https:\/\/agenciainfra.com\/blog\/firjan-defende-gas-como-fonte-para-datacenters-no-redata\/#breadcrumb\",\"itemListElement\":[{\"@type\":\"ListItem\",\"position\":1,\"name\":\"In\u00edcio\",\"item\":\"https:\/\/agenciainfra.com\/blog\/\"},{\"@type\":\"ListItem\",\"position\":2,\"name\":\"Firjan defende g\u00e1s como fonte para datacenters no Redata\"}]},{\"@type\":\"WebSite\",\"@id\":\"https:\/\/agenciainfra.com\/blog\/#website\",\"url\":\"https:\/\/agenciainfra.com\/blog\/\",\"name\":\"Ag\u00eancia iNFRA\",\"description\":\"Multiplataforma de informa\u00e7\u00e3o jornal\u00edstica refer\u00eancia na \u00e1rea de infraestrutura no Brasil!\",\"publisher\":{\"@id\":\"https:\/\/agenciainfra.com\/blog\/#organization\"},\"potentialAction\":[{\"@type\":\"SearchAction\",\"target\":{\"@type\":\"EntryPoint\",\"urlTemplate\":\"https:\/\/agenciainfra.com\/blog\/?s={search_term_string}\"},\"query-input\":{\"@type\":\"PropertyValueSpecification\",\"valueRequired\":true,\"valueName\":\"search_term_string\"}}],\"inLanguage\":\"pt-BR\"},{\"@type\":\"Organization\",\"@id\":\"https:\/\/agenciainfra.com\/blog\/#organization\",\"name\":\"Ag\u00eancia iNFRA\",\"url\":\"https:\/\/agenciainfra.com\/blog\/\",\"logo\":{\"@type\":\"ImageObject\",\"inLanguage\":\"pt-BR\",\"@id\":\"https:\/\/agenciainfra.com\/blog\/#\/schema\/logo\/image\/\",\"url\":\"https:\/\/agenciainfra.com\/blog\/wp-content\/uploads\/2023\/09\/iNFRA_5-e1761735885940.png\",\"contentUrl\":\"https:\/\/agenciainfra.com\/blog\/wp-content\/uploads\/2023\/09\/iNFRA_5-e1761735885940.png\",\"width\":1672,\"height\":454,\"caption\":\"Ag\u00eancia iNFRA\"},\"image\":{\"@id\":\"https:\/\/agenciainfra.com\/blog\/#\/schema\/logo\/image\/\"},\"sameAs\":[\"https:\/\/www.facebook.com\/ageninfra\",\"https:\/\/x.com\/agencia_infra\",\"https:\/\/www.linkedin.com\/company\/ag\u00eanciainfra\/\",\"https:\/\/www.instagram.com\/agenciainfra\/\"]},{\"@type\":\"Person\",\"@id\":\"https:\/\/agenciainfra.com\/blog\/#\/schema\/person\/34af08dff6adea4cb22b06612ba7acfa\",\"name\":\"Ag\u00eancia iNFRA\",\"image\":{\"@type\":\"ImageObject\",\"inLanguage\":\"pt-BR\",\"@id\":\"https:\/\/agenciainfra.com\/blog\/#\/schema\/person\/image\/\",\"url\":\"https:\/\/secure.gravatar.com\/avatar\/d189e01678f06d8eb84d4e01f08eb848b3fffe3f8443818d3c356c66892f5be8?s=96&d=mm&r=g\",\"contentUrl\":\"https:\/\/secure.gravatar.com\/avatar\/d189e01678f06d8eb84d4e01f08eb848b3fffe3f8443818d3c356c66892f5be8?s=96&d=mm&r=g\",\"caption\":\"Ag\u00eancia iNFRA\"},\"url\":\"https:\/\/agenciainfra.com\/blog\/author\/admin\/\"}]}<\/script>\n<!-- \/ Yoast SEO Premium plugin. -->","yoast_head_json":{"title":"Firjan defende g\u00e1s como fonte para datacenters no Redata - Ag\u00eancia iNFRA","robots":{"index":"index","follow":"follow","max-snippet":"max-snippet:-1","max-image-preview":"max-image-preview:large","max-video-preview":"max-video-preview:-1"},"canonical":"https:\/\/agenciainfra.com\/blog\/firjan-defende-gas-como-fonte-para-datacenters-no-redata\/","og_locale":"pt_BR","og_type":"article","og_title":"Firjan defende g\u00e1s como fonte para datacenters no Redata","og_description":"Gabriel Vasconcelos, da Ag\u00eancia iNFRA A Firjan (Federa\u00e7\u00e3o das Ind\u00fastrias do Estado do Rio de Janeiro) emitiu nota em favor de emendas parlamentares que incluem o g\u00e1s natural como fonte firme para a gera\u00e7\u00e3o de energia el\u00e9trica a datacenters no Redata (Regime Especial de Tributa\u00e7\u00e3o para Servi\u00e7os de Datacenter), a MP 1.318\/2025. Esses dispositivos permitiriam [&hellip;]","og_url":"https:\/\/agenciainfra.com\/blog\/firjan-defende-gas-como-fonte-para-datacenters-no-redata\/","og_site_name":"Ag\u00eancia iNFRA","article_publisher":"https:\/\/www.facebook.com\/ageninfra","article_published_time":"2025-12-12T19:34:13+00:00","article_modified_time":"2025-12-16T00:06:15+00:00","og_image":[{"width":1620,"height":1080,"url":"https:\/\/agenciainfra.com\/blog\/wp-content\/uploads\/2019\/05\/gasoduto-andre-valentim-petrobras.jpg","type":"image\/jpeg"}],"author":"Ag\u00eancia iNFRA","twitter_card":"summary_large_image","twitter_creator":"@agencia_infra","twitter_site":"@agencia_infra","twitter_misc":{"Escrito por":"Ag\u00eancia iNFRA","Est. tempo de leitura":"2 minutos"},"schema":{"@context":"https:\/\/schema.org","@graph":[{"@type":"Article","@id":"https:\/\/agenciainfra.com\/blog\/firjan-defende-gas-como-fonte-para-datacenters-no-redata\/#article","isPartOf":{"@id":"https:\/\/agenciainfra.com\/blog\/firjan-defende-gas-como-fonte-para-datacenters-no-redata\/"},"author":{"name":"Ag\u00eancia iNFRA","@id":"https:\/\/agenciainfra.com\/blog\/#\/schema\/person\/34af08dff6adea4cb22b06612ba7acfa"},"headline":"Firjan defende g\u00e1s como fonte para datacenters no Redata","datePublished":"2025-12-12T19:34:13+00:00","dateModified":"2025-12-16T00:06:15+00:00","mainEntityOfPage":{"@id":"https:\/\/agenciainfra.com\/blog\/firjan-defende-gas-como-fonte-para-datacenters-no-redata\/"},"wordCount":371,"publisher":{"@id":"https:\/\/agenciainfra.com\/blog\/#organization"},"image":{"@id":"https:\/\/agenciainfra.com\/blog\/firjan-defende-gas-como-fonte-para-datacenters-no-redata\/#primaryimage"},"thumbnailUrl":"https:\/\/agenciainfra.com\/blog\/wp-content\/uploads\/2019\/05\/gasoduto-andre-valentim-petrobras.jpg","keywords":["Datacenter","energia","Firjan","Gabriel Vasconcelos","g\u00e1s natural","MP 1.318","Pol\u00edtica Nacional de Datacenters","Redata"],"articleSection":["Destaque lista","\u00d3leo &amp; G\u00e1s"],"inLanguage":"pt-BR","copyrightYear":"2025","copyrightHolder":{"@id":"https:\/\/agenciainfra.com\/blog\/#organization"}},{"@type":"WebPage","@id":"https:\/\/agenciainfra.com\/blog\/firjan-defende-gas-como-fonte-para-datacenters-no-redata\/","url":"https:\/\/agenciainfra.com\/blog\/firjan-defende-gas-como-fonte-para-datacenters-no-redata\/","name":"Firjan defende g\u00e1s como fonte para datacenters no Redata - Ag\u00eancia iNFRA","isPartOf":{"@id":"https:\/\/agenciainfra.com\/blog\/#website"},"primaryImageOfPage":{"@id":"https:\/\/agenciainfra.com\/blog\/firjan-defende-gas-como-fonte-para-datacenters-no-redata\/#primaryimage"},"image":{"@id":"https:\/\/agenciainfra.com\/blog\/firjan-defende-gas-como-fonte-para-datacenters-no-redata\/#primaryimage"},"thumbnailUrl":"https:\/\/agenciainfra.com\/blog\/wp-content\/uploads\/2019\/05\/gasoduto-andre-valentim-petrobras.jpg","datePublished":"2025-12-12T19:34:13+00:00","dateModified":"2025-12-16T00:06:15+00:00","breadcrumb":{"@id":"https:\/\/agenciainfra.com\/blog\/firjan-defende-gas-como-fonte-para-datacenters-no-redata\/#breadcrumb"},"inLanguage":"pt-BR","potentialAction":[{"@type":"ReadAction","target":["https:\/\/agenciainfra.com\/blog\/firjan-defende-gas-como-fonte-para-datacenters-no-redata\/"]}]},{"@type":"ImageObject","inLanguage":"pt-BR","@id":"https:\/\/agenciainfra.com\/blog\/firjan-defende-gas-como-fonte-para-datacenters-no-redata\/#primaryimage","url":"https:\/\/agenciainfra.com\/blog\/wp-content\/uploads\/2019\/05\/gasoduto-andre-valentim-petrobras.jpg","contentUrl":"https:\/\/agenciainfra.com\/blog\/wp-content\/uploads\/2019\/05\/gasoduto-andre-valentim-petrobras.jpg","width":1620,"height":1080,"caption":"Foto: Andr\u00e9 Valentim\/Petrobras"},{"@type":"BreadcrumbList","@id":"https:\/\/agenciainfra.com\/blog\/firjan-defende-gas-como-fonte-para-datacenters-no-redata\/#breadcrumb","itemListElement":[{"@type":"ListItem","position":1,"name":"In\u00edcio","item":"https:\/\/agenciainfra.com\/blog\/"},{"@type":"ListItem","position":2,"name":"Firjan defende g\u00e1s como fonte para datacenters no Redata"}]},{"@type":"WebSite","@id":"https:\/\/agenciainfra.com\/blog\/#website","url":"https:\/\/agenciainfra.com\/blog\/","name":"Ag\u00eancia iNFRA","description":"Multiplataforma de informa\u00e7\u00e3o jornal\u00edstica refer\u00eancia na \u00e1rea de infraestrutura no Brasil!","publisher":{"@id":"https:\/\/agenciainfra.com\/blog\/#organization"},"potentialAction":[{"@type":"SearchAction","target":{"@type":"EntryPoint","urlTemplate":"https:\/\/agenciainfra.com\/blog\/?s={search_term_string}"},"query-input":{"@type":"PropertyValueSpecification","valueRequired":true,"valueName":"search_term_string"}}],"inLanguage":"pt-BR"},{"@type":"Organization","@id":"https:\/\/agenciainfra.com\/blog\/#organization","name":"Ag\u00eancia iNFRA","url":"https:\/\/agenciainfra.com\/blog\/","logo":{"@type":"ImageObject","inLanguage":"pt-BR","@id":"https:\/\/agenciainfra.com\/blog\/#\/schema\/logo\/image\/","url":"https:\/\/agenciainfra.com\/blog\/wp-content\/uploads\/2023\/09\/iNFRA_5-e1761735885940.png","contentUrl":"https:\/\/agenciainfra.com\/blog\/wp-content\/uploads\/2023\/09\/iNFRA_5-e1761735885940.png","width":1672,"height":454,"caption":"Ag\u00eancia iNFRA"},"image":{"@id":"https:\/\/agenciainfra.com\/blog\/#\/schema\/logo\/image\/"},"sameAs":["https:\/\/www.facebook.com\/ageninfra","https:\/\/x.com\/agencia_infra","https:\/\/www.linkedin.com\/company\/ag\u00eanciainfra\/","https:\/\/www.instagram.com\/agenciainfra\/"]},{"@type":"Person","@id":"https:\/\/agenciainfra.com\/blog\/#\/schema\/person\/34af08dff6adea4cb22b06612ba7acfa","name":"Ag\u00eancia iNFRA","image":{"@type":"ImageObject","inLanguage":"pt-BR","@id":"https:\/\/agenciainfra.com\/blog\/#\/schema\/person\/image\/","url":"https:\/\/secure.gravatar.com\/avatar\/d189e01678f06d8eb84d4e01f08eb848b3fffe3f8443818d3c356c66892f5be8?s=96&d=mm&r=g","contentUrl":"https:\/\/secure.gravatar.com\/avatar\/d189e01678f06d8eb84d4e01f08eb848b3fffe3f8443818d3c356c66892f5be8?s=96&d=mm&r=g","caption":"Ag\u00eancia iNFRA"},"url":"https:\/\/agenciainfra.com\/blog\/author\/admin\/"}]}},"_links":{"self":[{"href":"https:\/\/agenciainfra.com\/blog\/wp-json\/wp\/v2\/posts\/33850","targetHints":{"allow":["GET"]}}],"collection":[{"href":"https:\/\/agenciainfra.com\/blog\/wp-json\/wp\/v2\/posts"}],"about":[{"href":"https:\/\/agenciainfra.com\/blog\/wp-json\/wp\/v2\/types\/post"}],"author":[{"embeddable":true,"href":"https:\/\/agenciainfra.com\/blog\/wp-json\/wp\/v2\/users\/1"}],"replies":[{"embeddable":true,"href":"https:\/\/agenciainfra.com\/blog\/wp-json\/wp\/v2\/comments?post=33850"}],"version-history":[{"count":1,"href":"https:\/\/agenciainfra.com\/blog\/wp-json\/wp\/v2\/posts\/33850\/revisions"}],"predecessor-version":[{"id":33851,"href":"https:\/\/agenciainfra.com\/blog\/wp-json\/wp\/v2\/posts\/33850\/revisions\/33851"}],"wp:featuredmedia":[{"embeddable":true,"href":"https:\/\/agenciainfra.com\/blog\/wp-json\/wp\/v2\/media\/3209"}],"wp:attachment":[{"href":"https:\/\/agenciainfra.com\/blog\/wp-json\/wp\/v2\/media?parent=33850"}],"wp:term":[{"taxonomy":"category","embeddable":true,"href":"https:\/\/agenciainfra.com\/blog\/wp-json\/wp\/v2\/categories?post=33850"},{"taxonomy":"post_tag","embeddable":true,"href":"https:\/\/agenciainfra.com\/blog\/wp-json\/wp\/v2\/tags?post=33850"}],"curies":[{"name":"wp","href":"https:\/\/api.w.org\/{rel}","templated":true}]}}