{"id":33866,"date":"2025-12-13T18:49:32","date_gmt":"2025-12-13T21:49:32","guid":{"rendered":"https:\/\/agenciainfra.com\/blog\/?p=33866"},"modified":"2025-12-15T09:11:18","modified_gmt":"2025-12-15T12:11:18","slug":"apos-terremoto-em-minas-anm-pede-melhor-orcamento-para-fiscalizacoes","status":"publish","type":"post","link":"https:\/\/agenciainfra.com\/blog\/apos-terremoto-em-minas-anm-pede-melhor-orcamento-para-fiscalizacoes\/","title":{"rendered":"Ap\u00f3s terremoto em Minas, ANM pede melhor or\u00e7amento para fiscaliza\u00e7\u00f5es"},"content":{"rendered":"\n<p class=\"has-text-align-right\"><strong>da Ag\u00eancia iNFRA<\/strong><\/p>\n\n\n\n<p>A ANM (Ag\u00eancia Nacional de Minera\u00e7\u00e3o) citou, neste s\u00e1bado (13), o &#8220;cen\u00e1rio or\u00e7ament\u00e1rio desafiador&#8221; que tem enfrentado, o que, segundo a reguladora, tem afetado sua capacidade de realizar fiscaliza\u00e7\u00f5es, especialmente em situa\u00e7\u00f5es de emerg\u00eancia.<\/p>\n\n\n\n<p>A declara\u00e7\u00e3o foi feita em <a href=\"https:\/\/www.gov.br\/anm\/pt-br\/assuntos\/noticias\/apos-terremoto-em-araxa-mg-anm-confirma-estabilidade-de-estruturas-de-mineracao-1\">nota<\/a> publicada ap\u00f3s registro de terremoto de magnitude 4,4 em Arax\u00e1, no interior de Minas Gerais, na noite de sexta-feira (12). A reguladora informou que n\u00e3o foram identificados sinais de risco iminente ou de danos estruturais nas opera\u00e7\u00f5es de minera\u00e7\u00e3o locais, de acordo com as informa\u00e7\u00f5es prestadas pelas empresas mineradoras que atuam na regi\u00e3o.<\/p>\n\n\n\n<p>Os dados enviados foram validados pelo Sistema de Gest\u00e3o de Barragens de Minera\u00e7\u00e3o, que n\u00e3o detectou altera\u00e7\u00f5es significativas nas estruturas monitoradas. A ag\u00eancia ressaltou, em nota, que &#8220;seria ideal verificar in loco as condi\u00e7\u00f5es relatadas&#8221;, mas que, neste momento, n\u00e3o h\u00e1 ind\u00edcios de problemas graves, disse.<\/p>\n","protected":false},"excerpt":{"rendered":"<p>da Ag\u00eancia iNFRA A ANM (Ag\u00eancia Nacional de Minera\u00e7\u00e3o) citou, neste s\u00e1bado (13), o &#8220;cen\u00e1rio or\u00e7ament\u00e1rio desafiador&#8221; que tem enfrentado, o que, segundo a reguladora, tem afetado sua capacidade de realizar fiscaliza\u00e7\u00f5es, especialmente em situa\u00e7\u00f5es de emerg\u00eancia. A declara\u00e7\u00e3o foi feita em nota publicada ap\u00f3s registro de terremoto de magnitude 4,4 em Arax\u00e1, no interior [&hellip;]<\/p>\n","protected":false},"author":1,"featured_media":22905,"comment_status":"closed","ping_status":"closed","sticky":false,"template":"","format":"standard","meta":{"_monsterinsights_skip_tracking":false,"_monsterinsights_sitenote_active":false,"_monsterinsights_sitenote_note":"","_monsterinsights_sitenote_category":0,"footnotes":""},"categories":[13576],"tags":[340,17518,4467,1985,839,17521,17520],"class_list":["post-33866","post","type-post","status-publish","format-standard","has-post-thumbnail","hentry","category-giro-infra","tag-anm","tag-araxa","tag-barragens","tag-minas-gerais","tag-mineracao","tag-terremoto-araxa","tag-terremoto-brasil"],"yoast_head":"<!-- This site is optimized with the Yoast SEO Premium plugin v25.4 (Yoast SEO v26.0) - https:\/\/yoast.com\/wordpress\/plugins\/seo\/ -->\n<title>Ap\u00f3s terremoto em Minas, ANM pede melhor or\u00e7amento para fiscaliza\u00e7\u00f5es - Ag\u00eancia iNFRA<\/title>\n<meta name=\"robots\" content=\"index, follow, max-snippet:-1, max-image-preview:large, max-video-preview:-1\" \/>\n<link rel=\"canonical\" href=\"https:\/\/agenciainfra.com\/blog\/apos-terremoto-em-minas-anm-pede-melhor-orcamento-para-fiscalizacoes\/\" \/>\n<meta property=\"og:locale\" content=\"pt_BR\" \/>\n<meta property=\"og:type\" content=\"article\" \/>\n<meta property=\"og:title\" content=\"Ap\u00f3s terremoto em Minas, ANM pede melhor or\u00e7amento para fiscaliza\u00e7\u00f5es\" \/>\n<meta property=\"og:description\" content=\"da Ag\u00eancia iNFRA A ANM (Ag\u00eancia Nacional de Minera\u00e7\u00e3o) citou, neste s\u00e1bado (13), o &#8220;cen\u00e1rio or\u00e7ament\u00e1rio desafiador&#8221; que tem enfrentado, o que, segundo a reguladora, tem afetado sua capacidade de realizar fiscaliza\u00e7\u00f5es, especialmente em situa\u00e7\u00f5es de emerg\u00eancia. A declara\u00e7\u00e3o foi feita em nota publicada ap\u00f3s registro de terremoto de magnitude 4,4 em Arax\u00e1, no interior [&hellip;]\" \/>\n<meta property=\"og:url\" content=\"https:\/\/agenciainfra.com\/blog\/apos-terremoto-em-minas-anm-pede-melhor-orcamento-para-fiscalizacoes\/\" \/>\n<meta property=\"og:site_name\" content=\"Ag\u00eancia iNFRA\" \/>\n<meta property=\"article:publisher\" content=\"https:\/\/www.facebook.com\/ageninfra\" \/>\n<meta property=\"article:published_time\" content=\"2025-12-13T21:49:32+00:00\" \/>\n<meta property=\"article:modified_time\" content=\"2025-12-15T12:11:18+00:00\" \/>\n<meta property=\"og:image\" content=\"https:\/\/agenciainfra.com\/blog\/wp-content\/uploads\/2025\/06\/fachada-anm-foto-divulgacao.png\" \/>\n\t<meta property=\"og:image:width\" content=\"1280\" \/>\n\t<meta property=\"og:image:height\" content=\"735\" \/>\n\t<meta property=\"og:image:type\" content=\"image\/png\" \/>\n<meta name=\"author\" content=\"Ag\u00eancia iNFRA\" \/>\n<meta name=\"twitter:card\" content=\"summary_large_image\" \/>\n<meta name=\"twitter:creator\" content=\"@agencia_infra\" \/>\n<meta name=\"twitter:site\" content=\"@agencia_infra\" \/>\n<meta name=\"twitter:label1\" content=\"Escrito por\" \/>\n\t<meta name=\"twitter:data1\" content=\"Ag\u00eancia iNFRA\" \/>\n\t<meta name=\"twitter:label2\" content=\"Est. tempo de leitura\" \/>\n\t<meta name=\"twitter:data2\" content=\"1 minuto\" \/>\n<script type=\"application\/ld+json\" class=\"yoast-schema-graph\">{\"@context\":\"https:\/\/schema.org\",\"@graph\":[{\"@type\":\"Article\",\"@id\":\"https:\/\/agenciainfra.com\/blog\/apos-terremoto-em-minas-anm-pede-melhor-orcamento-para-fiscalizacoes\/#article\",\"isPartOf\":{\"@id\":\"https:\/\/agenciainfra.com\/blog\/apos-terremoto-em-minas-anm-pede-melhor-orcamento-para-fiscalizacoes\/\"},\"author\":{\"name\":\"Ag\u00eancia iNFRA\",\"@id\":\"https:\/\/agenciainfra.com\/blog\/#\/schema\/person\/34af08dff6adea4cb22b06612ba7acfa\"},\"headline\":\"Ap\u00f3s terremoto em Minas, ANM pede melhor or\u00e7amento para fiscaliza\u00e7\u00f5es\",\"datePublished\":\"2025-12-13T21:49:32+00:00\",\"dateModified\":\"2025-12-15T12:11:18+00:00\",\"mainEntityOfPage\":{\"@id\":\"https:\/\/agenciainfra.com\/blog\/apos-terremoto-em-minas-anm-pede-melhor-orcamento-para-fiscalizacoes\/\"},\"wordCount\":177,\"publisher\":{\"@id\":\"https:\/\/agenciainfra.com\/blog\/#organization\"},\"image\":{\"@id\":\"https:\/\/agenciainfra.com\/blog\/apos-terremoto-em-minas-anm-pede-melhor-orcamento-para-fiscalizacoes\/#primaryimage\"},\"thumbnailUrl\":\"https:\/\/agenciainfra.com\/blog\/wp-content\/uploads\/2025\/06\/fachada-anm-foto-divulgacao.png\",\"keywords\":[\"ANM\",\"arax\u00e1\",\"barragens\",\"Minas Gerais\",\"minera\u00e7\u00e3o\",\"terremoto arax\u00e1\",\"terremoto brasil\"],\"articleSection\":[\"Giro iNFRA\"],\"inLanguage\":\"pt-BR\",\"copyrightYear\":\"2025\",\"copyrightHolder\":{\"@id\":\"https:\/\/agenciainfra.com\/blog\/#organization\"}},{\"@type\":\"WebPage\",\"@id\":\"https:\/\/agenciainfra.com\/blog\/apos-terremoto-em-minas-anm-pede-melhor-orcamento-para-fiscalizacoes\/\",\"url\":\"https:\/\/agenciainfra.com\/blog\/apos-terremoto-em-minas-anm-pede-melhor-orcamento-para-fiscalizacoes\/\",\"name\":\"Ap\u00f3s terremoto em Minas, ANM pede melhor or\u00e7amento para fiscaliza\u00e7\u00f5es - Ag\u00eancia iNFRA\",\"isPartOf\":{\"@id\":\"https:\/\/agenciainfra.com\/blog\/#website\"},\"primaryImageOfPage\":{\"@id\":\"https:\/\/agenciainfra.com\/blog\/apos-terremoto-em-minas-anm-pede-melhor-orcamento-para-fiscalizacoes\/#primaryimage\"},\"image\":{\"@id\":\"https:\/\/agenciainfra.com\/blog\/apos-terremoto-em-minas-anm-pede-melhor-orcamento-para-fiscalizacoes\/#primaryimage\"},\"thumbnailUrl\":\"https:\/\/agenciainfra.com\/blog\/wp-content\/uploads\/2025\/06\/fachada-anm-foto-divulgacao.png\",\"datePublished\":\"2025-12-13T21:49:32+00:00\",\"dateModified\":\"2025-12-15T12:11:18+00:00\",\"breadcrumb\":{\"@id\":\"https:\/\/agenciainfra.com\/blog\/apos-terremoto-em-minas-anm-pede-melhor-orcamento-para-fiscalizacoes\/#breadcrumb\"},\"inLanguage\":\"pt-BR\",\"potentialAction\":[{\"@type\":\"ReadAction\",\"target\":[\"https:\/\/agenciainfra.com\/blog\/apos-terremoto-em-minas-anm-pede-melhor-orcamento-para-fiscalizacoes\/\"]}]},{\"@type\":\"ImageObject\",\"inLanguage\":\"pt-BR\",\"@id\":\"https:\/\/agenciainfra.com\/blog\/apos-terremoto-em-minas-anm-pede-melhor-orcamento-para-fiscalizacoes\/#primaryimage\",\"url\":\"https:\/\/agenciainfra.com\/blog\/wp-content\/uploads\/2025\/06\/fachada-anm-foto-divulgacao.png\",\"contentUrl\":\"https:\/\/agenciainfra.com\/blog\/wp-content\/uploads\/2025\/06\/fachada-anm-foto-divulgacao.png\",\"width\":1280,\"height\":735,\"caption\":\"Foto: ANM\/Divulga\u00e7\u00e3o\"},{\"@type\":\"BreadcrumbList\",\"@id\":\"https:\/\/agenciainfra.com\/blog\/apos-terremoto-em-minas-anm-pede-melhor-orcamento-para-fiscalizacoes\/#breadcrumb\",\"itemListElement\":[{\"@type\":\"ListItem\",\"position\":1,\"name\":\"In\u00edcio\",\"item\":\"https:\/\/agenciainfra.com\/blog\/\"},{\"@type\":\"ListItem\",\"position\":2,\"name\":\"Ap\u00f3s terremoto em Minas, ANM pede melhor or\u00e7amento para fiscaliza\u00e7\u00f5es\"}]},{\"@type\":\"WebSite\",\"@id\":\"https:\/\/agenciainfra.com\/blog\/#website\",\"url\":\"https:\/\/agenciainfra.com\/blog\/\",\"name\":\"Ag\u00eancia iNFRA\",\"description\":\"Multiplataforma de informa\u00e7\u00e3o jornal\u00edstica refer\u00eancia na \u00e1rea de infraestrutura no Brasil!\",\"publisher\":{\"@id\":\"https:\/\/agenciainfra.com\/blog\/#organization\"},\"potentialAction\":[{\"@type\":\"SearchAction\",\"target\":{\"@type\":\"EntryPoint\",\"urlTemplate\":\"https:\/\/agenciainfra.com\/blog\/?s={search_term_string}\"},\"query-input\":{\"@type\":\"PropertyValueSpecification\",\"valueRequired\":true,\"valueName\":\"search_term_string\"}}],\"inLanguage\":\"pt-BR\"},{\"@type\":\"Organization\",\"@id\":\"https:\/\/agenciainfra.com\/blog\/#organization\",\"name\":\"Ag\u00eancia iNFRA\",\"url\":\"https:\/\/agenciainfra.com\/blog\/\",\"logo\":{\"@type\":\"ImageObject\",\"inLanguage\":\"pt-BR\",\"@id\":\"https:\/\/agenciainfra.com\/blog\/#\/schema\/logo\/image\/\",\"url\":\"https:\/\/agenciainfra.com\/blog\/wp-content\/uploads\/2023\/09\/iNFRA_5-e1761735885940.png\",\"contentUrl\":\"https:\/\/agenciainfra.com\/blog\/wp-content\/uploads\/2023\/09\/iNFRA_5-e1761735885940.png\",\"width\":1672,\"height\":454,\"caption\":\"Ag\u00eancia iNFRA\"},\"image\":{\"@id\":\"https:\/\/agenciainfra.com\/blog\/#\/schema\/logo\/image\/\"},\"sameAs\":[\"https:\/\/www.facebook.com\/ageninfra\",\"https:\/\/x.com\/agencia_infra\",\"https:\/\/www.linkedin.com\/company\/ag\u00eanciainfra\/\",\"https:\/\/www.instagram.com\/agenciainfra\/\"]},{\"@type\":\"Person\",\"@id\":\"https:\/\/agenciainfra.com\/blog\/#\/schema\/person\/34af08dff6adea4cb22b06612ba7acfa\",\"name\":\"Ag\u00eancia iNFRA\",\"image\":{\"@type\":\"ImageObject\",\"inLanguage\":\"pt-BR\",\"@id\":\"https:\/\/agenciainfra.com\/blog\/#\/schema\/person\/image\/\",\"url\":\"https:\/\/secure.gravatar.com\/avatar\/d189e01678f06d8eb84d4e01f08eb848b3fffe3f8443818d3c356c66892f5be8?s=96&d=mm&r=g\",\"contentUrl\":\"https:\/\/secure.gravatar.com\/avatar\/d189e01678f06d8eb84d4e01f08eb848b3fffe3f8443818d3c356c66892f5be8?s=96&d=mm&r=g\",\"caption\":\"Ag\u00eancia iNFRA\"},\"url\":\"https:\/\/agenciainfra.com\/blog\/author\/admin\/\"}]}<\/script>\n<!-- \/ Yoast SEO Premium plugin. -->","yoast_head_json":{"title":"Ap\u00f3s terremoto em Minas, ANM pede melhor or\u00e7amento para fiscaliza\u00e7\u00f5es - Ag\u00eancia iNFRA","robots":{"index":"index","follow":"follow","max-snippet":"max-snippet:-1","max-image-preview":"max-image-preview:large","max-video-preview":"max-video-preview:-1"},"canonical":"https:\/\/agenciainfra.com\/blog\/apos-terremoto-em-minas-anm-pede-melhor-orcamento-para-fiscalizacoes\/","og_locale":"pt_BR","og_type":"article","og_title":"Ap\u00f3s terremoto em Minas, ANM pede melhor or\u00e7amento para fiscaliza\u00e7\u00f5es","og_description":"da Ag\u00eancia iNFRA A ANM (Ag\u00eancia Nacional de Minera\u00e7\u00e3o) citou, neste s\u00e1bado (13), o &#8220;cen\u00e1rio or\u00e7ament\u00e1rio desafiador&#8221; que tem enfrentado, o que, segundo a reguladora, tem afetado sua capacidade de realizar fiscaliza\u00e7\u00f5es, especialmente em situa\u00e7\u00f5es de emerg\u00eancia. A declara\u00e7\u00e3o foi feita em nota publicada ap\u00f3s registro de terremoto de magnitude 4,4 em Arax\u00e1, no interior [&hellip;]","og_url":"https:\/\/agenciainfra.com\/blog\/apos-terremoto-em-minas-anm-pede-melhor-orcamento-para-fiscalizacoes\/","og_site_name":"Ag\u00eancia iNFRA","article_publisher":"https:\/\/www.facebook.com\/ageninfra","article_published_time":"2025-12-13T21:49:32+00:00","article_modified_time":"2025-12-15T12:11:18+00:00","og_image":[{"width":1280,"height":735,"url":"https:\/\/agenciainfra.com\/blog\/wp-content\/uploads\/2025\/06\/fachada-anm-foto-divulgacao.png","type":"image\/png"}],"author":"Ag\u00eancia iNFRA","twitter_card":"summary_large_image","twitter_creator":"@agencia_infra","twitter_site":"@agencia_infra","twitter_misc":{"Escrito por":"Ag\u00eancia iNFRA","Est. tempo de leitura":"1 minuto"},"schema":{"@context":"https:\/\/schema.org","@graph":[{"@type":"Article","@id":"https:\/\/agenciainfra.com\/blog\/apos-terremoto-em-minas-anm-pede-melhor-orcamento-para-fiscalizacoes\/#article","isPartOf":{"@id":"https:\/\/agenciainfra.com\/blog\/apos-terremoto-em-minas-anm-pede-melhor-orcamento-para-fiscalizacoes\/"},"author":{"name":"Ag\u00eancia iNFRA","@id":"https:\/\/agenciainfra.com\/blog\/#\/schema\/person\/34af08dff6adea4cb22b06612ba7acfa"},"headline":"Ap\u00f3s terremoto em Minas, ANM pede melhor or\u00e7amento para fiscaliza\u00e7\u00f5es","datePublished":"2025-12-13T21:49:32+00:00","dateModified":"2025-12-15T12:11:18+00:00","mainEntityOfPage":{"@id":"https:\/\/agenciainfra.com\/blog\/apos-terremoto-em-minas-anm-pede-melhor-orcamento-para-fiscalizacoes\/"},"wordCount":177,"publisher":{"@id":"https:\/\/agenciainfra.com\/blog\/#organization"},"image":{"@id":"https:\/\/agenciainfra.com\/blog\/apos-terremoto-em-minas-anm-pede-melhor-orcamento-para-fiscalizacoes\/#primaryimage"},"thumbnailUrl":"https:\/\/agenciainfra.com\/blog\/wp-content\/uploads\/2025\/06\/fachada-anm-foto-divulgacao.png","keywords":["ANM","arax\u00e1","barragens","Minas Gerais","minera\u00e7\u00e3o","terremoto arax\u00e1","terremoto brasil"],"articleSection":["Giro iNFRA"],"inLanguage":"pt-BR","copyrightYear":"2025","copyrightHolder":{"@id":"https:\/\/agenciainfra.com\/blog\/#organization"}},{"@type":"WebPage","@id":"https:\/\/agenciainfra.com\/blog\/apos-terremoto-em-minas-anm-pede-melhor-orcamento-para-fiscalizacoes\/","url":"https:\/\/agenciainfra.com\/blog\/apos-terremoto-em-minas-anm-pede-melhor-orcamento-para-fiscalizacoes\/","name":"Ap\u00f3s terremoto em Minas, ANM pede melhor or\u00e7amento para fiscaliza\u00e7\u00f5es - Ag\u00eancia iNFRA","isPartOf":{"@id":"https:\/\/agenciainfra.com\/blog\/#website"},"primaryImageOfPage":{"@id":"https:\/\/agenciainfra.com\/blog\/apos-terremoto-em-minas-anm-pede-melhor-orcamento-para-fiscalizacoes\/#primaryimage"},"image":{"@id":"https:\/\/agenciainfra.com\/blog\/apos-terremoto-em-minas-anm-pede-melhor-orcamento-para-fiscalizacoes\/#primaryimage"},"thumbnailUrl":"https:\/\/agenciainfra.com\/blog\/wp-content\/uploads\/2025\/06\/fachada-anm-foto-divulgacao.png","datePublished":"2025-12-13T21:49:32+00:00","dateModified":"2025-12-15T12:11:18+00:00","breadcrumb":{"@id":"https:\/\/agenciainfra.com\/blog\/apos-terremoto-em-minas-anm-pede-melhor-orcamento-para-fiscalizacoes\/#breadcrumb"},"inLanguage":"pt-BR","potentialAction":[{"@type":"ReadAction","target":["https:\/\/agenciainfra.com\/blog\/apos-terremoto-em-minas-anm-pede-melhor-orcamento-para-fiscalizacoes\/"]}]},{"@type":"ImageObject","inLanguage":"pt-BR","@id":"https:\/\/agenciainfra.com\/blog\/apos-terremoto-em-minas-anm-pede-melhor-orcamento-para-fiscalizacoes\/#primaryimage","url":"https:\/\/agenciainfra.com\/blog\/wp-content\/uploads\/2025\/06\/fachada-anm-foto-divulgacao.png","contentUrl":"https:\/\/agenciainfra.com\/blog\/wp-content\/uploads\/2025\/06\/fachada-anm-foto-divulgacao.png","width":1280,"height":735,"caption":"Foto: ANM\/Divulga\u00e7\u00e3o"},{"@type":"BreadcrumbList","@id":"https:\/\/agenciainfra.com\/blog\/apos-terremoto-em-minas-anm-pede-melhor-orcamento-para-fiscalizacoes\/#breadcrumb","itemListElement":[{"@type":"ListItem","position":1,"name":"In\u00edcio","item":"https:\/\/agenciainfra.com\/blog\/"},{"@type":"ListItem","position":2,"name":"Ap\u00f3s terremoto em Minas, ANM pede melhor or\u00e7amento para fiscaliza\u00e7\u00f5es"}]},{"@type":"WebSite","@id":"https:\/\/agenciainfra.com\/blog\/#website","url":"https:\/\/agenciainfra.com\/blog\/","name":"Ag\u00eancia iNFRA","description":"Multiplataforma de informa\u00e7\u00e3o jornal\u00edstica refer\u00eancia na \u00e1rea de infraestrutura no Brasil!","publisher":{"@id":"https:\/\/agenciainfra.com\/blog\/#organization"},"potentialAction":[{"@type":"SearchAction","target":{"@type":"EntryPoint","urlTemplate":"https:\/\/agenciainfra.com\/blog\/?s={search_term_string}"},"query-input":{"@type":"PropertyValueSpecification","valueRequired":true,"valueName":"search_term_string"}}],"inLanguage":"pt-BR"},{"@type":"Organization","@id":"https:\/\/agenciainfra.com\/blog\/#organization","name":"Ag\u00eancia iNFRA","url":"https:\/\/agenciainfra.com\/blog\/","logo":{"@type":"ImageObject","inLanguage":"pt-BR","@id":"https:\/\/agenciainfra.com\/blog\/#\/schema\/logo\/image\/","url":"https:\/\/agenciainfra.com\/blog\/wp-content\/uploads\/2023\/09\/iNFRA_5-e1761735885940.png","contentUrl":"https:\/\/agenciainfra.com\/blog\/wp-content\/uploads\/2023\/09\/iNFRA_5-e1761735885940.png","width":1672,"height":454,"caption":"Ag\u00eancia iNFRA"},"image":{"@id":"https:\/\/agenciainfra.com\/blog\/#\/schema\/logo\/image\/"},"sameAs":["https:\/\/www.facebook.com\/ageninfra","https:\/\/x.com\/agencia_infra","https:\/\/www.linkedin.com\/company\/ag\u00eanciainfra\/","https:\/\/www.instagram.com\/agenciainfra\/"]},{"@type":"Person","@id":"https:\/\/agenciainfra.com\/blog\/#\/schema\/person\/34af08dff6adea4cb22b06612ba7acfa","name":"Ag\u00eancia iNFRA","image":{"@type":"ImageObject","inLanguage":"pt-BR","@id":"https:\/\/agenciainfra.com\/blog\/#\/schema\/person\/image\/","url":"https:\/\/secure.gravatar.com\/avatar\/d189e01678f06d8eb84d4e01f08eb848b3fffe3f8443818d3c356c66892f5be8?s=96&d=mm&r=g","contentUrl":"https:\/\/secure.gravatar.com\/avatar\/d189e01678f06d8eb84d4e01f08eb848b3fffe3f8443818d3c356c66892f5be8?s=96&d=mm&r=g","caption":"Ag\u00eancia iNFRA"},"url":"https:\/\/agenciainfra.com\/blog\/author\/admin\/"}]}},"_links":{"self":[{"href":"https:\/\/agenciainfra.com\/blog\/wp-json\/wp\/v2\/posts\/33866","targetHints":{"allow":["GET"]}}],"collection":[{"href":"https:\/\/agenciainfra.com\/blog\/wp-json\/wp\/v2\/posts"}],"about":[{"href":"https:\/\/agenciainfra.com\/blog\/wp-json\/wp\/v2\/types\/post"}],"author":[{"embeddable":true,"href":"https:\/\/agenciainfra.com\/blog\/wp-json\/wp\/v2\/users\/1"}],"replies":[{"embeddable":true,"href":"https:\/\/agenciainfra.com\/blog\/wp-json\/wp\/v2\/comments?post=33866"}],"version-history":[{"count":1,"href":"https:\/\/agenciainfra.com\/blog\/wp-json\/wp\/v2\/posts\/33866\/revisions"}],"predecessor-version":[{"id":33869,"href":"https:\/\/agenciainfra.com\/blog\/wp-json\/wp\/v2\/posts\/33866\/revisions\/33869"}],"wp:featuredmedia":[{"embeddable":true,"href":"https:\/\/agenciainfra.com\/blog\/wp-json\/wp\/v2\/media\/22905"}],"wp:attachment":[{"href":"https:\/\/agenciainfra.com\/blog\/wp-json\/wp\/v2\/media?parent=33866"}],"wp:term":[{"taxonomy":"category","embeddable":true,"href":"https:\/\/agenciainfra.com\/blog\/wp-json\/wp\/v2\/categories?post=33866"},{"taxonomy":"post_tag","embeddable":true,"href":"https:\/\/agenciainfra.com\/blog\/wp-json\/wp\/v2\/tags?post=33866"}],"curies":[{"name":"wp","href":"https:\/\/api.w.org\/{rel}","templated":true}]}}