{"id":33940,"date":"2025-12-15T18:34:40","date_gmt":"2025-12-15T21:34:40","guid":{"rendered":"https:\/\/agenciainfra.com\/blog\/?p=33940"},"modified":"2025-12-16T17:02:53","modified_gmt":"2025-12-16T20:02:53","slug":"fup-1-dia-de-greve-dos-petroleiros-afeta-unidades-da-petrobras","status":"publish","type":"post","link":"https:\/\/agenciainfra.com\/blog\/fup-1-dia-de-greve-dos-petroleiros-afeta-unidades-da-petrobras\/","title":{"rendered":"FUP: 1\u00b0 dia de greve dos petroleiros afeta unidades da Petrobras"},"content":{"rendered":"\n<p class=\"has-text-align-right\"><strong>Gabriel Vasconcelos, da Ag\u00eancia iNFRA<\/strong><\/p>\n\n\n\n<p>A greve nacional dos petroleiros teve &#8220;forte ades\u00e3o&#8221; em todas as regi\u00f5es do pa\u00eds e paralisou unidades estrat\u00e9gicas do sistema Petrobras, segundo a FUP (Federa\u00e7\u00e3o \u00danica dos Petroleiros).<\/p>\n\n\n\n<p>O movimento iniciado \u00e0 meia-noite desta segunda-feira (15) impactou seis refinarias, unidades de g\u00e1s, plataformas, campos terrestres, terminais e subsidi\u00e1rias, com paralisa\u00e7\u00f5es totais ou cortes de rendi\u00e7\u00e3o de turno, quando a equipe que deveria entrar para dar continuidade \u00e0 opera\u00e7\u00e3o n\u00e3o se apresenta, em ades\u00e3o \u00e0 greve, informou a FUP em nota.<\/p>\n\n\n\n<p>Nesse primeiro dia de greve, diz a entidade, houve ades\u00e3o em refinarias nos estados de Minas Gerais (Regap), Rio de Janeiro (Reduc), S\u00e3o Paulo (Replan, Recap e Revap) e Paran\u00e1 (Repar), todas sem rendi\u00e7\u00e3o de turno. Tamb\u00e9m registraram paralisa\u00e7\u00e3o a UTGCAB, em Maca\u00e9, e a Esta\u00e7\u00e3o de Compress\u00e3o da TBG em Paul\u00ednia, que permanece totalmente parada.<\/p>\n\n\n\n<p>A greve alcan\u00e7ou ainda 14 plataformas da Bacia de Campos, com desembarques j\u00e1 registrados nas plataformas P-58, P-57, P-40 e P-56, al\u00e9m dos campos de produ\u00e7\u00e3o terrestre da Bahia, unidades da Transpetro, da TBG, da PBio e do Terminal Aquavi\u00e1rio de Coari (AM), com 100% de ades\u00e3o dos trabalhadores da opera\u00e7\u00e3o.<\/p>\n\n\n\n<p>A greve \u00e9 uma resposta \u00e0 proposta da Petrobras para o ACT (Acordo Coletivo de Trabalho), considerada insuficiente pela categoria diante de altos lucros e distribui\u00e7\u00e3o de dividendos pela estatal.<\/p>\n\n\n\n<p>\u201cA paralisa\u00e7\u00e3o segue por tempo indeterminado, at\u00e9 que a gest\u00e3o da Petrobras apresente uma proposta que contemple os eixos centrais da pauta dos trabalhadores: fim definitivo dos planos de equacionamento do d\u00e9ficit da Petros (fundo de pens\u00e3o), a reconquista de direitos hist\u00f3ricos retirados da categoria em governos anteriores e uma Petrobr\u00e1s comprometida com a soberania nacional e com seus trabalhadores\u201d, diz na nota o coordenador-geral da FUP, Deyvid Bacelar.<\/p>\n","protected":false},"excerpt":{"rendered":"<p>Gabriel Vasconcelos, da Ag\u00eancia iNFRA A greve nacional dos petroleiros teve &#8220;forte ades\u00e3o&#8221; em todas as regi\u00f5es do pa\u00eds e paralisou unidades estrat\u00e9gicas do sistema Petrobras, segundo a FUP (Federa\u00e7\u00e3o \u00danica dos Petroleiros). O movimento iniciado \u00e0 meia-noite desta segunda-feira (15) impactou seis refinarias, unidades de g\u00e1s, plataformas, campos terrestres, terminais e subsidi\u00e1rias, com paralisa\u00e7\u00f5es [&hellip;]<\/p>\n","protected":false},"author":1,"featured_media":4484,"comment_status":"closed","ping_status":"closed","sticky":false,"template":"","format":"standard","meta":{"_monsterinsights_skip_tracking":false,"_monsterinsights_sitenote_active":false,"_monsterinsights_sitenote_note":"","_monsterinsights_sitenote_category":0,"footnotes":""},"categories":[7250,13271],"tags":[13560,15352,13316,13315,13251,267,466,17539,143,17538,520,9701,9694,13541,7457,1240,87],"class_list":["post-33940","post","type-post","status-publish","format-standard","has-post-thumbnail","hentry","category-destaque-lista","category-oleo-gas","tag-bacia-de-campos","tag-deyvid-bacelar","tag-federacao-unica-dos-petroleiros","tag-fup","tag-gabriel-vasconcelos","tag-greve","tag-paralisacao","tag-pbio","tag-petrobras","tag-recap","tag-reduc","tag-regap","tag-repar","tag-replan","tag-revap","tag-tbg","tag-transpetro"],"yoast_head":"<!-- This site is optimized with the Yoast SEO Premium plugin v25.4 (Yoast SEO v26.0) - https:\/\/yoast.com\/wordpress\/plugins\/seo\/ -->\n<title>FUP: 1\u00b0 dia de greve dos petroleiros afeta unidades da Petrobras - Ag\u00eancia iNFRA<\/title>\n<meta name=\"robots\" content=\"index, follow, max-snippet:-1, max-image-preview:large, max-video-preview:-1\" \/>\n<link rel=\"canonical\" href=\"https:\/\/agenciainfra.com\/blog\/fup-1-dia-de-greve-dos-petroleiros-afeta-unidades-da-petrobras\/\" \/>\n<meta property=\"og:locale\" content=\"pt_BR\" \/>\n<meta property=\"og:type\" content=\"article\" \/>\n<meta property=\"og:title\" content=\"FUP: 1\u00b0 dia de greve dos petroleiros afeta unidades da Petrobras\" \/>\n<meta property=\"og:description\" content=\"Gabriel Vasconcelos, da Ag\u00eancia iNFRA A greve nacional dos petroleiros teve &#8220;forte ades\u00e3o&#8221; em todas as regi\u00f5es do pa\u00eds e paralisou unidades estrat\u00e9gicas do sistema Petrobras, segundo a FUP (Federa\u00e7\u00e3o \u00danica dos Petroleiros). O movimento iniciado \u00e0 meia-noite desta segunda-feira (15) impactou seis refinarias, unidades de g\u00e1s, plataformas, campos terrestres, terminais e subsidi\u00e1rias, com paralisa\u00e7\u00f5es [&hellip;]\" \/>\n<meta property=\"og:url\" content=\"https:\/\/agenciainfra.com\/blog\/fup-1-dia-de-greve-dos-petroleiros-afeta-unidades-da-petrobras\/\" \/>\n<meta property=\"og:site_name\" content=\"Ag\u00eancia iNFRA\" \/>\n<meta property=\"article:publisher\" content=\"https:\/\/www.facebook.com\/ageninfra\" \/>\n<meta property=\"article:published_time\" content=\"2025-12-15T21:34:40+00:00\" \/>\n<meta property=\"article:modified_time\" content=\"2025-12-16T20:02:53+00:00\" \/>\n<meta property=\"og:image\" content=\"https:\/\/agenciainfra.com\/blog\/wp-content\/uploads\/2020\/02\/petrobras-foto-tania-rego-agencia-brasil.jpg\" \/>\n\t<meta property=\"og:image:width\" content=\"1086\" \/>\n\t<meta property=\"og:image:height\" content=\"652\" \/>\n\t<meta property=\"og:image:type\" content=\"image\/jpeg\" \/>\n<meta name=\"author\" content=\"Ag\u00eancia iNFRA\" \/>\n<meta name=\"twitter:card\" content=\"summary_large_image\" \/>\n<meta name=\"twitter:creator\" content=\"@agencia_infra\" \/>\n<meta name=\"twitter:site\" content=\"@agencia_infra\" \/>\n<meta name=\"twitter:label1\" content=\"Escrito por\" \/>\n\t<meta name=\"twitter:data1\" content=\"Ag\u00eancia iNFRA\" \/>\n\t<meta name=\"twitter:label2\" content=\"Est. tempo de leitura\" \/>\n\t<meta name=\"twitter:data2\" content=\"2 minutos\" \/>\n<script type=\"application\/ld+json\" class=\"yoast-schema-graph\">{\"@context\":\"https:\/\/schema.org\",\"@graph\":[{\"@type\":\"Article\",\"@id\":\"https:\/\/agenciainfra.com\/blog\/fup-1-dia-de-greve-dos-petroleiros-afeta-unidades-da-petrobras\/#article\",\"isPartOf\":{\"@id\":\"https:\/\/agenciainfra.com\/blog\/fup-1-dia-de-greve-dos-petroleiros-afeta-unidades-da-petrobras\/\"},\"author\":{\"name\":\"Ag\u00eancia iNFRA\",\"@id\":\"https:\/\/agenciainfra.com\/blog\/#\/schema\/person\/34af08dff6adea4cb22b06612ba7acfa\"},\"headline\":\"FUP: 1\u00b0 dia de greve dos petroleiros afeta unidades da Petrobras\",\"datePublished\":\"2025-12-15T21:34:40+00:00\",\"dateModified\":\"2025-12-16T20:02:53+00:00\",\"mainEntityOfPage\":{\"@id\":\"https:\/\/agenciainfra.com\/blog\/fup-1-dia-de-greve-dos-petroleiros-afeta-unidades-da-petrobras\/\"},\"wordCount\":327,\"publisher\":{\"@id\":\"https:\/\/agenciainfra.com\/blog\/#organization\"},\"image\":{\"@id\":\"https:\/\/agenciainfra.com\/blog\/fup-1-dia-de-greve-dos-petroleiros-afeta-unidades-da-petrobras\/#primaryimage\"},\"thumbnailUrl\":\"https:\/\/agenciainfra.com\/blog\/wp-content\/uploads\/2020\/02\/petrobras-foto-tania-rego-agencia-brasil.jpg\",\"keywords\":[\"Bacia de Campos\",\"Deyvid Bacelar\",\"Federa\u00e7\u00e3o \u00danica dos Petroleiros\",\"FUP\",\"Gabriel Vasconcelos\",\"greve\",\"paralisa\u00e7\u00e3o\",\"PBio\",\"Petrobras\",\"Recap\",\"Reduc\",\"Regap\",\"Repar\",\"Replan\",\"Revap\",\"TBG\",\"TRANSPETRO\"],\"articleSection\":[\"Destaque lista\",\"\u00d3leo &amp; G\u00e1s\"],\"inLanguage\":\"pt-BR\",\"copyrightYear\":\"2025\",\"copyrightHolder\":{\"@id\":\"https:\/\/agenciainfra.com\/blog\/#organization\"}},{\"@type\":\"WebPage\",\"@id\":\"https:\/\/agenciainfra.com\/blog\/fup-1-dia-de-greve-dos-petroleiros-afeta-unidades-da-petrobras\/\",\"url\":\"https:\/\/agenciainfra.com\/blog\/fup-1-dia-de-greve-dos-petroleiros-afeta-unidades-da-petrobras\/\",\"name\":\"FUP: 1\u00b0 dia de greve dos petroleiros afeta unidades da Petrobras - Ag\u00eancia iNFRA\",\"isPartOf\":{\"@id\":\"https:\/\/agenciainfra.com\/blog\/#website\"},\"primaryImageOfPage\":{\"@id\":\"https:\/\/agenciainfra.com\/blog\/fup-1-dia-de-greve-dos-petroleiros-afeta-unidades-da-petrobras\/#primaryimage\"},\"image\":{\"@id\":\"https:\/\/agenciainfra.com\/blog\/fup-1-dia-de-greve-dos-petroleiros-afeta-unidades-da-petrobras\/#primaryimage\"},\"thumbnailUrl\":\"https:\/\/agenciainfra.com\/blog\/wp-content\/uploads\/2020\/02\/petrobras-foto-tania-rego-agencia-brasil.jpg\",\"datePublished\":\"2025-12-15T21:34:40+00:00\",\"dateModified\":\"2025-12-16T20:02:53+00:00\",\"breadcrumb\":{\"@id\":\"https:\/\/agenciainfra.com\/blog\/fup-1-dia-de-greve-dos-petroleiros-afeta-unidades-da-petrobras\/#breadcrumb\"},\"inLanguage\":\"pt-BR\",\"potentialAction\":[{\"@type\":\"ReadAction\",\"target\":[\"https:\/\/agenciainfra.com\/blog\/fup-1-dia-de-greve-dos-petroleiros-afeta-unidades-da-petrobras\/\"]}]},{\"@type\":\"ImageObject\",\"inLanguage\":\"pt-BR\",\"@id\":\"https:\/\/agenciainfra.com\/blog\/fup-1-dia-de-greve-dos-petroleiros-afeta-unidades-da-petrobras\/#primaryimage\",\"url\":\"https:\/\/agenciainfra.com\/blog\/wp-content\/uploads\/2020\/02\/petrobras-foto-tania-rego-agencia-brasil.jpg\",\"contentUrl\":\"https:\/\/agenciainfra.com\/blog\/wp-content\/uploads\/2020\/02\/petrobras-foto-tania-rego-agencia-brasil.jpg\",\"width\":1086,\"height\":652,\"caption\":\"Foto: T\u00e2nia Rego\/Ag\u00eancia Brasil\"},{\"@type\":\"BreadcrumbList\",\"@id\":\"https:\/\/agenciainfra.com\/blog\/fup-1-dia-de-greve-dos-petroleiros-afeta-unidades-da-petrobras\/#breadcrumb\",\"itemListElement\":[{\"@type\":\"ListItem\",\"position\":1,\"name\":\"In\u00edcio\",\"item\":\"https:\/\/agenciainfra.com\/blog\/\"},{\"@type\":\"ListItem\",\"position\":2,\"name\":\"FUP: 1\u00b0 dia de greve dos petroleiros afeta unidades da Petrobras\"}]},{\"@type\":\"WebSite\",\"@id\":\"https:\/\/agenciainfra.com\/blog\/#website\",\"url\":\"https:\/\/agenciainfra.com\/blog\/\",\"name\":\"Ag\u00eancia iNFRA\",\"description\":\"Multiplataforma de informa\u00e7\u00e3o jornal\u00edstica refer\u00eancia na \u00e1rea de infraestrutura no Brasil!\",\"publisher\":{\"@id\":\"https:\/\/agenciainfra.com\/blog\/#organization\"},\"potentialAction\":[{\"@type\":\"SearchAction\",\"target\":{\"@type\":\"EntryPoint\",\"urlTemplate\":\"https:\/\/agenciainfra.com\/blog\/?s={search_term_string}\"},\"query-input\":{\"@type\":\"PropertyValueSpecification\",\"valueRequired\":true,\"valueName\":\"search_term_string\"}}],\"inLanguage\":\"pt-BR\"},{\"@type\":\"Organization\",\"@id\":\"https:\/\/agenciainfra.com\/blog\/#organization\",\"name\":\"Ag\u00eancia iNFRA\",\"url\":\"https:\/\/agenciainfra.com\/blog\/\",\"logo\":{\"@type\":\"ImageObject\",\"inLanguage\":\"pt-BR\",\"@id\":\"https:\/\/agenciainfra.com\/blog\/#\/schema\/logo\/image\/\",\"url\":\"https:\/\/agenciainfra.com\/blog\/wp-content\/uploads\/2023\/09\/iNFRA_5-e1761735885940.png\",\"contentUrl\":\"https:\/\/agenciainfra.com\/blog\/wp-content\/uploads\/2023\/09\/iNFRA_5-e1761735885940.png\",\"width\":1672,\"height\":454,\"caption\":\"Ag\u00eancia iNFRA\"},\"image\":{\"@id\":\"https:\/\/agenciainfra.com\/blog\/#\/schema\/logo\/image\/\"},\"sameAs\":[\"https:\/\/www.facebook.com\/ageninfra\",\"https:\/\/x.com\/agencia_infra\",\"https:\/\/www.linkedin.com\/company\/ag\u00eanciainfra\/\",\"https:\/\/www.instagram.com\/agenciainfra\/\"]},{\"@type\":\"Person\",\"@id\":\"https:\/\/agenciainfra.com\/blog\/#\/schema\/person\/34af08dff6adea4cb22b06612ba7acfa\",\"name\":\"Ag\u00eancia iNFRA\",\"image\":{\"@type\":\"ImageObject\",\"inLanguage\":\"pt-BR\",\"@id\":\"https:\/\/agenciainfra.com\/blog\/#\/schema\/person\/image\/\",\"url\":\"https:\/\/secure.gravatar.com\/avatar\/d189e01678f06d8eb84d4e01f08eb848b3fffe3f8443818d3c356c66892f5be8?s=96&d=mm&r=g\",\"contentUrl\":\"https:\/\/secure.gravatar.com\/avatar\/d189e01678f06d8eb84d4e01f08eb848b3fffe3f8443818d3c356c66892f5be8?s=96&d=mm&r=g\",\"caption\":\"Ag\u00eancia iNFRA\"},\"url\":\"https:\/\/agenciainfra.com\/blog\/author\/admin\/\"}]}<\/script>\n<!-- \/ Yoast SEO Premium plugin. -->","yoast_head_json":{"title":"FUP: 1\u00b0 dia de greve dos petroleiros afeta unidades da Petrobras - Ag\u00eancia iNFRA","robots":{"index":"index","follow":"follow","max-snippet":"max-snippet:-1","max-image-preview":"max-image-preview:large","max-video-preview":"max-video-preview:-1"},"canonical":"https:\/\/agenciainfra.com\/blog\/fup-1-dia-de-greve-dos-petroleiros-afeta-unidades-da-petrobras\/","og_locale":"pt_BR","og_type":"article","og_title":"FUP: 1\u00b0 dia de greve dos petroleiros afeta unidades da Petrobras","og_description":"Gabriel Vasconcelos, da Ag\u00eancia iNFRA A greve nacional dos petroleiros teve &#8220;forte ades\u00e3o&#8221; em todas as regi\u00f5es do pa\u00eds e paralisou unidades estrat\u00e9gicas do sistema Petrobras, segundo a FUP (Federa\u00e7\u00e3o \u00danica dos Petroleiros). O movimento iniciado \u00e0 meia-noite desta segunda-feira (15) impactou seis refinarias, unidades de g\u00e1s, plataformas, campos terrestres, terminais e subsidi\u00e1rias, com paralisa\u00e7\u00f5es [&hellip;]","og_url":"https:\/\/agenciainfra.com\/blog\/fup-1-dia-de-greve-dos-petroleiros-afeta-unidades-da-petrobras\/","og_site_name":"Ag\u00eancia iNFRA","article_publisher":"https:\/\/www.facebook.com\/ageninfra","article_published_time":"2025-12-15T21:34:40+00:00","article_modified_time":"2025-12-16T20:02:53+00:00","og_image":[{"width":1086,"height":652,"url":"https:\/\/agenciainfra.com\/blog\/wp-content\/uploads\/2020\/02\/petrobras-foto-tania-rego-agencia-brasil.jpg","type":"image\/jpeg"}],"author":"Ag\u00eancia iNFRA","twitter_card":"summary_large_image","twitter_creator":"@agencia_infra","twitter_site":"@agencia_infra","twitter_misc":{"Escrito por":"Ag\u00eancia iNFRA","Est. tempo de leitura":"2 minutos"},"schema":{"@context":"https:\/\/schema.org","@graph":[{"@type":"Article","@id":"https:\/\/agenciainfra.com\/blog\/fup-1-dia-de-greve-dos-petroleiros-afeta-unidades-da-petrobras\/#article","isPartOf":{"@id":"https:\/\/agenciainfra.com\/blog\/fup-1-dia-de-greve-dos-petroleiros-afeta-unidades-da-petrobras\/"},"author":{"name":"Ag\u00eancia iNFRA","@id":"https:\/\/agenciainfra.com\/blog\/#\/schema\/person\/34af08dff6adea4cb22b06612ba7acfa"},"headline":"FUP: 1\u00b0 dia de greve dos petroleiros afeta unidades da Petrobras","datePublished":"2025-12-15T21:34:40+00:00","dateModified":"2025-12-16T20:02:53+00:00","mainEntityOfPage":{"@id":"https:\/\/agenciainfra.com\/blog\/fup-1-dia-de-greve-dos-petroleiros-afeta-unidades-da-petrobras\/"},"wordCount":327,"publisher":{"@id":"https:\/\/agenciainfra.com\/blog\/#organization"},"image":{"@id":"https:\/\/agenciainfra.com\/blog\/fup-1-dia-de-greve-dos-petroleiros-afeta-unidades-da-petrobras\/#primaryimage"},"thumbnailUrl":"https:\/\/agenciainfra.com\/blog\/wp-content\/uploads\/2020\/02\/petrobras-foto-tania-rego-agencia-brasil.jpg","keywords":["Bacia de Campos","Deyvid Bacelar","Federa\u00e7\u00e3o \u00danica dos Petroleiros","FUP","Gabriel Vasconcelos","greve","paralisa\u00e7\u00e3o","PBio","Petrobras","Recap","Reduc","Regap","Repar","Replan","Revap","TBG","TRANSPETRO"],"articleSection":["Destaque lista","\u00d3leo &amp; G\u00e1s"],"inLanguage":"pt-BR","copyrightYear":"2025","copyrightHolder":{"@id":"https:\/\/agenciainfra.com\/blog\/#organization"}},{"@type":"WebPage","@id":"https:\/\/agenciainfra.com\/blog\/fup-1-dia-de-greve-dos-petroleiros-afeta-unidades-da-petrobras\/","url":"https:\/\/agenciainfra.com\/blog\/fup-1-dia-de-greve-dos-petroleiros-afeta-unidades-da-petrobras\/","name":"FUP: 1\u00b0 dia de greve dos petroleiros afeta unidades da Petrobras - Ag\u00eancia iNFRA","isPartOf":{"@id":"https:\/\/agenciainfra.com\/blog\/#website"},"primaryImageOfPage":{"@id":"https:\/\/agenciainfra.com\/blog\/fup-1-dia-de-greve-dos-petroleiros-afeta-unidades-da-petrobras\/#primaryimage"},"image":{"@id":"https:\/\/agenciainfra.com\/blog\/fup-1-dia-de-greve-dos-petroleiros-afeta-unidades-da-petrobras\/#primaryimage"},"thumbnailUrl":"https:\/\/agenciainfra.com\/blog\/wp-content\/uploads\/2020\/02\/petrobras-foto-tania-rego-agencia-brasil.jpg","datePublished":"2025-12-15T21:34:40+00:00","dateModified":"2025-12-16T20:02:53+00:00","breadcrumb":{"@id":"https:\/\/agenciainfra.com\/blog\/fup-1-dia-de-greve-dos-petroleiros-afeta-unidades-da-petrobras\/#breadcrumb"},"inLanguage":"pt-BR","potentialAction":[{"@type":"ReadAction","target":["https:\/\/agenciainfra.com\/blog\/fup-1-dia-de-greve-dos-petroleiros-afeta-unidades-da-petrobras\/"]}]},{"@type":"ImageObject","inLanguage":"pt-BR","@id":"https:\/\/agenciainfra.com\/blog\/fup-1-dia-de-greve-dos-petroleiros-afeta-unidades-da-petrobras\/#primaryimage","url":"https:\/\/agenciainfra.com\/blog\/wp-content\/uploads\/2020\/02\/petrobras-foto-tania-rego-agencia-brasil.jpg","contentUrl":"https:\/\/agenciainfra.com\/blog\/wp-content\/uploads\/2020\/02\/petrobras-foto-tania-rego-agencia-brasil.jpg","width":1086,"height":652,"caption":"Foto: T\u00e2nia Rego\/Ag\u00eancia Brasil"},{"@type":"BreadcrumbList","@id":"https:\/\/agenciainfra.com\/blog\/fup-1-dia-de-greve-dos-petroleiros-afeta-unidades-da-petrobras\/#breadcrumb","itemListElement":[{"@type":"ListItem","position":1,"name":"In\u00edcio","item":"https:\/\/agenciainfra.com\/blog\/"},{"@type":"ListItem","position":2,"name":"FUP: 1\u00b0 dia de greve dos petroleiros afeta unidades da Petrobras"}]},{"@type":"WebSite","@id":"https:\/\/agenciainfra.com\/blog\/#website","url":"https:\/\/agenciainfra.com\/blog\/","name":"Ag\u00eancia iNFRA","description":"Multiplataforma de informa\u00e7\u00e3o jornal\u00edstica refer\u00eancia na \u00e1rea de infraestrutura no Brasil!","publisher":{"@id":"https:\/\/agenciainfra.com\/blog\/#organization"},"potentialAction":[{"@type":"SearchAction","target":{"@type":"EntryPoint","urlTemplate":"https:\/\/agenciainfra.com\/blog\/?s={search_term_string}"},"query-input":{"@type":"PropertyValueSpecification","valueRequired":true,"valueName":"search_term_string"}}],"inLanguage":"pt-BR"},{"@type":"Organization","@id":"https:\/\/agenciainfra.com\/blog\/#organization","name":"Ag\u00eancia iNFRA","url":"https:\/\/agenciainfra.com\/blog\/","logo":{"@type":"ImageObject","inLanguage":"pt-BR","@id":"https:\/\/agenciainfra.com\/blog\/#\/schema\/logo\/image\/","url":"https:\/\/agenciainfra.com\/blog\/wp-content\/uploads\/2023\/09\/iNFRA_5-e1761735885940.png","contentUrl":"https:\/\/agenciainfra.com\/blog\/wp-content\/uploads\/2023\/09\/iNFRA_5-e1761735885940.png","width":1672,"height":454,"caption":"Ag\u00eancia iNFRA"},"image":{"@id":"https:\/\/agenciainfra.com\/blog\/#\/schema\/logo\/image\/"},"sameAs":["https:\/\/www.facebook.com\/ageninfra","https:\/\/x.com\/agencia_infra","https:\/\/www.linkedin.com\/company\/ag\u00eanciainfra\/","https:\/\/www.instagram.com\/agenciainfra\/"]},{"@type":"Person","@id":"https:\/\/agenciainfra.com\/blog\/#\/schema\/person\/34af08dff6adea4cb22b06612ba7acfa","name":"Ag\u00eancia iNFRA","image":{"@type":"ImageObject","inLanguage":"pt-BR","@id":"https:\/\/agenciainfra.com\/blog\/#\/schema\/person\/image\/","url":"https:\/\/secure.gravatar.com\/avatar\/d189e01678f06d8eb84d4e01f08eb848b3fffe3f8443818d3c356c66892f5be8?s=96&d=mm&r=g","contentUrl":"https:\/\/secure.gravatar.com\/avatar\/d189e01678f06d8eb84d4e01f08eb848b3fffe3f8443818d3c356c66892f5be8?s=96&d=mm&r=g","caption":"Ag\u00eancia iNFRA"},"url":"https:\/\/agenciainfra.com\/blog\/author\/admin\/"}]}},"_links":{"self":[{"href":"https:\/\/agenciainfra.com\/blog\/wp-json\/wp\/v2\/posts\/33940","targetHints":{"allow":["GET"]}}],"collection":[{"href":"https:\/\/agenciainfra.com\/blog\/wp-json\/wp\/v2\/posts"}],"about":[{"href":"https:\/\/agenciainfra.com\/blog\/wp-json\/wp\/v2\/types\/post"}],"author":[{"embeddable":true,"href":"https:\/\/agenciainfra.com\/blog\/wp-json\/wp\/v2\/users\/1"}],"replies":[{"embeddable":true,"href":"https:\/\/agenciainfra.com\/blog\/wp-json\/wp\/v2\/comments?post=33940"}],"version-history":[{"count":1,"href":"https:\/\/agenciainfra.com\/blog\/wp-json\/wp\/v2\/posts\/33940\/revisions"}],"predecessor-version":[{"id":33943,"href":"https:\/\/agenciainfra.com\/blog\/wp-json\/wp\/v2\/posts\/33940\/revisions\/33943"}],"wp:featuredmedia":[{"embeddable":true,"href":"https:\/\/agenciainfra.com\/blog\/wp-json\/wp\/v2\/media\/4484"}],"wp:attachment":[{"href":"https:\/\/agenciainfra.com\/blog\/wp-json\/wp\/v2\/media?parent=33940"}],"wp:term":[{"taxonomy":"category","embeddable":true,"href":"https:\/\/agenciainfra.com\/blog\/wp-json\/wp\/v2\/categories?post=33940"},{"taxonomy":"post_tag","embeddable":true,"href":"https:\/\/agenciainfra.com\/blog\/wp-json\/wp\/v2\/tags?post=33940"}],"curies":[{"name":"wp","href":"https:\/\/api.w.org\/{rel}","templated":true}]}}