{"id":33954,"date":"2025-12-16T11:52:30","date_gmt":"2025-12-16T14:52:30","guid":{"rendered":"https:\/\/agenciainfra.com\/blog\/?p=33954"},"modified":"2025-12-16T11:52:32","modified_gmt":"2025-12-16T14:52:32","slug":"duplicacao-da-br-104-em-alagoas-tera-r-481-milhoes-e-283-km-de-obras","status":"publish","type":"post","link":"https:\/\/agenciainfra.com\/blog\/duplicacao-da-br-104-em-alagoas-tera-r-481-milhoes-e-283-km-de-obras\/","title":{"rendered":"Duplica\u00e7\u00e3o da BR-104 em Alagoas ter\u00e1 R$ 481 milh\u00f5es e 28,3 km de obras"},"content":{"rendered":"\n<p class=\"has-text-align-right\"><strong>da Ag\u00eancia iNFRA<\/strong><\/p>\n\n\n\n<p>O ministro dos Transportes, Renan Filho, autorizou nesta segunda-feira (15) a duplica\u00e7\u00e3o de 28,3 quil\u00f4metros da BR-104\/AL, no munic\u00edpio de Murici, em Alagoas. As obras contar\u00e3o com investimento de R$ 481 milh\u00f5es e t\u00eam como objetivo ampliar a seguran\u00e7a vi\u00e1ria, eliminar pontos cr\u00edticos da rodovia e fortalecer um importante eixo de integra\u00e7\u00e3o regional alternativo \u00e0 BR-101, ligando munic\u00edpios do Norte do estado.<\/p>\n\n\n\n<p>A duplica\u00e7\u00e3o ser\u00e1 realizada no trecho entre o km 46,1 e o km 74,4, do entroncamento com a BR-101, em Messias, at\u00e9 Branquinha, com prazo de execu\u00e7\u00e3o estimado em 24 meses. Segundo o ministro, a interven\u00e7\u00e3o vai melhorar a liga\u00e7\u00e3o entre a divisa de Alagoas com Pernambuco e a capital Macei\u00f3, ampliando a conex\u00e3o com outros estados do Nordeste e estimulando o desenvolvimento econ\u00f4mico local.<\/p>\n\n\n\n<p>As obras integram um conjunto de interven\u00e7\u00f5es estruturadas em quatro lotes, que abrangem os munic\u00edpios de S\u00e3o Jos\u00e9 da Laje, Uni\u00e3o dos Palmares, Branquinha, Murici, Messias, Rio Largo e Macei\u00f3, com foco na moderniza\u00e7\u00e3o e no aumento da capacidade operacional da rodovia. Para o prefeito de Murici, Remi Filho, a autoriza\u00e7\u00e3o representa um passo importante para melhorar a mobilidade e impulsionar o crescimento regional.<\/p>\n\n\n\n<p><strong>Novo acesso a Caxang\u00e1<br><\/strong>Ainda em Alagoas, Renan Filho entregou o novo acesso asfaltado ao povoado de Caxang\u00e1, em Porto Calvo, substituindo cerca de cinco quil\u00f4metros de estrada sem infraestrutura adequada. De acordo com o ministro, a iniciativa melhora as condi\u00e7\u00f5es de mobilidade e qualidade de vida da popula\u00e7\u00e3o local, somando-se a um total de 40 obras de acesso j\u00e1 entregues no estado em parceria com o governo estadual.<\/p>\n","protected":false},"excerpt":{"rendered":"<p>da Ag\u00eancia iNFRA O ministro dos Transportes, Renan Filho, autorizou nesta segunda-feira (15) a duplica\u00e7\u00e3o de 28,3 quil\u00f4metros da BR-104\/AL, no munic\u00edpio de Murici, em Alagoas. As obras contar\u00e3o com investimento de R$ 481 milh\u00f5es e t\u00eam como objetivo ampliar a seguran\u00e7a vi\u00e1ria, eliminar pontos cr\u00edticos da rodovia e fortalecer um importante eixo de integra\u00e7\u00e3o [&hellip;]<\/p>\n","protected":false},"author":1,"featured_media":33956,"comment_status":"closed","ping_status":"closed","sticky":false,"template":"","format":"standard","meta":{"_monsterinsights_skip_tracking":false,"_monsterinsights_sitenote_active":false,"_monsterinsights_sitenote_note":"","_monsterinsights_sitenote_category":0,"footnotes":""},"categories":[13576],"tags":[17542,9511,16,6248,17543],"class_list":["post-33954","post","type-post","status-publish","format-standard","has-post-thumbnail","hentry","category-giro-infra","tag-br-104-al","tag-duplicacao-de-rodovia","tag-ministerio-dos-transportes","tag-renan-filho","tag-rodovia-de-alagoas"],"yoast_head":"<!-- This site is optimized with the Yoast SEO Premium plugin v25.4 (Yoast SEO v26.0) - https:\/\/yoast.com\/wordpress\/plugins\/seo\/ -->\n<title>Duplica\u00e7\u00e3o da BR-104 em Alagoas ter\u00e1 R$ 481 milh\u00f5es e 28,3 km de obras - Ag\u00eancia iNFRA<\/title>\n<meta name=\"robots\" content=\"index, follow, max-snippet:-1, max-image-preview:large, max-video-preview:-1\" \/>\n<link rel=\"canonical\" href=\"https:\/\/agenciainfra.com\/blog\/duplicacao-da-br-104-em-alagoas-tera-r-481-milhoes-e-283-km-de-obras\/\" \/>\n<meta property=\"og:locale\" content=\"pt_BR\" \/>\n<meta property=\"og:type\" content=\"article\" \/>\n<meta property=\"og:title\" content=\"Duplica\u00e7\u00e3o da BR-104 em Alagoas ter\u00e1 R$ 481 milh\u00f5es e 28,3 km de obras\" \/>\n<meta property=\"og:description\" content=\"da Ag\u00eancia iNFRA O ministro dos Transportes, Renan Filho, autorizou nesta segunda-feira (15) a duplica\u00e7\u00e3o de 28,3 quil\u00f4metros da BR-104\/AL, no munic\u00edpio de Murici, em Alagoas. As obras contar\u00e3o com investimento de R$ 481 milh\u00f5es e t\u00eam como objetivo ampliar a seguran\u00e7a vi\u00e1ria, eliminar pontos cr\u00edticos da rodovia e fortalecer um importante eixo de integra\u00e7\u00e3o [&hellip;]\" \/>\n<meta property=\"og:url\" content=\"https:\/\/agenciainfra.com\/blog\/duplicacao-da-br-104-em-alagoas-tera-r-481-milhoes-e-283-km-de-obras\/\" \/>\n<meta property=\"og:site_name\" content=\"Ag\u00eancia iNFRA\" \/>\n<meta property=\"article:publisher\" content=\"https:\/\/www.facebook.com\/ageninfra\" \/>\n<meta property=\"article:published_time\" content=\"2025-12-16T14:52:30+00:00\" \/>\n<meta property=\"article:modified_time\" content=\"2025-12-16T14:52:32+00:00\" \/>\n<meta property=\"og:image\" content=\"https:\/\/agenciainfra.com\/blog\/wp-content\/uploads\/2025\/12\/renan-filho-br104-al-foto-felipe-brasil-mtransp-e1765896744294.jpg\" \/>\n\t<meta property=\"og:image:width\" content=\"1278\" \/>\n\t<meta property=\"og:image:height\" content=\"762\" \/>\n\t<meta property=\"og:image:type\" content=\"image\/jpeg\" \/>\n<meta name=\"author\" content=\"Ag\u00eancia iNFRA\" \/>\n<meta name=\"twitter:card\" content=\"summary_large_image\" \/>\n<meta name=\"twitter:creator\" content=\"@agencia_infra\" \/>\n<meta name=\"twitter:site\" content=\"@agencia_infra\" \/>\n<meta name=\"twitter:label1\" content=\"Escrito por\" \/>\n\t<meta name=\"twitter:data1\" content=\"Ag\u00eancia iNFRA\" \/>\n\t<meta name=\"twitter:label2\" content=\"Est. tempo de leitura\" \/>\n\t<meta name=\"twitter:data2\" content=\"1 minuto\" \/>\n<script type=\"application\/ld+json\" class=\"yoast-schema-graph\">{\"@context\":\"https:\/\/schema.org\",\"@graph\":[{\"@type\":\"Article\",\"@id\":\"https:\/\/agenciainfra.com\/blog\/duplicacao-da-br-104-em-alagoas-tera-r-481-milhoes-e-283-km-de-obras\/#article\",\"isPartOf\":{\"@id\":\"https:\/\/agenciainfra.com\/blog\/duplicacao-da-br-104-em-alagoas-tera-r-481-milhoes-e-283-km-de-obras\/\"},\"author\":{\"name\":\"Ag\u00eancia iNFRA\",\"@id\":\"https:\/\/agenciainfra.com\/blog\/#\/schema\/person\/34af08dff6adea4cb22b06612ba7acfa\"},\"headline\":\"Duplica\u00e7\u00e3o da BR-104 em Alagoas ter\u00e1 R$ 481 milh\u00f5es e 28,3 km de obras\",\"datePublished\":\"2025-12-16T14:52:30+00:00\",\"dateModified\":\"2025-12-16T14:52:32+00:00\",\"mainEntityOfPage\":{\"@id\":\"https:\/\/agenciainfra.com\/blog\/duplicacao-da-br-104-em-alagoas-tera-r-481-milhoes-e-283-km-de-obras\/\"},\"wordCount\":297,\"publisher\":{\"@id\":\"https:\/\/agenciainfra.com\/blog\/#organization\"},\"image\":{\"@id\":\"https:\/\/agenciainfra.com\/blog\/duplicacao-da-br-104-em-alagoas-tera-r-481-milhoes-e-283-km-de-obras\/#primaryimage\"},\"thumbnailUrl\":\"https:\/\/agenciainfra.com\/blog\/wp-content\/uploads\/2025\/12\/renan-filho-br104-al-foto-felipe-brasil-mtransp-e1765896744294.jpg\",\"keywords\":[\"br-104\/al\",\"duplica\u00e7\u00e3o de rodovia\",\"minist\u00e9rio dos transportes\",\"Renan Filho\",\"rodovia de alagoas\"],\"articleSection\":[\"Giro iNFRA\"],\"inLanguage\":\"pt-BR\",\"copyrightYear\":\"2025\",\"copyrightHolder\":{\"@id\":\"https:\/\/agenciainfra.com\/blog\/#organization\"}},{\"@type\":\"WebPage\",\"@id\":\"https:\/\/agenciainfra.com\/blog\/duplicacao-da-br-104-em-alagoas-tera-r-481-milhoes-e-283-km-de-obras\/\",\"url\":\"https:\/\/agenciainfra.com\/blog\/duplicacao-da-br-104-em-alagoas-tera-r-481-milhoes-e-283-km-de-obras\/\",\"name\":\"Duplica\u00e7\u00e3o da BR-104 em Alagoas ter\u00e1 R$ 481 milh\u00f5es e 28,3 km de obras - Ag\u00eancia iNFRA\",\"isPartOf\":{\"@id\":\"https:\/\/agenciainfra.com\/blog\/#website\"},\"primaryImageOfPage\":{\"@id\":\"https:\/\/agenciainfra.com\/blog\/duplicacao-da-br-104-em-alagoas-tera-r-481-milhoes-e-283-km-de-obras\/#primaryimage\"},\"image\":{\"@id\":\"https:\/\/agenciainfra.com\/blog\/duplicacao-da-br-104-em-alagoas-tera-r-481-milhoes-e-283-km-de-obras\/#primaryimage\"},\"thumbnailUrl\":\"https:\/\/agenciainfra.com\/blog\/wp-content\/uploads\/2025\/12\/renan-filho-br104-al-foto-felipe-brasil-mtransp-e1765896744294.jpg\",\"datePublished\":\"2025-12-16T14:52:30+00:00\",\"dateModified\":\"2025-12-16T14:52:32+00:00\",\"breadcrumb\":{\"@id\":\"https:\/\/agenciainfra.com\/blog\/duplicacao-da-br-104-em-alagoas-tera-r-481-milhoes-e-283-km-de-obras\/#breadcrumb\"},\"inLanguage\":\"pt-BR\",\"potentialAction\":[{\"@type\":\"ReadAction\",\"target\":[\"https:\/\/agenciainfra.com\/blog\/duplicacao-da-br-104-em-alagoas-tera-r-481-milhoes-e-283-km-de-obras\/\"]}]},{\"@type\":\"ImageObject\",\"inLanguage\":\"pt-BR\",\"@id\":\"https:\/\/agenciainfra.com\/blog\/duplicacao-da-br-104-em-alagoas-tera-r-481-milhoes-e-283-km-de-obras\/#primaryimage\",\"url\":\"https:\/\/agenciainfra.com\/blog\/wp-content\/uploads\/2025\/12\/renan-filho-br104-al-foto-felipe-brasil-mtransp-e1765896744294.jpg\",\"contentUrl\":\"https:\/\/agenciainfra.com\/blog\/wp-content\/uploads\/2025\/12\/renan-filho-br104-al-foto-felipe-brasil-mtransp-e1765896744294.jpg\",\"width\":1278,\"height\":762,\"caption\":\"Foto: Felipe Brasil\/Minist\u00e9rio dos Transportes\"},{\"@type\":\"BreadcrumbList\",\"@id\":\"https:\/\/agenciainfra.com\/blog\/duplicacao-da-br-104-em-alagoas-tera-r-481-milhoes-e-283-km-de-obras\/#breadcrumb\",\"itemListElement\":[{\"@type\":\"ListItem\",\"position\":1,\"name\":\"In\u00edcio\",\"item\":\"https:\/\/agenciainfra.com\/blog\/\"},{\"@type\":\"ListItem\",\"position\":2,\"name\":\"Duplica\u00e7\u00e3o da BR-104 em Alagoas ter\u00e1 R$ 481 milh\u00f5es e 28,3 km de obras\"}]},{\"@type\":\"WebSite\",\"@id\":\"https:\/\/agenciainfra.com\/blog\/#website\",\"url\":\"https:\/\/agenciainfra.com\/blog\/\",\"name\":\"Ag\u00eancia iNFRA\",\"description\":\"Multiplataforma de informa\u00e7\u00e3o jornal\u00edstica refer\u00eancia na \u00e1rea de infraestrutura no Brasil!\",\"publisher\":{\"@id\":\"https:\/\/agenciainfra.com\/blog\/#organization\"},\"potentialAction\":[{\"@type\":\"SearchAction\",\"target\":{\"@type\":\"EntryPoint\",\"urlTemplate\":\"https:\/\/agenciainfra.com\/blog\/?s={search_term_string}\"},\"query-input\":{\"@type\":\"PropertyValueSpecification\",\"valueRequired\":true,\"valueName\":\"search_term_string\"}}],\"inLanguage\":\"pt-BR\"},{\"@type\":\"Organization\",\"@id\":\"https:\/\/agenciainfra.com\/blog\/#organization\",\"name\":\"Ag\u00eancia iNFRA\",\"url\":\"https:\/\/agenciainfra.com\/blog\/\",\"logo\":{\"@type\":\"ImageObject\",\"inLanguage\":\"pt-BR\",\"@id\":\"https:\/\/agenciainfra.com\/blog\/#\/schema\/logo\/image\/\",\"url\":\"https:\/\/agenciainfra.com\/blog\/wp-content\/uploads\/2023\/09\/iNFRA_5-e1761735885940.png\",\"contentUrl\":\"https:\/\/agenciainfra.com\/blog\/wp-content\/uploads\/2023\/09\/iNFRA_5-e1761735885940.png\",\"width\":1672,\"height\":454,\"caption\":\"Ag\u00eancia iNFRA\"},\"image\":{\"@id\":\"https:\/\/agenciainfra.com\/blog\/#\/schema\/logo\/image\/\"},\"sameAs\":[\"https:\/\/www.facebook.com\/ageninfra\",\"https:\/\/x.com\/agencia_infra\",\"https:\/\/www.linkedin.com\/company\/ag\u00eanciainfra\/\",\"https:\/\/www.instagram.com\/agenciainfra\/\"]},{\"@type\":\"Person\",\"@id\":\"https:\/\/agenciainfra.com\/blog\/#\/schema\/person\/34af08dff6adea4cb22b06612ba7acfa\",\"name\":\"Ag\u00eancia iNFRA\",\"image\":{\"@type\":\"ImageObject\",\"inLanguage\":\"pt-BR\",\"@id\":\"https:\/\/agenciainfra.com\/blog\/#\/schema\/person\/image\/\",\"url\":\"https:\/\/secure.gravatar.com\/avatar\/d189e01678f06d8eb84d4e01f08eb848b3fffe3f8443818d3c356c66892f5be8?s=96&d=mm&r=g\",\"contentUrl\":\"https:\/\/secure.gravatar.com\/avatar\/d189e01678f06d8eb84d4e01f08eb848b3fffe3f8443818d3c356c66892f5be8?s=96&d=mm&r=g\",\"caption\":\"Ag\u00eancia iNFRA\"},\"url\":\"https:\/\/agenciainfra.com\/blog\/author\/admin\/\"}]}<\/script>\n<!-- \/ Yoast SEO Premium plugin. -->","yoast_head_json":{"title":"Duplica\u00e7\u00e3o da BR-104 em Alagoas ter\u00e1 R$ 481 milh\u00f5es e 28,3 km de obras - Ag\u00eancia iNFRA","robots":{"index":"index","follow":"follow","max-snippet":"max-snippet:-1","max-image-preview":"max-image-preview:large","max-video-preview":"max-video-preview:-1"},"canonical":"https:\/\/agenciainfra.com\/blog\/duplicacao-da-br-104-em-alagoas-tera-r-481-milhoes-e-283-km-de-obras\/","og_locale":"pt_BR","og_type":"article","og_title":"Duplica\u00e7\u00e3o da BR-104 em Alagoas ter\u00e1 R$ 481 milh\u00f5es e 28,3 km de obras","og_description":"da Ag\u00eancia iNFRA O ministro dos Transportes, Renan Filho, autorizou nesta segunda-feira (15) a duplica\u00e7\u00e3o de 28,3 quil\u00f4metros da BR-104\/AL, no munic\u00edpio de Murici, em Alagoas. As obras contar\u00e3o com investimento de R$ 481 milh\u00f5es e t\u00eam como objetivo ampliar a seguran\u00e7a vi\u00e1ria, eliminar pontos cr\u00edticos da rodovia e fortalecer um importante eixo de integra\u00e7\u00e3o [&hellip;]","og_url":"https:\/\/agenciainfra.com\/blog\/duplicacao-da-br-104-em-alagoas-tera-r-481-milhoes-e-283-km-de-obras\/","og_site_name":"Ag\u00eancia iNFRA","article_publisher":"https:\/\/www.facebook.com\/ageninfra","article_published_time":"2025-12-16T14:52:30+00:00","article_modified_time":"2025-12-16T14:52:32+00:00","og_image":[{"width":1278,"height":762,"url":"https:\/\/agenciainfra.com\/blog\/wp-content\/uploads\/2025\/12\/renan-filho-br104-al-foto-felipe-brasil-mtransp-e1765896744294.jpg","type":"image\/jpeg"}],"author":"Ag\u00eancia iNFRA","twitter_card":"summary_large_image","twitter_creator":"@agencia_infra","twitter_site":"@agencia_infra","twitter_misc":{"Escrito por":"Ag\u00eancia iNFRA","Est. tempo de leitura":"1 minuto"},"schema":{"@context":"https:\/\/schema.org","@graph":[{"@type":"Article","@id":"https:\/\/agenciainfra.com\/blog\/duplicacao-da-br-104-em-alagoas-tera-r-481-milhoes-e-283-km-de-obras\/#article","isPartOf":{"@id":"https:\/\/agenciainfra.com\/blog\/duplicacao-da-br-104-em-alagoas-tera-r-481-milhoes-e-283-km-de-obras\/"},"author":{"name":"Ag\u00eancia iNFRA","@id":"https:\/\/agenciainfra.com\/blog\/#\/schema\/person\/34af08dff6adea4cb22b06612ba7acfa"},"headline":"Duplica\u00e7\u00e3o da BR-104 em Alagoas ter\u00e1 R$ 481 milh\u00f5es e 28,3 km de obras","datePublished":"2025-12-16T14:52:30+00:00","dateModified":"2025-12-16T14:52:32+00:00","mainEntityOfPage":{"@id":"https:\/\/agenciainfra.com\/blog\/duplicacao-da-br-104-em-alagoas-tera-r-481-milhoes-e-283-km-de-obras\/"},"wordCount":297,"publisher":{"@id":"https:\/\/agenciainfra.com\/blog\/#organization"},"image":{"@id":"https:\/\/agenciainfra.com\/blog\/duplicacao-da-br-104-em-alagoas-tera-r-481-milhoes-e-283-km-de-obras\/#primaryimage"},"thumbnailUrl":"https:\/\/agenciainfra.com\/blog\/wp-content\/uploads\/2025\/12\/renan-filho-br104-al-foto-felipe-brasil-mtransp-e1765896744294.jpg","keywords":["br-104\/al","duplica\u00e7\u00e3o de rodovia","minist\u00e9rio dos transportes","Renan Filho","rodovia de alagoas"],"articleSection":["Giro iNFRA"],"inLanguage":"pt-BR","copyrightYear":"2025","copyrightHolder":{"@id":"https:\/\/agenciainfra.com\/blog\/#organization"}},{"@type":"WebPage","@id":"https:\/\/agenciainfra.com\/blog\/duplicacao-da-br-104-em-alagoas-tera-r-481-milhoes-e-283-km-de-obras\/","url":"https:\/\/agenciainfra.com\/blog\/duplicacao-da-br-104-em-alagoas-tera-r-481-milhoes-e-283-km-de-obras\/","name":"Duplica\u00e7\u00e3o da BR-104 em Alagoas ter\u00e1 R$ 481 milh\u00f5es e 28,3 km de obras - Ag\u00eancia iNFRA","isPartOf":{"@id":"https:\/\/agenciainfra.com\/blog\/#website"},"primaryImageOfPage":{"@id":"https:\/\/agenciainfra.com\/blog\/duplicacao-da-br-104-em-alagoas-tera-r-481-milhoes-e-283-km-de-obras\/#primaryimage"},"image":{"@id":"https:\/\/agenciainfra.com\/blog\/duplicacao-da-br-104-em-alagoas-tera-r-481-milhoes-e-283-km-de-obras\/#primaryimage"},"thumbnailUrl":"https:\/\/agenciainfra.com\/blog\/wp-content\/uploads\/2025\/12\/renan-filho-br104-al-foto-felipe-brasil-mtransp-e1765896744294.jpg","datePublished":"2025-12-16T14:52:30+00:00","dateModified":"2025-12-16T14:52:32+00:00","breadcrumb":{"@id":"https:\/\/agenciainfra.com\/blog\/duplicacao-da-br-104-em-alagoas-tera-r-481-milhoes-e-283-km-de-obras\/#breadcrumb"},"inLanguage":"pt-BR","potentialAction":[{"@type":"ReadAction","target":["https:\/\/agenciainfra.com\/blog\/duplicacao-da-br-104-em-alagoas-tera-r-481-milhoes-e-283-km-de-obras\/"]}]},{"@type":"ImageObject","inLanguage":"pt-BR","@id":"https:\/\/agenciainfra.com\/blog\/duplicacao-da-br-104-em-alagoas-tera-r-481-milhoes-e-283-km-de-obras\/#primaryimage","url":"https:\/\/agenciainfra.com\/blog\/wp-content\/uploads\/2025\/12\/renan-filho-br104-al-foto-felipe-brasil-mtransp-e1765896744294.jpg","contentUrl":"https:\/\/agenciainfra.com\/blog\/wp-content\/uploads\/2025\/12\/renan-filho-br104-al-foto-felipe-brasil-mtransp-e1765896744294.jpg","width":1278,"height":762,"caption":"Foto: Felipe Brasil\/Minist\u00e9rio dos Transportes"},{"@type":"BreadcrumbList","@id":"https:\/\/agenciainfra.com\/blog\/duplicacao-da-br-104-em-alagoas-tera-r-481-milhoes-e-283-km-de-obras\/#breadcrumb","itemListElement":[{"@type":"ListItem","position":1,"name":"In\u00edcio","item":"https:\/\/agenciainfra.com\/blog\/"},{"@type":"ListItem","position":2,"name":"Duplica\u00e7\u00e3o da BR-104 em Alagoas ter\u00e1 R$ 481 milh\u00f5es e 28,3 km de obras"}]},{"@type":"WebSite","@id":"https:\/\/agenciainfra.com\/blog\/#website","url":"https:\/\/agenciainfra.com\/blog\/","name":"Ag\u00eancia iNFRA","description":"Multiplataforma de informa\u00e7\u00e3o jornal\u00edstica refer\u00eancia na \u00e1rea de infraestrutura no Brasil!","publisher":{"@id":"https:\/\/agenciainfra.com\/blog\/#organization"},"potentialAction":[{"@type":"SearchAction","target":{"@type":"EntryPoint","urlTemplate":"https:\/\/agenciainfra.com\/blog\/?s={search_term_string}"},"query-input":{"@type":"PropertyValueSpecification","valueRequired":true,"valueName":"search_term_string"}}],"inLanguage":"pt-BR"},{"@type":"Organization","@id":"https:\/\/agenciainfra.com\/blog\/#organization","name":"Ag\u00eancia iNFRA","url":"https:\/\/agenciainfra.com\/blog\/","logo":{"@type":"ImageObject","inLanguage":"pt-BR","@id":"https:\/\/agenciainfra.com\/blog\/#\/schema\/logo\/image\/","url":"https:\/\/agenciainfra.com\/blog\/wp-content\/uploads\/2023\/09\/iNFRA_5-e1761735885940.png","contentUrl":"https:\/\/agenciainfra.com\/blog\/wp-content\/uploads\/2023\/09\/iNFRA_5-e1761735885940.png","width":1672,"height":454,"caption":"Ag\u00eancia iNFRA"},"image":{"@id":"https:\/\/agenciainfra.com\/blog\/#\/schema\/logo\/image\/"},"sameAs":["https:\/\/www.facebook.com\/ageninfra","https:\/\/x.com\/agencia_infra","https:\/\/www.linkedin.com\/company\/ag\u00eanciainfra\/","https:\/\/www.instagram.com\/agenciainfra\/"]},{"@type":"Person","@id":"https:\/\/agenciainfra.com\/blog\/#\/schema\/person\/34af08dff6adea4cb22b06612ba7acfa","name":"Ag\u00eancia iNFRA","image":{"@type":"ImageObject","inLanguage":"pt-BR","@id":"https:\/\/agenciainfra.com\/blog\/#\/schema\/person\/image\/","url":"https:\/\/secure.gravatar.com\/avatar\/d189e01678f06d8eb84d4e01f08eb848b3fffe3f8443818d3c356c66892f5be8?s=96&d=mm&r=g","contentUrl":"https:\/\/secure.gravatar.com\/avatar\/d189e01678f06d8eb84d4e01f08eb848b3fffe3f8443818d3c356c66892f5be8?s=96&d=mm&r=g","caption":"Ag\u00eancia iNFRA"},"url":"https:\/\/agenciainfra.com\/blog\/author\/admin\/"}]}},"_links":{"self":[{"href":"https:\/\/agenciainfra.com\/blog\/wp-json\/wp\/v2\/posts\/33954","targetHints":{"allow":["GET"]}}],"collection":[{"href":"https:\/\/agenciainfra.com\/blog\/wp-json\/wp\/v2\/posts"}],"about":[{"href":"https:\/\/agenciainfra.com\/blog\/wp-json\/wp\/v2\/types\/post"}],"author":[{"embeddable":true,"href":"https:\/\/agenciainfra.com\/blog\/wp-json\/wp\/v2\/users\/1"}],"replies":[{"embeddable":true,"href":"https:\/\/agenciainfra.com\/blog\/wp-json\/wp\/v2\/comments?post=33954"}],"version-history":[{"count":2,"href":"https:\/\/agenciainfra.com\/blog\/wp-json\/wp\/v2\/posts\/33954\/revisions"}],"predecessor-version":[{"id":33959,"href":"https:\/\/agenciainfra.com\/blog\/wp-json\/wp\/v2\/posts\/33954\/revisions\/33959"}],"wp:featuredmedia":[{"embeddable":true,"href":"https:\/\/agenciainfra.com\/blog\/wp-json\/wp\/v2\/media\/33956"}],"wp:attachment":[{"href":"https:\/\/agenciainfra.com\/blog\/wp-json\/wp\/v2\/media?parent=33954"}],"wp:term":[{"taxonomy":"category","embeddable":true,"href":"https:\/\/agenciainfra.com\/blog\/wp-json\/wp\/v2\/categories?post=33954"},{"taxonomy":"post_tag","embeddable":true,"href":"https:\/\/agenciainfra.com\/blog\/wp-json\/wp\/v2\/tags?post=33954"}],"curies":[{"name":"wp","href":"https:\/\/api.w.org\/{rel}","templated":true}]}}