{"id":3396,"date":"2019-07-04T08:00:22","date_gmt":"2019-07-04T11:00:22","guid":{"rendered":"http:\/\/www.agenciainfra.com\/blog\/?p=3396"},"modified":"2019-07-01T16:06:00","modified_gmt":"2019-07-01T19:06:00","slug":"revisao-quinquenal-de-concessoes-rodoviarias-federais-e-criticada-por-excesso-de-complexidade","status":"publish","type":"post","link":"https:\/\/agenciainfra.com\/blog\/revisao-quinquenal-de-concessoes-rodoviarias-federais-e-criticada-por-excesso-de-complexidade\/","title":{"rendered":"Revis\u00e3o quinquenal de concess\u00f5es rodovi\u00e1rias federais \u00e9 criticada por excesso de complexidade"},"content":{"rendered":"<div>\n<h5 style=\"text-align: right;\"><strong>Dimmi Amora, da\u00a0Ag\u00eancia iNFRA<\/strong><\/h5>\n<p>Um sistema considerado complexo e de dif\u00edcil enquadramento por parte das concession\u00e1rias de rodovias federais poder\u00e1 fazer com que os contratos n\u00e3o tenham as revis\u00f5es quinquenais. Essa foi a avalia\u00e7\u00e3o apresentada por participantes da sess\u00e3o presencial da\u00a0audi\u00eancia p\u00fablica 02\/2019 promovida pela ANTT (Ag\u00eancia Nacional de Transportes Terrestres) para discutir as normas que v\u00e3o reger esse tipo de altera\u00e7\u00e3o nos contratos.<\/p>\n<p>As revis\u00f5es quinquenais s\u00e3o previstas na maior parte dos contratos de rodovias federais, mas nunca foram implementadas pela ag\u00eancia. Elas implicam, na pr\u00e1tica, em inclus\u00e3o e exclus\u00e3o de obras na rodovia, o que a ag\u00eancia vinha fazendo em alguns casos sem considerar o crit\u00e9rio de tempo, ou seja, quando havia pedido de concession\u00e1rias ou representantes locais.<\/p>\n<p>Na \u00faltima an\u00e1lise de concess\u00e3o de rodovias, o TCU (Tribunal de Contas da Uni\u00e3o) criticou essa forma de inclus\u00e3o de obras, e a ANTT concordou em passar a fazer inclus\u00f5es e exclus\u00f5es no futuro apenas dentro das revis\u00f5es quinquenais.<\/p>\n<p>Para criar um crit\u00e9rio para incluir projetos n\u00e3o previstos no plano inicial da concess\u00e3o, a ag\u00eancia est\u00e1 propondo que as concession\u00e1rias cumpram regras espec\u00edficas e que estejam adimplentes com o contrato. Ao longo dos cinco anos, a concession\u00e1ria, a ag\u00eancia e entidades da sociedade v\u00e3o propondo quais projetos deveriam ser priorizados na revis\u00e3o.<\/p>\n<p>\u00c9 para fazer a an\u00e1lise dos projetos propostos que a ag\u00eancia elaborou um modelo matem\u00e1tico complexo, classificado de m\u00e9todo multicrit\u00e9rio, para comprovar o interesse p\u00fablico do projeto e escolher quais obras ser\u00e3o priorizadas.<\/p>\n<p>Nesse modelo, s\u00e3o atribu\u00eddos pesos para identificar se a concession\u00e1ria tem a capacidade econ\u00f4mica para fazer as obras. A inten\u00e7\u00e3o, no caso, \u00e9 incentivar as que finalizam os projetos que apresentam, dando a essas uma classifica\u00e7\u00e3o melhor que as que n\u00e3o entregam.<\/p>\n<p>O outro crit\u00e9rio classifica as obras pela sua import\u00e2ncia, tamb\u00e9m atribuindo pesos espec\u00edficos, e faz um ranqueamento delas. O cruzamento dessas duas classifica\u00e7\u00f5es \u00e9 que vai determinar quais obras ser\u00e3o sugeridas em audi\u00eancia p\u00fablica, como forma de dar maior transpar\u00eancia ao que vai ser autorizado ou n\u00e3o.<\/p>\n<p><strong>Cr\u00edtica \u00e0 complexidade\u00a0<\/strong><br \/>\nAlexandre Barra, diretor regional da ABCR (Associa\u00e7\u00e3o Brasileira de Concession\u00e1ria de Rodovias) disse que h\u00e1 contratos que j\u00e1 deveriam ter passado por duas revis\u00f5es quinquenais e que isso n\u00e3o foi feito.<\/p>\n<p>Ex-servidor da ag\u00eancia, ele afirmou que entende ser necess\u00e1rio, pela press\u00e3o dos \u00f3rg\u00e3os de controle, a elabora\u00e7\u00e3o de um crit\u00e9rio para incluir obras n\u00e3o previstas. Mas alertou que, pela proposta apresentada, dificilmente ser\u00e1 poss\u00edvel fazer qualquer revis\u00e3o quinquenal no futuro.<\/p>\n<p>\u201c\u00c9 tanta condi\u00e7\u00e3o que, quando houver um pedido, a empresa n\u00e3o vai conseguir se qualificar. Se for mantido dessa forma, h\u00e1 menos chance de ter alguma revis\u00e3o no futuro, para frustra\u00e7\u00e3o das comunidades atingidas e das concession\u00e1rias, que querem prestar um melhor servi\u00e7o\u201d, disse Barra sem obter dos representantes da ag\u00eancia uma resposta \u00e0 cr\u00edtica.<\/p>\n<p>Representantes de organiza\u00e7\u00f5es sociais e prefeituras de Santa Catarina marcaram presen\u00e7a na audi\u00eancia como forma de pressionar pela inclus\u00e3o de obras na concess\u00e3o da Auto Pista Litoral Sul, no estado. Eles reclamaram que v\u00e1rios trechos se tornaram perigosos ao longo do tempo e sequer passarelas s\u00e3o implementadas na via.<\/p>\n<p><strong>Preocupa\u00e7\u00e3o com pre\u00e7os<\/strong><br \/>\nJo\u00e3o Artur Mora, representante da Fiep (Federa\u00e7\u00e3o das Ind\u00fastrias do Paran\u00e1), mostrou preocupa\u00e7\u00e3o com os pre\u00e7os dos ped\u00e1gios ap\u00f3s a revis\u00e3o, questionando se haver\u00e1 um limite, e com o custo das obras que ser\u00e3o implementadas, j\u00e1 que as concession\u00e1rias usam par\u00e2metros de pre\u00e7os que n\u00e3o passam por concorr\u00eancia.<\/p>\n<p>Jos\u00e9 Expedito Brand\u00e3o Filho, representante da ANTT na audi\u00eancia, afirmou que a ag\u00eancia optou por n\u00e3o colocar um limite de aumento do ped\u00e1gio para que isso possa ser analisado caso a caso. E, sobre os custos de obras, ele afirmou que a ag\u00eancia prepara um outro normativo para criar crit\u00e9rios para os custos de obras de concess\u00f5es.<\/p>\n<p>O representante da Fiep sugeriu, para evitar que os valores a mais cobrados nos ped\u00e1gios devido \u00e0 inclus\u00e3o de novas obras tenham incid\u00eancia de impostos, criar conta vinculada para pagar a obra, o que segundo a ANTT ser\u00e1 objeto de an\u00e1lise nas contribui\u00e7\u00f5es.<\/p>\n<\/div>\n","protected":false},"excerpt":{"rendered":"<p>Dimmi Amora, da\u00a0Ag\u00eancia iNFRA Um sistema considerado complexo e de dif\u00edcil enquadramento por parte das concession\u00e1rias de rodovias federais poder\u00e1 fazer com que os contratos n\u00e3o tenham as revis\u00f5es quinquenais. Essa foi a avalia\u00e7\u00e3o apresentada por participantes da sess\u00e3o presencial da\u00a0audi\u00eancia p\u00fablica 02\/2019 promovida pela ANTT (Ag\u00eancia Nacional de Transportes Terrestres) para discutir as normas [&hellip;]<\/p>\n","protected":false},"author":9,"featured_media":3397,"comment_status":"closed","ping_status":"closed","sticky":false,"template":"","format":"standard","meta":{"_monsterinsights_skip_tracking":false,"_monsterinsights_sitenote_active":false,"_monsterinsights_sitenote_note":"","_monsterinsights_sitenote_category":0,"footnotes":""},"categories":[7],"tags":[613,19,176,1108,1107,433,18],"class_list":["post-3396","post","type-post","status-publish","format-standard","has-post-thumbnail","hentry","category-infratransporte","tag-abcr","tag-antt","tag-concessoes-rodoviarias","tag-fiep","tag-revisoes-quinquenais","tag-rodovias-federais","tag-tcu"],"yoast_head":"<!-- This site is optimized with the Yoast SEO Premium plugin v25.4 (Yoast SEO v26.0) - https:\/\/yoast.com\/wordpress\/plugins\/seo\/ -->\n<title>Revis\u00e3o quinquenal de concess\u00f5es rodovi\u00e1rias federais \u00e9 criticada por excesso de complexidade - Ag\u00eancia iNFRA<\/title>\n<meta name=\"robots\" content=\"index, follow, max-snippet:-1, max-image-preview:large, max-video-preview:-1\" \/>\n<link rel=\"canonical\" href=\"https:\/\/agenciainfra.com\/blog\/revisao-quinquenal-de-concessoes-rodoviarias-federais-e-criticada-por-excesso-de-complexidade\/\" \/>\n<meta property=\"og:locale\" content=\"pt_BR\" \/>\n<meta property=\"og:type\" content=\"article\" \/>\n<meta property=\"og:title\" content=\"Revis\u00e3o quinquenal de concess\u00f5es rodovi\u00e1rias federais \u00e9 criticada por excesso de complexidade\" \/>\n<meta property=\"og:description\" content=\"Dimmi Amora, da\u00a0Ag\u00eancia iNFRA Um sistema considerado complexo e de dif\u00edcil enquadramento por parte das concession\u00e1rias de rodovias federais poder\u00e1 fazer com que os contratos n\u00e3o tenham as revis\u00f5es quinquenais. Essa foi a avalia\u00e7\u00e3o apresentada por participantes da sess\u00e3o presencial da\u00a0audi\u00eancia p\u00fablica 02\/2019 promovida pela ANTT (Ag\u00eancia Nacional de Transportes Terrestres) para discutir as normas [&hellip;]\" \/>\n<meta property=\"og:url\" content=\"https:\/\/agenciainfra.com\/blog\/revisao-quinquenal-de-concessoes-rodoviarias-federais-e-criticada-por-excesso-de-complexidade\/\" \/>\n<meta property=\"og:site_name\" content=\"Ag\u00eancia iNFRA\" \/>\n<meta property=\"article:publisher\" content=\"https:\/\/www.facebook.com\/ageninfra\" \/>\n<meta property=\"article:published_time\" content=\"2019-07-04T11:00:22+00:00\" \/>\n<meta property=\"og:image\" content=\"https:\/\/agenciainfra.com\/blog\/wp-content\/uploads\/2019\/07\/rodovia-beth-santos-secretaria-geral-da-presidencia.jpg\" \/>\n\t<meta property=\"og:image:width\" content=\"1280\" \/>\n\t<meta property=\"og:image:height\" content=\"853\" \/>\n\t<meta property=\"og:image:type\" content=\"image\/jpeg\" \/>\n<meta name=\"author\" content=\"Rodrigo Zuquim\" \/>\n<meta name=\"twitter:card\" content=\"summary_large_image\" \/>\n<meta name=\"twitter:creator\" content=\"@agencia_infra\" \/>\n<meta name=\"twitter:site\" content=\"@agencia_infra\" \/>\n<meta name=\"twitter:label1\" content=\"Escrito por\" \/>\n\t<meta name=\"twitter:data1\" content=\"Rodrigo Zuquim\" \/>\n\t<meta name=\"twitter:label2\" content=\"Est. tempo de leitura\" \/>\n\t<meta name=\"twitter:data2\" content=\"4 minutos\" \/>\n<script type=\"application\/ld+json\" class=\"yoast-schema-graph\">{\"@context\":\"https:\/\/schema.org\",\"@graph\":[{\"@type\":\"Article\",\"@id\":\"https:\/\/agenciainfra.com\/blog\/revisao-quinquenal-de-concessoes-rodoviarias-federais-e-criticada-por-excesso-de-complexidade\/#article\",\"isPartOf\":{\"@id\":\"https:\/\/agenciainfra.com\/blog\/revisao-quinquenal-de-concessoes-rodoviarias-federais-e-criticada-por-excesso-de-complexidade\/\"},\"author\":{\"name\":\"Rodrigo Zuquim\",\"@id\":\"https:\/\/agenciainfra.com\/blog\/#\/schema\/person\/04dbb79bd6d8951f063da71f3e4c1eb1\"},\"headline\":\"Revis\u00e3o quinquenal de concess\u00f5es rodovi\u00e1rias federais \u00e9 criticada por excesso de complexidade\",\"datePublished\":\"2019-07-04T11:00:22+00:00\",\"mainEntityOfPage\":{\"@id\":\"https:\/\/agenciainfra.com\/blog\/revisao-quinquenal-de-concessoes-rodoviarias-federais-e-criticada-por-excesso-de-complexidade\/\"},\"wordCount\":791,\"publisher\":{\"@id\":\"https:\/\/agenciainfra.com\/blog\/#organization\"},\"image\":{\"@id\":\"https:\/\/agenciainfra.com\/blog\/revisao-quinquenal-de-concessoes-rodoviarias-federais-e-criticada-por-excesso-de-complexidade\/#primaryimage\"},\"thumbnailUrl\":\"https:\/\/agenciainfra.com\/blog\/wp-content\/uploads\/2019\/07\/rodovia-beth-santos-secretaria-geral-da-presidencia.jpg\",\"keywords\":[\"abcr\",\"ANTT\",\"concess\u00f5es rodovi\u00e1rias\",\"FIEP\",\"revis\u00f5es quinquenais\",\"rodovias federais\",\"TCU\"],\"articleSection\":[\"iNFRATransporte\"],\"inLanguage\":\"pt-BR\",\"copyrightYear\":\"2019\",\"copyrightHolder\":{\"@id\":\"https:\/\/agenciainfra.com\/blog\/#organization\"}},{\"@type\":\"WebPage\",\"@id\":\"https:\/\/agenciainfra.com\/blog\/revisao-quinquenal-de-concessoes-rodoviarias-federais-e-criticada-por-excesso-de-complexidade\/\",\"url\":\"https:\/\/agenciainfra.com\/blog\/revisao-quinquenal-de-concessoes-rodoviarias-federais-e-criticada-por-excesso-de-complexidade\/\",\"name\":\"Revis\u00e3o quinquenal de concess\u00f5es rodovi\u00e1rias federais \u00e9 criticada por excesso de complexidade - Ag\u00eancia iNFRA\",\"isPartOf\":{\"@id\":\"https:\/\/agenciainfra.com\/blog\/#website\"},\"primaryImageOfPage\":{\"@id\":\"https:\/\/agenciainfra.com\/blog\/revisao-quinquenal-de-concessoes-rodoviarias-federais-e-criticada-por-excesso-de-complexidade\/#primaryimage\"},\"image\":{\"@id\":\"https:\/\/agenciainfra.com\/blog\/revisao-quinquenal-de-concessoes-rodoviarias-federais-e-criticada-por-excesso-de-complexidade\/#primaryimage\"},\"thumbnailUrl\":\"https:\/\/agenciainfra.com\/blog\/wp-content\/uploads\/2019\/07\/rodovia-beth-santos-secretaria-geral-da-presidencia.jpg\",\"datePublished\":\"2019-07-04T11:00:22+00:00\",\"breadcrumb\":{\"@id\":\"https:\/\/agenciainfra.com\/blog\/revisao-quinquenal-de-concessoes-rodoviarias-federais-e-criticada-por-excesso-de-complexidade\/#breadcrumb\"},\"inLanguage\":\"pt-BR\",\"potentialAction\":[{\"@type\":\"ReadAction\",\"target\":[\"https:\/\/agenciainfra.com\/blog\/revisao-quinquenal-de-concessoes-rodoviarias-federais-e-criticada-por-excesso-de-complexidade\/\"]}]},{\"@type\":\"ImageObject\",\"inLanguage\":\"pt-BR\",\"@id\":\"https:\/\/agenciainfra.com\/blog\/revisao-quinquenal-de-concessoes-rodoviarias-federais-e-criticada-por-excesso-de-complexidade\/#primaryimage\",\"url\":\"https:\/\/agenciainfra.com\/blog\/wp-content\/uploads\/2019\/07\/rodovia-beth-santos-secretaria-geral-da-presidencia.jpg\",\"contentUrl\":\"https:\/\/agenciainfra.com\/blog\/wp-content\/uploads\/2019\/07\/rodovia-beth-santos-secretaria-geral-da-presidencia.jpg\",\"width\":1280,\"height\":853,\"caption\":\"Foto: Beth Santos\/Secretaria Geral da PR\"},{\"@type\":\"BreadcrumbList\",\"@id\":\"https:\/\/agenciainfra.com\/blog\/revisao-quinquenal-de-concessoes-rodoviarias-federais-e-criticada-por-excesso-de-complexidade\/#breadcrumb\",\"itemListElement\":[{\"@type\":\"ListItem\",\"position\":1,\"name\":\"In\u00edcio\",\"item\":\"https:\/\/agenciainfra.com\/blog\/\"},{\"@type\":\"ListItem\",\"position\":2,\"name\":\"Revis\u00e3o quinquenal de concess\u00f5es rodovi\u00e1rias federais \u00e9 criticada por excesso de complexidade\"}]},{\"@type\":\"WebSite\",\"@id\":\"https:\/\/agenciainfra.com\/blog\/#website\",\"url\":\"https:\/\/agenciainfra.com\/blog\/\",\"name\":\"Ag\u00eancia iNFRA\",\"description\":\"Multiplataforma de informa\u00e7\u00e3o jornal\u00edstica refer\u00eancia na \u00e1rea de infraestrutura no Brasil!\",\"publisher\":{\"@id\":\"https:\/\/agenciainfra.com\/blog\/#organization\"},\"potentialAction\":[{\"@type\":\"SearchAction\",\"target\":{\"@type\":\"EntryPoint\",\"urlTemplate\":\"https:\/\/agenciainfra.com\/blog\/?s={search_term_string}\"},\"query-input\":{\"@type\":\"PropertyValueSpecification\",\"valueRequired\":true,\"valueName\":\"search_term_string\"}}],\"inLanguage\":\"pt-BR\"},{\"@type\":\"Organization\",\"@id\":\"https:\/\/agenciainfra.com\/blog\/#organization\",\"name\":\"Ag\u00eancia iNFRA\",\"url\":\"https:\/\/agenciainfra.com\/blog\/\",\"logo\":{\"@type\":\"ImageObject\",\"inLanguage\":\"pt-BR\",\"@id\":\"https:\/\/agenciainfra.com\/blog\/#\/schema\/logo\/image\/\",\"url\":\"https:\/\/agenciainfra.com\/blog\/wp-content\/uploads\/2023\/09\/iNFRA_5-e1761735885940.png\",\"contentUrl\":\"https:\/\/agenciainfra.com\/blog\/wp-content\/uploads\/2023\/09\/iNFRA_5-e1761735885940.png\",\"width\":1672,\"height\":454,\"caption\":\"Ag\u00eancia iNFRA\"},\"image\":{\"@id\":\"https:\/\/agenciainfra.com\/blog\/#\/schema\/logo\/image\/\"},\"sameAs\":[\"https:\/\/www.facebook.com\/ageninfra\",\"https:\/\/x.com\/agencia_infra\",\"https:\/\/www.linkedin.com\/company\/ag\u00eanciainfra\/\",\"https:\/\/www.instagram.com\/agenciainfra\/\"]},{\"@type\":\"Person\",\"@id\":\"https:\/\/agenciainfra.com\/blog\/#\/schema\/person\/04dbb79bd6d8951f063da71f3e4c1eb1\",\"name\":\"Rodrigo Zuquim\",\"image\":{\"@type\":\"ImageObject\",\"inLanguage\":\"pt-BR\",\"@id\":\"https:\/\/agenciainfra.com\/blog\/#\/schema\/person\/image\/\",\"url\":\"https:\/\/secure.gravatar.com\/avatar\/594abfe82761d620726242ff34ca472a705a4b97f16c790053a6b4c4035274d0?s=96&d=mm&r=g\",\"contentUrl\":\"https:\/\/secure.gravatar.com\/avatar\/594abfe82761d620726242ff34ca472a705a4b97f16c790053a6b4c4035274d0?s=96&d=mm&r=g\",\"caption\":\"Rodrigo Zuquim\"},\"url\":\"https:\/\/agenciainfra.com\/blog\/author\/rodrigo-zuquim\/\"}]}<\/script>\n<!-- \/ Yoast SEO Premium plugin. -->","yoast_head_json":{"title":"Revis\u00e3o quinquenal de concess\u00f5es rodovi\u00e1rias federais \u00e9 criticada por excesso de complexidade - Ag\u00eancia iNFRA","robots":{"index":"index","follow":"follow","max-snippet":"max-snippet:-1","max-image-preview":"max-image-preview:large","max-video-preview":"max-video-preview:-1"},"canonical":"https:\/\/agenciainfra.com\/blog\/revisao-quinquenal-de-concessoes-rodoviarias-federais-e-criticada-por-excesso-de-complexidade\/","og_locale":"pt_BR","og_type":"article","og_title":"Revis\u00e3o quinquenal de concess\u00f5es rodovi\u00e1rias federais \u00e9 criticada por excesso de complexidade","og_description":"Dimmi Amora, da\u00a0Ag\u00eancia iNFRA Um sistema considerado complexo e de dif\u00edcil enquadramento por parte das concession\u00e1rias de rodovias federais poder\u00e1 fazer com que os contratos n\u00e3o tenham as revis\u00f5es quinquenais. Essa foi a avalia\u00e7\u00e3o apresentada por participantes da sess\u00e3o presencial da\u00a0audi\u00eancia p\u00fablica 02\/2019 promovida pela ANTT (Ag\u00eancia Nacional de Transportes Terrestres) para discutir as normas [&hellip;]","og_url":"https:\/\/agenciainfra.com\/blog\/revisao-quinquenal-de-concessoes-rodoviarias-federais-e-criticada-por-excesso-de-complexidade\/","og_site_name":"Ag\u00eancia iNFRA","article_publisher":"https:\/\/www.facebook.com\/ageninfra","article_published_time":"2019-07-04T11:00:22+00:00","og_image":[{"width":1280,"height":853,"url":"https:\/\/agenciainfra.com\/blog\/wp-content\/uploads\/2019\/07\/rodovia-beth-santos-secretaria-geral-da-presidencia.jpg","type":"image\/jpeg"}],"author":"Rodrigo Zuquim","twitter_card":"summary_large_image","twitter_creator":"@agencia_infra","twitter_site":"@agencia_infra","twitter_misc":{"Escrito por":"Rodrigo Zuquim","Est. tempo de leitura":"4 minutos"},"schema":{"@context":"https:\/\/schema.org","@graph":[{"@type":"Article","@id":"https:\/\/agenciainfra.com\/blog\/revisao-quinquenal-de-concessoes-rodoviarias-federais-e-criticada-por-excesso-de-complexidade\/#article","isPartOf":{"@id":"https:\/\/agenciainfra.com\/blog\/revisao-quinquenal-de-concessoes-rodoviarias-federais-e-criticada-por-excesso-de-complexidade\/"},"author":{"name":"Rodrigo Zuquim","@id":"https:\/\/agenciainfra.com\/blog\/#\/schema\/person\/04dbb79bd6d8951f063da71f3e4c1eb1"},"headline":"Revis\u00e3o quinquenal de concess\u00f5es rodovi\u00e1rias federais \u00e9 criticada por excesso de complexidade","datePublished":"2019-07-04T11:00:22+00:00","mainEntityOfPage":{"@id":"https:\/\/agenciainfra.com\/blog\/revisao-quinquenal-de-concessoes-rodoviarias-federais-e-criticada-por-excesso-de-complexidade\/"},"wordCount":791,"publisher":{"@id":"https:\/\/agenciainfra.com\/blog\/#organization"},"image":{"@id":"https:\/\/agenciainfra.com\/blog\/revisao-quinquenal-de-concessoes-rodoviarias-federais-e-criticada-por-excesso-de-complexidade\/#primaryimage"},"thumbnailUrl":"https:\/\/agenciainfra.com\/blog\/wp-content\/uploads\/2019\/07\/rodovia-beth-santos-secretaria-geral-da-presidencia.jpg","keywords":["abcr","ANTT","concess\u00f5es rodovi\u00e1rias","FIEP","revis\u00f5es quinquenais","rodovias federais","TCU"],"articleSection":["iNFRATransporte"],"inLanguage":"pt-BR","copyrightYear":"2019","copyrightHolder":{"@id":"https:\/\/agenciainfra.com\/blog\/#organization"}},{"@type":"WebPage","@id":"https:\/\/agenciainfra.com\/blog\/revisao-quinquenal-de-concessoes-rodoviarias-federais-e-criticada-por-excesso-de-complexidade\/","url":"https:\/\/agenciainfra.com\/blog\/revisao-quinquenal-de-concessoes-rodoviarias-federais-e-criticada-por-excesso-de-complexidade\/","name":"Revis\u00e3o quinquenal de concess\u00f5es rodovi\u00e1rias federais \u00e9 criticada por excesso de complexidade - Ag\u00eancia iNFRA","isPartOf":{"@id":"https:\/\/agenciainfra.com\/blog\/#website"},"primaryImageOfPage":{"@id":"https:\/\/agenciainfra.com\/blog\/revisao-quinquenal-de-concessoes-rodoviarias-federais-e-criticada-por-excesso-de-complexidade\/#primaryimage"},"image":{"@id":"https:\/\/agenciainfra.com\/blog\/revisao-quinquenal-de-concessoes-rodoviarias-federais-e-criticada-por-excesso-de-complexidade\/#primaryimage"},"thumbnailUrl":"https:\/\/agenciainfra.com\/blog\/wp-content\/uploads\/2019\/07\/rodovia-beth-santos-secretaria-geral-da-presidencia.jpg","datePublished":"2019-07-04T11:00:22+00:00","breadcrumb":{"@id":"https:\/\/agenciainfra.com\/blog\/revisao-quinquenal-de-concessoes-rodoviarias-federais-e-criticada-por-excesso-de-complexidade\/#breadcrumb"},"inLanguage":"pt-BR","potentialAction":[{"@type":"ReadAction","target":["https:\/\/agenciainfra.com\/blog\/revisao-quinquenal-de-concessoes-rodoviarias-federais-e-criticada-por-excesso-de-complexidade\/"]}]},{"@type":"ImageObject","inLanguage":"pt-BR","@id":"https:\/\/agenciainfra.com\/blog\/revisao-quinquenal-de-concessoes-rodoviarias-federais-e-criticada-por-excesso-de-complexidade\/#primaryimage","url":"https:\/\/agenciainfra.com\/blog\/wp-content\/uploads\/2019\/07\/rodovia-beth-santos-secretaria-geral-da-presidencia.jpg","contentUrl":"https:\/\/agenciainfra.com\/blog\/wp-content\/uploads\/2019\/07\/rodovia-beth-santos-secretaria-geral-da-presidencia.jpg","width":1280,"height":853,"caption":"Foto: Beth Santos\/Secretaria Geral da PR"},{"@type":"BreadcrumbList","@id":"https:\/\/agenciainfra.com\/blog\/revisao-quinquenal-de-concessoes-rodoviarias-federais-e-criticada-por-excesso-de-complexidade\/#breadcrumb","itemListElement":[{"@type":"ListItem","position":1,"name":"In\u00edcio","item":"https:\/\/agenciainfra.com\/blog\/"},{"@type":"ListItem","position":2,"name":"Revis\u00e3o quinquenal de concess\u00f5es rodovi\u00e1rias federais \u00e9 criticada por excesso de complexidade"}]},{"@type":"WebSite","@id":"https:\/\/agenciainfra.com\/blog\/#website","url":"https:\/\/agenciainfra.com\/blog\/","name":"Ag\u00eancia iNFRA","description":"Multiplataforma de informa\u00e7\u00e3o jornal\u00edstica refer\u00eancia na \u00e1rea de infraestrutura no Brasil!","publisher":{"@id":"https:\/\/agenciainfra.com\/blog\/#organization"},"potentialAction":[{"@type":"SearchAction","target":{"@type":"EntryPoint","urlTemplate":"https:\/\/agenciainfra.com\/blog\/?s={search_term_string}"},"query-input":{"@type":"PropertyValueSpecification","valueRequired":true,"valueName":"search_term_string"}}],"inLanguage":"pt-BR"},{"@type":"Organization","@id":"https:\/\/agenciainfra.com\/blog\/#organization","name":"Ag\u00eancia iNFRA","url":"https:\/\/agenciainfra.com\/blog\/","logo":{"@type":"ImageObject","inLanguage":"pt-BR","@id":"https:\/\/agenciainfra.com\/blog\/#\/schema\/logo\/image\/","url":"https:\/\/agenciainfra.com\/blog\/wp-content\/uploads\/2023\/09\/iNFRA_5-e1761735885940.png","contentUrl":"https:\/\/agenciainfra.com\/blog\/wp-content\/uploads\/2023\/09\/iNFRA_5-e1761735885940.png","width":1672,"height":454,"caption":"Ag\u00eancia iNFRA"},"image":{"@id":"https:\/\/agenciainfra.com\/blog\/#\/schema\/logo\/image\/"},"sameAs":["https:\/\/www.facebook.com\/ageninfra","https:\/\/x.com\/agencia_infra","https:\/\/www.linkedin.com\/company\/ag\u00eanciainfra\/","https:\/\/www.instagram.com\/agenciainfra\/"]},{"@type":"Person","@id":"https:\/\/agenciainfra.com\/blog\/#\/schema\/person\/04dbb79bd6d8951f063da71f3e4c1eb1","name":"Rodrigo Zuquim","image":{"@type":"ImageObject","inLanguage":"pt-BR","@id":"https:\/\/agenciainfra.com\/blog\/#\/schema\/person\/image\/","url":"https:\/\/secure.gravatar.com\/avatar\/594abfe82761d620726242ff34ca472a705a4b97f16c790053a6b4c4035274d0?s=96&d=mm&r=g","contentUrl":"https:\/\/secure.gravatar.com\/avatar\/594abfe82761d620726242ff34ca472a705a4b97f16c790053a6b4c4035274d0?s=96&d=mm&r=g","caption":"Rodrigo Zuquim"},"url":"https:\/\/agenciainfra.com\/blog\/author\/rodrigo-zuquim\/"}]}},"_links":{"self":[{"href":"https:\/\/agenciainfra.com\/blog\/wp-json\/wp\/v2\/posts\/3396","targetHints":{"allow":["GET"]}}],"collection":[{"href":"https:\/\/agenciainfra.com\/blog\/wp-json\/wp\/v2\/posts"}],"about":[{"href":"https:\/\/agenciainfra.com\/blog\/wp-json\/wp\/v2\/types\/post"}],"author":[{"embeddable":true,"href":"https:\/\/agenciainfra.com\/blog\/wp-json\/wp\/v2\/users\/9"}],"replies":[{"embeddable":true,"href":"https:\/\/agenciainfra.com\/blog\/wp-json\/wp\/v2\/comments?post=3396"}],"version-history":[{"count":0,"href":"https:\/\/agenciainfra.com\/blog\/wp-json\/wp\/v2\/posts\/3396\/revisions"}],"wp:featuredmedia":[{"embeddable":true,"href":"https:\/\/agenciainfra.com\/blog\/wp-json\/wp\/v2\/media\/3397"}],"wp:attachment":[{"href":"https:\/\/agenciainfra.com\/blog\/wp-json\/wp\/v2\/media?parent=3396"}],"wp:term":[{"taxonomy":"category","embeddable":true,"href":"https:\/\/agenciainfra.com\/blog\/wp-json\/wp\/v2\/categories?post=3396"},{"taxonomy":"post_tag","embeddable":true,"href":"https:\/\/agenciainfra.com\/blog\/wp-json\/wp\/v2\/tags?post=3396"}],"curies":[{"name":"wp","href":"https:\/\/api.w.org\/{rel}","templated":true}]}}