{"id":3400,"date":"2019-07-05T08:00:12","date_gmt":"2019-07-05T11:00:12","guid":{"rendered":"http:\/\/www.agenciainfra.com\/blog\/?p=3400"},"modified":"2019-07-04T15:03:17","modified_gmt":"2019-07-04T18:03:17","slug":"setor-de-infraestrutura-comemora-a-manutencao-dos-recursos-do-fat-para-o-bndes-na-reforma-da-previdencia","status":"publish","type":"post","link":"https:\/\/agenciainfra.com\/blog\/setor-de-infraestrutura-comemora-a-manutencao-dos-recursos-do-fat-para-o-bndes-na-reforma-da-previdencia\/","title":{"rendered":"Setor de infraestrutura comemora a manuten\u00e7\u00e3o dos recursos do FAT para o BNDES na reforma da Previd\u00eancia"},"content":{"rendered":"<h5 style=\"text-align: right;\"><strong>Leila Coimbra, da Ag\u00eancia iNFRA<\/strong><\/h5>\n<p dir=\"ltr\">O relat\u00f3rio da reforma da Previd\u00eancia, do deputado Samuel Moreira (PSDB-SP), aprovado na comiss\u00e3o especial na C\u00e2mara nesta quinta (4), manteve os repasses do FAT (Fundo de Amparo ao Trabalhador), composto pelo PIS e pelo Pasep, para o BNDES. L\u00edderes dos partidos na C\u00e2mara, al\u00e9m de representantes do setor produtivo, reagiram negativamente ao relat\u00f3rio anterior, que previa o esvaziamento de recursos para o banco de fomento.<\/p>\n<p>A decis\u00e3o trouxe al\u00edvio para a \u00e1rea de infraestrutura, que hoje utiliza o BNDES como principal financiador. O presidente da Abdib (Associa\u00e7\u00e3o Brasileira da Infraestrutura e Ind\u00fastrias de Base), Venilton Tadini, ressaltou a import\u00e2ncia do banco para a gera\u00e7\u00e3o de riqueza no pa\u00eds.<\/p>\n<p><strong>\u201cBom senso\u201d<\/strong><br \/>\n\u201cConsideramos que prevaleceu o bom senso. A decis\u00e3o de preservar o que a Constitui\u00e7\u00e3o Federal determina hoje, que 40% dos recursos do PIS e do Pasep devem seguir para financiar atividades de programas de desenvolvimento econ\u00f4mico conduzidas pelo BNDES, \u00e9 importante para que o banco de fomento continue apoiando a gera\u00e7\u00e3o de riqueza e de empregos\u201d, disse o presidente da Abdib.<\/p>\n<p>Estima-se que os recursos do FAT somem R$ 217 bilh\u00f5es nos pr\u00f3ximos 10 anos. O parecer anterior de Samuel Moreira previa que esse dinheiro fosse destinado \u00e0 Previd\u00eancia Social, como forma de atenuar as cess\u00f5es feitas a outros segmentos contemplados pela reforma.<\/p>\n<p>Segundo Tadini, \u201ca raz\u00e3o de existir do BNDES est\u00e1 bastante conectada com a necessidade de apoiar o desenvolvimento de setores de alta complexidade e intensivos de capital, que precisam contar com um planejamento e um direcionamento do estado, de forma perene, no longo prazo\u201d.<\/p>\n<p><strong>Dificuldade em eventual retomada da economia<\/strong><br \/>\nO esvaziamento do banco, alerta o executivo, pode levar o pa\u00eds a ter dificuldade para sustentar a demanda por investimentos em uma eventual retomada da economia. \u201cA infraestrutura \u00e9 um setor caracterizado pelo chamado investimento aut\u00f4nomo, aquele que cresce a frente \u00e0 demanda, e \u00e9 marcado por especificidades \u00fanicas, como o longo prazo para o investimento, riscos consider\u00e1veis e dificuldades de mobiliza\u00e7\u00e3o do capital que configuram altas barreiras \u00e0 entrada e sa\u00edda.\u201d<\/p>\n<p><strong>BNDES financia 90% da gera\u00e7\u00e3o e\u00f3lica<\/strong><br \/>\nA presidente da Abee\u00f3lica (Associa\u00e7\u00e3o Brasileira de Energia E\u00f3lica), Elbia Gannoum, tamb\u00e9m comemorou a manuten\u00e7\u00e3o dos repasses do FAT ao BNDES. Segundo Elbia, o banco \u00e9 a principal fonte de financiamento para a gera\u00e7\u00e3o de energia movida pelos ventos.<\/p>\n<p>\u201cFalando especialmente de energia e\u00f3lica, o BNDES tem financiado cerca de 90% dos investimentos globais no segmento. O papel do banco \u00e9 fundamental. Vale salientar que a energia e\u00f3lica \u00e9 limpa, renov\u00e1vel, e tem um impacto positivo para a sociedade.\u201d<\/p>\n<p>A executiva disse que a decis\u00e3o de retirar da reforma da Previd\u00eancia a ideia de destinar os recursos do FAT para pagamento de aposentadorias e pens\u00f5es foi \u201csensata\u201d.<\/p>\n<p>\u201cTal medida levaria o BNDES a ficar praticamente sem recursos, e setores importantes para o crescimento do Brasil veriam suas possibilidades de financiamento se reduzirem drasticamente, ficando apenas com op\u00e7\u00f5es de juros alt\u00edssimos que encareceriam ainda mais nosso j\u00e1 absurdo custo Brasil\u201d, acrescentou a presidente da associa\u00e7\u00e3o.<\/p>\n","protected":false},"excerpt":{"rendered":"<p>Leila Coimbra, da Ag\u00eancia iNFRA O relat\u00f3rio da reforma da Previd\u00eancia, do deputado Samuel Moreira (PSDB-SP), aprovado na comiss\u00e3o especial na C\u00e2mara nesta quinta (4), manteve os repasses do FAT (Fundo de Amparo ao Trabalhador), composto pelo PIS e pelo Pasep, para o BNDES. L\u00edderes dos partidos na C\u00e2mara, al\u00e9m de representantes do setor produtivo, [&hellip;]<\/p>\n","protected":false},"author":9,"featured_media":3402,"comment_status":"closed","ping_status":"closed","sticky":false,"template":"","format":"standard","meta":{"_monsterinsights_skip_tracking":false,"_monsterinsights_sitenote_active":false,"_monsterinsights_sitenote_note":"","_monsterinsights_sitenote_category":0,"footnotes":""},"categories":[10],"tags":[35,725,103,1113,1109,1110,846,1111,1112],"class_list":["post-3400","post","type-post","status-publish","format-standard","has-post-thumbnail","hentry","category-infraenergia","tag-abdib","tag-abeeolica","tag-bndes","tag-elbia-gannoum","tag-fat","tag-fundo-de-amparo-ao-trabalhador","tag-reforma-da-previdencia","tag-samuel-moreira","tag-venilton-tadini"],"yoast_head":"<!-- This site is optimized with the Yoast SEO Premium plugin v25.4 (Yoast SEO v26.0) - https:\/\/yoast.com\/wordpress\/plugins\/seo\/ -->\n<title>Setor de infraestrutura comemora a manuten\u00e7\u00e3o dos recursos do FAT para o BNDES na reforma da Previd\u00eancia - Ag\u00eancia iNFRA<\/title>\n<meta name=\"robots\" content=\"index, follow, max-snippet:-1, max-image-preview:large, max-video-preview:-1\" \/>\n<link rel=\"canonical\" href=\"https:\/\/agenciainfra.com\/blog\/setor-de-infraestrutura-comemora-a-manutencao-dos-recursos-do-fat-para-o-bndes-na-reforma-da-previdencia\/\" \/>\n<meta property=\"og:locale\" content=\"pt_BR\" \/>\n<meta property=\"og:type\" content=\"article\" \/>\n<meta property=\"og:title\" content=\"Setor de infraestrutura comemora a manuten\u00e7\u00e3o dos recursos do FAT para o BNDES na reforma da Previd\u00eancia\" \/>\n<meta property=\"og:description\" content=\"Leila Coimbra, da Ag\u00eancia iNFRA O relat\u00f3rio da reforma da Previd\u00eancia, do deputado Samuel Moreira (PSDB-SP), aprovado na comiss\u00e3o especial na C\u00e2mara nesta quinta (4), manteve os repasses do FAT (Fundo de Amparo ao Trabalhador), composto pelo PIS e pelo Pasep, para o BNDES. L\u00edderes dos partidos na C\u00e2mara, al\u00e9m de representantes do setor produtivo, [&hellip;]\" \/>\n<meta property=\"og:url\" content=\"https:\/\/agenciainfra.com\/blog\/setor-de-infraestrutura-comemora-a-manutencao-dos-recursos-do-fat-para-o-bndes-na-reforma-da-previdencia\/\" \/>\n<meta property=\"og:site_name\" content=\"Ag\u00eancia iNFRA\" \/>\n<meta property=\"article:publisher\" content=\"https:\/\/www.facebook.com\/ageninfra\" \/>\n<meta property=\"article:published_time\" content=\"2019-07-05T11:00:12+00:00\" \/>\n<meta property=\"og:image\" content=\"https:\/\/agenciainfra.com\/blog\/wp-content\/uploads\/2019\/07\/samuel-moreira-foto-pablo-valadares-camara-dos-deputados.jpg\" \/>\n\t<meta property=\"og:image:width\" content=\"1668\" \/>\n\t<meta property=\"og:image:height\" content=\"1112\" \/>\n\t<meta property=\"og:image:type\" content=\"image\/jpeg\" \/>\n<meta name=\"author\" content=\"Rodrigo Zuquim\" \/>\n<meta name=\"twitter:card\" content=\"summary_large_image\" \/>\n<meta name=\"twitter:creator\" content=\"@agencia_infra\" \/>\n<meta name=\"twitter:site\" content=\"@agencia_infra\" \/>\n<meta name=\"twitter:label1\" content=\"Escrito por\" \/>\n\t<meta name=\"twitter:data1\" content=\"Rodrigo Zuquim\" \/>\n\t<meta name=\"twitter:label2\" content=\"Est. tempo de leitura\" \/>\n\t<meta name=\"twitter:data2\" content=\"3 minutos\" \/>\n<script type=\"application\/ld+json\" class=\"yoast-schema-graph\">{\"@context\":\"https:\/\/schema.org\",\"@graph\":[{\"@type\":\"Article\",\"@id\":\"https:\/\/agenciainfra.com\/blog\/setor-de-infraestrutura-comemora-a-manutencao-dos-recursos-do-fat-para-o-bndes-na-reforma-da-previdencia\/#article\",\"isPartOf\":{\"@id\":\"https:\/\/agenciainfra.com\/blog\/setor-de-infraestrutura-comemora-a-manutencao-dos-recursos-do-fat-para-o-bndes-na-reforma-da-previdencia\/\"},\"author\":{\"name\":\"Rodrigo Zuquim\",\"@id\":\"https:\/\/agenciainfra.com\/blog\/#\/schema\/person\/04dbb79bd6d8951f063da71f3e4c1eb1\"},\"headline\":\"Setor de infraestrutura comemora a manuten\u00e7\u00e3o dos recursos do FAT para o BNDES na reforma da Previd\u00eancia\",\"datePublished\":\"2019-07-05T11:00:12+00:00\",\"mainEntityOfPage\":{\"@id\":\"https:\/\/agenciainfra.com\/blog\/setor-de-infraestrutura-comemora-a-manutencao-dos-recursos-do-fat-para-o-bndes-na-reforma-da-previdencia\/\"},\"wordCount\":552,\"publisher\":{\"@id\":\"https:\/\/agenciainfra.com\/blog\/#organization\"},\"image\":{\"@id\":\"https:\/\/agenciainfra.com\/blog\/setor-de-infraestrutura-comemora-a-manutencao-dos-recursos-do-fat-para-o-bndes-na-reforma-da-previdencia\/#primaryimage\"},\"thumbnailUrl\":\"https:\/\/agenciainfra.com\/blog\/wp-content\/uploads\/2019\/07\/samuel-moreira-foto-pablo-valadares-camara-dos-deputados.jpg\",\"keywords\":[\"ABDIB\",\"abeeolica\",\"BNDES\",\"Elbia Gannoum\",\"FAT\",\"Fundo de Amparo ao Trabalhador\",\"reforma da Previd\u00eancia\",\"Samuel Moreira\",\"Venilton Tadini\"],\"articleSection\":[\"iNFRAEnergia\"],\"inLanguage\":\"pt-BR\",\"copyrightYear\":\"2019\",\"copyrightHolder\":{\"@id\":\"https:\/\/agenciainfra.com\/blog\/#organization\"}},{\"@type\":\"WebPage\",\"@id\":\"https:\/\/agenciainfra.com\/blog\/setor-de-infraestrutura-comemora-a-manutencao-dos-recursos-do-fat-para-o-bndes-na-reforma-da-previdencia\/\",\"url\":\"https:\/\/agenciainfra.com\/blog\/setor-de-infraestrutura-comemora-a-manutencao-dos-recursos-do-fat-para-o-bndes-na-reforma-da-previdencia\/\",\"name\":\"Setor de infraestrutura comemora a manuten\u00e7\u00e3o dos recursos do FAT para o BNDES na reforma da Previd\u00eancia - Ag\u00eancia iNFRA\",\"isPartOf\":{\"@id\":\"https:\/\/agenciainfra.com\/blog\/#website\"},\"primaryImageOfPage\":{\"@id\":\"https:\/\/agenciainfra.com\/blog\/setor-de-infraestrutura-comemora-a-manutencao-dos-recursos-do-fat-para-o-bndes-na-reforma-da-previdencia\/#primaryimage\"},\"image\":{\"@id\":\"https:\/\/agenciainfra.com\/blog\/setor-de-infraestrutura-comemora-a-manutencao-dos-recursos-do-fat-para-o-bndes-na-reforma-da-previdencia\/#primaryimage\"},\"thumbnailUrl\":\"https:\/\/agenciainfra.com\/blog\/wp-content\/uploads\/2019\/07\/samuel-moreira-foto-pablo-valadares-camara-dos-deputados.jpg\",\"datePublished\":\"2019-07-05T11:00:12+00:00\",\"breadcrumb\":{\"@id\":\"https:\/\/agenciainfra.com\/blog\/setor-de-infraestrutura-comemora-a-manutencao-dos-recursos-do-fat-para-o-bndes-na-reforma-da-previdencia\/#breadcrumb\"},\"inLanguage\":\"pt-BR\",\"potentialAction\":[{\"@type\":\"ReadAction\",\"target\":[\"https:\/\/agenciainfra.com\/blog\/setor-de-infraestrutura-comemora-a-manutencao-dos-recursos-do-fat-para-o-bndes-na-reforma-da-previdencia\/\"]}]},{\"@type\":\"ImageObject\",\"inLanguage\":\"pt-BR\",\"@id\":\"https:\/\/agenciainfra.com\/blog\/setor-de-infraestrutura-comemora-a-manutencao-dos-recursos-do-fat-para-o-bndes-na-reforma-da-previdencia\/#primaryimage\",\"url\":\"https:\/\/agenciainfra.com\/blog\/wp-content\/uploads\/2019\/07\/samuel-moreira-foto-pablo-valadares-camara-dos-deputados.jpg\",\"contentUrl\":\"https:\/\/agenciainfra.com\/blog\/wp-content\/uploads\/2019\/07\/samuel-moreira-foto-pablo-valadares-camara-dos-deputados.jpg\",\"width\":1668,\"height\":1112},{\"@type\":\"BreadcrumbList\",\"@id\":\"https:\/\/agenciainfra.com\/blog\/setor-de-infraestrutura-comemora-a-manutencao-dos-recursos-do-fat-para-o-bndes-na-reforma-da-previdencia\/#breadcrumb\",\"itemListElement\":[{\"@type\":\"ListItem\",\"position\":1,\"name\":\"In\u00edcio\",\"item\":\"https:\/\/agenciainfra.com\/blog\/\"},{\"@type\":\"ListItem\",\"position\":2,\"name\":\"Setor de infraestrutura comemora a manuten\u00e7\u00e3o dos recursos do FAT para o BNDES na reforma da Previd\u00eancia\"}]},{\"@type\":\"WebSite\",\"@id\":\"https:\/\/agenciainfra.com\/blog\/#website\",\"url\":\"https:\/\/agenciainfra.com\/blog\/\",\"name\":\"Ag\u00eancia iNFRA\",\"description\":\"Multiplataforma de informa\u00e7\u00e3o jornal\u00edstica refer\u00eancia na \u00e1rea de infraestrutura no Brasil!\",\"publisher\":{\"@id\":\"https:\/\/agenciainfra.com\/blog\/#organization\"},\"potentialAction\":[{\"@type\":\"SearchAction\",\"target\":{\"@type\":\"EntryPoint\",\"urlTemplate\":\"https:\/\/agenciainfra.com\/blog\/?s={search_term_string}\"},\"query-input\":{\"@type\":\"PropertyValueSpecification\",\"valueRequired\":true,\"valueName\":\"search_term_string\"}}],\"inLanguage\":\"pt-BR\"},{\"@type\":\"Organization\",\"@id\":\"https:\/\/agenciainfra.com\/blog\/#organization\",\"name\":\"Ag\u00eancia iNFRA\",\"url\":\"https:\/\/agenciainfra.com\/blog\/\",\"logo\":{\"@type\":\"ImageObject\",\"inLanguage\":\"pt-BR\",\"@id\":\"https:\/\/agenciainfra.com\/blog\/#\/schema\/logo\/image\/\",\"url\":\"https:\/\/agenciainfra.com\/blog\/wp-content\/uploads\/2023\/09\/iNFRA_5-e1761735885940.png\",\"contentUrl\":\"https:\/\/agenciainfra.com\/blog\/wp-content\/uploads\/2023\/09\/iNFRA_5-e1761735885940.png\",\"width\":1672,\"height\":454,\"caption\":\"Ag\u00eancia iNFRA\"},\"image\":{\"@id\":\"https:\/\/agenciainfra.com\/blog\/#\/schema\/logo\/image\/\"},\"sameAs\":[\"https:\/\/www.facebook.com\/ageninfra\",\"https:\/\/x.com\/agencia_infra\",\"https:\/\/www.linkedin.com\/company\/ag\u00eanciainfra\/\",\"https:\/\/www.instagram.com\/agenciainfra\/\"]},{\"@type\":\"Person\",\"@id\":\"https:\/\/agenciainfra.com\/blog\/#\/schema\/person\/04dbb79bd6d8951f063da71f3e4c1eb1\",\"name\":\"Rodrigo Zuquim\",\"image\":{\"@type\":\"ImageObject\",\"inLanguage\":\"pt-BR\",\"@id\":\"https:\/\/agenciainfra.com\/blog\/#\/schema\/person\/image\/\",\"url\":\"https:\/\/secure.gravatar.com\/avatar\/594abfe82761d620726242ff34ca472a705a4b97f16c790053a6b4c4035274d0?s=96&d=mm&r=g\",\"contentUrl\":\"https:\/\/secure.gravatar.com\/avatar\/594abfe82761d620726242ff34ca472a705a4b97f16c790053a6b4c4035274d0?s=96&d=mm&r=g\",\"caption\":\"Rodrigo Zuquim\"},\"url\":\"https:\/\/agenciainfra.com\/blog\/author\/rodrigo-zuquim\/\"}]}<\/script>\n<!-- \/ Yoast SEO Premium plugin. -->","yoast_head_json":{"title":"Setor de infraestrutura comemora a manuten\u00e7\u00e3o dos recursos do FAT para o BNDES na reforma da Previd\u00eancia - Ag\u00eancia iNFRA","robots":{"index":"index","follow":"follow","max-snippet":"max-snippet:-1","max-image-preview":"max-image-preview:large","max-video-preview":"max-video-preview:-1"},"canonical":"https:\/\/agenciainfra.com\/blog\/setor-de-infraestrutura-comemora-a-manutencao-dos-recursos-do-fat-para-o-bndes-na-reforma-da-previdencia\/","og_locale":"pt_BR","og_type":"article","og_title":"Setor de infraestrutura comemora a manuten\u00e7\u00e3o dos recursos do FAT para o BNDES na reforma da Previd\u00eancia","og_description":"Leila Coimbra, da Ag\u00eancia iNFRA O relat\u00f3rio da reforma da Previd\u00eancia, do deputado Samuel Moreira (PSDB-SP), aprovado na comiss\u00e3o especial na C\u00e2mara nesta quinta (4), manteve os repasses do FAT (Fundo de Amparo ao Trabalhador), composto pelo PIS e pelo Pasep, para o BNDES. L\u00edderes dos partidos na C\u00e2mara, al\u00e9m de representantes do setor produtivo, [&hellip;]","og_url":"https:\/\/agenciainfra.com\/blog\/setor-de-infraestrutura-comemora-a-manutencao-dos-recursos-do-fat-para-o-bndes-na-reforma-da-previdencia\/","og_site_name":"Ag\u00eancia iNFRA","article_publisher":"https:\/\/www.facebook.com\/ageninfra","article_published_time":"2019-07-05T11:00:12+00:00","og_image":[{"width":1668,"height":1112,"url":"https:\/\/agenciainfra.com\/blog\/wp-content\/uploads\/2019\/07\/samuel-moreira-foto-pablo-valadares-camara-dos-deputados.jpg","type":"image\/jpeg"}],"author":"Rodrigo Zuquim","twitter_card":"summary_large_image","twitter_creator":"@agencia_infra","twitter_site":"@agencia_infra","twitter_misc":{"Escrito por":"Rodrigo Zuquim","Est. tempo de leitura":"3 minutos"},"schema":{"@context":"https:\/\/schema.org","@graph":[{"@type":"Article","@id":"https:\/\/agenciainfra.com\/blog\/setor-de-infraestrutura-comemora-a-manutencao-dos-recursos-do-fat-para-o-bndes-na-reforma-da-previdencia\/#article","isPartOf":{"@id":"https:\/\/agenciainfra.com\/blog\/setor-de-infraestrutura-comemora-a-manutencao-dos-recursos-do-fat-para-o-bndes-na-reforma-da-previdencia\/"},"author":{"name":"Rodrigo Zuquim","@id":"https:\/\/agenciainfra.com\/blog\/#\/schema\/person\/04dbb79bd6d8951f063da71f3e4c1eb1"},"headline":"Setor de infraestrutura comemora a manuten\u00e7\u00e3o dos recursos do FAT para o BNDES na reforma da Previd\u00eancia","datePublished":"2019-07-05T11:00:12+00:00","mainEntityOfPage":{"@id":"https:\/\/agenciainfra.com\/blog\/setor-de-infraestrutura-comemora-a-manutencao-dos-recursos-do-fat-para-o-bndes-na-reforma-da-previdencia\/"},"wordCount":552,"publisher":{"@id":"https:\/\/agenciainfra.com\/blog\/#organization"},"image":{"@id":"https:\/\/agenciainfra.com\/blog\/setor-de-infraestrutura-comemora-a-manutencao-dos-recursos-do-fat-para-o-bndes-na-reforma-da-previdencia\/#primaryimage"},"thumbnailUrl":"https:\/\/agenciainfra.com\/blog\/wp-content\/uploads\/2019\/07\/samuel-moreira-foto-pablo-valadares-camara-dos-deputados.jpg","keywords":["ABDIB","abeeolica","BNDES","Elbia Gannoum","FAT","Fundo de Amparo ao Trabalhador","reforma da Previd\u00eancia","Samuel Moreira","Venilton Tadini"],"articleSection":["iNFRAEnergia"],"inLanguage":"pt-BR","copyrightYear":"2019","copyrightHolder":{"@id":"https:\/\/agenciainfra.com\/blog\/#organization"}},{"@type":"WebPage","@id":"https:\/\/agenciainfra.com\/blog\/setor-de-infraestrutura-comemora-a-manutencao-dos-recursos-do-fat-para-o-bndes-na-reforma-da-previdencia\/","url":"https:\/\/agenciainfra.com\/blog\/setor-de-infraestrutura-comemora-a-manutencao-dos-recursos-do-fat-para-o-bndes-na-reforma-da-previdencia\/","name":"Setor de infraestrutura comemora a manuten\u00e7\u00e3o dos recursos do FAT para o BNDES na reforma da Previd\u00eancia - Ag\u00eancia iNFRA","isPartOf":{"@id":"https:\/\/agenciainfra.com\/blog\/#website"},"primaryImageOfPage":{"@id":"https:\/\/agenciainfra.com\/blog\/setor-de-infraestrutura-comemora-a-manutencao-dos-recursos-do-fat-para-o-bndes-na-reforma-da-previdencia\/#primaryimage"},"image":{"@id":"https:\/\/agenciainfra.com\/blog\/setor-de-infraestrutura-comemora-a-manutencao-dos-recursos-do-fat-para-o-bndes-na-reforma-da-previdencia\/#primaryimage"},"thumbnailUrl":"https:\/\/agenciainfra.com\/blog\/wp-content\/uploads\/2019\/07\/samuel-moreira-foto-pablo-valadares-camara-dos-deputados.jpg","datePublished":"2019-07-05T11:00:12+00:00","breadcrumb":{"@id":"https:\/\/agenciainfra.com\/blog\/setor-de-infraestrutura-comemora-a-manutencao-dos-recursos-do-fat-para-o-bndes-na-reforma-da-previdencia\/#breadcrumb"},"inLanguage":"pt-BR","potentialAction":[{"@type":"ReadAction","target":["https:\/\/agenciainfra.com\/blog\/setor-de-infraestrutura-comemora-a-manutencao-dos-recursos-do-fat-para-o-bndes-na-reforma-da-previdencia\/"]}]},{"@type":"ImageObject","inLanguage":"pt-BR","@id":"https:\/\/agenciainfra.com\/blog\/setor-de-infraestrutura-comemora-a-manutencao-dos-recursos-do-fat-para-o-bndes-na-reforma-da-previdencia\/#primaryimage","url":"https:\/\/agenciainfra.com\/blog\/wp-content\/uploads\/2019\/07\/samuel-moreira-foto-pablo-valadares-camara-dos-deputados.jpg","contentUrl":"https:\/\/agenciainfra.com\/blog\/wp-content\/uploads\/2019\/07\/samuel-moreira-foto-pablo-valadares-camara-dos-deputados.jpg","width":1668,"height":1112},{"@type":"BreadcrumbList","@id":"https:\/\/agenciainfra.com\/blog\/setor-de-infraestrutura-comemora-a-manutencao-dos-recursos-do-fat-para-o-bndes-na-reforma-da-previdencia\/#breadcrumb","itemListElement":[{"@type":"ListItem","position":1,"name":"In\u00edcio","item":"https:\/\/agenciainfra.com\/blog\/"},{"@type":"ListItem","position":2,"name":"Setor de infraestrutura comemora a manuten\u00e7\u00e3o dos recursos do FAT para o BNDES na reforma da Previd\u00eancia"}]},{"@type":"WebSite","@id":"https:\/\/agenciainfra.com\/blog\/#website","url":"https:\/\/agenciainfra.com\/blog\/","name":"Ag\u00eancia iNFRA","description":"Multiplataforma de informa\u00e7\u00e3o jornal\u00edstica refer\u00eancia na \u00e1rea de infraestrutura no Brasil!","publisher":{"@id":"https:\/\/agenciainfra.com\/blog\/#organization"},"potentialAction":[{"@type":"SearchAction","target":{"@type":"EntryPoint","urlTemplate":"https:\/\/agenciainfra.com\/blog\/?s={search_term_string}"},"query-input":{"@type":"PropertyValueSpecification","valueRequired":true,"valueName":"search_term_string"}}],"inLanguage":"pt-BR"},{"@type":"Organization","@id":"https:\/\/agenciainfra.com\/blog\/#organization","name":"Ag\u00eancia iNFRA","url":"https:\/\/agenciainfra.com\/blog\/","logo":{"@type":"ImageObject","inLanguage":"pt-BR","@id":"https:\/\/agenciainfra.com\/blog\/#\/schema\/logo\/image\/","url":"https:\/\/agenciainfra.com\/blog\/wp-content\/uploads\/2023\/09\/iNFRA_5-e1761735885940.png","contentUrl":"https:\/\/agenciainfra.com\/blog\/wp-content\/uploads\/2023\/09\/iNFRA_5-e1761735885940.png","width":1672,"height":454,"caption":"Ag\u00eancia iNFRA"},"image":{"@id":"https:\/\/agenciainfra.com\/blog\/#\/schema\/logo\/image\/"},"sameAs":["https:\/\/www.facebook.com\/ageninfra","https:\/\/x.com\/agencia_infra","https:\/\/www.linkedin.com\/company\/ag\u00eanciainfra\/","https:\/\/www.instagram.com\/agenciainfra\/"]},{"@type":"Person","@id":"https:\/\/agenciainfra.com\/blog\/#\/schema\/person\/04dbb79bd6d8951f063da71f3e4c1eb1","name":"Rodrigo Zuquim","image":{"@type":"ImageObject","inLanguage":"pt-BR","@id":"https:\/\/agenciainfra.com\/blog\/#\/schema\/person\/image\/","url":"https:\/\/secure.gravatar.com\/avatar\/594abfe82761d620726242ff34ca472a705a4b97f16c790053a6b4c4035274d0?s=96&d=mm&r=g","contentUrl":"https:\/\/secure.gravatar.com\/avatar\/594abfe82761d620726242ff34ca472a705a4b97f16c790053a6b4c4035274d0?s=96&d=mm&r=g","caption":"Rodrigo Zuquim"},"url":"https:\/\/agenciainfra.com\/blog\/author\/rodrigo-zuquim\/"}]}},"_links":{"self":[{"href":"https:\/\/agenciainfra.com\/blog\/wp-json\/wp\/v2\/posts\/3400","targetHints":{"allow":["GET"]}}],"collection":[{"href":"https:\/\/agenciainfra.com\/blog\/wp-json\/wp\/v2\/posts"}],"about":[{"href":"https:\/\/agenciainfra.com\/blog\/wp-json\/wp\/v2\/types\/post"}],"author":[{"embeddable":true,"href":"https:\/\/agenciainfra.com\/blog\/wp-json\/wp\/v2\/users\/9"}],"replies":[{"embeddable":true,"href":"https:\/\/agenciainfra.com\/blog\/wp-json\/wp\/v2\/comments?post=3400"}],"version-history":[{"count":0,"href":"https:\/\/agenciainfra.com\/blog\/wp-json\/wp\/v2\/posts\/3400\/revisions"}],"wp:featuredmedia":[{"embeddable":true,"href":"https:\/\/agenciainfra.com\/blog\/wp-json\/wp\/v2\/media\/3402"}],"wp:attachment":[{"href":"https:\/\/agenciainfra.com\/blog\/wp-json\/wp\/v2\/media?parent=3400"}],"wp:term":[{"taxonomy":"category","embeddable":true,"href":"https:\/\/agenciainfra.com\/blog\/wp-json\/wp\/v2\/categories?post=3400"},{"taxonomy":"post_tag","embeddable":true,"href":"https:\/\/agenciainfra.com\/blog\/wp-json\/wp\/v2\/tags?post=3400"}],"curies":[{"name":"wp","href":"https:\/\/api.w.org\/{rel}","templated":true}]}}