{"id":3421,"date":"2019-07-11T08:00:13","date_gmt":"2019-07-11T11:00:13","guid":{"rendered":"http:\/\/www.agenciainfra.com\/blog\/?p=3421"},"modified":"2019-07-11T13:15:42","modified_gmt":"2019-07-11T16:15:42","slug":"pedido-por-transporte-de-carga-geral-predomina-como-condicao-para-renovacao-de-outorga-da-mrs","status":"publish","type":"post","link":"https:\/\/agenciainfra.com\/blog\/pedido-por-transporte-de-carga-geral-predomina-como-condicao-para-renovacao-de-outorga-da-mrs\/","title":{"rendered":"Pedido por transporte de carga geral predomina como condi\u00e7\u00e3o para renova\u00e7\u00e3o de outorga da MRS"},"content":{"rendered":"<h5 style=\"text-align: right;\"><strong>Bernardo Gonzaga, da Ag\u00eancia iNFRA<\/strong><\/h5>\n<div>\n<p>Na \u00faltima audi\u00eancia p\u00fablica na ANTT (Ag\u00eancia Nacional de Transportes Terrestres) para receber contribui\u00e7\u00f5es \u00e0 renova\u00e7\u00e3o de outorga da malha da MRS Log\u00edstica, na semana passada, os participantes foram praticamente un\u00e2nimes em pedir para que a companhia ferrovi\u00e1ria se abra tamb\u00e9m para o transporte de carga geral.<\/p>\n<p>Hoje, mais de 80% da carga transportada pela MRS Log\u00edstica \u00e9 min\u00e9rio de ferro. O diretor de Rela\u00e7\u00f5es Institucionais da companhia, Gustavo Bambini, confirmou a pretens\u00e3o da empresa em aderir a outras cargas, caso ela venha ter a outorga renovada.<\/p>\n<p>\u201c\u00c9 desafiador para uma empresa que passou os \u00faltimos 20 anos com um servi\u00e7o de excel\u00eancia prestado e prestar esse mesmo grau de servi\u00e7o para novas cargas. Mas ao mesmo tempo \u00e9 reconfortante imaginar que poderemos fazer isso nos pr\u00f3ximos anos, caso a prorroga\u00e7\u00e3o do nosso contrato venha a ser aceita\u201d, disse.<\/p>\n<p>A expectativa \u00e9 que a MRS construa o Trem Intercidades ligando S\u00e3o Paulo a Campinas (SP) para transporte de passageiros. A constru\u00e7\u00e3o do Ferroanel, tamb\u00e9m em S\u00e3o Paulo, ainda \u00e9 uma d\u00favida. O diretor da companhia n\u00e3o revelou quais trechos ser\u00e3o constru\u00eddos como contrapartida \u00e0 renova\u00e7\u00e3o.<\/p>\n<p><strong>Cr\u00edticas<\/strong><br \/>\nO presidente da ANUT (Associa\u00e7\u00e3o Nacional dos Usu\u00e1rios do Transporte de Cargas), Luiz Baldez, embora n\u00e3o tenha se manifestado contra a renova\u00e7\u00e3o da malha, disse que n\u00e3o ficou claro na proposta da MRS qual ser\u00e1 o benef\u00edcio do usu\u00e1rio.<\/p>\n<p>Ele criticou tamb\u00e9m que o documento com a proposta de renova\u00e7\u00e3o da malha tem cerca de 1.500 p\u00e1ginas e que ficou dispon\u00edvel no site da ag\u00eancia somente 12 dias antes do in\u00edcio das sess\u00f5es de audi\u00eancias p\u00fablicas.<\/p>\n<p>Outro ponto debatido foi o direito de passagem. Segundo C\u00e9lio Pereira, consultor da Otimiza Consulting Group, o direito de passagem \u201cdeveria estar claro, porque ele auxilia o operador ferrovi\u00e1rio independente a ter seu material rodante e poder concorrer, o que ajudaria a regular o frete de uma forma a reduzir a nossa perda log\u00edstica de 5% do PIB ao ano\u201d, disse.<\/p>\n<p><strong>Relat\u00f3rio Final<\/strong><br \/>\nSegundo o relat\u00f3rio final da ANTT, o valor de outorga estimado para a renova\u00e7\u00e3o da malha da MRS \u00e9 de R$ 2,07 bilh\u00f5es e VPL (Valor Presente L\u00edquido) de 11,04% ao ano, com pre\u00e7os de dezembro de 2017.<\/p>\n<p>O relat\u00f3rio aponta tamb\u00e9m que, caso o contrato de concess\u00e3o seja prorrogado, haver\u00e1 um montante de R$ 16,7 bilh\u00f5es em novos investimentos, o que inclui amplia\u00e7\u00e3o do p\u00e1tio de Santos (SP) e adequa\u00e7\u00e3o do p\u00e1tio de Campo Grande (MS).<\/p>\n<\/div>\n","protected":false},"excerpt":{"rendered":"<p>Bernardo Gonzaga, da Ag\u00eancia iNFRA Na \u00faltima audi\u00eancia p\u00fablica na ANTT (Ag\u00eancia Nacional de Transportes Terrestres) para receber contribui\u00e7\u00f5es \u00e0 renova\u00e7\u00e3o de outorga da malha da MRS Log\u00edstica, na semana passada, os participantes foram praticamente un\u00e2nimes em pedir para que a companhia ferrovi\u00e1ria se abra tamb\u00e9m para o transporte de carga geral. Hoje, mais de [&hellip;]<\/p>\n","protected":false},"author":9,"featured_media":3422,"comment_status":"closed","ping_status":"closed","sticky":false,"template":"","format":"standard","meta":{"_monsterinsights_skip_tracking":false,"_monsterinsights_sitenote_active":false,"_monsterinsights_sitenote_note":"","_monsterinsights_sitenote_category":0,"footnotes":""},"categories":[7],"tags":[19,947,1124,1063,948,1061,1125,1123],"class_list":["post-3421","post","type-post","status-publish","format-standard","has-post-thumbnail","hentry","category-infratransporte","tag-antt","tag-anut","tag-celio-pereira","tag-gustavo-bambini","tag-luiz-baldez","tag-mrs-logistica","tag-otimiza-consulting-group","tag-trem-intercidades"],"yoast_head":"<!-- This site is optimized with the Yoast SEO Premium plugin v25.4 (Yoast SEO v26.0) - https:\/\/yoast.com\/wordpress\/plugins\/seo\/ -->\n<title>Pedido por transporte de carga geral predomina como condi\u00e7\u00e3o para renova\u00e7\u00e3o de outorga da MRS - Ag\u00eancia iNFRA<\/title>\n<meta name=\"robots\" content=\"index, follow, max-snippet:-1, max-image-preview:large, max-video-preview:-1\" \/>\n<link rel=\"canonical\" href=\"https:\/\/agenciainfra.com\/blog\/pedido-por-transporte-de-carga-geral-predomina-como-condicao-para-renovacao-de-outorga-da-mrs\/\" \/>\n<meta property=\"og:locale\" content=\"pt_BR\" \/>\n<meta property=\"og:type\" content=\"article\" \/>\n<meta property=\"og:title\" content=\"Pedido por transporte de carga geral predomina como condi\u00e7\u00e3o para renova\u00e7\u00e3o de outorga da MRS\" \/>\n<meta property=\"og:description\" content=\"Bernardo Gonzaga, da Ag\u00eancia iNFRA Na \u00faltima audi\u00eancia p\u00fablica na ANTT (Ag\u00eancia Nacional de Transportes Terrestres) para receber contribui\u00e7\u00f5es \u00e0 renova\u00e7\u00e3o de outorga da malha da MRS Log\u00edstica, na semana passada, os participantes foram praticamente un\u00e2nimes em pedir para que a companhia ferrovi\u00e1ria se abra tamb\u00e9m para o transporte de carga geral. Hoje, mais de [&hellip;]\" \/>\n<meta property=\"og:url\" content=\"https:\/\/agenciainfra.com\/blog\/pedido-por-transporte-de-carga-geral-predomina-como-condicao-para-renovacao-de-outorga-da-mrs\/\" \/>\n<meta property=\"og:site_name\" content=\"Ag\u00eancia iNFRA\" \/>\n<meta property=\"article:publisher\" content=\"https:\/\/www.facebook.com\/ageninfra\" \/>\n<meta property=\"article:published_time\" content=\"2019-07-11T11:00:13+00:00\" \/>\n<meta property=\"article:modified_time\" content=\"2019-07-11T16:15:42+00:00\" \/>\n<meta property=\"og:image\" content=\"https:\/\/agenciainfra.com\/blog\/wp-content\/uploads\/2019\/07\/divulgacao-ANTT-1024x682.jpg\" \/>\n\t<meta property=\"og:image:width\" content=\"1024\" \/>\n\t<meta property=\"og:image:height\" content=\"682\" \/>\n\t<meta property=\"og:image:type\" content=\"image\/jpeg\" \/>\n<meta name=\"author\" content=\"Rodrigo Zuquim\" \/>\n<meta name=\"twitter:card\" content=\"summary_large_image\" \/>\n<meta name=\"twitter:creator\" content=\"@agencia_infra\" \/>\n<meta name=\"twitter:site\" content=\"@agencia_infra\" \/>\n<meta name=\"twitter:label1\" content=\"Escrito por\" \/>\n\t<meta name=\"twitter:data1\" content=\"Rodrigo Zuquim\" \/>\n\t<meta name=\"twitter:label2\" content=\"Est. tempo de leitura\" \/>\n\t<meta name=\"twitter:data2\" content=\"2 minutos\" \/>\n<script type=\"application\/ld+json\" class=\"yoast-schema-graph\">{\"@context\":\"https:\/\/schema.org\",\"@graph\":[{\"@type\":\"Article\",\"@id\":\"https:\/\/agenciainfra.com\/blog\/pedido-por-transporte-de-carga-geral-predomina-como-condicao-para-renovacao-de-outorga-da-mrs\/#article\",\"isPartOf\":{\"@id\":\"https:\/\/agenciainfra.com\/blog\/pedido-por-transporte-de-carga-geral-predomina-como-condicao-para-renovacao-de-outorga-da-mrs\/\"},\"author\":{\"name\":\"Rodrigo Zuquim\",\"@id\":\"https:\/\/agenciainfra.com\/blog\/#\/schema\/person\/04dbb79bd6d8951f063da71f3e4c1eb1\"},\"headline\":\"Pedido por transporte de carga geral predomina como condi\u00e7\u00e3o para renova\u00e7\u00e3o de outorga da MRS\",\"datePublished\":\"2019-07-11T11:00:13+00:00\",\"dateModified\":\"2019-07-11T16:15:42+00:00\",\"mainEntityOfPage\":{\"@id\":\"https:\/\/agenciainfra.com\/blog\/pedido-por-transporte-de-carga-geral-predomina-como-condicao-para-renovacao-de-outorga-da-mrs\/\"},\"wordCount\":469,\"publisher\":{\"@id\":\"https:\/\/agenciainfra.com\/blog\/#organization\"},\"image\":{\"@id\":\"https:\/\/agenciainfra.com\/blog\/pedido-por-transporte-de-carga-geral-predomina-como-condicao-para-renovacao-de-outorga-da-mrs\/#primaryimage\"},\"thumbnailUrl\":\"https:\/\/agenciainfra.com\/blog\/wp-content\/uploads\/2019\/07\/divulgacao-ANTT.jpg\",\"keywords\":[\"ANTT\",\"ANUT\",\"C\u00e9lio Pereira\",\"Gustavo Bambini\",\"Luiz Baldez\",\"MRS Log\u00edstica\",\"Otimiza Consulting Group\",\"Trem Intercidades\"],\"articleSection\":[\"iNFRATransporte\"],\"inLanguage\":\"pt-BR\",\"copyrightYear\":\"2019\",\"copyrightHolder\":{\"@id\":\"https:\/\/agenciainfra.com\/blog\/#organization\"}},{\"@type\":\"WebPage\",\"@id\":\"https:\/\/agenciainfra.com\/blog\/pedido-por-transporte-de-carga-geral-predomina-como-condicao-para-renovacao-de-outorga-da-mrs\/\",\"url\":\"https:\/\/agenciainfra.com\/blog\/pedido-por-transporte-de-carga-geral-predomina-como-condicao-para-renovacao-de-outorga-da-mrs\/\",\"name\":\"Pedido por transporte de carga geral predomina como condi\u00e7\u00e3o para renova\u00e7\u00e3o de outorga da MRS - Ag\u00eancia iNFRA\",\"isPartOf\":{\"@id\":\"https:\/\/agenciainfra.com\/blog\/#website\"},\"primaryImageOfPage\":{\"@id\":\"https:\/\/agenciainfra.com\/blog\/pedido-por-transporte-de-carga-geral-predomina-como-condicao-para-renovacao-de-outorga-da-mrs\/#primaryimage\"},\"image\":{\"@id\":\"https:\/\/agenciainfra.com\/blog\/pedido-por-transporte-de-carga-geral-predomina-como-condicao-para-renovacao-de-outorga-da-mrs\/#primaryimage\"},\"thumbnailUrl\":\"https:\/\/agenciainfra.com\/blog\/wp-content\/uploads\/2019\/07\/divulgacao-ANTT.jpg\",\"datePublished\":\"2019-07-11T11:00:13+00:00\",\"dateModified\":\"2019-07-11T16:15:42+00:00\",\"breadcrumb\":{\"@id\":\"https:\/\/agenciainfra.com\/blog\/pedido-por-transporte-de-carga-geral-predomina-como-condicao-para-renovacao-de-outorga-da-mrs\/#breadcrumb\"},\"inLanguage\":\"pt-BR\",\"potentialAction\":[{\"@type\":\"ReadAction\",\"target\":[\"https:\/\/agenciainfra.com\/blog\/pedido-por-transporte-de-carga-geral-predomina-como-condicao-para-renovacao-de-outorga-da-mrs\/\"]}]},{\"@type\":\"ImageObject\",\"inLanguage\":\"pt-BR\",\"@id\":\"https:\/\/agenciainfra.com\/blog\/pedido-por-transporte-de-carga-geral-predomina-como-condicao-para-renovacao-de-outorga-da-mrs\/#primaryimage\",\"url\":\"https:\/\/agenciainfra.com\/blog\/wp-content\/uploads\/2019\/07\/divulgacao-ANTT.jpg\",\"contentUrl\":\"https:\/\/agenciainfra.com\/blog\/wp-content\/uploads\/2019\/07\/divulgacao-ANTT.jpg\",\"width\":4276,\"height\":2846},{\"@type\":\"BreadcrumbList\",\"@id\":\"https:\/\/agenciainfra.com\/blog\/pedido-por-transporte-de-carga-geral-predomina-como-condicao-para-renovacao-de-outorga-da-mrs\/#breadcrumb\",\"itemListElement\":[{\"@type\":\"ListItem\",\"position\":1,\"name\":\"In\u00edcio\",\"item\":\"https:\/\/agenciainfra.com\/blog\/\"},{\"@type\":\"ListItem\",\"position\":2,\"name\":\"Pedido por transporte de carga geral predomina como condi\u00e7\u00e3o para renova\u00e7\u00e3o de outorga da MRS\"}]},{\"@type\":\"WebSite\",\"@id\":\"https:\/\/agenciainfra.com\/blog\/#website\",\"url\":\"https:\/\/agenciainfra.com\/blog\/\",\"name\":\"Ag\u00eancia iNFRA\",\"description\":\"Multiplataforma de informa\u00e7\u00e3o jornal\u00edstica refer\u00eancia na \u00e1rea de infraestrutura no Brasil!\",\"publisher\":{\"@id\":\"https:\/\/agenciainfra.com\/blog\/#organization\"},\"potentialAction\":[{\"@type\":\"SearchAction\",\"target\":{\"@type\":\"EntryPoint\",\"urlTemplate\":\"https:\/\/agenciainfra.com\/blog\/?s={search_term_string}\"},\"query-input\":{\"@type\":\"PropertyValueSpecification\",\"valueRequired\":true,\"valueName\":\"search_term_string\"}}],\"inLanguage\":\"pt-BR\"},{\"@type\":\"Organization\",\"@id\":\"https:\/\/agenciainfra.com\/blog\/#organization\",\"name\":\"Ag\u00eancia iNFRA\",\"url\":\"https:\/\/agenciainfra.com\/blog\/\",\"logo\":{\"@type\":\"ImageObject\",\"inLanguage\":\"pt-BR\",\"@id\":\"https:\/\/agenciainfra.com\/blog\/#\/schema\/logo\/image\/\",\"url\":\"https:\/\/agenciainfra.com\/blog\/wp-content\/uploads\/2023\/09\/iNFRA_5-e1761735885940.png\",\"contentUrl\":\"https:\/\/agenciainfra.com\/blog\/wp-content\/uploads\/2023\/09\/iNFRA_5-e1761735885940.png\",\"width\":1672,\"height\":454,\"caption\":\"Ag\u00eancia iNFRA\"},\"image\":{\"@id\":\"https:\/\/agenciainfra.com\/blog\/#\/schema\/logo\/image\/\"},\"sameAs\":[\"https:\/\/www.facebook.com\/ageninfra\",\"https:\/\/x.com\/agencia_infra\",\"https:\/\/www.linkedin.com\/company\/ag\u00eanciainfra\/\",\"https:\/\/www.instagram.com\/agenciainfra\/\"]},{\"@type\":\"Person\",\"@id\":\"https:\/\/agenciainfra.com\/blog\/#\/schema\/person\/04dbb79bd6d8951f063da71f3e4c1eb1\",\"name\":\"Rodrigo Zuquim\",\"image\":{\"@type\":\"ImageObject\",\"inLanguage\":\"pt-BR\",\"@id\":\"https:\/\/agenciainfra.com\/blog\/#\/schema\/person\/image\/\",\"url\":\"https:\/\/secure.gravatar.com\/avatar\/594abfe82761d620726242ff34ca472a705a4b97f16c790053a6b4c4035274d0?s=96&d=mm&r=g\",\"contentUrl\":\"https:\/\/secure.gravatar.com\/avatar\/594abfe82761d620726242ff34ca472a705a4b97f16c790053a6b4c4035274d0?s=96&d=mm&r=g\",\"caption\":\"Rodrigo Zuquim\"},\"url\":\"https:\/\/agenciainfra.com\/blog\/author\/rodrigo-zuquim\/\"}]}<\/script>\n<!-- \/ Yoast SEO Premium plugin. -->","yoast_head_json":{"title":"Pedido por transporte de carga geral predomina como condi\u00e7\u00e3o para renova\u00e7\u00e3o de outorga da MRS - Ag\u00eancia iNFRA","robots":{"index":"index","follow":"follow","max-snippet":"max-snippet:-1","max-image-preview":"max-image-preview:large","max-video-preview":"max-video-preview:-1"},"canonical":"https:\/\/agenciainfra.com\/blog\/pedido-por-transporte-de-carga-geral-predomina-como-condicao-para-renovacao-de-outorga-da-mrs\/","og_locale":"pt_BR","og_type":"article","og_title":"Pedido por transporte de carga geral predomina como condi\u00e7\u00e3o para renova\u00e7\u00e3o de outorga da MRS","og_description":"Bernardo Gonzaga, da Ag\u00eancia iNFRA Na \u00faltima audi\u00eancia p\u00fablica na ANTT (Ag\u00eancia Nacional de Transportes Terrestres) para receber contribui\u00e7\u00f5es \u00e0 renova\u00e7\u00e3o de outorga da malha da MRS Log\u00edstica, na semana passada, os participantes foram praticamente un\u00e2nimes em pedir para que a companhia ferrovi\u00e1ria se abra tamb\u00e9m para o transporte de carga geral. Hoje, mais de [&hellip;]","og_url":"https:\/\/agenciainfra.com\/blog\/pedido-por-transporte-de-carga-geral-predomina-como-condicao-para-renovacao-de-outorga-da-mrs\/","og_site_name":"Ag\u00eancia iNFRA","article_publisher":"https:\/\/www.facebook.com\/ageninfra","article_published_time":"2019-07-11T11:00:13+00:00","article_modified_time":"2019-07-11T16:15:42+00:00","og_image":[{"width":1024,"height":682,"url":"https:\/\/agenciainfra.com\/blog\/wp-content\/uploads\/2019\/07\/divulgacao-ANTT-1024x682.jpg","type":"image\/jpeg"}],"author":"Rodrigo Zuquim","twitter_card":"summary_large_image","twitter_creator":"@agencia_infra","twitter_site":"@agencia_infra","twitter_misc":{"Escrito por":"Rodrigo Zuquim","Est. tempo de leitura":"2 minutos"},"schema":{"@context":"https:\/\/schema.org","@graph":[{"@type":"Article","@id":"https:\/\/agenciainfra.com\/blog\/pedido-por-transporte-de-carga-geral-predomina-como-condicao-para-renovacao-de-outorga-da-mrs\/#article","isPartOf":{"@id":"https:\/\/agenciainfra.com\/blog\/pedido-por-transporte-de-carga-geral-predomina-como-condicao-para-renovacao-de-outorga-da-mrs\/"},"author":{"name":"Rodrigo Zuquim","@id":"https:\/\/agenciainfra.com\/blog\/#\/schema\/person\/04dbb79bd6d8951f063da71f3e4c1eb1"},"headline":"Pedido por transporte de carga geral predomina como condi\u00e7\u00e3o para renova\u00e7\u00e3o de outorga da MRS","datePublished":"2019-07-11T11:00:13+00:00","dateModified":"2019-07-11T16:15:42+00:00","mainEntityOfPage":{"@id":"https:\/\/agenciainfra.com\/blog\/pedido-por-transporte-de-carga-geral-predomina-como-condicao-para-renovacao-de-outorga-da-mrs\/"},"wordCount":469,"publisher":{"@id":"https:\/\/agenciainfra.com\/blog\/#organization"},"image":{"@id":"https:\/\/agenciainfra.com\/blog\/pedido-por-transporte-de-carga-geral-predomina-como-condicao-para-renovacao-de-outorga-da-mrs\/#primaryimage"},"thumbnailUrl":"https:\/\/agenciainfra.com\/blog\/wp-content\/uploads\/2019\/07\/divulgacao-ANTT.jpg","keywords":["ANTT","ANUT","C\u00e9lio Pereira","Gustavo Bambini","Luiz Baldez","MRS Log\u00edstica","Otimiza Consulting Group","Trem Intercidades"],"articleSection":["iNFRATransporte"],"inLanguage":"pt-BR","copyrightYear":"2019","copyrightHolder":{"@id":"https:\/\/agenciainfra.com\/blog\/#organization"}},{"@type":"WebPage","@id":"https:\/\/agenciainfra.com\/blog\/pedido-por-transporte-de-carga-geral-predomina-como-condicao-para-renovacao-de-outorga-da-mrs\/","url":"https:\/\/agenciainfra.com\/blog\/pedido-por-transporte-de-carga-geral-predomina-como-condicao-para-renovacao-de-outorga-da-mrs\/","name":"Pedido por transporte de carga geral predomina como condi\u00e7\u00e3o para renova\u00e7\u00e3o de outorga da MRS - Ag\u00eancia iNFRA","isPartOf":{"@id":"https:\/\/agenciainfra.com\/blog\/#website"},"primaryImageOfPage":{"@id":"https:\/\/agenciainfra.com\/blog\/pedido-por-transporte-de-carga-geral-predomina-como-condicao-para-renovacao-de-outorga-da-mrs\/#primaryimage"},"image":{"@id":"https:\/\/agenciainfra.com\/blog\/pedido-por-transporte-de-carga-geral-predomina-como-condicao-para-renovacao-de-outorga-da-mrs\/#primaryimage"},"thumbnailUrl":"https:\/\/agenciainfra.com\/blog\/wp-content\/uploads\/2019\/07\/divulgacao-ANTT.jpg","datePublished":"2019-07-11T11:00:13+00:00","dateModified":"2019-07-11T16:15:42+00:00","breadcrumb":{"@id":"https:\/\/agenciainfra.com\/blog\/pedido-por-transporte-de-carga-geral-predomina-como-condicao-para-renovacao-de-outorga-da-mrs\/#breadcrumb"},"inLanguage":"pt-BR","potentialAction":[{"@type":"ReadAction","target":["https:\/\/agenciainfra.com\/blog\/pedido-por-transporte-de-carga-geral-predomina-como-condicao-para-renovacao-de-outorga-da-mrs\/"]}]},{"@type":"ImageObject","inLanguage":"pt-BR","@id":"https:\/\/agenciainfra.com\/blog\/pedido-por-transporte-de-carga-geral-predomina-como-condicao-para-renovacao-de-outorga-da-mrs\/#primaryimage","url":"https:\/\/agenciainfra.com\/blog\/wp-content\/uploads\/2019\/07\/divulgacao-ANTT.jpg","contentUrl":"https:\/\/agenciainfra.com\/blog\/wp-content\/uploads\/2019\/07\/divulgacao-ANTT.jpg","width":4276,"height":2846},{"@type":"BreadcrumbList","@id":"https:\/\/agenciainfra.com\/blog\/pedido-por-transporte-de-carga-geral-predomina-como-condicao-para-renovacao-de-outorga-da-mrs\/#breadcrumb","itemListElement":[{"@type":"ListItem","position":1,"name":"In\u00edcio","item":"https:\/\/agenciainfra.com\/blog\/"},{"@type":"ListItem","position":2,"name":"Pedido por transporte de carga geral predomina como condi\u00e7\u00e3o para renova\u00e7\u00e3o de outorga da MRS"}]},{"@type":"WebSite","@id":"https:\/\/agenciainfra.com\/blog\/#website","url":"https:\/\/agenciainfra.com\/blog\/","name":"Ag\u00eancia iNFRA","description":"Multiplataforma de informa\u00e7\u00e3o jornal\u00edstica refer\u00eancia na \u00e1rea de infraestrutura no Brasil!","publisher":{"@id":"https:\/\/agenciainfra.com\/blog\/#organization"},"potentialAction":[{"@type":"SearchAction","target":{"@type":"EntryPoint","urlTemplate":"https:\/\/agenciainfra.com\/blog\/?s={search_term_string}"},"query-input":{"@type":"PropertyValueSpecification","valueRequired":true,"valueName":"search_term_string"}}],"inLanguage":"pt-BR"},{"@type":"Organization","@id":"https:\/\/agenciainfra.com\/blog\/#organization","name":"Ag\u00eancia iNFRA","url":"https:\/\/agenciainfra.com\/blog\/","logo":{"@type":"ImageObject","inLanguage":"pt-BR","@id":"https:\/\/agenciainfra.com\/blog\/#\/schema\/logo\/image\/","url":"https:\/\/agenciainfra.com\/blog\/wp-content\/uploads\/2023\/09\/iNFRA_5-e1761735885940.png","contentUrl":"https:\/\/agenciainfra.com\/blog\/wp-content\/uploads\/2023\/09\/iNFRA_5-e1761735885940.png","width":1672,"height":454,"caption":"Ag\u00eancia iNFRA"},"image":{"@id":"https:\/\/agenciainfra.com\/blog\/#\/schema\/logo\/image\/"},"sameAs":["https:\/\/www.facebook.com\/ageninfra","https:\/\/x.com\/agencia_infra","https:\/\/www.linkedin.com\/company\/ag\u00eanciainfra\/","https:\/\/www.instagram.com\/agenciainfra\/"]},{"@type":"Person","@id":"https:\/\/agenciainfra.com\/blog\/#\/schema\/person\/04dbb79bd6d8951f063da71f3e4c1eb1","name":"Rodrigo Zuquim","image":{"@type":"ImageObject","inLanguage":"pt-BR","@id":"https:\/\/agenciainfra.com\/blog\/#\/schema\/person\/image\/","url":"https:\/\/secure.gravatar.com\/avatar\/594abfe82761d620726242ff34ca472a705a4b97f16c790053a6b4c4035274d0?s=96&d=mm&r=g","contentUrl":"https:\/\/secure.gravatar.com\/avatar\/594abfe82761d620726242ff34ca472a705a4b97f16c790053a6b4c4035274d0?s=96&d=mm&r=g","caption":"Rodrigo Zuquim"},"url":"https:\/\/agenciainfra.com\/blog\/author\/rodrigo-zuquim\/"}]}},"_links":{"self":[{"href":"https:\/\/agenciainfra.com\/blog\/wp-json\/wp\/v2\/posts\/3421","targetHints":{"allow":["GET"]}}],"collection":[{"href":"https:\/\/agenciainfra.com\/blog\/wp-json\/wp\/v2\/posts"}],"about":[{"href":"https:\/\/agenciainfra.com\/blog\/wp-json\/wp\/v2\/types\/post"}],"author":[{"embeddable":true,"href":"https:\/\/agenciainfra.com\/blog\/wp-json\/wp\/v2\/users\/9"}],"replies":[{"embeddable":true,"href":"https:\/\/agenciainfra.com\/blog\/wp-json\/wp\/v2\/comments?post=3421"}],"version-history":[{"count":0,"href":"https:\/\/agenciainfra.com\/blog\/wp-json\/wp\/v2\/posts\/3421\/revisions"}],"wp:featuredmedia":[{"embeddable":true,"href":"https:\/\/agenciainfra.com\/blog\/wp-json\/wp\/v2\/media\/3422"}],"wp:attachment":[{"href":"https:\/\/agenciainfra.com\/blog\/wp-json\/wp\/v2\/media?parent=3421"}],"wp:term":[{"taxonomy":"category","embeddable":true,"href":"https:\/\/agenciainfra.com\/blog\/wp-json\/wp\/v2\/categories?post=3421"},{"taxonomy":"post_tag","embeddable":true,"href":"https:\/\/agenciainfra.com\/blog\/wp-json\/wp\/v2\/tags?post=3421"}],"curies":[{"name":"wp","href":"https:\/\/api.w.org\/{rel}","templated":true}]}}