{"id":34328,"date":"2025-12-26T10:32:34","date_gmt":"2025-12-26T13:32:34","guid":{"rendered":"https:\/\/agenciainfra.com\/blog\/?p=34328"},"modified":"2025-12-30T12:34:37","modified_gmt":"2025-12-30T15:34:37","slug":"diretor-geral-do-ons-acompanha-operadores-na-vespera-do-natal","status":"publish","type":"post","link":"https:\/\/agenciainfra.com\/blog\/diretor-geral-do-ons-acompanha-operadores-na-vespera-do-natal\/","title":{"rendered":"Diretor-geral do ONS acompanha operadores na v\u00e9spera do Natal"},"content":{"rendered":"\n<p class=\"has-text-align-right\"><strong>da Ag\u00eancia iNFRA<\/strong><\/p>\n\n\n\n<p>O diretor-geral do ONS (Operador Nacional do Sistema El\u00e9trico), Marcio Rea, acompanhou a evolu\u00e7\u00e3o da carga de energia no centro de opera\u00e7\u00f5es do Rio de Janeiro na noite da v\u00e9spera de Natal, quarta-feira (24). O ministro de Minas e Energia, Alexandre Silveira, tamb\u00e9m participou do momento com os colaboradores da institui\u00e7\u00e3o de forma remota.<\/p>\n\n\n\n<p>Segundo nota do operador, a visita refor\u00e7a o compromisso da lideran\u00e7a com a miss\u00e3o essencial do ONS: garantir a seguran\u00e7a e a confiabilidade do fornecimento de energia el\u00e9trica para todo o pa\u00eds, mesmo em momentos de celebra\u00e7\u00e3o. Tamb\u00e9m participaram os diretores de Opera\u00e7\u00e3o, Christiano Vieira, e de TI, Relacionamento com Agentes e Assuntos Regulat\u00f3rios, Mauricio de Souza.<\/p>\n\n\n\n<p>\u201c\u00c9 um privil\u00e9gio poder estar aqui neste momento com voc\u00eas, que mant\u00eam o pa\u00eds com energia enquanto milh\u00f5es celebram com suas fam\u00edlias. Essa dedica\u00e7\u00e3o \u00e9 o que sustenta a confian\u00e7a no nosso sistema\u201d, afirmou o diretor-geral.<\/p>\n","protected":false},"excerpt":{"rendered":"<p>da Ag\u00eancia iNFRA O diretor-geral do ONS (Operador Nacional do Sistema El\u00e9trico), Marcio Rea, acompanhou a evolu\u00e7\u00e3o da carga de energia no centro de opera\u00e7\u00f5es do Rio de Janeiro na noite da v\u00e9spera de Natal, quarta-feira (24). O ministro de Minas e Energia, Alexandre Silveira, tamb\u00e9m participou do momento com os colaboradores da institui\u00e7\u00e3o de [&hellip;]<\/p>\n","protected":false},"author":1,"featured_media":29138,"comment_status":"closed","ping_status":"closed","sticky":false,"template":"","format":"standard","meta":{"_monsterinsights_skip_tracking":false,"_monsterinsights_sitenote_active":false,"_monsterinsights_sitenote_note":"","_monsterinsights_sitenote_category":0,"footnotes":""},"categories":[10],"tags":[6040,4194,9635,17661,216],"class_list":["post-34328","post","type-post","status-publish","format-standard","has-post-thumbnail","hentry","category-infraenergia","tag-alexandre-silveira","tag-christiano-vieira","tag-marcio-rea","tag-mauricio-de-souza","tag-ons"],"yoast_head":"<!-- This site is optimized with the Yoast SEO Premium plugin v25.4 (Yoast SEO v26.0) - https:\/\/yoast.com\/wordpress\/plugins\/seo\/ -->\n<title>Diretor-geral do ONS acompanha operadores na v\u00e9spera do Natal - Ag\u00eancia iNFRA<\/title>\n<meta name=\"robots\" content=\"index, follow, max-snippet:-1, max-image-preview:large, max-video-preview:-1\" \/>\n<link rel=\"canonical\" href=\"https:\/\/agenciainfra.com\/blog\/diretor-geral-do-ons-acompanha-operadores-na-vespera-do-natal\/\" \/>\n<meta property=\"og:locale\" content=\"pt_BR\" \/>\n<meta property=\"og:type\" content=\"article\" \/>\n<meta property=\"og:title\" content=\"Diretor-geral do ONS acompanha operadores na v\u00e9spera do Natal\" \/>\n<meta property=\"og:description\" content=\"da Ag\u00eancia iNFRA O diretor-geral do ONS (Operador Nacional do Sistema El\u00e9trico), Marcio Rea, acompanhou a evolu\u00e7\u00e3o da carga de energia no centro de opera\u00e7\u00f5es do Rio de Janeiro na noite da v\u00e9spera de Natal, quarta-feira (24). O ministro de Minas e Energia, Alexandre Silveira, tamb\u00e9m participou do momento com os colaboradores da institui\u00e7\u00e3o de [&hellip;]\" \/>\n<meta property=\"og:url\" content=\"https:\/\/agenciainfra.com\/blog\/diretor-geral-do-ons-acompanha-operadores-na-vespera-do-natal\/\" \/>\n<meta property=\"og:site_name\" content=\"Ag\u00eancia iNFRA\" \/>\n<meta property=\"article:publisher\" content=\"https:\/\/www.facebook.com\/ageninfra\" \/>\n<meta property=\"article:published_time\" content=\"2025-12-26T13:32:34+00:00\" \/>\n<meta property=\"article:modified_time\" content=\"2025-12-30T15:34:37+00:00\" \/>\n<meta property=\"og:image\" content=\"https:\/\/agenciainfra.com\/blog\/wp-content\/uploads\/2025\/10\/Marcio-Rea-diretor-geral-ONS-foto-ricardo-botelho-mme.jpg\" \/>\n\t<meta property=\"og:image:width\" content=\"1024\" \/>\n\t<meta property=\"og:image:height\" content=\"682\" \/>\n\t<meta property=\"og:image:type\" content=\"image\/jpeg\" \/>\n<meta name=\"author\" content=\"Ag\u00eancia iNFRA\" \/>\n<meta name=\"twitter:card\" content=\"summary_large_image\" \/>\n<meta name=\"twitter:creator\" content=\"@agencia_infra\" \/>\n<meta name=\"twitter:site\" content=\"@agencia_infra\" \/>\n<meta name=\"twitter:label1\" content=\"Escrito por\" \/>\n\t<meta name=\"twitter:data1\" content=\"Ag\u00eancia iNFRA\" \/>\n\t<meta name=\"twitter:label2\" content=\"Est. tempo de leitura\" \/>\n\t<meta name=\"twitter:data2\" content=\"1 minuto\" \/>\n<script type=\"application\/ld+json\" class=\"yoast-schema-graph\">{\"@context\":\"https:\/\/schema.org\",\"@graph\":[{\"@type\":\"Article\",\"@id\":\"https:\/\/agenciainfra.com\/blog\/diretor-geral-do-ons-acompanha-operadores-na-vespera-do-natal\/#article\",\"isPartOf\":{\"@id\":\"https:\/\/agenciainfra.com\/blog\/diretor-geral-do-ons-acompanha-operadores-na-vespera-do-natal\/\"},\"author\":{\"name\":\"Ag\u00eancia iNFRA\",\"@id\":\"https:\/\/agenciainfra.com\/blog\/#\/schema\/person\/34af08dff6adea4cb22b06612ba7acfa\"},\"headline\":\"Diretor-geral do ONS acompanha operadores na v\u00e9spera do Natal\",\"datePublished\":\"2025-12-26T13:32:34+00:00\",\"dateModified\":\"2025-12-30T15:34:37+00:00\",\"mainEntityOfPage\":{\"@id\":\"https:\/\/agenciainfra.com\/blog\/diretor-geral-do-ons-acompanha-operadores-na-vespera-do-natal\/\"},\"wordCount\":182,\"publisher\":{\"@id\":\"https:\/\/agenciainfra.com\/blog\/#organization\"},\"image\":{\"@id\":\"https:\/\/agenciainfra.com\/blog\/diretor-geral-do-ons-acompanha-operadores-na-vespera-do-natal\/#primaryimage\"},\"thumbnailUrl\":\"https:\/\/agenciainfra.com\/blog\/wp-content\/uploads\/2025\/10\/Marcio-Rea-diretor-geral-ONS-foto-ricardo-botelho-mme.jpg\",\"keywords\":[\"Alexandre Silveira\",\"Christiano Vieira\",\"M\u00e1rcio Rea\",\"Mauricio de Souza\",\"ONS\"],\"articleSection\":[\"iNFRAEnergia\"],\"inLanguage\":\"pt-BR\",\"copyrightYear\":\"2025\",\"copyrightHolder\":{\"@id\":\"https:\/\/agenciainfra.com\/blog\/#organization\"}},{\"@type\":\"WebPage\",\"@id\":\"https:\/\/agenciainfra.com\/blog\/diretor-geral-do-ons-acompanha-operadores-na-vespera-do-natal\/\",\"url\":\"https:\/\/agenciainfra.com\/blog\/diretor-geral-do-ons-acompanha-operadores-na-vespera-do-natal\/\",\"name\":\"Diretor-geral do ONS acompanha operadores na v\u00e9spera do Natal - Ag\u00eancia iNFRA\",\"isPartOf\":{\"@id\":\"https:\/\/agenciainfra.com\/blog\/#website\"},\"primaryImageOfPage\":{\"@id\":\"https:\/\/agenciainfra.com\/blog\/diretor-geral-do-ons-acompanha-operadores-na-vespera-do-natal\/#primaryimage\"},\"image\":{\"@id\":\"https:\/\/agenciainfra.com\/blog\/diretor-geral-do-ons-acompanha-operadores-na-vespera-do-natal\/#primaryimage\"},\"thumbnailUrl\":\"https:\/\/agenciainfra.com\/blog\/wp-content\/uploads\/2025\/10\/Marcio-Rea-diretor-geral-ONS-foto-ricardo-botelho-mme.jpg\",\"datePublished\":\"2025-12-26T13:32:34+00:00\",\"dateModified\":\"2025-12-30T15:34:37+00:00\",\"breadcrumb\":{\"@id\":\"https:\/\/agenciainfra.com\/blog\/diretor-geral-do-ons-acompanha-operadores-na-vespera-do-natal\/#breadcrumb\"},\"inLanguage\":\"pt-BR\",\"potentialAction\":[{\"@type\":\"ReadAction\",\"target\":[\"https:\/\/agenciainfra.com\/blog\/diretor-geral-do-ons-acompanha-operadores-na-vespera-do-natal\/\"]}]},{\"@type\":\"ImageObject\",\"inLanguage\":\"pt-BR\",\"@id\":\"https:\/\/agenciainfra.com\/blog\/diretor-geral-do-ons-acompanha-operadores-na-vespera-do-natal\/#primaryimage\",\"url\":\"https:\/\/agenciainfra.com\/blog\/wp-content\/uploads\/2025\/10\/Marcio-Rea-diretor-geral-ONS-foto-ricardo-botelho-mme.jpg\",\"contentUrl\":\"https:\/\/agenciainfra.com\/blog\/wp-content\/uploads\/2025\/10\/Marcio-Rea-diretor-geral-ONS-foto-ricardo-botelho-mme.jpg\",\"width\":1024,\"height\":682,\"caption\":\"Foto: Ricardo Botelho\/MME\"},{\"@type\":\"BreadcrumbList\",\"@id\":\"https:\/\/agenciainfra.com\/blog\/diretor-geral-do-ons-acompanha-operadores-na-vespera-do-natal\/#breadcrumb\",\"itemListElement\":[{\"@type\":\"ListItem\",\"position\":1,\"name\":\"In\u00edcio\",\"item\":\"https:\/\/agenciainfra.com\/blog\/\"},{\"@type\":\"ListItem\",\"position\":2,\"name\":\"Diretor-geral do ONS acompanha operadores na v\u00e9spera do Natal\"}]},{\"@type\":\"WebSite\",\"@id\":\"https:\/\/agenciainfra.com\/blog\/#website\",\"url\":\"https:\/\/agenciainfra.com\/blog\/\",\"name\":\"Ag\u00eancia iNFRA\",\"description\":\"Multiplataforma de informa\u00e7\u00e3o jornal\u00edstica refer\u00eancia na \u00e1rea de infraestrutura no Brasil!\",\"publisher\":{\"@id\":\"https:\/\/agenciainfra.com\/blog\/#organization\"},\"potentialAction\":[{\"@type\":\"SearchAction\",\"target\":{\"@type\":\"EntryPoint\",\"urlTemplate\":\"https:\/\/agenciainfra.com\/blog\/?s={search_term_string}\"},\"query-input\":{\"@type\":\"PropertyValueSpecification\",\"valueRequired\":true,\"valueName\":\"search_term_string\"}}],\"inLanguage\":\"pt-BR\"},{\"@type\":\"Organization\",\"@id\":\"https:\/\/agenciainfra.com\/blog\/#organization\",\"name\":\"Ag\u00eancia iNFRA\",\"url\":\"https:\/\/agenciainfra.com\/blog\/\",\"logo\":{\"@type\":\"ImageObject\",\"inLanguage\":\"pt-BR\",\"@id\":\"https:\/\/agenciainfra.com\/blog\/#\/schema\/logo\/image\/\",\"url\":\"https:\/\/agenciainfra.com\/blog\/wp-content\/uploads\/2023\/09\/iNFRA_5-e1761735885940.png\",\"contentUrl\":\"https:\/\/agenciainfra.com\/blog\/wp-content\/uploads\/2023\/09\/iNFRA_5-e1761735885940.png\",\"width\":1672,\"height\":454,\"caption\":\"Ag\u00eancia iNFRA\"},\"image\":{\"@id\":\"https:\/\/agenciainfra.com\/blog\/#\/schema\/logo\/image\/\"},\"sameAs\":[\"https:\/\/www.facebook.com\/ageninfra\",\"https:\/\/x.com\/agencia_infra\",\"https:\/\/www.linkedin.com\/company\/ag\u00eanciainfra\/\",\"https:\/\/www.instagram.com\/agenciainfra\/\"]},{\"@type\":\"Person\",\"@id\":\"https:\/\/agenciainfra.com\/blog\/#\/schema\/person\/34af08dff6adea4cb22b06612ba7acfa\",\"name\":\"Ag\u00eancia iNFRA\",\"image\":{\"@type\":\"ImageObject\",\"inLanguage\":\"pt-BR\",\"@id\":\"https:\/\/agenciainfra.com\/blog\/#\/schema\/person\/image\/\",\"url\":\"https:\/\/secure.gravatar.com\/avatar\/d189e01678f06d8eb84d4e01f08eb848b3fffe3f8443818d3c356c66892f5be8?s=96&d=mm&r=g\",\"contentUrl\":\"https:\/\/secure.gravatar.com\/avatar\/d189e01678f06d8eb84d4e01f08eb848b3fffe3f8443818d3c356c66892f5be8?s=96&d=mm&r=g\",\"caption\":\"Ag\u00eancia iNFRA\"},\"url\":\"https:\/\/agenciainfra.com\/blog\/author\/admin\/\"}]}<\/script>\n<!-- \/ Yoast SEO Premium plugin. -->","yoast_head_json":{"title":"Diretor-geral do ONS acompanha operadores na v\u00e9spera do Natal - Ag\u00eancia iNFRA","robots":{"index":"index","follow":"follow","max-snippet":"max-snippet:-1","max-image-preview":"max-image-preview:large","max-video-preview":"max-video-preview:-1"},"canonical":"https:\/\/agenciainfra.com\/blog\/diretor-geral-do-ons-acompanha-operadores-na-vespera-do-natal\/","og_locale":"pt_BR","og_type":"article","og_title":"Diretor-geral do ONS acompanha operadores na v\u00e9spera do Natal","og_description":"da Ag\u00eancia iNFRA O diretor-geral do ONS (Operador Nacional do Sistema El\u00e9trico), Marcio Rea, acompanhou a evolu\u00e7\u00e3o da carga de energia no centro de opera\u00e7\u00f5es do Rio de Janeiro na noite da v\u00e9spera de Natal, quarta-feira (24). O ministro de Minas e Energia, Alexandre Silveira, tamb\u00e9m participou do momento com os colaboradores da institui\u00e7\u00e3o de [&hellip;]","og_url":"https:\/\/agenciainfra.com\/blog\/diretor-geral-do-ons-acompanha-operadores-na-vespera-do-natal\/","og_site_name":"Ag\u00eancia iNFRA","article_publisher":"https:\/\/www.facebook.com\/ageninfra","article_published_time":"2025-12-26T13:32:34+00:00","article_modified_time":"2025-12-30T15:34:37+00:00","og_image":[{"width":1024,"height":682,"url":"https:\/\/agenciainfra.com\/blog\/wp-content\/uploads\/2025\/10\/Marcio-Rea-diretor-geral-ONS-foto-ricardo-botelho-mme.jpg","type":"image\/jpeg"}],"author":"Ag\u00eancia iNFRA","twitter_card":"summary_large_image","twitter_creator":"@agencia_infra","twitter_site":"@agencia_infra","twitter_misc":{"Escrito por":"Ag\u00eancia iNFRA","Est. tempo de leitura":"1 minuto"},"schema":{"@context":"https:\/\/schema.org","@graph":[{"@type":"Article","@id":"https:\/\/agenciainfra.com\/blog\/diretor-geral-do-ons-acompanha-operadores-na-vespera-do-natal\/#article","isPartOf":{"@id":"https:\/\/agenciainfra.com\/blog\/diretor-geral-do-ons-acompanha-operadores-na-vespera-do-natal\/"},"author":{"name":"Ag\u00eancia iNFRA","@id":"https:\/\/agenciainfra.com\/blog\/#\/schema\/person\/34af08dff6adea4cb22b06612ba7acfa"},"headline":"Diretor-geral do ONS acompanha operadores na v\u00e9spera do Natal","datePublished":"2025-12-26T13:32:34+00:00","dateModified":"2025-12-30T15:34:37+00:00","mainEntityOfPage":{"@id":"https:\/\/agenciainfra.com\/blog\/diretor-geral-do-ons-acompanha-operadores-na-vespera-do-natal\/"},"wordCount":182,"publisher":{"@id":"https:\/\/agenciainfra.com\/blog\/#organization"},"image":{"@id":"https:\/\/agenciainfra.com\/blog\/diretor-geral-do-ons-acompanha-operadores-na-vespera-do-natal\/#primaryimage"},"thumbnailUrl":"https:\/\/agenciainfra.com\/blog\/wp-content\/uploads\/2025\/10\/Marcio-Rea-diretor-geral-ONS-foto-ricardo-botelho-mme.jpg","keywords":["Alexandre Silveira","Christiano Vieira","M\u00e1rcio Rea","Mauricio de Souza","ONS"],"articleSection":["iNFRAEnergia"],"inLanguage":"pt-BR","copyrightYear":"2025","copyrightHolder":{"@id":"https:\/\/agenciainfra.com\/blog\/#organization"}},{"@type":"WebPage","@id":"https:\/\/agenciainfra.com\/blog\/diretor-geral-do-ons-acompanha-operadores-na-vespera-do-natal\/","url":"https:\/\/agenciainfra.com\/blog\/diretor-geral-do-ons-acompanha-operadores-na-vespera-do-natal\/","name":"Diretor-geral do ONS acompanha operadores na v\u00e9spera do Natal - Ag\u00eancia iNFRA","isPartOf":{"@id":"https:\/\/agenciainfra.com\/blog\/#website"},"primaryImageOfPage":{"@id":"https:\/\/agenciainfra.com\/blog\/diretor-geral-do-ons-acompanha-operadores-na-vespera-do-natal\/#primaryimage"},"image":{"@id":"https:\/\/agenciainfra.com\/blog\/diretor-geral-do-ons-acompanha-operadores-na-vespera-do-natal\/#primaryimage"},"thumbnailUrl":"https:\/\/agenciainfra.com\/blog\/wp-content\/uploads\/2025\/10\/Marcio-Rea-diretor-geral-ONS-foto-ricardo-botelho-mme.jpg","datePublished":"2025-12-26T13:32:34+00:00","dateModified":"2025-12-30T15:34:37+00:00","breadcrumb":{"@id":"https:\/\/agenciainfra.com\/blog\/diretor-geral-do-ons-acompanha-operadores-na-vespera-do-natal\/#breadcrumb"},"inLanguage":"pt-BR","potentialAction":[{"@type":"ReadAction","target":["https:\/\/agenciainfra.com\/blog\/diretor-geral-do-ons-acompanha-operadores-na-vespera-do-natal\/"]}]},{"@type":"ImageObject","inLanguage":"pt-BR","@id":"https:\/\/agenciainfra.com\/blog\/diretor-geral-do-ons-acompanha-operadores-na-vespera-do-natal\/#primaryimage","url":"https:\/\/agenciainfra.com\/blog\/wp-content\/uploads\/2025\/10\/Marcio-Rea-diretor-geral-ONS-foto-ricardo-botelho-mme.jpg","contentUrl":"https:\/\/agenciainfra.com\/blog\/wp-content\/uploads\/2025\/10\/Marcio-Rea-diretor-geral-ONS-foto-ricardo-botelho-mme.jpg","width":1024,"height":682,"caption":"Foto: Ricardo Botelho\/MME"},{"@type":"BreadcrumbList","@id":"https:\/\/agenciainfra.com\/blog\/diretor-geral-do-ons-acompanha-operadores-na-vespera-do-natal\/#breadcrumb","itemListElement":[{"@type":"ListItem","position":1,"name":"In\u00edcio","item":"https:\/\/agenciainfra.com\/blog\/"},{"@type":"ListItem","position":2,"name":"Diretor-geral do ONS acompanha operadores na v\u00e9spera do Natal"}]},{"@type":"WebSite","@id":"https:\/\/agenciainfra.com\/blog\/#website","url":"https:\/\/agenciainfra.com\/blog\/","name":"Ag\u00eancia iNFRA","description":"Multiplataforma de informa\u00e7\u00e3o jornal\u00edstica refer\u00eancia na \u00e1rea de infraestrutura no Brasil!","publisher":{"@id":"https:\/\/agenciainfra.com\/blog\/#organization"},"potentialAction":[{"@type":"SearchAction","target":{"@type":"EntryPoint","urlTemplate":"https:\/\/agenciainfra.com\/blog\/?s={search_term_string}"},"query-input":{"@type":"PropertyValueSpecification","valueRequired":true,"valueName":"search_term_string"}}],"inLanguage":"pt-BR"},{"@type":"Organization","@id":"https:\/\/agenciainfra.com\/blog\/#organization","name":"Ag\u00eancia iNFRA","url":"https:\/\/agenciainfra.com\/blog\/","logo":{"@type":"ImageObject","inLanguage":"pt-BR","@id":"https:\/\/agenciainfra.com\/blog\/#\/schema\/logo\/image\/","url":"https:\/\/agenciainfra.com\/blog\/wp-content\/uploads\/2023\/09\/iNFRA_5-e1761735885940.png","contentUrl":"https:\/\/agenciainfra.com\/blog\/wp-content\/uploads\/2023\/09\/iNFRA_5-e1761735885940.png","width":1672,"height":454,"caption":"Ag\u00eancia iNFRA"},"image":{"@id":"https:\/\/agenciainfra.com\/blog\/#\/schema\/logo\/image\/"},"sameAs":["https:\/\/www.facebook.com\/ageninfra","https:\/\/x.com\/agencia_infra","https:\/\/www.linkedin.com\/company\/ag\u00eanciainfra\/","https:\/\/www.instagram.com\/agenciainfra\/"]},{"@type":"Person","@id":"https:\/\/agenciainfra.com\/blog\/#\/schema\/person\/34af08dff6adea4cb22b06612ba7acfa","name":"Ag\u00eancia iNFRA","image":{"@type":"ImageObject","inLanguage":"pt-BR","@id":"https:\/\/agenciainfra.com\/blog\/#\/schema\/person\/image\/","url":"https:\/\/secure.gravatar.com\/avatar\/d189e01678f06d8eb84d4e01f08eb848b3fffe3f8443818d3c356c66892f5be8?s=96&d=mm&r=g","contentUrl":"https:\/\/secure.gravatar.com\/avatar\/d189e01678f06d8eb84d4e01f08eb848b3fffe3f8443818d3c356c66892f5be8?s=96&d=mm&r=g","caption":"Ag\u00eancia iNFRA"},"url":"https:\/\/agenciainfra.com\/blog\/author\/admin\/"}]}},"_links":{"self":[{"href":"https:\/\/agenciainfra.com\/blog\/wp-json\/wp\/v2\/posts\/34328","targetHints":{"allow":["GET"]}}],"collection":[{"href":"https:\/\/agenciainfra.com\/blog\/wp-json\/wp\/v2\/posts"}],"about":[{"href":"https:\/\/agenciainfra.com\/blog\/wp-json\/wp\/v2\/types\/post"}],"author":[{"embeddable":true,"href":"https:\/\/agenciainfra.com\/blog\/wp-json\/wp\/v2\/users\/1"}],"replies":[{"embeddable":true,"href":"https:\/\/agenciainfra.com\/blog\/wp-json\/wp\/v2\/comments?post=34328"}],"version-history":[{"count":1,"href":"https:\/\/agenciainfra.com\/blog\/wp-json\/wp\/v2\/posts\/34328\/revisions"}],"predecessor-version":[{"id":34329,"href":"https:\/\/agenciainfra.com\/blog\/wp-json\/wp\/v2\/posts\/34328\/revisions\/34329"}],"wp:featuredmedia":[{"embeddable":true,"href":"https:\/\/agenciainfra.com\/blog\/wp-json\/wp\/v2\/media\/29138"}],"wp:attachment":[{"href":"https:\/\/agenciainfra.com\/blog\/wp-json\/wp\/v2\/media?parent=34328"}],"wp:term":[{"taxonomy":"category","embeddable":true,"href":"https:\/\/agenciainfra.com\/blog\/wp-json\/wp\/v2\/categories?post=34328"},{"taxonomy":"post_tag","embeddable":true,"href":"https:\/\/agenciainfra.com\/blog\/wp-json\/wp\/v2\/tags?post=34328"}],"curies":[{"name":"wp","href":"https:\/\/api.w.org\/{rel}","templated":true}]}}