{"id":34362,"date":"2025-12-29T17:58:02","date_gmt":"2025-12-29T20:58:02","guid":{"rendered":"https:\/\/agenciainfra.com\/blog\/?p=34362"},"modified":"2026-01-05T11:00:23","modified_gmt":"2026-01-05T14:00:23","slug":"ministerio-aprova-estudos-do-arrendamento-de-itajai-e-envia-para-antaq","status":"publish","type":"post","link":"https:\/\/agenciainfra.com\/blog\/ministerio-aprova-estudos-do-arrendamento-de-itajai-e-envia-para-antaq\/","title":{"rendered":"Minist\u00e9rio aprova estudos do arrendamento de Itaja\u00ed e envia para ANTAQ"},"content":{"rendered":"\n<p class=\"has-text-align-right\"><strong>da Ag\u00eancia iNFRA<\/strong><\/p>\n\n\n\n<p>O Minist\u00e9rio de Portos e Aeroportos concluiu os EVTEA (Estudos de Viabilidade T\u00e9cnica, Econ\u00f4mica e Ambiental) para o arrendamento definitivo do Porto de Itaja\u00ed (SC). Os documentos foram enviados \u00e0 ANTAQ (Ag\u00eancia Nacional de Transportes Aquavi\u00e1rios) na \u00faltima sexta-feira (26), com solicita\u00e7\u00e3o de dispensa de nova audi\u00eancia p\u00fablica, a fim de agilizar o envio ao TCU (Tribunal de Contas da Uni\u00e3o).<\/p>\n\n\n\n<p>Agora, a ANTAQ deve elaborar as minutas de edital e de contrato. A estimativa do minist\u00e9rio \u00e9 de obter o aval do TCU at\u00e9 abril de 2026 e realizar o leil\u00e3o ainda no primeiro semestre. A dispensa de uma nova fase de audi\u00eancia p\u00fablica foi solicitada pela Secretaria Nacional de Portos, com a justificativa de que &#8220;a modelagem atual j\u00e1 incorpora as contribui\u00e7\u00f5es recebidas pela sociedade e pelo mercado na audi\u00eancia anterior, n\u00e3o havendo necessidade de reiniciar o ciclo de consultas&#8221;.<\/p>\n\n\n\n<p>De acordo com o secret\u00e1rio de Portos, Alex \u00c1vila, a aprova\u00e7\u00e3o dos estudos busca &#8220;otimizar o cronograma sem abrir m\u00e3o do rigor t\u00e9cnico&#8221;. &#8220;N\u00e3o estamos medindo esfor\u00e7os para encurtar caminhos burocr\u00e1ticos, sempre com responsabilidade, para garantir que o leil\u00e3o aconte\u00e7a no prazo a que nos comprometemos&#8221;, afirmou \u00c1vila.<\/p>\n\n\n\n<p><strong>Concess\u00e3o definitiva<br><\/strong>O projeto de concess\u00e3o prev\u00ea R$ 2,8 bilh\u00f5es em investimentos, sendo que R$ 920 milh\u00f5es dever\u00e3o ser executados ainda nos primeiros tr\u00eas meses do contrato, para moderniza\u00e7\u00e3o de equipamentos e melhorias na infraestrutura para receber e manobrar navios. A modelagem estabelece que seja constru\u00eddo um novo terminal de cont\u00eaineres com capacidade est\u00e1tica de 37.152 TEUs e a amplia\u00e7\u00e3o de 90% nas \u00e1reas de p\u00e1tio.<\/p>\n","protected":false},"excerpt":{"rendered":"<p>da Ag\u00eancia iNFRA O Minist\u00e9rio de Portos e Aeroportos concluiu os EVTEA (Estudos de Viabilidade T\u00e9cnica, Econ\u00f4mica e Ambiental) para o arrendamento definitivo do Porto de Itaja\u00ed (SC). Os documentos foram enviados \u00e0 ANTAQ (Ag\u00eancia Nacional de Transportes Aquavi\u00e1rios) na \u00faltima sexta-feira (26), com solicita\u00e7\u00e3o de dispensa de nova audi\u00eancia p\u00fablica, a fim de agilizar [&hellip;]<\/p>\n","protected":false},"author":1,"featured_media":30968,"comment_status":"closed","ping_status":"closed","sticky":false,"template":"","format":"standard","meta":{"_monsterinsights_skip_tracking":false,"_monsterinsights_sitenote_active":false,"_monsterinsights_sitenote_note":"","_monsterinsights_sitenote_category":0,"footnotes":""},"categories":[7],"tags":[8958,86,1895,6257,2056],"class_list":["post-34362","post","type-post","status-publish","format-standard","has-post-thumbnail","hentry","category-infratransporte","tag-alex-avila","tag-antaq","tag-arrendamento","tag-ministerio-de-portos-e-aeroportos","tag-porto-de-itajai"],"yoast_head":"<!-- This site is optimized with the Yoast SEO Premium plugin v25.4 (Yoast SEO v26.0) - https:\/\/yoast.com\/wordpress\/plugins\/seo\/ -->\n<title>Minist\u00e9rio aprova estudos do arrendamento de Itaja\u00ed e envia para ANTAQ - Ag\u00eancia iNFRA<\/title>\n<meta name=\"robots\" content=\"index, follow, max-snippet:-1, max-image-preview:large, max-video-preview:-1\" \/>\n<link rel=\"canonical\" href=\"https:\/\/agenciainfra.com\/blog\/ministerio-aprova-estudos-do-arrendamento-de-itajai-e-envia-para-antaq\/\" \/>\n<meta property=\"og:locale\" content=\"pt_BR\" \/>\n<meta property=\"og:type\" content=\"article\" \/>\n<meta property=\"og:title\" content=\"Minist\u00e9rio aprova estudos do arrendamento de Itaja\u00ed e envia para ANTAQ\" \/>\n<meta property=\"og:description\" content=\"da Ag\u00eancia iNFRA O Minist\u00e9rio de Portos e Aeroportos concluiu os EVTEA (Estudos de Viabilidade T\u00e9cnica, Econ\u00f4mica e Ambiental) para o arrendamento definitivo do Porto de Itaja\u00ed (SC). Os documentos foram enviados \u00e0 ANTAQ (Ag\u00eancia Nacional de Transportes Aquavi\u00e1rios) na \u00faltima sexta-feira (26), com solicita\u00e7\u00e3o de dispensa de nova audi\u00eancia p\u00fablica, a fim de agilizar [&hellip;]\" \/>\n<meta property=\"og:url\" content=\"https:\/\/agenciainfra.com\/blog\/ministerio-aprova-estudos-do-arrendamento-de-itajai-e-envia-para-antaq\/\" \/>\n<meta property=\"og:site_name\" content=\"Ag\u00eancia iNFRA\" \/>\n<meta property=\"article:publisher\" content=\"https:\/\/www.facebook.com\/ageninfra\" \/>\n<meta property=\"article:published_time\" content=\"2025-12-29T20:58:02+00:00\" \/>\n<meta property=\"article:modified_time\" content=\"2026-01-05T14:00:23+00:00\" \/>\n<meta property=\"og:image\" content=\"https:\/\/agenciainfra.com\/blog\/wp-content\/uploads\/2025\/10\/porto-de-itajai-foto-ronaldo-silva-jr-porto-de-itajai.jpg\" \/>\n\t<meta property=\"og:image:width\" content=\"1024\" \/>\n\t<meta property=\"og:image:height\" content=\"687\" \/>\n\t<meta property=\"og:image:type\" content=\"image\/jpeg\" \/>\n<meta name=\"author\" content=\"Ag\u00eancia iNFRA\" \/>\n<meta name=\"twitter:card\" content=\"summary_large_image\" \/>\n<meta name=\"twitter:creator\" content=\"@agencia_infra\" \/>\n<meta name=\"twitter:site\" content=\"@agencia_infra\" \/>\n<meta name=\"twitter:label1\" content=\"Escrito por\" \/>\n\t<meta name=\"twitter:data1\" content=\"Ag\u00eancia iNFRA\" \/>\n\t<meta name=\"twitter:label2\" content=\"Est. tempo de leitura\" \/>\n\t<meta name=\"twitter:data2\" content=\"1 minuto\" \/>\n<script type=\"application\/ld+json\" class=\"yoast-schema-graph\">{\"@context\":\"https:\/\/schema.org\",\"@graph\":[{\"@type\":\"Article\",\"@id\":\"https:\/\/agenciainfra.com\/blog\/ministerio-aprova-estudos-do-arrendamento-de-itajai-e-envia-para-antaq\/#article\",\"isPartOf\":{\"@id\":\"https:\/\/agenciainfra.com\/blog\/ministerio-aprova-estudos-do-arrendamento-de-itajai-e-envia-para-antaq\/\"},\"author\":{\"name\":\"Ag\u00eancia iNFRA\",\"@id\":\"https:\/\/agenciainfra.com\/blog\/#\/schema\/person\/34af08dff6adea4cb22b06612ba7acfa\"},\"headline\":\"Minist\u00e9rio aprova estudos do arrendamento de Itaja\u00ed e envia para ANTAQ\",\"datePublished\":\"2025-12-29T20:58:02+00:00\",\"dateModified\":\"2026-01-05T14:00:23+00:00\",\"mainEntityOfPage\":{\"@id\":\"https:\/\/agenciainfra.com\/blog\/ministerio-aprova-estudos-do-arrendamento-de-itajai-e-envia-para-antaq\/\"},\"wordCount\":301,\"publisher\":{\"@id\":\"https:\/\/agenciainfra.com\/blog\/#organization\"},\"image\":{\"@id\":\"https:\/\/agenciainfra.com\/blog\/ministerio-aprova-estudos-do-arrendamento-de-itajai-e-envia-para-antaq\/#primaryimage\"},\"thumbnailUrl\":\"https:\/\/agenciainfra.com\/blog\/wp-content\/uploads\/2025\/10\/porto-de-itajai-foto-ronaldo-silva-jr-porto-de-itajai.jpg\",\"keywords\":[\"Alex \u00c1vila\",\"ANTAQ\",\"arrendamento\",\"Minist\u00e9rio de Portos e Aeroportos\",\"Porto de Itaja\u00ed\"],\"articleSection\":[\"iNFRATransporte\"],\"inLanguage\":\"pt-BR\",\"copyrightYear\":\"2025\",\"copyrightHolder\":{\"@id\":\"https:\/\/agenciainfra.com\/blog\/#organization\"}},{\"@type\":\"WebPage\",\"@id\":\"https:\/\/agenciainfra.com\/blog\/ministerio-aprova-estudos-do-arrendamento-de-itajai-e-envia-para-antaq\/\",\"url\":\"https:\/\/agenciainfra.com\/blog\/ministerio-aprova-estudos-do-arrendamento-de-itajai-e-envia-para-antaq\/\",\"name\":\"Minist\u00e9rio aprova estudos do arrendamento de Itaja\u00ed e envia para ANTAQ - Ag\u00eancia iNFRA\",\"isPartOf\":{\"@id\":\"https:\/\/agenciainfra.com\/blog\/#website\"},\"primaryImageOfPage\":{\"@id\":\"https:\/\/agenciainfra.com\/blog\/ministerio-aprova-estudos-do-arrendamento-de-itajai-e-envia-para-antaq\/#primaryimage\"},\"image\":{\"@id\":\"https:\/\/agenciainfra.com\/blog\/ministerio-aprova-estudos-do-arrendamento-de-itajai-e-envia-para-antaq\/#primaryimage\"},\"thumbnailUrl\":\"https:\/\/agenciainfra.com\/blog\/wp-content\/uploads\/2025\/10\/porto-de-itajai-foto-ronaldo-silva-jr-porto-de-itajai.jpg\",\"datePublished\":\"2025-12-29T20:58:02+00:00\",\"dateModified\":\"2026-01-05T14:00:23+00:00\",\"breadcrumb\":{\"@id\":\"https:\/\/agenciainfra.com\/blog\/ministerio-aprova-estudos-do-arrendamento-de-itajai-e-envia-para-antaq\/#breadcrumb\"},\"inLanguage\":\"pt-BR\",\"potentialAction\":[{\"@type\":\"ReadAction\",\"target\":[\"https:\/\/agenciainfra.com\/blog\/ministerio-aprova-estudos-do-arrendamento-de-itajai-e-envia-para-antaq\/\"]}]},{\"@type\":\"ImageObject\",\"inLanguage\":\"pt-BR\",\"@id\":\"https:\/\/agenciainfra.com\/blog\/ministerio-aprova-estudos-do-arrendamento-de-itajai-e-envia-para-antaq\/#primaryimage\",\"url\":\"https:\/\/agenciainfra.com\/blog\/wp-content\/uploads\/2025\/10\/porto-de-itajai-foto-ronaldo-silva-jr-porto-de-itajai.jpg\",\"contentUrl\":\"https:\/\/agenciainfra.com\/blog\/wp-content\/uploads\/2025\/10\/porto-de-itajai-foto-ronaldo-silva-jr-porto-de-itajai.jpg\",\"width\":1024,\"height\":687,\"caption\":\"Foto: Ronaldo Silva Jr.\/Porto de Itaja\u00ed\"},{\"@type\":\"BreadcrumbList\",\"@id\":\"https:\/\/agenciainfra.com\/blog\/ministerio-aprova-estudos-do-arrendamento-de-itajai-e-envia-para-antaq\/#breadcrumb\",\"itemListElement\":[{\"@type\":\"ListItem\",\"position\":1,\"name\":\"In\u00edcio\",\"item\":\"https:\/\/agenciainfra.com\/blog\/\"},{\"@type\":\"ListItem\",\"position\":2,\"name\":\"Minist\u00e9rio aprova estudos do arrendamento de Itaja\u00ed e envia para ANTAQ\"}]},{\"@type\":\"WebSite\",\"@id\":\"https:\/\/agenciainfra.com\/blog\/#website\",\"url\":\"https:\/\/agenciainfra.com\/blog\/\",\"name\":\"Ag\u00eancia iNFRA\",\"description\":\"Multiplataforma de informa\u00e7\u00e3o jornal\u00edstica refer\u00eancia na \u00e1rea de infraestrutura no Brasil!\",\"publisher\":{\"@id\":\"https:\/\/agenciainfra.com\/blog\/#organization\"},\"potentialAction\":[{\"@type\":\"SearchAction\",\"target\":{\"@type\":\"EntryPoint\",\"urlTemplate\":\"https:\/\/agenciainfra.com\/blog\/?s={search_term_string}\"},\"query-input\":{\"@type\":\"PropertyValueSpecification\",\"valueRequired\":true,\"valueName\":\"search_term_string\"}}],\"inLanguage\":\"pt-BR\"},{\"@type\":\"Organization\",\"@id\":\"https:\/\/agenciainfra.com\/blog\/#organization\",\"name\":\"Ag\u00eancia iNFRA\",\"url\":\"https:\/\/agenciainfra.com\/blog\/\",\"logo\":{\"@type\":\"ImageObject\",\"inLanguage\":\"pt-BR\",\"@id\":\"https:\/\/agenciainfra.com\/blog\/#\/schema\/logo\/image\/\",\"url\":\"https:\/\/agenciainfra.com\/blog\/wp-content\/uploads\/2023\/09\/iNFRA_5-e1761735885940.png\",\"contentUrl\":\"https:\/\/agenciainfra.com\/blog\/wp-content\/uploads\/2023\/09\/iNFRA_5-e1761735885940.png\",\"width\":1672,\"height\":454,\"caption\":\"Ag\u00eancia iNFRA\"},\"image\":{\"@id\":\"https:\/\/agenciainfra.com\/blog\/#\/schema\/logo\/image\/\"},\"sameAs\":[\"https:\/\/www.facebook.com\/ageninfra\",\"https:\/\/x.com\/agencia_infra\",\"https:\/\/www.linkedin.com\/company\/ag\u00eanciainfra\/\",\"https:\/\/www.instagram.com\/agenciainfra\/\"]},{\"@type\":\"Person\",\"@id\":\"https:\/\/agenciainfra.com\/blog\/#\/schema\/person\/34af08dff6adea4cb22b06612ba7acfa\",\"name\":\"Ag\u00eancia iNFRA\",\"image\":{\"@type\":\"ImageObject\",\"inLanguage\":\"pt-BR\",\"@id\":\"https:\/\/agenciainfra.com\/blog\/#\/schema\/person\/image\/\",\"url\":\"https:\/\/secure.gravatar.com\/avatar\/d189e01678f06d8eb84d4e01f08eb848b3fffe3f8443818d3c356c66892f5be8?s=96&d=mm&r=g\",\"contentUrl\":\"https:\/\/secure.gravatar.com\/avatar\/d189e01678f06d8eb84d4e01f08eb848b3fffe3f8443818d3c356c66892f5be8?s=96&d=mm&r=g\",\"caption\":\"Ag\u00eancia iNFRA\"},\"url\":\"https:\/\/agenciainfra.com\/blog\/author\/admin\/\"}]}<\/script>\n<!-- \/ Yoast SEO Premium plugin. -->","yoast_head_json":{"title":"Minist\u00e9rio aprova estudos do arrendamento de Itaja\u00ed e envia para ANTAQ - Ag\u00eancia iNFRA","robots":{"index":"index","follow":"follow","max-snippet":"max-snippet:-1","max-image-preview":"max-image-preview:large","max-video-preview":"max-video-preview:-1"},"canonical":"https:\/\/agenciainfra.com\/blog\/ministerio-aprova-estudos-do-arrendamento-de-itajai-e-envia-para-antaq\/","og_locale":"pt_BR","og_type":"article","og_title":"Minist\u00e9rio aprova estudos do arrendamento de Itaja\u00ed e envia para ANTAQ","og_description":"da Ag\u00eancia iNFRA O Minist\u00e9rio de Portos e Aeroportos concluiu os EVTEA (Estudos de Viabilidade T\u00e9cnica, Econ\u00f4mica e Ambiental) para o arrendamento definitivo do Porto de Itaja\u00ed (SC). Os documentos foram enviados \u00e0 ANTAQ (Ag\u00eancia Nacional de Transportes Aquavi\u00e1rios) na \u00faltima sexta-feira (26), com solicita\u00e7\u00e3o de dispensa de nova audi\u00eancia p\u00fablica, a fim de agilizar [&hellip;]","og_url":"https:\/\/agenciainfra.com\/blog\/ministerio-aprova-estudos-do-arrendamento-de-itajai-e-envia-para-antaq\/","og_site_name":"Ag\u00eancia iNFRA","article_publisher":"https:\/\/www.facebook.com\/ageninfra","article_published_time":"2025-12-29T20:58:02+00:00","article_modified_time":"2026-01-05T14:00:23+00:00","og_image":[{"width":1024,"height":687,"url":"https:\/\/agenciainfra.com\/blog\/wp-content\/uploads\/2025\/10\/porto-de-itajai-foto-ronaldo-silva-jr-porto-de-itajai.jpg","type":"image\/jpeg"}],"author":"Ag\u00eancia iNFRA","twitter_card":"summary_large_image","twitter_creator":"@agencia_infra","twitter_site":"@agencia_infra","twitter_misc":{"Escrito por":"Ag\u00eancia iNFRA","Est. tempo de leitura":"1 minuto"},"schema":{"@context":"https:\/\/schema.org","@graph":[{"@type":"Article","@id":"https:\/\/agenciainfra.com\/blog\/ministerio-aprova-estudos-do-arrendamento-de-itajai-e-envia-para-antaq\/#article","isPartOf":{"@id":"https:\/\/agenciainfra.com\/blog\/ministerio-aprova-estudos-do-arrendamento-de-itajai-e-envia-para-antaq\/"},"author":{"name":"Ag\u00eancia iNFRA","@id":"https:\/\/agenciainfra.com\/blog\/#\/schema\/person\/34af08dff6adea4cb22b06612ba7acfa"},"headline":"Minist\u00e9rio aprova estudos do arrendamento de Itaja\u00ed e envia para ANTAQ","datePublished":"2025-12-29T20:58:02+00:00","dateModified":"2026-01-05T14:00:23+00:00","mainEntityOfPage":{"@id":"https:\/\/agenciainfra.com\/blog\/ministerio-aprova-estudos-do-arrendamento-de-itajai-e-envia-para-antaq\/"},"wordCount":301,"publisher":{"@id":"https:\/\/agenciainfra.com\/blog\/#organization"},"image":{"@id":"https:\/\/agenciainfra.com\/blog\/ministerio-aprova-estudos-do-arrendamento-de-itajai-e-envia-para-antaq\/#primaryimage"},"thumbnailUrl":"https:\/\/agenciainfra.com\/blog\/wp-content\/uploads\/2025\/10\/porto-de-itajai-foto-ronaldo-silva-jr-porto-de-itajai.jpg","keywords":["Alex \u00c1vila","ANTAQ","arrendamento","Minist\u00e9rio de Portos e Aeroportos","Porto de Itaja\u00ed"],"articleSection":["iNFRATransporte"],"inLanguage":"pt-BR","copyrightYear":"2025","copyrightHolder":{"@id":"https:\/\/agenciainfra.com\/blog\/#organization"}},{"@type":"WebPage","@id":"https:\/\/agenciainfra.com\/blog\/ministerio-aprova-estudos-do-arrendamento-de-itajai-e-envia-para-antaq\/","url":"https:\/\/agenciainfra.com\/blog\/ministerio-aprova-estudos-do-arrendamento-de-itajai-e-envia-para-antaq\/","name":"Minist\u00e9rio aprova estudos do arrendamento de Itaja\u00ed e envia para ANTAQ - Ag\u00eancia iNFRA","isPartOf":{"@id":"https:\/\/agenciainfra.com\/blog\/#website"},"primaryImageOfPage":{"@id":"https:\/\/agenciainfra.com\/blog\/ministerio-aprova-estudos-do-arrendamento-de-itajai-e-envia-para-antaq\/#primaryimage"},"image":{"@id":"https:\/\/agenciainfra.com\/blog\/ministerio-aprova-estudos-do-arrendamento-de-itajai-e-envia-para-antaq\/#primaryimage"},"thumbnailUrl":"https:\/\/agenciainfra.com\/blog\/wp-content\/uploads\/2025\/10\/porto-de-itajai-foto-ronaldo-silva-jr-porto-de-itajai.jpg","datePublished":"2025-12-29T20:58:02+00:00","dateModified":"2026-01-05T14:00:23+00:00","breadcrumb":{"@id":"https:\/\/agenciainfra.com\/blog\/ministerio-aprova-estudos-do-arrendamento-de-itajai-e-envia-para-antaq\/#breadcrumb"},"inLanguage":"pt-BR","potentialAction":[{"@type":"ReadAction","target":["https:\/\/agenciainfra.com\/blog\/ministerio-aprova-estudos-do-arrendamento-de-itajai-e-envia-para-antaq\/"]}]},{"@type":"ImageObject","inLanguage":"pt-BR","@id":"https:\/\/agenciainfra.com\/blog\/ministerio-aprova-estudos-do-arrendamento-de-itajai-e-envia-para-antaq\/#primaryimage","url":"https:\/\/agenciainfra.com\/blog\/wp-content\/uploads\/2025\/10\/porto-de-itajai-foto-ronaldo-silva-jr-porto-de-itajai.jpg","contentUrl":"https:\/\/agenciainfra.com\/blog\/wp-content\/uploads\/2025\/10\/porto-de-itajai-foto-ronaldo-silva-jr-porto-de-itajai.jpg","width":1024,"height":687,"caption":"Foto: Ronaldo Silva Jr.\/Porto de Itaja\u00ed"},{"@type":"BreadcrumbList","@id":"https:\/\/agenciainfra.com\/blog\/ministerio-aprova-estudos-do-arrendamento-de-itajai-e-envia-para-antaq\/#breadcrumb","itemListElement":[{"@type":"ListItem","position":1,"name":"In\u00edcio","item":"https:\/\/agenciainfra.com\/blog\/"},{"@type":"ListItem","position":2,"name":"Minist\u00e9rio aprova estudos do arrendamento de Itaja\u00ed e envia para ANTAQ"}]},{"@type":"WebSite","@id":"https:\/\/agenciainfra.com\/blog\/#website","url":"https:\/\/agenciainfra.com\/blog\/","name":"Ag\u00eancia iNFRA","description":"Multiplataforma de informa\u00e7\u00e3o jornal\u00edstica refer\u00eancia na \u00e1rea de infraestrutura no Brasil!","publisher":{"@id":"https:\/\/agenciainfra.com\/blog\/#organization"},"potentialAction":[{"@type":"SearchAction","target":{"@type":"EntryPoint","urlTemplate":"https:\/\/agenciainfra.com\/blog\/?s={search_term_string}"},"query-input":{"@type":"PropertyValueSpecification","valueRequired":true,"valueName":"search_term_string"}}],"inLanguage":"pt-BR"},{"@type":"Organization","@id":"https:\/\/agenciainfra.com\/blog\/#organization","name":"Ag\u00eancia iNFRA","url":"https:\/\/agenciainfra.com\/blog\/","logo":{"@type":"ImageObject","inLanguage":"pt-BR","@id":"https:\/\/agenciainfra.com\/blog\/#\/schema\/logo\/image\/","url":"https:\/\/agenciainfra.com\/blog\/wp-content\/uploads\/2023\/09\/iNFRA_5-e1761735885940.png","contentUrl":"https:\/\/agenciainfra.com\/blog\/wp-content\/uploads\/2023\/09\/iNFRA_5-e1761735885940.png","width":1672,"height":454,"caption":"Ag\u00eancia iNFRA"},"image":{"@id":"https:\/\/agenciainfra.com\/blog\/#\/schema\/logo\/image\/"},"sameAs":["https:\/\/www.facebook.com\/ageninfra","https:\/\/x.com\/agencia_infra","https:\/\/www.linkedin.com\/company\/ag\u00eanciainfra\/","https:\/\/www.instagram.com\/agenciainfra\/"]},{"@type":"Person","@id":"https:\/\/agenciainfra.com\/blog\/#\/schema\/person\/34af08dff6adea4cb22b06612ba7acfa","name":"Ag\u00eancia iNFRA","image":{"@type":"ImageObject","inLanguage":"pt-BR","@id":"https:\/\/agenciainfra.com\/blog\/#\/schema\/person\/image\/","url":"https:\/\/secure.gravatar.com\/avatar\/d189e01678f06d8eb84d4e01f08eb848b3fffe3f8443818d3c356c66892f5be8?s=96&d=mm&r=g","contentUrl":"https:\/\/secure.gravatar.com\/avatar\/d189e01678f06d8eb84d4e01f08eb848b3fffe3f8443818d3c356c66892f5be8?s=96&d=mm&r=g","caption":"Ag\u00eancia iNFRA"},"url":"https:\/\/agenciainfra.com\/blog\/author\/admin\/"}]}},"_links":{"self":[{"href":"https:\/\/agenciainfra.com\/blog\/wp-json\/wp\/v2\/posts\/34362","targetHints":{"allow":["GET"]}}],"collection":[{"href":"https:\/\/agenciainfra.com\/blog\/wp-json\/wp\/v2\/posts"}],"about":[{"href":"https:\/\/agenciainfra.com\/blog\/wp-json\/wp\/v2\/types\/post"}],"author":[{"embeddable":true,"href":"https:\/\/agenciainfra.com\/blog\/wp-json\/wp\/v2\/users\/1"}],"replies":[{"embeddable":true,"href":"https:\/\/agenciainfra.com\/blog\/wp-json\/wp\/v2\/comments?post=34362"}],"version-history":[{"count":1,"href":"https:\/\/agenciainfra.com\/blog\/wp-json\/wp\/v2\/posts\/34362\/revisions"}],"predecessor-version":[{"id":34367,"href":"https:\/\/agenciainfra.com\/blog\/wp-json\/wp\/v2\/posts\/34362\/revisions\/34367"}],"wp:featuredmedia":[{"embeddable":true,"href":"https:\/\/agenciainfra.com\/blog\/wp-json\/wp\/v2\/media\/30968"}],"wp:attachment":[{"href":"https:\/\/agenciainfra.com\/blog\/wp-json\/wp\/v2\/media?parent=34362"}],"wp:term":[{"taxonomy":"category","embeddable":true,"href":"https:\/\/agenciainfra.com\/blog\/wp-json\/wp\/v2\/categories?post=34362"},{"taxonomy":"post_tag","embeddable":true,"href":"https:\/\/agenciainfra.com\/blog\/wp-json\/wp\/v2\/tags?post=34362"}],"curies":[{"name":"wp","href":"https:\/\/api.w.org\/{rel}","templated":true}]}}