{"id":3439,"date":"2019-07-11T14:35:18","date_gmt":"2019-07-11T17:35:18","guid":{"rendered":"http:\/\/www.agenciainfra.com\/blog\/?p=3439"},"modified":"2019-07-12T02:35:53","modified_gmt":"2019-07-12T05:35:53","slug":"em-alto-e-bom-som-camara-dos-deputados-diz-sim-a-reforma-da-previdencia","status":"publish","type":"post","link":"https:\/\/agenciainfra.com\/blog\/em-alto-e-bom-som-camara-dos-deputados-diz-sim-a-reforma-da-previdencia\/","title":{"rendered":"Em alto e bom som, C\u00e2mara dos Deputados diz sim \u00e0 reforma da Previd\u00eancia"},"content":{"rendered":"<h5 style=\"text-align: right;\">Bernardo Gonzaga, da Ag\u00eancia iNFRA<\/h5>\n<p>Os gritos de exalta\u00e7\u00e3o dos 379 deputados que aprovaram o texto-base da reforma da Previd\u00eancia foram ouvidos em todos os cantos dos corredores que d\u00e3o acesso ao plen\u00e1rio da C\u00e2mara dos Deputados na noite desta quarta-feira (10).<\/p>\n<p>Gritos esses que estavam entalados na garganta de muitos deputados da \u00faltima legislatura, mas n\u00e3o do atual presidente da Rep\u00fablica, Jair Bolsonaro, que era contra a medida quando exercia seu \u00faltimo mandato na Casa Legislativa. Mas, mesmo assim, comemorou. \u201cGRANDE DIA\u201d, disse no Twitter.<\/p>\n<p>Se a aprova\u00e7\u00e3o foi ovacionada pela ala de deputados conservadores que se elegeram apoiados na fala de Bolsonaro de mudar \u201cisso tudo que t\u00e1 a\u00ed\u201d, o m\u00e9rito da aprova\u00e7\u00e3o tamb\u00e9m se deu pelo discurso carimbado da esquerda, que nem quando percebeu que a batalha estava perdida e que a reforma iria passar na Casa, mudou sua postura para tratar a mat\u00e9ria com o devido respeito que ela merece.<\/p>\n<p>\u201cPobres\u201d, \u201ctira de quem tem menos\u201d, \u201cn\u00e3o v\u00e3o se aposentar\u201d, \u201cn\u00e3o combate os privil\u00e9gios\u201d, foram os argumentos de deputados de PT, PSOL, PCdoB e PSB durante o dia de vota\u00e7\u00e3o. Argumentos que est\u00e3o sendo repetidos por esses mesmos partidos h\u00e1 dois anos, quando a import\u00e2ncia da reforma veio \u00e0 tona ainda no governo Temer.<\/p>\n<p>Se o ex-presidente n\u00e3o viu seu projeto de mudar a aposentaria avan\u00e7ar no Congresso, seu esfor\u00e7o de colocar a mat\u00e9ria em pauta j\u00e1 foi suficiente para trazer a discuss\u00e3o na sociedade. Pesquisa Datafolha mostrou no in\u00edcio deste m\u00eas que 47% da popula\u00e7\u00e3o brasileira s\u00e3o a favor da reforma e 44%, contra. No m\u00eas de maio de 2017, a medida era aprovada por apenas 23% e rejeitada por 71% da popula\u00e7\u00e3o.<\/p>\n<p>Essa mudan\u00e7a de percep\u00e7\u00e3o do povo brasileiro deu aval aos parlamentares para votarem e defenderem abertamente a reforma. Muito diferente de dois anos atr\u00e1s, quando os deputados corriam dos jornalistas quando tocavam no assunto. Nem mesmo o relator do texto \u00e0 \u00e9poca, Arthur Maia (DEM-BA), revelou seu apoio \u00e0 proposta antes de ler seu relat\u00f3rio em comiss\u00e3o.<\/p>\n<p>J\u00e1 nesta quarta-feira (10), at\u00e9 houve gritos de \u201cLula livre\u201d, mas as vaias foram maiores. E, junto com elas, vieram abanos de bandeiras do Brasil e gritos de \u201ceu sou brasileiro, com muito orgulho e com muito amor\u201d, um retrato das ruas do pa\u00eds em dias de manifesta\u00e7\u00e3o nos \u00faltimos quatro anos.<\/p>\n<p>Fortalecida, a base de parlamentares apoiadores da reforma sentiu-se engrandecida o suficiente para falar claramente: &#8220;Sim, haver\u00e1 mais tempo de contribui\u00e7\u00e3o, mas voc\u00ea vai se aposentar. Se continuar com o atual sistema previdenci\u00e1rio, n\u00e3o haver\u00e1 aposentadoria\u201d. Claro, nada disso foi dito sem antes jogar a culpa do rombo da Previd\u00eancia nas costas do PT.<\/p>\n<p>Essa aprova\u00e7\u00e3o foi uma vit\u00f3ria, sobretudo, tamb\u00e9m, do presidente da C\u00e2mara, Rodrigo Maia (DEM-RJ), que, aos prantos, agradeceu cada deputado que aceitou conversar com ele sobre a reforma da Previd\u00eancia (e n\u00e3o foram poucos).<\/p>\n<p>Maia emplacou uma desenfreada agenda de conversas pelos bastidores para articular a aprova\u00e7\u00e3o da medida e engoliu seco v\u00e1rias vezes quando o presidente e seus filhos ofendiam os congressistas nas redes sociais.<\/p>\n<p>Sem d\u00favida, Maia saiu fortalecido dessa vota\u00e7\u00e3o. Mesmo a oposi\u00e7\u00e3o reconheceu o papel democr\u00e1tico do presidente da C\u00e2mara em ouvir todas as partes. E, claro, os apoiadores da reforma n\u00e3o pouparam elogios. &#8220;Sem essa pessoa, com certeza, n\u00f3s n\u00e3o ter\u00edamos chegado a esse momento t\u00e3o importante. Minha especial homenagem ao presidente desta Casa, Rodrigo Maia\u201d, disse o l\u00edder do PSL na C\u00e2mara, Delegado Waldir (GO).<\/p>\n<p>Agora, os parlamentares v\u00e3o votar 108 destaques ao texto que foi aprovado no plen\u00e1rio da C\u00e2mara. A expectativa \u00e9 que as vota\u00e7\u00f5es se alonguem at\u00e9 s\u00e1bado (13). Algo in\u00e9dito para deputados que costumam chegar em Bras\u00edlia na segunda-feira e v\u00e3o embora na quinta.<\/p>\n","protected":false},"excerpt":{"rendered":"<p>Bernardo Gonzaga, da Ag\u00eancia iNFRA Os gritos de exalta\u00e7\u00e3o dos 379 deputados que aprovaram o texto-base da reforma da Previd\u00eancia foram ouvidos em todos os cantos dos corredores que d\u00e3o acesso ao plen\u00e1rio da C\u00e2mara dos Deputados na noite desta quarta-feira (10). Gritos esses que estavam entalados na garganta de muitos deputados da \u00faltima legislatura, [&hellip;]<\/p>\n","protected":false},"author":9,"featured_media":3440,"comment_status":"closed","ping_status":"closed","sticky":false,"template":"","format":"standard","meta":{"_monsterinsights_skip_tracking":false,"_monsterinsights_sitenote_active":false,"_monsterinsights_sitenote_note":"","_monsterinsights_sitenote_category":0,"footnotes":""},"categories":[7],"tags":[305,845,846,39],"class_list":["post-3439","post","type-post","status-publish","format-standard","has-post-thumbnail","hentry","category-infratransporte","tag-camara-dos-deputados","tag-jair-bolsonaro","tag-reforma-da-previdencia","tag-rodrigo-maia"],"yoast_head":"<!-- This site is optimized with the Yoast SEO Premium plugin v25.4 (Yoast SEO v26.0) - https:\/\/yoast.com\/wordpress\/plugins\/seo\/ -->\n<title>Em alto e bom som, C\u00e2mara dos Deputados diz sim \u00e0 reforma da Previd\u00eancia - Ag\u00eancia iNFRA<\/title>\n<meta name=\"robots\" content=\"index, follow, max-snippet:-1, max-image-preview:large, max-video-preview:-1\" \/>\n<link rel=\"canonical\" href=\"https:\/\/agenciainfra.com\/blog\/em-alto-e-bom-som-camara-dos-deputados-diz-sim-a-reforma-da-previdencia\/\" \/>\n<meta property=\"og:locale\" content=\"pt_BR\" \/>\n<meta property=\"og:type\" content=\"article\" \/>\n<meta property=\"og:title\" content=\"Em alto e bom som, C\u00e2mara dos Deputados diz sim \u00e0 reforma da Previd\u00eancia\" \/>\n<meta property=\"og:description\" content=\"Bernardo Gonzaga, da Ag\u00eancia iNFRA Os gritos de exalta\u00e7\u00e3o dos 379 deputados que aprovaram o texto-base da reforma da Previd\u00eancia foram ouvidos em todos os cantos dos corredores que d\u00e3o acesso ao plen\u00e1rio da C\u00e2mara dos Deputados na noite desta quarta-feira (10). Gritos esses que estavam entalados na garganta de muitos deputados da \u00faltima legislatura, [&hellip;]\" \/>\n<meta property=\"og:url\" content=\"https:\/\/agenciainfra.com\/blog\/em-alto-e-bom-som-camara-dos-deputados-diz-sim-a-reforma-da-previdencia\/\" \/>\n<meta property=\"og:site_name\" content=\"Ag\u00eancia iNFRA\" \/>\n<meta property=\"article:publisher\" content=\"https:\/\/www.facebook.com\/ageninfra\" \/>\n<meta property=\"article:published_time\" content=\"2019-07-11T17:35:18+00:00\" \/>\n<meta property=\"article:modified_time\" content=\"2019-07-12T05:35:53+00:00\" \/>\n<meta property=\"og:image\" content=\"https:\/\/agenciainfra.com\/blog\/wp-content\/uploads\/2019\/07\/plenario-camara-foto-michel-jesus-camara-dos-deputados-1024x688.jpg\" \/>\n\t<meta property=\"og:image:width\" content=\"1024\" \/>\n\t<meta property=\"og:image:height\" content=\"688\" \/>\n\t<meta property=\"og:image:type\" content=\"image\/jpeg\" \/>\n<meta name=\"author\" content=\"Rodrigo Zuquim\" \/>\n<meta name=\"twitter:card\" content=\"summary_large_image\" \/>\n<meta name=\"twitter:creator\" content=\"@agencia_infra\" \/>\n<meta name=\"twitter:site\" content=\"@agencia_infra\" \/>\n<meta name=\"twitter:label1\" content=\"Escrito por\" \/>\n\t<meta name=\"twitter:data1\" content=\"Rodrigo Zuquim\" \/>\n\t<meta name=\"twitter:label2\" content=\"Est. tempo de leitura\" \/>\n\t<meta name=\"twitter:data2\" content=\"3 minutos\" \/>\n<script type=\"application\/ld+json\" class=\"yoast-schema-graph\">{\"@context\":\"https:\/\/schema.org\",\"@graph\":[{\"@type\":\"Article\",\"@id\":\"https:\/\/agenciainfra.com\/blog\/em-alto-e-bom-som-camara-dos-deputados-diz-sim-a-reforma-da-previdencia\/#article\",\"isPartOf\":{\"@id\":\"https:\/\/agenciainfra.com\/blog\/em-alto-e-bom-som-camara-dos-deputados-diz-sim-a-reforma-da-previdencia\/\"},\"author\":{\"name\":\"Rodrigo Zuquim\",\"@id\":\"https:\/\/agenciainfra.com\/blog\/#\/schema\/person\/04dbb79bd6d8951f063da71f3e4c1eb1\"},\"headline\":\"Em alto e bom som, C\u00e2mara dos Deputados diz sim \u00e0 reforma da Previd\u00eancia\",\"datePublished\":\"2019-07-11T17:35:18+00:00\",\"dateModified\":\"2019-07-12T05:35:53+00:00\",\"mainEntityOfPage\":{\"@id\":\"https:\/\/agenciainfra.com\/blog\/em-alto-e-bom-som-camara-dos-deputados-diz-sim-a-reforma-da-previdencia\/\"},\"wordCount\":686,\"publisher\":{\"@id\":\"https:\/\/agenciainfra.com\/blog\/#organization\"},\"image\":{\"@id\":\"https:\/\/agenciainfra.com\/blog\/em-alto-e-bom-som-camara-dos-deputados-diz-sim-a-reforma-da-previdencia\/#primaryimage\"},\"thumbnailUrl\":\"https:\/\/agenciainfra.com\/blog\/wp-content\/uploads\/2019\/07\/plenario-camara-foto-michel-jesus-camara-dos-deputados.jpg\",\"keywords\":[\"C\u00e2mara dos Deputados\",\"Jair Bolsonaro\",\"reforma da Previd\u00eancia\",\"Rodrigo Maia\"],\"articleSection\":[\"iNFRATransporte\"],\"inLanguage\":\"pt-BR\",\"copyrightYear\":\"2019\",\"copyrightHolder\":{\"@id\":\"https:\/\/agenciainfra.com\/blog\/#organization\"}},{\"@type\":\"WebPage\",\"@id\":\"https:\/\/agenciainfra.com\/blog\/em-alto-e-bom-som-camara-dos-deputados-diz-sim-a-reforma-da-previdencia\/\",\"url\":\"https:\/\/agenciainfra.com\/blog\/em-alto-e-bom-som-camara-dos-deputados-diz-sim-a-reforma-da-previdencia\/\",\"name\":\"Em alto e bom som, C\u00e2mara dos Deputados diz sim \u00e0 reforma da Previd\u00eancia - Ag\u00eancia iNFRA\",\"isPartOf\":{\"@id\":\"https:\/\/agenciainfra.com\/blog\/#website\"},\"primaryImageOfPage\":{\"@id\":\"https:\/\/agenciainfra.com\/blog\/em-alto-e-bom-som-camara-dos-deputados-diz-sim-a-reforma-da-previdencia\/#primaryimage\"},\"image\":{\"@id\":\"https:\/\/agenciainfra.com\/blog\/em-alto-e-bom-som-camara-dos-deputados-diz-sim-a-reforma-da-previdencia\/#primaryimage\"},\"thumbnailUrl\":\"https:\/\/agenciainfra.com\/blog\/wp-content\/uploads\/2019\/07\/plenario-camara-foto-michel-jesus-camara-dos-deputados.jpg\",\"datePublished\":\"2019-07-11T17:35:18+00:00\",\"dateModified\":\"2019-07-12T05:35:53+00:00\",\"breadcrumb\":{\"@id\":\"https:\/\/agenciainfra.com\/blog\/em-alto-e-bom-som-camara-dos-deputados-diz-sim-a-reforma-da-previdencia\/#breadcrumb\"},\"inLanguage\":\"pt-BR\",\"potentialAction\":[{\"@type\":\"ReadAction\",\"target\":[\"https:\/\/agenciainfra.com\/blog\/em-alto-e-bom-som-camara-dos-deputados-diz-sim-a-reforma-da-previdencia\/\"]}]},{\"@type\":\"ImageObject\",\"inLanguage\":\"pt-BR\",\"@id\":\"https:\/\/agenciainfra.com\/blog\/em-alto-e-bom-som-camara-dos-deputados-diz-sim-a-reforma-da-previdencia\/#primaryimage\",\"url\":\"https:\/\/agenciainfra.com\/blog\/wp-content\/uploads\/2019\/07\/plenario-camara-foto-michel-jesus-camara-dos-deputados.jpg\",\"contentUrl\":\"https:\/\/agenciainfra.com\/blog\/wp-content\/uploads\/2019\/07\/plenario-camara-foto-michel-jesus-camara-dos-deputados.jpg\",\"width\":3602,\"height\":2421},{\"@type\":\"BreadcrumbList\",\"@id\":\"https:\/\/agenciainfra.com\/blog\/em-alto-e-bom-som-camara-dos-deputados-diz-sim-a-reforma-da-previdencia\/#breadcrumb\",\"itemListElement\":[{\"@type\":\"ListItem\",\"position\":1,\"name\":\"In\u00edcio\",\"item\":\"https:\/\/agenciainfra.com\/blog\/\"},{\"@type\":\"ListItem\",\"position\":2,\"name\":\"Em alto e bom som, C\u00e2mara dos Deputados diz sim \u00e0 reforma da Previd\u00eancia\"}]},{\"@type\":\"WebSite\",\"@id\":\"https:\/\/agenciainfra.com\/blog\/#website\",\"url\":\"https:\/\/agenciainfra.com\/blog\/\",\"name\":\"Ag\u00eancia iNFRA\",\"description\":\"Multiplataforma de informa\u00e7\u00e3o jornal\u00edstica refer\u00eancia na \u00e1rea de infraestrutura no Brasil!\",\"publisher\":{\"@id\":\"https:\/\/agenciainfra.com\/blog\/#organization\"},\"potentialAction\":[{\"@type\":\"SearchAction\",\"target\":{\"@type\":\"EntryPoint\",\"urlTemplate\":\"https:\/\/agenciainfra.com\/blog\/?s={search_term_string}\"},\"query-input\":{\"@type\":\"PropertyValueSpecification\",\"valueRequired\":true,\"valueName\":\"search_term_string\"}}],\"inLanguage\":\"pt-BR\"},{\"@type\":\"Organization\",\"@id\":\"https:\/\/agenciainfra.com\/blog\/#organization\",\"name\":\"Ag\u00eancia iNFRA\",\"url\":\"https:\/\/agenciainfra.com\/blog\/\",\"logo\":{\"@type\":\"ImageObject\",\"inLanguage\":\"pt-BR\",\"@id\":\"https:\/\/agenciainfra.com\/blog\/#\/schema\/logo\/image\/\",\"url\":\"https:\/\/agenciainfra.com\/blog\/wp-content\/uploads\/2023\/09\/iNFRA_5-e1761735885940.png\",\"contentUrl\":\"https:\/\/agenciainfra.com\/blog\/wp-content\/uploads\/2023\/09\/iNFRA_5-e1761735885940.png\",\"width\":1672,\"height\":454,\"caption\":\"Ag\u00eancia iNFRA\"},\"image\":{\"@id\":\"https:\/\/agenciainfra.com\/blog\/#\/schema\/logo\/image\/\"},\"sameAs\":[\"https:\/\/www.facebook.com\/ageninfra\",\"https:\/\/x.com\/agencia_infra\",\"https:\/\/www.linkedin.com\/company\/ag\u00eanciainfra\/\",\"https:\/\/www.instagram.com\/agenciainfra\/\"]},{\"@type\":\"Person\",\"@id\":\"https:\/\/agenciainfra.com\/blog\/#\/schema\/person\/04dbb79bd6d8951f063da71f3e4c1eb1\",\"name\":\"Rodrigo Zuquim\",\"image\":{\"@type\":\"ImageObject\",\"inLanguage\":\"pt-BR\",\"@id\":\"https:\/\/agenciainfra.com\/blog\/#\/schema\/person\/image\/\",\"url\":\"https:\/\/secure.gravatar.com\/avatar\/594abfe82761d620726242ff34ca472a705a4b97f16c790053a6b4c4035274d0?s=96&d=mm&r=g\",\"contentUrl\":\"https:\/\/secure.gravatar.com\/avatar\/594abfe82761d620726242ff34ca472a705a4b97f16c790053a6b4c4035274d0?s=96&d=mm&r=g\",\"caption\":\"Rodrigo Zuquim\"},\"url\":\"https:\/\/agenciainfra.com\/blog\/author\/rodrigo-zuquim\/\"}]}<\/script>\n<!-- \/ Yoast SEO Premium plugin. -->","yoast_head_json":{"title":"Em alto e bom som, C\u00e2mara dos Deputados diz sim \u00e0 reforma da Previd\u00eancia - Ag\u00eancia iNFRA","robots":{"index":"index","follow":"follow","max-snippet":"max-snippet:-1","max-image-preview":"max-image-preview:large","max-video-preview":"max-video-preview:-1"},"canonical":"https:\/\/agenciainfra.com\/blog\/em-alto-e-bom-som-camara-dos-deputados-diz-sim-a-reforma-da-previdencia\/","og_locale":"pt_BR","og_type":"article","og_title":"Em alto e bom som, C\u00e2mara dos Deputados diz sim \u00e0 reforma da Previd\u00eancia","og_description":"Bernardo Gonzaga, da Ag\u00eancia iNFRA Os gritos de exalta\u00e7\u00e3o dos 379 deputados que aprovaram o texto-base da reforma da Previd\u00eancia foram ouvidos em todos os cantos dos corredores que d\u00e3o acesso ao plen\u00e1rio da C\u00e2mara dos Deputados na noite desta quarta-feira (10). Gritos esses que estavam entalados na garganta de muitos deputados da \u00faltima legislatura, [&hellip;]","og_url":"https:\/\/agenciainfra.com\/blog\/em-alto-e-bom-som-camara-dos-deputados-diz-sim-a-reforma-da-previdencia\/","og_site_name":"Ag\u00eancia iNFRA","article_publisher":"https:\/\/www.facebook.com\/ageninfra","article_published_time":"2019-07-11T17:35:18+00:00","article_modified_time":"2019-07-12T05:35:53+00:00","og_image":[{"width":1024,"height":688,"url":"https:\/\/agenciainfra.com\/blog\/wp-content\/uploads\/2019\/07\/plenario-camara-foto-michel-jesus-camara-dos-deputados-1024x688.jpg","type":"image\/jpeg"}],"author":"Rodrigo Zuquim","twitter_card":"summary_large_image","twitter_creator":"@agencia_infra","twitter_site":"@agencia_infra","twitter_misc":{"Escrito por":"Rodrigo Zuquim","Est. tempo de leitura":"3 minutos"},"schema":{"@context":"https:\/\/schema.org","@graph":[{"@type":"Article","@id":"https:\/\/agenciainfra.com\/blog\/em-alto-e-bom-som-camara-dos-deputados-diz-sim-a-reforma-da-previdencia\/#article","isPartOf":{"@id":"https:\/\/agenciainfra.com\/blog\/em-alto-e-bom-som-camara-dos-deputados-diz-sim-a-reforma-da-previdencia\/"},"author":{"name":"Rodrigo Zuquim","@id":"https:\/\/agenciainfra.com\/blog\/#\/schema\/person\/04dbb79bd6d8951f063da71f3e4c1eb1"},"headline":"Em alto e bom som, C\u00e2mara dos Deputados diz sim \u00e0 reforma da Previd\u00eancia","datePublished":"2019-07-11T17:35:18+00:00","dateModified":"2019-07-12T05:35:53+00:00","mainEntityOfPage":{"@id":"https:\/\/agenciainfra.com\/blog\/em-alto-e-bom-som-camara-dos-deputados-diz-sim-a-reforma-da-previdencia\/"},"wordCount":686,"publisher":{"@id":"https:\/\/agenciainfra.com\/blog\/#organization"},"image":{"@id":"https:\/\/agenciainfra.com\/blog\/em-alto-e-bom-som-camara-dos-deputados-diz-sim-a-reforma-da-previdencia\/#primaryimage"},"thumbnailUrl":"https:\/\/agenciainfra.com\/blog\/wp-content\/uploads\/2019\/07\/plenario-camara-foto-michel-jesus-camara-dos-deputados.jpg","keywords":["C\u00e2mara dos Deputados","Jair Bolsonaro","reforma da Previd\u00eancia","Rodrigo Maia"],"articleSection":["iNFRATransporte"],"inLanguage":"pt-BR","copyrightYear":"2019","copyrightHolder":{"@id":"https:\/\/agenciainfra.com\/blog\/#organization"}},{"@type":"WebPage","@id":"https:\/\/agenciainfra.com\/blog\/em-alto-e-bom-som-camara-dos-deputados-diz-sim-a-reforma-da-previdencia\/","url":"https:\/\/agenciainfra.com\/blog\/em-alto-e-bom-som-camara-dos-deputados-diz-sim-a-reforma-da-previdencia\/","name":"Em alto e bom som, C\u00e2mara dos Deputados diz sim \u00e0 reforma da Previd\u00eancia - Ag\u00eancia iNFRA","isPartOf":{"@id":"https:\/\/agenciainfra.com\/blog\/#website"},"primaryImageOfPage":{"@id":"https:\/\/agenciainfra.com\/blog\/em-alto-e-bom-som-camara-dos-deputados-diz-sim-a-reforma-da-previdencia\/#primaryimage"},"image":{"@id":"https:\/\/agenciainfra.com\/blog\/em-alto-e-bom-som-camara-dos-deputados-diz-sim-a-reforma-da-previdencia\/#primaryimage"},"thumbnailUrl":"https:\/\/agenciainfra.com\/blog\/wp-content\/uploads\/2019\/07\/plenario-camara-foto-michel-jesus-camara-dos-deputados.jpg","datePublished":"2019-07-11T17:35:18+00:00","dateModified":"2019-07-12T05:35:53+00:00","breadcrumb":{"@id":"https:\/\/agenciainfra.com\/blog\/em-alto-e-bom-som-camara-dos-deputados-diz-sim-a-reforma-da-previdencia\/#breadcrumb"},"inLanguage":"pt-BR","potentialAction":[{"@type":"ReadAction","target":["https:\/\/agenciainfra.com\/blog\/em-alto-e-bom-som-camara-dos-deputados-diz-sim-a-reforma-da-previdencia\/"]}]},{"@type":"ImageObject","inLanguage":"pt-BR","@id":"https:\/\/agenciainfra.com\/blog\/em-alto-e-bom-som-camara-dos-deputados-diz-sim-a-reforma-da-previdencia\/#primaryimage","url":"https:\/\/agenciainfra.com\/blog\/wp-content\/uploads\/2019\/07\/plenario-camara-foto-michel-jesus-camara-dos-deputados.jpg","contentUrl":"https:\/\/agenciainfra.com\/blog\/wp-content\/uploads\/2019\/07\/plenario-camara-foto-michel-jesus-camara-dos-deputados.jpg","width":3602,"height":2421},{"@type":"BreadcrumbList","@id":"https:\/\/agenciainfra.com\/blog\/em-alto-e-bom-som-camara-dos-deputados-diz-sim-a-reforma-da-previdencia\/#breadcrumb","itemListElement":[{"@type":"ListItem","position":1,"name":"In\u00edcio","item":"https:\/\/agenciainfra.com\/blog\/"},{"@type":"ListItem","position":2,"name":"Em alto e bom som, C\u00e2mara dos Deputados diz sim \u00e0 reforma da Previd\u00eancia"}]},{"@type":"WebSite","@id":"https:\/\/agenciainfra.com\/blog\/#website","url":"https:\/\/agenciainfra.com\/blog\/","name":"Ag\u00eancia iNFRA","description":"Multiplataforma de informa\u00e7\u00e3o jornal\u00edstica refer\u00eancia na \u00e1rea de infraestrutura no Brasil!","publisher":{"@id":"https:\/\/agenciainfra.com\/blog\/#organization"},"potentialAction":[{"@type":"SearchAction","target":{"@type":"EntryPoint","urlTemplate":"https:\/\/agenciainfra.com\/blog\/?s={search_term_string}"},"query-input":{"@type":"PropertyValueSpecification","valueRequired":true,"valueName":"search_term_string"}}],"inLanguage":"pt-BR"},{"@type":"Organization","@id":"https:\/\/agenciainfra.com\/blog\/#organization","name":"Ag\u00eancia iNFRA","url":"https:\/\/agenciainfra.com\/blog\/","logo":{"@type":"ImageObject","inLanguage":"pt-BR","@id":"https:\/\/agenciainfra.com\/blog\/#\/schema\/logo\/image\/","url":"https:\/\/agenciainfra.com\/blog\/wp-content\/uploads\/2023\/09\/iNFRA_5-e1761735885940.png","contentUrl":"https:\/\/agenciainfra.com\/blog\/wp-content\/uploads\/2023\/09\/iNFRA_5-e1761735885940.png","width":1672,"height":454,"caption":"Ag\u00eancia iNFRA"},"image":{"@id":"https:\/\/agenciainfra.com\/blog\/#\/schema\/logo\/image\/"},"sameAs":["https:\/\/www.facebook.com\/ageninfra","https:\/\/x.com\/agencia_infra","https:\/\/www.linkedin.com\/company\/ag\u00eanciainfra\/","https:\/\/www.instagram.com\/agenciainfra\/"]},{"@type":"Person","@id":"https:\/\/agenciainfra.com\/blog\/#\/schema\/person\/04dbb79bd6d8951f063da71f3e4c1eb1","name":"Rodrigo Zuquim","image":{"@type":"ImageObject","inLanguage":"pt-BR","@id":"https:\/\/agenciainfra.com\/blog\/#\/schema\/person\/image\/","url":"https:\/\/secure.gravatar.com\/avatar\/594abfe82761d620726242ff34ca472a705a4b97f16c790053a6b4c4035274d0?s=96&d=mm&r=g","contentUrl":"https:\/\/secure.gravatar.com\/avatar\/594abfe82761d620726242ff34ca472a705a4b97f16c790053a6b4c4035274d0?s=96&d=mm&r=g","caption":"Rodrigo Zuquim"},"url":"https:\/\/agenciainfra.com\/blog\/author\/rodrigo-zuquim\/"}]}},"_links":{"self":[{"href":"https:\/\/agenciainfra.com\/blog\/wp-json\/wp\/v2\/posts\/3439","targetHints":{"allow":["GET"]}}],"collection":[{"href":"https:\/\/agenciainfra.com\/blog\/wp-json\/wp\/v2\/posts"}],"about":[{"href":"https:\/\/agenciainfra.com\/blog\/wp-json\/wp\/v2\/types\/post"}],"author":[{"embeddable":true,"href":"https:\/\/agenciainfra.com\/blog\/wp-json\/wp\/v2\/users\/9"}],"replies":[{"embeddable":true,"href":"https:\/\/agenciainfra.com\/blog\/wp-json\/wp\/v2\/comments?post=3439"}],"version-history":[{"count":0,"href":"https:\/\/agenciainfra.com\/blog\/wp-json\/wp\/v2\/posts\/3439\/revisions"}],"wp:featuredmedia":[{"embeddable":true,"href":"https:\/\/agenciainfra.com\/blog\/wp-json\/wp\/v2\/media\/3440"}],"wp:attachment":[{"href":"https:\/\/agenciainfra.com\/blog\/wp-json\/wp\/v2\/media?parent=3439"}],"wp:term":[{"taxonomy":"category","embeddable":true,"href":"https:\/\/agenciainfra.com\/blog\/wp-json\/wp\/v2\/categories?post=3439"},{"taxonomy":"post_tag","embeddable":true,"href":"https:\/\/agenciainfra.com\/blog\/wp-json\/wp\/v2\/tags?post=3439"}],"curies":[{"name":"wp","href":"https:\/\/api.w.org\/{rel}","templated":true}]}}