{"id":34495,"date":"2026-01-06T15:05:05","date_gmt":"2026-01-06T18:05:05","guid":{"rendered":"https:\/\/agenciainfra.com\/blog\/?p=34495"},"modified":"2026-01-09T07:11:04","modified_gmt":"2026-01-09T10:11:04","slug":"ons-prazo-de-solicitacao-de-acesso-a-rede-sem-leilao-vai-ate-maio","status":"publish","type":"post","link":"https:\/\/agenciainfra.com\/blog\/ons-prazo-de-solicitacao-de-acesso-a-rede-sem-leilao-vai-ate-maio\/","title":{"rendered":"ONS: prazo de solicita\u00e7\u00e3o de acesso \u00e0 rede sem leil\u00e3o vai at\u00e9 maio"},"content":{"rendered":"\n<p class=\"has-text-align-right\"><strong>da Ag\u00eancia iNFRA<\/strong><\/p>\n\n\n\n<p>O ONS (Operador Nacional do Sistema El\u00e9trico) divulgou que as solicita\u00e7\u00f5es de acesso permanente de agentes geradores e consumidores \u00e0 rede b\u00e1sica ser\u00e3o recebidas at\u00e9 29 de maio de 2026. A partir dessa data, as solicita\u00e7\u00f5es de acesso dever\u00e3o ser realizadas exclusivamente por meio dos <a href=\"https:\/\/agenciainfra.com\/blog\/governo-publica-decreto-que-cria-leilao-para-acesso-a-rede-de-transmissao\/\">leil\u00f5es de margem<\/a>, que ser\u00e3o feitos por temporadas de acesso, conforme o <a href=\"https:\/\/www.in.gov.br\/web\/dou\/-\/decreto-n-12.772-de-5-de-dezembro-de-2025-673664538\">Decreto 12.772\/2025<\/a>, que instituiu a Pnast (Pol\u00edtica Nacional de Acesso ao Sistema de Transmiss\u00e3o).<\/p>\n\n\n\n<p>Ap\u00f3s o prazo de maio, ser\u00e1 aberto para os agentes interessados o per\u00edodo de cadastro para participa\u00e7\u00e3o na 1\u00aa Temporada de Acesso entre 1\u00ba de junho de 2026 e 15 de junho de 2026. O cadastramento ser\u00e1 realizado por meio de plataforma espec\u00edfica, cujos procedimentos e orienta\u00e7\u00f5es ser\u00e3o divulgados pelo ONS futuramente.<\/p>\n\n\n\n<p>O Operador refor\u00e7ou que as solicita\u00e7\u00f5es de acesso de consumidores protocoladas at\u00e9 a data de publica\u00e7\u00e3o do Decreto n\u00ba 12.772, que j\u00e1 tenham aportado Garantia Financeira para Solicita\u00e7\u00e3o de Acesso em seu protocolo original e que n\u00e3o tenham interesse em reduzir seus MUSTs (Montantes de Uso do Sistema de Transmiss\u00e3o), n\u00e3o necessitam realizar novo aporte de garantia financeira para fins de participa\u00e7\u00e3o no c\u00e1lculo da margem previsto no decreto.<\/p>\n\n\n\n<p>\u201cO ONS permanece analisando e elaborando diretrizes para a implementa\u00e7\u00e3o e operacionaliza\u00e7\u00e3o da PNAST e divulgar\u00e1 novos comunicados sempre que necess\u00e1rio, com vistas a orientar os agentes quanto aos procedimentos aplic\u00e1veis \u00e0s Temporadas de Acesso e ao per\u00edodo transit\u00f3rio\u201d, afirmou o operador em nota.<\/p>\n","protected":false},"excerpt":{"rendered":"<p>da Ag\u00eancia iNFRA O ONS (Operador Nacional do Sistema El\u00e9trico) divulgou que as solicita\u00e7\u00f5es de acesso permanente de agentes geradores e consumidores \u00e0 rede b\u00e1sica ser\u00e3o recebidas at\u00e9 29 de maio de 2026. A partir dessa data, as solicita\u00e7\u00f5es de acesso dever\u00e3o ser realizadas exclusivamente por meio dos leil\u00f5es de margem, que ser\u00e3o feitos por [&hellip;]<\/p>\n","protected":false},"author":1,"featured_media":12775,"comment_status":"closed","ping_status":"closed","sticky":false,"template":"","format":"standard","meta":{"_monsterinsights_skip_tracking":false,"_monsterinsights_sitenote_active":false,"_monsterinsights_sitenote_note":"","_monsterinsights_sitenote_category":0,"footnotes":""},"categories":[10],"tags":[25,17732,216,827,11972,17733],"class_list":["post-34495","post","type-post","status-publish","format-standard","has-post-thumbnail","hentry","category-infraenergia","tag-energia","tag-leilao-de-acesso-a-margem","tag-ons","tag-operador-nacional-do-sistema-eletrico","tag-rede-basica-de-transmissao","tag-temporada-de-acesso"],"yoast_head":"<!-- This site is optimized with the Yoast SEO Premium plugin v25.4 (Yoast SEO v26.0) - https:\/\/yoast.com\/wordpress\/plugins\/seo\/ -->\n<title>ONS: prazo de solicita\u00e7\u00e3o de acesso \u00e0 rede sem leil\u00e3o vai at\u00e9 maio - Ag\u00eancia iNFRA<\/title>\n<meta name=\"robots\" content=\"index, follow, max-snippet:-1, max-image-preview:large, max-video-preview:-1\" \/>\n<link rel=\"canonical\" href=\"https:\/\/agenciainfra.com\/blog\/ons-prazo-de-solicitacao-de-acesso-a-rede-sem-leilao-vai-ate-maio\/\" \/>\n<meta property=\"og:locale\" content=\"pt_BR\" \/>\n<meta property=\"og:type\" content=\"article\" \/>\n<meta property=\"og:title\" content=\"ONS: prazo de solicita\u00e7\u00e3o de acesso \u00e0 rede sem leil\u00e3o vai at\u00e9 maio\" \/>\n<meta property=\"og:description\" content=\"da Ag\u00eancia iNFRA O ONS (Operador Nacional do Sistema El\u00e9trico) divulgou que as solicita\u00e7\u00f5es de acesso permanente de agentes geradores e consumidores \u00e0 rede b\u00e1sica ser\u00e3o recebidas at\u00e9 29 de maio de 2026. A partir dessa data, as solicita\u00e7\u00f5es de acesso dever\u00e3o ser realizadas exclusivamente por meio dos leil\u00f5es de margem, que ser\u00e3o feitos por [&hellip;]\" \/>\n<meta property=\"og:url\" content=\"https:\/\/agenciainfra.com\/blog\/ons-prazo-de-solicitacao-de-acesso-a-rede-sem-leilao-vai-ate-maio\/\" \/>\n<meta property=\"og:site_name\" content=\"Ag\u00eancia iNFRA\" \/>\n<meta property=\"article:publisher\" content=\"https:\/\/www.facebook.com\/ageninfra\" \/>\n<meta property=\"article:published_time\" content=\"2026-01-06T18:05:05+00:00\" \/>\n<meta property=\"article:modified_time\" content=\"2026-01-09T10:11:04+00:00\" \/>\n<meta property=\"og:image\" content=\"https:\/\/agenciainfra.com\/blog\/wp-content\/uploads\/2023\/06\/linha-de-transmissao-foto-agencia-brasil.png\" \/>\n\t<meta property=\"og:image:width\" content=\"1202\" \/>\n\t<meta property=\"og:image:height\" content=\"720\" \/>\n\t<meta property=\"og:image:type\" content=\"image\/png\" \/>\n<meta name=\"author\" content=\"Ag\u00eancia iNFRA\" \/>\n<meta name=\"twitter:card\" content=\"summary_large_image\" \/>\n<meta name=\"twitter:creator\" content=\"@agencia_infra\" \/>\n<meta name=\"twitter:site\" content=\"@agencia_infra\" \/>\n<meta name=\"twitter:label1\" content=\"Escrito por\" \/>\n\t<meta name=\"twitter:data1\" content=\"Ag\u00eancia iNFRA\" \/>\n\t<meta name=\"twitter:label2\" content=\"Est. tempo de leitura\" \/>\n\t<meta name=\"twitter:data2\" content=\"1 minuto\" \/>\n<script type=\"application\/ld+json\" class=\"yoast-schema-graph\">{\"@context\":\"https:\/\/schema.org\",\"@graph\":[{\"@type\":\"Article\",\"@id\":\"https:\/\/agenciainfra.com\/blog\/ons-prazo-de-solicitacao-de-acesso-a-rede-sem-leilao-vai-ate-maio\/#article\",\"isPartOf\":{\"@id\":\"https:\/\/agenciainfra.com\/blog\/ons-prazo-de-solicitacao-de-acesso-a-rede-sem-leilao-vai-ate-maio\/\"},\"author\":{\"name\":\"Ag\u00eancia iNFRA\",\"@id\":\"https:\/\/agenciainfra.com\/blog\/#\/schema\/person\/34af08dff6adea4cb22b06612ba7acfa\"},\"headline\":\"ONS: prazo de solicita\u00e7\u00e3o de acesso \u00e0 rede sem leil\u00e3o vai at\u00e9 maio\",\"datePublished\":\"2026-01-06T18:05:05+00:00\",\"dateModified\":\"2026-01-09T10:11:04+00:00\",\"mainEntityOfPage\":{\"@id\":\"https:\/\/agenciainfra.com\/blog\/ons-prazo-de-solicitacao-de-acesso-a-rede-sem-leilao-vai-ate-maio\/\"},\"wordCount\":275,\"publisher\":{\"@id\":\"https:\/\/agenciainfra.com\/blog\/#organization\"},\"image\":{\"@id\":\"https:\/\/agenciainfra.com\/blog\/ons-prazo-de-solicitacao-de-acesso-a-rede-sem-leilao-vai-ate-maio\/#primaryimage\"},\"thumbnailUrl\":\"https:\/\/agenciainfra.com\/blog\/wp-content\/uploads\/2023\/06\/linha-de-transmissao-foto-agencia-brasil.png\",\"keywords\":[\"energia\",\"leil\u00e3o de acesso \u00e0 margem\",\"ONS\",\"Operador Nacional do Sistema El\u00e9trico\",\"Rede b\u00e1sica de transmiss\u00e3o\",\"temporada de acesso\"],\"articleSection\":[\"iNFRAEnergia\"],\"inLanguage\":\"pt-BR\",\"copyrightYear\":\"2026\",\"copyrightHolder\":{\"@id\":\"https:\/\/agenciainfra.com\/blog\/#organization\"}},{\"@type\":\"WebPage\",\"@id\":\"https:\/\/agenciainfra.com\/blog\/ons-prazo-de-solicitacao-de-acesso-a-rede-sem-leilao-vai-ate-maio\/\",\"url\":\"https:\/\/agenciainfra.com\/blog\/ons-prazo-de-solicitacao-de-acesso-a-rede-sem-leilao-vai-ate-maio\/\",\"name\":\"ONS: prazo de solicita\u00e7\u00e3o de acesso \u00e0 rede sem leil\u00e3o vai at\u00e9 maio - Ag\u00eancia iNFRA\",\"isPartOf\":{\"@id\":\"https:\/\/agenciainfra.com\/blog\/#website\"},\"primaryImageOfPage\":{\"@id\":\"https:\/\/agenciainfra.com\/blog\/ons-prazo-de-solicitacao-de-acesso-a-rede-sem-leilao-vai-ate-maio\/#primaryimage\"},\"image\":{\"@id\":\"https:\/\/agenciainfra.com\/blog\/ons-prazo-de-solicitacao-de-acesso-a-rede-sem-leilao-vai-ate-maio\/#primaryimage\"},\"thumbnailUrl\":\"https:\/\/agenciainfra.com\/blog\/wp-content\/uploads\/2023\/06\/linha-de-transmissao-foto-agencia-brasil.png\",\"datePublished\":\"2026-01-06T18:05:05+00:00\",\"dateModified\":\"2026-01-09T10:11:04+00:00\",\"breadcrumb\":{\"@id\":\"https:\/\/agenciainfra.com\/blog\/ons-prazo-de-solicitacao-de-acesso-a-rede-sem-leilao-vai-ate-maio\/#breadcrumb\"},\"inLanguage\":\"pt-BR\",\"potentialAction\":[{\"@type\":\"ReadAction\",\"target\":[\"https:\/\/agenciainfra.com\/blog\/ons-prazo-de-solicitacao-de-acesso-a-rede-sem-leilao-vai-ate-maio\/\"]}]},{\"@type\":\"ImageObject\",\"inLanguage\":\"pt-BR\",\"@id\":\"https:\/\/agenciainfra.com\/blog\/ons-prazo-de-solicitacao-de-acesso-a-rede-sem-leilao-vai-ate-maio\/#primaryimage\",\"url\":\"https:\/\/agenciainfra.com\/blog\/wp-content\/uploads\/2023\/06\/linha-de-transmissao-foto-agencia-brasil.png\",\"contentUrl\":\"https:\/\/agenciainfra.com\/blog\/wp-content\/uploads\/2023\/06\/linha-de-transmissao-foto-agencia-brasil.png\",\"width\":1202,\"height\":720,\"caption\":\"Foto: Ag\u00eancia Brasil\"},{\"@type\":\"BreadcrumbList\",\"@id\":\"https:\/\/agenciainfra.com\/blog\/ons-prazo-de-solicitacao-de-acesso-a-rede-sem-leilao-vai-ate-maio\/#breadcrumb\",\"itemListElement\":[{\"@type\":\"ListItem\",\"position\":1,\"name\":\"In\u00edcio\",\"item\":\"https:\/\/agenciainfra.com\/blog\/\"},{\"@type\":\"ListItem\",\"position\":2,\"name\":\"ONS: prazo de solicita\u00e7\u00e3o de acesso \u00e0 rede sem leil\u00e3o vai at\u00e9 maio\"}]},{\"@type\":\"WebSite\",\"@id\":\"https:\/\/agenciainfra.com\/blog\/#website\",\"url\":\"https:\/\/agenciainfra.com\/blog\/\",\"name\":\"Ag\u00eancia iNFRA\",\"description\":\"Multiplataforma de informa\u00e7\u00e3o jornal\u00edstica refer\u00eancia na \u00e1rea de infraestrutura no Brasil!\",\"publisher\":{\"@id\":\"https:\/\/agenciainfra.com\/blog\/#organization\"},\"potentialAction\":[{\"@type\":\"SearchAction\",\"target\":{\"@type\":\"EntryPoint\",\"urlTemplate\":\"https:\/\/agenciainfra.com\/blog\/?s={search_term_string}\"},\"query-input\":{\"@type\":\"PropertyValueSpecification\",\"valueRequired\":true,\"valueName\":\"search_term_string\"}}],\"inLanguage\":\"pt-BR\"},{\"@type\":\"Organization\",\"@id\":\"https:\/\/agenciainfra.com\/blog\/#organization\",\"name\":\"Ag\u00eancia iNFRA\",\"url\":\"https:\/\/agenciainfra.com\/blog\/\",\"logo\":{\"@type\":\"ImageObject\",\"inLanguage\":\"pt-BR\",\"@id\":\"https:\/\/agenciainfra.com\/blog\/#\/schema\/logo\/image\/\",\"url\":\"https:\/\/agenciainfra.com\/blog\/wp-content\/uploads\/2023\/09\/iNFRA_5-e1761735885940.png\",\"contentUrl\":\"https:\/\/agenciainfra.com\/blog\/wp-content\/uploads\/2023\/09\/iNFRA_5-e1761735885940.png\",\"width\":1672,\"height\":454,\"caption\":\"Ag\u00eancia iNFRA\"},\"image\":{\"@id\":\"https:\/\/agenciainfra.com\/blog\/#\/schema\/logo\/image\/\"},\"sameAs\":[\"https:\/\/www.facebook.com\/ageninfra\",\"https:\/\/x.com\/agencia_infra\",\"https:\/\/www.linkedin.com\/company\/ag\u00eanciainfra\/\",\"https:\/\/www.instagram.com\/agenciainfra\/\"]},{\"@type\":\"Person\",\"@id\":\"https:\/\/agenciainfra.com\/blog\/#\/schema\/person\/34af08dff6adea4cb22b06612ba7acfa\",\"name\":\"Ag\u00eancia iNFRA\",\"image\":{\"@type\":\"ImageObject\",\"inLanguage\":\"pt-BR\",\"@id\":\"https:\/\/agenciainfra.com\/blog\/#\/schema\/person\/image\/\",\"url\":\"https:\/\/secure.gravatar.com\/avatar\/d189e01678f06d8eb84d4e01f08eb848b3fffe3f8443818d3c356c66892f5be8?s=96&d=mm&r=g\",\"contentUrl\":\"https:\/\/secure.gravatar.com\/avatar\/d189e01678f06d8eb84d4e01f08eb848b3fffe3f8443818d3c356c66892f5be8?s=96&d=mm&r=g\",\"caption\":\"Ag\u00eancia iNFRA\"},\"url\":\"https:\/\/agenciainfra.com\/blog\/author\/admin\/\"}]}<\/script>\n<!-- \/ Yoast SEO Premium plugin. -->","yoast_head_json":{"title":"ONS: prazo de solicita\u00e7\u00e3o de acesso \u00e0 rede sem leil\u00e3o vai at\u00e9 maio - Ag\u00eancia iNFRA","robots":{"index":"index","follow":"follow","max-snippet":"max-snippet:-1","max-image-preview":"max-image-preview:large","max-video-preview":"max-video-preview:-1"},"canonical":"https:\/\/agenciainfra.com\/blog\/ons-prazo-de-solicitacao-de-acesso-a-rede-sem-leilao-vai-ate-maio\/","og_locale":"pt_BR","og_type":"article","og_title":"ONS: prazo de solicita\u00e7\u00e3o de acesso \u00e0 rede sem leil\u00e3o vai at\u00e9 maio","og_description":"da Ag\u00eancia iNFRA O ONS (Operador Nacional do Sistema El\u00e9trico) divulgou que as solicita\u00e7\u00f5es de acesso permanente de agentes geradores e consumidores \u00e0 rede b\u00e1sica ser\u00e3o recebidas at\u00e9 29 de maio de 2026. A partir dessa data, as solicita\u00e7\u00f5es de acesso dever\u00e3o ser realizadas exclusivamente por meio dos leil\u00f5es de margem, que ser\u00e3o feitos por [&hellip;]","og_url":"https:\/\/agenciainfra.com\/blog\/ons-prazo-de-solicitacao-de-acesso-a-rede-sem-leilao-vai-ate-maio\/","og_site_name":"Ag\u00eancia iNFRA","article_publisher":"https:\/\/www.facebook.com\/ageninfra","article_published_time":"2026-01-06T18:05:05+00:00","article_modified_time":"2026-01-09T10:11:04+00:00","og_image":[{"width":1202,"height":720,"url":"https:\/\/agenciainfra.com\/blog\/wp-content\/uploads\/2023\/06\/linha-de-transmissao-foto-agencia-brasil.png","type":"image\/png"}],"author":"Ag\u00eancia iNFRA","twitter_card":"summary_large_image","twitter_creator":"@agencia_infra","twitter_site":"@agencia_infra","twitter_misc":{"Escrito por":"Ag\u00eancia iNFRA","Est. tempo de leitura":"1 minuto"},"schema":{"@context":"https:\/\/schema.org","@graph":[{"@type":"Article","@id":"https:\/\/agenciainfra.com\/blog\/ons-prazo-de-solicitacao-de-acesso-a-rede-sem-leilao-vai-ate-maio\/#article","isPartOf":{"@id":"https:\/\/agenciainfra.com\/blog\/ons-prazo-de-solicitacao-de-acesso-a-rede-sem-leilao-vai-ate-maio\/"},"author":{"name":"Ag\u00eancia iNFRA","@id":"https:\/\/agenciainfra.com\/blog\/#\/schema\/person\/34af08dff6adea4cb22b06612ba7acfa"},"headline":"ONS: prazo de solicita\u00e7\u00e3o de acesso \u00e0 rede sem leil\u00e3o vai at\u00e9 maio","datePublished":"2026-01-06T18:05:05+00:00","dateModified":"2026-01-09T10:11:04+00:00","mainEntityOfPage":{"@id":"https:\/\/agenciainfra.com\/blog\/ons-prazo-de-solicitacao-de-acesso-a-rede-sem-leilao-vai-ate-maio\/"},"wordCount":275,"publisher":{"@id":"https:\/\/agenciainfra.com\/blog\/#organization"},"image":{"@id":"https:\/\/agenciainfra.com\/blog\/ons-prazo-de-solicitacao-de-acesso-a-rede-sem-leilao-vai-ate-maio\/#primaryimage"},"thumbnailUrl":"https:\/\/agenciainfra.com\/blog\/wp-content\/uploads\/2023\/06\/linha-de-transmissao-foto-agencia-brasil.png","keywords":["energia","leil\u00e3o de acesso \u00e0 margem","ONS","Operador Nacional do Sistema El\u00e9trico","Rede b\u00e1sica de transmiss\u00e3o","temporada de acesso"],"articleSection":["iNFRAEnergia"],"inLanguage":"pt-BR","copyrightYear":"2026","copyrightHolder":{"@id":"https:\/\/agenciainfra.com\/blog\/#organization"}},{"@type":"WebPage","@id":"https:\/\/agenciainfra.com\/blog\/ons-prazo-de-solicitacao-de-acesso-a-rede-sem-leilao-vai-ate-maio\/","url":"https:\/\/agenciainfra.com\/blog\/ons-prazo-de-solicitacao-de-acesso-a-rede-sem-leilao-vai-ate-maio\/","name":"ONS: prazo de solicita\u00e7\u00e3o de acesso \u00e0 rede sem leil\u00e3o vai at\u00e9 maio - Ag\u00eancia iNFRA","isPartOf":{"@id":"https:\/\/agenciainfra.com\/blog\/#website"},"primaryImageOfPage":{"@id":"https:\/\/agenciainfra.com\/blog\/ons-prazo-de-solicitacao-de-acesso-a-rede-sem-leilao-vai-ate-maio\/#primaryimage"},"image":{"@id":"https:\/\/agenciainfra.com\/blog\/ons-prazo-de-solicitacao-de-acesso-a-rede-sem-leilao-vai-ate-maio\/#primaryimage"},"thumbnailUrl":"https:\/\/agenciainfra.com\/blog\/wp-content\/uploads\/2023\/06\/linha-de-transmissao-foto-agencia-brasil.png","datePublished":"2026-01-06T18:05:05+00:00","dateModified":"2026-01-09T10:11:04+00:00","breadcrumb":{"@id":"https:\/\/agenciainfra.com\/blog\/ons-prazo-de-solicitacao-de-acesso-a-rede-sem-leilao-vai-ate-maio\/#breadcrumb"},"inLanguage":"pt-BR","potentialAction":[{"@type":"ReadAction","target":["https:\/\/agenciainfra.com\/blog\/ons-prazo-de-solicitacao-de-acesso-a-rede-sem-leilao-vai-ate-maio\/"]}]},{"@type":"ImageObject","inLanguage":"pt-BR","@id":"https:\/\/agenciainfra.com\/blog\/ons-prazo-de-solicitacao-de-acesso-a-rede-sem-leilao-vai-ate-maio\/#primaryimage","url":"https:\/\/agenciainfra.com\/blog\/wp-content\/uploads\/2023\/06\/linha-de-transmissao-foto-agencia-brasil.png","contentUrl":"https:\/\/agenciainfra.com\/blog\/wp-content\/uploads\/2023\/06\/linha-de-transmissao-foto-agencia-brasil.png","width":1202,"height":720,"caption":"Foto: Ag\u00eancia Brasil"},{"@type":"BreadcrumbList","@id":"https:\/\/agenciainfra.com\/blog\/ons-prazo-de-solicitacao-de-acesso-a-rede-sem-leilao-vai-ate-maio\/#breadcrumb","itemListElement":[{"@type":"ListItem","position":1,"name":"In\u00edcio","item":"https:\/\/agenciainfra.com\/blog\/"},{"@type":"ListItem","position":2,"name":"ONS: prazo de solicita\u00e7\u00e3o de acesso \u00e0 rede sem leil\u00e3o vai at\u00e9 maio"}]},{"@type":"WebSite","@id":"https:\/\/agenciainfra.com\/blog\/#website","url":"https:\/\/agenciainfra.com\/blog\/","name":"Ag\u00eancia iNFRA","description":"Multiplataforma de informa\u00e7\u00e3o jornal\u00edstica refer\u00eancia na \u00e1rea de infraestrutura no Brasil!","publisher":{"@id":"https:\/\/agenciainfra.com\/blog\/#organization"},"potentialAction":[{"@type":"SearchAction","target":{"@type":"EntryPoint","urlTemplate":"https:\/\/agenciainfra.com\/blog\/?s={search_term_string}"},"query-input":{"@type":"PropertyValueSpecification","valueRequired":true,"valueName":"search_term_string"}}],"inLanguage":"pt-BR"},{"@type":"Organization","@id":"https:\/\/agenciainfra.com\/blog\/#organization","name":"Ag\u00eancia iNFRA","url":"https:\/\/agenciainfra.com\/blog\/","logo":{"@type":"ImageObject","inLanguage":"pt-BR","@id":"https:\/\/agenciainfra.com\/blog\/#\/schema\/logo\/image\/","url":"https:\/\/agenciainfra.com\/blog\/wp-content\/uploads\/2023\/09\/iNFRA_5-e1761735885940.png","contentUrl":"https:\/\/agenciainfra.com\/blog\/wp-content\/uploads\/2023\/09\/iNFRA_5-e1761735885940.png","width":1672,"height":454,"caption":"Ag\u00eancia iNFRA"},"image":{"@id":"https:\/\/agenciainfra.com\/blog\/#\/schema\/logo\/image\/"},"sameAs":["https:\/\/www.facebook.com\/ageninfra","https:\/\/x.com\/agencia_infra","https:\/\/www.linkedin.com\/company\/ag\u00eanciainfra\/","https:\/\/www.instagram.com\/agenciainfra\/"]},{"@type":"Person","@id":"https:\/\/agenciainfra.com\/blog\/#\/schema\/person\/34af08dff6adea4cb22b06612ba7acfa","name":"Ag\u00eancia iNFRA","image":{"@type":"ImageObject","inLanguage":"pt-BR","@id":"https:\/\/agenciainfra.com\/blog\/#\/schema\/person\/image\/","url":"https:\/\/secure.gravatar.com\/avatar\/d189e01678f06d8eb84d4e01f08eb848b3fffe3f8443818d3c356c66892f5be8?s=96&d=mm&r=g","contentUrl":"https:\/\/secure.gravatar.com\/avatar\/d189e01678f06d8eb84d4e01f08eb848b3fffe3f8443818d3c356c66892f5be8?s=96&d=mm&r=g","caption":"Ag\u00eancia iNFRA"},"url":"https:\/\/agenciainfra.com\/blog\/author\/admin\/"}]}},"_links":{"self":[{"href":"https:\/\/agenciainfra.com\/blog\/wp-json\/wp\/v2\/posts\/34495","targetHints":{"allow":["GET"]}}],"collection":[{"href":"https:\/\/agenciainfra.com\/blog\/wp-json\/wp\/v2\/posts"}],"about":[{"href":"https:\/\/agenciainfra.com\/blog\/wp-json\/wp\/v2\/types\/post"}],"author":[{"embeddable":true,"href":"https:\/\/agenciainfra.com\/blog\/wp-json\/wp\/v2\/users\/1"}],"replies":[{"embeddable":true,"href":"https:\/\/agenciainfra.com\/blog\/wp-json\/wp\/v2\/comments?post=34495"}],"version-history":[{"count":1,"href":"https:\/\/agenciainfra.com\/blog\/wp-json\/wp\/v2\/posts\/34495\/revisions"}],"predecessor-version":[{"id":34499,"href":"https:\/\/agenciainfra.com\/blog\/wp-json\/wp\/v2\/posts\/34495\/revisions\/34499"}],"wp:featuredmedia":[{"embeddable":true,"href":"https:\/\/agenciainfra.com\/blog\/wp-json\/wp\/v2\/media\/12775"}],"wp:attachment":[{"href":"https:\/\/agenciainfra.com\/blog\/wp-json\/wp\/v2\/media?parent=34495"}],"wp:term":[{"taxonomy":"category","embeddable":true,"href":"https:\/\/agenciainfra.com\/blog\/wp-json\/wp\/v2\/categories?post=34495"},{"taxonomy":"post_tag","embeddable":true,"href":"https:\/\/agenciainfra.com\/blog\/wp-json\/wp\/v2\/tags?post=34495"}],"curies":[{"name":"wp","href":"https:\/\/api.w.org\/{rel}","templated":true}]}}