{"id":34543,"date":"2026-01-07T15:20:29","date_gmt":"2026-01-07T18:20:29","guid":{"rendered":"https:\/\/agenciainfra.com\/blog\/?p=34543"},"modified":"2026-01-07T15:20:31","modified_gmt":"2026-01-07T18:20:31","slug":"governo-termina-2025-com-politica-e-leiloes-ferroviarios-definidos","status":"publish","type":"post","link":"https:\/\/agenciainfra.com\/blog\/governo-termina-2025-com-politica-e-leiloes-ferroviarios-definidos\/","title":{"rendered":"Governo termina 2025 com pol\u00edtica e leil\u00f5es ferrovi\u00e1rios definidos"},"content":{"rendered":"\n<p class=\"has-text-align-right\"><strong>da Ag\u00eancia iNFRA<\/strong><\/p>\n\n\n\n<p>O Minist\u00e9rio dos Transportes encerrou 2025 com a formaliza\u00e7\u00e3o de um novo marco regulat\u00f3rio para concess\u00f5es ferrovi\u00e1rias e a estrutura\u00e7\u00e3o de uma carteira de projetos que prev\u00ea oito leil\u00f5es a partir de 2026. O conjunto de iniciativas envolve mais de 9 mil quil\u00f4metros de ferrovias e investimentos estimados em R$ 140 bilh\u00f5es, segundo dados da pasta.<\/p>\n\n\n\n<p>O principal instrumento foi a publica\u00e7\u00e3o da <a href=\"https:\/\/www.in.gov.br\/en\/web\/dou\/-\/portaria-n-870-de-26-de-novembro-de-2025-671589688\">Portaria 870<\/a>, em 27 de novembro de 2025, que instituiu a <a href=\"https:\/\/agenciainfra.com\/blog\/ferrovias-nova-politica-para-concessoes-preve-uso-de-contas-vinculadas\/\">Pol\u00edtica Nacional de Outorgas Ferrovi\u00e1rias<\/a>. O normativo estabelece diretrizes para todo o ciclo dos projetos, desde a concep\u00e7\u00e3o e estrutura\u00e7\u00e3o das concess\u00f5es at\u00e9 a gest\u00e3o dos contratos em opera\u00e7\u00e3o.<\/p>\n\n\n\n<p>Entre os pontos centrais da pol\u00edtica est\u00e1 a defini\u00e7\u00e3o do crit\u00e9rio de maior valor de outorga como par\u00e2metro preferencial para o julgamento dos leil\u00f5es ferrovi\u00e1rios. A portaria autoriza que os recursos arrecadados sejam utilizados tanto no pr\u00f3prio projeto concedido quanto em outras malhas ferrovi\u00e1rias, por meio de subs\u00eddios cruzados, conforme previsto na legisla\u00e7\u00e3o setorial.<\/p>\n\n\n\n<p>A pol\u00edtica tamb\u00e9m amplia os mecanismos voltados \u00e0 sustentabilidade econ\u00f4mico-financeira das concess\u00f5es. O texto prev\u00ea a possibilidade de uso de recursos or\u00e7ament\u00e1rios como instrumentos de mitiga\u00e7\u00e3o de risco, a cria\u00e7\u00e3o de contas vinculadas para controle de aportes, investimentos obrigat\u00f3rios e reequil\u00edbrios contratuais, al\u00e9m da aplica\u00e7\u00e3o de valores de outorgas, prorroga\u00e7\u00f5es antecipadas e repactua\u00e7\u00f5es como fonte de financiamento. <\/p>\n\n\n\n<p>A pol\u00edtica de outorgas d\u00e1 suporte \u00e0 carteira ferrovi\u00e1ria anunciada pelo minist\u00e9rio, que inclui projetos como a EF-118 (Anel Ferrovi\u00e1rio do Sudeste), a Ferrogr\u00e3o, a Malha Oeste e corredores ferrovi\u00e1rios nas regi\u00f5es Sul, Sudeste e Centro-Oeste. Os leil\u00f5es est\u00e3o previstos para ocorrer entre abril de 2026 e mar\u00e7o de 2027.<\/p>\n\n\n\n<p>Segundo dados do minist\u00e9rio, os investimentos contratados e previstos em infraestrutura de transportes alcan\u00e7aram R$ 350 bilh\u00f5es em 2025, considerando recursos p\u00fablicos e privados. O montante inclui projetos em diferentes modais e a reestrutura\u00e7\u00e3o de contratos de obras que estavam paralisados ou com execu\u00e7\u00e3o limitada.<\/p>\n\n\n\n<p><strong>Mobilidade <br><\/strong>Ainda no balan\u00e7o de transportes, na \u00e1rea de mobilidade, o governo lan\u00e7ou em dezembro o programa CNH do Brasil, que reduz o custo para obten\u00e7\u00e3o da Carteira Nacional de Habilita\u00e7\u00e3o em at\u00e9 80%. Desde que iniciou, em 9 de dezembro, mais de 2 milh\u00f5es de solicita\u00e7\u00f5es foram registradas por meio do aplicativo oficial.<\/p>\n\n\n\n<p>Em 2025 tamb\u00e9m foi editada a Medida Provis\u00f3ria 1.327, que autoriza a renova\u00e7\u00e3o autom\u00e1tica da CNH para motoristas sem infra\u00e7\u00f5es, sem exig\u00eancia de exames presenciais ou pagamento de taxas adicionais. A medida altera o modelo anterior de renova\u00e7\u00e3o e passa a valer a partir da regulamenta\u00e7\u00e3o pelos \u00f3rg\u00e3os de tr\u00e2nsito.<\/p>\n","protected":false},"excerpt":{"rendered":"<p>da Ag\u00eancia iNFRA O Minist\u00e9rio dos Transportes encerrou 2025 com a formaliza\u00e7\u00e3o de um novo marco regulat\u00f3rio para concess\u00f5es ferrovi\u00e1rias e a estrutura\u00e7\u00e3o de uma carteira de projetos que prev\u00ea oito leil\u00f5es a partir de 2026. O conjunto de iniciativas envolve mais de 9 mil quil\u00f4metros de ferrovias e investimentos estimados em R$ 140 bilh\u00f5es, [&hellip;]<\/p>\n","protected":false},"author":1,"featured_media":10363,"comment_status":"closed","ping_status":"closed","sticky":false,"template":"","format":"standard","meta":{"_monsterinsights_skip_tracking":false,"_monsterinsights_sitenote_active":false,"_monsterinsights_sitenote_note":"","_monsterinsights_sitenote_category":0,"footnotes":""},"categories":[13576],"tags":[1822,3351,158,17747,16,17749],"class_list":["post-34543","post","type-post","status-publish","format-standard","has-post-thumbnail","hentry","category-giro-infra","tag-cnh","tag-ef-118","tag-ferrograo","tag-leilao-ferroviario","tag-ministerio-dos-transportes","tag-politica-nacional-de-outorgas-ferroviarias"],"yoast_head":"<!-- This site is optimized with the Yoast SEO Premium plugin v25.4 (Yoast SEO v26.0) - https:\/\/yoast.com\/wordpress\/plugins\/seo\/ -->\n<title>Governo termina 2025 com pol\u00edtica e leil\u00f5es ferrovi\u00e1rios definidos - Ag\u00eancia iNFRA<\/title>\n<meta name=\"robots\" content=\"index, follow, max-snippet:-1, max-image-preview:large, max-video-preview:-1\" \/>\n<link rel=\"canonical\" href=\"https:\/\/agenciainfra.com\/blog\/governo-termina-2025-com-politica-e-leiloes-ferroviarios-definidos\/\" \/>\n<meta property=\"og:locale\" content=\"pt_BR\" \/>\n<meta property=\"og:type\" content=\"article\" \/>\n<meta property=\"og:title\" content=\"Governo termina 2025 com pol\u00edtica e leil\u00f5es ferrovi\u00e1rios definidos\" \/>\n<meta property=\"og:description\" content=\"da Ag\u00eancia iNFRA O Minist\u00e9rio dos Transportes encerrou 2025 com a formaliza\u00e7\u00e3o de um novo marco regulat\u00f3rio para concess\u00f5es ferrovi\u00e1rias e a estrutura\u00e7\u00e3o de uma carteira de projetos que prev\u00ea oito leil\u00f5es a partir de 2026. O conjunto de iniciativas envolve mais de 9 mil quil\u00f4metros de ferrovias e investimentos estimados em R$ 140 bilh\u00f5es, [&hellip;]\" \/>\n<meta property=\"og:url\" content=\"https:\/\/agenciainfra.com\/blog\/governo-termina-2025-com-politica-e-leiloes-ferroviarios-definidos\/\" \/>\n<meta property=\"og:site_name\" content=\"Ag\u00eancia iNFRA\" \/>\n<meta property=\"article:publisher\" content=\"https:\/\/www.facebook.com\/ageninfra\" \/>\n<meta property=\"article:published_time\" content=\"2026-01-07T18:20:29+00:00\" \/>\n<meta property=\"article:modified_time\" content=\"2026-01-07T18:20:31+00:00\" \/>\n<meta property=\"og:image\" content=\"https:\/\/agenciainfra.com\/blog\/wp-content\/uploads\/2022\/05\/trilhos-ferrovias-foto-dominio-publico-e1747132834103.jpg\" \/>\n\t<meta property=\"og:image:width\" content=\"1280\" \/>\n\t<meta property=\"og:image:height\" content=\"853\" \/>\n\t<meta property=\"og:image:type\" content=\"image\/jpeg\" \/>\n<meta name=\"author\" content=\"Ag\u00eancia iNFRA\" \/>\n<meta name=\"twitter:card\" content=\"summary_large_image\" \/>\n<meta name=\"twitter:creator\" content=\"@agencia_infra\" \/>\n<meta name=\"twitter:site\" content=\"@agencia_infra\" \/>\n<meta name=\"twitter:label1\" content=\"Escrito por\" \/>\n\t<meta name=\"twitter:data1\" content=\"Ag\u00eancia iNFRA\" \/>\n\t<meta name=\"twitter:label2\" content=\"Est. tempo de leitura\" \/>\n\t<meta name=\"twitter:data2\" content=\"2 minutos\" \/>\n<script type=\"application\/ld+json\" class=\"yoast-schema-graph\">{\"@context\":\"https:\/\/schema.org\",\"@graph\":[{\"@type\":\"Article\",\"@id\":\"https:\/\/agenciainfra.com\/blog\/governo-termina-2025-com-politica-e-leiloes-ferroviarios-definidos\/#article\",\"isPartOf\":{\"@id\":\"https:\/\/agenciainfra.com\/blog\/governo-termina-2025-com-politica-e-leiloes-ferroviarios-definidos\/\"},\"author\":{\"name\":\"Ag\u00eancia iNFRA\",\"@id\":\"https:\/\/agenciainfra.com\/blog\/#\/schema\/person\/34af08dff6adea4cb22b06612ba7acfa\"},\"headline\":\"Governo termina 2025 com pol\u00edtica e leil\u00f5es ferrovi\u00e1rios definidos\",\"datePublished\":\"2026-01-07T18:20:29+00:00\",\"dateModified\":\"2026-01-07T18:20:31+00:00\",\"mainEntityOfPage\":{\"@id\":\"https:\/\/agenciainfra.com\/blog\/governo-termina-2025-com-politica-e-leiloes-ferroviarios-definidos\/\"},\"wordCount\":483,\"publisher\":{\"@id\":\"https:\/\/agenciainfra.com\/blog\/#organization\"},\"image\":{\"@id\":\"https:\/\/agenciainfra.com\/blog\/governo-termina-2025-com-politica-e-leiloes-ferroviarios-definidos\/#primaryimage\"},\"thumbnailUrl\":\"https:\/\/agenciainfra.com\/blog\/wp-content\/uploads\/2022\/05\/trilhos-ferrovias-foto-dominio-publico-e1747132834103.jpg\",\"keywords\":[\"CNH\",\"EF-118\",\"Ferrogr\u00e3o\",\"leil\u00e3o ferrovi\u00e1rio\",\"minist\u00e9rio dos transportes\",\"Pol\u00edtica Nacional de Outorgas Ferrovi\u00e1rias\"],\"articleSection\":[\"Giro iNFRA\"],\"inLanguage\":\"pt-BR\",\"copyrightYear\":\"2026\",\"copyrightHolder\":{\"@id\":\"https:\/\/agenciainfra.com\/blog\/#organization\"}},{\"@type\":\"WebPage\",\"@id\":\"https:\/\/agenciainfra.com\/blog\/governo-termina-2025-com-politica-e-leiloes-ferroviarios-definidos\/\",\"url\":\"https:\/\/agenciainfra.com\/blog\/governo-termina-2025-com-politica-e-leiloes-ferroviarios-definidos\/\",\"name\":\"Governo termina 2025 com pol\u00edtica e leil\u00f5es ferrovi\u00e1rios definidos - Ag\u00eancia iNFRA\",\"isPartOf\":{\"@id\":\"https:\/\/agenciainfra.com\/blog\/#website\"},\"primaryImageOfPage\":{\"@id\":\"https:\/\/agenciainfra.com\/blog\/governo-termina-2025-com-politica-e-leiloes-ferroviarios-definidos\/#primaryimage\"},\"image\":{\"@id\":\"https:\/\/agenciainfra.com\/blog\/governo-termina-2025-com-politica-e-leiloes-ferroviarios-definidos\/#primaryimage\"},\"thumbnailUrl\":\"https:\/\/agenciainfra.com\/blog\/wp-content\/uploads\/2022\/05\/trilhos-ferrovias-foto-dominio-publico-e1747132834103.jpg\",\"datePublished\":\"2026-01-07T18:20:29+00:00\",\"dateModified\":\"2026-01-07T18:20:31+00:00\",\"breadcrumb\":{\"@id\":\"https:\/\/agenciainfra.com\/blog\/governo-termina-2025-com-politica-e-leiloes-ferroviarios-definidos\/#breadcrumb\"},\"inLanguage\":\"pt-BR\",\"potentialAction\":[{\"@type\":\"ReadAction\",\"target\":[\"https:\/\/agenciainfra.com\/blog\/governo-termina-2025-com-politica-e-leiloes-ferroviarios-definidos\/\"]}]},{\"@type\":\"ImageObject\",\"inLanguage\":\"pt-BR\",\"@id\":\"https:\/\/agenciainfra.com\/blog\/governo-termina-2025-com-politica-e-leiloes-ferroviarios-definidos\/#primaryimage\",\"url\":\"https:\/\/agenciainfra.com\/blog\/wp-content\/uploads\/2022\/05\/trilhos-ferrovias-foto-dominio-publico-e1747132834103.jpg\",\"contentUrl\":\"https:\/\/agenciainfra.com\/blog\/wp-content\/uploads\/2022\/05\/trilhos-ferrovias-foto-dominio-publico-e1747132834103.jpg\",\"width\":1280,\"height\":853,\"caption\":\"Foto: Dom\u00ednio P\u00fablico\"},{\"@type\":\"BreadcrumbList\",\"@id\":\"https:\/\/agenciainfra.com\/blog\/governo-termina-2025-com-politica-e-leiloes-ferroviarios-definidos\/#breadcrumb\",\"itemListElement\":[{\"@type\":\"ListItem\",\"position\":1,\"name\":\"In\u00edcio\",\"item\":\"https:\/\/agenciainfra.com\/blog\/\"},{\"@type\":\"ListItem\",\"position\":2,\"name\":\"Governo termina 2025 com pol\u00edtica e leil\u00f5es ferrovi\u00e1rios definidos\"}]},{\"@type\":\"WebSite\",\"@id\":\"https:\/\/agenciainfra.com\/blog\/#website\",\"url\":\"https:\/\/agenciainfra.com\/blog\/\",\"name\":\"Ag\u00eancia iNFRA\",\"description\":\"Multiplataforma de informa\u00e7\u00e3o jornal\u00edstica refer\u00eancia na \u00e1rea de infraestrutura no Brasil!\",\"publisher\":{\"@id\":\"https:\/\/agenciainfra.com\/blog\/#organization\"},\"potentialAction\":[{\"@type\":\"SearchAction\",\"target\":{\"@type\":\"EntryPoint\",\"urlTemplate\":\"https:\/\/agenciainfra.com\/blog\/?s={search_term_string}\"},\"query-input\":{\"@type\":\"PropertyValueSpecification\",\"valueRequired\":true,\"valueName\":\"search_term_string\"}}],\"inLanguage\":\"pt-BR\"},{\"@type\":\"Organization\",\"@id\":\"https:\/\/agenciainfra.com\/blog\/#organization\",\"name\":\"Ag\u00eancia iNFRA\",\"url\":\"https:\/\/agenciainfra.com\/blog\/\",\"logo\":{\"@type\":\"ImageObject\",\"inLanguage\":\"pt-BR\",\"@id\":\"https:\/\/agenciainfra.com\/blog\/#\/schema\/logo\/image\/\",\"url\":\"https:\/\/agenciainfra.com\/blog\/wp-content\/uploads\/2023\/09\/iNFRA_5-e1761735885940.png\",\"contentUrl\":\"https:\/\/agenciainfra.com\/blog\/wp-content\/uploads\/2023\/09\/iNFRA_5-e1761735885940.png\",\"width\":1672,\"height\":454,\"caption\":\"Ag\u00eancia iNFRA\"},\"image\":{\"@id\":\"https:\/\/agenciainfra.com\/blog\/#\/schema\/logo\/image\/\"},\"sameAs\":[\"https:\/\/www.facebook.com\/ageninfra\",\"https:\/\/x.com\/agencia_infra\",\"https:\/\/www.linkedin.com\/company\/ag\u00eanciainfra\/\",\"https:\/\/www.instagram.com\/agenciainfra\/\"]},{\"@type\":\"Person\",\"@id\":\"https:\/\/agenciainfra.com\/blog\/#\/schema\/person\/34af08dff6adea4cb22b06612ba7acfa\",\"name\":\"Ag\u00eancia iNFRA\",\"image\":{\"@type\":\"ImageObject\",\"inLanguage\":\"pt-BR\",\"@id\":\"https:\/\/agenciainfra.com\/blog\/#\/schema\/person\/image\/\",\"url\":\"https:\/\/secure.gravatar.com\/avatar\/d189e01678f06d8eb84d4e01f08eb848b3fffe3f8443818d3c356c66892f5be8?s=96&d=mm&r=g\",\"contentUrl\":\"https:\/\/secure.gravatar.com\/avatar\/d189e01678f06d8eb84d4e01f08eb848b3fffe3f8443818d3c356c66892f5be8?s=96&d=mm&r=g\",\"caption\":\"Ag\u00eancia iNFRA\"},\"url\":\"https:\/\/agenciainfra.com\/blog\/author\/admin\/\"}]}<\/script>\n<!-- \/ Yoast SEO Premium plugin. -->","yoast_head_json":{"title":"Governo termina 2025 com pol\u00edtica e leil\u00f5es ferrovi\u00e1rios definidos - Ag\u00eancia iNFRA","robots":{"index":"index","follow":"follow","max-snippet":"max-snippet:-1","max-image-preview":"max-image-preview:large","max-video-preview":"max-video-preview:-1"},"canonical":"https:\/\/agenciainfra.com\/blog\/governo-termina-2025-com-politica-e-leiloes-ferroviarios-definidos\/","og_locale":"pt_BR","og_type":"article","og_title":"Governo termina 2025 com pol\u00edtica e leil\u00f5es ferrovi\u00e1rios definidos","og_description":"da Ag\u00eancia iNFRA O Minist\u00e9rio dos Transportes encerrou 2025 com a formaliza\u00e7\u00e3o de um novo marco regulat\u00f3rio para concess\u00f5es ferrovi\u00e1rias e a estrutura\u00e7\u00e3o de uma carteira de projetos que prev\u00ea oito leil\u00f5es a partir de 2026. O conjunto de iniciativas envolve mais de 9 mil quil\u00f4metros de ferrovias e investimentos estimados em R$ 140 bilh\u00f5es, [&hellip;]","og_url":"https:\/\/agenciainfra.com\/blog\/governo-termina-2025-com-politica-e-leiloes-ferroviarios-definidos\/","og_site_name":"Ag\u00eancia iNFRA","article_publisher":"https:\/\/www.facebook.com\/ageninfra","article_published_time":"2026-01-07T18:20:29+00:00","article_modified_time":"2026-01-07T18:20:31+00:00","og_image":[{"width":1280,"height":853,"url":"https:\/\/agenciainfra.com\/blog\/wp-content\/uploads\/2022\/05\/trilhos-ferrovias-foto-dominio-publico-e1747132834103.jpg","type":"image\/jpeg"}],"author":"Ag\u00eancia iNFRA","twitter_card":"summary_large_image","twitter_creator":"@agencia_infra","twitter_site":"@agencia_infra","twitter_misc":{"Escrito por":"Ag\u00eancia iNFRA","Est. tempo de leitura":"2 minutos"},"schema":{"@context":"https:\/\/schema.org","@graph":[{"@type":"Article","@id":"https:\/\/agenciainfra.com\/blog\/governo-termina-2025-com-politica-e-leiloes-ferroviarios-definidos\/#article","isPartOf":{"@id":"https:\/\/agenciainfra.com\/blog\/governo-termina-2025-com-politica-e-leiloes-ferroviarios-definidos\/"},"author":{"name":"Ag\u00eancia iNFRA","@id":"https:\/\/agenciainfra.com\/blog\/#\/schema\/person\/34af08dff6adea4cb22b06612ba7acfa"},"headline":"Governo termina 2025 com pol\u00edtica e leil\u00f5es ferrovi\u00e1rios definidos","datePublished":"2026-01-07T18:20:29+00:00","dateModified":"2026-01-07T18:20:31+00:00","mainEntityOfPage":{"@id":"https:\/\/agenciainfra.com\/blog\/governo-termina-2025-com-politica-e-leiloes-ferroviarios-definidos\/"},"wordCount":483,"publisher":{"@id":"https:\/\/agenciainfra.com\/blog\/#organization"},"image":{"@id":"https:\/\/agenciainfra.com\/blog\/governo-termina-2025-com-politica-e-leiloes-ferroviarios-definidos\/#primaryimage"},"thumbnailUrl":"https:\/\/agenciainfra.com\/blog\/wp-content\/uploads\/2022\/05\/trilhos-ferrovias-foto-dominio-publico-e1747132834103.jpg","keywords":["CNH","EF-118","Ferrogr\u00e3o","leil\u00e3o ferrovi\u00e1rio","minist\u00e9rio dos transportes","Pol\u00edtica Nacional de Outorgas Ferrovi\u00e1rias"],"articleSection":["Giro iNFRA"],"inLanguage":"pt-BR","copyrightYear":"2026","copyrightHolder":{"@id":"https:\/\/agenciainfra.com\/blog\/#organization"}},{"@type":"WebPage","@id":"https:\/\/agenciainfra.com\/blog\/governo-termina-2025-com-politica-e-leiloes-ferroviarios-definidos\/","url":"https:\/\/agenciainfra.com\/blog\/governo-termina-2025-com-politica-e-leiloes-ferroviarios-definidos\/","name":"Governo termina 2025 com pol\u00edtica e leil\u00f5es ferrovi\u00e1rios definidos - Ag\u00eancia iNFRA","isPartOf":{"@id":"https:\/\/agenciainfra.com\/blog\/#website"},"primaryImageOfPage":{"@id":"https:\/\/agenciainfra.com\/blog\/governo-termina-2025-com-politica-e-leiloes-ferroviarios-definidos\/#primaryimage"},"image":{"@id":"https:\/\/agenciainfra.com\/blog\/governo-termina-2025-com-politica-e-leiloes-ferroviarios-definidos\/#primaryimage"},"thumbnailUrl":"https:\/\/agenciainfra.com\/blog\/wp-content\/uploads\/2022\/05\/trilhos-ferrovias-foto-dominio-publico-e1747132834103.jpg","datePublished":"2026-01-07T18:20:29+00:00","dateModified":"2026-01-07T18:20:31+00:00","breadcrumb":{"@id":"https:\/\/agenciainfra.com\/blog\/governo-termina-2025-com-politica-e-leiloes-ferroviarios-definidos\/#breadcrumb"},"inLanguage":"pt-BR","potentialAction":[{"@type":"ReadAction","target":["https:\/\/agenciainfra.com\/blog\/governo-termina-2025-com-politica-e-leiloes-ferroviarios-definidos\/"]}]},{"@type":"ImageObject","inLanguage":"pt-BR","@id":"https:\/\/agenciainfra.com\/blog\/governo-termina-2025-com-politica-e-leiloes-ferroviarios-definidos\/#primaryimage","url":"https:\/\/agenciainfra.com\/blog\/wp-content\/uploads\/2022\/05\/trilhos-ferrovias-foto-dominio-publico-e1747132834103.jpg","contentUrl":"https:\/\/agenciainfra.com\/blog\/wp-content\/uploads\/2022\/05\/trilhos-ferrovias-foto-dominio-publico-e1747132834103.jpg","width":1280,"height":853,"caption":"Foto: Dom\u00ednio P\u00fablico"},{"@type":"BreadcrumbList","@id":"https:\/\/agenciainfra.com\/blog\/governo-termina-2025-com-politica-e-leiloes-ferroviarios-definidos\/#breadcrumb","itemListElement":[{"@type":"ListItem","position":1,"name":"In\u00edcio","item":"https:\/\/agenciainfra.com\/blog\/"},{"@type":"ListItem","position":2,"name":"Governo termina 2025 com pol\u00edtica e leil\u00f5es ferrovi\u00e1rios definidos"}]},{"@type":"WebSite","@id":"https:\/\/agenciainfra.com\/blog\/#website","url":"https:\/\/agenciainfra.com\/blog\/","name":"Ag\u00eancia iNFRA","description":"Multiplataforma de informa\u00e7\u00e3o jornal\u00edstica refer\u00eancia na \u00e1rea de infraestrutura no Brasil!","publisher":{"@id":"https:\/\/agenciainfra.com\/blog\/#organization"},"potentialAction":[{"@type":"SearchAction","target":{"@type":"EntryPoint","urlTemplate":"https:\/\/agenciainfra.com\/blog\/?s={search_term_string}"},"query-input":{"@type":"PropertyValueSpecification","valueRequired":true,"valueName":"search_term_string"}}],"inLanguage":"pt-BR"},{"@type":"Organization","@id":"https:\/\/agenciainfra.com\/blog\/#organization","name":"Ag\u00eancia iNFRA","url":"https:\/\/agenciainfra.com\/blog\/","logo":{"@type":"ImageObject","inLanguage":"pt-BR","@id":"https:\/\/agenciainfra.com\/blog\/#\/schema\/logo\/image\/","url":"https:\/\/agenciainfra.com\/blog\/wp-content\/uploads\/2023\/09\/iNFRA_5-e1761735885940.png","contentUrl":"https:\/\/agenciainfra.com\/blog\/wp-content\/uploads\/2023\/09\/iNFRA_5-e1761735885940.png","width":1672,"height":454,"caption":"Ag\u00eancia iNFRA"},"image":{"@id":"https:\/\/agenciainfra.com\/blog\/#\/schema\/logo\/image\/"},"sameAs":["https:\/\/www.facebook.com\/ageninfra","https:\/\/x.com\/agencia_infra","https:\/\/www.linkedin.com\/company\/ag\u00eanciainfra\/","https:\/\/www.instagram.com\/agenciainfra\/"]},{"@type":"Person","@id":"https:\/\/agenciainfra.com\/blog\/#\/schema\/person\/34af08dff6adea4cb22b06612ba7acfa","name":"Ag\u00eancia iNFRA","image":{"@type":"ImageObject","inLanguage":"pt-BR","@id":"https:\/\/agenciainfra.com\/blog\/#\/schema\/person\/image\/","url":"https:\/\/secure.gravatar.com\/avatar\/d189e01678f06d8eb84d4e01f08eb848b3fffe3f8443818d3c356c66892f5be8?s=96&d=mm&r=g","contentUrl":"https:\/\/secure.gravatar.com\/avatar\/d189e01678f06d8eb84d4e01f08eb848b3fffe3f8443818d3c356c66892f5be8?s=96&d=mm&r=g","caption":"Ag\u00eancia iNFRA"},"url":"https:\/\/agenciainfra.com\/blog\/author\/admin\/"}]}},"_links":{"self":[{"href":"https:\/\/agenciainfra.com\/blog\/wp-json\/wp\/v2\/posts\/34543","targetHints":{"allow":["GET"]}}],"collection":[{"href":"https:\/\/agenciainfra.com\/blog\/wp-json\/wp\/v2\/posts"}],"about":[{"href":"https:\/\/agenciainfra.com\/blog\/wp-json\/wp\/v2\/types\/post"}],"author":[{"embeddable":true,"href":"https:\/\/agenciainfra.com\/blog\/wp-json\/wp\/v2\/users\/1"}],"replies":[{"embeddable":true,"href":"https:\/\/agenciainfra.com\/blog\/wp-json\/wp\/v2\/comments?post=34543"}],"version-history":[{"count":2,"href":"https:\/\/agenciainfra.com\/blog\/wp-json\/wp\/v2\/posts\/34543\/revisions"}],"predecessor-version":[{"id":34554,"href":"https:\/\/agenciainfra.com\/blog\/wp-json\/wp\/v2\/posts\/34543\/revisions\/34554"}],"wp:featuredmedia":[{"embeddable":true,"href":"https:\/\/agenciainfra.com\/blog\/wp-json\/wp\/v2\/media\/10363"}],"wp:attachment":[{"href":"https:\/\/agenciainfra.com\/blog\/wp-json\/wp\/v2\/media?parent=34543"}],"wp:term":[{"taxonomy":"category","embeddable":true,"href":"https:\/\/agenciainfra.com\/blog\/wp-json\/wp\/v2\/categories?post=34543"},{"taxonomy":"post_tag","embeddable":true,"href":"https:\/\/agenciainfra.com\/blog\/wp-json\/wp\/v2\/tags?post=34543"}],"curies":[{"name":"wp","href":"https:\/\/api.w.org\/{rel}","templated":true}]}}