{"id":34764,"date":"2026-01-13T13:01:05","date_gmt":"2026-01-13T16:01:05","guid":{"rendered":"https:\/\/agenciainfra.com\/blog\/?p=34764"},"modified":"2026-01-13T16:29:14","modified_gmt":"2026-01-13T19:29:14","slug":"transporte-rodoviario-de-cargas-pode-ter-impacto-de-ate-3-com-reoneracao","status":"publish","type":"post","link":"https:\/\/agenciainfra.com\/blog\/transporte-rodoviario-de-cargas-pode-ter-impacto-de-ate-3-com-reoneracao\/","title":{"rendered":"Transporte rodovi\u00e1rio de cargas pode ter impacto de at\u00e9 3% com reonera\u00e7\u00e3o"},"content":{"rendered":"\n<p class=\"has-text-align-right\"><strong>da Ag\u00eancia iNFRA<\/strong><\/p>\n\n\n\n<p>O impacto da reonera\u00e7\u00e3o da folha de pagamento no setor de transporte rodovi\u00e1rio de cargas pode chegar a 3% ao ano, quando considerada a soma das duas etapas do processo \u2013 a segunda fase est\u00e1 em vigor desde 1\u00ba de janeiro deste ano. O impacto m\u00e9dio direto da nova etapa chega a 1,5% ao ano.<\/p>\n\n\n\n<p>As informa\u00e7\u00f5es s\u00e3o do Decope (Departamento de Custos Operacionais e Pesquisas T\u00e9cnicas e Econ\u00f4micas), da NTC&amp;Log\u00edstica (Associa\u00e7\u00e3o Nacional do Transporte de Cargas e Log\u00edstica), que realizou as simula\u00e7\u00f5es e concluiu que o patamar do impacto equivale a cerca de 60% do lucro m\u00e9dio do setor respons\u00e1vel por mais de 65% da log\u00edstica nacional.<\/p>\n\n\n\n<p>O fim da desonera\u00e7\u00e3o restabelece gradualmente a contribui\u00e7\u00e3o previdenci\u00e1ria de 20% sobre a folha, aumentando os custos das empresas, o que, segundo a associa\u00e7\u00e3o, &#8220;tende a pressionar o valor do frete e, consequentemente, os pre\u00e7os de bens essenciais&#8221;. A entidade afirma que, de acordo com pesquisa recente, h\u00e1 uma defasagem m\u00e9dia acima de 10% entre o frete praticado e o custo real das opera\u00e7\u00f5es, e que o setor n\u00e3o \u00e9 capaz de absorver novos custos.<\/p>\n\n\n\n<p>Em nota oficial, a NTC&amp;Log\u00edstica aponta que, sem a recomposi\u00e7\u00e3o do frete, a nova etapa da reonera\u00e7\u00e3o refletir\u00e1 na cadeia produtiva e ter\u00e1 impacto inflacion\u00e1rio. A medida tamb\u00e9m pode causar &#8220;preju\u00edzos aos investimentos necess\u00e1rios para manter e aprimorar a qualidade e a seguran\u00e7a dos servi\u00e7os prestados&#8221;.<\/p>\n","protected":false},"excerpt":{"rendered":"<p>da Ag\u00eancia iNFRA O impacto da reonera\u00e7\u00e3o da folha de pagamento no setor de transporte rodovi\u00e1rio de cargas pode chegar a 3% ao ano, quando considerada a soma das duas etapas do processo \u2013 a segunda fase est\u00e1 em vigor desde 1\u00ba de janeiro deste ano. O impacto m\u00e9dio direto da nova etapa chega a [&hellip;]<\/p>\n","protected":false},"author":1,"featured_media":4259,"comment_status":"closed","ping_status":"closed","sticky":false,"template":"","format":"standard","meta":{"_monsterinsights_skip_tracking":false,"_monsterinsights_sitenote_active":false,"_monsterinsights_sitenote_note":"","_monsterinsights_sitenote_category":0,"footnotes":""},"categories":[13576],"tags":[6329,66,496,17829,423],"class_list":["post-34764","post","type-post","status-publish","format-standard","has-post-thumbnail","hentry","category-giro-infra","tag-desoneracao","tag-logistica","tag-ntclogistica","tag-reoneracao","tag-transporte-rodoviario-de-cargas"],"yoast_head":"<!-- This site is optimized with the Yoast SEO Premium plugin v25.4 (Yoast SEO v26.0) - https:\/\/yoast.com\/wordpress\/plugins\/seo\/ -->\n<title>Transporte rodovi\u00e1rio de cargas pode ter impacto de at\u00e9 3% com reonera\u00e7\u00e3o - Ag\u00eancia iNFRA<\/title>\n<meta name=\"robots\" content=\"index, follow, max-snippet:-1, max-image-preview:large, max-video-preview:-1\" \/>\n<link rel=\"canonical\" href=\"https:\/\/agenciainfra.com\/blog\/transporte-rodoviario-de-cargas-pode-ter-impacto-de-ate-3-com-reoneracao\/\" \/>\n<meta property=\"og:locale\" content=\"pt_BR\" \/>\n<meta property=\"og:type\" content=\"article\" \/>\n<meta property=\"og:title\" content=\"Transporte rodovi\u00e1rio de cargas pode ter impacto de at\u00e9 3% com reonera\u00e7\u00e3o\" \/>\n<meta property=\"og:description\" content=\"da Ag\u00eancia iNFRA O impacto da reonera\u00e7\u00e3o da folha de pagamento no setor de transporte rodovi\u00e1rio de cargas pode chegar a 3% ao ano, quando considerada a soma das duas etapas do processo \u2013 a segunda fase est\u00e1 em vigor desde 1\u00ba de janeiro deste ano. O impacto m\u00e9dio direto da nova etapa chega a [&hellip;]\" \/>\n<meta property=\"og:url\" content=\"https:\/\/agenciainfra.com\/blog\/transporte-rodoviario-de-cargas-pode-ter-impacto-de-ate-3-com-reoneracao\/\" \/>\n<meta property=\"og:site_name\" content=\"Ag\u00eancia iNFRA\" \/>\n<meta property=\"article:publisher\" content=\"https:\/\/www.facebook.com\/ageninfra\" \/>\n<meta property=\"article:published_time\" content=\"2026-01-13T16:01:05+00:00\" \/>\n<meta property=\"article:modified_time\" content=\"2026-01-13T19:29:14+00:00\" \/>\n<meta property=\"og:image\" content=\"https:\/\/agenciainfra.com\/blog\/wp-content\/uploads\/2020\/01\/transporte-carga-caminhao-foto-goinfra.jpg\" \/>\n\t<meta property=\"og:image:width\" content=\"1280\" \/>\n\t<meta property=\"og:image:height\" content=\"846\" \/>\n\t<meta property=\"og:image:type\" content=\"image\/jpeg\" \/>\n<meta name=\"author\" content=\"Ag\u00eancia iNFRA\" \/>\n<meta name=\"twitter:card\" content=\"summary_large_image\" \/>\n<meta name=\"twitter:creator\" content=\"@agencia_infra\" \/>\n<meta name=\"twitter:site\" content=\"@agencia_infra\" \/>\n<meta name=\"twitter:label1\" content=\"Escrito por\" \/>\n\t<meta name=\"twitter:data1\" content=\"Ag\u00eancia iNFRA\" \/>\n\t<meta name=\"twitter:label2\" content=\"Est. tempo de leitura\" \/>\n\t<meta name=\"twitter:data2\" content=\"1 minuto\" \/>\n<script type=\"application\/ld+json\" class=\"yoast-schema-graph\">{\"@context\":\"https:\/\/schema.org\",\"@graph\":[{\"@type\":\"Article\",\"@id\":\"https:\/\/agenciainfra.com\/blog\/transporte-rodoviario-de-cargas-pode-ter-impacto-de-ate-3-com-reoneracao\/#article\",\"isPartOf\":{\"@id\":\"https:\/\/agenciainfra.com\/blog\/transporte-rodoviario-de-cargas-pode-ter-impacto-de-ate-3-com-reoneracao\/\"},\"author\":{\"name\":\"Ag\u00eancia iNFRA\",\"@id\":\"https:\/\/agenciainfra.com\/blog\/#\/schema\/person\/34af08dff6adea4cb22b06612ba7acfa\"},\"headline\":\"Transporte rodovi\u00e1rio de cargas pode ter impacto de at\u00e9 3% com reonera\u00e7\u00e3o\",\"datePublished\":\"2026-01-13T16:01:05+00:00\",\"dateModified\":\"2026-01-13T19:29:14+00:00\",\"mainEntityOfPage\":{\"@id\":\"https:\/\/agenciainfra.com\/blog\/transporte-rodoviario-de-cargas-pode-ter-impacto-de-ate-3-com-reoneracao\/\"},\"wordCount\":272,\"publisher\":{\"@id\":\"https:\/\/agenciainfra.com\/blog\/#organization\"},\"image\":{\"@id\":\"https:\/\/agenciainfra.com\/blog\/transporte-rodoviario-de-cargas-pode-ter-impacto-de-ate-3-com-reoneracao\/#primaryimage\"},\"thumbnailUrl\":\"https:\/\/agenciainfra.com\/blog\/wp-content\/uploads\/2020\/01\/transporte-carga-caminhao-foto-goinfra.jpg\",\"keywords\":[\"desonera\u00e7\u00e3o\",\"log\u00edstica\",\"NTC&amp;Log\u00edstica\",\"reonera\u00e7\u00e3o\",\"transporte rodovi\u00e1rio de cargas\"],\"articleSection\":[\"Giro iNFRA\"],\"inLanguage\":\"pt-BR\",\"copyrightYear\":\"2026\",\"copyrightHolder\":{\"@id\":\"https:\/\/agenciainfra.com\/blog\/#organization\"}},{\"@type\":\"WebPage\",\"@id\":\"https:\/\/agenciainfra.com\/blog\/transporte-rodoviario-de-cargas-pode-ter-impacto-de-ate-3-com-reoneracao\/\",\"url\":\"https:\/\/agenciainfra.com\/blog\/transporte-rodoviario-de-cargas-pode-ter-impacto-de-ate-3-com-reoneracao\/\",\"name\":\"Transporte rodovi\u00e1rio de cargas pode ter impacto de at\u00e9 3% com reonera\u00e7\u00e3o - Ag\u00eancia iNFRA\",\"isPartOf\":{\"@id\":\"https:\/\/agenciainfra.com\/blog\/#website\"},\"primaryImageOfPage\":{\"@id\":\"https:\/\/agenciainfra.com\/blog\/transporte-rodoviario-de-cargas-pode-ter-impacto-de-ate-3-com-reoneracao\/#primaryimage\"},\"image\":{\"@id\":\"https:\/\/agenciainfra.com\/blog\/transporte-rodoviario-de-cargas-pode-ter-impacto-de-ate-3-com-reoneracao\/#primaryimage\"},\"thumbnailUrl\":\"https:\/\/agenciainfra.com\/blog\/wp-content\/uploads\/2020\/01\/transporte-carga-caminhao-foto-goinfra.jpg\",\"datePublished\":\"2026-01-13T16:01:05+00:00\",\"dateModified\":\"2026-01-13T19:29:14+00:00\",\"breadcrumb\":{\"@id\":\"https:\/\/agenciainfra.com\/blog\/transporte-rodoviario-de-cargas-pode-ter-impacto-de-ate-3-com-reoneracao\/#breadcrumb\"},\"inLanguage\":\"pt-BR\",\"potentialAction\":[{\"@type\":\"ReadAction\",\"target\":[\"https:\/\/agenciainfra.com\/blog\/transporte-rodoviario-de-cargas-pode-ter-impacto-de-ate-3-com-reoneracao\/\"]}]},{\"@type\":\"ImageObject\",\"inLanguage\":\"pt-BR\",\"@id\":\"https:\/\/agenciainfra.com\/blog\/transporte-rodoviario-de-cargas-pode-ter-impacto-de-ate-3-com-reoneracao\/#primaryimage\",\"url\":\"https:\/\/agenciainfra.com\/blog\/wp-content\/uploads\/2020\/01\/transporte-carga-caminhao-foto-goinfra.jpg\",\"contentUrl\":\"https:\/\/agenciainfra.com\/blog\/wp-content\/uploads\/2020\/01\/transporte-carga-caminhao-foto-goinfra.jpg\",\"width\":1280,\"height\":846,\"caption\":\"Foto: Goinfra\"},{\"@type\":\"BreadcrumbList\",\"@id\":\"https:\/\/agenciainfra.com\/blog\/transporte-rodoviario-de-cargas-pode-ter-impacto-de-ate-3-com-reoneracao\/#breadcrumb\",\"itemListElement\":[{\"@type\":\"ListItem\",\"position\":1,\"name\":\"In\u00edcio\",\"item\":\"https:\/\/agenciainfra.com\/blog\/\"},{\"@type\":\"ListItem\",\"position\":2,\"name\":\"Transporte rodovi\u00e1rio de cargas pode ter impacto de at\u00e9 3% com reonera\u00e7\u00e3o\"}]},{\"@type\":\"WebSite\",\"@id\":\"https:\/\/agenciainfra.com\/blog\/#website\",\"url\":\"https:\/\/agenciainfra.com\/blog\/\",\"name\":\"Ag\u00eancia iNFRA\",\"description\":\"Multiplataforma de informa\u00e7\u00e3o jornal\u00edstica refer\u00eancia na \u00e1rea de infraestrutura no Brasil!\",\"publisher\":{\"@id\":\"https:\/\/agenciainfra.com\/blog\/#organization\"},\"potentialAction\":[{\"@type\":\"SearchAction\",\"target\":{\"@type\":\"EntryPoint\",\"urlTemplate\":\"https:\/\/agenciainfra.com\/blog\/?s={search_term_string}\"},\"query-input\":{\"@type\":\"PropertyValueSpecification\",\"valueRequired\":true,\"valueName\":\"search_term_string\"}}],\"inLanguage\":\"pt-BR\"},{\"@type\":\"Organization\",\"@id\":\"https:\/\/agenciainfra.com\/blog\/#organization\",\"name\":\"Ag\u00eancia iNFRA\",\"url\":\"https:\/\/agenciainfra.com\/blog\/\",\"logo\":{\"@type\":\"ImageObject\",\"inLanguage\":\"pt-BR\",\"@id\":\"https:\/\/agenciainfra.com\/blog\/#\/schema\/logo\/image\/\",\"url\":\"https:\/\/agenciainfra.com\/blog\/wp-content\/uploads\/2023\/09\/iNFRA_5-e1761735885940.png\",\"contentUrl\":\"https:\/\/agenciainfra.com\/blog\/wp-content\/uploads\/2023\/09\/iNFRA_5-e1761735885940.png\",\"width\":1672,\"height\":454,\"caption\":\"Ag\u00eancia iNFRA\"},\"image\":{\"@id\":\"https:\/\/agenciainfra.com\/blog\/#\/schema\/logo\/image\/\"},\"sameAs\":[\"https:\/\/www.facebook.com\/ageninfra\",\"https:\/\/x.com\/agencia_infra\",\"https:\/\/www.linkedin.com\/company\/ag\u00eanciainfra\/\",\"https:\/\/www.instagram.com\/agenciainfra\/\"]},{\"@type\":\"Person\",\"@id\":\"https:\/\/agenciainfra.com\/blog\/#\/schema\/person\/34af08dff6adea4cb22b06612ba7acfa\",\"name\":\"Ag\u00eancia iNFRA\",\"image\":{\"@type\":\"ImageObject\",\"inLanguage\":\"pt-BR\",\"@id\":\"https:\/\/agenciainfra.com\/blog\/#\/schema\/person\/image\/\",\"url\":\"https:\/\/secure.gravatar.com\/avatar\/d189e01678f06d8eb84d4e01f08eb848b3fffe3f8443818d3c356c66892f5be8?s=96&d=mm&r=g\",\"contentUrl\":\"https:\/\/secure.gravatar.com\/avatar\/d189e01678f06d8eb84d4e01f08eb848b3fffe3f8443818d3c356c66892f5be8?s=96&d=mm&r=g\",\"caption\":\"Ag\u00eancia iNFRA\"},\"url\":\"https:\/\/agenciainfra.com\/blog\/author\/admin\/\"}]}<\/script>\n<!-- \/ Yoast SEO Premium plugin. -->","yoast_head_json":{"title":"Transporte rodovi\u00e1rio de cargas pode ter impacto de at\u00e9 3% com reonera\u00e7\u00e3o - Ag\u00eancia iNFRA","robots":{"index":"index","follow":"follow","max-snippet":"max-snippet:-1","max-image-preview":"max-image-preview:large","max-video-preview":"max-video-preview:-1"},"canonical":"https:\/\/agenciainfra.com\/blog\/transporte-rodoviario-de-cargas-pode-ter-impacto-de-ate-3-com-reoneracao\/","og_locale":"pt_BR","og_type":"article","og_title":"Transporte rodovi\u00e1rio de cargas pode ter impacto de at\u00e9 3% com reonera\u00e7\u00e3o","og_description":"da Ag\u00eancia iNFRA O impacto da reonera\u00e7\u00e3o da folha de pagamento no setor de transporte rodovi\u00e1rio de cargas pode chegar a 3% ao ano, quando considerada a soma das duas etapas do processo \u2013 a segunda fase est\u00e1 em vigor desde 1\u00ba de janeiro deste ano. O impacto m\u00e9dio direto da nova etapa chega a [&hellip;]","og_url":"https:\/\/agenciainfra.com\/blog\/transporte-rodoviario-de-cargas-pode-ter-impacto-de-ate-3-com-reoneracao\/","og_site_name":"Ag\u00eancia iNFRA","article_publisher":"https:\/\/www.facebook.com\/ageninfra","article_published_time":"2026-01-13T16:01:05+00:00","article_modified_time":"2026-01-13T19:29:14+00:00","og_image":[{"width":1280,"height":846,"url":"https:\/\/agenciainfra.com\/blog\/wp-content\/uploads\/2020\/01\/transporte-carga-caminhao-foto-goinfra.jpg","type":"image\/jpeg"}],"author":"Ag\u00eancia iNFRA","twitter_card":"summary_large_image","twitter_creator":"@agencia_infra","twitter_site":"@agencia_infra","twitter_misc":{"Escrito por":"Ag\u00eancia iNFRA","Est. tempo de leitura":"1 minuto"},"schema":{"@context":"https:\/\/schema.org","@graph":[{"@type":"Article","@id":"https:\/\/agenciainfra.com\/blog\/transporte-rodoviario-de-cargas-pode-ter-impacto-de-ate-3-com-reoneracao\/#article","isPartOf":{"@id":"https:\/\/agenciainfra.com\/blog\/transporte-rodoviario-de-cargas-pode-ter-impacto-de-ate-3-com-reoneracao\/"},"author":{"name":"Ag\u00eancia iNFRA","@id":"https:\/\/agenciainfra.com\/blog\/#\/schema\/person\/34af08dff6adea4cb22b06612ba7acfa"},"headline":"Transporte rodovi\u00e1rio de cargas pode ter impacto de at\u00e9 3% com reonera\u00e7\u00e3o","datePublished":"2026-01-13T16:01:05+00:00","dateModified":"2026-01-13T19:29:14+00:00","mainEntityOfPage":{"@id":"https:\/\/agenciainfra.com\/blog\/transporte-rodoviario-de-cargas-pode-ter-impacto-de-ate-3-com-reoneracao\/"},"wordCount":272,"publisher":{"@id":"https:\/\/agenciainfra.com\/blog\/#organization"},"image":{"@id":"https:\/\/agenciainfra.com\/blog\/transporte-rodoviario-de-cargas-pode-ter-impacto-de-ate-3-com-reoneracao\/#primaryimage"},"thumbnailUrl":"https:\/\/agenciainfra.com\/blog\/wp-content\/uploads\/2020\/01\/transporte-carga-caminhao-foto-goinfra.jpg","keywords":["desonera\u00e7\u00e3o","log\u00edstica","NTC&amp;Log\u00edstica","reonera\u00e7\u00e3o","transporte rodovi\u00e1rio de cargas"],"articleSection":["Giro iNFRA"],"inLanguage":"pt-BR","copyrightYear":"2026","copyrightHolder":{"@id":"https:\/\/agenciainfra.com\/blog\/#organization"}},{"@type":"WebPage","@id":"https:\/\/agenciainfra.com\/blog\/transporte-rodoviario-de-cargas-pode-ter-impacto-de-ate-3-com-reoneracao\/","url":"https:\/\/agenciainfra.com\/blog\/transporte-rodoviario-de-cargas-pode-ter-impacto-de-ate-3-com-reoneracao\/","name":"Transporte rodovi\u00e1rio de cargas pode ter impacto de at\u00e9 3% com reonera\u00e7\u00e3o - Ag\u00eancia iNFRA","isPartOf":{"@id":"https:\/\/agenciainfra.com\/blog\/#website"},"primaryImageOfPage":{"@id":"https:\/\/agenciainfra.com\/blog\/transporte-rodoviario-de-cargas-pode-ter-impacto-de-ate-3-com-reoneracao\/#primaryimage"},"image":{"@id":"https:\/\/agenciainfra.com\/blog\/transporte-rodoviario-de-cargas-pode-ter-impacto-de-ate-3-com-reoneracao\/#primaryimage"},"thumbnailUrl":"https:\/\/agenciainfra.com\/blog\/wp-content\/uploads\/2020\/01\/transporte-carga-caminhao-foto-goinfra.jpg","datePublished":"2026-01-13T16:01:05+00:00","dateModified":"2026-01-13T19:29:14+00:00","breadcrumb":{"@id":"https:\/\/agenciainfra.com\/blog\/transporte-rodoviario-de-cargas-pode-ter-impacto-de-ate-3-com-reoneracao\/#breadcrumb"},"inLanguage":"pt-BR","potentialAction":[{"@type":"ReadAction","target":["https:\/\/agenciainfra.com\/blog\/transporte-rodoviario-de-cargas-pode-ter-impacto-de-ate-3-com-reoneracao\/"]}]},{"@type":"ImageObject","inLanguage":"pt-BR","@id":"https:\/\/agenciainfra.com\/blog\/transporte-rodoviario-de-cargas-pode-ter-impacto-de-ate-3-com-reoneracao\/#primaryimage","url":"https:\/\/agenciainfra.com\/blog\/wp-content\/uploads\/2020\/01\/transporte-carga-caminhao-foto-goinfra.jpg","contentUrl":"https:\/\/agenciainfra.com\/blog\/wp-content\/uploads\/2020\/01\/transporte-carga-caminhao-foto-goinfra.jpg","width":1280,"height":846,"caption":"Foto: Goinfra"},{"@type":"BreadcrumbList","@id":"https:\/\/agenciainfra.com\/blog\/transporte-rodoviario-de-cargas-pode-ter-impacto-de-ate-3-com-reoneracao\/#breadcrumb","itemListElement":[{"@type":"ListItem","position":1,"name":"In\u00edcio","item":"https:\/\/agenciainfra.com\/blog\/"},{"@type":"ListItem","position":2,"name":"Transporte rodovi\u00e1rio de cargas pode ter impacto de at\u00e9 3% com reonera\u00e7\u00e3o"}]},{"@type":"WebSite","@id":"https:\/\/agenciainfra.com\/blog\/#website","url":"https:\/\/agenciainfra.com\/blog\/","name":"Ag\u00eancia iNFRA","description":"Multiplataforma de informa\u00e7\u00e3o jornal\u00edstica refer\u00eancia na \u00e1rea de infraestrutura no Brasil!","publisher":{"@id":"https:\/\/agenciainfra.com\/blog\/#organization"},"potentialAction":[{"@type":"SearchAction","target":{"@type":"EntryPoint","urlTemplate":"https:\/\/agenciainfra.com\/blog\/?s={search_term_string}"},"query-input":{"@type":"PropertyValueSpecification","valueRequired":true,"valueName":"search_term_string"}}],"inLanguage":"pt-BR"},{"@type":"Organization","@id":"https:\/\/agenciainfra.com\/blog\/#organization","name":"Ag\u00eancia iNFRA","url":"https:\/\/agenciainfra.com\/blog\/","logo":{"@type":"ImageObject","inLanguage":"pt-BR","@id":"https:\/\/agenciainfra.com\/blog\/#\/schema\/logo\/image\/","url":"https:\/\/agenciainfra.com\/blog\/wp-content\/uploads\/2023\/09\/iNFRA_5-e1761735885940.png","contentUrl":"https:\/\/agenciainfra.com\/blog\/wp-content\/uploads\/2023\/09\/iNFRA_5-e1761735885940.png","width":1672,"height":454,"caption":"Ag\u00eancia iNFRA"},"image":{"@id":"https:\/\/agenciainfra.com\/blog\/#\/schema\/logo\/image\/"},"sameAs":["https:\/\/www.facebook.com\/ageninfra","https:\/\/x.com\/agencia_infra","https:\/\/www.linkedin.com\/company\/ag\u00eanciainfra\/","https:\/\/www.instagram.com\/agenciainfra\/"]},{"@type":"Person","@id":"https:\/\/agenciainfra.com\/blog\/#\/schema\/person\/34af08dff6adea4cb22b06612ba7acfa","name":"Ag\u00eancia iNFRA","image":{"@type":"ImageObject","inLanguage":"pt-BR","@id":"https:\/\/agenciainfra.com\/blog\/#\/schema\/person\/image\/","url":"https:\/\/secure.gravatar.com\/avatar\/d189e01678f06d8eb84d4e01f08eb848b3fffe3f8443818d3c356c66892f5be8?s=96&d=mm&r=g","contentUrl":"https:\/\/secure.gravatar.com\/avatar\/d189e01678f06d8eb84d4e01f08eb848b3fffe3f8443818d3c356c66892f5be8?s=96&d=mm&r=g","caption":"Ag\u00eancia iNFRA"},"url":"https:\/\/agenciainfra.com\/blog\/author\/admin\/"}]}},"_links":{"self":[{"href":"https:\/\/agenciainfra.com\/blog\/wp-json\/wp\/v2\/posts\/34764","targetHints":{"allow":["GET"]}}],"collection":[{"href":"https:\/\/agenciainfra.com\/blog\/wp-json\/wp\/v2\/posts"}],"about":[{"href":"https:\/\/agenciainfra.com\/blog\/wp-json\/wp\/v2\/types\/post"}],"author":[{"embeddable":true,"href":"https:\/\/agenciainfra.com\/blog\/wp-json\/wp\/v2\/users\/1"}],"replies":[{"embeddable":true,"href":"https:\/\/agenciainfra.com\/blog\/wp-json\/wp\/v2\/comments?post=34764"}],"version-history":[{"count":3,"href":"https:\/\/agenciainfra.com\/blog\/wp-json\/wp\/v2\/posts\/34764\/revisions"}],"predecessor-version":[{"id":34798,"href":"https:\/\/agenciainfra.com\/blog\/wp-json\/wp\/v2\/posts\/34764\/revisions\/34798"}],"wp:featuredmedia":[{"embeddable":true,"href":"https:\/\/agenciainfra.com\/blog\/wp-json\/wp\/v2\/media\/4259"}],"wp:attachment":[{"href":"https:\/\/agenciainfra.com\/blog\/wp-json\/wp\/v2\/media?parent=34764"}],"wp:term":[{"taxonomy":"category","embeddable":true,"href":"https:\/\/agenciainfra.com\/blog\/wp-json\/wp\/v2\/categories?post=34764"},{"taxonomy":"post_tag","embeddable":true,"href":"https:\/\/agenciainfra.com\/blog\/wp-json\/wp\/v2\/tags?post=34764"}],"curies":[{"name":"wp","href":"https:\/\/api.w.org\/{rel}","templated":true}]}}