{"id":3483,"date":"2019-07-22T08:00:44","date_gmt":"2019-07-22T11:00:44","guid":{"rendered":"http:\/\/www.agenciainfra.com\/blog\/?p=3463"},"modified":"2019-07-22T11:47:15","modified_gmt":"2019-07-22T14:47:15","slug":"anac-vai-propor-regra-de-indenizacao-de-ativos-para-devolucao-de-contratos-sem-imposicao-de-teto","status":"publish","type":"post","link":"https:\/\/agenciainfra.com\/blog\/anac-vai-propor-regra-de-indenizacao-de-ativos-para-devolucao-de-contratos-sem-imposicao-de-teto\/","title":{"rendered":"ANAC vai propor regra de indeniza\u00e7\u00e3o de ativos para devolu\u00e7\u00e3o de contratos sem imposi\u00e7\u00e3o de teto"},"content":{"rendered":"<div>\n<h5 style=\"text-align: right;\"><strong>Dimmi Amora, para a\u00a0Ag\u00eancia iNFRA<\/strong><\/h5>\n<p>A diretoria da ANAC (Ag\u00eancia Nacional de Avia\u00e7\u00e3o Civil) aprovou na \u00faltima quarta-feira (17) abertura de audi\u00eancia p\u00fablica sobre as regras de indeniza\u00e7\u00e3o dos bens revers\u00edveis n\u00e3o amortizados para os caso de extin\u00e7\u00e3o antecipada de contratos de concess\u00e3o, por relicita\u00e7\u00e3o, caducidade ou fal\u00eancia.<\/p>\n<p>O per\u00edodo de contribui\u00e7\u00f5es ser\u00e1 de 30 dias. De acordo com o diretor Juliano Noman, relator do processo, a regra est\u00e1 dividida em tr\u00eas blocos principais, a defini\u00e7\u00e3o do que \u00e9 bem revers\u00edvel e os crit\u00e9rios de revers\u00e3o, a metodologia de c\u00e1lculo para a rever\u00e3o, e os crit\u00e9rios de auditoria dos valores.<\/p>\n<p>Pelos crit\u00e9rios de defini\u00e7\u00e3o do valor, a ag\u00eancia n\u00e3o vai considerar o Estudo de Viabilidade da concess\u00e3o. Ser\u00e3o considerados os dados informados ao longo dos anos pelas concession\u00e1rias, sem qualquer crit\u00e9rio de teto. A ag\u00eancia considera ter informa\u00e7\u00f5es suficientes para definir os valores adequados de indeniza\u00e7\u00e3o.<\/p>\n<p>No entanto, haver\u00e1 crit\u00e9rios para realizar descontos em obras feitas por partes relacionadas que forem consideradas fora dos padr\u00f5es de mercado. Os problemas com obras realizadas com partes relacionadas nos aeroportos concedidos\u00a0foram apontados em fiscaliza\u00e7\u00f5es do TCU (Tribunal de Contas da Uni\u00e3o) nas concess\u00f5es da chamada primeira etapa.<\/p>\n<p>A proposta tamb\u00e9m n\u00e3o vai considerar um valor linear de amortiza\u00e7\u00e3o no tempo. Os ativos ser\u00e3o avaliados pelos benef\u00edcios econ\u00f4micos gerados ao longo do tempo. No caso da avalia\u00e7\u00e3o linear, cada ano do ativo tem o mesmo valor. No crit\u00e9rio por benef\u00edcio econ\u00f4mico, os anos t\u00eam valor diferente para a indeniza\u00e7\u00e3o.<\/p>\n<p><strong>Antes do Decreto<\/strong><br \/>\nAssim como a ANTT (Ag\u00eancia Nacional de Transportes Terrestres), a ANAC colocou a sua proposta de regulamenta\u00e7\u00e3o de indeniza\u00e7\u00e3o de ativos antes da publica\u00e7\u00e3o de um prometido decreto para regulamentar a Lei 13.448 em rela\u00e7\u00e3o a esse tema.<\/p>\n<p>O conhecido &#8220;Decreto da Semana Que Vem&#8221; vem sendo analisado h\u00e1 dois anos pelo governo. Ap\u00f3s uma reuni\u00e3o entre agentes do governo, ficou acertado que o Minist\u00e9rio da Infraestrutura faria um texto deixando para as ag\u00eancias a cria\u00e7\u00e3o das regras mais espec\u00edficas. O decreto agora est\u00e1 em an\u00e1lise pelo Minist\u00e9rio da Economia, que ainda n\u00e3o considera o texto finalizado.<\/p>\n<p>O diretor Noman, da ANAC, em seu voto, afirmou que a regulamenta\u00e7\u00e3o proposta est\u00e1 de acordo com as leis. A expectativa \u00e9 que o decreto saia de acordo com a atual minuta proposta pela Infraestrutura, o que n\u00e3o criaria problemas para as propostas j\u00e1 em audi\u00eancia p\u00fablica das duas ag\u00eancias.<\/p>\n<p><strong>Viracopos<\/strong><br \/>\nAt\u00e9 o momento, a concession\u00e1ria do Aeroporto de Viracopos (SP) foi a \u00fanica a fazer o pedido para devolver a concess\u00e3o para relicita\u00e7\u00e3o na ANAC. Por enquanto, n\u00e3o h\u00e1 expectativa de que outros pedidos sejam apresentados.<\/p>\n<p>Na reuni\u00e3o de diretoria da \u00faltima quarta, os diretores mantiveram decis\u00e3o da \u00e1rea t\u00e9cnica de indeferir pedido de reequil\u00edbrio econ\u00f4mico do contrato da concession\u00e1ria de Viracopos, estimado pela empresa em R$ 3 bilh\u00f5es, por causa do atraso nas desapropria\u00e7\u00f5es do terreno da concess\u00e3o.<\/p>\n<p>De acordo com a concession\u00e1ria, o governo n\u00e3o desapropriou at\u00e9 hoje 80% da \u00e1rea de 17 km\u00b2\u00a0prometidos para a concess\u00e3o, que ocorreu em 2012, o que a impediria de desenvolver projetos para auferir receitas acess\u00f3rias. Atualmente, segundo Gustavo Salgueiro, advogado da concession\u00e1ria, sequer a obra obrigat\u00f3ria de nova pista poderia ser feita pela concession\u00e1ria caso o aeroporto chegasse ao gatilho que aciona este investimento.<\/p>\n<p>O diretor Ricardo Fenelon entendeu que, de fato, houve descumprimento por parte do governo. Entretanto, n\u00e3o considerou que houve preju\u00edzo para a concession\u00e1ria, que n\u00e3o teria usado ainda a \u00e1rea que foi colocada na concess\u00e3o. Para a diretoria, n\u00e3o houve desequil\u00edbrio no contrato. Foi dado, no entanto, um reequil\u00edbrio espec\u00edfico de R$ 16 milh\u00f5es pelo valor do aluguel de terrenos para fazer uma nova pista de acesso, cujo preju\u00edzo foi demonstrado.<\/p>\n<p>A quest\u00e3o, no entanto, dever\u00e1 ser decidida pela Justi\u00e7a, j\u00e1 que a concession\u00e1ria j\u00e1 fez o pedido formal. Quem tamb\u00e9m teve reequil\u00edbrio negado por gastos diversos em investimentos que seriam do governo foi a concession\u00e1ria do Aeroporto de S\u00e3o Gon\u00e7alo do Amarante (RN), da Infram\u00e9rica.<\/p>\n<p><strong>Audi\u00eancias p\u00fablicas<\/strong><br \/>\nForam abertas duas audi\u00eancias p\u00fablicas. Uma para\u00a0regras da 1\u00aa Revis\u00e3o dos Par\u00e2metros da Concess\u00e3o dos Aeroportos de Confins (MG) e Gale\u00e3o (RJ) e da 2\u00aa Revis\u00e3o dos Par\u00e2metros da Concess\u00e3o do Aeroporto Internacional de S\u00e3o Gon\u00e7alo do Amarante.<\/p>\n<p>Outra para alterar o Regulamento Brasileiro da Avia\u00e7\u00e3o Civil 121 em rela\u00e7\u00e3o aos requisitos de suprimento de combust\u00edvel. Pela proposta, a ideia \u00e9 revisar a regra de exig\u00eancia de 10% de contingenciamento para 5%, o que reduziria custos das companhias a\u00e9reas e as colocaria em linha com a pr\u00e1tica internacional.<\/p>\n<p>Os diretores aprovaram ainda Projeto Priorit\u00e1rio de Remodelagem dos Servi\u00e7os de Transporte A\u00e9reo P\u00fablico. O projeto muda a forma de classifica\u00e7\u00e3o dos tipos de servi\u00e7os a\u00e9reos prestados pelas empresas, numa tentativa de ampliar o mercado de avia\u00e7\u00e3o nacional.<\/p>\n<\/div>\n","protected":false},"excerpt":{"rendered":"<p>Dimmi Amora, para a\u00a0Ag\u00eancia iNFRA A diretoria da ANAC (Ag\u00eancia Nacional de Avia\u00e7\u00e3o Civil) aprovou na \u00faltima quarta-feira (17) abertura de audi\u00eancia p\u00fablica sobre as regras de indeniza\u00e7\u00e3o dos bens revers\u00edveis n\u00e3o amortizados para os caso de extin\u00e7\u00e3o antecipada de contratos de concess\u00e3o, por relicita\u00e7\u00e3o, caducidade ou fal\u00eancia. O per\u00edodo de contribui\u00e7\u00f5es ser\u00e1 de 30 [&hellip;]<\/p>\n","protected":false},"author":9,"featured_media":3466,"comment_status":"closed","ping_status":"closed","sticky":false,"template":"","format":"standard","meta":{"_monsterinsights_skip_tracking":false,"_monsterinsights_sitenote_active":false,"_monsterinsights_sitenote_note":"","_monsterinsights_sitenote_category":0,"footnotes":""},"categories":[7],"tags":[107,242,511,241],"class_list":["post-3483","post","type-post","status-publish","format-standard","has-post-thumbnail","hentry","category-infratransporte","tag-aeroportos","tag-anac","tag-juliano-noman","tag-viracopos"],"yoast_head":"<!-- This site is optimized with the Yoast SEO Premium plugin v25.4 (Yoast SEO v26.0) - https:\/\/yoast.com\/wordpress\/plugins\/seo\/ -->\n<title>ANAC vai propor regra de indeniza\u00e7\u00e3o de ativos para devolu\u00e7\u00e3o de contratos sem imposi\u00e7\u00e3o de teto - Ag\u00eancia iNFRA<\/title>\n<meta name=\"robots\" content=\"index, follow, max-snippet:-1, max-image-preview:large, max-video-preview:-1\" \/>\n<link rel=\"canonical\" href=\"https:\/\/agenciainfra.com\/blog\/anac-vai-propor-regra-de-indenizacao-de-ativos-para-devolucao-de-contratos-sem-imposicao-de-teto\/\" \/>\n<meta property=\"og:locale\" content=\"pt_BR\" \/>\n<meta property=\"og:type\" content=\"article\" \/>\n<meta property=\"og:title\" content=\"ANAC vai propor regra de indeniza\u00e7\u00e3o de ativos para devolu\u00e7\u00e3o de contratos sem imposi\u00e7\u00e3o de teto\" \/>\n<meta property=\"og:description\" content=\"Dimmi Amora, para a\u00a0Ag\u00eancia iNFRA A diretoria da ANAC (Ag\u00eancia Nacional de Avia\u00e7\u00e3o Civil) aprovou na \u00faltima quarta-feira (17) abertura de audi\u00eancia p\u00fablica sobre as regras de indeniza\u00e7\u00e3o dos bens revers\u00edveis n\u00e3o amortizados para os caso de extin\u00e7\u00e3o antecipada de contratos de concess\u00e3o, por relicita\u00e7\u00e3o, caducidade ou fal\u00eancia. O per\u00edodo de contribui\u00e7\u00f5es ser\u00e1 de 30 [&hellip;]\" \/>\n<meta property=\"og:url\" content=\"https:\/\/agenciainfra.com\/blog\/anac-vai-propor-regra-de-indenizacao-de-ativos-para-devolucao-de-contratos-sem-imposicao-de-teto\/\" \/>\n<meta property=\"og:site_name\" content=\"Ag\u00eancia iNFRA\" \/>\n<meta property=\"article:publisher\" content=\"https:\/\/www.facebook.com\/ageninfra\" \/>\n<meta property=\"article:published_time\" content=\"2019-07-22T11:00:44+00:00\" \/>\n<meta property=\"article:modified_time\" content=\"2019-07-22T14:47:15+00:00\" \/>\n<meta property=\"og:image\" content=\"https:\/\/agenciainfra.com\/blog\/wp-content\/uploads\/2019\/07\/Viracopos-divulgacao.jpg\" \/>\n\t<meta property=\"og:image:width\" content=\"1500\" \/>\n\t<meta property=\"og:image:height\" content=\"1000\" \/>\n\t<meta property=\"og:image:type\" content=\"image\/jpeg\" \/>\n<meta name=\"author\" content=\"Rodrigo Zuquim\" \/>\n<meta name=\"twitter:card\" content=\"summary_large_image\" \/>\n<meta name=\"twitter:creator\" content=\"@agencia_infra\" \/>\n<meta name=\"twitter:site\" content=\"@agencia_infra\" \/>\n<meta name=\"twitter:label1\" content=\"Escrito por\" \/>\n\t<meta name=\"twitter:data1\" content=\"Rodrigo Zuquim\" \/>\n\t<meta name=\"twitter:label2\" content=\"Est. tempo de leitura\" \/>\n\t<meta name=\"twitter:data2\" content=\"5 minutos\" \/>\n<script type=\"application\/ld+json\" class=\"yoast-schema-graph\">{\"@context\":\"https:\/\/schema.org\",\"@graph\":[{\"@type\":\"Article\",\"@id\":\"https:\/\/agenciainfra.com\/blog\/anac-vai-propor-regra-de-indenizacao-de-ativos-para-devolucao-de-contratos-sem-imposicao-de-teto\/#article\",\"isPartOf\":{\"@id\":\"https:\/\/agenciainfra.com\/blog\/anac-vai-propor-regra-de-indenizacao-de-ativos-para-devolucao-de-contratos-sem-imposicao-de-teto\/\"},\"author\":{\"name\":\"Rodrigo Zuquim\",\"@id\":\"https:\/\/agenciainfra.com\/blog\/#\/schema\/person\/04dbb79bd6d8951f063da71f3e4c1eb1\"},\"headline\":\"ANAC vai propor regra de indeniza\u00e7\u00e3o de ativos para devolu\u00e7\u00e3o de contratos sem imposi\u00e7\u00e3o de teto\",\"datePublished\":\"2019-07-22T11:00:44+00:00\",\"dateModified\":\"2019-07-22T14:47:15+00:00\",\"mainEntityOfPage\":{\"@id\":\"https:\/\/agenciainfra.com\/blog\/anac-vai-propor-regra-de-indenizacao-de-ativos-para-devolucao-de-contratos-sem-imposicao-de-teto\/\"},\"wordCount\":926,\"publisher\":{\"@id\":\"https:\/\/agenciainfra.com\/blog\/#organization\"},\"image\":{\"@id\":\"https:\/\/agenciainfra.com\/blog\/anac-vai-propor-regra-de-indenizacao-de-ativos-para-devolucao-de-contratos-sem-imposicao-de-teto\/#primaryimage\"},\"thumbnailUrl\":\"https:\/\/agenciainfra.com\/blog\/wp-content\/uploads\/2019\/07\/Viracopos-divulgacao.jpg\",\"keywords\":[\"aeroportos\",\"ANAC\",\"Juliano Noman\",\"Viracopos\"],\"articleSection\":[\"iNFRATransporte\"],\"inLanguage\":\"pt-BR\",\"copyrightYear\":\"2019\",\"copyrightHolder\":{\"@id\":\"https:\/\/agenciainfra.com\/blog\/#organization\"}},{\"@type\":\"WebPage\",\"@id\":\"https:\/\/agenciainfra.com\/blog\/anac-vai-propor-regra-de-indenizacao-de-ativos-para-devolucao-de-contratos-sem-imposicao-de-teto\/\",\"url\":\"https:\/\/agenciainfra.com\/blog\/anac-vai-propor-regra-de-indenizacao-de-ativos-para-devolucao-de-contratos-sem-imposicao-de-teto\/\",\"name\":\"ANAC vai propor regra de indeniza\u00e7\u00e3o de ativos para devolu\u00e7\u00e3o de contratos sem imposi\u00e7\u00e3o de teto - Ag\u00eancia iNFRA\",\"isPartOf\":{\"@id\":\"https:\/\/agenciainfra.com\/blog\/#website\"},\"primaryImageOfPage\":{\"@id\":\"https:\/\/agenciainfra.com\/blog\/anac-vai-propor-regra-de-indenizacao-de-ativos-para-devolucao-de-contratos-sem-imposicao-de-teto\/#primaryimage\"},\"image\":{\"@id\":\"https:\/\/agenciainfra.com\/blog\/anac-vai-propor-regra-de-indenizacao-de-ativos-para-devolucao-de-contratos-sem-imposicao-de-teto\/#primaryimage\"},\"thumbnailUrl\":\"https:\/\/agenciainfra.com\/blog\/wp-content\/uploads\/2019\/07\/Viracopos-divulgacao.jpg\",\"datePublished\":\"2019-07-22T11:00:44+00:00\",\"dateModified\":\"2019-07-22T14:47:15+00:00\",\"breadcrumb\":{\"@id\":\"https:\/\/agenciainfra.com\/blog\/anac-vai-propor-regra-de-indenizacao-de-ativos-para-devolucao-de-contratos-sem-imposicao-de-teto\/#breadcrumb\"},\"inLanguage\":\"pt-BR\",\"potentialAction\":[{\"@type\":\"ReadAction\",\"target\":[\"https:\/\/agenciainfra.com\/blog\/anac-vai-propor-regra-de-indenizacao-de-ativos-para-devolucao-de-contratos-sem-imposicao-de-teto\/\"]}]},{\"@type\":\"ImageObject\",\"inLanguage\":\"pt-BR\",\"@id\":\"https:\/\/agenciainfra.com\/blog\/anac-vai-propor-regra-de-indenizacao-de-ativos-para-devolucao-de-contratos-sem-imposicao-de-teto\/#primaryimage\",\"url\":\"https:\/\/agenciainfra.com\/blog\/wp-content\/uploads\/2019\/07\/Viracopos-divulgacao.jpg\",\"contentUrl\":\"https:\/\/agenciainfra.com\/blog\/wp-content\/uploads\/2019\/07\/Viracopos-divulgacao.jpg\",\"width\":1500,\"height\":1000},{\"@type\":\"BreadcrumbList\",\"@id\":\"https:\/\/agenciainfra.com\/blog\/anac-vai-propor-regra-de-indenizacao-de-ativos-para-devolucao-de-contratos-sem-imposicao-de-teto\/#breadcrumb\",\"itemListElement\":[{\"@type\":\"ListItem\",\"position\":1,\"name\":\"In\u00edcio\",\"item\":\"https:\/\/agenciainfra.com\/blog\/\"},{\"@type\":\"ListItem\",\"position\":2,\"name\":\"ANAC vai propor regra de indeniza\u00e7\u00e3o de ativos para devolu\u00e7\u00e3o de contratos sem imposi\u00e7\u00e3o de teto\"}]},{\"@type\":\"WebSite\",\"@id\":\"https:\/\/agenciainfra.com\/blog\/#website\",\"url\":\"https:\/\/agenciainfra.com\/blog\/\",\"name\":\"Ag\u00eancia iNFRA\",\"description\":\"Multiplataforma de informa\u00e7\u00e3o jornal\u00edstica refer\u00eancia na \u00e1rea de infraestrutura no Brasil!\",\"publisher\":{\"@id\":\"https:\/\/agenciainfra.com\/blog\/#organization\"},\"potentialAction\":[{\"@type\":\"SearchAction\",\"target\":{\"@type\":\"EntryPoint\",\"urlTemplate\":\"https:\/\/agenciainfra.com\/blog\/?s={search_term_string}\"},\"query-input\":{\"@type\":\"PropertyValueSpecification\",\"valueRequired\":true,\"valueName\":\"search_term_string\"}}],\"inLanguage\":\"pt-BR\"},{\"@type\":\"Organization\",\"@id\":\"https:\/\/agenciainfra.com\/blog\/#organization\",\"name\":\"Ag\u00eancia iNFRA\",\"url\":\"https:\/\/agenciainfra.com\/blog\/\",\"logo\":{\"@type\":\"ImageObject\",\"inLanguage\":\"pt-BR\",\"@id\":\"https:\/\/agenciainfra.com\/blog\/#\/schema\/logo\/image\/\",\"url\":\"https:\/\/agenciainfra.com\/blog\/wp-content\/uploads\/2023\/09\/iNFRA_5-e1761735885940.png\",\"contentUrl\":\"https:\/\/agenciainfra.com\/blog\/wp-content\/uploads\/2023\/09\/iNFRA_5-e1761735885940.png\",\"width\":1672,\"height\":454,\"caption\":\"Ag\u00eancia iNFRA\"},\"image\":{\"@id\":\"https:\/\/agenciainfra.com\/blog\/#\/schema\/logo\/image\/\"},\"sameAs\":[\"https:\/\/www.facebook.com\/ageninfra\",\"https:\/\/x.com\/agencia_infra\",\"https:\/\/www.linkedin.com\/company\/ag\u00eanciainfra\/\",\"https:\/\/www.instagram.com\/agenciainfra\/\"]},{\"@type\":\"Person\",\"@id\":\"https:\/\/agenciainfra.com\/blog\/#\/schema\/person\/04dbb79bd6d8951f063da71f3e4c1eb1\",\"name\":\"Rodrigo Zuquim\",\"image\":{\"@type\":\"ImageObject\",\"inLanguage\":\"pt-BR\",\"@id\":\"https:\/\/agenciainfra.com\/blog\/#\/schema\/person\/image\/\",\"url\":\"https:\/\/secure.gravatar.com\/avatar\/594abfe82761d620726242ff34ca472a705a4b97f16c790053a6b4c4035274d0?s=96&d=mm&r=g\",\"contentUrl\":\"https:\/\/secure.gravatar.com\/avatar\/594abfe82761d620726242ff34ca472a705a4b97f16c790053a6b4c4035274d0?s=96&d=mm&r=g\",\"caption\":\"Rodrigo Zuquim\"},\"url\":\"https:\/\/agenciainfra.com\/blog\/author\/rodrigo-zuquim\/\"}]}<\/script>\n<!-- \/ Yoast SEO Premium plugin. -->","yoast_head_json":{"title":"ANAC vai propor regra de indeniza\u00e7\u00e3o de ativos para devolu\u00e7\u00e3o de contratos sem imposi\u00e7\u00e3o de teto - Ag\u00eancia iNFRA","robots":{"index":"index","follow":"follow","max-snippet":"max-snippet:-1","max-image-preview":"max-image-preview:large","max-video-preview":"max-video-preview:-1"},"canonical":"https:\/\/agenciainfra.com\/blog\/anac-vai-propor-regra-de-indenizacao-de-ativos-para-devolucao-de-contratos-sem-imposicao-de-teto\/","og_locale":"pt_BR","og_type":"article","og_title":"ANAC vai propor regra de indeniza\u00e7\u00e3o de ativos para devolu\u00e7\u00e3o de contratos sem imposi\u00e7\u00e3o de teto","og_description":"Dimmi Amora, para a\u00a0Ag\u00eancia iNFRA A diretoria da ANAC (Ag\u00eancia Nacional de Avia\u00e7\u00e3o Civil) aprovou na \u00faltima quarta-feira (17) abertura de audi\u00eancia p\u00fablica sobre as regras de indeniza\u00e7\u00e3o dos bens revers\u00edveis n\u00e3o amortizados para os caso de extin\u00e7\u00e3o antecipada de contratos de concess\u00e3o, por relicita\u00e7\u00e3o, caducidade ou fal\u00eancia. O per\u00edodo de contribui\u00e7\u00f5es ser\u00e1 de 30 [&hellip;]","og_url":"https:\/\/agenciainfra.com\/blog\/anac-vai-propor-regra-de-indenizacao-de-ativos-para-devolucao-de-contratos-sem-imposicao-de-teto\/","og_site_name":"Ag\u00eancia iNFRA","article_publisher":"https:\/\/www.facebook.com\/ageninfra","article_published_time":"2019-07-22T11:00:44+00:00","article_modified_time":"2019-07-22T14:47:15+00:00","og_image":[{"width":1500,"height":1000,"url":"https:\/\/agenciainfra.com\/blog\/wp-content\/uploads\/2019\/07\/Viracopos-divulgacao.jpg","type":"image\/jpeg"}],"author":"Rodrigo Zuquim","twitter_card":"summary_large_image","twitter_creator":"@agencia_infra","twitter_site":"@agencia_infra","twitter_misc":{"Escrito por":"Rodrigo Zuquim","Est. tempo de leitura":"5 minutos"},"schema":{"@context":"https:\/\/schema.org","@graph":[{"@type":"Article","@id":"https:\/\/agenciainfra.com\/blog\/anac-vai-propor-regra-de-indenizacao-de-ativos-para-devolucao-de-contratos-sem-imposicao-de-teto\/#article","isPartOf":{"@id":"https:\/\/agenciainfra.com\/blog\/anac-vai-propor-regra-de-indenizacao-de-ativos-para-devolucao-de-contratos-sem-imposicao-de-teto\/"},"author":{"name":"Rodrigo Zuquim","@id":"https:\/\/agenciainfra.com\/blog\/#\/schema\/person\/04dbb79bd6d8951f063da71f3e4c1eb1"},"headline":"ANAC vai propor regra de indeniza\u00e7\u00e3o de ativos para devolu\u00e7\u00e3o de contratos sem imposi\u00e7\u00e3o de teto","datePublished":"2019-07-22T11:00:44+00:00","dateModified":"2019-07-22T14:47:15+00:00","mainEntityOfPage":{"@id":"https:\/\/agenciainfra.com\/blog\/anac-vai-propor-regra-de-indenizacao-de-ativos-para-devolucao-de-contratos-sem-imposicao-de-teto\/"},"wordCount":926,"publisher":{"@id":"https:\/\/agenciainfra.com\/blog\/#organization"},"image":{"@id":"https:\/\/agenciainfra.com\/blog\/anac-vai-propor-regra-de-indenizacao-de-ativos-para-devolucao-de-contratos-sem-imposicao-de-teto\/#primaryimage"},"thumbnailUrl":"https:\/\/agenciainfra.com\/blog\/wp-content\/uploads\/2019\/07\/Viracopos-divulgacao.jpg","keywords":["aeroportos","ANAC","Juliano Noman","Viracopos"],"articleSection":["iNFRATransporte"],"inLanguage":"pt-BR","copyrightYear":"2019","copyrightHolder":{"@id":"https:\/\/agenciainfra.com\/blog\/#organization"}},{"@type":"WebPage","@id":"https:\/\/agenciainfra.com\/blog\/anac-vai-propor-regra-de-indenizacao-de-ativos-para-devolucao-de-contratos-sem-imposicao-de-teto\/","url":"https:\/\/agenciainfra.com\/blog\/anac-vai-propor-regra-de-indenizacao-de-ativos-para-devolucao-de-contratos-sem-imposicao-de-teto\/","name":"ANAC vai propor regra de indeniza\u00e7\u00e3o de ativos para devolu\u00e7\u00e3o de contratos sem imposi\u00e7\u00e3o de teto - Ag\u00eancia iNFRA","isPartOf":{"@id":"https:\/\/agenciainfra.com\/blog\/#website"},"primaryImageOfPage":{"@id":"https:\/\/agenciainfra.com\/blog\/anac-vai-propor-regra-de-indenizacao-de-ativos-para-devolucao-de-contratos-sem-imposicao-de-teto\/#primaryimage"},"image":{"@id":"https:\/\/agenciainfra.com\/blog\/anac-vai-propor-regra-de-indenizacao-de-ativos-para-devolucao-de-contratos-sem-imposicao-de-teto\/#primaryimage"},"thumbnailUrl":"https:\/\/agenciainfra.com\/blog\/wp-content\/uploads\/2019\/07\/Viracopos-divulgacao.jpg","datePublished":"2019-07-22T11:00:44+00:00","dateModified":"2019-07-22T14:47:15+00:00","breadcrumb":{"@id":"https:\/\/agenciainfra.com\/blog\/anac-vai-propor-regra-de-indenizacao-de-ativos-para-devolucao-de-contratos-sem-imposicao-de-teto\/#breadcrumb"},"inLanguage":"pt-BR","potentialAction":[{"@type":"ReadAction","target":["https:\/\/agenciainfra.com\/blog\/anac-vai-propor-regra-de-indenizacao-de-ativos-para-devolucao-de-contratos-sem-imposicao-de-teto\/"]}]},{"@type":"ImageObject","inLanguage":"pt-BR","@id":"https:\/\/agenciainfra.com\/blog\/anac-vai-propor-regra-de-indenizacao-de-ativos-para-devolucao-de-contratos-sem-imposicao-de-teto\/#primaryimage","url":"https:\/\/agenciainfra.com\/blog\/wp-content\/uploads\/2019\/07\/Viracopos-divulgacao.jpg","contentUrl":"https:\/\/agenciainfra.com\/blog\/wp-content\/uploads\/2019\/07\/Viracopos-divulgacao.jpg","width":1500,"height":1000},{"@type":"BreadcrumbList","@id":"https:\/\/agenciainfra.com\/blog\/anac-vai-propor-regra-de-indenizacao-de-ativos-para-devolucao-de-contratos-sem-imposicao-de-teto\/#breadcrumb","itemListElement":[{"@type":"ListItem","position":1,"name":"In\u00edcio","item":"https:\/\/agenciainfra.com\/blog\/"},{"@type":"ListItem","position":2,"name":"ANAC vai propor regra de indeniza\u00e7\u00e3o de ativos para devolu\u00e7\u00e3o de contratos sem imposi\u00e7\u00e3o de teto"}]},{"@type":"WebSite","@id":"https:\/\/agenciainfra.com\/blog\/#website","url":"https:\/\/agenciainfra.com\/blog\/","name":"Ag\u00eancia iNFRA","description":"Multiplataforma de informa\u00e7\u00e3o jornal\u00edstica refer\u00eancia na \u00e1rea de infraestrutura no Brasil!","publisher":{"@id":"https:\/\/agenciainfra.com\/blog\/#organization"},"potentialAction":[{"@type":"SearchAction","target":{"@type":"EntryPoint","urlTemplate":"https:\/\/agenciainfra.com\/blog\/?s={search_term_string}"},"query-input":{"@type":"PropertyValueSpecification","valueRequired":true,"valueName":"search_term_string"}}],"inLanguage":"pt-BR"},{"@type":"Organization","@id":"https:\/\/agenciainfra.com\/blog\/#organization","name":"Ag\u00eancia iNFRA","url":"https:\/\/agenciainfra.com\/blog\/","logo":{"@type":"ImageObject","inLanguage":"pt-BR","@id":"https:\/\/agenciainfra.com\/blog\/#\/schema\/logo\/image\/","url":"https:\/\/agenciainfra.com\/blog\/wp-content\/uploads\/2023\/09\/iNFRA_5-e1761735885940.png","contentUrl":"https:\/\/agenciainfra.com\/blog\/wp-content\/uploads\/2023\/09\/iNFRA_5-e1761735885940.png","width":1672,"height":454,"caption":"Ag\u00eancia iNFRA"},"image":{"@id":"https:\/\/agenciainfra.com\/blog\/#\/schema\/logo\/image\/"},"sameAs":["https:\/\/www.facebook.com\/ageninfra","https:\/\/x.com\/agencia_infra","https:\/\/www.linkedin.com\/company\/ag\u00eanciainfra\/","https:\/\/www.instagram.com\/agenciainfra\/"]},{"@type":"Person","@id":"https:\/\/agenciainfra.com\/blog\/#\/schema\/person\/04dbb79bd6d8951f063da71f3e4c1eb1","name":"Rodrigo Zuquim","image":{"@type":"ImageObject","inLanguage":"pt-BR","@id":"https:\/\/agenciainfra.com\/blog\/#\/schema\/person\/image\/","url":"https:\/\/secure.gravatar.com\/avatar\/594abfe82761d620726242ff34ca472a705a4b97f16c790053a6b4c4035274d0?s=96&d=mm&r=g","contentUrl":"https:\/\/secure.gravatar.com\/avatar\/594abfe82761d620726242ff34ca472a705a4b97f16c790053a6b4c4035274d0?s=96&d=mm&r=g","caption":"Rodrigo Zuquim"},"url":"https:\/\/agenciainfra.com\/blog\/author\/rodrigo-zuquim\/"}]}},"_links":{"self":[{"href":"https:\/\/agenciainfra.com\/blog\/wp-json\/wp\/v2\/posts\/3483","targetHints":{"allow":["GET"]}}],"collection":[{"href":"https:\/\/agenciainfra.com\/blog\/wp-json\/wp\/v2\/posts"}],"about":[{"href":"https:\/\/agenciainfra.com\/blog\/wp-json\/wp\/v2\/types\/post"}],"author":[{"embeddable":true,"href":"https:\/\/agenciainfra.com\/blog\/wp-json\/wp\/v2\/users\/9"}],"replies":[{"embeddable":true,"href":"https:\/\/agenciainfra.com\/blog\/wp-json\/wp\/v2\/comments?post=3483"}],"version-history":[{"count":0,"href":"https:\/\/agenciainfra.com\/blog\/wp-json\/wp\/v2\/posts\/3483\/revisions"}],"wp:featuredmedia":[{"embeddable":true,"href":"https:\/\/agenciainfra.com\/blog\/wp-json\/wp\/v2\/media\/3466"}],"wp:attachment":[{"href":"https:\/\/agenciainfra.com\/blog\/wp-json\/wp\/v2\/media?parent=3483"}],"wp:term":[{"taxonomy":"category","embeddable":true,"href":"https:\/\/agenciainfra.com\/blog\/wp-json\/wp\/v2\/categories?post=3483"},{"taxonomy":"post_tag","embeddable":true,"href":"https:\/\/agenciainfra.com\/blog\/wp-json\/wp\/v2\/tags?post=3483"}],"curies":[{"name":"wp","href":"https:\/\/api.w.org\/{rel}","templated":true}]}}