{"id":34861,"date":"2026-01-14T14:35:39","date_gmt":"2026-01-14T17:35:39","guid":{"rendered":"https:\/\/agenciainfra.com\/blog\/?p=34861"},"modified":"2026-01-14T14:35:41","modified_gmt":"2026-01-14T17:35:41","slug":"mpf-recorre-e-cobra-recuperacao-das-marginais-da-br-101-em-sc","status":"publish","type":"post","link":"https:\/\/agenciainfra.com\/blog\/mpf-recorre-e-cobra-recuperacao-das-marginais-da-br-101-em-sc\/","title":{"rendered":"MPF recorre e cobra recupera\u00e7\u00e3o das marginais da BR-101 em SC"},"content":{"rendered":"\n<p class=\"has-text-align-right\"><strong>da Ag\u00eancia iNFRA <\/strong><\/p>\n\n\n\n<p>O MPF (Minist\u00e9rio P\u00fablico Federal) recorreu da decis\u00e3o da Justi\u00e7a Federal que negou pedido liminar para obrigar a Uni\u00e3o e o Dnit (Departamento Nacional de Infraestrutura de Transportes) a recuperar, manter e conservar as vias marginais da BR-101 no trecho que passa por Barra Velha, no litoral norte de Santa Catarina.<\/p>\n\n\n\n<p>Na decis\u00e3o contestada, o juiz entendeu que as marginais n\u00e3o apresentariam risco aos usu\u00e1rios e considerou que as imagens juntadas ao processo indicariam a realiza\u00e7\u00e3o de reparos. Para o MPF, no entanto, essa avalia\u00e7\u00e3o n\u00e3o corresponde \u00e0 realidade constatada em laudo t\u00e9cnico produzido pelo pr\u00f3prio \u00f3rg\u00e3o.<\/p>\n\n\n\n<p>No recurso, o MPF sustenta que o perigo de dano \u00e9 evidente e cont\u00ednuo. De acordo com per\u00edcia elaborada por engenheiro civil do Minist\u00e9rio P\u00fablico, as vias marginais est\u00e3o em condi\u00e7\u00f5es prec\u00e1rias, sem manuten\u00e7\u00e3o adequada, o que representa risco \u00e0 seguran\u00e7a vi\u00e1ria, \u00e0 integridade f\u00edsica dos usu\u00e1rios e ao patrim\u00f4nio de quem trafega pelo local. O \u00f3rg\u00e3o tamb\u00e9m aponta impactos negativos \u00e0 circula\u00e7\u00e3o de mercadorias, uma vez que o trecho \u00e9 utilizado por ve\u00edculos de carga, al\u00e9m de autom\u00f3veis de passeio e turismo.<\/p>\n\n\n\n<p>O procurador da Rep\u00fablica Carlos Augusto de Amorim Dutra, respons\u00e1vel pelo recurso, afirma que os danos decorrentes da falta de manuten\u00e7\u00e3o s\u00e3o recorrentes e afetam diretamente a vida cotidiana dos usu\u00e1rios. Segundo ele, o risco n\u00e3o \u00e9 hipot\u00e9tico, mas comprovado por registros t\u00e9cnicos e pela situa\u00e7\u00e3o observada nas marginais.<\/p>\n\n\n\n<p>Al\u00e9m do pedido de recupera\u00e7\u00e3o das vias no prazo de 30 dias, o MPF requer que a Uni\u00e3o e o Dnit apresentem, em at\u00e9 60 dias, um relat\u00f3rio detalhando a conclus\u00e3o dos servi\u00e7os. O \u00f3rg\u00e3o tamb\u00e9m pede a condena\u00e7\u00e3o ao pagamento de indeniza\u00e7\u00e3o por danos morais coletivos, em valor m\u00ednimo de R$ 500 mil, a ser revertido \u00e0 Pol\u00edcia Rodovi\u00e1ria Federal em Santa Catarina para a compra de equipamentos de pesagem de ve\u00edculos. Os pedidos ainda aguardam an\u00e1lise judicial.<\/p>\n","protected":false},"excerpt":{"rendered":"<p>da Ag\u00eancia iNFRA O MPF (Minist\u00e9rio P\u00fablico Federal) recorreu da decis\u00e3o da Justi\u00e7a Federal que negou pedido liminar para obrigar a Uni\u00e3o e o Dnit (Departamento Nacional de Infraestrutura de Transportes) a recuperar, manter e conservar as vias marginais da BR-101 no trecho que passa por Barra Velha, no litoral norte de Santa Catarina. Na [&hellip;]<\/p>\n","protected":false},"author":1,"featured_media":34862,"comment_status":"closed","ping_status":"closed","sticky":false,"template":"","format":"standard","meta":{"_monsterinsights_skip_tracking":false,"_monsterinsights_sitenote_active":false,"_monsterinsights_sitenote_note":"","_monsterinsights_sitenote_category":0,"footnotes":""},"categories":[13576],"tags":[17854,435,17855,328,3682,524,668],"class_list":["post-34861","post","type-post","status-publish","format-standard","has-post-thumbnail","hentry","category-giro-infra","tag-barra-velha","tag-br-101","tag-carlos-augusto-de-amorim-dutra","tag-dnit","tag-justica-federal","tag-mpf","tag-santa-catarina"],"yoast_head":"<!-- This site is optimized with the Yoast SEO Premium plugin v25.4 (Yoast SEO v26.0) - https:\/\/yoast.com\/wordpress\/plugins\/seo\/ -->\n<title>MPF recorre e cobra recupera\u00e7\u00e3o das marginais da BR-101 em SC - Ag\u00eancia iNFRA<\/title>\n<meta name=\"robots\" content=\"index, follow, max-snippet:-1, max-image-preview:large, max-video-preview:-1\" \/>\n<link rel=\"canonical\" href=\"https:\/\/agenciainfra.com\/blog\/mpf-recorre-e-cobra-recuperacao-das-marginais-da-br-101-em-sc\/\" \/>\n<meta property=\"og:locale\" content=\"pt_BR\" \/>\n<meta property=\"og:type\" content=\"article\" \/>\n<meta property=\"og:title\" content=\"MPF recorre e cobra recupera\u00e7\u00e3o das marginais da BR-101 em SC\" \/>\n<meta property=\"og:description\" content=\"da Ag\u00eancia iNFRA O MPF (Minist\u00e9rio P\u00fablico Federal) recorreu da decis\u00e3o da Justi\u00e7a Federal que negou pedido liminar para obrigar a Uni\u00e3o e o Dnit (Departamento Nacional de Infraestrutura de Transportes) a recuperar, manter e conservar as vias marginais da BR-101 no trecho que passa por Barra Velha, no litoral norte de Santa Catarina. Na [&hellip;]\" \/>\n<meta property=\"og:url\" content=\"https:\/\/agenciainfra.com\/blog\/mpf-recorre-e-cobra-recuperacao-das-marginais-da-br-101-em-sc\/\" \/>\n<meta property=\"og:site_name\" content=\"Ag\u00eancia iNFRA\" \/>\n<meta property=\"article:publisher\" content=\"https:\/\/www.facebook.com\/ageninfra\" \/>\n<meta property=\"article:published_time\" content=\"2026-01-14T17:35:39+00:00\" \/>\n<meta property=\"article:modified_time\" content=\"2026-01-14T17:35:41+00:00\" \/>\n<meta property=\"og:image\" content=\"https:\/\/agenciainfra.com\/blog\/wp-content\/uploads\/2026\/01\/br-101-sul-foto-agencia-brasil.jpg\" \/>\n\t<meta property=\"og:image:width\" content=\"1280\" \/>\n\t<meta property=\"og:image:height\" content=\"766\" \/>\n\t<meta property=\"og:image:type\" content=\"image\/jpeg\" \/>\n<meta name=\"author\" content=\"Ag\u00eancia iNFRA\" \/>\n<meta name=\"twitter:card\" content=\"summary_large_image\" \/>\n<meta name=\"twitter:creator\" content=\"@agencia_infra\" \/>\n<meta name=\"twitter:site\" content=\"@agencia_infra\" \/>\n<meta name=\"twitter:label1\" content=\"Escrito por\" \/>\n\t<meta name=\"twitter:data1\" content=\"Ag\u00eancia iNFRA\" \/>\n\t<meta name=\"twitter:label2\" content=\"Est. tempo de leitura\" \/>\n\t<meta name=\"twitter:data2\" content=\"2 minutos\" \/>\n<script type=\"application\/ld+json\" class=\"yoast-schema-graph\">{\"@context\":\"https:\/\/schema.org\",\"@graph\":[{\"@type\":\"Article\",\"@id\":\"https:\/\/agenciainfra.com\/blog\/mpf-recorre-e-cobra-recuperacao-das-marginais-da-br-101-em-sc\/#article\",\"isPartOf\":{\"@id\":\"https:\/\/agenciainfra.com\/blog\/mpf-recorre-e-cobra-recuperacao-das-marginais-da-br-101-em-sc\/\"},\"author\":{\"name\":\"Ag\u00eancia iNFRA\",\"@id\":\"https:\/\/agenciainfra.com\/blog\/#\/schema\/person\/34af08dff6adea4cb22b06612ba7acfa\"},\"headline\":\"MPF recorre e cobra recupera\u00e7\u00e3o das marginais da BR-101 em SC\",\"datePublished\":\"2026-01-14T17:35:39+00:00\",\"dateModified\":\"2026-01-14T17:35:41+00:00\",\"mainEntityOfPage\":{\"@id\":\"https:\/\/agenciainfra.com\/blog\/mpf-recorre-e-cobra-recuperacao-das-marginais-da-br-101-em-sc\/\"},\"wordCount\":370,\"publisher\":{\"@id\":\"https:\/\/agenciainfra.com\/blog\/#organization\"},\"image\":{\"@id\":\"https:\/\/agenciainfra.com\/blog\/mpf-recorre-e-cobra-recuperacao-das-marginais-da-br-101-em-sc\/#primaryimage\"},\"thumbnailUrl\":\"https:\/\/agenciainfra.com\/blog\/wp-content\/uploads\/2026\/01\/br-101-sul-foto-agencia-brasil.jpg\",\"keywords\":[\"barra velha\",\"BR-101\",\"Carlos Augusto de Amorim Dutra\",\"DNIT\",\"Justi\u00e7a Federal\",\"MPF\",\"Santa Catarina\"],\"articleSection\":[\"Giro iNFRA\"],\"inLanguage\":\"pt-BR\",\"copyrightYear\":\"2026\",\"copyrightHolder\":{\"@id\":\"https:\/\/agenciainfra.com\/blog\/#organization\"}},{\"@type\":\"WebPage\",\"@id\":\"https:\/\/agenciainfra.com\/blog\/mpf-recorre-e-cobra-recuperacao-das-marginais-da-br-101-em-sc\/\",\"url\":\"https:\/\/agenciainfra.com\/blog\/mpf-recorre-e-cobra-recuperacao-das-marginais-da-br-101-em-sc\/\",\"name\":\"MPF recorre e cobra recupera\u00e7\u00e3o das marginais da BR-101 em SC - Ag\u00eancia iNFRA\",\"isPartOf\":{\"@id\":\"https:\/\/agenciainfra.com\/blog\/#website\"},\"primaryImageOfPage\":{\"@id\":\"https:\/\/agenciainfra.com\/blog\/mpf-recorre-e-cobra-recuperacao-das-marginais-da-br-101-em-sc\/#primaryimage\"},\"image\":{\"@id\":\"https:\/\/agenciainfra.com\/blog\/mpf-recorre-e-cobra-recuperacao-das-marginais-da-br-101-em-sc\/#primaryimage\"},\"thumbnailUrl\":\"https:\/\/agenciainfra.com\/blog\/wp-content\/uploads\/2026\/01\/br-101-sul-foto-agencia-brasil.jpg\",\"datePublished\":\"2026-01-14T17:35:39+00:00\",\"dateModified\":\"2026-01-14T17:35:41+00:00\",\"breadcrumb\":{\"@id\":\"https:\/\/agenciainfra.com\/blog\/mpf-recorre-e-cobra-recuperacao-das-marginais-da-br-101-em-sc\/#breadcrumb\"},\"inLanguage\":\"pt-BR\",\"potentialAction\":[{\"@type\":\"ReadAction\",\"target\":[\"https:\/\/agenciainfra.com\/blog\/mpf-recorre-e-cobra-recuperacao-das-marginais-da-br-101-em-sc\/\"]}]},{\"@type\":\"ImageObject\",\"inLanguage\":\"pt-BR\",\"@id\":\"https:\/\/agenciainfra.com\/blog\/mpf-recorre-e-cobra-recuperacao-das-marginais-da-br-101-em-sc\/#primaryimage\",\"url\":\"https:\/\/agenciainfra.com\/blog\/wp-content\/uploads\/2026\/01\/br-101-sul-foto-agencia-brasil.jpg\",\"contentUrl\":\"https:\/\/agenciainfra.com\/blog\/wp-content\/uploads\/2026\/01\/br-101-sul-foto-agencia-brasil.jpg\",\"width\":1280,\"height\":766,\"caption\":\"Foto: Ag\u00eancia Brasil\"},{\"@type\":\"BreadcrumbList\",\"@id\":\"https:\/\/agenciainfra.com\/blog\/mpf-recorre-e-cobra-recuperacao-das-marginais-da-br-101-em-sc\/#breadcrumb\",\"itemListElement\":[{\"@type\":\"ListItem\",\"position\":1,\"name\":\"In\u00edcio\",\"item\":\"https:\/\/agenciainfra.com\/blog\/\"},{\"@type\":\"ListItem\",\"position\":2,\"name\":\"MPF recorre e cobra recupera\u00e7\u00e3o das marginais da BR-101 em SC\"}]},{\"@type\":\"WebSite\",\"@id\":\"https:\/\/agenciainfra.com\/blog\/#website\",\"url\":\"https:\/\/agenciainfra.com\/blog\/\",\"name\":\"Ag\u00eancia iNFRA\",\"description\":\"Multiplataforma de informa\u00e7\u00e3o jornal\u00edstica refer\u00eancia na \u00e1rea de infraestrutura no Brasil!\",\"publisher\":{\"@id\":\"https:\/\/agenciainfra.com\/blog\/#organization\"},\"potentialAction\":[{\"@type\":\"SearchAction\",\"target\":{\"@type\":\"EntryPoint\",\"urlTemplate\":\"https:\/\/agenciainfra.com\/blog\/?s={search_term_string}\"},\"query-input\":{\"@type\":\"PropertyValueSpecification\",\"valueRequired\":true,\"valueName\":\"search_term_string\"}}],\"inLanguage\":\"pt-BR\"},{\"@type\":\"Organization\",\"@id\":\"https:\/\/agenciainfra.com\/blog\/#organization\",\"name\":\"Ag\u00eancia iNFRA\",\"url\":\"https:\/\/agenciainfra.com\/blog\/\",\"logo\":{\"@type\":\"ImageObject\",\"inLanguage\":\"pt-BR\",\"@id\":\"https:\/\/agenciainfra.com\/blog\/#\/schema\/logo\/image\/\",\"url\":\"https:\/\/agenciainfra.com\/blog\/wp-content\/uploads\/2023\/09\/iNFRA_5-e1761735885940.png\",\"contentUrl\":\"https:\/\/agenciainfra.com\/blog\/wp-content\/uploads\/2023\/09\/iNFRA_5-e1761735885940.png\",\"width\":1672,\"height\":454,\"caption\":\"Ag\u00eancia iNFRA\"},\"image\":{\"@id\":\"https:\/\/agenciainfra.com\/blog\/#\/schema\/logo\/image\/\"},\"sameAs\":[\"https:\/\/www.facebook.com\/ageninfra\",\"https:\/\/x.com\/agencia_infra\",\"https:\/\/www.linkedin.com\/company\/ag\u00eanciainfra\/\",\"https:\/\/www.instagram.com\/agenciainfra\/\"]},{\"@type\":\"Person\",\"@id\":\"https:\/\/agenciainfra.com\/blog\/#\/schema\/person\/34af08dff6adea4cb22b06612ba7acfa\",\"name\":\"Ag\u00eancia iNFRA\",\"image\":{\"@type\":\"ImageObject\",\"inLanguage\":\"pt-BR\",\"@id\":\"https:\/\/agenciainfra.com\/blog\/#\/schema\/person\/image\/\",\"url\":\"https:\/\/secure.gravatar.com\/avatar\/d189e01678f06d8eb84d4e01f08eb848b3fffe3f8443818d3c356c66892f5be8?s=96&d=mm&r=g\",\"contentUrl\":\"https:\/\/secure.gravatar.com\/avatar\/d189e01678f06d8eb84d4e01f08eb848b3fffe3f8443818d3c356c66892f5be8?s=96&d=mm&r=g\",\"caption\":\"Ag\u00eancia iNFRA\"},\"url\":\"https:\/\/agenciainfra.com\/blog\/author\/admin\/\"}]}<\/script>\n<!-- \/ Yoast SEO Premium plugin. -->","yoast_head_json":{"title":"MPF recorre e cobra recupera\u00e7\u00e3o das marginais da BR-101 em SC - Ag\u00eancia iNFRA","robots":{"index":"index","follow":"follow","max-snippet":"max-snippet:-1","max-image-preview":"max-image-preview:large","max-video-preview":"max-video-preview:-1"},"canonical":"https:\/\/agenciainfra.com\/blog\/mpf-recorre-e-cobra-recuperacao-das-marginais-da-br-101-em-sc\/","og_locale":"pt_BR","og_type":"article","og_title":"MPF recorre e cobra recupera\u00e7\u00e3o das marginais da BR-101 em SC","og_description":"da Ag\u00eancia iNFRA O MPF (Minist\u00e9rio P\u00fablico Federal) recorreu da decis\u00e3o da Justi\u00e7a Federal que negou pedido liminar para obrigar a Uni\u00e3o e o Dnit (Departamento Nacional de Infraestrutura de Transportes) a recuperar, manter e conservar as vias marginais da BR-101 no trecho que passa por Barra Velha, no litoral norte de Santa Catarina. Na [&hellip;]","og_url":"https:\/\/agenciainfra.com\/blog\/mpf-recorre-e-cobra-recuperacao-das-marginais-da-br-101-em-sc\/","og_site_name":"Ag\u00eancia iNFRA","article_publisher":"https:\/\/www.facebook.com\/ageninfra","article_published_time":"2026-01-14T17:35:39+00:00","article_modified_time":"2026-01-14T17:35:41+00:00","og_image":[{"width":1280,"height":766,"url":"https:\/\/agenciainfra.com\/blog\/wp-content\/uploads\/2026\/01\/br-101-sul-foto-agencia-brasil.jpg","type":"image\/jpeg"}],"author":"Ag\u00eancia iNFRA","twitter_card":"summary_large_image","twitter_creator":"@agencia_infra","twitter_site":"@agencia_infra","twitter_misc":{"Escrito por":"Ag\u00eancia iNFRA","Est. tempo de leitura":"2 minutos"},"schema":{"@context":"https:\/\/schema.org","@graph":[{"@type":"Article","@id":"https:\/\/agenciainfra.com\/blog\/mpf-recorre-e-cobra-recuperacao-das-marginais-da-br-101-em-sc\/#article","isPartOf":{"@id":"https:\/\/agenciainfra.com\/blog\/mpf-recorre-e-cobra-recuperacao-das-marginais-da-br-101-em-sc\/"},"author":{"name":"Ag\u00eancia iNFRA","@id":"https:\/\/agenciainfra.com\/blog\/#\/schema\/person\/34af08dff6adea4cb22b06612ba7acfa"},"headline":"MPF recorre e cobra recupera\u00e7\u00e3o das marginais da BR-101 em SC","datePublished":"2026-01-14T17:35:39+00:00","dateModified":"2026-01-14T17:35:41+00:00","mainEntityOfPage":{"@id":"https:\/\/agenciainfra.com\/blog\/mpf-recorre-e-cobra-recuperacao-das-marginais-da-br-101-em-sc\/"},"wordCount":370,"publisher":{"@id":"https:\/\/agenciainfra.com\/blog\/#organization"},"image":{"@id":"https:\/\/agenciainfra.com\/blog\/mpf-recorre-e-cobra-recuperacao-das-marginais-da-br-101-em-sc\/#primaryimage"},"thumbnailUrl":"https:\/\/agenciainfra.com\/blog\/wp-content\/uploads\/2026\/01\/br-101-sul-foto-agencia-brasil.jpg","keywords":["barra velha","BR-101","Carlos Augusto de Amorim Dutra","DNIT","Justi\u00e7a Federal","MPF","Santa Catarina"],"articleSection":["Giro iNFRA"],"inLanguage":"pt-BR","copyrightYear":"2026","copyrightHolder":{"@id":"https:\/\/agenciainfra.com\/blog\/#organization"}},{"@type":"WebPage","@id":"https:\/\/agenciainfra.com\/blog\/mpf-recorre-e-cobra-recuperacao-das-marginais-da-br-101-em-sc\/","url":"https:\/\/agenciainfra.com\/blog\/mpf-recorre-e-cobra-recuperacao-das-marginais-da-br-101-em-sc\/","name":"MPF recorre e cobra recupera\u00e7\u00e3o das marginais da BR-101 em SC - Ag\u00eancia iNFRA","isPartOf":{"@id":"https:\/\/agenciainfra.com\/blog\/#website"},"primaryImageOfPage":{"@id":"https:\/\/agenciainfra.com\/blog\/mpf-recorre-e-cobra-recuperacao-das-marginais-da-br-101-em-sc\/#primaryimage"},"image":{"@id":"https:\/\/agenciainfra.com\/blog\/mpf-recorre-e-cobra-recuperacao-das-marginais-da-br-101-em-sc\/#primaryimage"},"thumbnailUrl":"https:\/\/agenciainfra.com\/blog\/wp-content\/uploads\/2026\/01\/br-101-sul-foto-agencia-brasil.jpg","datePublished":"2026-01-14T17:35:39+00:00","dateModified":"2026-01-14T17:35:41+00:00","breadcrumb":{"@id":"https:\/\/agenciainfra.com\/blog\/mpf-recorre-e-cobra-recuperacao-das-marginais-da-br-101-em-sc\/#breadcrumb"},"inLanguage":"pt-BR","potentialAction":[{"@type":"ReadAction","target":["https:\/\/agenciainfra.com\/blog\/mpf-recorre-e-cobra-recuperacao-das-marginais-da-br-101-em-sc\/"]}]},{"@type":"ImageObject","inLanguage":"pt-BR","@id":"https:\/\/agenciainfra.com\/blog\/mpf-recorre-e-cobra-recuperacao-das-marginais-da-br-101-em-sc\/#primaryimage","url":"https:\/\/agenciainfra.com\/blog\/wp-content\/uploads\/2026\/01\/br-101-sul-foto-agencia-brasil.jpg","contentUrl":"https:\/\/agenciainfra.com\/blog\/wp-content\/uploads\/2026\/01\/br-101-sul-foto-agencia-brasil.jpg","width":1280,"height":766,"caption":"Foto: Ag\u00eancia Brasil"},{"@type":"BreadcrumbList","@id":"https:\/\/agenciainfra.com\/blog\/mpf-recorre-e-cobra-recuperacao-das-marginais-da-br-101-em-sc\/#breadcrumb","itemListElement":[{"@type":"ListItem","position":1,"name":"In\u00edcio","item":"https:\/\/agenciainfra.com\/blog\/"},{"@type":"ListItem","position":2,"name":"MPF recorre e cobra recupera\u00e7\u00e3o das marginais da BR-101 em SC"}]},{"@type":"WebSite","@id":"https:\/\/agenciainfra.com\/blog\/#website","url":"https:\/\/agenciainfra.com\/blog\/","name":"Ag\u00eancia iNFRA","description":"Multiplataforma de informa\u00e7\u00e3o jornal\u00edstica refer\u00eancia na \u00e1rea de infraestrutura no Brasil!","publisher":{"@id":"https:\/\/agenciainfra.com\/blog\/#organization"},"potentialAction":[{"@type":"SearchAction","target":{"@type":"EntryPoint","urlTemplate":"https:\/\/agenciainfra.com\/blog\/?s={search_term_string}"},"query-input":{"@type":"PropertyValueSpecification","valueRequired":true,"valueName":"search_term_string"}}],"inLanguage":"pt-BR"},{"@type":"Organization","@id":"https:\/\/agenciainfra.com\/blog\/#organization","name":"Ag\u00eancia iNFRA","url":"https:\/\/agenciainfra.com\/blog\/","logo":{"@type":"ImageObject","inLanguage":"pt-BR","@id":"https:\/\/agenciainfra.com\/blog\/#\/schema\/logo\/image\/","url":"https:\/\/agenciainfra.com\/blog\/wp-content\/uploads\/2023\/09\/iNFRA_5-e1761735885940.png","contentUrl":"https:\/\/agenciainfra.com\/blog\/wp-content\/uploads\/2023\/09\/iNFRA_5-e1761735885940.png","width":1672,"height":454,"caption":"Ag\u00eancia iNFRA"},"image":{"@id":"https:\/\/agenciainfra.com\/blog\/#\/schema\/logo\/image\/"},"sameAs":["https:\/\/www.facebook.com\/ageninfra","https:\/\/x.com\/agencia_infra","https:\/\/www.linkedin.com\/company\/ag\u00eanciainfra\/","https:\/\/www.instagram.com\/agenciainfra\/"]},{"@type":"Person","@id":"https:\/\/agenciainfra.com\/blog\/#\/schema\/person\/34af08dff6adea4cb22b06612ba7acfa","name":"Ag\u00eancia iNFRA","image":{"@type":"ImageObject","inLanguage":"pt-BR","@id":"https:\/\/agenciainfra.com\/blog\/#\/schema\/person\/image\/","url":"https:\/\/secure.gravatar.com\/avatar\/d189e01678f06d8eb84d4e01f08eb848b3fffe3f8443818d3c356c66892f5be8?s=96&d=mm&r=g","contentUrl":"https:\/\/secure.gravatar.com\/avatar\/d189e01678f06d8eb84d4e01f08eb848b3fffe3f8443818d3c356c66892f5be8?s=96&d=mm&r=g","caption":"Ag\u00eancia iNFRA"},"url":"https:\/\/agenciainfra.com\/blog\/author\/admin\/"}]}},"_links":{"self":[{"href":"https:\/\/agenciainfra.com\/blog\/wp-json\/wp\/v2\/posts\/34861","targetHints":{"allow":["GET"]}}],"collection":[{"href":"https:\/\/agenciainfra.com\/blog\/wp-json\/wp\/v2\/posts"}],"about":[{"href":"https:\/\/agenciainfra.com\/blog\/wp-json\/wp\/v2\/types\/post"}],"author":[{"embeddable":true,"href":"https:\/\/agenciainfra.com\/blog\/wp-json\/wp\/v2\/users\/1"}],"replies":[{"embeddable":true,"href":"https:\/\/agenciainfra.com\/blog\/wp-json\/wp\/v2\/comments?post=34861"}],"version-history":[{"count":2,"href":"https:\/\/agenciainfra.com\/blog\/wp-json\/wp\/v2\/posts\/34861\/revisions"}],"predecessor-version":[{"id":34864,"href":"https:\/\/agenciainfra.com\/blog\/wp-json\/wp\/v2\/posts\/34861\/revisions\/34864"}],"wp:featuredmedia":[{"embeddable":true,"href":"https:\/\/agenciainfra.com\/blog\/wp-json\/wp\/v2\/media\/34862"}],"wp:attachment":[{"href":"https:\/\/agenciainfra.com\/blog\/wp-json\/wp\/v2\/media?parent=34861"}],"wp:term":[{"taxonomy":"category","embeddable":true,"href":"https:\/\/agenciainfra.com\/blog\/wp-json\/wp\/v2\/categories?post=34861"},{"taxonomy":"post_tag","embeddable":true,"href":"https:\/\/agenciainfra.com\/blog\/wp-json\/wp\/v2\/tags?post=34861"}],"curies":[{"name":"wp","href":"https:\/\/api.w.org\/{rel}","templated":true}]}}