{"id":34883,"date":"2026-01-14T16:52:08","date_gmt":"2026-01-14T19:52:08","guid":{"rendered":"https:\/\/agenciainfra.com\/blog\/?p=34883"},"modified":"2026-01-14T16:52:10","modified_gmt":"2026-01-14T19:52:10","slug":"neoenergia-conclui-linha-de-transmissao-alto-paranaiba","status":"publish","type":"post","link":"https:\/\/agenciainfra.com\/blog\/neoenergia-conclui-linha-de-transmissao-alto-paranaiba\/","title":{"rendered":"Neoenergia conclui linha de transmiss\u00e3o Alto Parana\u00edba\u00a0"},"content":{"rendered":"\n<p class=\"has-text-align-right\"><strong>da Ag\u00eancia iNFRA<\/strong><\/p>\n\n\n\n<p>A Neoenergia concluiu e colocou em opera\u00e7\u00e3o comercial o \u00faltimo segmento da linha de transmiss\u00e3o Alto Parana\u00edba, ampliando a capacidade de escoamento de energia entre o norte de Minas Gerais e o estado de S\u00e3o Paulo. O empreendimento passa a contribuir com cerca de R$ 432 milh\u00f5es para a RAP (Receita Anual Permitida) da companhia, considerando o conjunto do projeto.<\/p>\n\n\n\n<p>As obras foram finalizadas com anteced\u00eancia superior a 21 meses em rela\u00e7\u00e3o ao prazo regulat\u00f3rio definido pela ANEEL (Ag\u00eancia Nacional de Energia El\u00e9trica) e demandaram investimentos da ordem de R$ 4,3 bilh\u00f5es.&nbsp;<\/p>\n\n\n\n<p>Arrematado no Leil\u00e3o 1\/2022 da ANEEL, o lote Alto Parana\u00edba re\u00fane a maior linha de transmiss\u00e3o do portf\u00f3lio da Neoenergia, com cerca de 1.600 quil\u00f4metros de extens\u00e3o e 3.250 torres. O projeto inclui ainda a implanta\u00e7\u00e3o da subesta\u00e7\u00e3o Ponte Nova 3, em 500 kV, al\u00e9m da amplia\u00e7\u00e3o de outras cinco subesta\u00e7\u00f5es j\u00e1 existentes.<\/p>\n\n\n\n<p>Segundo o CEO da Neoenergia, Eduardo Capelastegui, a entrega do empreendimento reflete o desempenho das equipes envolvidas e o compromisso da empresa com resultados consistentes no setor el\u00e9trico.<\/p>\n","protected":false},"excerpt":{"rendered":"<p>da Ag\u00eancia iNFRA A Neoenergia concluiu e colocou em opera\u00e7\u00e3o comercial o \u00faltimo segmento da linha de transmiss\u00e3o Alto Parana\u00edba, ampliando a capacidade de escoamento de energia entre o norte de Minas Gerais e o estado de S\u00e3o Paulo. O empreendimento passa a contribuir com cerca de R$ 432 milh\u00f5es para a RAP (Receita Anual [&hellip;]<\/p>\n","protected":false},"author":1,"featured_media":7484,"comment_status":"closed","ping_status":"closed","sticky":false,"template":"","format":"standard","meta":{"_monsterinsights_skip_tracking":false,"_monsterinsights_sitenote_active":false,"_monsterinsights_sitenote_note":"","_monsterinsights_sitenote_category":0,"footnotes":""},"categories":[13576],"tags":[17860,53,282,858,593,2222,2969],"class_list":["post-34883","post","type-post","status-publish","format-standard","has-post-thumbnail","hentry","category-giro-infra","tag-alto-parnaiba","tag-aneel","tag-energia-eletrica","tag-leilao-de-transmissao","tag-neoenergia","tag-rap","tag-transmissao"],"yoast_head":"<!-- This site is optimized with the Yoast SEO Premium plugin v25.4 (Yoast SEO v26.0) - https:\/\/yoast.com\/wordpress\/plugins\/seo\/ -->\n<title>Neoenergia conclui linha de transmiss\u00e3o Alto Parana\u00edba\u00a0 - Ag\u00eancia iNFRA<\/title>\n<meta name=\"robots\" content=\"index, follow, max-snippet:-1, max-image-preview:large, max-video-preview:-1\" \/>\n<link rel=\"canonical\" href=\"https:\/\/agenciainfra.com\/blog\/neoenergia-conclui-linha-de-transmissao-alto-paranaiba\/\" \/>\n<meta property=\"og:locale\" content=\"pt_BR\" \/>\n<meta property=\"og:type\" content=\"article\" \/>\n<meta property=\"og:title\" content=\"Neoenergia conclui linha de transmiss\u00e3o Alto Parana\u00edba\u00a0\" \/>\n<meta property=\"og:description\" content=\"da Ag\u00eancia iNFRA A Neoenergia concluiu e colocou em opera\u00e7\u00e3o comercial o \u00faltimo segmento da linha de transmiss\u00e3o Alto Parana\u00edba, ampliando a capacidade de escoamento de energia entre o norte de Minas Gerais e o estado de S\u00e3o Paulo. O empreendimento passa a contribuir com cerca de R$ 432 milh\u00f5es para a RAP (Receita Anual [&hellip;]\" \/>\n<meta property=\"og:url\" content=\"https:\/\/agenciainfra.com\/blog\/neoenergia-conclui-linha-de-transmissao-alto-paranaiba\/\" \/>\n<meta property=\"og:site_name\" content=\"Ag\u00eancia iNFRA\" \/>\n<meta property=\"article:publisher\" content=\"https:\/\/www.facebook.com\/ageninfra\" \/>\n<meta property=\"article:published_time\" content=\"2026-01-14T19:52:08+00:00\" \/>\n<meta property=\"article:modified_time\" content=\"2026-01-14T19:52:10+00:00\" \/>\n<meta property=\"og:image\" content=\"https:\/\/agenciainfra.com\/blog\/wp-content\/uploads\/2021\/06\/torre-transmissao-foto-dominio-publico.jpeg\" \/>\n\t<meta property=\"og:image:width\" content=\"1280\" \/>\n\t<meta property=\"og:image:height\" content=\"853\" \/>\n\t<meta property=\"og:image:type\" content=\"image\/jpeg\" \/>\n<meta name=\"author\" content=\"Ag\u00eancia iNFRA\" \/>\n<meta name=\"twitter:card\" content=\"summary_large_image\" \/>\n<meta name=\"twitter:creator\" content=\"@agencia_infra\" \/>\n<meta name=\"twitter:site\" content=\"@agencia_infra\" \/>\n<meta name=\"twitter:label1\" content=\"Escrito por\" \/>\n\t<meta name=\"twitter:data1\" content=\"Ag\u00eancia iNFRA\" \/>\n\t<meta name=\"twitter:label2\" content=\"Est. tempo de leitura\" \/>\n\t<meta name=\"twitter:data2\" content=\"1 minuto\" \/>\n<script type=\"application\/ld+json\" class=\"yoast-schema-graph\">{\"@context\":\"https:\/\/schema.org\",\"@graph\":[{\"@type\":\"Article\",\"@id\":\"https:\/\/agenciainfra.com\/blog\/neoenergia-conclui-linha-de-transmissao-alto-paranaiba\/#article\",\"isPartOf\":{\"@id\":\"https:\/\/agenciainfra.com\/blog\/neoenergia-conclui-linha-de-transmissao-alto-paranaiba\/\"},\"author\":{\"name\":\"Ag\u00eancia iNFRA\",\"@id\":\"https:\/\/agenciainfra.com\/blog\/#\/schema\/person\/34af08dff6adea4cb22b06612ba7acfa\"},\"headline\":\"Neoenergia conclui linha de transmiss\u00e3o Alto Parana\u00edba\u00a0\",\"datePublished\":\"2026-01-14T19:52:08+00:00\",\"dateModified\":\"2026-01-14T19:52:10+00:00\",\"mainEntityOfPage\":{\"@id\":\"https:\/\/agenciainfra.com\/blog\/neoenergia-conclui-linha-de-transmissao-alto-paranaiba\/\"},\"wordCount\":203,\"publisher\":{\"@id\":\"https:\/\/agenciainfra.com\/blog\/#organization\"},\"image\":{\"@id\":\"https:\/\/agenciainfra.com\/blog\/neoenergia-conclui-linha-de-transmissao-alto-paranaiba\/#primaryimage\"},\"thumbnailUrl\":\"https:\/\/agenciainfra.com\/blog\/wp-content\/uploads\/2021\/06\/torre-transmissao-foto-dominio-publico-e1770382473431.jpeg\",\"keywords\":[\"Alto Parna\u00edba\",\"ANEEL\",\"energia el\u00e9trica\",\"leil\u00e3o de transmiss\u00e3o\",\"neoenergia\",\"RAP\",\"transmiss\u00e3o\"],\"articleSection\":[\"Giro iNFRA\"],\"inLanguage\":\"pt-BR\",\"copyrightYear\":\"2026\",\"copyrightHolder\":{\"@id\":\"https:\/\/agenciainfra.com\/blog\/#organization\"}},{\"@type\":\"WebPage\",\"@id\":\"https:\/\/agenciainfra.com\/blog\/neoenergia-conclui-linha-de-transmissao-alto-paranaiba\/\",\"url\":\"https:\/\/agenciainfra.com\/blog\/neoenergia-conclui-linha-de-transmissao-alto-paranaiba\/\",\"name\":\"Neoenergia conclui linha de transmiss\u00e3o Alto Parana\u00edba\u00a0 - Ag\u00eancia iNFRA\",\"isPartOf\":{\"@id\":\"https:\/\/agenciainfra.com\/blog\/#website\"},\"primaryImageOfPage\":{\"@id\":\"https:\/\/agenciainfra.com\/blog\/neoenergia-conclui-linha-de-transmissao-alto-paranaiba\/#primaryimage\"},\"image\":{\"@id\":\"https:\/\/agenciainfra.com\/blog\/neoenergia-conclui-linha-de-transmissao-alto-paranaiba\/#primaryimage\"},\"thumbnailUrl\":\"https:\/\/agenciainfra.com\/blog\/wp-content\/uploads\/2021\/06\/torre-transmissao-foto-dominio-publico-e1770382473431.jpeg\",\"datePublished\":\"2026-01-14T19:52:08+00:00\",\"dateModified\":\"2026-01-14T19:52:10+00:00\",\"breadcrumb\":{\"@id\":\"https:\/\/agenciainfra.com\/blog\/neoenergia-conclui-linha-de-transmissao-alto-paranaiba\/#breadcrumb\"},\"inLanguage\":\"pt-BR\",\"potentialAction\":[{\"@type\":\"ReadAction\",\"target\":[\"https:\/\/agenciainfra.com\/blog\/neoenergia-conclui-linha-de-transmissao-alto-paranaiba\/\"]}]},{\"@type\":\"ImageObject\",\"inLanguage\":\"pt-BR\",\"@id\":\"https:\/\/agenciainfra.com\/blog\/neoenergia-conclui-linha-de-transmissao-alto-paranaiba\/#primaryimage\",\"url\":\"https:\/\/agenciainfra.com\/blog\/wp-content\/uploads\/2021\/06\/torre-transmissao-foto-dominio-publico-e1770382473431.jpeg\",\"contentUrl\":\"https:\/\/agenciainfra.com\/blog\/wp-content\/uploads\/2021\/06\/torre-transmissao-foto-dominio-publico-e1770382473431.jpeg\",\"width\":1280,\"height\":780,\"caption\":\"Foto: Dom\u00ednio P\u00fablico\"},{\"@type\":\"BreadcrumbList\",\"@id\":\"https:\/\/agenciainfra.com\/blog\/neoenergia-conclui-linha-de-transmissao-alto-paranaiba\/#breadcrumb\",\"itemListElement\":[{\"@type\":\"ListItem\",\"position\":1,\"name\":\"In\u00edcio\",\"item\":\"https:\/\/agenciainfra.com\/blog\/\"},{\"@type\":\"ListItem\",\"position\":2,\"name\":\"Neoenergia conclui linha de transmiss\u00e3o Alto Parana\u00edba\u00a0\"}]},{\"@type\":\"WebSite\",\"@id\":\"https:\/\/agenciainfra.com\/blog\/#website\",\"url\":\"https:\/\/agenciainfra.com\/blog\/\",\"name\":\"Ag\u00eancia iNFRA\",\"description\":\"Multiplataforma de informa\u00e7\u00e3o jornal\u00edstica refer\u00eancia na \u00e1rea de infraestrutura no Brasil!\",\"publisher\":{\"@id\":\"https:\/\/agenciainfra.com\/blog\/#organization\"},\"potentialAction\":[{\"@type\":\"SearchAction\",\"target\":{\"@type\":\"EntryPoint\",\"urlTemplate\":\"https:\/\/agenciainfra.com\/blog\/?s={search_term_string}\"},\"query-input\":{\"@type\":\"PropertyValueSpecification\",\"valueRequired\":true,\"valueName\":\"search_term_string\"}}],\"inLanguage\":\"pt-BR\"},{\"@type\":\"Organization\",\"@id\":\"https:\/\/agenciainfra.com\/blog\/#organization\",\"name\":\"Ag\u00eancia iNFRA\",\"url\":\"https:\/\/agenciainfra.com\/blog\/\",\"logo\":{\"@type\":\"ImageObject\",\"inLanguage\":\"pt-BR\",\"@id\":\"https:\/\/agenciainfra.com\/blog\/#\/schema\/logo\/image\/\",\"url\":\"https:\/\/agenciainfra.com\/blog\/wp-content\/uploads\/2023\/09\/iNFRA_5-e1761735885940.png\",\"contentUrl\":\"https:\/\/agenciainfra.com\/blog\/wp-content\/uploads\/2023\/09\/iNFRA_5-e1761735885940.png\",\"width\":1672,\"height\":454,\"caption\":\"Ag\u00eancia iNFRA\"},\"image\":{\"@id\":\"https:\/\/agenciainfra.com\/blog\/#\/schema\/logo\/image\/\"},\"sameAs\":[\"https:\/\/www.facebook.com\/ageninfra\",\"https:\/\/x.com\/agencia_infra\",\"https:\/\/www.linkedin.com\/company\/ag\u00eanciainfra\/\",\"https:\/\/www.instagram.com\/agenciainfra\/\"]},{\"@type\":\"Person\",\"@id\":\"https:\/\/agenciainfra.com\/blog\/#\/schema\/person\/34af08dff6adea4cb22b06612ba7acfa\",\"name\":\"Ag\u00eancia iNFRA\",\"image\":{\"@type\":\"ImageObject\",\"inLanguage\":\"pt-BR\",\"@id\":\"https:\/\/agenciainfra.com\/blog\/#\/schema\/person\/image\/\",\"url\":\"https:\/\/secure.gravatar.com\/avatar\/d189e01678f06d8eb84d4e01f08eb848b3fffe3f8443818d3c356c66892f5be8?s=96&d=mm&r=g\",\"contentUrl\":\"https:\/\/secure.gravatar.com\/avatar\/d189e01678f06d8eb84d4e01f08eb848b3fffe3f8443818d3c356c66892f5be8?s=96&d=mm&r=g\",\"caption\":\"Ag\u00eancia iNFRA\"},\"url\":\"https:\/\/agenciainfra.com\/blog\/author\/admin\/\"}]}<\/script>\n<!-- \/ Yoast SEO Premium plugin. -->","yoast_head_json":{"title":"Neoenergia conclui linha de transmiss\u00e3o Alto Parana\u00edba\u00a0 - Ag\u00eancia iNFRA","robots":{"index":"index","follow":"follow","max-snippet":"max-snippet:-1","max-image-preview":"max-image-preview:large","max-video-preview":"max-video-preview:-1"},"canonical":"https:\/\/agenciainfra.com\/blog\/neoenergia-conclui-linha-de-transmissao-alto-paranaiba\/","og_locale":"pt_BR","og_type":"article","og_title":"Neoenergia conclui linha de transmiss\u00e3o Alto Parana\u00edba\u00a0","og_description":"da Ag\u00eancia iNFRA A Neoenergia concluiu e colocou em opera\u00e7\u00e3o comercial o \u00faltimo segmento da linha de transmiss\u00e3o Alto Parana\u00edba, ampliando a capacidade de escoamento de energia entre o norte de Minas Gerais e o estado de S\u00e3o Paulo. O empreendimento passa a contribuir com cerca de R$ 432 milh\u00f5es para a RAP (Receita Anual [&hellip;]","og_url":"https:\/\/agenciainfra.com\/blog\/neoenergia-conclui-linha-de-transmissao-alto-paranaiba\/","og_site_name":"Ag\u00eancia iNFRA","article_publisher":"https:\/\/www.facebook.com\/ageninfra","article_published_time":"2026-01-14T19:52:08+00:00","article_modified_time":"2026-01-14T19:52:10+00:00","og_image":[{"width":1280,"height":853,"url":"https:\/\/agenciainfra.com\/blog\/wp-content\/uploads\/2021\/06\/torre-transmissao-foto-dominio-publico.jpeg","type":"image\/jpeg"}],"author":"Ag\u00eancia iNFRA","twitter_card":"summary_large_image","twitter_creator":"@agencia_infra","twitter_site":"@agencia_infra","twitter_misc":{"Escrito por":"Ag\u00eancia iNFRA","Est. tempo de leitura":"1 minuto"},"schema":{"@context":"https:\/\/schema.org","@graph":[{"@type":"Article","@id":"https:\/\/agenciainfra.com\/blog\/neoenergia-conclui-linha-de-transmissao-alto-paranaiba\/#article","isPartOf":{"@id":"https:\/\/agenciainfra.com\/blog\/neoenergia-conclui-linha-de-transmissao-alto-paranaiba\/"},"author":{"name":"Ag\u00eancia iNFRA","@id":"https:\/\/agenciainfra.com\/blog\/#\/schema\/person\/34af08dff6adea4cb22b06612ba7acfa"},"headline":"Neoenergia conclui linha de transmiss\u00e3o Alto Parana\u00edba\u00a0","datePublished":"2026-01-14T19:52:08+00:00","dateModified":"2026-01-14T19:52:10+00:00","mainEntityOfPage":{"@id":"https:\/\/agenciainfra.com\/blog\/neoenergia-conclui-linha-de-transmissao-alto-paranaiba\/"},"wordCount":203,"publisher":{"@id":"https:\/\/agenciainfra.com\/blog\/#organization"},"image":{"@id":"https:\/\/agenciainfra.com\/blog\/neoenergia-conclui-linha-de-transmissao-alto-paranaiba\/#primaryimage"},"thumbnailUrl":"https:\/\/agenciainfra.com\/blog\/wp-content\/uploads\/2021\/06\/torre-transmissao-foto-dominio-publico-e1770382473431.jpeg","keywords":["Alto Parna\u00edba","ANEEL","energia el\u00e9trica","leil\u00e3o de transmiss\u00e3o","neoenergia","RAP","transmiss\u00e3o"],"articleSection":["Giro iNFRA"],"inLanguage":"pt-BR","copyrightYear":"2026","copyrightHolder":{"@id":"https:\/\/agenciainfra.com\/blog\/#organization"}},{"@type":"WebPage","@id":"https:\/\/agenciainfra.com\/blog\/neoenergia-conclui-linha-de-transmissao-alto-paranaiba\/","url":"https:\/\/agenciainfra.com\/blog\/neoenergia-conclui-linha-de-transmissao-alto-paranaiba\/","name":"Neoenergia conclui linha de transmiss\u00e3o Alto Parana\u00edba\u00a0 - Ag\u00eancia iNFRA","isPartOf":{"@id":"https:\/\/agenciainfra.com\/blog\/#website"},"primaryImageOfPage":{"@id":"https:\/\/agenciainfra.com\/blog\/neoenergia-conclui-linha-de-transmissao-alto-paranaiba\/#primaryimage"},"image":{"@id":"https:\/\/agenciainfra.com\/blog\/neoenergia-conclui-linha-de-transmissao-alto-paranaiba\/#primaryimage"},"thumbnailUrl":"https:\/\/agenciainfra.com\/blog\/wp-content\/uploads\/2021\/06\/torre-transmissao-foto-dominio-publico-e1770382473431.jpeg","datePublished":"2026-01-14T19:52:08+00:00","dateModified":"2026-01-14T19:52:10+00:00","breadcrumb":{"@id":"https:\/\/agenciainfra.com\/blog\/neoenergia-conclui-linha-de-transmissao-alto-paranaiba\/#breadcrumb"},"inLanguage":"pt-BR","potentialAction":[{"@type":"ReadAction","target":["https:\/\/agenciainfra.com\/blog\/neoenergia-conclui-linha-de-transmissao-alto-paranaiba\/"]}]},{"@type":"ImageObject","inLanguage":"pt-BR","@id":"https:\/\/agenciainfra.com\/blog\/neoenergia-conclui-linha-de-transmissao-alto-paranaiba\/#primaryimage","url":"https:\/\/agenciainfra.com\/blog\/wp-content\/uploads\/2021\/06\/torre-transmissao-foto-dominio-publico-e1770382473431.jpeg","contentUrl":"https:\/\/agenciainfra.com\/blog\/wp-content\/uploads\/2021\/06\/torre-transmissao-foto-dominio-publico-e1770382473431.jpeg","width":1280,"height":780,"caption":"Foto: Dom\u00ednio P\u00fablico"},{"@type":"BreadcrumbList","@id":"https:\/\/agenciainfra.com\/blog\/neoenergia-conclui-linha-de-transmissao-alto-paranaiba\/#breadcrumb","itemListElement":[{"@type":"ListItem","position":1,"name":"In\u00edcio","item":"https:\/\/agenciainfra.com\/blog\/"},{"@type":"ListItem","position":2,"name":"Neoenergia conclui linha de transmiss\u00e3o Alto Parana\u00edba\u00a0"}]},{"@type":"WebSite","@id":"https:\/\/agenciainfra.com\/blog\/#website","url":"https:\/\/agenciainfra.com\/blog\/","name":"Ag\u00eancia iNFRA","description":"Multiplataforma de informa\u00e7\u00e3o jornal\u00edstica refer\u00eancia na \u00e1rea de infraestrutura no Brasil!","publisher":{"@id":"https:\/\/agenciainfra.com\/blog\/#organization"},"potentialAction":[{"@type":"SearchAction","target":{"@type":"EntryPoint","urlTemplate":"https:\/\/agenciainfra.com\/blog\/?s={search_term_string}"},"query-input":{"@type":"PropertyValueSpecification","valueRequired":true,"valueName":"search_term_string"}}],"inLanguage":"pt-BR"},{"@type":"Organization","@id":"https:\/\/agenciainfra.com\/blog\/#organization","name":"Ag\u00eancia iNFRA","url":"https:\/\/agenciainfra.com\/blog\/","logo":{"@type":"ImageObject","inLanguage":"pt-BR","@id":"https:\/\/agenciainfra.com\/blog\/#\/schema\/logo\/image\/","url":"https:\/\/agenciainfra.com\/blog\/wp-content\/uploads\/2023\/09\/iNFRA_5-e1761735885940.png","contentUrl":"https:\/\/agenciainfra.com\/blog\/wp-content\/uploads\/2023\/09\/iNFRA_5-e1761735885940.png","width":1672,"height":454,"caption":"Ag\u00eancia iNFRA"},"image":{"@id":"https:\/\/agenciainfra.com\/blog\/#\/schema\/logo\/image\/"},"sameAs":["https:\/\/www.facebook.com\/ageninfra","https:\/\/x.com\/agencia_infra","https:\/\/www.linkedin.com\/company\/ag\u00eanciainfra\/","https:\/\/www.instagram.com\/agenciainfra\/"]},{"@type":"Person","@id":"https:\/\/agenciainfra.com\/blog\/#\/schema\/person\/34af08dff6adea4cb22b06612ba7acfa","name":"Ag\u00eancia iNFRA","image":{"@type":"ImageObject","inLanguage":"pt-BR","@id":"https:\/\/agenciainfra.com\/blog\/#\/schema\/person\/image\/","url":"https:\/\/secure.gravatar.com\/avatar\/d189e01678f06d8eb84d4e01f08eb848b3fffe3f8443818d3c356c66892f5be8?s=96&d=mm&r=g","contentUrl":"https:\/\/secure.gravatar.com\/avatar\/d189e01678f06d8eb84d4e01f08eb848b3fffe3f8443818d3c356c66892f5be8?s=96&d=mm&r=g","caption":"Ag\u00eancia iNFRA"},"url":"https:\/\/agenciainfra.com\/blog\/author\/admin\/"}]}},"_links":{"self":[{"href":"https:\/\/agenciainfra.com\/blog\/wp-json\/wp\/v2\/posts\/34883","targetHints":{"allow":["GET"]}}],"collection":[{"href":"https:\/\/agenciainfra.com\/blog\/wp-json\/wp\/v2\/posts"}],"about":[{"href":"https:\/\/agenciainfra.com\/blog\/wp-json\/wp\/v2\/types\/post"}],"author":[{"embeddable":true,"href":"https:\/\/agenciainfra.com\/blog\/wp-json\/wp\/v2\/users\/1"}],"replies":[{"embeddable":true,"href":"https:\/\/agenciainfra.com\/blog\/wp-json\/wp\/v2\/comments?post=34883"}],"version-history":[{"count":1,"href":"https:\/\/agenciainfra.com\/blog\/wp-json\/wp\/v2\/posts\/34883\/revisions"}],"predecessor-version":[{"id":34884,"href":"https:\/\/agenciainfra.com\/blog\/wp-json\/wp\/v2\/posts\/34883\/revisions\/34884"}],"wp:featuredmedia":[{"embeddable":true,"href":"https:\/\/agenciainfra.com\/blog\/wp-json\/wp\/v2\/media\/7484"}],"wp:attachment":[{"href":"https:\/\/agenciainfra.com\/blog\/wp-json\/wp\/v2\/media?parent=34883"}],"wp:term":[{"taxonomy":"category","embeddable":true,"href":"https:\/\/agenciainfra.com\/blog\/wp-json\/wp\/v2\/categories?post=34883"},{"taxonomy":"post_tag","embeddable":true,"href":"https:\/\/agenciainfra.com\/blog\/wp-json\/wp\/v2\/tags?post=34883"}],"curies":[{"name":"wp","href":"https:\/\/api.w.org\/{rel}","templated":true}]}}