{"id":3494,"date":"2019-07-17T08:00:39","date_gmt":"2019-07-17T11:00:39","guid":{"rendered":"http:\/\/www.agenciainfra.com\/blog\/?p=3451"},"modified":"2019-07-17T08:00:39","modified_gmt":"2019-07-17T11:00:39","slug":"em-audiencia-diretor-da-antt-aponta-falta-de-pessoal-para-operar-concessoes-previstas","status":"publish","type":"post","link":"https:\/\/agenciainfra.com\/blog\/em-audiencia-diretor-da-antt-aponta-falta-de-pessoal-para-operar-concessoes-previstas\/","title":{"rendered":"Em audi\u00eancia, diretor da ANTT aponta falta de pessoal para operar concess\u00f5es previstas"},"content":{"rendered":"<div>\n<h5 style=\"text-align: right;\"><strong>Tales Silveira, da Ag\u00eancia iNFRA<\/strong><\/h5>\n<p>A terceira reuni\u00e3o da Comiss\u00e3o Mistas destinada a debater a MP (Medida Provis\u00f3ria) 882 que reconfigura o PPI (Programa de Parcerias de Investimentos), realizada na \u00faltima quinta-feira (11), tratou das atribui\u00e7\u00f5es e compet\u00eancias de fiscaliza\u00e7\u00e3o das Ag\u00eancias Reguladoras com \u00eanfase na ANTT (Ag\u00eancia Nacional de Transportes Terrestres), na ANTAQ (Ag\u00eancia Nacional de Transportes Aquavi\u00e1rios) e na ANAC (Ag\u00eancia Nacional de Avia\u00e7\u00e3o Civil).<\/p>\n<p>Foram apresentados os andamentos das concess\u00f5es individuais de cada ag\u00eancia. O diretor-geral da ANTT, M\u00e1rio Rodrigues J\u00fanior, pediu a aten\u00e7\u00e3o ao quadro de funcion\u00e1rios da ag\u00eancia. \u201cJ\u00e1 temos mais de 20 concess\u00f5es rodovi\u00e1rias e vamos ter mais 8 delas. Temos 5 concess\u00f5es de ferrovias e ainda vamos criar mais duas. Nosso quadro atualmente \u00e9 muito capacitado, mas o aumento da demanda tem que vir atrelado ao aumento do n\u00famero de funcion\u00e1rios.\u201d<\/p>\n<p>Al\u00e9m das ag\u00eancias, o encontro contou com representantes do Cosentrans\u00a0(Conselho Nacional de Secret\u00e1rios de Transportes), da EPL (Empresa de Planejamento e Log\u00edstica), da Anetrans\u00a0(Associa\u00e7\u00e3o Nacional de Empresas de Engenharia Consultiva de Infraestrutura de Transportes) e da Caixa Econ\u00f4mica Federal.<\/p>\n<p><strong>Fus\u00e3o das Ag\u00eancias<\/strong><br \/>\nDurante a audi\u00eancia, os senadores questionaram\u00a0ANTT e\u00a0ANTAQ sobre a poss\u00edvel edi\u00e7\u00e3o da MP que funde as duas ag\u00eancias e repassa para outros \u00f3rg\u00e3os, entre eles o BNDES (Banco Nacional de Desenvolvimento Econ\u00f4mico e Social) e a EPL, as decis\u00f5es sobre concess\u00f5es.<\/p>\n<p>Tanto a ANTT quanto a ANTAQ foram contr\u00e1rias \u00e0 fus\u00e3o. Segundo o diretor da ANTAQ Francisval Mendes, a ideia de criar uma fus\u00e3o adv\u00e9m de uma falta de conhecimento jur\u00eddico do governo.<\/p>\n<p>\u201cSou contr\u00e1rio a essa fus\u00e3o, n\u00e3o s\u00f3 por for\u00e7a de vontade pr\u00f3pria, mas dentro da estrutura doutrin\u00e1ria brasileira. Quando colocam assuntos dessa natureza, se esquecem de aprofundar em estudos o que evitaria muitos desgastes.\u201d<\/p>\n<p><strong>Outras atribui\u00e7\u00f5es da 882<\/strong><br \/>\nA MP 882 tamb\u00e9m amplia a esfera de responsabilidades do DNIT (Departamento Nacional de Infraestrutura de Transportes) e reformula o funcionamento do Contran (Conselho Nacional de Tr\u00e2nsito).<\/p>\n<p>Al\u00e9m disso, a medida incorpora compet\u00eancias do Conit\u00a0(Conselho Nacional de Integra\u00e7\u00e3o de Pol\u00edticas de Transporte) ao Conselho do PPI. Tudo isso com o objetivo de propor medidas que propiciem a integra\u00e7\u00e3o dos modos de transporte e harmoniza\u00e7\u00e3o das pol\u00edticas setoriais.<\/p>\n<\/div>\n","protected":false},"excerpt":{"rendered":"<p>Tales Silveira, da Ag\u00eancia iNFRA A terceira reuni\u00e3o da Comiss\u00e3o Mistas destinada a debater a MP (Medida Provis\u00f3ria) 882 que reconfigura o PPI (Programa de Parcerias de Investimentos), realizada na \u00faltima quinta-feira (11), tratou das atribui\u00e7\u00f5es e compet\u00eancias de fiscaliza\u00e7\u00e3o das Ag\u00eancias Reguladoras com \u00eanfase na ANTT (Ag\u00eancia Nacional de Transportes Terrestres), na ANTAQ (Ag\u00eancia [&hellip;]<\/p>\n","protected":false},"author":9,"featured_media":3452,"comment_status":"closed","ping_status":"closed","sticky":false,"template":"","format":"standard","meta":{"_monsterinsights_skip_tracking":false,"_monsterinsights_sitenote_active":false,"_monsterinsights_sitenote_note":"","_monsterinsights_sitenote_category":0,"footnotes":""},"categories":[7],"tags":[242,86,19,967,786],"class_list":["post-3494","post","type-post","status-publish","format-standard","has-post-thumbnail","hentry","category-infratransporte","tag-anac","tag-antaq","tag-antt","tag-mp-882","tag-programa-de-parcerias-de-investimentos"],"yoast_head":"<!-- This site is optimized with the Yoast SEO Premium plugin v25.4 (Yoast SEO v26.0) - https:\/\/yoast.com\/wordpress\/plugins\/seo\/ -->\n<title>Em audi\u00eancia, diretor da ANTT aponta falta de pessoal para operar concess\u00f5es previstas - Ag\u00eancia iNFRA<\/title>\n<meta name=\"robots\" content=\"index, follow, max-snippet:-1, max-image-preview:large, max-video-preview:-1\" \/>\n<link rel=\"canonical\" href=\"https:\/\/agenciainfra.com\/blog\/em-audiencia-diretor-da-antt-aponta-falta-de-pessoal-para-operar-concessoes-previstas\/\" \/>\n<meta property=\"og:locale\" content=\"pt_BR\" \/>\n<meta property=\"og:type\" content=\"article\" \/>\n<meta property=\"og:title\" content=\"Em audi\u00eancia, diretor da ANTT aponta falta de pessoal para operar concess\u00f5es previstas\" \/>\n<meta property=\"og:description\" content=\"Tales Silveira, da Ag\u00eancia iNFRA A terceira reuni\u00e3o da Comiss\u00e3o Mistas destinada a debater a MP (Medida Provis\u00f3ria) 882 que reconfigura o PPI (Programa de Parcerias de Investimentos), realizada na \u00faltima quinta-feira (11), tratou das atribui\u00e7\u00f5es e compet\u00eancias de fiscaliza\u00e7\u00e3o das Ag\u00eancias Reguladoras com \u00eanfase na ANTT (Ag\u00eancia Nacional de Transportes Terrestres), na ANTAQ (Ag\u00eancia [&hellip;]\" \/>\n<meta property=\"og:url\" content=\"https:\/\/agenciainfra.com\/blog\/em-audiencia-diretor-da-antt-aponta-falta-de-pessoal-para-operar-concessoes-previstas\/\" \/>\n<meta property=\"og:site_name\" content=\"Ag\u00eancia iNFRA\" \/>\n<meta property=\"article:publisher\" content=\"https:\/\/www.facebook.com\/ageninfra\" \/>\n<meta property=\"article:published_time\" content=\"2019-07-17T11:00:39+00:00\" \/>\n<meta property=\"og:image\" content=\"https:\/\/agenciainfra.com\/blog\/wp-content\/uploads\/2019\/07\/mario-rodrigues-foto-geraldo-magela-agencia-senado-1.jpg\" \/>\n\t<meta property=\"og:image:width\" content=\"1280\" \/>\n\t<meta property=\"og:image:height\" content=\"853\" \/>\n\t<meta property=\"og:image:type\" content=\"image\/jpeg\" \/>\n<meta name=\"author\" content=\"Rodrigo Zuquim\" \/>\n<meta name=\"twitter:card\" content=\"summary_large_image\" \/>\n<meta name=\"twitter:creator\" content=\"@agencia_infra\" \/>\n<meta name=\"twitter:site\" content=\"@agencia_infra\" \/>\n<meta name=\"twitter:label1\" content=\"Escrito por\" \/>\n\t<meta name=\"twitter:data1\" content=\"Rodrigo Zuquim\" \/>\n\t<meta name=\"twitter:label2\" content=\"Est. tempo de leitura\" \/>\n\t<meta name=\"twitter:data2\" content=\"2 minutos\" \/>\n<script type=\"application\/ld+json\" class=\"yoast-schema-graph\">{\"@context\":\"https:\/\/schema.org\",\"@graph\":[{\"@type\":\"Article\",\"@id\":\"https:\/\/agenciainfra.com\/blog\/em-audiencia-diretor-da-antt-aponta-falta-de-pessoal-para-operar-concessoes-previstas\/#article\",\"isPartOf\":{\"@id\":\"https:\/\/agenciainfra.com\/blog\/em-audiencia-diretor-da-antt-aponta-falta-de-pessoal-para-operar-concessoes-previstas\/\"},\"author\":{\"name\":\"Rodrigo Zuquim\",\"@id\":\"https:\/\/agenciainfra.com\/blog\/#\/schema\/person\/04dbb79bd6d8951f063da71f3e4c1eb1\"},\"headline\":\"Em audi\u00eancia, diretor da ANTT aponta falta de pessoal para operar concess\u00f5es previstas\",\"datePublished\":\"2019-07-17T11:00:39+00:00\",\"mainEntityOfPage\":{\"@id\":\"https:\/\/agenciainfra.com\/blog\/em-audiencia-diretor-da-antt-aponta-falta-de-pessoal-para-operar-concessoes-previstas\/\"},\"wordCount\":431,\"publisher\":{\"@id\":\"https:\/\/agenciainfra.com\/blog\/#organization\"},\"image\":{\"@id\":\"https:\/\/agenciainfra.com\/blog\/em-audiencia-diretor-da-antt-aponta-falta-de-pessoal-para-operar-concessoes-previstas\/#primaryimage\"},\"thumbnailUrl\":\"https:\/\/agenciainfra.com\/blog\/wp-content\/uploads\/2019\/07\/mario-rodrigues-foto-geraldo-magela-agencia-senado-1.jpg\",\"keywords\":[\"ANAC\",\"ANTAQ\",\"ANTT\",\"MP 882\",\"Programa de Parcerias de Investimentos\"],\"articleSection\":[\"iNFRATransporte\"],\"inLanguage\":\"pt-BR\",\"copyrightYear\":\"2019\",\"copyrightHolder\":{\"@id\":\"https:\/\/agenciainfra.com\/blog\/#organization\"}},{\"@type\":\"WebPage\",\"@id\":\"https:\/\/agenciainfra.com\/blog\/em-audiencia-diretor-da-antt-aponta-falta-de-pessoal-para-operar-concessoes-previstas\/\",\"url\":\"https:\/\/agenciainfra.com\/blog\/em-audiencia-diretor-da-antt-aponta-falta-de-pessoal-para-operar-concessoes-previstas\/\",\"name\":\"Em audi\u00eancia, diretor da ANTT aponta falta de pessoal para operar concess\u00f5es previstas - Ag\u00eancia iNFRA\",\"isPartOf\":{\"@id\":\"https:\/\/agenciainfra.com\/blog\/#website\"},\"primaryImageOfPage\":{\"@id\":\"https:\/\/agenciainfra.com\/blog\/em-audiencia-diretor-da-antt-aponta-falta-de-pessoal-para-operar-concessoes-previstas\/#primaryimage\"},\"image\":{\"@id\":\"https:\/\/agenciainfra.com\/blog\/em-audiencia-diretor-da-antt-aponta-falta-de-pessoal-para-operar-concessoes-previstas\/#primaryimage\"},\"thumbnailUrl\":\"https:\/\/agenciainfra.com\/blog\/wp-content\/uploads\/2019\/07\/mario-rodrigues-foto-geraldo-magela-agencia-senado-1.jpg\",\"datePublished\":\"2019-07-17T11:00:39+00:00\",\"breadcrumb\":{\"@id\":\"https:\/\/agenciainfra.com\/blog\/em-audiencia-diretor-da-antt-aponta-falta-de-pessoal-para-operar-concessoes-previstas\/#breadcrumb\"},\"inLanguage\":\"pt-BR\",\"potentialAction\":[{\"@type\":\"ReadAction\",\"target\":[\"https:\/\/agenciainfra.com\/blog\/em-audiencia-diretor-da-antt-aponta-falta-de-pessoal-para-operar-concessoes-previstas\/\"]}]},{\"@type\":\"ImageObject\",\"inLanguage\":\"pt-BR\",\"@id\":\"https:\/\/agenciainfra.com\/blog\/em-audiencia-diretor-da-antt-aponta-falta-de-pessoal-para-operar-concessoes-previstas\/#primaryimage\",\"url\":\"https:\/\/agenciainfra.com\/blog\/wp-content\/uploads\/2019\/07\/mario-rodrigues-foto-geraldo-magela-agencia-senado-1.jpg\",\"contentUrl\":\"https:\/\/agenciainfra.com\/blog\/wp-content\/uploads\/2019\/07\/mario-rodrigues-foto-geraldo-magela-agencia-senado-1.jpg\",\"width\":1280,\"height\":853},{\"@type\":\"BreadcrumbList\",\"@id\":\"https:\/\/agenciainfra.com\/blog\/em-audiencia-diretor-da-antt-aponta-falta-de-pessoal-para-operar-concessoes-previstas\/#breadcrumb\",\"itemListElement\":[{\"@type\":\"ListItem\",\"position\":1,\"name\":\"In\u00edcio\",\"item\":\"https:\/\/agenciainfra.com\/blog\/\"},{\"@type\":\"ListItem\",\"position\":2,\"name\":\"Em audi\u00eancia, diretor da ANTT aponta falta de pessoal para operar concess\u00f5es previstas\"}]},{\"@type\":\"WebSite\",\"@id\":\"https:\/\/agenciainfra.com\/blog\/#website\",\"url\":\"https:\/\/agenciainfra.com\/blog\/\",\"name\":\"Ag\u00eancia iNFRA\",\"description\":\"Multiplataforma de informa\u00e7\u00e3o jornal\u00edstica refer\u00eancia na \u00e1rea de infraestrutura no Brasil!\",\"publisher\":{\"@id\":\"https:\/\/agenciainfra.com\/blog\/#organization\"},\"potentialAction\":[{\"@type\":\"SearchAction\",\"target\":{\"@type\":\"EntryPoint\",\"urlTemplate\":\"https:\/\/agenciainfra.com\/blog\/?s={search_term_string}\"},\"query-input\":{\"@type\":\"PropertyValueSpecification\",\"valueRequired\":true,\"valueName\":\"search_term_string\"}}],\"inLanguage\":\"pt-BR\"},{\"@type\":\"Organization\",\"@id\":\"https:\/\/agenciainfra.com\/blog\/#organization\",\"name\":\"Ag\u00eancia iNFRA\",\"url\":\"https:\/\/agenciainfra.com\/blog\/\",\"logo\":{\"@type\":\"ImageObject\",\"inLanguage\":\"pt-BR\",\"@id\":\"https:\/\/agenciainfra.com\/blog\/#\/schema\/logo\/image\/\",\"url\":\"https:\/\/agenciainfra.com\/blog\/wp-content\/uploads\/2023\/09\/iNFRA_5-e1761735885940.png\",\"contentUrl\":\"https:\/\/agenciainfra.com\/blog\/wp-content\/uploads\/2023\/09\/iNFRA_5-e1761735885940.png\",\"width\":1672,\"height\":454,\"caption\":\"Ag\u00eancia iNFRA\"},\"image\":{\"@id\":\"https:\/\/agenciainfra.com\/blog\/#\/schema\/logo\/image\/\"},\"sameAs\":[\"https:\/\/www.facebook.com\/ageninfra\",\"https:\/\/x.com\/agencia_infra\",\"https:\/\/www.linkedin.com\/company\/ag\u00eanciainfra\/\",\"https:\/\/www.instagram.com\/agenciainfra\/\"]},{\"@type\":\"Person\",\"@id\":\"https:\/\/agenciainfra.com\/blog\/#\/schema\/person\/04dbb79bd6d8951f063da71f3e4c1eb1\",\"name\":\"Rodrigo Zuquim\",\"image\":{\"@type\":\"ImageObject\",\"inLanguage\":\"pt-BR\",\"@id\":\"https:\/\/agenciainfra.com\/blog\/#\/schema\/person\/image\/\",\"url\":\"https:\/\/secure.gravatar.com\/avatar\/594abfe82761d620726242ff34ca472a705a4b97f16c790053a6b4c4035274d0?s=96&d=mm&r=g\",\"contentUrl\":\"https:\/\/secure.gravatar.com\/avatar\/594abfe82761d620726242ff34ca472a705a4b97f16c790053a6b4c4035274d0?s=96&d=mm&r=g\",\"caption\":\"Rodrigo Zuquim\"},\"url\":\"https:\/\/agenciainfra.com\/blog\/author\/rodrigo-zuquim\/\"}]}<\/script>\n<!-- \/ Yoast SEO Premium plugin. -->","yoast_head_json":{"title":"Em audi\u00eancia, diretor da ANTT aponta falta de pessoal para operar concess\u00f5es previstas - Ag\u00eancia iNFRA","robots":{"index":"index","follow":"follow","max-snippet":"max-snippet:-1","max-image-preview":"max-image-preview:large","max-video-preview":"max-video-preview:-1"},"canonical":"https:\/\/agenciainfra.com\/blog\/em-audiencia-diretor-da-antt-aponta-falta-de-pessoal-para-operar-concessoes-previstas\/","og_locale":"pt_BR","og_type":"article","og_title":"Em audi\u00eancia, diretor da ANTT aponta falta de pessoal para operar concess\u00f5es previstas","og_description":"Tales Silveira, da Ag\u00eancia iNFRA A terceira reuni\u00e3o da Comiss\u00e3o Mistas destinada a debater a MP (Medida Provis\u00f3ria) 882 que reconfigura o PPI (Programa de Parcerias de Investimentos), realizada na \u00faltima quinta-feira (11), tratou das atribui\u00e7\u00f5es e compet\u00eancias de fiscaliza\u00e7\u00e3o das Ag\u00eancias Reguladoras com \u00eanfase na ANTT (Ag\u00eancia Nacional de Transportes Terrestres), na ANTAQ (Ag\u00eancia [&hellip;]","og_url":"https:\/\/agenciainfra.com\/blog\/em-audiencia-diretor-da-antt-aponta-falta-de-pessoal-para-operar-concessoes-previstas\/","og_site_name":"Ag\u00eancia iNFRA","article_publisher":"https:\/\/www.facebook.com\/ageninfra","article_published_time":"2019-07-17T11:00:39+00:00","og_image":[{"width":1280,"height":853,"url":"https:\/\/agenciainfra.com\/blog\/wp-content\/uploads\/2019\/07\/mario-rodrigues-foto-geraldo-magela-agencia-senado-1.jpg","type":"image\/jpeg"}],"author":"Rodrigo Zuquim","twitter_card":"summary_large_image","twitter_creator":"@agencia_infra","twitter_site":"@agencia_infra","twitter_misc":{"Escrito por":"Rodrigo Zuquim","Est. tempo de leitura":"2 minutos"},"schema":{"@context":"https:\/\/schema.org","@graph":[{"@type":"Article","@id":"https:\/\/agenciainfra.com\/blog\/em-audiencia-diretor-da-antt-aponta-falta-de-pessoal-para-operar-concessoes-previstas\/#article","isPartOf":{"@id":"https:\/\/agenciainfra.com\/blog\/em-audiencia-diretor-da-antt-aponta-falta-de-pessoal-para-operar-concessoes-previstas\/"},"author":{"name":"Rodrigo Zuquim","@id":"https:\/\/agenciainfra.com\/blog\/#\/schema\/person\/04dbb79bd6d8951f063da71f3e4c1eb1"},"headline":"Em audi\u00eancia, diretor da ANTT aponta falta de pessoal para operar concess\u00f5es previstas","datePublished":"2019-07-17T11:00:39+00:00","mainEntityOfPage":{"@id":"https:\/\/agenciainfra.com\/blog\/em-audiencia-diretor-da-antt-aponta-falta-de-pessoal-para-operar-concessoes-previstas\/"},"wordCount":431,"publisher":{"@id":"https:\/\/agenciainfra.com\/blog\/#organization"},"image":{"@id":"https:\/\/agenciainfra.com\/blog\/em-audiencia-diretor-da-antt-aponta-falta-de-pessoal-para-operar-concessoes-previstas\/#primaryimage"},"thumbnailUrl":"https:\/\/agenciainfra.com\/blog\/wp-content\/uploads\/2019\/07\/mario-rodrigues-foto-geraldo-magela-agencia-senado-1.jpg","keywords":["ANAC","ANTAQ","ANTT","MP 882","Programa de Parcerias de Investimentos"],"articleSection":["iNFRATransporte"],"inLanguage":"pt-BR","copyrightYear":"2019","copyrightHolder":{"@id":"https:\/\/agenciainfra.com\/blog\/#organization"}},{"@type":"WebPage","@id":"https:\/\/agenciainfra.com\/blog\/em-audiencia-diretor-da-antt-aponta-falta-de-pessoal-para-operar-concessoes-previstas\/","url":"https:\/\/agenciainfra.com\/blog\/em-audiencia-diretor-da-antt-aponta-falta-de-pessoal-para-operar-concessoes-previstas\/","name":"Em audi\u00eancia, diretor da ANTT aponta falta de pessoal para operar concess\u00f5es previstas - Ag\u00eancia iNFRA","isPartOf":{"@id":"https:\/\/agenciainfra.com\/blog\/#website"},"primaryImageOfPage":{"@id":"https:\/\/agenciainfra.com\/blog\/em-audiencia-diretor-da-antt-aponta-falta-de-pessoal-para-operar-concessoes-previstas\/#primaryimage"},"image":{"@id":"https:\/\/agenciainfra.com\/blog\/em-audiencia-diretor-da-antt-aponta-falta-de-pessoal-para-operar-concessoes-previstas\/#primaryimage"},"thumbnailUrl":"https:\/\/agenciainfra.com\/blog\/wp-content\/uploads\/2019\/07\/mario-rodrigues-foto-geraldo-magela-agencia-senado-1.jpg","datePublished":"2019-07-17T11:00:39+00:00","breadcrumb":{"@id":"https:\/\/agenciainfra.com\/blog\/em-audiencia-diretor-da-antt-aponta-falta-de-pessoal-para-operar-concessoes-previstas\/#breadcrumb"},"inLanguage":"pt-BR","potentialAction":[{"@type":"ReadAction","target":["https:\/\/agenciainfra.com\/blog\/em-audiencia-diretor-da-antt-aponta-falta-de-pessoal-para-operar-concessoes-previstas\/"]}]},{"@type":"ImageObject","inLanguage":"pt-BR","@id":"https:\/\/agenciainfra.com\/blog\/em-audiencia-diretor-da-antt-aponta-falta-de-pessoal-para-operar-concessoes-previstas\/#primaryimage","url":"https:\/\/agenciainfra.com\/blog\/wp-content\/uploads\/2019\/07\/mario-rodrigues-foto-geraldo-magela-agencia-senado-1.jpg","contentUrl":"https:\/\/agenciainfra.com\/blog\/wp-content\/uploads\/2019\/07\/mario-rodrigues-foto-geraldo-magela-agencia-senado-1.jpg","width":1280,"height":853},{"@type":"BreadcrumbList","@id":"https:\/\/agenciainfra.com\/blog\/em-audiencia-diretor-da-antt-aponta-falta-de-pessoal-para-operar-concessoes-previstas\/#breadcrumb","itemListElement":[{"@type":"ListItem","position":1,"name":"In\u00edcio","item":"https:\/\/agenciainfra.com\/blog\/"},{"@type":"ListItem","position":2,"name":"Em audi\u00eancia, diretor da ANTT aponta falta de pessoal para operar concess\u00f5es previstas"}]},{"@type":"WebSite","@id":"https:\/\/agenciainfra.com\/blog\/#website","url":"https:\/\/agenciainfra.com\/blog\/","name":"Ag\u00eancia iNFRA","description":"Multiplataforma de informa\u00e7\u00e3o jornal\u00edstica refer\u00eancia na \u00e1rea de infraestrutura no Brasil!","publisher":{"@id":"https:\/\/agenciainfra.com\/blog\/#organization"},"potentialAction":[{"@type":"SearchAction","target":{"@type":"EntryPoint","urlTemplate":"https:\/\/agenciainfra.com\/blog\/?s={search_term_string}"},"query-input":{"@type":"PropertyValueSpecification","valueRequired":true,"valueName":"search_term_string"}}],"inLanguage":"pt-BR"},{"@type":"Organization","@id":"https:\/\/agenciainfra.com\/blog\/#organization","name":"Ag\u00eancia iNFRA","url":"https:\/\/agenciainfra.com\/blog\/","logo":{"@type":"ImageObject","inLanguage":"pt-BR","@id":"https:\/\/agenciainfra.com\/blog\/#\/schema\/logo\/image\/","url":"https:\/\/agenciainfra.com\/blog\/wp-content\/uploads\/2023\/09\/iNFRA_5-e1761735885940.png","contentUrl":"https:\/\/agenciainfra.com\/blog\/wp-content\/uploads\/2023\/09\/iNFRA_5-e1761735885940.png","width":1672,"height":454,"caption":"Ag\u00eancia iNFRA"},"image":{"@id":"https:\/\/agenciainfra.com\/blog\/#\/schema\/logo\/image\/"},"sameAs":["https:\/\/www.facebook.com\/ageninfra","https:\/\/x.com\/agencia_infra","https:\/\/www.linkedin.com\/company\/ag\u00eanciainfra\/","https:\/\/www.instagram.com\/agenciainfra\/"]},{"@type":"Person","@id":"https:\/\/agenciainfra.com\/blog\/#\/schema\/person\/04dbb79bd6d8951f063da71f3e4c1eb1","name":"Rodrigo Zuquim","image":{"@type":"ImageObject","inLanguage":"pt-BR","@id":"https:\/\/agenciainfra.com\/blog\/#\/schema\/person\/image\/","url":"https:\/\/secure.gravatar.com\/avatar\/594abfe82761d620726242ff34ca472a705a4b97f16c790053a6b4c4035274d0?s=96&d=mm&r=g","contentUrl":"https:\/\/secure.gravatar.com\/avatar\/594abfe82761d620726242ff34ca472a705a4b97f16c790053a6b4c4035274d0?s=96&d=mm&r=g","caption":"Rodrigo Zuquim"},"url":"https:\/\/agenciainfra.com\/blog\/author\/rodrigo-zuquim\/"}]}},"_links":{"self":[{"href":"https:\/\/agenciainfra.com\/blog\/wp-json\/wp\/v2\/posts\/3494","targetHints":{"allow":["GET"]}}],"collection":[{"href":"https:\/\/agenciainfra.com\/blog\/wp-json\/wp\/v2\/posts"}],"about":[{"href":"https:\/\/agenciainfra.com\/blog\/wp-json\/wp\/v2\/types\/post"}],"author":[{"embeddable":true,"href":"https:\/\/agenciainfra.com\/blog\/wp-json\/wp\/v2\/users\/9"}],"replies":[{"embeddable":true,"href":"https:\/\/agenciainfra.com\/blog\/wp-json\/wp\/v2\/comments?post=3494"}],"version-history":[{"count":0,"href":"https:\/\/agenciainfra.com\/blog\/wp-json\/wp\/v2\/posts\/3494\/revisions"}],"wp:featuredmedia":[{"embeddable":true,"href":"https:\/\/agenciainfra.com\/blog\/wp-json\/wp\/v2\/media\/3452"}],"wp:attachment":[{"href":"https:\/\/agenciainfra.com\/blog\/wp-json\/wp\/v2\/media?parent=3494"}],"wp:term":[{"taxonomy":"category","embeddable":true,"href":"https:\/\/agenciainfra.com\/blog\/wp-json\/wp\/v2\/categories?post=3494"},{"taxonomy":"post_tag","embeddable":true,"href":"https:\/\/agenciainfra.com\/blog\/wp-json\/wp\/v2\/tags?post=3494"}],"curies":[{"name":"wp","href":"https:\/\/api.w.org\/{rel}","templated":true}]}}