{"id":3496,"date":"2019-07-20T08:00:59","date_gmt":"2019-07-20T11:00:59","guid":{"rendered":"http:\/\/www.agenciainfra.com\/blog\/?p=3460"},"modified":"2019-07-21T00:00:14","modified_gmt":"2019-07-21T03:00:14","slug":"governo-federal-poe-em-audiencia-publica-proposta-para-sua-1a-concessao-rodoviaria-com-outorga","status":"publish","type":"post","link":"https:\/\/agenciainfra.com\/blog\/governo-federal-poe-em-audiencia-publica-proposta-para-sua-1a-concessao-rodoviaria-com-outorga\/","title":{"rendered":"Governo federal p\u00f5e em audi\u00eancia p\u00fablica proposta para sua 1\u00aa concess\u00e3o rodovi\u00e1ria com outorga"},"content":{"rendered":"<div>\n<h5 style=\"text-align: right;\"><strong>Gabriel Tabatcheik e Dimmi Amora, para a\u00a0Ag\u00eancia iNFRA<\/strong><\/h5>\n<p>A diretoria da ANTT\u00a0(Ag\u00eancia Nacional de Transportes Terrestres) aprovou a abertura de\u00a0audi\u00eancia p\u00fablica para discutir a viabilidade de concess\u00e3o de trechos das BR-381 e BR-262, entre Minas Gerais e Esp\u00edrito Santo.<\/p>\n<p>A modelagem proposta para essa concess\u00e3o traz grandes inova\u00e7\u00f5es em rela\u00e7\u00e3o aos modelos j\u00e1 utilizados pelo governo federal em concess\u00f5es rodovi\u00e1rias, entre elas o pagamento de outorga\u00a0como crit\u00e9rio para a defini\u00e7\u00e3o do vencedor da disputa. A ideia geral \u00e9 apresentar o que o governo tem chamado de incentivos corretos para que as concession\u00e1rias cumpram os planos previstos em contrato.<\/p>\n<p>No caso da outorga, o crit\u00e9rio ser\u00e1 uma combina\u00e7\u00e3o entre des\u00e1gio do valor do ped\u00e1gio, que ser\u00e1 limitado a 12%, e a maior outorga apresentada. A ideia \u00e9 buscar modicidade tarif\u00e1ria e garantia de sustentabilidade financeira para a concess\u00e3o.\u00a0Para garantir competi\u00e7\u00e3o na disputa, tamb\u00e9m est\u00e3o sendo reduzidas exig\u00eancias de atestados.<\/p>\n<p>Outra novidade ser\u00e1 a introdu\u00e7\u00e3o de uma outorga vari\u00e1vel a ser paga ao longo da concess\u00e3o, o que vai incluir receitas extraordin\u00e1rias. \u00c9 a partir dessa outorga que o governo vai implantar outra novidade nas concess\u00f5es federais, o mecanismo de prote\u00e7\u00e3o cambial (hedge cambial), o que visa incentivar a participa\u00e7\u00e3o de estrangeiros.<\/p>\n<p><strong>Tarifas diferentes<\/strong><br \/>\nTamb\u00e9m ser\u00e1 apresentado para consulta o modelo de pagamento de ped\u00e1gios diferentes para trechos com pista simples e com pista dupla. Novas obras s\u00f3 v\u00e3o poder ser introduzidas nas revis\u00f5es quinquenais. A concession\u00e1ria ser\u00e1 obrigada a construir dois pontos de paradas para caminhoneiros.<\/p>\n<p>Parte desses mecanismos cumprem uma esp\u00e9cie de acordo firmado com o TCU (Tribunal de Contas da Uni\u00e3o) em audi\u00eancia realizada para a libera\u00e7\u00e3o dessa concess\u00e3o, h\u00e1 cerca de dois meses, o que inclui regras para\u00a0c\u00e1lculo da indeniza\u00e7\u00e3o em casos de extin\u00e7\u00e3o antecipada.<\/p>\n<p>As sess\u00f5es\u00a0presenciais\u00a0est\u00e3o previstas para\u00a0Bras\u00edlia (DF), Vit\u00f3ria (ES), Governador Valadares e Belo Horizonte (MG), informadas\u00a0<a href=\"https:\/\/agenciainfra.us14.list-manage.com\/track\/click?u=d460dd1bcf9ba0ae040e1fc0f&amp;id=78f5e9d005&amp;e=c099169394\" target=\"_blank\" rel=\"noopener noreferrer\" data-saferedirecturl=\"https:\/\/www.google.com\/url?q=https:\/\/agenciainfra.us14.list-manage.com\/track\/click?u%3Dd460dd1bcf9ba0ae040e1fc0f%26id%3D78f5e9d005%26e%3Dc099169394&amp;source=gmail&amp;ust=1563534721114000&amp;usg=AFQjCNHlL7eRBqxoECQrSu-J5EaQbsJTKQ\">neste link<\/a>.<\/p>\n<\/div>\n","protected":false},"excerpt":{"rendered":"<p>Gabriel Tabatcheik e Dimmi Amora, para a\u00a0Ag\u00eancia iNFRA A diretoria da ANTT\u00a0(Ag\u00eancia Nacional de Transportes Terrestres) aprovou a abertura de\u00a0audi\u00eancia p\u00fablica para discutir a viabilidade de concess\u00e3o de trechos das BR-381 e BR-262, entre Minas Gerais e Esp\u00edrito Santo. A modelagem proposta para essa concess\u00e3o traz grandes inova\u00e7\u00f5es em rela\u00e7\u00e3o aos modelos j\u00e1 utilizados pelo [&hellip;]<\/p>\n","protected":false},"author":9,"featured_media":3465,"comment_status":"closed","ping_status":"closed","sticky":false,"template":"","format":"standard","meta":{"_monsterinsights_skip_tracking":false,"_monsterinsights_sitenote_active":false,"_monsterinsights_sitenote_note":"","_monsterinsights_sitenote_category":0,"footnotes":""},"categories":[7],"tags":[19,1135,1136,1137],"class_list":["post-3496","post","type-post","status-publish","format-standard","has-post-thumbnail","hentry","category-infratransporte","tag-antt","tag-br-262","tag-br-381","tag-concessao-rodoviaria"],"yoast_head":"<!-- This site is optimized with the Yoast SEO Premium plugin v25.4 (Yoast SEO v26.0) - https:\/\/yoast.com\/wordpress\/plugins\/seo\/ -->\n<title>Governo federal p\u00f5e em audi\u00eancia p\u00fablica proposta para sua 1\u00aa concess\u00e3o rodovi\u00e1ria com outorga - Ag\u00eancia iNFRA<\/title>\n<meta name=\"robots\" content=\"index, follow, max-snippet:-1, max-image-preview:large, max-video-preview:-1\" \/>\n<link rel=\"canonical\" href=\"https:\/\/agenciainfra.com\/blog\/governo-federal-poe-em-audiencia-publica-proposta-para-sua-1a-concessao-rodoviaria-com-outorga\/\" \/>\n<meta property=\"og:locale\" content=\"pt_BR\" \/>\n<meta property=\"og:type\" content=\"article\" \/>\n<meta property=\"og:title\" content=\"Governo federal p\u00f5e em audi\u00eancia p\u00fablica proposta para sua 1\u00aa concess\u00e3o rodovi\u00e1ria com outorga\" \/>\n<meta property=\"og:description\" content=\"Gabriel Tabatcheik e Dimmi Amora, para a\u00a0Ag\u00eancia iNFRA A diretoria da ANTT\u00a0(Ag\u00eancia Nacional de Transportes Terrestres) aprovou a abertura de\u00a0audi\u00eancia p\u00fablica para discutir a viabilidade de concess\u00e3o de trechos das BR-381 e BR-262, entre Minas Gerais e Esp\u00edrito Santo. A modelagem proposta para essa concess\u00e3o traz grandes inova\u00e7\u00f5es em rela\u00e7\u00e3o aos modelos j\u00e1 utilizados pelo [&hellip;]\" \/>\n<meta property=\"og:url\" content=\"https:\/\/agenciainfra.com\/blog\/governo-federal-poe-em-audiencia-publica-proposta-para-sua-1a-concessao-rodoviaria-com-outorga\/\" \/>\n<meta property=\"og:site_name\" content=\"Ag\u00eancia iNFRA\" \/>\n<meta property=\"article:publisher\" content=\"https:\/\/www.facebook.com\/ageninfra\" \/>\n<meta property=\"article:published_time\" content=\"2019-07-20T11:00:59+00:00\" \/>\n<meta property=\"article:modified_time\" content=\"2019-07-21T03:00:14+00:00\" \/>\n<meta property=\"og:image\" content=\"https:\/\/agenciainfra.com\/blog\/wp-content\/uploads\/2019\/07\/divulgacao-ppi.jpeg\" \/>\n\t<meta property=\"og:image:width\" content=\"1200\" \/>\n\t<meta property=\"og:image:height\" content=\"800\" \/>\n\t<meta property=\"og:image:type\" content=\"image\/jpeg\" \/>\n<meta name=\"author\" content=\"Rodrigo Zuquim\" \/>\n<meta name=\"twitter:card\" content=\"summary_large_image\" \/>\n<meta name=\"twitter:creator\" content=\"@agencia_infra\" \/>\n<meta name=\"twitter:site\" content=\"@agencia_infra\" \/>\n<meta name=\"twitter:label1\" content=\"Escrito por\" \/>\n\t<meta name=\"twitter:data1\" content=\"Rodrigo Zuquim\" \/>\n\t<meta name=\"twitter:label2\" content=\"Est. tempo de leitura\" \/>\n\t<meta name=\"twitter:data2\" content=\"2 minutos\" \/>\n<script type=\"application\/ld+json\" class=\"yoast-schema-graph\">{\"@context\":\"https:\/\/schema.org\",\"@graph\":[{\"@type\":\"Article\",\"@id\":\"https:\/\/agenciainfra.com\/blog\/governo-federal-poe-em-audiencia-publica-proposta-para-sua-1a-concessao-rodoviaria-com-outorga\/#article\",\"isPartOf\":{\"@id\":\"https:\/\/agenciainfra.com\/blog\/governo-federal-poe-em-audiencia-publica-proposta-para-sua-1a-concessao-rodoviaria-com-outorga\/\"},\"author\":{\"name\":\"Rodrigo Zuquim\",\"@id\":\"https:\/\/agenciainfra.com\/blog\/#\/schema\/person\/04dbb79bd6d8951f063da71f3e4c1eb1\"},\"headline\":\"Governo federal p\u00f5e em audi\u00eancia p\u00fablica proposta para sua 1\u00aa concess\u00e3o rodovi\u00e1ria com outorga\",\"datePublished\":\"2019-07-20T11:00:59+00:00\",\"dateModified\":\"2019-07-21T03:00:14+00:00\",\"mainEntityOfPage\":{\"@id\":\"https:\/\/agenciainfra.com\/blog\/governo-federal-poe-em-audiencia-publica-proposta-para-sua-1a-concessao-rodoviaria-com-outorga\/\"},\"wordCount\":374,\"publisher\":{\"@id\":\"https:\/\/agenciainfra.com\/blog\/#organization\"},\"image\":{\"@id\":\"https:\/\/agenciainfra.com\/blog\/governo-federal-poe-em-audiencia-publica-proposta-para-sua-1a-concessao-rodoviaria-com-outorga\/#primaryimage\"},\"thumbnailUrl\":\"https:\/\/agenciainfra.com\/blog\/wp-content\/uploads\/2019\/07\/divulgacao-ppi.jpeg\",\"keywords\":[\"ANTT\",\"BR-262\",\"BR-381\",\"concess\u00e3o rodovi\u00e1ria\"],\"articleSection\":[\"iNFRATransporte\"],\"inLanguage\":\"pt-BR\",\"copyrightYear\":\"2019\",\"copyrightHolder\":{\"@id\":\"https:\/\/agenciainfra.com\/blog\/#organization\"}},{\"@type\":\"WebPage\",\"@id\":\"https:\/\/agenciainfra.com\/blog\/governo-federal-poe-em-audiencia-publica-proposta-para-sua-1a-concessao-rodoviaria-com-outorga\/\",\"url\":\"https:\/\/agenciainfra.com\/blog\/governo-federal-poe-em-audiencia-publica-proposta-para-sua-1a-concessao-rodoviaria-com-outorga\/\",\"name\":\"Governo federal p\u00f5e em audi\u00eancia p\u00fablica proposta para sua 1\u00aa concess\u00e3o rodovi\u00e1ria com outorga - Ag\u00eancia iNFRA\",\"isPartOf\":{\"@id\":\"https:\/\/agenciainfra.com\/blog\/#website\"},\"primaryImageOfPage\":{\"@id\":\"https:\/\/agenciainfra.com\/blog\/governo-federal-poe-em-audiencia-publica-proposta-para-sua-1a-concessao-rodoviaria-com-outorga\/#primaryimage\"},\"image\":{\"@id\":\"https:\/\/agenciainfra.com\/blog\/governo-federal-poe-em-audiencia-publica-proposta-para-sua-1a-concessao-rodoviaria-com-outorga\/#primaryimage\"},\"thumbnailUrl\":\"https:\/\/agenciainfra.com\/blog\/wp-content\/uploads\/2019\/07\/divulgacao-ppi.jpeg\",\"datePublished\":\"2019-07-20T11:00:59+00:00\",\"dateModified\":\"2019-07-21T03:00:14+00:00\",\"breadcrumb\":{\"@id\":\"https:\/\/agenciainfra.com\/blog\/governo-federal-poe-em-audiencia-publica-proposta-para-sua-1a-concessao-rodoviaria-com-outorga\/#breadcrumb\"},\"inLanguage\":\"pt-BR\",\"potentialAction\":[{\"@type\":\"ReadAction\",\"target\":[\"https:\/\/agenciainfra.com\/blog\/governo-federal-poe-em-audiencia-publica-proposta-para-sua-1a-concessao-rodoviaria-com-outorga\/\"]}]},{\"@type\":\"ImageObject\",\"inLanguage\":\"pt-BR\",\"@id\":\"https:\/\/agenciainfra.com\/blog\/governo-federal-poe-em-audiencia-publica-proposta-para-sua-1a-concessao-rodoviaria-com-outorga\/#primaryimage\",\"url\":\"https:\/\/agenciainfra.com\/blog\/wp-content\/uploads\/2019\/07\/divulgacao-ppi.jpeg\",\"contentUrl\":\"https:\/\/agenciainfra.com\/blog\/wp-content\/uploads\/2019\/07\/divulgacao-ppi.jpeg\",\"width\":1200,\"height\":800},{\"@type\":\"BreadcrumbList\",\"@id\":\"https:\/\/agenciainfra.com\/blog\/governo-federal-poe-em-audiencia-publica-proposta-para-sua-1a-concessao-rodoviaria-com-outorga\/#breadcrumb\",\"itemListElement\":[{\"@type\":\"ListItem\",\"position\":1,\"name\":\"In\u00edcio\",\"item\":\"https:\/\/agenciainfra.com\/blog\/\"},{\"@type\":\"ListItem\",\"position\":2,\"name\":\"Governo federal p\u00f5e em audi\u00eancia p\u00fablica proposta para sua 1\u00aa concess\u00e3o rodovi\u00e1ria com outorga\"}]},{\"@type\":\"WebSite\",\"@id\":\"https:\/\/agenciainfra.com\/blog\/#website\",\"url\":\"https:\/\/agenciainfra.com\/blog\/\",\"name\":\"Ag\u00eancia iNFRA\",\"description\":\"Multiplataforma de informa\u00e7\u00e3o jornal\u00edstica refer\u00eancia na \u00e1rea de infraestrutura no Brasil!\",\"publisher\":{\"@id\":\"https:\/\/agenciainfra.com\/blog\/#organization\"},\"potentialAction\":[{\"@type\":\"SearchAction\",\"target\":{\"@type\":\"EntryPoint\",\"urlTemplate\":\"https:\/\/agenciainfra.com\/blog\/?s={search_term_string}\"},\"query-input\":{\"@type\":\"PropertyValueSpecification\",\"valueRequired\":true,\"valueName\":\"search_term_string\"}}],\"inLanguage\":\"pt-BR\"},{\"@type\":\"Organization\",\"@id\":\"https:\/\/agenciainfra.com\/blog\/#organization\",\"name\":\"Ag\u00eancia iNFRA\",\"url\":\"https:\/\/agenciainfra.com\/blog\/\",\"logo\":{\"@type\":\"ImageObject\",\"inLanguage\":\"pt-BR\",\"@id\":\"https:\/\/agenciainfra.com\/blog\/#\/schema\/logo\/image\/\",\"url\":\"https:\/\/agenciainfra.com\/blog\/wp-content\/uploads\/2023\/09\/iNFRA_5-e1761735885940.png\",\"contentUrl\":\"https:\/\/agenciainfra.com\/blog\/wp-content\/uploads\/2023\/09\/iNFRA_5-e1761735885940.png\",\"width\":1672,\"height\":454,\"caption\":\"Ag\u00eancia iNFRA\"},\"image\":{\"@id\":\"https:\/\/agenciainfra.com\/blog\/#\/schema\/logo\/image\/\"},\"sameAs\":[\"https:\/\/www.facebook.com\/ageninfra\",\"https:\/\/x.com\/agencia_infra\",\"https:\/\/www.linkedin.com\/company\/ag\u00eanciainfra\/\",\"https:\/\/www.instagram.com\/agenciainfra\/\"]},{\"@type\":\"Person\",\"@id\":\"https:\/\/agenciainfra.com\/blog\/#\/schema\/person\/04dbb79bd6d8951f063da71f3e4c1eb1\",\"name\":\"Rodrigo Zuquim\",\"image\":{\"@type\":\"ImageObject\",\"inLanguage\":\"pt-BR\",\"@id\":\"https:\/\/agenciainfra.com\/blog\/#\/schema\/person\/image\/\",\"url\":\"https:\/\/secure.gravatar.com\/avatar\/594abfe82761d620726242ff34ca472a705a4b97f16c790053a6b4c4035274d0?s=96&d=mm&r=g\",\"contentUrl\":\"https:\/\/secure.gravatar.com\/avatar\/594abfe82761d620726242ff34ca472a705a4b97f16c790053a6b4c4035274d0?s=96&d=mm&r=g\",\"caption\":\"Rodrigo Zuquim\"},\"url\":\"https:\/\/agenciainfra.com\/blog\/author\/rodrigo-zuquim\/\"}]}<\/script>\n<!-- \/ Yoast SEO Premium plugin. -->","yoast_head_json":{"title":"Governo federal p\u00f5e em audi\u00eancia p\u00fablica proposta para sua 1\u00aa concess\u00e3o rodovi\u00e1ria com outorga - Ag\u00eancia iNFRA","robots":{"index":"index","follow":"follow","max-snippet":"max-snippet:-1","max-image-preview":"max-image-preview:large","max-video-preview":"max-video-preview:-1"},"canonical":"https:\/\/agenciainfra.com\/blog\/governo-federal-poe-em-audiencia-publica-proposta-para-sua-1a-concessao-rodoviaria-com-outorga\/","og_locale":"pt_BR","og_type":"article","og_title":"Governo federal p\u00f5e em audi\u00eancia p\u00fablica proposta para sua 1\u00aa concess\u00e3o rodovi\u00e1ria com outorga","og_description":"Gabriel Tabatcheik e Dimmi Amora, para a\u00a0Ag\u00eancia iNFRA A diretoria da ANTT\u00a0(Ag\u00eancia Nacional de Transportes Terrestres) aprovou a abertura de\u00a0audi\u00eancia p\u00fablica para discutir a viabilidade de concess\u00e3o de trechos das BR-381 e BR-262, entre Minas Gerais e Esp\u00edrito Santo. A modelagem proposta para essa concess\u00e3o traz grandes inova\u00e7\u00f5es em rela\u00e7\u00e3o aos modelos j\u00e1 utilizados pelo [&hellip;]","og_url":"https:\/\/agenciainfra.com\/blog\/governo-federal-poe-em-audiencia-publica-proposta-para-sua-1a-concessao-rodoviaria-com-outorga\/","og_site_name":"Ag\u00eancia iNFRA","article_publisher":"https:\/\/www.facebook.com\/ageninfra","article_published_time":"2019-07-20T11:00:59+00:00","article_modified_time":"2019-07-21T03:00:14+00:00","og_image":[{"width":1200,"height":800,"url":"https:\/\/agenciainfra.com\/blog\/wp-content\/uploads\/2019\/07\/divulgacao-ppi.jpeg","type":"image\/jpeg"}],"author":"Rodrigo Zuquim","twitter_card":"summary_large_image","twitter_creator":"@agencia_infra","twitter_site":"@agencia_infra","twitter_misc":{"Escrito por":"Rodrigo Zuquim","Est. tempo de leitura":"2 minutos"},"schema":{"@context":"https:\/\/schema.org","@graph":[{"@type":"Article","@id":"https:\/\/agenciainfra.com\/blog\/governo-federal-poe-em-audiencia-publica-proposta-para-sua-1a-concessao-rodoviaria-com-outorga\/#article","isPartOf":{"@id":"https:\/\/agenciainfra.com\/blog\/governo-federal-poe-em-audiencia-publica-proposta-para-sua-1a-concessao-rodoviaria-com-outorga\/"},"author":{"name":"Rodrigo Zuquim","@id":"https:\/\/agenciainfra.com\/blog\/#\/schema\/person\/04dbb79bd6d8951f063da71f3e4c1eb1"},"headline":"Governo federal p\u00f5e em audi\u00eancia p\u00fablica proposta para sua 1\u00aa concess\u00e3o rodovi\u00e1ria com outorga","datePublished":"2019-07-20T11:00:59+00:00","dateModified":"2019-07-21T03:00:14+00:00","mainEntityOfPage":{"@id":"https:\/\/agenciainfra.com\/blog\/governo-federal-poe-em-audiencia-publica-proposta-para-sua-1a-concessao-rodoviaria-com-outorga\/"},"wordCount":374,"publisher":{"@id":"https:\/\/agenciainfra.com\/blog\/#organization"},"image":{"@id":"https:\/\/agenciainfra.com\/blog\/governo-federal-poe-em-audiencia-publica-proposta-para-sua-1a-concessao-rodoviaria-com-outorga\/#primaryimage"},"thumbnailUrl":"https:\/\/agenciainfra.com\/blog\/wp-content\/uploads\/2019\/07\/divulgacao-ppi.jpeg","keywords":["ANTT","BR-262","BR-381","concess\u00e3o rodovi\u00e1ria"],"articleSection":["iNFRATransporte"],"inLanguage":"pt-BR","copyrightYear":"2019","copyrightHolder":{"@id":"https:\/\/agenciainfra.com\/blog\/#organization"}},{"@type":"WebPage","@id":"https:\/\/agenciainfra.com\/blog\/governo-federal-poe-em-audiencia-publica-proposta-para-sua-1a-concessao-rodoviaria-com-outorga\/","url":"https:\/\/agenciainfra.com\/blog\/governo-federal-poe-em-audiencia-publica-proposta-para-sua-1a-concessao-rodoviaria-com-outorga\/","name":"Governo federal p\u00f5e em audi\u00eancia p\u00fablica proposta para sua 1\u00aa concess\u00e3o rodovi\u00e1ria com outorga - Ag\u00eancia iNFRA","isPartOf":{"@id":"https:\/\/agenciainfra.com\/blog\/#website"},"primaryImageOfPage":{"@id":"https:\/\/agenciainfra.com\/blog\/governo-federal-poe-em-audiencia-publica-proposta-para-sua-1a-concessao-rodoviaria-com-outorga\/#primaryimage"},"image":{"@id":"https:\/\/agenciainfra.com\/blog\/governo-federal-poe-em-audiencia-publica-proposta-para-sua-1a-concessao-rodoviaria-com-outorga\/#primaryimage"},"thumbnailUrl":"https:\/\/agenciainfra.com\/blog\/wp-content\/uploads\/2019\/07\/divulgacao-ppi.jpeg","datePublished":"2019-07-20T11:00:59+00:00","dateModified":"2019-07-21T03:00:14+00:00","breadcrumb":{"@id":"https:\/\/agenciainfra.com\/blog\/governo-federal-poe-em-audiencia-publica-proposta-para-sua-1a-concessao-rodoviaria-com-outorga\/#breadcrumb"},"inLanguage":"pt-BR","potentialAction":[{"@type":"ReadAction","target":["https:\/\/agenciainfra.com\/blog\/governo-federal-poe-em-audiencia-publica-proposta-para-sua-1a-concessao-rodoviaria-com-outorga\/"]}]},{"@type":"ImageObject","inLanguage":"pt-BR","@id":"https:\/\/agenciainfra.com\/blog\/governo-federal-poe-em-audiencia-publica-proposta-para-sua-1a-concessao-rodoviaria-com-outorga\/#primaryimage","url":"https:\/\/agenciainfra.com\/blog\/wp-content\/uploads\/2019\/07\/divulgacao-ppi.jpeg","contentUrl":"https:\/\/agenciainfra.com\/blog\/wp-content\/uploads\/2019\/07\/divulgacao-ppi.jpeg","width":1200,"height":800},{"@type":"BreadcrumbList","@id":"https:\/\/agenciainfra.com\/blog\/governo-federal-poe-em-audiencia-publica-proposta-para-sua-1a-concessao-rodoviaria-com-outorga\/#breadcrumb","itemListElement":[{"@type":"ListItem","position":1,"name":"In\u00edcio","item":"https:\/\/agenciainfra.com\/blog\/"},{"@type":"ListItem","position":2,"name":"Governo federal p\u00f5e em audi\u00eancia p\u00fablica proposta para sua 1\u00aa concess\u00e3o rodovi\u00e1ria com outorga"}]},{"@type":"WebSite","@id":"https:\/\/agenciainfra.com\/blog\/#website","url":"https:\/\/agenciainfra.com\/blog\/","name":"Ag\u00eancia iNFRA","description":"Multiplataforma de informa\u00e7\u00e3o jornal\u00edstica refer\u00eancia na \u00e1rea de infraestrutura no Brasil!","publisher":{"@id":"https:\/\/agenciainfra.com\/blog\/#organization"},"potentialAction":[{"@type":"SearchAction","target":{"@type":"EntryPoint","urlTemplate":"https:\/\/agenciainfra.com\/blog\/?s={search_term_string}"},"query-input":{"@type":"PropertyValueSpecification","valueRequired":true,"valueName":"search_term_string"}}],"inLanguage":"pt-BR"},{"@type":"Organization","@id":"https:\/\/agenciainfra.com\/blog\/#organization","name":"Ag\u00eancia iNFRA","url":"https:\/\/agenciainfra.com\/blog\/","logo":{"@type":"ImageObject","inLanguage":"pt-BR","@id":"https:\/\/agenciainfra.com\/blog\/#\/schema\/logo\/image\/","url":"https:\/\/agenciainfra.com\/blog\/wp-content\/uploads\/2023\/09\/iNFRA_5-e1761735885940.png","contentUrl":"https:\/\/agenciainfra.com\/blog\/wp-content\/uploads\/2023\/09\/iNFRA_5-e1761735885940.png","width":1672,"height":454,"caption":"Ag\u00eancia iNFRA"},"image":{"@id":"https:\/\/agenciainfra.com\/blog\/#\/schema\/logo\/image\/"},"sameAs":["https:\/\/www.facebook.com\/ageninfra","https:\/\/x.com\/agencia_infra","https:\/\/www.linkedin.com\/company\/ag\u00eanciainfra\/","https:\/\/www.instagram.com\/agenciainfra\/"]},{"@type":"Person","@id":"https:\/\/agenciainfra.com\/blog\/#\/schema\/person\/04dbb79bd6d8951f063da71f3e4c1eb1","name":"Rodrigo Zuquim","image":{"@type":"ImageObject","inLanguage":"pt-BR","@id":"https:\/\/agenciainfra.com\/blog\/#\/schema\/person\/image\/","url":"https:\/\/secure.gravatar.com\/avatar\/594abfe82761d620726242ff34ca472a705a4b97f16c790053a6b4c4035274d0?s=96&d=mm&r=g","contentUrl":"https:\/\/secure.gravatar.com\/avatar\/594abfe82761d620726242ff34ca472a705a4b97f16c790053a6b4c4035274d0?s=96&d=mm&r=g","caption":"Rodrigo Zuquim"},"url":"https:\/\/agenciainfra.com\/blog\/author\/rodrigo-zuquim\/"}]}},"_links":{"self":[{"href":"https:\/\/agenciainfra.com\/blog\/wp-json\/wp\/v2\/posts\/3496","targetHints":{"allow":["GET"]}}],"collection":[{"href":"https:\/\/agenciainfra.com\/blog\/wp-json\/wp\/v2\/posts"}],"about":[{"href":"https:\/\/agenciainfra.com\/blog\/wp-json\/wp\/v2\/types\/post"}],"author":[{"embeddable":true,"href":"https:\/\/agenciainfra.com\/blog\/wp-json\/wp\/v2\/users\/9"}],"replies":[{"embeddable":true,"href":"https:\/\/agenciainfra.com\/blog\/wp-json\/wp\/v2\/comments?post=3496"}],"version-history":[{"count":0,"href":"https:\/\/agenciainfra.com\/blog\/wp-json\/wp\/v2\/posts\/3496\/revisions"}],"wp:featuredmedia":[{"embeddable":true,"href":"https:\/\/agenciainfra.com\/blog\/wp-json\/wp\/v2\/media\/3465"}],"wp:attachment":[{"href":"https:\/\/agenciainfra.com\/blog\/wp-json\/wp\/v2\/media?parent=3496"}],"wp:term":[{"taxonomy":"category","embeddable":true,"href":"https:\/\/agenciainfra.com\/blog\/wp-json\/wp\/v2\/categories?post=3496"},{"taxonomy":"post_tag","embeddable":true,"href":"https:\/\/agenciainfra.com\/blog\/wp-json\/wp\/v2\/tags?post=3496"}],"curies":[{"name":"wp","href":"https:\/\/api.w.org\/{rel}","templated":true}]}}