{"id":35094,"date":"2026-01-19T15:47:43","date_gmt":"2026-01-19T18:47:43","guid":{"rendered":"https:\/\/agenciainfra.com\/blog\/?p=35094"},"modified":"2026-01-19T15:56:46","modified_gmt":"2026-01-19T18:56:46","slug":"dnit-inicia-manutencao-na-rodovia-do-aco","status":"publish","type":"post","link":"https:\/\/agenciainfra.com\/blog\/dnit-inicia-manutencao-na-rodovia-do-aco\/","title":{"rendered":"DNIT inicia manuten\u00e7\u00e3o na Rodovia do A\u00e7o, retomada pelo governo"},"content":{"rendered":"\n<p class=\"has-text-align-right\"><strong>da Ag\u00eancia iNFRA<\/strong><\/p>\n\n\n\n<p>O Minist\u00e9rio dos Transportes e o DNIT (Departamento Nacional de Infraestrutura de Transportes) assinaram, na \u00faltima sexta-feira (16), autoriza\u00e7\u00e3o para dar in\u00edcio aos servi\u00e7os de manuten\u00e7\u00e3o de trecho da Rodovia do A\u00e7o (BR-393\/RJ), que, no ano passado, passou a ser administrada pelo \u00f3rg\u00e3o em car\u00e1ter emergencial. O governo federal assumiu a gest\u00e3o da rodovia ap\u00f3s decretar a caducidade do contrato de concess\u00e3o ent\u00e3o operado pela K-Infra.<\/p>\n\n\n\n<p>Cerca de cem quil\u00f4metros, entre o km 185,3 e o km 288,6, receber\u00e3o melhorias no pavimento e na sinaliza\u00e7\u00e3o. O trecho passa pelos munic\u00edpios de Para\u00edba do Sul, Barra do Pira\u00ed, Vassouras e Volta Redonda, no Rio de Janeiro. Os investimentos s\u00e3o estimados em aproximadamente R$ 17 milh\u00f5es.<\/p>\n\n\n\n<p>Outro trecho, que passa por Sapucaia, Tr\u00eas Rios e Para\u00edba do Sul, entre os km 105 e km 185, teve o contrato de manuten\u00e7\u00e3o assinado no \u00faltimo m\u00eas de outubro. Para toda a extens\u00e3o da rodovia, h\u00e1 previs\u00e3o de servi\u00e7os de recomposi\u00e7\u00e3o do pavimento, revitaliza\u00e7\u00e3o do revestimento asf\u00e1ltico, tapa-buracos e limpeza de elementos de drenagem.<\/p>\n","protected":false},"excerpt":{"rendered":"<p>da Ag\u00eancia iNFRA O Minist\u00e9rio dos Transportes e o DNIT (Departamento Nacional de Infraestrutura de Transportes) assinaram, na \u00faltima sexta-feira (16), autoriza\u00e7\u00e3o para dar in\u00edcio aos servi\u00e7os de manuten\u00e7\u00e3o de trecho da Rodovia do A\u00e7o (BR-393\/RJ), que, no ano passado, passou a ser administrada pelo \u00f3rg\u00e3o em car\u00e1ter emergencial. O governo federal assumiu a gest\u00e3o [&hellip;]<\/p>\n","protected":false},"author":1,"featured_media":18719,"comment_status":"closed","ping_status":"closed","sticky":false,"template":"","format":"standard","meta":{"_monsterinsights_skip_tracking":false,"_monsterinsights_sitenote_active":false,"_monsterinsights_sitenote_note":"","_monsterinsights_sitenote_category":0,"footnotes":""},"categories":[13576],"tags":[6070,328,16,3016,149],"class_list":["post-35094","post","type-post","status-publish","format-standard","has-post-thumbnail","hentry","category-giro-infra","tag-br-393-rj","tag-dnit","tag-ministerio-dos-transportes","tag-obras-rodoviarias","tag-rodovia-do-aco"],"yoast_head":"<!-- This site is optimized with the Yoast SEO Premium plugin v25.4 (Yoast SEO v26.0) - https:\/\/yoast.com\/wordpress\/plugins\/seo\/ -->\n<title>DNIT inicia manuten\u00e7\u00e3o na Rodovia do A\u00e7o, retomada pelo governo - Ag\u00eancia iNFRA<\/title>\n<meta name=\"robots\" content=\"index, follow, max-snippet:-1, max-image-preview:large, max-video-preview:-1\" \/>\n<link rel=\"canonical\" href=\"https:\/\/agenciainfra.com\/blog\/dnit-inicia-manutencao-na-rodovia-do-aco\/\" \/>\n<meta property=\"og:locale\" content=\"pt_BR\" \/>\n<meta property=\"og:type\" content=\"article\" \/>\n<meta property=\"og:title\" content=\"DNIT inicia manuten\u00e7\u00e3o na Rodovia do A\u00e7o, retomada pelo governo\" \/>\n<meta property=\"og:description\" content=\"da Ag\u00eancia iNFRA O Minist\u00e9rio dos Transportes e o DNIT (Departamento Nacional de Infraestrutura de Transportes) assinaram, na \u00faltima sexta-feira (16), autoriza\u00e7\u00e3o para dar in\u00edcio aos servi\u00e7os de manuten\u00e7\u00e3o de trecho da Rodovia do A\u00e7o (BR-393\/RJ), que, no ano passado, passou a ser administrada pelo \u00f3rg\u00e3o em car\u00e1ter emergencial. O governo federal assumiu a gest\u00e3o [&hellip;]\" \/>\n<meta property=\"og:url\" content=\"https:\/\/agenciainfra.com\/blog\/dnit-inicia-manutencao-na-rodovia-do-aco\/\" \/>\n<meta property=\"og:site_name\" content=\"Ag\u00eancia iNFRA\" \/>\n<meta property=\"article:publisher\" content=\"https:\/\/www.facebook.com\/ageninfra\" \/>\n<meta property=\"article:published_time\" content=\"2026-01-19T18:47:43+00:00\" \/>\n<meta property=\"article:modified_time\" content=\"2026-01-19T18:56:46+00:00\" \/>\n<meta property=\"og:image\" content=\"https:\/\/agenciainfra.com\/blog\/wp-content\/uploads\/2024\/10\/rodovia-do-aco-kinfra-foto-antt-1.png\" \/>\n\t<meta property=\"og:image:width\" content=\"768\" \/>\n\t<meta property=\"og:image:height\" content=\"432\" \/>\n\t<meta property=\"og:image:type\" content=\"image\/png\" \/>\n<meta name=\"author\" content=\"Ag\u00eancia iNFRA\" \/>\n<meta name=\"twitter:card\" content=\"summary_large_image\" \/>\n<meta name=\"twitter:creator\" content=\"@agencia_infra\" \/>\n<meta name=\"twitter:site\" content=\"@agencia_infra\" \/>\n<meta name=\"twitter:label1\" content=\"Escrito por\" \/>\n\t<meta name=\"twitter:data1\" content=\"Ag\u00eancia iNFRA\" \/>\n\t<meta name=\"twitter:label2\" content=\"Est. tempo de leitura\" \/>\n\t<meta name=\"twitter:data2\" content=\"1 minuto\" \/>\n<script type=\"application\/ld+json\" class=\"yoast-schema-graph\">{\"@context\":\"https:\/\/schema.org\",\"@graph\":[{\"@type\":\"Article\",\"@id\":\"https:\/\/agenciainfra.com\/blog\/dnit-inicia-manutencao-na-rodovia-do-aco\/#article\",\"isPartOf\":{\"@id\":\"https:\/\/agenciainfra.com\/blog\/dnit-inicia-manutencao-na-rodovia-do-aco\/\"},\"author\":{\"name\":\"Ag\u00eancia iNFRA\",\"@id\":\"https:\/\/agenciainfra.com\/blog\/#\/schema\/person\/34af08dff6adea4cb22b06612ba7acfa\"},\"headline\":\"DNIT inicia manuten\u00e7\u00e3o na Rodovia do A\u00e7o, retomada pelo governo\",\"datePublished\":\"2026-01-19T18:47:43+00:00\",\"dateModified\":\"2026-01-19T18:56:46+00:00\",\"mainEntityOfPage\":{\"@id\":\"https:\/\/agenciainfra.com\/blog\/dnit-inicia-manutencao-na-rodovia-do-aco\/\"},\"wordCount\":209,\"publisher\":{\"@id\":\"https:\/\/agenciainfra.com\/blog\/#organization\"},\"image\":{\"@id\":\"https:\/\/agenciainfra.com\/blog\/dnit-inicia-manutencao-na-rodovia-do-aco\/#primaryimage\"},\"thumbnailUrl\":\"https:\/\/agenciainfra.com\/blog\/wp-content\/uploads\/2024\/10\/rodovia-do-aco-kinfra-foto-antt-1.png\",\"keywords\":[\"BR-393\/RJ\",\"DNIT\",\"minist\u00e9rio dos transportes\",\"obras rodovi\u00e1rias\",\"Rodovia do A\u00e7o\"],\"articleSection\":[\"Giro iNFRA\"],\"inLanguage\":\"pt-BR\",\"copyrightYear\":\"2026\",\"copyrightHolder\":{\"@id\":\"https:\/\/agenciainfra.com\/blog\/#organization\"}},{\"@type\":\"WebPage\",\"@id\":\"https:\/\/agenciainfra.com\/blog\/dnit-inicia-manutencao-na-rodovia-do-aco\/\",\"url\":\"https:\/\/agenciainfra.com\/blog\/dnit-inicia-manutencao-na-rodovia-do-aco\/\",\"name\":\"DNIT inicia manuten\u00e7\u00e3o na Rodovia do A\u00e7o, retomada pelo governo - Ag\u00eancia iNFRA\",\"isPartOf\":{\"@id\":\"https:\/\/agenciainfra.com\/blog\/#website\"},\"primaryImageOfPage\":{\"@id\":\"https:\/\/agenciainfra.com\/blog\/dnit-inicia-manutencao-na-rodovia-do-aco\/#primaryimage\"},\"image\":{\"@id\":\"https:\/\/agenciainfra.com\/blog\/dnit-inicia-manutencao-na-rodovia-do-aco\/#primaryimage\"},\"thumbnailUrl\":\"https:\/\/agenciainfra.com\/blog\/wp-content\/uploads\/2024\/10\/rodovia-do-aco-kinfra-foto-antt-1.png\",\"datePublished\":\"2026-01-19T18:47:43+00:00\",\"dateModified\":\"2026-01-19T18:56:46+00:00\",\"breadcrumb\":{\"@id\":\"https:\/\/agenciainfra.com\/blog\/dnit-inicia-manutencao-na-rodovia-do-aco\/#breadcrumb\"},\"inLanguage\":\"pt-BR\",\"potentialAction\":[{\"@type\":\"ReadAction\",\"target\":[\"https:\/\/agenciainfra.com\/blog\/dnit-inicia-manutencao-na-rodovia-do-aco\/\"]}]},{\"@type\":\"ImageObject\",\"inLanguage\":\"pt-BR\",\"@id\":\"https:\/\/agenciainfra.com\/blog\/dnit-inicia-manutencao-na-rodovia-do-aco\/#primaryimage\",\"url\":\"https:\/\/agenciainfra.com\/blog\/wp-content\/uploads\/2024\/10\/rodovia-do-aco-kinfra-foto-antt-1.png\",\"contentUrl\":\"https:\/\/agenciainfra.com\/blog\/wp-content\/uploads\/2024\/10\/rodovia-do-aco-kinfra-foto-antt-1.png\",\"width\":768,\"height\":432,\"caption\":\"Foto: ANTT\"},{\"@type\":\"BreadcrumbList\",\"@id\":\"https:\/\/agenciainfra.com\/blog\/dnit-inicia-manutencao-na-rodovia-do-aco\/#breadcrumb\",\"itemListElement\":[{\"@type\":\"ListItem\",\"position\":1,\"name\":\"In\u00edcio\",\"item\":\"https:\/\/agenciainfra.com\/blog\/\"},{\"@type\":\"ListItem\",\"position\":2,\"name\":\"DNIT inicia manuten\u00e7\u00e3o na Rodovia do A\u00e7o, retomada pelo governo\"}]},{\"@type\":\"WebSite\",\"@id\":\"https:\/\/agenciainfra.com\/blog\/#website\",\"url\":\"https:\/\/agenciainfra.com\/blog\/\",\"name\":\"Ag\u00eancia iNFRA\",\"description\":\"Multiplataforma de informa\u00e7\u00e3o jornal\u00edstica refer\u00eancia na \u00e1rea de infraestrutura no Brasil!\",\"publisher\":{\"@id\":\"https:\/\/agenciainfra.com\/blog\/#organization\"},\"potentialAction\":[{\"@type\":\"SearchAction\",\"target\":{\"@type\":\"EntryPoint\",\"urlTemplate\":\"https:\/\/agenciainfra.com\/blog\/?s={search_term_string}\"},\"query-input\":{\"@type\":\"PropertyValueSpecification\",\"valueRequired\":true,\"valueName\":\"search_term_string\"}}],\"inLanguage\":\"pt-BR\"},{\"@type\":\"Organization\",\"@id\":\"https:\/\/agenciainfra.com\/blog\/#organization\",\"name\":\"Ag\u00eancia iNFRA\",\"url\":\"https:\/\/agenciainfra.com\/blog\/\",\"logo\":{\"@type\":\"ImageObject\",\"inLanguage\":\"pt-BR\",\"@id\":\"https:\/\/agenciainfra.com\/blog\/#\/schema\/logo\/image\/\",\"url\":\"https:\/\/agenciainfra.com\/blog\/wp-content\/uploads\/2023\/09\/iNFRA_5-e1761735885940.png\",\"contentUrl\":\"https:\/\/agenciainfra.com\/blog\/wp-content\/uploads\/2023\/09\/iNFRA_5-e1761735885940.png\",\"width\":1672,\"height\":454,\"caption\":\"Ag\u00eancia iNFRA\"},\"image\":{\"@id\":\"https:\/\/agenciainfra.com\/blog\/#\/schema\/logo\/image\/\"},\"sameAs\":[\"https:\/\/www.facebook.com\/ageninfra\",\"https:\/\/x.com\/agencia_infra\",\"https:\/\/www.linkedin.com\/company\/ag\u00eanciainfra\/\",\"https:\/\/www.instagram.com\/agenciainfra\/\"]},{\"@type\":\"Person\",\"@id\":\"https:\/\/agenciainfra.com\/blog\/#\/schema\/person\/34af08dff6adea4cb22b06612ba7acfa\",\"name\":\"Ag\u00eancia iNFRA\",\"image\":{\"@type\":\"ImageObject\",\"inLanguage\":\"pt-BR\",\"@id\":\"https:\/\/agenciainfra.com\/blog\/#\/schema\/person\/image\/\",\"url\":\"https:\/\/secure.gravatar.com\/avatar\/d189e01678f06d8eb84d4e01f08eb848b3fffe3f8443818d3c356c66892f5be8?s=96&d=mm&r=g\",\"contentUrl\":\"https:\/\/secure.gravatar.com\/avatar\/d189e01678f06d8eb84d4e01f08eb848b3fffe3f8443818d3c356c66892f5be8?s=96&d=mm&r=g\",\"caption\":\"Ag\u00eancia iNFRA\"},\"url\":\"https:\/\/agenciainfra.com\/blog\/author\/admin\/\"}]}<\/script>\n<!-- \/ Yoast SEO Premium plugin. -->","yoast_head_json":{"title":"DNIT inicia manuten\u00e7\u00e3o na Rodovia do A\u00e7o, retomada pelo governo - Ag\u00eancia iNFRA","robots":{"index":"index","follow":"follow","max-snippet":"max-snippet:-1","max-image-preview":"max-image-preview:large","max-video-preview":"max-video-preview:-1"},"canonical":"https:\/\/agenciainfra.com\/blog\/dnit-inicia-manutencao-na-rodovia-do-aco\/","og_locale":"pt_BR","og_type":"article","og_title":"DNIT inicia manuten\u00e7\u00e3o na Rodovia do A\u00e7o, retomada pelo governo","og_description":"da Ag\u00eancia iNFRA O Minist\u00e9rio dos Transportes e o DNIT (Departamento Nacional de Infraestrutura de Transportes) assinaram, na \u00faltima sexta-feira (16), autoriza\u00e7\u00e3o para dar in\u00edcio aos servi\u00e7os de manuten\u00e7\u00e3o de trecho da Rodovia do A\u00e7o (BR-393\/RJ), que, no ano passado, passou a ser administrada pelo \u00f3rg\u00e3o em car\u00e1ter emergencial. O governo federal assumiu a gest\u00e3o [&hellip;]","og_url":"https:\/\/agenciainfra.com\/blog\/dnit-inicia-manutencao-na-rodovia-do-aco\/","og_site_name":"Ag\u00eancia iNFRA","article_publisher":"https:\/\/www.facebook.com\/ageninfra","article_published_time":"2026-01-19T18:47:43+00:00","article_modified_time":"2026-01-19T18:56:46+00:00","og_image":[{"width":768,"height":432,"url":"https:\/\/agenciainfra.com\/blog\/wp-content\/uploads\/2024\/10\/rodovia-do-aco-kinfra-foto-antt-1.png","type":"image\/png"}],"author":"Ag\u00eancia iNFRA","twitter_card":"summary_large_image","twitter_creator":"@agencia_infra","twitter_site":"@agencia_infra","twitter_misc":{"Escrito por":"Ag\u00eancia iNFRA","Est. tempo de leitura":"1 minuto"},"schema":{"@context":"https:\/\/schema.org","@graph":[{"@type":"Article","@id":"https:\/\/agenciainfra.com\/blog\/dnit-inicia-manutencao-na-rodovia-do-aco\/#article","isPartOf":{"@id":"https:\/\/agenciainfra.com\/blog\/dnit-inicia-manutencao-na-rodovia-do-aco\/"},"author":{"name":"Ag\u00eancia iNFRA","@id":"https:\/\/agenciainfra.com\/blog\/#\/schema\/person\/34af08dff6adea4cb22b06612ba7acfa"},"headline":"DNIT inicia manuten\u00e7\u00e3o na Rodovia do A\u00e7o, retomada pelo governo","datePublished":"2026-01-19T18:47:43+00:00","dateModified":"2026-01-19T18:56:46+00:00","mainEntityOfPage":{"@id":"https:\/\/agenciainfra.com\/blog\/dnit-inicia-manutencao-na-rodovia-do-aco\/"},"wordCount":209,"publisher":{"@id":"https:\/\/agenciainfra.com\/blog\/#organization"},"image":{"@id":"https:\/\/agenciainfra.com\/blog\/dnit-inicia-manutencao-na-rodovia-do-aco\/#primaryimage"},"thumbnailUrl":"https:\/\/agenciainfra.com\/blog\/wp-content\/uploads\/2024\/10\/rodovia-do-aco-kinfra-foto-antt-1.png","keywords":["BR-393\/RJ","DNIT","minist\u00e9rio dos transportes","obras rodovi\u00e1rias","Rodovia do A\u00e7o"],"articleSection":["Giro iNFRA"],"inLanguage":"pt-BR","copyrightYear":"2026","copyrightHolder":{"@id":"https:\/\/agenciainfra.com\/blog\/#organization"}},{"@type":"WebPage","@id":"https:\/\/agenciainfra.com\/blog\/dnit-inicia-manutencao-na-rodovia-do-aco\/","url":"https:\/\/agenciainfra.com\/blog\/dnit-inicia-manutencao-na-rodovia-do-aco\/","name":"DNIT inicia manuten\u00e7\u00e3o na Rodovia do A\u00e7o, retomada pelo governo - Ag\u00eancia iNFRA","isPartOf":{"@id":"https:\/\/agenciainfra.com\/blog\/#website"},"primaryImageOfPage":{"@id":"https:\/\/agenciainfra.com\/blog\/dnit-inicia-manutencao-na-rodovia-do-aco\/#primaryimage"},"image":{"@id":"https:\/\/agenciainfra.com\/blog\/dnit-inicia-manutencao-na-rodovia-do-aco\/#primaryimage"},"thumbnailUrl":"https:\/\/agenciainfra.com\/blog\/wp-content\/uploads\/2024\/10\/rodovia-do-aco-kinfra-foto-antt-1.png","datePublished":"2026-01-19T18:47:43+00:00","dateModified":"2026-01-19T18:56:46+00:00","breadcrumb":{"@id":"https:\/\/agenciainfra.com\/blog\/dnit-inicia-manutencao-na-rodovia-do-aco\/#breadcrumb"},"inLanguage":"pt-BR","potentialAction":[{"@type":"ReadAction","target":["https:\/\/agenciainfra.com\/blog\/dnit-inicia-manutencao-na-rodovia-do-aco\/"]}]},{"@type":"ImageObject","inLanguage":"pt-BR","@id":"https:\/\/agenciainfra.com\/blog\/dnit-inicia-manutencao-na-rodovia-do-aco\/#primaryimage","url":"https:\/\/agenciainfra.com\/blog\/wp-content\/uploads\/2024\/10\/rodovia-do-aco-kinfra-foto-antt-1.png","contentUrl":"https:\/\/agenciainfra.com\/blog\/wp-content\/uploads\/2024\/10\/rodovia-do-aco-kinfra-foto-antt-1.png","width":768,"height":432,"caption":"Foto: ANTT"},{"@type":"BreadcrumbList","@id":"https:\/\/agenciainfra.com\/blog\/dnit-inicia-manutencao-na-rodovia-do-aco\/#breadcrumb","itemListElement":[{"@type":"ListItem","position":1,"name":"In\u00edcio","item":"https:\/\/agenciainfra.com\/blog\/"},{"@type":"ListItem","position":2,"name":"DNIT inicia manuten\u00e7\u00e3o na Rodovia do A\u00e7o, retomada pelo governo"}]},{"@type":"WebSite","@id":"https:\/\/agenciainfra.com\/blog\/#website","url":"https:\/\/agenciainfra.com\/blog\/","name":"Ag\u00eancia iNFRA","description":"Multiplataforma de informa\u00e7\u00e3o jornal\u00edstica refer\u00eancia na \u00e1rea de infraestrutura no Brasil!","publisher":{"@id":"https:\/\/agenciainfra.com\/blog\/#organization"},"potentialAction":[{"@type":"SearchAction","target":{"@type":"EntryPoint","urlTemplate":"https:\/\/agenciainfra.com\/blog\/?s={search_term_string}"},"query-input":{"@type":"PropertyValueSpecification","valueRequired":true,"valueName":"search_term_string"}}],"inLanguage":"pt-BR"},{"@type":"Organization","@id":"https:\/\/agenciainfra.com\/blog\/#organization","name":"Ag\u00eancia iNFRA","url":"https:\/\/agenciainfra.com\/blog\/","logo":{"@type":"ImageObject","inLanguage":"pt-BR","@id":"https:\/\/agenciainfra.com\/blog\/#\/schema\/logo\/image\/","url":"https:\/\/agenciainfra.com\/blog\/wp-content\/uploads\/2023\/09\/iNFRA_5-e1761735885940.png","contentUrl":"https:\/\/agenciainfra.com\/blog\/wp-content\/uploads\/2023\/09\/iNFRA_5-e1761735885940.png","width":1672,"height":454,"caption":"Ag\u00eancia iNFRA"},"image":{"@id":"https:\/\/agenciainfra.com\/blog\/#\/schema\/logo\/image\/"},"sameAs":["https:\/\/www.facebook.com\/ageninfra","https:\/\/x.com\/agencia_infra","https:\/\/www.linkedin.com\/company\/ag\u00eanciainfra\/","https:\/\/www.instagram.com\/agenciainfra\/"]},{"@type":"Person","@id":"https:\/\/agenciainfra.com\/blog\/#\/schema\/person\/34af08dff6adea4cb22b06612ba7acfa","name":"Ag\u00eancia iNFRA","image":{"@type":"ImageObject","inLanguage":"pt-BR","@id":"https:\/\/agenciainfra.com\/blog\/#\/schema\/person\/image\/","url":"https:\/\/secure.gravatar.com\/avatar\/d189e01678f06d8eb84d4e01f08eb848b3fffe3f8443818d3c356c66892f5be8?s=96&d=mm&r=g","contentUrl":"https:\/\/secure.gravatar.com\/avatar\/d189e01678f06d8eb84d4e01f08eb848b3fffe3f8443818d3c356c66892f5be8?s=96&d=mm&r=g","caption":"Ag\u00eancia iNFRA"},"url":"https:\/\/agenciainfra.com\/blog\/author\/admin\/"}]}},"_links":{"self":[{"href":"https:\/\/agenciainfra.com\/blog\/wp-json\/wp\/v2\/posts\/35094","targetHints":{"allow":["GET"]}}],"collection":[{"href":"https:\/\/agenciainfra.com\/blog\/wp-json\/wp\/v2\/posts"}],"about":[{"href":"https:\/\/agenciainfra.com\/blog\/wp-json\/wp\/v2\/types\/post"}],"author":[{"embeddable":true,"href":"https:\/\/agenciainfra.com\/blog\/wp-json\/wp\/v2\/users\/1"}],"replies":[{"embeddable":true,"href":"https:\/\/agenciainfra.com\/blog\/wp-json\/wp\/v2\/comments?post=35094"}],"version-history":[{"count":2,"href":"https:\/\/agenciainfra.com\/blog\/wp-json\/wp\/v2\/posts\/35094\/revisions"}],"predecessor-version":[{"id":35099,"href":"https:\/\/agenciainfra.com\/blog\/wp-json\/wp\/v2\/posts\/35094\/revisions\/35099"}],"wp:featuredmedia":[{"embeddable":true,"href":"https:\/\/agenciainfra.com\/blog\/wp-json\/wp\/v2\/media\/18719"}],"wp:attachment":[{"href":"https:\/\/agenciainfra.com\/blog\/wp-json\/wp\/v2\/media?parent=35094"}],"wp:term":[{"taxonomy":"category","embeddable":true,"href":"https:\/\/agenciainfra.com\/blog\/wp-json\/wp\/v2\/categories?post=35094"},{"taxonomy":"post_tag","embeddable":true,"href":"https:\/\/agenciainfra.com\/blog\/wp-json\/wp\/v2\/tags?post=35094"}],"curies":[{"name":"wp","href":"https:\/\/api.w.org\/{rel}","templated":true}]}}