{"id":3511,"date":"2019-07-24T08:00:25","date_gmt":"2019-07-24T11:00:25","guid":{"rendered":"http:\/\/www.agenciainfra.com.br\/blog\/?p=3511"},"modified":"2019-07-22T11:22:05","modified_gmt":"2019-07-22T14:22:05","slug":"sem-concorrencia-combustivel-para-navegacao-ja-comeca-a-subir-por-mudanca-em-regra-de-emissoes","status":"publish","type":"post","link":"https:\/\/agenciainfra.com\/blog\/sem-concorrencia-combustivel-para-navegacao-ja-comeca-a-subir-por-mudanca-em-regra-de-emissoes\/","title":{"rendered":"Sem concorr\u00eancia, combust\u00edvel para navega\u00e7\u00e3o j\u00e1 come\u00e7a a subir por mudan\u00e7a em regra de emiss\u00f5es"},"content":{"rendered":"<div>\n<h5 style=\"text-align: right;\"><strong>Dimmi Amora, para a\u00a0Ag\u00eancia iNFRA<\/strong><\/h5>\n<p>O bunker, combust\u00edvel usado para a navega\u00e7\u00e3o, est\u00e1 cerca de 25% mais caro no pa\u00eds, ap\u00f3s aumentos realizados pela Petrobras, \u00fanica fornecedora dessa mat\u00e9ria-prima.<\/p>\n<p>De acordo com apura\u00e7\u00e3o da\u00a0<strong>Ag\u00eancia iNFRA<\/strong>, a estatal seguiu os pre\u00e7os que s\u00e3o praticados em Cingapura, que nas \u00faltimas semanas come\u00e7aram a se descolar dos pre\u00e7os praticados em outros grandes mercados desse tipo, como Roterd\u00e3, na Holanda, e Cidade do Panam\u00e1, no Panam\u00e1.<\/p>\n<p>No pa\u00eds asi\u00e1tico, os valores saltaram de US$ 425\/ton para US$ 520\/ton, enquanto nas outras pra\u00e7as os pre\u00e7os tiveram poucas varia\u00e7\u00f5es. O motivo apontado para esse reajuste \u00e9 o in\u00edcio de entrada em vigor, a partir de 1\u00ba de janeiro, de uma nova norma que determina a redu\u00e7\u00e3o de teor de enxofre no bunker, de 3,5% para 0,5%, para navios que n\u00e3o tenham equipamentos espec\u00edficos de filtragem (mais sobre o tema no texto abaixo).<\/p>\n<p>O combust\u00edvel com menos enxofre tem custo maior, al\u00e9m de ser necess\u00e1ria uma nova rede de log\u00edstica para a distribui\u00e7\u00e3o. O impacto do aumento pela redu\u00e7\u00e3o do enxofre j\u00e1 era esperado em todo o sistema log\u00edstico para 2020.<\/p>\n<p>O pre\u00e7o do bunker tem impacto em todo o sistema de navega\u00e7\u00e3o, mas ele \u00e9 mais significativo para a cabotagem. Al\u00e9m de praticamente s\u00f3 poderem abastecer no Brasil, navios em opera\u00e7\u00e3o no pa\u00eds pagam ICMS sobre o combust\u00edvel, o que \u00e9 isento para a navega\u00e7\u00e3o de longo curso.<\/p>\n<p>Essa diferen\u00e7a de pre\u00e7o foi considerada pelo TCU (Tribunal de Contas da Uni\u00e3o) como um dos principais motivos para inibir o desenvolvimento da navega\u00e7\u00e3o de cabotagem no Brasil, conforme\u00a0<a href=\"https:\/\/agenciainfra.us14.list-manage.com\/track\/click?u=d460dd1bcf9ba0ae040e1fc0f&amp;id=5d70f1d144&amp;e=c099169394\" target=\"_blank\" rel=\"noopener noreferrer\" data-saferedirecturl=\"https:\/\/www.google.com\/url?q=https:\/\/agenciainfra.us14.list-manage.com\/track\/click?u%3Dd460dd1bcf9ba0ae040e1fc0f%26id%3D5d70f1d144%26e%3Dc099169394&amp;source=gmail&amp;ust=1563889648502000&amp;usg=AFQjCNHzk7AW-a35NDckFncjgnA53UL0xA\">reportagem especial da\u00a0<strong>Ag\u00eancia iNFRA<\/strong>\u00a0sobre o tema<\/a>.<\/p>\n<p>Agora, a diferen\u00e7a vai ficar ainda pior. A estimativa junto a agentes do mercado \u00e9 que o custo do combust\u00edvel poder\u00e1 significar mais de 50% de todo o custo de uma viagem. Como o transporte por navio concorre com outros que usam diesel, que n\u00e3o est\u00e1 sendo aumentado pelo valor do pre\u00e7o internacional, a diferen\u00e7a de competitividade dever\u00e1 crescer, inibindo cargas de irem para o sistema de transporte mar\u00edtimo.<\/p>\n<p><strong>Cr\u00edticas do Governo<\/strong><br \/>\nO sistema de pre\u00e7os da Petrobras para a navega\u00e7\u00e3o foi motivo de cr\u00edticas de agentes de governo durante uma reuni\u00e3o p\u00fablica realizada pela Frenlogi (Frente Nacional da Log\u00edstica e da Infraestrutura), realizada nesta semana, em Bras\u00edlia.<\/p>\n<p>O diretor-geral da ANTAQ (Ag\u00eancia Nacional de Transportes Aquavi\u00e1rios), M\u00e1rio Povia, e o diretor do Departamento de Navega\u00e7\u00e3o e Hidrovias do Minist\u00e9rio da Infraestrutura, Dino Antunes, apontaram que a f\u00f3rmula de c\u00e1lculo da Petrobras, considerando o pre\u00e7o internacional, sem levar em conta que j\u00e1 refina no Brasil um \u00f3leo mais pr\u00f3ximo as especifica\u00e7\u00f5es, cria distor\u00e7\u00f5es para todo o sistema produtivo.<\/p>\n<p>Segundo eles, \u00e9 necess\u00e1rio pensar em uma pol\u00edtica p\u00fablica sobre o tema que evite vendas com preju\u00edzos para a estatal, mas que tamb\u00e9m n\u00e3o tire a competitividade das empresas do pa\u00eds.<\/p>\n<p>&#8220;Tem que seguir mesmo o internacional? N\u00e3o temos vantagem nenhuma de ser um dos maiores produtores de petr\u00f3leo do mundo?&#8221;, perguntou Povia.<\/p>\n<\/div>\n","protected":false},"excerpt":{"rendered":"<p>Dimmi Amora, para a\u00a0Ag\u00eancia iNFRA O bunker, combust\u00edvel usado para a navega\u00e7\u00e3o, est\u00e1 cerca de 25% mais caro no pa\u00eds, ap\u00f3s aumentos realizados pela Petrobras, \u00fanica fornecedora dessa mat\u00e9ria-prima. De acordo com apura\u00e7\u00e3o da\u00a0Ag\u00eancia iNFRA, a estatal seguiu os pre\u00e7os que s\u00e3o praticados em Cingapura, que nas \u00faltimas semanas come\u00e7aram a se descolar dos pre\u00e7os [&hellip;]<\/p>\n","protected":false},"author":9,"featured_media":3512,"comment_status":"closed","ping_status":"closed","sticky":false,"template":"","format":"standard","meta":{"_monsterinsights_skip_tracking":false,"_monsterinsights_sitenote_active":false,"_monsterinsights_sitenote_note":"","_monsterinsights_sitenote_category":0,"footnotes":""},"categories":[7],"tags":[86,1143,1073,1145,1144,408,143,18],"class_list":["post-3511","post","type-post","status-publish","format-standard","has-post-thumbnail","hentry","category-infratransporte","tag-antaq","tag-bunker","tag-combustivel-de-navegacao","tag-dino-antunes","tag-frenlogi","tag-mario-povia","tag-petrobras","tag-tcu"],"yoast_head":"<!-- This site is optimized with the Yoast SEO Premium plugin v25.4 (Yoast SEO v26.0) - https:\/\/yoast.com\/wordpress\/plugins\/seo\/ -->\n<title>Sem concorr\u00eancia, combust\u00edvel para navega\u00e7\u00e3o j\u00e1 come\u00e7a a subir por mudan\u00e7a em regra de emiss\u00f5es - Ag\u00eancia iNFRA<\/title>\n<meta name=\"robots\" content=\"index, follow, max-snippet:-1, max-image-preview:large, max-video-preview:-1\" \/>\n<link rel=\"canonical\" href=\"https:\/\/agenciainfra.com\/blog\/sem-concorrencia-combustivel-para-navegacao-ja-comeca-a-subir-por-mudanca-em-regra-de-emissoes\/\" \/>\n<meta property=\"og:locale\" content=\"pt_BR\" \/>\n<meta property=\"og:type\" content=\"article\" \/>\n<meta property=\"og:title\" content=\"Sem concorr\u00eancia, combust\u00edvel para navega\u00e7\u00e3o j\u00e1 come\u00e7a a subir por mudan\u00e7a em regra de emiss\u00f5es\" \/>\n<meta property=\"og:description\" content=\"Dimmi Amora, para a\u00a0Ag\u00eancia iNFRA O bunker, combust\u00edvel usado para a navega\u00e7\u00e3o, est\u00e1 cerca de 25% mais caro no pa\u00eds, ap\u00f3s aumentos realizados pela Petrobras, \u00fanica fornecedora dessa mat\u00e9ria-prima. De acordo com apura\u00e7\u00e3o da\u00a0Ag\u00eancia iNFRA, a estatal seguiu os pre\u00e7os que s\u00e3o praticados em Cingapura, que nas \u00faltimas semanas come\u00e7aram a se descolar dos pre\u00e7os [&hellip;]\" \/>\n<meta property=\"og:url\" content=\"https:\/\/agenciainfra.com\/blog\/sem-concorrencia-combustivel-para-navegacao-ja-comeca-a-subir-por-mudanca-em-regra-de-emissoes\/\" \/>\n<meta property=\"og:site_name\" content=\"Ag\u00eancia iNFRA\" \/>\n<meta property=\"article:publisher\" content=\"https:\/\/www.facebook.com\/ageninfra\" \/>\n<meta property=\"article:published_time\" content=\"2019-07-24T11:00:25+00:00\" \/>\n<meta property=\"og:image\" content=\"https:\/\/agenciainfra.com\/blog\/wp-content\/uploads\/2019\/07\/foto-fabio-scremim-appa.jpg\" \/>\n\t<meta property=\"og:image:width\" content=\"1500\" \/>\n\t<meta property=\"og:image:height\" content=\"902\" \/>\n\t<meta property=\"og:image:type\" content=\"image\/jpeg\" \/>\n<meta name=\"author\" content=\"Rodrigo Zuquim\" \/>\n<meta name=\"twitter:card\" content=\"summary_large_image\" \/>\n<meta name=\"twitter:creator\" content=\"@agencia_infra\" \/>\n<meta name=\"twitter:site\" content=\"@agencia_infra\" \/>\n<meta name=\"twitter:label1\" content=\"Escrito por\" \/>\n\t<meta name=\"twitter:data1\" content=\"Rodrigo Zuquim\" \/>\n\t<meta name=\"twitter:label2\" content=\"Est. tempo de leitura\" \/>\n\t<meta name=\"twitter:data2\" content=\"3 minutos\" \/>\n<script type=\"application\/ld+json\" class=\"yoast-schema-graph\">{\"@context\":\"https:\/\/schema.org\",\"@graph\":[{\"@type\":\"Article\",\"@id\":\"https:\/\/agenciainfra.com\/blog\/sem-concorrencia-combustivel-para-navegacao-ja-comeca-a-subir-por-mudanca-em-regra-de-emissoes\/#article\",\"isPartOf\":{\"@id\":\"https:\/\/agenciainfra.com\/blog\/sem-concorrencia-combustivel-para-navegacao-ja-comeca-a-subir-por-mudanca-em-regra-de-emissoes\/\"},\"author\":{\"name\":\"Rodrigo Zuquim\",\"@id\":\"https:\/\/agenciainfra.com\/blog\/#\/schema\/person\/04dbb79bd6d8951f063da71f3e4c1eb1\"},\"headline\":\"Sem concorr\u00eancia, combust\u00edvel para navega\u00e7\u00e3o j\u00e1 come\u00e7a a subir por mudan\u00e7a em regra de emiss\u00f5es\",\"datePublished\":\"2019-07-24T11:00:25+00:00\",\"mainEntityOfPage\":{\"@id\":\"https:\/\/agenciainfra.com\/blog\/sem-concorrencia-combustivel-para-navegacao-ja-comeca-a-subir-por-mudanca-em-regra-de-emissoes\/\"},\"wordCount\":576,\"publisher\":{\"@id\":\"https:\/\/agenciainfra.com\/blog\/#organization\"},\"image\":{\"@id\":\"https:\/\/agenciainfra.com\/blog\/sem-concorrencia-combustivel-para-navegacao-ja-comeca-a-subir-por-mudanca-em-regra-de-emissoes\/#primaryimage\"},\"thumbnailUrl\":\"https:\/\/agenciainfra.com\/blog\/wp-content\/uploads\/2019\/07\/foto-fabio-scremim-appa.jpg\",\"keywords\":[\"ANTAQ\",\"bunker\",\"combust\u00edvel de navega\u00e7\u00e3o\",\"Dino Antunes\",\"Frenlogi\",\"M\u00e1rio Povia\",\"Petrobras\",\"TCU\"],\"articleSection\":[\"iNFRATransporte\"],\"inLanguage\":\"pt-BR\",\"copyrightYear\":\"2019\",\"copyrightHolder\":{\"@id\":\"https:\/\/agenciainfra.com\/blog\/#organization\"}},{\"@type\":\"WebPage\",\"@id\":\"https:\/\/agenciainfra.com\/blog\/sem-concorrencia-combustivel-para-navegacao-ja-comeca-a-subir-por-mudanca-em-regra-de-emissoes\/\",\"url\":\"https:\/\/agenciainfra.com\/blog\/sem-concorrencia-combustivel-para-navegacao-ja-comeca-a-subir-por-mudanca-em-regra-de-emissoes\/\",\"name\":\"Sem concorr\u00eancia, combust\u00edvel para navega\u00e7\u00e3o j\u00e1 come\u00e7a a subir por mudan\u00e7a em regra de emiss\u00f5es - Ag\u00eancia iNFRA\",\"isPartOf\":{\"@id\":\"https:\/\/agenciainfra.com\/blog\/#website\"},\"primaryImageOfPage\":{\"@id\":\"https:\/\/agenciainfra.com\/blog\/sem-concorrencia-combustivel-para-navegacao-ja-comeca-a-subir-por-mudanca-em-regra-de-emissoes\/#primaryimage\"},\"image\":{\"@id\":\"https:\/\/agenciainfra.com\/blog\/sem-concorrencia-combustivel-para-navegacao-ja-comeca-a-subir-por-mudanca-em-regra-de-emissoes\/#primaryimage\"},\"thumbnailUrl\":\"https:\/\/agenciainfra.com\/blog\/wp-content\/uploads\/2019\/07\/foto-fabio-scremim-appa.jpg\",\"datePublished\":\"2019-07-24T11:00:25+00:00\",\"breadcrumb\":{\"@id\":\"https:\/\/agenciainfra.com\/blog\/sem-concorrencia-combustivel-para-navegacao-ja-comeca-a-subir-por-mudanca-em-regra-de-emissoes\/#breadcrumb\"},\"inLanguage\":\"pt-BR\",\"potentialAction\":[{\"@type\":\"ReadAction\",\"target\":[\"https:\/\/agenciainfra.com\/blog\/sem-concorrencia-combustivel-para-navegacao-ja-comeca-a-subir-por-mudanca-em-regra-de-emissoes\/\"]}]},{\"@type\":\"ImageObject\",\"inLanguage\":\"pt-BR\",\"@id\":\"https:\/\/agenciainfra.com\/blog\/sem-concorrencia-combustivel-para-navegacao-ja-comeca-a-subir-por-mudanca-em-regra-de-emissoes\/#primaryimage\",\"url\":\"https:\/\/agenciainfra.com\/blog\/wp-content\/uploads\/2019\/07\/foto-fabio-scremim-appa.jpg\",\"contentUrl\":\"https:\/\/agenciainfra.com\/blog\/wp-content\/uploads\/2019\/07\/foto-fabio-scremim-appa.jpg\",\"width\":1500,\"height\":902},{\"@type\":\"BreadcrumbList\",\"@id\":\"https:\/\/agenciainfra.com\/blog\/sem-concorrencia-combustivel-para-navegacao-ja-comeca-a-subir-por-mudanca-em-regra-de-emissoes\/#breadcrumb\",\"itemListElement\":[{\"@type\":\"ListItem\",\"position\":1,\"name\":\"In\u00edcio\",\"item\":\"https:\/\/agenciainfra.com\/blog\/\"},{\"@type\":\"ListItem\",\"position\":2,\"name\":\"Sem concorr\u00eancia, combust\u00edvel para navega\u00e7\u00e3o j\u00e1 come\u00e7a a subir por mudan\u00e7a em regra de emiss\u00f5es\"}]},{\"@type\":\"WebSite\",\"@id\":\"https:\/\/agenciainfra.com\/blog\/#website\",\"url\":\"https:\/\/agenciainfra.com\/blog\/\",\"name\":\"Ag\u00eancia iNFRA\",\"description\":\"Multiplataforma de informa\u00e7\u00e3o jornal\u00edstica refer\u00eancia na \u00e1rea de infraestrutura no Brasil!\",\"publisher\":{\"@id\":\"https:\/\/agenciainfra.com\/blog\/#organization\"},\"potentialAction\":[{\"@type\":\"SearchAction\",\"target\":{\"@type\":\"EntryPoint\",\"urlTemplate\":\"https:\/\/agenciainfra.com\/blog\/?s={search_term_string}\"},\"query-input\":{\"@type\":\"PropertyValueSpecification\",\"valueRequired\":true,\"valueName\":\"search_term_string\"}}],\"inLanguage\":\"pt-BR\"},{\"@type\":\"Organization\",\"@id\":\"https:\/\/agenciainfra.com\/blog\/#organization\",\"name\":\"Ag\u00eancia iNFRA\",\"url\":\"https:\/\/agenciainfra.com\/blog\/\",\"logo\":{\"@type\":\"ImageObject\",\"inLanguage\":\"pt-BR\",\"@id\":\"https:\/\/agenciainfra.com\/blog\/#\/schema\/logo\/image\/\",\"url\":\"https:\/\/agenciainfra.com\/blog\/wp-content\/uploads\/2023\/09\/iNFRA_5-e1761735885940.png\",\"contentUrl\":\"https:\/\/agenciainfra.com\/blog\/wp-content\/uploads\/2023\/09\/iNFRA_5-e1761735885940.png\",\"width\":1672,\"height\":454,\"caption\":\"Ag\u00eancia iNFRA\"},\"image\":{\"@id\":\"https:\/\/agenciainfra.com\/blog\/#\/schema\/logo\/image\/\"},\"sameAs\":[\"https:\/\/www.facebook.com\/ageninfra\",\"https:\/\/x.com\/agencia_infra\",\"https:\/\/www.linkedin.com\/company\/ag\u00eanciainfra\/\",\"https:\/\/www.instagram.com\/agenciainfra\/\"]},{\"@type\":\"Person\",\"@id\":\"https:\/\/agenciainfra.com\/blog\/#\/schema\/person\/04dbb79bd6d8951f063da71f3e4c1eb1\",\"name\":\"Rodrigo Zuquim\",\"image\":{\"@type\":\"ImageObject\",\"inLanguage\":\"pt-BR\",\"@id\":\"https:\/\/agenciainfra.com\/blog\/#\/schema\/person\/image\/\",\"url\":\"https:\/\/secure.gravatar.com\/avatar\/594abfe82761d620726242ff34ca472a705a4b97f16c790053a6b4c4035274d0?s=96&d=mm&r=g\",\"contentUrl\":\"https:\/\/secure.gravatar.com\/avatar\/594abfe82761d620726242ff34ca472a705a4b97f16c790053a6b4c4035274d0?s=96&d=mm&r=g\",\"caption\":\"Rodrigo Zuquim\"},\"url\":\"https:\/\/agenciainfra.com\/blog\/author\/rodrigo-zuquim\/\"}]}<\/script>\n<!-- \/ Yoast SEO Premium plugin. -->","yoast_head_json":{"title":"Sem concorr\u00eancia, combust\u00edvel para navega\u00e7\u00e3o j\u00e1 come\u00e7a a subir por mudan\u00e7a em regra de emiss\u00f5es - Ag\u00eancia iNFRA","robots":{"index":"index","follow":"follow","max-snippet":"max-snippet:-1","max-image-preview":"max-image-preview:large","max-video-preview":"max-video-preview:-1"},"canonical":"https:\/\/agenciainfra.com\/blog\/sem-concorrencia-combustivel-para-navegacao-ja-comeca-a-subir-por-mudanca-em-regra-de-emissoes\/","og_locale":"pt_BR","og_type":"article","og_title":"Sem concorr\u00eancia, combust\u00edvel para navega\u00e7\u00e3o j\u00e1 come\u00e7a a subir por mudan\u00e7a em regra de emiss\u00f5es","og_description":"Dimmi Amora, para a\u00a0Ag\u00eancia iNFRA O bunker, combust\u00edvel usado para a navega\u00e7\u00e3o, est\u00e1 cerca de 25% mais caro no pa\u00eds, ap\u00f3s aumentos realizados pela Petrobras, \u00fanica fornecedora dessa mat\u00e9ria-prima. De acordo com apura\u00e7\u00e3o da\u00a0Ag\u00eancia iNFRA, a estatal seguiu os pre\u00e7os que s\u00e3o praticados em Cingapura, que nas \u00faltimas semanas come\u00e7aram a se descolar dos pre\u00e7os [&hellip;]","og_url":"https:\/\/agenciainfra.com\/blog\/sem-concorrencia-combustivel-para-navegacao-ja-comeca-a-subir-por-mudanca-em-regra-de-emissoes\/","og_site_name":"Ag\u00eancia iNFRA","article_publisher":"https:\/\/www.facebook.com\/ageninfra","article_published_time":"2019-07-24T11:00:25+00:00","og_image":[{"width":1500,"height":902,"url":"https:\/\/agenciainfra.com\/blog\/wp-content\/uploads\/2019\/07\/foto-fabio-scremim-appa.jpg","type":"image\/jpeg"}],"author":"Rodrigo Zuquim","twitter_card":"summary_large_image","twitter_creator":"@agencia_infra","twitter_site":"@agencia_infra","twitter_misc":{"Escrito por":"Rodrigo Zuquim","Est. tempo de leitura":"3 minutos"},"schema":{"@context":"https:\/\/schema.org","@graph":[{"@type":"Article","@id":"https:\/\/agenciainfra.com\/blog\/sem-concorrencia-combustivel-para-navegacao-ja-comeca-a-subir-por-mudanca-em-regra-de-emissoes\/#article","isPartOf":{"@id":"https:\/\/agenciainfra.com\/blog\/sem-concorrencia-combustivel-para-navegacao-ja-comeca-a-subir-por-mudanca-em-regra-de-emissoes\/"},"author":{"name":"Rodrigo Zuquim","@id":"https:\/\/agenciainfra.com\/blog\/#\/schema\/person\/04dbb79bd6d8951f063da71f3e4c1eb1"},"headline":"Sem concorr\u00eancia, combust\u00edvel para navega\u00e7\u00e3o j\u00e1 come\u00e7a a subir por mudan\u00e7a em regra de emiss\u00f5es","datePublished":"2019-07-24T11:00:25+00:00","mainEntityOfPage":{"@id":"https:\/\/agenciainfra.com\/blog\/sem-concorrencia-combustivel-para-navegacao-ja-comeca-a-subir-por-mudanca-em-regra-de-emissoes\/"},"wordCount":576,"publisher":{"@id":"https:\/\/agenciainfra.com\/blog\/#organization"},"image":{"@id":"https:\/\/agenciainfra.com\/blog\/sem-concorrencia-combustivel-para-navegacao-ja-comeca-a-subir-por-mudanca-em-regra-de-emissoes\/#primaryimage"},"thumbnailUrl":"https:\/\/agenciainfra.com\/blog\/wp-content\/uploads\/2019\/07\/foto-fabio-scremim-appa.jpg","keywords":["ANTAQ","bunker","combust\u00edvel de navega\u00e7\u00e3o","Dino Antunes","Frenlogi","M\u00e1rio Povia","Petrobras","TCU"],"articleSection":["iNFRATransporte"],"inLanguage":"pt-BR","copyrightYear":"2019","copyrightHolder":{"@id":"https:\/\/agenciainfra.com\/blog\/#organization"}},{"@type":"WebPage","@id":"https:\/\/agenciainfra.com\/blog\/sem-concorrencia-combustivel-para-navegacao-ja-comeca-a-subir-por-mudanca-em-regra-de-emissoes\/","url":"https:\/\/agenciainfra.com\/blog\/sem-concorrencia-combustivel-para-navegacao-ja-comeca-a-subir-por-mudanca-em-regra-de-emissoes\/","name":"Sem concorr\u00eancia, combust\u00edvel para navega\u00e7\u00e3o j\u00e1 come\u00e7a a subir por mudan\u00e7a em regra de emiss\u00f5es - Ag\u00eancia iNFRA","isPartOf":{"@id":"https:\/\/agenciainfra.com\/blog\/#website"},"primaryImageOfPage":{"@id":"https:\/\/agenciainfra.com\/blog\/sem-concorrencia-combustivel-para-navegacao-ja-comeca-a-subir-por-mudanca-em-regra-de-emissoes\/#primaryimage"},"image":{"@id":"https:\/\/agenciainfra.com\/blog\/sem-concorrencia-combustivel-para-navegacao-ja-comeca-a-subir-por-mudanca-em-regra-de-emissoes\/#primaryimage"},"thumbnailUrl":"https:\/\/agenciainfra.com\/blog\/wp-content\/uploads\/2019\/07\/foto-fabio-scremim-appa.jpg","datePublished":"2019-07-24T11:00:25+00:00","breadcrumb":{"@id":"https:\/\/agenciainfra.com\/blog\/sem-concorrencia-combustivel-para-navegacao-ja-comeca-a-subir-por-mudanca-em-regra-de-emissoes\/#breadcrumb"},"inLanguage":"pt-BR","potentialAction":[{"@type":"ReadAction","target":["https:\/\/agenciainfra.com\/blog\/sem-concorrencia-combustivel-para-navegacao-ja-comeca-a-subir-por-mudanca-em-regra-de-emissoes\/"]}]},{"@type":"ImageObject","inLanguage":"pt-BR","@id":"https:\/\/agenciainfra.com\/blog\/sem-concorrencia-combustivel-para-navegacao-ja-comeca-a-subir-por-mudanca-em-regra-de-emissoes\/#primaryimage","url":"https:\/\/agenciainfra.com\/blog\/wp-content\/uploads\/2019\/07\/foto-fabio-scremim-appa.jpg","contentUrl":"https:\/\/agenciainfra.com\/blog\/wp-content\/uploads\/2019\/07\/foto-fabio-scremim-appa.jpg","width":1500,"height":902},{"@type":"BreadcrumbList","@id":"https:\/\/agenciainfra.com\/blog\/sem-concorrencia-combustivel-para-navegacao-ja-comeca-a-subir-por-mudanca-em-regra-de-emissoes\/#breadcrumb","itemListElement":[{"@type":"ListItem","position":1,"name":"In\u00edcio","item":"https:\/\/agenciainfra.com\/blog\/"},{"@type":"ListItem","position":2,"name":"Sem concorr\u00eancia, combust\u00edvel para navega\u00e7\u00e3o j\u00e1 come\u00e7a a subir por mudan\u00e7a em regra de emiss\u00f5es"}]},{"@type":"WebSite","@id":"https:\/\/agenciainfra.com\/blog\/#website","url":"https:\/\/agenciainfra.com\/blog\/","name":"Ag\u00eancia iNFRA","description":"Multiplataforma de informa\u00e7\u00e3o jornal\u00edstica refer\u00eancia na \u00e1rea de infraestrutura no Brasil!","publisher":{"@id":"https:\/\/agenciainfra.com\/blog\/#organization"},"potentialAction":[{"@type":"SearchAction","target":{"@type":"EntryPoint","urlTemplate":"https:\/\/agenciainfra.com\/blog\/?s={search_term_string}"},"query-input":{"@type":"PropertyValueSpecification","valueRequired":true,"valueName":"search_term_string"}}],"inLanguage":"pt-BR"},{"@type":"Organization","@id":"https:\/\/agenciainfra.com\/blog\/#organization","name":"Ag\u00eancia iNFRA","url":"https:\/\/agenciainfra.com\/blog\/","logo":{"@type":"ImageObject","inLanguage":"pt-BR","@id":"https:\/\/agenciainfra.com\/blog\/#\/schema\/logo\/image\/","url":"https:\/\/agenciainfra.com\/blog\/wp-content\/uploads\/2023\/09\/iNFRA_5-e1761735885940.png","contentUrl":"https:\/\/agenciainfra.com\/blog\/wp-content\/uploads\/2023\/09\/iNFRA_5-e1761735885940.png","width":1672,"height":454,"caption":"Ag\u00eancia iNFRA"},"image":{"@id":"https:\/\/agenciainfra.com\/blog\/#\/schema\/logo\/image\/"},"sameAs":["https:\/\/www.facebook.com\/ageninfra","https:\/\/x.com\/agencia_infra","https:\/\/www.linkedin.com\/company\/ag\u00eanciainfra\/","https:\/\/www.instagram.com\/agenciainfra\/"]},{"@type":"Person","@id":"https:\/\/agenciainfra.com\/blog\/#\/schema\/person\/04dbb79bd6d8951f063da71f3e4c1eb1","name":"Rodrigo Zuquim","image":{"@type":"ImageObject","inLanguage":"pt-BR","@id":"https:\/\/agenciainfra.com\/blog\/#\/schema\/person\/image\/","url":"https:\/\/secure.gravatar.com\/avatar\/594abfe82761d620726242ff34ca472a705a4b97f16c790053a6b4c4035274d0?s=96&d=mm&r=g","contentUrl":"https:\/\/secure.gravatar.com\/avatar\/594abfe82761d620726242ff34ca472a705a4b97f16c790053a6b4c4035274d0?s=96&d=mm&r=g","caption":"Rodrigo Zuquim"},"url":"https:\/\/agenciainfra.com\/blog\/author\/rodrigo-zuquim\/"}]}},"_links":{"self":[{"href":"https:\/\/agenciainfra.com\/blog\/wp-json\/wp\/v2\/posts\/3511","targetHints":{"allow":["GET"]}}],"collection":[{"href":"https:\/\/agenciainfra.com\/blog\/wp-json\/wp\/v2\/posts"}],"about":[{"href":"https:\/\/agenciainfra.com\/blog\/wp-json\/wp\/v2\/types\/post"}],"author":[{"embeddable":true,"href":"https:\/\/agenciainfra.com\/blog\/wp-json\/wp\/v2\/users\/9"}],"replies":[{"embeddable":true,"href":"https:\/\/agenciainfra.com\/blog\/wp-json\/wp\/v2\/comments?post=3511"}],"version-history":[{"count":0,"href":"https:\/\/agenciainfra.com\/blog\/wp-json\/wp\/v2\/posts\/3511\/revisions"}],"wp:featuredmedia":[{"embeddable":true,"href":"https:\/\/agenciainfra.com\/blog\/wp-json\/wp\/v2\/media\/3512"}],"wp:attachment":[{"href":"https:\/\/agenciainfra.com\/blog\/wp-json\/wp\/v2\/media?parent=3511"}],"wp:term":[{"taxonomy":"category","embeddable":true,"href":"https:\/\/agenciainfra.com\/blog\/wp-json\/wp\/v2\/categories?post=3511"},{"taxonomy":"post_tag","embeddable":true,"href":"https:\/\/agenciainfra.com\/blog\/wp-json\/wp\/v2\/tags?post=3511"}],"curies":[{"name":"wp","href":"https:\/\/api.w.org\/{rel}","templated":true}]}}