{"id":35120,"date":"2026-01-19T19:33:32","date_gmt":"2026-01-19T22:33:32","guid":{"rendered":"https:\/\/agenciainfra.com\/blog\/?p=35120"},"modified":"2026-01-19T19:33:34","modified_gmt":"2026-01-19T22:33:34","slug":"ons-alerta-para-risco-de-baixos-niveis-de-reservatorios-ate-junho","status":"publish","type":"post","link":"https:\/\/agenciainfra.com\/blog\/ons-alerta-para-risco-de-baixos-niveis-de-reservatorios-ate-junho\/","title":{"rendered":"ONS alerta para risco de baixos n\u00edveis de reservat\u00f3rios at\u00e9 junho"},"content":{"rendered":"\n<p class=\"has-text-align-right\"><strong>da Ag\u00eancia iNFRA<\/strong><\/p>\n\n\n\n<p>O ONS (Operador Nacional do Sistema El\u00e9trico) alertou que, em um cen\u00e1rio hidrol\u00f3gico desfavor\u00e1vel, os reservat\u00f3rios do Sudeste\/Centro-Oeste e do Nordeste podem encerrar o per\u00edodo \u00famido com n\u00edveis reduzidos de armazenamento, o que exigir\u00e1 aten\u00e7\u00e3o redobrada para o atendimento do sistema ao longo de 2026. As proje\u00e7\u00f5es foram apresentadas ao CMSE (Comit\u00ea de Monitoramento do Setor El\u00e9trico) em reuni\u00e3o realizada no dia 14 de janeiro.<\/p>\n\n\n\n<p>Segundo o ONS, as proje\u00e7\u00f5es de ENA (Energia Natural Afluente) para o per\u00edodo de janeiro a junho de 2026 indicam volumes abaixo da MLT (M\u00e9dia de Longo Termo). No cen\u00e1rio superior, as aflu\u00eancias devem alcan\u00e7ar 76% da MLT, enquanto, no cen\u00e1rio inferior, recuam para 49% da MLT. As bacias dos rios Grande e Parana\u00edba, que integram a bacia do rio Paran\u00e1, concentram as maiores preocupa\u00e7\u00f5es.<\/p>\n\n\n\n<p>Caso o cen\u00e1rio mais favor\u00e1vel se confirme, a Energia Armazenada no subsistema Sudeste\/Centro-Oeste deve encerrar junho de 2026 4,1 pontos percentuais abaixo do n\u00edvel registrado no mesmo per\u00edodo de 2025. J\u00e1 no cen\u00e1rio menos favor\u00e1vel, a diferen\u00e7a negativa pode chegar a 39,5 pontos percentuais. Para o SIN (Sistema Interligado Nacional) como um todo, a proje\u00e7\u00e3o aponta redu\u00e7\u00e3o de 6,1 pontos percentuais no cen\u00e1rio superior e de 37,5 pontos percentuais no cen\u00e1rio inferior, na compara\u00e7\u00e3o com junho de 2025.<\/p>\n\n\n\n<p>Diante desse quadro, o ONS recomendou a manuten\u00e7\u00e3o da opera\u00e7\u00e3o com deflu\u00eancias minimizadas na bacia do rio Paran\u00e1 e a avalia\u00e7\u00e3o de uma poss\u00edvel redu\u00e7\u00e3o adicional dessas vaz\u00f5es ap\u00f3s o per\u00edodo da piracema, condicionada \u00e0 evolu\u00e7\u00e3o das chuvas. A medida busca preservar os estoques de \u00e1gua para o enfrentamento do pr\u00f3ximo per\u00edodo seco.<\/p>\n\n\n\n<p>Apesar das proje\u00e7\u00f5es de aten\u00e7\u00e3o para os pr\u00f3ximos meses, o operador informou que o sistema el\u00e9trico operou de forma est\u00e1vel durante o fim de ano. No Natal de 2025, a carga m\u00ednima registrada foi de aproximadamente 37,1 GW, enquanto no Ano Novo de 2026 o menor valor observado foi de 36,9 GW, sem necessidade de ado\u00e7\u00e3o de medidas excepcionais.<\/p>\n","protected":false},"excerpt":{"rendered":"<p>da Ag\u00eancia iNFRA O ONS (Operador Nacional do Sistema El\u00e9trico) alertou que, em um cen\u00e1rio hidrol\u00f3gico desfavor\u00e1vel, os reservat\u00f3rios do Sudeste\/Centro-Oeste e do Nordeste podem encerrar o per\u00edodo \u00famido com n\u00edveis reduzidos de armazenamento, o que exigir\u00e1 aten\u00e7\u00e3o redobrada para o atendimento do sistema ao longo de 2026. As proje\u00e7\u00f5es foram apresentadas ao CMSE (Comit\u00ea [&hellip;]<\/p>\n","protected":false},"author":1,"featured_media":30944,"comment_status":"closed","ping_status":"closed","sticky":false,"template":"","format":"standard","meta":{"_monsterinsights_skip_tracking":false,"_monsterinsights_sitenote_active":false,"_monsterinsights_sitenote_note":"","_monsterinsights_sitenote_category":0,"footnotes":""},"categories":[13576],"tags":[635,10538,216,1819,747],"class_list":["post-35120","post","type-post","status-publish","format-standard","has-post-thumbnail","hentry","category-giro-infra","tag-hidreletricas","tag-mlt","tag-ons","tag-reservatorios","tag-sistema-interligado-nacional"],"yoast_head":"<!-- This site is optimized with the Yoast SEO Premium plugin v25.4 (Yoast SEO v26.0) - https:\/\/yoast.com\/wordpress\/plugins\/seo\/ -->\n<title>ONS alerta para risco de baixos n\u00edveis de reservat\u00f3rios at\u00e9 junho - Ag\u00eancia iNFRA<\/title>\n<meta name=\"robots\" content=\"index, follow, max-snippet:-1, max-image-preview:large, max-video-preview:-1\" \/>\n<link rel=\"canonical\" href=\"https:\/\/agenciainfra.com\/blog\/ons-alerta-para-risco-de-baixos-niveis-de-reservatorios-ate-junho\/\" \/>\n<meta property=\"og:locale\" content=\"pt_BR\" \/>\n<meta property=\"og:type\" content=\"article\" \/>\n<meta property=\"og:title\" content=\"ONS alerta para risco de baixos n\u00edveis de reservat\u00f3rios at\u00e9 junho\" \/>\n<meta property=\"og:description\" content=\"da Ag\u00eancia iNFRA O ONS (Operador Nacional do Sistema El\u00e9trico) alertou que, em um cen\u00e1rio hidrol\u00f3gico desfavor\u00e1vel, os reservat\u00f3rios do Sudeste\/Centro-Oeste e do Nordeste podem encerrar o per\u00edodo \u00famido com n\u00edveis reduzidos de armazenamento, o que exigir\u00e1 aten\u00e7\u00e3o redobrada para o atendimento do sistema ao longo de 2026. As proje\u00e7\u00f5es foram apresentadas ao CMSE (Comit\u00ea [&hellip;]\" \/>\n<meta property=\"og:url\" content=\"https:\/\/agenciainfra.com\/blog\/ons-alerta-para-risco-de-baixos-niveis-de-reservatorios-ate-junho\/\" \/>\n<meta property=\"og:site_name\" content=\"Ag\u00eancia iNFRA\" \/>\n<meta property=\"article:publisher\" content=\"https:\/\/www.facebook.com\/ageninfra\" \/>\n<meta property=\"article:published_time\" content=\"2026-01-19T22:33:32+00:00\" \/>\n<meta property=\"article:modified_time\" content=\"2026-01-19T22:33:34+00:00\" \/>\n<meta property=\"og:image\" content=\"https:\/\/agenciainfra.com\/blog\/wp-content\/uploads\/2025\/10\/usina-hidreletrica-tres-irmaos-foto-tijoa-energia.jpg\" \/>\n\t<meta property=\"og:image:width\" content=\"1280\" \/>\n\t<meta property=\"og:image:height\" content=\"789\" \/>\n\t<meta property=\"og:image:type\" content=\"image\/jpeg\" \/>\n<meta name=\"author\" content=\"Ag\u00eancia iNFRA\" \/>\n<meta name=\"twitter:card\" content=\"summary_large_image\" \/>\n<meta name=\"twitter:creator\" content=\"@agencia_infra\" \/>\n<meta name=\"twitter:site\" content=\"@agencia_infra\" \/>\n<meta name=\"twitter:label1\" content=\"Escrito por\" \/>\n\t<meta name=\"twitter:data1\" content=\"Ag\u00eancia iNFRA\" \/>\n\t<meta name=\"twitter:label2\" content=\"Est. tempo de leitura\" \/>\n\t<meta name=\"twitter:data2\" content=\"2 minutos\" \/>\n<script type=\"application\/ld+json\" class=\"yoast-schema-graph\">{\"@context\":\"https:\/\/schema.org\",\"@graph\":[{\"@type\":\"Article\",\"@id\":\"https:\/\/agenciainfra.com\/blog\/ons-alerta-para-risco-de-baixos-niveis-de-reservatorios-ate-junho\/#article\",\"isPartOf\":{\"@id\":\"https:\/\/agenciainfra.com\/blog\/ons-alerta-para-risco-de-baixos-niveis-de-reservatorios-ate-junho\/\"},\"author\":{\"name\":\"Ag\u00eancia iNFRA\",\"@id\":\"https:\/\/agenciainfra.com\/blog\/#\/schema\/person\/34af08dff6adea4cb22b06612ba7acfa\"},\"headline\":\"ONS alerta para risco de baixos n\u00edveis de reservat\u00f3rios at\u00e9 junho\",\"datePublished\":\"2026-01-19T22:33:32+00:00\",\"dateModified\":\"2026-01-19T22:33:34+00:00\",\"mainEntityOfPage\":{\"@id\":\"https:\/\/agenciainfra.com\/blog\/ons-alerta-para-risco-de-baixos-niveis-de-reservatorios-ate-junho\/\"},\"wordCount\":373,\"publisher\":{\"@id\":\"https:\/\/agenciainfra.com\/blog\/#organization\"},\"image\":{\"@id\":\"https:\/\/agenciainfra.com\/blog\/ons-alerta-para-risco-de-baixos-niveis-de-reservatorios-ate-junho\/#primaryimage\"},\"thumbnailUrl\":\"https:\/\/agenciainfra.com\/blog\/wp-content\/uploads\/2025\/10\/usina-hidreletrica-tres-irmaos-foto-tijoa-energia.jpg\",\"keywords\":[\"Hidrel\u00e9tricas\",\"MLT\",\"ONS\",\"reservat\u00f3rios\",\"Sistema Interligado Nacional\"],\"articleSection\":[\"Giro iNFRA\"],\"inLanguage\":\"pt-BR\",\"copyrightYear\":\"2026\",\"copyrightHolder\":{\"@id\":\"https:\/\/agenciainfra.com\/blog\/#organization\"}},{\"@type\":\"WebPage\",\"@id\":\"https:\/\/agenciainfra.com\/blog\/ons-alerta-para-risco-de-baixos-niveis-de-reservatorios-ate-junho\/\",\"url\":\"https:\/\/agenciainfra.com\/blog\/ons-alerta-para-risco-de-baixos-niveis-de-reservatorios-ate-junho\/\",\"name\":\"ONS alerta para risco de baixos n\u00edveis de reservat\u00f3rios at\u00e9 junho - Ag\u00eancia iNFRA\",\"isPartOf\":{\"@id\":\"https:\/\/agenciainfra.com\/blog\/#website\"},\"primaryImageOfPage\":{\"@id\":\"https:\/\/agenciainfra.com\/blog\/ons-alerta-para-risco-de-baixos-niveis-de-reservatorios-ate-junho\/#primaryimage\"},\"image\":{\"@id\":\"https:\/\/agenciainfra.com\/blog\/ons-alerta-para-risco-de-baixos-niveis-de-reservatorios-ate-junho\/#primaryimage\"},\"thumbnailUrl\":\"https:\/\/agenciainfra.com\/blog\/wp-content\/uploads\/2025\/10\/usina-hidreletrica-tres-irmaos-foto-tijoa-energia.jpg\",\"datePublished\":\"2026-01-19T22:33:32+00:00\",\"dateModified\":\"2026-01-19T22:33:34+00:00\",\"breadcrumb\":{\"@id\":\"https:\/\/agenciainfra.com\/blog\/ons-alerta-para-risco-de-baixos-niveis-de-reservatorios-ate-junho\/#breadcrumb\"},\"inLanguage\":\"pt-BR\",\"potentialAction\":[{\"@type\":\"ReadAction\",\"target\":[\"https:\/\/agenciainfra.com\/blog\/ons-alerta-para-risco-de-baixos-niveis-de-reservatorios-ate-junho\/\"]}]},{\"@type\":\"ImageObject\",\"inLanguage\":\"pt-BR\",\"@id\":\"https:\/\/agenciainfra.com\/blog\/ons-alerta-para-risco-de-baixos-niveis-de-reservatorios-ate-junho\/#primaryimage\",\"url\":\"https:\/\/agenciainfra.com\/blog\/wp-content\/uploads\/2025\/10\/usina-hidreletrica-tres-irmaos-foto-tijoa-energia.jpg\",\"contentUrl\":\"https:\/\/agenciainfra.com\/blog\/wp-content\/uploads\/2025\/10\/usina-hidreletrica-tres-irmaos-foto-tijoa-energia.jpg\",\"width\":1280,\"height\":789,\"caption\":\"Foto: Tijo\u00e1 Energia\"},{\"@type\":\"BreadcrumbList\",\"@id\":\"https:\/\/agenciainfra.com\/blog\/ons-alerta-para-risco-de-baixos-niveis-de-reservatorios-ate-junho\/#breadcrumb\",\"itemListElement\":[{\"@type\":\"ListItem\",\"position\":1,\"name\":\"In\u00edcio\",\"item\":\"https:\/\/agenciainfra.com\/blog\/\"},{\"@type\":\"ListItem\",\"position\":2,\"name\":\"ONS alerta para risco de baixos n\u00edveis de reservat\u00f3rios at\u00e9 junho\"}]},{\"@type\":\"WebSite\",\"@id\":\"https:\/\/agenciainfra.com\/blog\/#website\",\"url\":\"https:\/\/agenciainfra.com\/blog\/\",\"name\":\"Ag\u00eancia iNFRA\",\"description\":\"Multiplataforma de informa\u00e7\u00e3o jornal\u00edstica refer\u00eancia na \u00e1rea de infraestrutura no Brasil!\",\"publisher\":{\"@id\":\"https:\/\/agenciainfra.com\/blog\/#organization\"},\"potentialAction\":[{\"@type\":\"SearchAction\",\"target\":{\"@type\":\"EntryPoint\",\"urlTemplate\":\"https:\/\/agenciainfra.com\/blog\/?s={search_term_string}\"},\"query-input\":{\"@type\":\"PropertyValueSpecification\",\"valueRequired\":true,\"valueName\":\"search_term_string\"}}],\"inLanguage\":\"pt-BR\"},{\"@type\":\"Organization\",\"@id\":\"https:\/\/agenciainfra.com\/blog\/#organization\",\"name\":\"Ag\u00eancia iNFRA\",\"url\":\"https:\/\/agenciainfra.com\/blog\/\",\"logo\":{\"@type\":\"ImageObject\",\"inLanguage\":\"pt-BR\",\"@id\":\"https:\/\/agenciainfra.com\/blog\/#\/schema\/logo\/image\/\",\"url\":\"https:\/\/agenciainfra.com\/blog\/wp-content\/uploads\/2023\/09\/iNFRA_5-e1761735885940.png\",\"contentUrl\":\"https:\/\/agenciainfra.com\/blog\/wp-content\/uploads\/2023\/09\/iNFRA_5-e1761735885940.png\",\"width\":1672,\"height\":454,\"caption\":\"Ag\u00eancia iNFRA\"},\"image\":{\"@id\":\"https:\/\/agenciainfra.com\/blog\/#\/schema\/logo\/image\/\"},\"sameAs\":[\"https:\/\/www.facebook.com\/ageninfra\",\"https:\/\/x.com\/agencia_infra\",\"https:\/\/www.linkedin.com\/company\/ag\u00eanciainfra\/\",\"https:\/\/www.instagram.com\/agenciainfra\/\"]},{\"@type\":\"Person\",\"@id\":\"https:\/\/agenciainfra.com\/blog\/#\/schema\/person\/34af08dff6adea4cb22b06612ba7acfa\",\"name\":\"Ag\u00eancia iNFRA\",\"image\":{\"@type\":\"ImageObject\",\"inLanguage\":\"pt-BR\",\"@id\":\"https:\/\/agenciainfra.com\/blog\/#\/schema\/person\/image\/\",\"url\":\"https:\/\/secure.gravatar.com\/avatar\/d189e01678f06d8eb84d4e01f08eb848b3fffe3f8443818d3c356c66892f5be8?s=96&d=mm&r=g\",\"contentUrl\":\"https:\/\/secure.gravatar.com\/avatar\/d189e01678f06d8eb84d4e01f08eb848b3fffe3f8443818d3c356c66892f5be8?s=96&d=mm&r=g\",\"caption\":\"Ag\u00eancia iNFRA\"},\"url\":\"https:\/\/agenciainfra.com\/blog\/author\/admin\/\"}]}<\/script>\n<!-- \/ Yoast SEO Premium plugin. -->","yoast_head_json":{"title":"ONS alerta para risco de baixos n\u00edveis de reservat\u00f3rios at\u00e9 junho - Ag\u00eancia iNFRA","robots":{"index":"index","follow":"follow","max-snippet":"max-snippet:-1","max-image-preview":"max-image-preview:large","max-video-preview":"max-video-preview:-1"},"canonical":"https:\/\/agenciainfra.com\/blog\/ons-alerta-para-risco-de-baixos-niveis-de-reservatorios-ate-junho\/","og_locale":"pt_BR","og_type":"article","og_title":"ONS alerta para risco de baixos n\u00edveis de reservat\u00f3rios at\u00e9 junho","og_description":"da Ag\u00eancia iNFRA O ONS (Operador Nacional do Sistema El\u00e9trico) alertou que, em um cen\u00e1rio hidrol\u00f3gico desfavor\u00e1vel, os reservat\u00f3rios do Sudeste\/Centro-Oeste e do Nordeste podem encerrar o per\u00edodo \u00famido com n\u00edveis reduzidos de armazenamento, o que exigir\u00e1 aten\u00e7\u00e3o redobrada para o atendimento do sistema ao longo de 2026. As proje\u00e7\u00f5es foram apresentadas ao CMSE (Comit\u00ea [&hellip;]","og_url":"https:\/\/agenciainfra.com\/blog\/ons-alerta-para-risco-de-baixos-niveis-de-reservatorios-ate-junho\/","og_site_name":"Ag\u00eancia iNFRA","article_publisher":"https:\/\/www.facebook.com\/ageninfra","article_published_time":"2026-01-19T22:33:32+00:00","article_modified_time":"2026-01-19T22:33:34+00:00","og_image":[{"width":1280,"height":789,"url":"https:\/\/agenciainfra.com\/blog\/wp-content\/uploads\/2025\/10\/usina-hidreletrica-tres-irmaos-foto-tijoa-energia.jpg","type":"image\/jpeg"}],"author":"Ag\u00eancia iNFRA","twitter_card":"summary_large_image","twitter_creator":"@agencia_infra","twitter_site":"@agencia_infra","twitter_misc":{"Escrito por":"Ag\u00eancia iNFRA","Est. tempo de leitura":"2 minutos"},"schema":{"@context":"https:\/\/schema.org","@graph":[{"@type":"Article","@id":"https:\/\/agenciainfra.com\/blog\/ons-alerta-para-risco-de-baixos-niveis-de-reservatorios-ate-junho\/#article","isPartOf":{"@id":"https:\/\/agenciainfra.com\/blog\/ons-alerta-para-risco-de-baixos-niveis-de-reservatorios-ate-junho\/"},"author":{"name":"Ag\u00eancia iNFRA","@id":"https:\/\/agenciainfra.com\/blog\/#\/schema\/person\/34af08dff6adea4cb22b06612ba7acfa"},"headline":"ONS alerta para risco de baixos n\u00edveis de reservat\u00f3rios at\u00e9 junho","datePublished":"2026-01-19T22:33:32+00:00","dateModified":"2026-01-19T22:33:34+00:00","mainEntityOfPage":{"@id":"https:\/\/agenciainfra.com\/blog\/ons-alerta-para-risco-de-baixos-niveis-de-reservatorios-ate-junho\/"},"wordCount":373,"publisher":{"@id":"https:\/\/agenciainfra.com\/blog\/#organization"},"image":{"@id":"https:\/\/agenciainfra.com\/blog\/ons-alerta-para-risco-de-baixos-niveis-de-reservatorios-ate-junho\/#primaryimage"},"thumbnailUrl":"https:\/\/agenciainfra.com\/blog\/wp-content\/uploads\/2025\/10\/usina-hidreletrica-tres-irmaos-foto-tijoa-energia.jpg","keywords":["Hidrel\u00e9tricas","MLT","ONS","reservat\u00f3rios","Sistema Interligado Nacional"],"articleSection":["Giro iNFRA"],"inLanguage":"pt-BR","copyrightYear":"2026","copyrightHolder":{"@id":"https:\/\/agenciainfra.com\/blog\/#organization"}},{"@type":"WebPage","@id":"https:\/\/agenciainfra.com\/blog\/ons-alerta-para-risco-de-baixos-niveis-de-reservatorios-ate-junho\/","url":"https:\/\/agenciainfra.com\/blog\/ons-alerta-para-risco-de-baixos-niveis-de-reservatorios-ate-junho\/","name":"ONS alerta para risco de baixos n\u00edveis de reservat\u00f3rios at\u00e9 junho - Ag\u00eancia iNFRA","isPartOf":{"@id":"https:\/\/agenciainfra.com\/blog\/#website"},"primaryImageOfPage":{"@id":"https:\/\/agenciainfra.com\/blog\/ons-alerta-para-risco-de-baixos-niveis-de-reservatorios-ate-junho\/#primaryimage"},"image":{"@id":"https:\/\/agenciainfra.com\/blog\/ons-alerta-para-risco-de-baixos-niveis-de-reservatorios-ate-junho\/#primaryimage"},"thumbnailUrl":"https:\/\/agenciainfra.com\/blog\/wp-content\/uploads\/2025\/10\/usina-hidreletrica-tres-irmaos-foto-tijoa-energia.jpg","datePublished":"2026-01-19T22:33:32+00:00","dateModified":"2026-01-19T22:33:34+00:00","breadcrumb":{"@id":"https:\/\/agenciainfra.com\/blog\/ons-alerta-para-risco-de-baixos-niveis-de-reservatorios-ate-junho\/#breadcrumb"},"inLanguage":"pt-BR","potentialAction":[{"@type":"ReadAction","target":["https:\/\/agenciainfra.com\/blog\/ons-alerta-para-risco-de-baixos-niveis-de-reservatorios-ate-junho\/"]}]},{"@type":"ImageObject","inLanguage":"pt-BR","@id":"https:\/\/agenciainfra.com\/blog\/ons-alerta-para-risco-de-baixos-niveis-de-reservatorios-ate-junho\/#primaryimage","url":"https:\/\/agenciainfra.com\/blog\/wp-content\/uploads\/2025\/10\/usina-hidreletrica-tres-irmaos-foto-tijoa-energia.jpg","contentUrl":"https:\/\/agenciainfra.com\/blog\/wp-content\/uploads\/2025\/10\/usina-hidreletrica-tres-irmaos-foto-tijoa-energia.jpg","width":1280,"height":789,"caption":"Foto: Tijo\u00e1 Energia"},{"@type":"BreadcrumbList","@id":"https:\/\/agenciainfra.com\/blog\/ons-alerta-para-risco-de-baixos-niveis-de-reservatorios-ate-junho\/#breadcrumb","itemListElement":[{"@type":"ListItem","position":1,"name":"In\u00edcio","item":"https:\/\/agenciainfra.com\/blog\/"},{"@type":"ListItem","position":2,"name":"ONS alerta para risco de baixos n\u00edveis de reservat\u00f3rios at\u00e9 junho"}]},{"@type":"WebSite","@id":"https:\/\/agenciainfra.com\/blog\/#website","url":"https:\/\/agenciainfra.com\/blog\/","name":"Ag\u00eancia iNFRA","description":"Multiplataforma de informa\u00e7\u00e3o jornal\u00edstica refer\u00eancia na \u00e1rea de infraestrutura no Brasil!","publisher":{"@id":"https:\/\/agenciainfra.com\/blog\/#organization"},"potentialAction":[{"@type":"SearchAction","target":{"@type":"EntryPoint","urlTemplate":"https:\/\/agenciainfra.com\/blog\/?s={search_term_string}"},"query-input":{"@type":"PropertyValueSpecification","valueRequired":true,"valueName":"search_term_string"}}],"inLanguage":"pt-BR"},{"@type":"Organization","@id":"https:\/\/agenciainfra.com\/blog\/#organization","name":"Ag\u00eancia iNFRA","url":"https:\/\/agenciainfra.com\/blog\/","logo":{"@type":"ImageObject","inLanguage":"pt-BR","@id":"https:\/\/agenciainfra.com\/blog\/#\/schema\/logo\/image\/","url":"https:\/\/agenciainfra.com\/blog\/wp-content\/uploads\/2023\/09\/iNFRA_5-e1761735885940.png","contentUrl":"https:\/\/agenciainfra.com\/blog\/wp-content\/uploads\/2023\/09\/iNFRA_5-e1761735885940.png","width":1672,"height":454,"caption":"Ag\u00eancia iNFRA"},"image":{"@id":"https:\/\/agenciainfra.com\/blog\/#\/schema\/logo\/image\/"},"sameAs":["https:\/\/www.facebook.com\/ageninfra","https:\/\/x.com\/agencia_infra","https:\/\/www.linkedin.com\/company\/ag\u00eanciainfra\/","https:\/\/www.instagram.com\/agenciainfra\/"]},{"@type":"Person","@id":"https:\/\/agenciainfra.com\/blog\/#\/schema\/person\/34af08dff6adea4cb22b06612ba7acfa","name":"Ag\u00eancia iNFRA","image":{"@type":"ImageObject","inLanguage":"pt-BR","@id":"https:\/\/agenciainfra.com\/blog\/#\/schema\/person\/image\/","url":"https:\/\/secure.gravatar.com\/avatar\/d189e01678f06d8eb84d4e01f08eb848b3fffe3f8443818d3c356c66892f5be8?s=96&d=mm&r=g","contentUrl":"https:\/\/secure.gravatar.com\/avatar\/d189e01678f06d8eb84d4e01f08eb848b3fffe3f8443818d3c356c66892f5be8?s=96&d=mm&r=g","caption":"Ag\u00eancia iNFRA"},"url":"https:\/\/agenciainfra.com\/blog\/author\/admin\/"}]}},"_links":{"self":[{"href":"https:\/\/agenciainfra.com\/blog\/wp-json\/wp\/v2\/posts\/35120","targetHints":{"allow":["GET"]}}],"collection":[{"href":"https:\/\/agenciainfra.com\/blog\/wp-json\/wp\/v2\/posts"}],"about":[{"href":"https:\/\/agenciainfra.com\/blog\/wp-json\/wp\/v2\/types\/post"}],"author":[{"embeddable":true,"href":"https:\/\/agenciainfra.com\/blog\/wp-json\/wp\/v2\/users\/1"}],"replies":[{"embeddable":true,"href":"https:\/\/agenciainfra.com\/blog\/wp-json\/wp\/v2\/comments?post=35120"}],"version-history":[{"count":1,"href":"https:\/\/agenciainfra.com\/blog\/wp-json\/wp\/v2\/posts\/35120\/revisions"}],"predecessor-version":[{"id":35121,"href":"https:\/\/agenciainfra.com\/blog\/wp-json\/wp\/v2\/posts\/35120\/revisions\/35121"}],"wp:featuredmedia":[{"embeddable":true,"href":"https:\/\/agenciainfra.com\/blog\/wp-json\/wp\/v2\/media\/30944"}],"wp:attachment":[{"href":"https:\/\/agenciainfra.com\/blog\/wp-json\/wp\/v2\/media?parent=35120"}],"wp:term":[{"taxonomy":"category","embeddable":true,"href":"https:\/\/agenciainfra.com\/blog\/wp-json\/wp\/v2\/categories?post=35120"},{"taxonomy":"post_tag","embeddable":true,"href":"https:\/\/agenciainfra.com\/blog\/wp-json\/wp\/v2\/tags?post=35120"}],"curies":[{"name":"wp","href":"https:\/\/api.w.org\/{rel}","templated":true}]}}