{"id":3514,"date":"2019-07-25T08:00:59","date_gmt":"2019-07-25T11:00:59","guid":{"rendered":"http:\/\/www.agenciainfra.com.br\/blog\/?p=3514"},"modified":"2019-07-22T11:28:10","modified_gmt":"2019-07-22T14:28:10","slug":"privatizacao-da-codesa-avanca-com-contratacao-de-consultoria-que-desestatizou-portos-na-australia","status":"publish","type":"post","link":"https:\/\/agenciainfra.com\/blog\/privatizacao-da-codesa-avanca-com-contratacao-de-consultoria-que-desestatizou-portos-na-australia\/","title":{"rendered":"Privatiza\u00e7\u00e3o da Codesa avan\u00e7a com contrata\u00e7\u00e3o de consultoria que desestatizou portos na Austr\u00e1lia"},"content":{"rendered":"<div>\n<h5 style=\"text-align: right;\"><strong>Dimmi Amora, para a\u00a0Ag\u00eancia iNFRA<\/strong><\/h5>\n<p>O governo avan\u00e7ou no processo de desestatiza\u00e7\u00e3o da Codesa (Companhia Docas do Esp\u00edrito Santo), a primeira estatal portu\u00e1ria que o governo quer repassar para o controle da iniciativa privada, ao encaminhar a contrata\u00e7\u00e3o de um cons\u00f3rcio de companhias de consultoria para a modelagem dos estudos.<\/p>\n<p>De acordo com o secret\u00e1rio nacional de Portos do Minist\u00e9rio da Infraestrutura, Diogo Piloni, o BNDES est\u00e1 finalizando os procedimentos para anunciar ainda neste m\u00eas a contrata\u00e7\u00e3o de um cons\u00f3rcio que ser\u00e1 liderado pela PwC, consultoria internacional que trabalhou na modelagem na maior parte das privatiza\u00e7\u00f5es dos portos da Austr\u00e1lia e da Nova Zel\u00e2ndia.<\/p>\n<p>Piloni contou que a equipe da secretaria j\u00e1 teve uma primeira teleconfer\u00eancia com equipes da PwC que trabalharam nas modelagens das privatiza\u00e7\u00f5es da Austr\u00e1lia para entender os pontos comuns e os problemas que possam ter havido no processo, j\u00e1 que a experi\u00eancia de passar para a iniciativa privada a gest\u00e3o das autoridades portu\u00e1rias \u00e9 pequena no mundo todo.<\/p>\n<p>&#8220;Foi poss\u00edvel identificar que os objetivos do governo de l\u00e1 eram diferentes dos nossos. Eles tinham como foco a arrecada\u00e7\u00e3o para mais investimentos. N\u00f3s queremos melhorar a gest\u00e3o das companhias&#8221;, afirmou o secret\u00e1rio.<\/p>\n<p>De acordo com Piloni, a ideia agora \u00e9 entender os problemas que resultaram na privatiza\u00e7\u00e3o, como os conflitos de interesse entre os gestores da autoridade e os gestores dos terminais, por exemplo. Um tema que ser\u00e1 tratado \u00e9 o da participa\u00e7\u00e3o de empresas de navega\u00e7\u00e3o nessas autoridades.<\/p>\n<p><strong>Estudar sem pressa<\/strong><br \/>\nO secret\u00e1rio afirma que o plano do governo \u00e9 estudar sem pressa uma modelagem para que se possa ter um plano adequado para iniciar o processo de privatiza\u00e7\u00e3o dos portos brasileiros, que ser\u00e1 longo.<\/p>\n<p>O modelo que ele considera adequado \u00e9 o da concess\u00e3o dos aeroportos federais, que come\u00e7ou na d\u00e9cada passada, com a concess\u00e3o de uma unidade, no Rio Grande do Norte, e seguiu depois para unidades maiores e ao longo do tempo foi se aperfei\u00e7oando.<\/p>\n<p>&#8220;Nosso modelo \u00e9 fazer muito planejamento para uma execu\u00e7\u00e3o r\u00e1pida. N\u00e3o queremos fazer 37 privatiza\u00e7\u00f5es em curto prazo. Queremos uma bem feita&#8221;, disse Piloni.<\/p>\n<p>O secret\u00e1rio revelou ainda que \u00f3rg\u00e3os de coopera\u00e7\u00e3o internacional, como a CAF e o Banco Mundial, e a EPL (Empresa de Planejamento e Log\u00edstica) v\u00e3o apoiar os estudos de outras autoridades que j\u00e1 pediram para entrar no modelo de privatiza\u00e7\u00e3o, como Itaja\u00ed (SC), S\u00e3o Sebasti\u00e3o (SP) e Suape (PE).<\/p>\n<p><strong>Tema pol\u00eamico no setor<\/strong><br \/>\nA sa\u00edda do estado do controle das autoridades portu\u00e1rias tem sido encarada com ceticismo por diferentes agentes do mercado. A defesa \u00e9 que seja mantido o chamado modelo Landlord, em que o estado fica na gest\u00e3o da autoridade portu\u00e1ria e arrenda ou concede para a iniciativa privada a gest\u00e3o dos terminais que operam as cargas.<\/p>\n<p>Segundo Piloni, implantado aqui com a primeira Lei de Portos, de 1993, o modelo de Landlord acabou nunca funcionando adequadamente por falta de cuidado na escolha dos gestores e pela interfer\u00eancia pol\u00edtica nas administra\u00e7\u00f5es.<\/p>\n<p>&#8220;O movimento de gest\u00e3o estatal \u00e9 err\u00e1tico. E infraestrutura \u00e9 investimento de longo prazo. N\u00e3o pode haver instabilidade no plano de um porto&#8221;, afirmou Piloni, defendendo que uma gest\u00e3o privada pode trazer estabilidade para amplia\u00e7\u00e3o dos investimentos.<\/p>\n<p>Segundo Piloni, mesmo com a ideia de fazer a concess\u00e3o das autoridades portu\u00e1rias, o governo vai buscar fazer o que ele chama de &#8220;Landlord de verdade&#8221;, ou seja, uma autoridade em que os gestores s\u00e3o capacitados e que trabalhem com melhor gest\u00e3o e estabilidade.<\/p>\n<p>&#8220;N\u00e3o estamos abandonando nem nos esquecendo do modelo Landlord. Se tiver um sucesso, talvez n\u00f3s caminhemos para um conv\u00edvio entre eles&#8221;, afirmou o secret\u00e1rio.<\/p>\n<p>As concess\u00f5es operacionais por autoridades portu\u00e1rias, como a do Canal do Porto de Santos (SP), s\u00e3o vistas por Piloni como um modelo para ampliar a estabilidade do desenvolvimento portu\u00e1rio e a melhoria da gest\u00e3o.<\/p>\n<p>Outras tr\u00eas autoridades delegadas aos estados, Rio Grande (RS), Paranagu\u00e1 (PR) e Itaqui (MA), j\u00e1 sondaram o governo governo federal sobre a possibilidade para estudar o mesmo modelo de Santos. A ideia, segundo Piloni, \u00e9 autoriz\u00e1-las, incentivando cada vez mais a descentraliza\u00e7\u00e3o.<\/p>\n<p>&#8220;Temos a vis\u00e3o de tra\u00e7ar premissas e definir pol\u00edticas e dar o espa\u00e7o para a gest\u00e3o local&#8221;, disse o secret\u00e1rio.<\/p>\n<\/div>\n","protected":false},"excerpt":{"rendered":"<p>Dimmi Amora, para a\u00a0Ag\u00eancia iNFRA O governo avan\u00e7ou no processo de desestatiza\u00e7\u00e3o da Codesa (Companhia Docas do Esp\u00edrito Santo), a primeira estatal portu\u00e1ria que o governo quer repassar para o controle da iniciativa privada, ao encaminhar a contrata\u00e7\u00e3o de um cons\u00f3rcio de companhias de consultoria para a modelagem dos estudos. De acordo com o secret\u00e1rio [&hellip;]<\/p>\n","protected":false},"author":9,"featured_media":3515,"comment_status":"closed","ping_status":"closed","sticky":false,"template":"","format":"standard","meta":{"_monsterinsights_skip_tracking":false,"_monsterinsights_sitenote_active":false,"_monsterinsights_sitenote_note":"","_monsterinsights_sitenote_category":0,"footnotes":""},"categories":[7],"tags":[1146,1147,811,1148,812],"class_list":["post-3514","post","type-post","status-publish","format-standard","has-post-thumbnail","hentry","category-infratransporte","tag-codesa","tag-companhia-docas-do-espirito-santo","tag-diogo-piloni","tag-pwc","tag-secretaria-nacional-de-portos"],"yoast_head":"<!-- This site is optimized with the Yoast SEO Premium plugin v25.4 (Yoast SEO v26.0) - https:\/\/yoast.com\/wordpress\/plugins\/seo\/ -->\n<title>Privatiza\u00e7\u00e3o da Codesa avan\u00e7a com contrata\u00e7\u00e3o de consultoria que desestatizou portos na Austr\u00e1lia - Ag\u00eancia iNFRA<\/title>\n<meta name=\"robots\" content=\"index, follow, max-snippet:-1, max-image-preview:large, max-video-preview:-1\" \/>\n<link rel=\"canonical\" href=\"https:\/\/agenciainfra.com\/blog\/privatizacao-da-codesa-avanca-com-contratacao-de-consultoria-que-desestatizou-portos-na-australia\/\" \/>\n<meta property=\"og:locale\" content=\"pt_BR\" \/>\n<meta property=\"og:type\" content=\"article\" \/>\n<meta property=\"og:title\" content=\"Privatiza\u00e7\u00e3o da Codesa avan\u00e7a com contrata\u00e7\u00e3o de consultoria que desestatizou portos na Austr\u00e1lia\" \/>\n<meta property=\"og:description\" content=\"Dimmi Amora, para a\u00a0Ag\u00eancia iNFRA O governo avan\u00e7ou no processo de desestatiza\u00e7\u00e3o da Codesa (Companhia Docas do Esp\u00edrito Santo), a primeira estatal portu\u00e1ria que o governo quer repassar para o controle da iniciativa privada, ao encaminhar a contrata\u00e7\u00e3o de um cons\u00f3rcio de companhias de consultoria para a modelagem dos estudos. De acordo com o secret\u00e1rio [&hellip;]\" \/>\n<meta property=\"og:url\" content=\"https:\/\/agenciainfra.com\/blog\/privatizacao-da-codesa-avanca-com-contratacao-de-consultoria-que-desestatizou-portos-na-australia\/\" \/>\n<meta property=\"og:site_name\" content=\"Ag\u00eancia iNFRA\" \/>\n<meta property=\"article:publisher\" content=\"https:\/\/www.facebook.com\/ageninfra\" \/>\n<meta property=\"article:published_time\" content=\"2019-07-25T11:00:59+00:00\" \/>\n<meta property=\"og:image\" content=\"https:\/\/agenciainfra.com\/blog\/wp-content\/uploads\/2019\/07\/codesa-divulgacao.jpeg\" \/>\n\t<meta property=\"og:image:width\" content=\"1280\" \/>\n\t<meta property=\"og:image:height\" content=\"725\" \/>\n\t<meta property=\"og:image:type\" content=\"image\/jpeg\" \/>\n<meta name=\"author\" content=\"Rodrigo Zuquim\" \/>\n<meta name=\"twitter:card\" content=\"summary_large_image\" \/>\n<meta name=\"twitter:creator\" content=\"@agencia_infra\" \/>\n<meta name=\"twitter:site\" content=\"@agencia_infra\" \/>\n<meta name=\"twitter:label1\" content=\"Escrito por\" \/>\n\t<meta name=\"twitter:data1\" content=\"Rodrigo Zuquim\" \/>\n\t<meta name=\"twitter:label2\" content=\"Est. tempo de leitura\" \/>\n\t<meta name=\"twitter:data2\" content=\"4 minutos\" \/>\n<script type=\"application\/ld+json\" class=\"yoast-schema-graph\">{\"@context\":\"https:\/\/schema.org\",\"@graph\":[{\"@type\":\"Article\",\"@id\":\"https:\/\/agenciainfra.com\/blog\/privatizacao-da-codesa-avanca-com-contratacao-de-consultoria-que-desestatizou-portos-na-australia\/#article\",\"isPartOf\":{\"@id\":\"https:\/\/agenciainfra.com\/blog\/privatizacao-da-codesa-avanca-com-contratacao-de-consultoria-que-desestatizou-portos-na-australia\/\"},\"author\":{\"name\":\"Rodrigo Zuquim\",\"@id\":\"https:\/\/agenciainfra.com\/blog\/#\/schema\/person\/04dbb79bd6d8951f063da71f3e4c1eb1\"},\"headline\":\"Privatiza\u00e7\u00e3o da Codesa avan\u00e7a com contrata\u00e7\u00e3o de consultoria que desestatizou portos na Austr\u00e1lia\",\"datePublished\":\"2019-07-25T11:00:59+00:00\",\"mainEntityOfPage\":{\"@id\":\"https:\/\/agenciainfra.com\/blog\/privatizacao-da-codesa-avanca-com-contratacao-de-consultoria-que-desestatizou-portos-na-australia\/\"},\"wordCount\":779,\"publisher\":{\"@id\":\"https:\/\/agenciainfra.com\/blog\/#organization\"},\"image\":{\"@id\":\"https:\/\/agenciainfra.com\/blog\/privatizacao-da-codesa-avanca-com-contratacao-de-consultoria-que-desestatizou-portos-na-australia\/#primaryimage\"},\"thumbnailUrl\":\"https:\/\/agenciainfra.com\/blog\/wp-content\/uploads\/2019\/07\/codesa-divulgacao.jpeg\",\"keywords\":[\"Codesa\",\"Companhia Docas do Esp\u00edrito Santo\",\"Diogo Piloni\",\"PwC\",\"Secretaria Nacional de Portos\"],\"articleSection\":[\"iNFRATransporte\"],\"inLanguage\":\"pt-BR\",\"copyrightYear\":\"2019\",\"copyrightHolder\":{\"@id\":\"https:\/\/agenciainfra.com\/blog\/#organization\"}},{\"@type\":\"WebPage\",\"@id\":\"https:\/\/agenciainfra.com\/blog\/privatizacao-da-codesa-avanca-com-contratacao-de-consultoria-que-desestatizou-portos-na-australia\/\",\"url\":\"https:\/\/agenciainfra.com\/blog\/privatizacao-da-codesa-avanca-com-contratacao-de-consultoria-que-desestatizou-portos-na-australia\/\",\"name\":\"Privatiza\u00e7\u00e3o da Codesa avan\u00e7a com contrata\u00e7\u00e3o de consultoria que desestatizou portos na Austr\u00e1lia - Ag\u00eancia iNFRA\",\"isPartOf\":{\"@id\":\"https:\/\/agenciainfra.com\/blog\/#website\"},\"primaryImageOfPage\":{\"@id\":\"https:\/\/agenciainfra.com\/blog\/privatizacao-da-codesa-avanca-com-contratacao-de-consultoria-que-desestatizou-portos-na-australia\/#primaryimage\"},\"image\":{\"@id\":\"https:\/\/agenciainfra.com\/blog\/privatizacao-da-codesa-avanca-com-contratacao-de-consultoria-que-desestatizou-portos-na-australia\/#primaryimage\"},\"thumbnailUrl\":\"https:\/\/agenciainfra.com\/blog\/wp-content\/uploads\/2019\/07\/codesa-divulgacao.jpeg\",\"datePublished\":\"2019-07-25T11:00:59+00:00\",\"breadcrumb\":{\"@id\":\"https:\/\/agenciainfra.com\/blog\/privatizacao-da-codesa-avanca-com-contratacao-de-consultoria-que-desestatizou-portos-na-australia\/#breadcrumb\"},\"inLanguage\":\"pt-BR\",\"potentialAction\":[{\"@type\":\"ReadAction\",\"target\":[\"https:\/\/agenciainfra.com\/blog\/privatizacao-da-codesa-avanca-com-contratacao-de-consultoria-que-desestatizou-portos-na-australia\/\"]}]},{\"@type\":\"ImageObject\",\"inLanguage\":\"pt-BR\",\"@id\":\"https:\/\/agenciainfra.com\/blog\/privatizacao-da-codesa-avanca-com-contratacao-de-consultoria-que-desestatizou-portos-na-australia\/#primaryimage\",\"url\":\"https:\/\/agenciainfra.com\/blog\/wp-content\/uploads\/2019\/07\/codesa-divulgacao.jpeg\",\"contentUrl\":\"https:\/\/agenciainfra.com\/blog\/wp-content\/uploads\/2019\/07\/codesa-divulgacao.jpeg\",\"width\":1280,\"height\":725,\"caption\":\"Foto: Codesa\"},{\"@type\":\"BreadcrumbList\",\"@id\":\"https:\/\/agenciainfra.com\/blog\/privatizacao-da-codesa-avanca-com-contratacao-de-consultoria-que-desestatizou-portos-na-australia\/#breadcrumb\",\"itemListElement\":[{\"@type\":\"ListItem\",\"position\":1,\"name\":\"In\u00edcio\",\"item\":\"https:\/\/agenciainfra.com\/blog\/\"},{\"@type\":\"ListItem\",\"position\":2,\"name\":\"Privatiza\u00e7\u00e3o da Codesa avan\u00e7a com contrata\u00e7\u00e3o de consultoria que desestatizou portos na Austr\u00e1lia\"}]},{\"@type\":\"WebSite\",\"@id\":\"https:\/\/agenciainfra.com\/blog\/#website\",\"url\":\"https:\/\/agenciainfra.com\/blog\/\",\"name\":\"Ag\u00eancia iNFRA\",\"description\":\"Multiplataforma de informa\u00e7\u00e3o jornal\u00edstica refer\u00eancia na \u00e1rea de infraestrutura no Brasil!\",\"publisher\":{\"@id\":\"https:\/\/agenciainfra.com\/blog\/#organization\"},\"potentialAction\":[{\"@type\":\"SearchAction\",\"target\":{\"@type\":\"EntryPoint\",\"urlTemplate\":\"https:\/\/agenciainfra.com\/blog\/?s={search_term_string}\"},\"query-input\":{\"@type\":\"PropertyValueSpecification\",\"valueRequired\":true,\"valueName\":\"search_term_string\"}}],\"inLanguage\":\"pt-BR\"},{\"@type\":\"Organization\",\"@id\":\"https:\/\/agenciainfra.com\/blog\/#organization\",\"name\":\"Ag\u00eancia iNFRA\",\"url\":\"https:\/\/agenciainfra.com\/blog\/\",\"logo\":{\"@type\":\"ImageObject\",\"inLanguage\":\"pt-BR\",\"@id\":\"https:\/\/agenciainfra.com\/blog\/#\/schema\/logo\/image\/\",\"url\":\"https:\/\/agenciainfra.com\/blog\/wp-content\/uploads\/2023\/09\/iNFRA_5-e1761735885940.png\",\"contentUrl\":\"https:\/\/agenciainfra.com\/blog\/wp-content\/uploads\/2023\/09\/iNFRA_5-e1761735885940.png\",\"width\":1672,\"height\":454,\"caption\":\"Ag\u00eancia iNFRA\"},\"image\":{\"@id\":\"https:\/\/agenciainfra.com\/blog\/#\/schema\/logo\/image\/\"},\"sameAs\":[\"https:\/\/www.facebook.com\/ageninfra\",\"https:\/\/x.com\/agencia_infra\",\"https:\/\/www.linkedin.com\/company\/ag\u00eanciainfra\/\",\"https:\/\/www.instagram.com\/agenciainfra\/\"]},{\"@type\":\"Person\",\"@id\":\"https:\/\/agenciainfra.com\/blog\/#\/schema\/person\/04dbb79bd6d8951f063da71f3e4c1eb1\",\"name\":\"Rodrigo Zuquim\",\"image\":{\"@type\":\"ImageObject\",\"inLanguage\":\"pt-BR\",\"@id\":\"https:\/\/agenciainfra.com\/blog\/#\/schema\/person\/image\/\",\"url\":\"https:\/\/secure.gravatar.com\/avatar\/594abfe82761d620726242ff34ca472a705a4b97f16c790053a6b4c4035274d0?s=96&d=mm&r=g\",\"contentUrl\":\"https:\/\/secure.gravatar.com\/avatar\/594abfe82761d620726242ff34ca472a705a4b97f16c790053a6b4c4035274d0?s=96&d=mm&r=g\",\"caption\":\"Rodrigo Zuquim\"},\"url\":\"https:\/\/agenciainfra.com\/blog\/author\/rodrigo-zuquim\/\"}]}<\/script>\n<!-- \/ Yoast SEO Premium plugin. -->","yoast_head_json":{"title":"Privatiza\u00e7\u00e3o da Codesa avan\u00e7a com contrata\u00e7\u00e3o de consultoria que desestatizou portos na Austr\u00e1lia - Ag\u00eancia iNFRA","robots":{"index":"index","follow":"follow","max-snippet":"max-snippet:-1","max-image-preview":"max-image-preview:large","max-video-preview":"max-video-preview:-1"},"canonical":"https:\/\/agenciainfra.com\/blog\/privatizacao-da-codesa-avanca-com-contratacao-de-consultoria-que-desestatizou-portos-na-australia\/","og_locale":"pt_BR","og_type":"article","og_title":"Privatiza\u00e7\u00e3o da Codesa avan\u00e7a com contrata\u00e7\u00e3o de consultoria que desestatizou portos na Austr\u00e1lia","og_description":"Dimmi Amora, para a\u00a0Ag\u00eancia iNFRA O governo avan\u00e7ou no processo de desestatiza\u00e7\u00e3o da Codesa (Companhia Docas do Esp\u00edrito Santo), a primeira estatal portu\u00e1ria que o governo quer repassar para o controle da iniciativa privada, ao encaminhar a contrata\u00e7\u00e3o de um cons\u00f3rcio de companhias de consultoria para a modelagem dos estudos. De acordo com o secret\u00e1rio [&hellip;]","og_url":"https:\/\/agenciainfra.com\/blog\/privatizacao-da-codesa-avanca-com-contratacao-de-consultoria-que-desestatizou-portos-na-australia\/","og_site_name":"Ag\u00eancia iNFRA","article_publisher":"https:\/\/www.facebook.com\/ageninfra","article_published_time":"2019-07-25T11:00:59+00:00","og_image":[{"width":1280,"height":725,"url":"https:\/\/agenciainfra.com\/blog\/wp-content\/uploads\/2019\/07\/codesa-divulgacao.jpeg","type":"image\/jpeg"}],"author":"Rodrigo Zuquim","twitter_card":"summary_large_image","twitter_creator":"@agencia_infra","twitter_site":"@agencia_infra","twitter_misc":{"Escrito por":"Rodrigo Zuquim","Est. tempo de leitura":"4 minutos"},"schema":{"@context":"https:\/\/schema.org","@graph":[{"@type":"Article","@id":"https:\/\/agenciainfra.com\/blog\/privatizacao-da-codesa-avanca-com-contratacao-de-consultoria-que-desestatizou-portos-na-australia\/#article","isPartOf":{"@id":"https:\/\/agenciainfra.com\/blog\/privatizacao-da-codesa-avanca-com-contratacao-de-consultoria-que-desestatizou-portos-na-australia\/"},"author":{"name":"Rodrigo Zuquim","@id":"https:\/\/agenciainfra.com\/blog\/#\/schema\/person\/04dbb79bd6d8951f063da71f3e4c1eb1"},"headline":"Privatiza\u00e7\u00e3o da Codesa avan\u00e7a com contrata\u00e7\u00e3o de consultoria que desestatizou portos na Austr\u00e1lia","datePublished":"2019-07-25T11:00:59+00:00","mainEntityOfPage":{"@id":"https:\/\/agenciainfra.com\/blog\/privatizacao-da-codesa-avanca-com-contratacao-de-consultoria-que-desestatizou-portos-na-australia\/"},"wordCount":779,"publisher":{"@id":"https:\/\/agenciainfra.com\/blog\/#organization"},"image":{"@id":"https:\/\/agenciainfra.com\/blog\/privatizacao-da-codesa-avanca-com-contratacao-de-consultoria-que-desestatizou-portos-na-australia\/#primaryimage"},"thumbnailUrl":"https:\/\/agenciainfra.com\/blog\/wp-content\/uploads\/2019\/07\/codesa-divulgacao.jpeg","keywords":["Codesa","Companhia Docas do Esp\u00edrito Santo","Diogo Piloni","PwC","Secretaria Nacional de Portos"],"articleSection":["iNFRATransporte"],"inLanguage":"pt-BR","copyrightYear":"2019","copyrightHolder":{"@id":"https:\/\/agenciainfra.com\/blog\/#organization"}},{"@type":"WebPage","@id":"https:\/\/agenciainfra.com\/blog\/privatizacao-da-codesa-avanca-com-contratacao-de-consultoria-que-desestatizou-portos-na-australia\/","url":"https:\/\/agenciainfra.com\/blog\/privatizacao-da-codesa-avanca-com-contratacao-de-consultoria-que-desestatizou-portos-na-australia\/","name":"Privatiza\u00e7\u00e3o da Codesa avan\u00e7a com contrata\u00e7\u00e3o de consultoria que desestatizou portos na Austr\u00e1lia - Ag\u00eancia iNFRA","isPartOf":{"@id":"https:\/\/agenciainfra.com\/blog\/#website"},"primaryImageOfPage":{"@id":"https:\/\/agenciainfra.com\/blog\/privatizacao-da-codesa-avanca-com-contratacao-de-consultoria-que-desestatizou-portos-na-australia\/#primaryimage"},"image":{"@id":"https:\/\/agenciainfra.com\/blog\/privatizacao-da-codesa-avanca-com-contratacao-de-consultoria-que-desestatizou-portos-na-australia\/#primaryimage"},"thumbnailUrl":"https:\/\/agenciainfra.com\/blog\/wp-content\/uploads\/2019\/07\/codesa-divulgacao.jpeg","datePublished":"2019-07-25T11:00:59+00:00","breadcrumb":{"@id":"https:\/\/agenciainfra.com\/blog\/privatizacao-da-codesa-avanca-com-contratacao-de-consultoria-que-desestatizou-portos-na-australia\/#breadcrumb"},"inLanguage":"pt-BR","potentialAction":[{"@type":"ReadAction","target":["https:\/\/agenciainfra.com\/blog\/privatizacao-da-codesa-avanca-com-contratacao-de-consultoria-que-desestatizou-portos-na-australia\/"]}]},{"@type":"ImageObject","inLanguage":"pt-BR","@id":"https:\/\/agenciainfra.com\/blog\/privatizacao-da-codesa-avanca-com-contratacao-de-consultoria-que-desestatizou-portos-na-australia\/#primaryimage","url":"https:\/\/agenciainfra.com\/blog\/wp-content\/uploads\/2019\/07\/codesa-divulgacao.jpeg","contentUrl":"https:\/\/agenciainfra.com\/blog\/wp-content\/uploads\/2019\/07\/codesa-divulgacao.jpeg","width":1280,"height":725,"caption":"Foto: Codesa"},{"@type":"BreadcrumbList","@id":"https:\/\/agenciainfra.com\/blog\/privatizacao-da-codesa-avanca-com-contratacao-de-consultoria-que-desestatizou-portos-na-australia\/#breadcrumb","itemListElement":[{"@type":"ListItem","position":1,"name":"In\u00edcio","item":"https:\/\/agenciainfra.com\/blog\/"},{"@type":"ListItem","position":2,"name":"Privatiza\u00e7\u00e3o da Codesa avan\u00e7a com contrata\u00e7\u00e3o de consultoria que desestatizou portos na Austr\u00e1lia"}]},{"@type":"WebSite","@id":"https:\/\/agenciainfra.com\/blog\/#website","url":"https:\/\/agenciainfra.com\/blog\/","name":"Ag\u00eancia iNFRA","description":"Multiplataforma de informa\u00e7\u00e3o jornal\u00edstica refer\u00eancia na \u00e1rea de infraestrutura no Brasil!","publisher":{"@id":"https:\/\/agenciainfra.com\/blog\/#organization"},"potentialAction":[{"@type":"SearchAction","target":{"@type":"EntryPoint","urlTemplate":"https:\/\/agenciainfra.com\/blog\/?s={search_term_string}"},"query-input":{"@type":"PropertyValueSpecification","valueRequired":true,"valueName":"search_term_string"}}],"inLanguage":"pt-BR"},{"@type":"Organization","@id":"https:\/\/agenciainfra.com\/blog\/#organization","name":"Ag\u00eancia iNFRA","url":"https:\/\/agenciainfra.com\/blog\/","logo":{"@type":"ImageObject","inLanguage":"pt-BR","@id":"https:\/\/agenciainfra.com\/blog\/#\/schema\/logo\/image\/","url":"https:\/\/agenciainfra.com\/blog\/wp-content\/uploads\/2023\/09\/iNFRA_5-e1761735885940.png","contentUrl":"https:\/\/agenciainfra.com\/blog\/wp-content\/uploads\/2023\/09\/iNFRA_5-e1761735885940.png","width":1672,"height":454,"caption":"Ag\u00eancia iNFRA"},"image":{"@id":"https:\/\/agenciainfra.com\/blog\/#\/schema\/logo\/image\/"},"sameAs":["https:\/\/www.facebook.com\/ageninfra","https:\/\/x.com\/agencia_infra","https:\/\/www.linkedin.com\/company\/ag\u00eanciainfra\/","https:\/\/www.instagram.com\/agenciainfra\/"]},{"@type":"Person","@id":"https:\/\/agenciainfra.com\/blog\/#\/schema\/person\/04dbb79bd6d8951f063da71f3e4c1eb1","name":"Rodrigo Zuquim","image":{"@type":"ImageObject","inLanguage":"pt-BR","@id":"https:\/\/agenciainfra.com\/blog\/#\/schema\/person\/image\/","url":"https:\/\/secure.gravatar.com\/avatar\/594abfe82761d620726242ff34ca472a705a4b97f16c790053a6b4c4035274d0?s=96&d=mm&r=g","contentUrl":"https:\/\/secure.gravatar.com\/avatar\/594abfe82761d620726242ff34ca472a705a4b97f16c790053a6b4c4035274d0?s=96&d=mm&r=g","caption":"Rodrigo Zuquim"},"url":"https:\/\/agenciainfra.com\/blog\/author\/rodrigo-zuquim\/"}]}},"_links":{"self":[{"href":"https:\/\/agenciainfra.com\/blog\/wp-json\/wp\/v2\/posts\/3514","targetHints":{"allow":["GET"]}}],"collection":[{"href":"https:\/\/agenciainfra.com\/blog\/wp-json\/wp\/v2\/posts"}],"about":[{"href":"https:\/\/agenciainfra.com\/blog\/wp-json\/wp\/v2\/types\/post"}],"author":[{"embeddable":true,"href":"https:\/\/agenciainfra.com\/blog\/wp-json\/wp\/v2\/users\/9"}],"replies":[{"embeddable":true,"href":"https:\/\/agenciainfra.com\/blog\/wp-json\/wp\/v2\/comments?post=3514"}],"version-history":[{"count":0,"href":"https:\/\/agenciainfra.com\/blog\/wp-json\/wp\/v2\/posts\/3514\/revisions"}],"wp:featuredmedia":[{"embeddable":true,"href":"https:\/\/agenciainfra.com\/blog\/wp-json\/wp\/v2\/media\/3515"}],"wp:attachment":[{"href":"https:\/\/agenciainfra.com\/blog\/wp-json\/wp\/v2\/media?parent=3514"}],"wp:term":[{"taxonomy":"category","embeddable":true,"href":"https:\/\/agenciainfra.com\/blog\/wp-json\/wp\/v2\/categories?post=3514"},{"taxonomy":"post_tag","embeddable":true,"href":"https:\/\/agenciainfra.com\/blog\/wp-json\/wp\/v2\/tags?post=3514"}],"curies":[{"name":"wp","href":"https:\/\/api.w.org\/{rel}","templated":true}]}}