{"id":35209,"date":"2026-01-21T14:30:00","date_gmt":"2026-01-21T17:30:00","guid":{"rendered":"https:\/\/agenciainfra.com\/blog\/?p=35209"},"modified":"2026-01-22T17:05:50","modified_gmt":"2026-01-22T20:05:50","slug":"fundo-phoenix-recorre-a-ana-para-barrar-venda-da-emae-a-sabesp","status":"publish","type":"post","link":"https:\/\/agenciainfra.com\/blog\/fundo-phoenix-recorre-a-ana-para-barrar-venda-da-emae-a-sabesp\/","title":{"rendered":"Fundo Phoenix recorre \u00e0 ANA para barrar venda da Emae \u00e0 Sabesp"},"content":{"rendered":"\n<p class=\"has-text-align-right\"><strong>Lais Carregosa, da Ag\u00eancia iNFRA<\/strong><\/p>\n\n\n\n<figure class=\"wp-block-image aligncenter size-full is-resized\"><a href=\"https:\/\/agenciainfra.com\/blog\/assine-nossos-servicos\/\" target=\"_blank\" rel=\" noreferrer noopener\"><img fetchpriority=\"high\" decoding=\"async\" width=\"966\" height=\"117\" src=\"https:\/\/agenciainfra.com\/blog\/wp-content\/uploads\/2026\/01\/selo-assinantes-1.png\" alt=\"\" class=\"wp-image-35239\" style=\"width:400px\" srcset=\"https:\/\/agenciainfra.com\/blog\/wp-content\/uploads\/2026\/01\/selo-assinantes-1.png 966w, https:\/\/agenciainfra.com\/blog\/wp-content\/uploads\/2026\/01\/selo-assinantes-1-300x36.png 300w, https:\/\/agenciainfra.com\/blog\/wp-content\/uploads\/2026\/01\/selo-assinantes-1-768x93.png 768w\" sizes=\"(max-width: 966px) 100vw, 966px\" \/><\/a><\/figure>\n\n\n\n<p>O fundo Phoenix, do empres\u00e1rio Nelson Tanure, enviou uma <a href=\"https:\/\/agenciainfra.com\/blog\/wp-content\/uploads\/2026\/01\/Peticao_ANA.pdf\">peti\u00e7\u00e3o<\/a> \u00e0 ANA (Ag\u00eancia Nacional de \u00c1guas e Saneamento B\u00e1sico) solicitando a abertura de um processo administrativo e de uma consulta p\u00fablica para analisar a venda da Emae (Empresa Metropolitana de \u00c1guas e Energia) \u00e0 Sabesp. A ag\u00eancia reguladora de S\u00e3o Paulo, a Arsesp (Ag\u00eancia Reguladora de Servi\u00e7os P\u00fablicos do Estado de S\u00e3o Paulo), tamb\u00e9m foi <a href=\"https:\/\/agenciainfra.com\/blog\/wp-content\/uploads\/2026\/01\/Peticao_ARSESP.pdf\">acionada<\/a>. Os documentos datam de 13 de janeiro.<\/p>\n\n\n\n<p>Na peti\u00e7\u00e3o, o Phoenix argumenta que a Sabesp deveria ter envolvido as demais ag\u00eancias reguladoras, que, a seu ver, deveriam participar do processo de anu\u00eancia para a conclus\u00e3o da transa\u00e7\u00e3o. \u201cTrata-se de uma tentativa il\u00edcita de aquisi\u00e7\u00e3o de controle conduzida \u00e0 revelia da leg\u00edtima controladora e em afronta ao regime jur\u00eddico das concess\u00f5es, \u00e0s normas setoriais e \u00e0s cl\u00e1usulas contratuais que regem a presta\u00e7\u00e3o do servi\u00e7o p\u00fablico\u201d, diz o documento.<\/p>\n\n\n\n<p>A Sabesp j\u00e1 <a href=\"https:\/\/agenciainfra.com\/blog\/aneel-aprova-transferencia-de-controle-da-emae-para-a-sabesp\/\">obteve o aval<\/a> da ANEEL (Ag\u00eancia Nacional de Energia El\u00e9trica) e do Cade (Conselho Administrativo de Defesa Econ\u00f4mica) para assumir a Emae. A Phoenix afirma, contudo, que a aquisi\u00e7\u00e3o impacta a presta\u00e7\u00e3o de servi\u00e7os de saneamento e \u201cse insere em um ecossistema regulat\u00f3rio de alta complexidade, caracterizado pela converg\u00eancia de compet\u00eancias de m\u00faltiplas ag\u00eancias e \u00f3rg\u00e3os da Administra\u00e7\u00e3o P\u00fablica\u201d. <\/p>\n\n\n\n<p>\u00c0&nbsp;<strong>Ag\u00eancia iNFRA<\/strong>, fontes afirmaram que a peti\u00e7\u00e3o est\u00e1 sob an\u00e1lise da Procuradoria Federal junto \u00e0 ANA, mas destacam que o tema n\u00e3o \u00e9 prioridade na reguladora. Isso porque a ag\u00eancia est\u00e1 sem diretor-presidente, ap\u00f3s o t\u00e9rmino do mandato de Veronica S\u00e1nchez. Al\u00e9m disso, dois dos quatro diretores est\u00e3o afastados. Os outros dois membros do colegiado, Larissa Oliveira R\u00eago e Leonardo G\u00f3es Silva, est\u00e3o focados nas discuss\u00f5es sobre a interliga\u00e7\u00e3o do rio Para\u00edba do Sul ao sistema Cantareira.<\/p>\n\n\n\n<p><strong>Aquisi\u00e7\u00e3o pela Sabesp<\/strong><br>A transa\u00e7\u00e3o \u00e9 avaliada em R$ 1,13 bilh\u00e3o e foi anunciada ao mercado em outubro de 2025. A Sabesp ficou com 70,1% do capital total da Emae, sendo 29,9% de a\u00e7\u00f5es compradas da V\u00f3rtx DTVM pela execu\u00e7\u00e3o de uma d\u00edvida do Fundo Phoenix \u00c1gua e Energia (controlador da Emae), do empres\u00e1rio Nelson Tanure, junto ao fundo da XP; e outros 40,2% comprados da Axia (ex-Eletrobras).<\/p>\n\n\n\n<p>Em&nbsp;<a href=\"https:\/\/agenciainfra.us14.list-manage.com\/track\/click?u=d460dd1bcf9ba0ae040e1fc0f&amp;id=665879b102&amp;e=55b7a27fc9\" target=\"_blank\" rel=\"noreferrer noopener\">comunicado ao mercado<\/a>&nbsp;na ter\u00e7a-feira (20), a Sabesp informou aos seus acionistas sobre as aprova\u00e7\u00f5es do Cade e ANEEL e disse que a conclus\u00e3o do neg\u00f3cio, com a transfer\u00eancia de controle, depende de \u201cformalidades adicionais previstas nos respectivos contratos de compra e venda celebrados com a V\u00f3rtx Distribuidora de T\u00edtulos e Valores Mobili\u00e1rios Ltda. e Axia Energia, as quais est\u00e3o em fase de implementa\u00e7\u00e3o\u201d.<\/p>\n\n\n\n<p><em>*Reportagem atualizada \u00e0s 9h20 de 22 de janeiro com informa\u00e7\u00f5es adicionais.<\/em><\/p>\n","protected":false},"excerpt":{"rendered":"<p>Lais Carregosa, da Ag\u00eancia iNFRA O fundo Phoenix, do empres\u00e1rio Nelson Tanure, enviou uma peti\u00e7\u00e3o \u00e0 ANA (Ag\u00eancia Nacional de \u00c1guas e Saneamento B\u00e1sico) solicitando a abertura de um processo administrativo e de uma consulta p\u00fablica para analisar a venda da Emae (Empresa Metropolitana de \u00c1guas e Energia) \u00e0 Sabesp. A ag\u00eancia reguladora de S\u00e3o [&hellip;]<\/p>\n","protected":false},"author":1,"featured_media":35212,"comment_status":"closed","ping_status":"closed","sticky":false,"template":"","format":"standard","meta":{"_monsterinsights_skip_tracking":false,"_monsterinsights_sitenote_active":false,"_monsterinsights_sitenote_note":"","_monsterinsights_sitenote_category":0,"footnotes":""},"categories":[10],"tags":[77,53,2829,371,17540,2217,15198,6767,12770,2216,7876,17613],"class_list":["post-35209","post","type-post","status-publish","format-standard","has-post-thumbnail","hentry","category-infraenergia","tag-ana","tag-aneel","tag-arsesp","tag-cade","tag-compra-da-emae","tag-emae","tag-fundo-phoenix","tag-nelson-tanure","tag-reuniao-aneel","tag-sabesp","tag-transferencia-de-controle","tag-venda-da-emae"],"yoast_head":"<!-- This site is optimized with the Yoast SEO Premium plugin v25.4 (Yoast SEO v26.0) - https:\/\/yoast.com\/wordpress\/plugins\/seo\/ -->\n<title>Fundo Phoenix recorre \u00e0 ANA para barrar venda da Emae \u00e0 Sabesp - Ag\u00eancia iNFRA<\/title>\n<meta name=\"robots\" content=\"index, follow, max-snippet:-1, max-image-preview:large, max-video-preview:-1\" \/>\n<link rel=\"canonical\" href=\"https:\/\/agenciainfra.com\/blog\/fundo-phoenix-recorre-a-ana-para-barrar-venda-da-emae-a-sabesp\/\" \/>\n<meta property=\"og:locale\" content=\"pt_BR\" \/>\n<meta property=\"og:type\" content=\"article\" \/>\n<meta property=\"og:title\" content=\"Fundo Phoenix recorre \u00e0 ANA para barrar venda da Emae \u00e0 Sabesp\" \/>\n<meta property=\"og:description\" content=\"Lais Carregosa, da Ag\u00eancia iNFRA O fundo Phoenix, do empres\u00e1rio Nelson Tanure, enviou uma peti\u00e7\u00e3o \u00e0 ANA (Ag\u00eancia Nacional de \u00c1guas e Saneamento B\u00e1sico) solicitando a abertura de um processo administrativo e de uma consulta p\u00fablica para analisar a venda da Emae (Empresa Metropolitana de \u00c1guas e Energia) \u00e0 Sabesp. A ag\u00eancia reguladora de S\u00e3o [&hellip;]\" \/>\n<meta property=\"og:url\" content=\"https:\/\/agenciainfra.com\/blog\/fundo-phoenix-recorre-a-ana-para-barrar-venda-da-emae-a-sabesp\/\" \/>\n<meta property=\"og:site_name\" content=\"Ag\u00eancia iNFRA\" \/>\n<meta property=\"article:publisher\" content=\"https:\/\/www.facebook.com\/ageninfra\" \/>\n<meta property=\"article:published_time\" content=\"2026-01-21T17:30:00+00:00\" \/>\n<meta property=\"article:modified_time\" content=\"2026-01-22T20:05:50+00:00\" \/>\n<meta property=\"og:image\" content=\"https:\/\/agenciainfra.com\/blog\/wp-content\/uploads\/2026\/01\/emae-foto-divulgacao-e1769013590247.jpg\" \/>\n\t<meta property=\"og:image:width\" content=\"1200\" \/>\n\t<meta property=\"og:image:height\" content=\"712\" \/>\n\t<meta property=\"og:image:type\" content=\"image\/jpeg\" \/>\n<meta name=\"author\" content=\"Ag\u00eancia iNFRA\" \/>\n<meta name=\"twitter:card\" content=\"summary_large_image\" \/>\n<meta name=\"twitter:creator\" content=\"@agencia_infra\" \/>\n<meta name=\"twitter:site\" content=\"@agencia_infra\" \/>\n<meta name=\"twitter:label1\" content=\"Escrito por\" \/>\n\t<meta name=\"twitter:data1\" content=\"Ag\u00eancia iNFRA\" \/>\n\t<meta name=\"twitter:label2\" content=\"Est. tempo de leitura\" \/>\n\t<meta name=\"twitter:data2\" content=\"2 minutos\" \/>\n<script type=\"application\/ld+json\" class=\"yoast-schema-graph\">{\"@context\":\"https:\/\/schema.org\",\"@graph\":[{\"@type\":\"Article\",\"@id\":\"https:\/\/agenciainfra.com\/blog\/fundo-phoenix-recorre-a-ana-para-barrar-venda-da-emae-a-sabesp\/#article\",\"isPartOf\":{\"@id\":\"https:\/\/agenciainfra.com\/blog\/fundo-phoenix-recorre-a-ana-para-barrar-venda-da-emae-a-sabesp\/\"},\"author\":{\"name\":\"Ag\u00eancia iNFRA\",\"@id\":\"https:\/\/agenciainfra.com\/blog\/#\/schema\/person\/34af08dff6adea4cb22b06612ba7acfa\"},\"headline\":\"Fundo Phoenix recorre \u00e0 ANA para barrar venda da Emae \u00e0 Sabesp\",\"datePublished\":\"2026-01-21T17:30:00+00:00\",\"dateModified\":\"2026-01-22T20:05:50+00:00\",\"mainEntityOfPage\":{\"@id\":\"https:\/\/agenciainfra.com\/blog\/fundo-phoenix-recorre-a-ana-para-barrar-venda-da-emae-a-sabesp\/\"},\"wordCount\":506,\"publisher\":{\"@id\":\"https:\/\/agenciainfra.com\/blog\/#organization\"},\"image\":{\"@id\":\"https:\/\/agenciainfra.com\/blog\/fundo-phoenix-recorre-a-ana-para-barrar-venda-da-emae-a-sabesp\/#primaryimage\"},\"thumbnailUrl\":\"https:\/\/agenciainfra.com\/blog\/wp-content\/uploads\/2026\/01\/emae-foto-divulgacao-e1769013590247.jpg\",\"keywords\":[\"ANA\",\"ANEEL\",\"Arsesp\",\"Cade\",\"compra da Emae\",\"Emae\",\"Fundo Phoenix\",\"Nelson Tanure\",\"reuni\u00e3o aneel\",\"Sabesp\",\"transfer\u00eancia de controle\",\"venda da emae\"],\"articleSection\":[\"iNFRAEnergia\"],\"inLanguage\":\"pt-BR\",\"copyrightYear\":\"2026\",\"copyrightHolder\":{\"@id\":\"https:\/\/agenciainfra.com\/blog\/#organization\"}},{\"@type\":\"WebPage\",\"@id\":\"https:\/\/agenciainfra.com\/blog\/fundo-phoenix-recorre-a-ana-para-barrar-venda-da-emae-a-sabesp\/\",\"url\":\"https:\/\/agenciainfra.com\/blog\/fundo-phoenix-recorre-a-ana-para-barrar-venda-da-emae-a-sabesp\/\",\"name\":\"Fundo Phoenix recorre \u00e0 ANA para barrar venda da Emae \u00e0 Sabesp - Ag\u00eancia iNFRA\",\"isPartOf\":{\"@id\":\"https:\/\/agenciainfra.com\/blog\/#website\"},\"primaryImageOfPage\":{\"@id\":\"https:\/\/agenciainfra.com\/blog\/fundo-phoenix-recorre-a-ana-para-barrar-venda-da-emae-a-sabesp\/#primaryimage\"},\"image\":{\"@id\":\"https:\/\/agenciainfra.com\/blog\/fundo-phoenix-recorre-a-ana-para-barrar-venda-da-emae-a-sabesp\/#primaryimage\"},\"thumbnailUrl\":\"https:\/\/agenciainfra.com\/blog\/wp-content\/uploads\/2026\/01\/emae-foto-divulgacao-e1769013590247.jpg\",\"datePublished\":\"2026-01-21T17:30:00+00:00\",\"dateModified\":\"2026-01-22T20:05:50+00:00\",\"breadcrumb\":{\"@id\":\"https:\/\/agenciainfra.com\/blog\/fundo-phoenix-recorre-a-ana-para-barrar-venda-da-emae-a-sabesp\/#breadcrumb\"},\"inLanguage\":\"pt-BR\",\"potentialAction\":[{\"@type\":\"ReadAction\",\"target\":[\"https:\/\/agenciainfra.com\/blog\/fundo-phoenix-recorre-a-ana-para-barrar-venda-da-emae-a-sabesp\/\"]}]},{\"@type\":\"ImageObject\",\"inLanguage\":\"pt-BR\",\"@id\":\"https:\/\/agenciainfra.com\/blog\/fundo-phoenix-recorre-a-ana-para-barrar-venda-da-emae-a-sabesp\/#primaryimage\",\"url\":\"https:\/\/agenciainfra.com\/blog\/wp-content\/uploads\/2026\/01\/emae-foto-divulgacao-e1769013590247.jpg\",\"contentUrl\":\"https:\/\/agenciainfra.com\/blog\/wp-content\/uploads\/2026\/01\/emae-foto-divulgacao-e1769013590247.jpg\",\"width\":1200,\"height\":712,\"caption\":\"Foto: Divulga\u00e7\u00e3o Emae\"},{\"@type\":\"BreadcrumbList\",\"@id\":\"https:\/\/agenciainfra.com\/blog\/fundo-phoenix-recorre-a-ana-para-barrar-venda-da-emae-a-sabesp\/#breadcrumb\",\"itemListElement\":[{\"@type\":\"ListItem\",\"position\":1,\"name\":\"In\u00edcio\",\"item\":\"https:\/\/agenciainfra.com\/blog\/\"},{\"@type\":\"ListItem\",\"position\":2,\"name\":\"Fundo Phoenix recorre \u00e0 ANA para barrar venda da Emae \u00e0 Sabesp\"}]},{\"@type\":\"WebSite\",\"@id\":\"https:\/\/agenciainfra.com\/blog\/#website\",\"url\":\"https:\/\/agenciainfra.com\/blog\/\",\"name\":\"Ag\u00eancia iNFRA\",\"description\":\"Multiplataforma de informa\u00e7\u00e3o jornal\u00edstica refer\u00eancia na \u00e1rea de infraestrutura no Brasil!\",\"publisher\":{\"@id\":\"https:\/\/agenciainfra.com\/blog\/#organization\"},\"potentialAction\":[{\"@type\":\"SearchAction\",\"target\":{\"@type\":\"EntryPoint\",\"urlTemplate\":\"https:\/\/agenciainfra.com\/blog\/?s={search_term_string}\"},\"query-input\":{\"@type\":\"PropertyValueSpecification\",\"valueRequired\":true,\"valueName\":\"search_term_string\"}}],\"inLanguage\":\"pt-BR\"},{\"@type\":\"Organization\",\"@id\":\"https:\/\/agenciainfra.com\/blog\/#organization\",\"name\":\"Ag\u00eancia iNFRA\",\"url\":\"https:\/\/agenciainfra.com\/blog\/\",\"logo\":{\"@type\":\"ImageObject\",\"inLanguage\":\"pt-BR\",\"@id\":\"https:\/\/agenciainfra.com\/blog\/#\/schema\/logo\/image\/\",\"url\":\"https:\/\/agenciainfra.com\/blog\/wp-content\/uploads\/2023\/09\/iNFRA_5-e1761735885940.png\",\"contentUrl\":\"https:\/\/agenciainfra.com\/blog\/wp-content\/uploads\/2023\/09\/iNFRA_5-e1761735885940.png\",\"width\":1672,\"height\":454,\"caption\":\"Ag\u00eancia iNFRA\"},\"image\":{\"@id\":\"https:\/\/agenciainfra.com\/blog\/#\/schema\/logo\/image\/\"},\"sameAs\":[\"https:\/\/www.facebook.com\/ageninfra\",\"https:\/\/x.com\/agencia_infra\",\"https:\/\/www.linkedin.com\/company\/ag\u00eanciainfra\/\",\"https:\/\/www.instagram.com\/agenciainfra\/\"]},{\"@type\":\"Person\",\"@id\":\"https:\/\/agenciainfra.com\/blog\/#\/schema\/person\/34af08dff6adea4cb22b06612ba7acfa\",\"name\":\"Ag\u00eancia iNFRA\",\"image\":{\"@type\":\"ImageObject\",\"inLanguage\":\"pt-BR\",\"@id\":\"https:\/\/agenciainfra.com\/blog\/#\/schema\/person\/image\/\",\"url\":\"https:\/\/secure.gravatar.com\/avatar\/d189e01678f06d8eb84d4e01f08eb848b3fffe3f8443818d3c356c66892f5be8?s=96&d=mm&r=g\",\"contentUrl\":\"https:\/\/secure.gravatar.com\/avatar\/d189e01678f06d8eb84d4e01f08eb848b3fffe3f8443818d3c356c66892f5be8?s=96&d=mm&r=g\",\"caption\":\"Ag\u00eancia iNFRA\"},\"url\":\"https:\/\/agenciainfra.com\/blog\/author\/admin\/\"}]}<\/script>\n<!-- \/ Yoast SEO Premium plugin. -->","yoast_head_json":{"title":"Fundo Phoenix recorre \u00e0 ANA para barrar venda da Emae \u00e0 Sabesp - Ag\u00eancia iNFRA","robots":{"index":"index","follow":"follow","max-snippet":"max-snippet:-1","max-image-preview":"max-image-preview:large","max-video-preview":"max-video-preview:-1"},"canonical":"https:\/\/agenciainfra.com\/blog\/fundo-phoenix-recorre-a-ana-para-barrar-venda-da-emae-a-sabesp\/","og_locale":"pt_BR","og_type":"article","og_title":"Fundo Phoenix recorre \u00e0 ANA para barrar venda da Emae \u00e0 Sabesp","og_description":"Lais Carregosa, da Ag\u00eancia iNFRA O fundo Phoenix, do empres\u00e1rio Nelson Tanure, enviou uma peti\u00e7\u00e3o \u00e0 ANA (Ag\u00eancia Nacional de \u00c1guas e Saneamento B\u00e1sico) solicitando a abertura de um processo administrativo e de uma consulta p\u00fablica para analisar a venda da Emae (Empresa Metropolitana de \u00c1guas e Energia) \u00e0 Sabesp. A ag\u00eancia reguladora de S\u00e3o [&hellip;]","og_url":"https:\/\/agenciainfra.com\/blog\/fundo-phoenix-recorre-a-ana-para-barrar-venda-da-emae-a-sabesp\/","og_site_name":"Ag\u00eancia iNFRA","article_publisher":"https:\/\/www.facebook.com\/ageninfra","article_published_time":"2026-01-21T17:30:00+00:00","article_modified_time":"2026-01-22T20:05:50+00:00","og_image":[{"width":1200,"height":712,"url":"https:\/\/agenciainfra.com\/blog\/wp-content\/uploads\/2026\/01\/emae-foto-divulgacao-e1769013590247.jpg","type":"image\/jpeg"}],"author":"Ag\u00eancia iNFRA","twitter_card":"summary_large_image","twitter_creator":"@agencia_infra","twitter_site":"@agencia_infra","twitter_misc":{"Escrito por":"Ag\u00eancia iNFRA","Est. tempo de leitura":"2 minutos"},"schema":{"@context":"https:\/\/schema.org","@graph":[{"@type":"Article","@id":"https:\/\/agenciainfra.com\/blog\/fundo-phoenix-recorre-a-ana-para-barrar-venda-da-emae-a-sabesp\/#article","isPartOf":{"@id":"https:\/\/agenciainfra.com\/blog\/fundo-phoenix-recorre-a-ana-para-barrar-venda-da-emae-a-sabesp\/"},"author":{"name":"Ag\u00eancia iNFRA","@id":"https:\/\/agenciainfra.com\/blog\/#\/schema\/person\/34af08dff6adea4cb22b06612ba7acfa"},"headline":"Fundo Phoenix recorre \u00e0 ANA para barrar venda da Emae \u00e0 Sabesp","datePublished":"2026-01-21T17:30:00+00:00","dateModified":"2026-01-22T20:05:50+00:00","mainEntityOfPage":{"@id":"https:\/\/agenciainfra.com\/blog\/fundo-phoenix-recorre-a-ana-para-barrar-venda-da-emae-a-sabesp\/"},"wordCount":506,"publisher":{"@id":"https:\/\/agenciainfra.com\/blog\/#organization"},"image":{"@id":"https:\/\/agenciainfra.com\/blog\/fundo-phoenix-recorre-a-ana-para-barrar-venda-da-emae-a-sabesp\/#primaryimage"},"thumbnailUrl":"https:\/\/agenciainfra.com\/blog\/wp-content\/uploads\/2026\/01\/emae-foto-divulgacao-e1769013590247.jpg","keywords":["ANA","ANEEL","Arsesp","Cade","compra da Emae","Emae","Fundo Phoenix","Nelson Tanure","reuni\u00e3o aneel","Sabesp","transfer\u00eancia de controle","venda da emae"],"articleSection":["iNFRAEnergia"],"inLanguage":"pt-BR","copyrightYear":"2026","copyrightHolder":{"@id":"https:\/\/agenciainfra.com\/blog\/#organization"}},{"@type":"WebPage","@id":"https:\/\/agenciainfra.com\/blog\/fundo-phoenix-recorre-a-ana-para-barrar-venda-da-emae-a-sabesp\/","url":"https:\/\/agenciainfra.com\/blog\/fundo-phoenix-recorre-a-ana-para-barrar-venda-da-emae-a-sabesp\/","name":"Fundo Phoenix recorre \u00e0 ANA para barrar venda da Emae \u00e0 Sabesp - Ag\u00eancia iNFRA","isPartOf":{"@id":"https:\/\/agenciainfra.com\/blog\/#website"},"primaryImageOfPage":{"@id":"https:\/\/agenciainfra.com\/blog\/fundo-phoenix-recorre-a-ana-para-barrar-venda-da-emae-a-sabesp\/#primaryimage"},"image":{"@id":"https:\/\/agenciainfra.com\/blog\/fundo-phoenix-recorre-a-ana-para-barrar-venda-da-emae-a-sabesp\/#primaryimage"},"thumbnailUrl":"https:\/\/agenciainfra.com\/blog\/wp-content\/uploads\/2026\/01\/emae-foto-divulgacao-e1769013590247.jpg","datePublished":"2026-01-21T17:30:00+00:00","dateModified":"2026-01-22T20:05:50+00:00","breadcrumb":{"@id":"https:\/\/agenciainfra.com\/blog\/fundo-phoenix-recorre-a-ana-para-barrar-venda-da-emae-a-sabesp\/#breadcrumb"},"inLanguage":"pt-BR","potentialAction":[{"@type":"ReadAction","target":["https:\/\/agenciainfra.com\/blog\/fundo-phoenix-recorre-a-ana-para-barrar-venda-da-emae-a-sabesp\/"]}]},{"@type":"ImageObject","inLanguage":"pt-BR","@id":"https:\/\/agenciainfra.com\/blog\/fundo-phoenix-recorre-a-ana-para-barrar-venda-da-emae-a-sabesp\/#primaryimage","url":"https:\/\/agenciainfra.com\/blog\/wp-content\/uploads\/2026\/01\/emae-foto-divulgacao-e1769013590247.jpg","contentUrl":"https:\/\/agenciainfra.com\/blog\/wp-content\/uploads\/2026\/01\/emae-foto-divulgacao-e1769013590247.jpg","width":1200,"height":712,"caption":"Foto: Divulga\u00e7\u00e3o Emae"},{"@type":"BreadcrumbList","@id":"https:\/\/agenciainfra.com\/blog\/fundo-phoenix-recorre-a-ana-para-barrar-venda-da-emae-a-sabesp\/#breadcrumb","itemListElement":[{"@type":"ListItem","position":1,"name":"In\u00edcio","item":"https:\/\/agenciainfra.com\/blog\/"},{"@type":"ListItem","position":2,"name":"Fundo Phoenix recorre \u00e0 ANA para barrar venda da Emae \u00e0 Sabesp"}]},{"@type":"WebSite","@id":"https:\/\/agenciainfra.com\/blog\/#website","url":"https:\/\/agenciainfra.com\/blog\/","name":"Ag\u00eancia iNFRA","description":"Multiplataforma de informa\u00e7\u00e3o jornal\u00edstica refer\u00eancia na \u00e1rea de infraestrutura no Brasil!","publisher":{"@id":"https:\/\/agenciainfra.com\/blog\/#organization"},"potentialAction":[{"@type":"SearchAction","target":{"@type":"EntryPoint","urlTemplate":"https:\/\/agenciainfra.com\/blog\/?s={search_term_string}"},"query-input":{"@type":"PropertyValueSpecification","valueRequired":true,"valueName":"search_term_string"}}],"inLanguage":"pt-BR"},{"@type":"Organization","@id":"https:\/\/agenciainfra.com\/blog\/#organization","name":"Ag\u00eancia iNFRA","url":"https:\/\/agenciainfra.com\/blog\/","logo":{"@type":"ImageObject","inLanguage":"pt-BR","@id":"https:\/\/agenciainfra.com\/blog\/#\/schema\/logo\/image\/","url":"https:\/\/agenciainfra.com\/blog\/wp-content\/uploads\/2023\/09\/iNFRA_5-e1761735885940.png","contentUrl":"https:\/\/agenciainfra.com\/blog\/wp-content\/uploads\/2023\/09\/iNFRA_5-e1761735885940.png","width":1672,"height":454,"caption":"Ag\u00eancia iNFRA"},"image":{"@id":"https:\/\/agenciainfra.com\/blog\/#\/schema\/logo\/image\/"},"sameAs":["https:\/\/www.facebook.com\/ageninfra","https:\/\/x.com\/agencia_infra","https:\/\/www.linkedin.com\/company\/ag\u00eanciainfra\/","https:\/\/www.instagram.com\/agenciainfra\/"]},{"@type":"Person","@id":"https:\/\/agenciainfra.com\/blog\/#\/schema\/person\/34af08dff6adea4cb22b06612ba7acfa","name":"Ag\u00eancia iNFRA","image":{"@type":"ImageObject","inLanguage":"pt-BR","@id":"https:\/\/agenciainfra.com\/blog\/#\/schema\/person\/image\/","url":"https:\/\/secure.gravatar.com\/avatar\/d189e01678f06d8eb84d4e01f08eb848b3fffe3f8443818d3c356c66892f5be8?s=96&d=mm&r=g","contentUrl":"https:\/\/secure.gravatar.com\/avatar\/d189e01678f06d8eb84d4e01f08eb848b3fffe3f8443818d3c356c66892f5be8?s=96&d=mm&r=g","caption":"Ag\u00eancia iNFRA"},"url":"https:\/\/agenciainfra.com\/blog\/author\/admin\/"}]}},"_links":{"self":[{"href":"https:\/\/agenciainfra.com\/blog\/wp-json\/wp\/v2\/posts\/35209","targetHints":{"allow":["GET"]}}],"collection":[{"href":"https:\/\/agenciainfra.com\/blog\/wp-json\/wp\/v2\/posts"}],"about":[{"href":"https:\/\/agenciainfra.com\/blog\/wp-json\/wp\/v2\/types\/post"}],"author":[{"embeddable":true,"href":"https:\/\/agenciainfra.com\/blog\/wp-json\/wp\/v2\/users\/1"}],"replies":[{"embeddable":true,"href":"https:\/\/agenciainfra.com\/blog\/wp-json\/wp\/v2\/comments?post=35209"}],"version-history":[{"count":7,"href":"https:\/\/agenciainfra.com\/blog\/wp-json\/wp\/v2\/posts\/35209\/revisions"}],"predecessor-version":[{"id":35270,"href":"https:\/\/agenciainfra.com\/blog\/wp-json\/wp\/v2\/posts\/35209\/revisions\/35270"}],"wp:featuredmedia":[{"embeddable":true,"href":"https:\/\/agenciainfra.com\/blog\/wp-json\/wp\/v2\/media\/35212"}],"wp:attachment":[{"href":"https:\/\/agenciainfra.com\/blog\/wp-json\/wp\/v2\/media?parent=35209"}],"wp:term":[{"taxonomy":"category","embeddable":true,"href":"https:\/\/agenciainfra.com\/blog\/wp-json\/wp\/v2\/categories?post=35209"},{"taxonomy":"post_tag","embeddable":true,"href":"https:\/\/agenciainfra.com\/blog\/wp-json\/wp\/v2\/tags?post=35209"}],"curies":[{"name":"wp","href":"https:\/\/api.w.org\/{rel}","templated":true}]}}